  {"id":37193,"date":"2016-01-04T13:58:30","date_gmt":"2016-01-04T18:58:30","guid":{"rendered":"http:\/\/www.un.org\/pga\/70\/es\/?p=37193"},"modified":"2016-01-04T13:58:30","modified_gmt":"2016-01-04T18:58:30","slug":"la-transformacion-hacia-un-mundo-mas-sostenible-y-justo-empieza-ahora","status":"publish","type":"post","link":"https:\/\/www.un.org\/pga\/70\/es\/2016\/01\/04\/la-transformacion-hacia-un-mundo-mas-sostenible-y-justo-empieza-ahora\/","title":{"rendered":"La transformaci\u00f3n hacia un mundo m\u00e1s sostenible y justo empieza ahora"},"content":{"rendered":"<h2 style=\"text-align: justify\">Art\u00edculo de opini\u00f3n de Mogens Lykketoft, Presidente de la Asamblea\u00a0de las Naciones Unidas<\/h2>\n<p style=\"text-align: justify\">\n<em>El a\u00f1o 2015 ha estado marcado por cruentos conflictos, atentados terroristas atroces y un empeoramiento de la crisis humanitaria mundial. Sin embargo, en este a\u00f1o se produjeron tambi\u00e9n importantes adelantos a nivel internacional, el m\u00e1s reciente de los cuales fue el Acuerdo sobre el Clima en Par\u00eds. Pero para que esos acuerdos contribuyan a crear un mundo m\u00e1s pac\u00edfico, pr\u00f3spero y sostenible, el 2016 debe ser un a\u00f1o de acci\u00f3n y de ejecuci\u00f3n.<\/em><\/p>\n<p style=\"text-align: justify\">Si se le pregunta a alguien cu\u00e1l es su recuerdo m\u00e1s perdurable de 2015, lo m\u00e1s probable es que mencione uno negativo.<\/p>\n<p style=\"text-align: justify\">Algunos recordar\u00e1n las horripilantes historias de muerte y destrucci\u00f3n provocadas por conflictos en distintas partes del mundo, muy especialmente en Siria, donde m\u00e1s de 250.000 personas perdieron la vida y casi 11 millones de personas se han visto desplazadas. Otros mencionar\u00e1n una sensaci\u00f3n de pesar, temor e ira despu\u00e9s de que extremistas violentos atacaron, torturaron, secuestraron y ejecutaron a civiles inocentes en varias partes del mundo. Por \u00faltimo, otros recordar\u00e1n un hecho simple pero inquietante que oyeron de pasada, a saber, que 2015 fue el a\u00f1o m\u00e1s caluroso desde que se llevan registros y que siguen muriendo 15.000 ni\u00f1os cada a\u00f1o, principalmente por enfermedades prevenibles.<\/p>\n<p style=\"text-align: justify\">No obstante, pese a todo lo anterior, 2015 fue tambi\u00e9n un a\u00f1o de progresos y avances.<\/p>\n<p style=\"text-align: justify\">2015 fue el a\u00f1o, por ejemplo, en que trabajadores de la salud y funcionarios p\u00fablicos con el apoyo de la comunidad internacional pusieron fin a la epidemia del \u00e9bola en Sierra Leona, Liberia y Guinea. Fue el a\u00f1o en que venci\u00f3 el plazo de los Objetivos de Desarrollo del Milenio, tras haber contribuido a reducir en m\u00e1s del 50% el n\u00famero de personas que viven en la extrema pobreza en todo el mundo. Fue el a\u00f1o en que las conversaciones, y no los tanques, dieron lugar a mejoras en las relaciones entre Cuba y los Estados Unidos, a un acuerdo nuclear con el Ir\u00e1n, a un avance en las conversaciones de paz en Colombia y a la transici\u00f3n en la Rep\u00fablica Centroafricana. En fecha m\u00e1s reciente, en el Consejo de Seguridad se convino una hoja de ruta sobre c\u00f3mo resolver el conflicto de Siria se alberga la esperanza de que por fin podamos contener este terrible desastre humanitario.<\/p>\n<p style=\"text-align: justify\">Cada uno de esos avances es un gran logro de por s\u00ed. Pero lo que me da m\u00e1s esperanza para el futuro fue la aprobaci\u00f3n, por m\u00e1s de 193 miembros de las Naciones Unidas, de tres grandes acuerdos internacionales.<\/p>\n<p style=\"text-align: justify\">En septiembre se desplazaron a Nueva York dirigentes de todo el mundo para brindar su decidido apoyo a un nuevo pacto por la gente y por el planeta sustentado en 17 Objetivos de Desarrollo Sostenible, conocidos como ODS. En Addis Abeba, tan solo dos mes antes, esos mismos dirigentes hab\u00edan manifestado su firme adhesi\u00f3n a un nuevo marco mundial relativo a las finanzas, la creaci\u00f3n de capacidades, la tecnolog\u00eda, el comercio, la deuda y otras cuestiones en apoyo de la consecuci\u00f3n de esos objetivos. Y este mismo mes en Par\u00eds, tras a\u00f1os de decepciones, superaron las divergencias y se pusieron de acuerdo sobre c\u00f3mo evitar un cambio clim\u00e1tico catastr\u00f3fico sin dejar de fomentar el progreso humano.<\/p>\n<p style=\"text-align: justify\">Mediante estos acuerdos, los gobiernos de todo el mundo se han comprometido a impulsar transformaciones fundamentales en nuestro planeta. En primer lugar, se comprometieron a hacer frente a las causas de fondo de la pobreza y del hambre y a fomentar el desarrollo humano y la igualdad entre los g\u00e9neros en todos lados. En segundo lugar, convinieron en promover la prosperidad com\u00fan al tiempo que se hace la transici\u00f3n a una econom\u00eda baja en emisiones de carbono y resiliente al cambio clim\u00e1tico y se protege el medio ambiente natural. Y, por \u00faltimo, acordaron mejorar la gobernanza a todos los niveles a fin de lograr sociedades m\u00e1s pac\u00edficas, justas e inclusivas.<\/p>\n<p style=\"text-align: justify\"><strong>2016 \u2013 de los compromisos a la acci\u00f3n<\/strong><br \/>\nPor supuesto, habr\u00e1 esc\u00e9pticos que duden de la capacidad y el compromiso de los gobiernos de plasmar esos acuerdos en un cambio real. No solo creo que podemos tener \u00e9xito sino que sinceramente creo que tendremos \u00e9xito.<\/p>\n<p style=\"text-align: justify\">Y ahora explico por qu\u00e9.<\/p>\n<p style=\"text-align: justify\">Tras 50 a\u00f1os en la pol\u00edtica, nunca he visto negociaciones m\u00e1s meticulosas ni m\u00e1s inclusivas que las que dieron lugar a estos acuerdos. Por eso estos cuentan con una verdadera aceptaci\u00f3n pol\u00edtica al m\u00e1s alto nivel posible. Tambi\u00e9n han contribuido a crear un movimiento mundial en pro de un cambio positivo, implicando a la sociedad civil, a los j\u00f3venes, a las empresas del sector privado y a otros, que se mantendr\u00e1 sin interrupciones a lo largo de los pr\u00f3ximos 15 a\u00f1os. Desde los Objetivos de Desarrollo del Milenio hasta la reducci\u00f3n del precio de las energ\u00edas renovables, muchos gobiernos y muchas empresas est\u00e1n demostrando que el cambio que necesitamos no solo es posible sino que ya est\u00e1 teniendo lugar.<\/p>\n<p style=\"text-align: justify\">Sin embargo, en 2016 debemos aprovechar este impulso y velar por su pronta puesta en pr\u00e1ctica. Para hacerlo, hace falta que todos los actores entren en acci\u00f3n. Como Presidente de la Asamblea General de las Naciones Unidas, esa es mi principal prioridad.<\/p>\n<p style=\"text-align: justify\">Los gobiernos, por ejemplo, deben definir y planificar los cambios que han de emprender para alcanzar esos nuevos Objetivos. Deben invertir en servicios esenciales para que todas las personas puedan alcanzar su potencial. Han de crear un marco jur\u00eddico y normativo propicio que aliente un consumo m\u00e1s responsable y una mayor inversi\u00f3n en infraestructura sostenible. Adem\u00e1s, deben fomentar una gobernanza m\u00e1s transparente e inclusiva para que todos paguen la parte que les corresponde, las personas vivan en libertad y seguridad, y las sociedades logren una mayor cohesi\u00f3n e igualdad.<\/p>\n<p style=\"text-align: justify\">A escala internacional, hace falta un sistema de las Naciones Unidas que est\u00e9 en condiciones de dar a los pa\u00edses el apoyo que necesitan. Tambi\u00e9n debemos asegurarnos de que los foros exclusivos encargados de la toma de decisiones econ\u00f3micas, como el Banco Mundial, el Fondo Monetario Internacional y el G20, entre otros, se ajusten mejor a esta nueva Agenda.<\/p>\n<p style=\"text-align: justify\">En el \u00e1mbito de la paz y la seguridad, necesitamos cambios en las Naciones Unidas para estar en mejores condiciones de prevenir los conflictos y proteger los derechos humanos, antes de que sea demasiado tarde.<\/p>\n<p style=\"text-align: justify\">Para la consecuci\u00f3n de los Objetivos de Desarrollo Sostenible es necesaria tambi\u00e9n la participaci\u00f3n activa del sector privado. Esas empresas deben armonizar sus actividades con la esencia de los nuevos Objetivos. Pueden dirigir su labor de innovaci\u00f3n a la b\u00fasqueda de soluciones respecto a los ODS y asociarse con gobiernos y otros actores principales para apoyar y financiar su puesta en pr\u00e1ctica. Ello abarca al sector financiero internacional, que debe ahora plegarse al cambio. Los gobiernos deben establecer un marco regulatorio e impositivo para el sector privado que deje en claro que la inversi\u00f3n verde no solo es lo mejor para el medio ambiente y el futuro de la humanidad, sino tambi\u00e9n para los negocios.<\/p>\n<p style=\"text-align: justify\">Por \u00faltimo, no habr\u00e1 cambio si no va acompa\u00f1ado de acci\u00f3n y presi\u00f3n por parte de la sociedad civil y la gente com\u00fan. Las organizaciones no gubernamentales deben exigir responsabilidades a los gobiernos por los compromisos que estos han asumido en 2015. Las fundaciones filantr\u00f3picas deben apoyar causas que se ajusten a los ODS y colaborar de forma m\u00e1s eficaz con los gobiernos y otros actores. Los ciudadanos de a pie, los j\u00f3venes y otros pueden utilizar el vertiginoso crecimiento de la tecnolog\u00eda de la informaci\u00f3n experimentado en los \u00faltimos a\u00f1os para convertirse en factores dinamizadores fundamentales de la consecuci\u00f3n de los objetivos.<\/p>\n<p style=\"text-align: justify\">Si 2015 fue un a\u00f1o de asombrosos avances, 2016 debe ser el momento en que todos nosotros comencemos a cumplir lo convenido, cuando nos pongamos a hacer realidad la transformaci\u00f3n necesaria hacia un mundo m\u00e1s sostenible y justo.<\/p>\n<p>Para mayor informaci\u00f3n:<br \/>\n<a href=\"http:\/\/www.un.org\/sustainabledevelopment\/\">http:\/\/www.un.org\/sustainabledevelopment\/<\/a><\/p>\n<div class=\"woo-sc-divider\"><\/div>\n","protected":false},"excerpt":{"rendered":"<p>Art\u00edculo de opini\u00f3n de Mogens Lykketoft, Presidente de la Asamblea\u00a0de las Naciones Unidas El a\u00f1o 2015 ha estado marcado por cruentos conflictos, atentados terroristas atroces y un empeoramiento de la crisis humanitaria mundial. Sin embargo, en este a\u00f1o se produjeron tambi\u00e9n importantes adelantos a nivel internacional, el m\u00e1s reciente de los cuales fue el Acuerdo [&hellip;]<\/p>\n","protected":false},"author":202,"featured_media":37298,"comment_status":"closed","ping_status":"closed","sticky":false,"template":"","format":"standard","meta":{"footnotes":"","_links_to":"","_links_to_target":""},"categories":[197],"tags":[1698,1685],"class_list":["post-37193","post","type-post","status-publish","format-standard","has-post-thumbnail","hentry","category-news","tag-objetivos-de-desarrollo-sostenible","tag-op-ed"],"yoast_head":"<!-- This site is optimized with the Yoast SEO plugin v28.3 - https:\/\/yoast.com\/product\/yoast-seo-wordpress\/ -->\n<title>La transformaci\u00f3n hacia un mundo m\u00e1s sostenible y justo empieza ahora - Asamblea General de las Naciones Unidas<\/title>\n<meta name=\"robots\" content=\"index, follow, max-snippet:-1, max-image-preview:large, max-video-preview:-1\" \/>\n<link rel=\"canonical\" href=\"https:\/\/www.un.org\/pga\/70\/es\/2016\/01\/04\/la-transformacion-hacia-un-mundo-mas-sostenible-y-justo-empieza-ahora\/\" \/>\n<meta property=\"og:locale\" content=\"es_ES\" \/>\n<meta property=\"og:type\" content=\"article\" \/>\n<meta property=\"og:title\" content=\"La transformaci\u00f3n hacia un mundo m\u00e1s sostenible y justo empieza ahora - Asamblea General de las Naciones Unidas\" \/>\n<meta property=\"og:description\" content=\"Art\u00edculo de opini\u00f3n de Mogens Lykketoft, Presidente de la Asamblea\u00a0de las Naciones Unidas El a\u00f1o 2015 ha estado marcado por cruentos conflictos, atentados terroristas atroces y un empeoramiento de la crisis humanitaria mundial. Sin embargo, en este a\u00f1o se produjeron tambi\u00e9n importantes adelantos a nivel internacional, el m\u00e1s reciente de los cuales fue el Acuerdo [&hellip;]\" \/>\n<meta property=\"og:url\" content=\"https:\/\/www.un.org\/pga\/70\/es\/2016\/01\/04\/la-transformacion-hacia-un-mundo-mas-sostenible-y-justo-empieza-ahora\/\" \/>\n<meta property=\"og:site_name\" content=\"Asamblea General de las Naciones Unidas\" \/>\n<meta property=\"article:published_time\" content=\"2016-01-04T18:58:30+00:00\" \/>\n<meta property=\"og:image\" content=\"https:\/\/www.un.org\/pga\/wp-content\/uploads\/sites\/10\/2016\/01\/09-09-E-SDG-Poster.jpg\" \/>\n\t<meta property=\"og:image:width\" content=\"1024\" \/>\n\t<meta property=\"og:image:height\" content=\"683\" \/>\n\t<meta property=\"og:image:type\" content=\"image\/jpeg\" \/>\n<meta name=\"author\" content=\"Katharina Kandt\" \/>\n<meta name=\"twitter:card\" content=\"summary_large_image\" \/>\n<meta name=\"twitter:label1\" content=\"Escrito por\" \/>\n\t<meta name=\"twitter:data1\" content=\"Katharina Kandt\" \/>\n\t<meta name=\"twitter:label2\" content=\"Tiempo de lectura\" \/>\n\t<meta name=\"twitter:data2\" content=\"7 minutos\" \/>\n<script type=\"application\/ld+json\" class=\"yoast-schema-graph\">{\"@context\":\"https:\\\/\\\/schema.org\",\"@graph\":[{\"@type\":\"Article\",\"@id\":\"https:\\\/\\\/www.un.org\\\/pga\\\/70\\\/es\\\/2016\\\/01\\\/04\\\/la-transformacion-hacia-un-mundo-mas-sostenible-y-justo-empieza-ahora\\\/#article\",\"isPartOf\":{\"@id\":\"https:\\\/\\\/www.un.org\\\/pga\\\/70\\\/es\\\/2016\\\/01\\\/04\\\/la-transformacion-hacia-un-mundo-mas-sostenible-y-justo-empieza-ahora\\\/\"},\"author\":{\"name\":\"Katharina Kandt\",\"@id\":\"https:\\\/\\\/www.un.org\\\/pga\\\/70\\\/#\\\/schema\\\/person\\\/06bf09e43d46846c087701ec99ac8412\"},\"headline\":\"La transformaci\u00f3n hacia un mundo m\u00e1s sostenible y justo empieza ahora\",\"datePublished\":\"2016-01-04T18:58:30+00:00\",\"mainEntityOfPage\":{\"@id\":\"https:\\\/\\\/www.un.org\\\/pga\\\/70\\\/es\\\/2016\\\/01\\\/04\\\/la-transformacion-hacia-un-mundo-mas-sostenible-y-justo-empieza-ahora\\\/\"},\"wordCount\":1415,\"publisher\":{\"@id\":\"https:\\\/\\\/www.un.org\\\/pga\\\/70\\\/#organization\"},\"image\":{\"@id\":\"https:\\\/\\\/www.un.org\\\/pga\\\/70\\\/es\\\/2016\\\/01\\\/04\\\/la-transformacion-hacia-un-mundo-mas-sostenible-y-justo-empieza-ahora\\\/#primaryimage\"},\"thumbnailUrl\":\"https:\\\/\\\/www.un.org\\\/pga\\\/wp-content\\\/uploads\\\/sites\\\/10\\\/2016\\\/01\\\/09-09-E-SDG-Poster.jpg\",\"keywords\":[\"Objetivos de Desarrollo Sostenible\",\"Op-Ed\"],\"articleSection\":[\"Noticias\"],\"inLanguage\":\"es\"},{\"@type\":\"WebPage\",\"@id\":\"https:\\\/\\\/www.un.org\\\/pga\\\/70\\\/es\\\/2016\\\/01\\\/04\\\/la-transformacion-hacia-un-mundo-mas-sostenible-y-justo-empieza-ahora\\\/\",\"url\":\"https:\\\/\\\/www.un.org\\\/pga\\\/70\\\/es\\\/2016\\\/01\\\/04\\\/la-transformacion-hacia-un-mundo-mas-sostenible-y-justo-empieza-ahora\\\/\",\"name\":\"La transformaci\u00f3n hacia un mundo m\u00e1s sostenible y justo empieza ahora - Asamblea General de las Naciones Unidas\",\"isPartOf\":{\"@id\":\"https:\\\/\\\/www.un.org\\\/pga\\\/70\\\/#website\"},\"primaryImageOfPage\":{\"@id\":\"https:\\\/\\\/www.un.org\\\/pga\\\/70\\\/es\\\/2016\\\/01\\\/04\\\/la-transformacion-hacia-un-mundo-mas-sostenible-y-justo-empieza-ahora\\\/#primaryimage\"},\"image\":{\"@id\":\"https:\\\/\\\/www.un.org\\\/pga\\\/70\\\/es\\\/2016\\\/01\\\/04\\\/la-transformacion-hacia-un-mundo-mas-sostenible-y-justo-empieza-ahora\\\/#primaryimage\"},\"thumbnailUrl\":\"https:\\\/\\\/www.un.org\\\/pga\\\/wp-content\\\/uploads\\\/sites\\\/10\\\/2016\\\/01\\\/09-09-E-SDG-Poster.jpg\",\"datePublished\":\"2016-01-04T18:58:30+00:00\",\"breadcrumb\":{\"@id\":\"https:\\\/\\\/www.un.org\\\/pga\\\/70\\\/es\\\/2016\\\/01\\\/04\\\/la-transformacion-hacia-un-mundo-mas-sostenible-y-justo-empieza-ahora\\\/#breadcrumb\"},\"inLanguage\":\"es\",\"potentialAction\":[{\"@type\":\"ReadAction\",\"target\":[\"https:\\\/\\\/www.un.org\\\/pga\\\/70\\\/es\\\/2016\\\/01\\\/04\\\/la-transformacion-hacia-un-mundo-mas-sostenible-y-justo-empieza-ahora\\\/\"]}]},{\"@type\":\"ImageObject\",\"inLanguage\":\"es\",\"@id\":\"https:\\\/\\\/www.un.org\\\/pga\\\/70\\\/es\\\/2016\\\/01\\\/04\\\/la-transformacion-hacia-un-mundo-mas-sostenible-y-justo-empieza-ahora\\\/#primaryimage\",\"url\":\"https:\\\/\\\/www.un.org\\\/pga\\\/wp-content\\\/uploads\\\/sites\\\/10\\\/2016\\\/01\\\/09-09-E-SDG-Poster.jpg\",\"contentUrl\":\"https:\\\/\\\/www.un.org\\\/pga\\\/wp-content\\\/uploads\\\/sites\\\/10\\\/2016\\\/01\\\/09-09-E-SDG-Poster.jpg\",\"width\":1024,\"height\":683},{\"@type\":\"BreadcrumbList\",\"@id\":\"https:\\\/\\\/www.un.org\\\/pga\\\/70\\\/es\\\/2016\\\/01\\\/04\\\/la-transformacion-hacia-un-mundo-mas-sostenible-y-justo-empieza-ahora\\\/#breadcrumb\",\"itemListElement\":[{\"@type\":\"ListItem\",\"position\":1,\"name\":\"Home\",\"item\":\"https:\\\/\\\/www.un.org\\\/pga\\\/70\\\/es\\\/\"},{\"@type\":\"ListItem\",\"position\":2,\"name\":\"La transformaci\u00f3n hacia un mundo m\u00e1s sostenible y justo empieza ahora\"}]},{\"@type\":\"WebSite\",\"@id\":\"https:\\\/\\\/www.un.org\\\/pga\\\/70\\\/#website\",\"url\":\"https:\\\/\\\/www.un.org\\\/pga\\\/70\\\/\",\"name\":\"General Assembly of the United Nations\",\"description\":\"Presidente del 70\u00b0 per\u00edodo de sesiones -  Un nuevo compromiso para la acci\u00f3n\",\"publisher\":{\"@id\":\"https:\\\/\\\/www.un.org\\\/pga\\\/70\\\/#organization\"},\"potentialAction\":[{\"@type\":\"SearchAction\",\"target\":{\"@type\":\"EntryPoint\",\"urlTemplate\":\"https:\\\/\\\/www.un.org\\\/pga\\\/70\\\/?s={search_term_string}\"},\"query-input\":{\"@type\":\"PropertyValueSpecification\",\"valueRequired\":true,\"valueName\":\"search_term_string\"}}],\"inLanguage\":\"es\"},{\"@type\":\"Organization\",\"@id\":\"https:\\\/\\\/www.un.org\\\/pga\\\/70\\\/#organization\",\"name\":\"General Assembly of the United Nations\",\"url\":\"https:\\\/\\\/www.un.org\\\/pga\\\/70\\\/\",\"logo\":{\"@type\":\"ImageObject\",\"inLanguage\":\"es\",\"@id\":\"https:\\\/\\\/www.un.org\\\/pga\\\/70\\\/#\\\/schema\\\/logo\\\/image\\\/\",\"url\":\"https:\\\/\\\/www.un.org\\\/pga\\\/wp-content\\\/uploads\\\/sites\\\/10\\\/2015\\\/12\\\/PGA70-logo.jpg\",\"contentUrl\":\"https:\\\/\\\/www.un.org\\\/pga\\\/wp-content\\\/uploads\\\/sites\\\/10\\\/2015\\\/12\\\/PGA70-logo.jpg\",\"width\":672,\"height\":372,\"caption\":\"General Assembly of the United Nations\"},\"image\":{\"@id\":\"https:\\\/\\\/www.un.org\\\/pga\\\/70\\\/#\\\/schema\\\/logo\\\/image\\\/\"}},{\"@type\":\"Person\",\"@id\":\"https:\\\/\\\/www.un.org\\\/pga\\\/70\\\/#\\\/schema\\\/person\\\/06bf09e43d46846c087701ec99ac8412\",\"name\":\"Katharina Kandt\",\"image\":{\"@type\":\"ImageObject\",\"inLanguage\":\"es\",\"@id\":\"https:\\\/\\\/secure.gravatar.com\\\/avatar\\\/5e28c19bf52d2ea02ca4d78c4548f4e118fe08e94744f59f7938769a04ae856e?s=96&d=mm&r=g\",\"url\":\"https:\\\/\\\/secure.gravatar.com\\\/avatar\\\/5e28c19bf52d2ea02ca4d78c4548f4e118fe08e94744f59f7938769a04ae856e?s=96&d=mm&r=g\",\"contentUrl\":\"https:\\\/\\\/secure.gravatar.com\\\/avatar\\\/5e28c19bf52d2ea02ca4d78c4548f4e118fe08e94744f59f7938769a04ae856e?s=96&d=mm&r=g\",\"caption\":\"Katharina Kandt\"},\"url\":\"https:\\\/\\\/www.un.org\\\/pga\\\/70\\\/es\\\/author\\\/kandtun-org\\\/\"}]}<\/script>\n<!-- \/ Yoast SEO plugin. -->","yoast_head_json":{"title":"La transformaci\u00f3n hacia un mundo m\u00e1s sostenible y justo empieza ahora - Asamblea General de las Naciones Unidas","robots":{"index":"index","follow":"follow","max-snippet":"max-snippet:-1","max-image-preview":"max-image-preview:large","max-video-preview":"max-video-preview:-1"},"canonical":"https:\/\/www.un.org\/pga\/70\/es\/2016\/01\/04\/la-transformacion-hacia-un-mundo-mas-sostenible-y-justo-empieza-ahora\/","og_locale":"es_ES","og_type":"article","og_title":"La transformaci\u00f3n hacia un mundo m\u00e1s sostenible y justo empieza ahora - Asamblea General de las Naciones Unidas","og_description":"Art\u00edculo de opini\u00f3n de Mogens Lykketoft, Presidente de la Asamblea\u00a0de las Naciones Unidas El a\u00f1o 2015 ha estado marcado por cruentos conflictos, atentados terroristas atroces y un empeoramiento de la crisis humanitaria mundial. Sin embargo, en este a\u00f1o se produjeron tambi\u00e9n importantes adelantos a nivel internacional, el m\u00e1s reciente de los cuales fue el Acuerdo [&hellip;]","og_url":"https:\/\/www.un.org\/pga\/70\/es\/2016\/01\/04\/la-transformacion-hacia-un-mundo-mas-sostenible-y-justo-empieza-ahora\/","og_site_name":"Asamblea General de las Naciones Unidas","article_published_time":"2016-01-04T18:58:30+00:00","og_image":[{"width":1024,"height":683,"url":"https:\/\/www.un.org\/pga\/wp-content\/uploads\/sites\/10\/2016\/01\/09-09-E-SDG-Poster.jpg","type":"image\/jpeg"}],"author":"Katharina Kandt","twitter_card":"summary_large_image","twitter_misc":{"Escrito por":"Katharina Kandt","Tiempo de lectura":"7 minutos"},"schema":{"@context":"https:\/\/schema.org","@graph":[{"@type":"Article","@id":"https:\/\/www.un.org\/pga\/70\/es\/2016\/01\/04\/la-transformacion-hacia-un-mundo-mas-sostenible-y-justo-empieza-ahora\/#article","isPartOf":{"@id":"https:\/\/www.un.org\/pga\/70\/es\/2016\/01\/04\/la-transformacion-hacia-un-mundo-mas-sostenible-y-justo-empieza-ahora\/"},"author":{"name":"Katharina Kandt","@id":"https:\/\/www.un.org\/pga\/70\/#\/schema\/person\/06bf09e43d46846c087701ec99ac8412"},"headline":"La transformaci\u00f3n hacia un mundo m\u00e1s sostenible y justo empieza ahora","datePublished":"2016-01-04T18:58:30+00:00","mainEntityOfPage":{"@id":"https:\/\/www.un.org\/pga\/70\/es\/2016\/01\/04\/la-transformacion-hacia-un-mundo-mas-sostenible-y-justo-empieza-ahora\/"},"wordCount":1415,"publisher":{"@id":"https:\/\/www.un.org\/pga\/70\/#organization"},"image":{"@id":"https:\/\/www.un.org\/pga\/70\/es\/2016\/01\/04\/la-transformacion-hacia-un-mundo-mas-sostenible-y-justo-empieza-ahora\/#primaryimage"},"thumbnailUrl":"https:\/\/www.un.org\/pga\/wp-content\/uploads\/sites\/10\/2016\/01\/09-09-E-SDG-Poster.jpg","keywords":["Objetivos de Desarrollo Sostenible","Op-Ed"],"articleSection":["Noticias"],"inLanguage":"es"},{"@type":"WebPage","@id":"https:\/\/www.un.org\/pga\/70\/es\/2016\/01\/04\/la-transformacion-hacia-un-mundo-mas-sostenible-y-justo-empieza-ahora\/","url":"https:\/\/www.un.org\/pga\/70\/es\/2016\/01\/04\/la-transformacion-hacia-un-mundo-mas-sostenible-y-justo-empieza-ahora\/","name":"La transformaci\u00f3n hacia un mundo m\u00e1s sostenible y justo empieza ahora - Asamblea General de las Naciones Unidas","isPartOf":{"@id":"https:\/\/www.un.org\/pga\/70\/#website"},"primaryImageOfPage":{"@id":"https:\/\/www.un.org\/pga\/70\/es\/2016\/01\/04\/la-transformacion-hacia-un-mundo-mas-sostenible-y-justo-empieza-ahora\/#primaryimage"},"image":{"@id":"https:\/\/www.un.org\/pga\/70\/es\/2016\/01\/04\/la-transformacion-hacia-un-mundo-mas-sostenible-y-justo-empieza-ahora\/#primaryimage"},"thumbnailUrl":"https:\/\/www.un.org\/pga\/wp-content\/uploads\/sites\/10\/2016\/01\/09-09-E-SDG-Poster.jpg","datePublished":"2016-01-04T18:58:30+00:00","breadcrumb":{"@id":"https:\/\/www.un.org\/pga\/70\/es\/2016\/01\/04\/la-transformacion-hacia-un-mundo-mas-sostenible-y-justo-empieza-ahora\/#breadcrumb"},"inLanguage":"es","potentialAction":[{"@type":"ReadAction","target":["https:\/\/www.un.org\/pga\/70\/es\/2016\/01\/04\/la-transformacion-hacia-un-mundo-mas-sostenible-y-justo-empieza-ahora\/"]}]},{"@type":"ImageObject","inLanguage":"es","@id":"https:\/\/www.un.org\/pga\/70\/es\/2016\/01\/04\/la-transformacion-hacia-un-mundo-mas-sostenible-y-justo-empieza-ahora\/#primaryimage","url":"https:\/\/www.un.org\/pga\/wp-content\/uploads\/sites\/10\/2016\/01\/09-09-E-SDG-Poster.jpg","contentUrl":"https:\/\/www.un.org\/pga\/wp-content\/uploads\/sites\/10\/2016\/01\/09-09-E-SDG-Poster.jpg","width":1024,"height":683},{"@type":"BreadcrumbList","@id":"https:\/\/www.un.org\/pga\/70\/es\/2016\/01\/04\/la-transformacion-hacia-un-mundo-mas-sostenible-y-justo-empieza-ahora\/#breadcrumb","itemListElement":[{"@type":"ListItem","position":1,"name":"Home","item":"https:\/\/www.un.org\/pga\/70\/es\/"},{"@type":"ListItem","position":2,"name":"La transformaci\u00f3n hacia un mundo m\u00e1s sostenible y justo empieza ahora"}]},{"@type":"WebSite","@id":"https:\/\/www.un.org\/pga\/70\/#website","url":"https:\/\/www.un.org\/pga\/70\/","name":"General Assembly of the United Nations","description":"Presidente del 70\u00b0 per\u00edodo de sesiones -  Un nuevo compromiso para la acci\u00f3n","publisher":{"@id":"https:\/\/www.un.org\/pga\/70\/#organization"},"potentialAction":[{"@type":"SearchAction","target":{"@type":"EntryPoint","urlTemplate":"https:\/\/www.un.org\/pga\/70\/?s={search_term_string}"},"query-input":{"@type":"PropertyValueSpecification","valueRequired":true,"valueName":"search_term_string"}}],"inLanguage":"es"},{"@type":"Organization","@id":"https:\/\/www.un.org\/pga\/70\/#organization","name":"General Assembly of the United Nations","url":"https:\/\/www.un.org\/pga\/70\/","logo":{"@type":"ImageObject","inLanguage":"es","@id":"https:\/\/www.un.org\/pga\/70\/#\/schema\/logo\/image\/","url":"https:\/\/www.un.org\/pga\/wp-content\/uploads\/sites\/10\/2015\/12\/PGA70-logo.jpg","contentUrl":"https:\/\/www.un.org\/pga\/wp-content\/uploads\/sites\/10\/2015\/12\/PGA70-logo.jpg","width":672,"height":372,"caption":"General Assembly of the United Nations"},"image":{"@id":"https:\/\/www.un.org\/pga\/70\/#\/schema\/logo\/image\/"}},{"@type":"Person","@id":"https:\/\/www.un.org\/pga\/70\/#\/schema\/person\/06bf09e43d46846c087701ec99ac8412","name":"Katharina Kandt","image":{"@type":"ImageObject","inLanguage":"es","@id":"https:\/\/secure.gravatar.com\/avatar\/5e28c19bf52d2ea02ca4d78c4548f4e118fe08e94744f59f7938769a04ae856e?s=96&d=mm&r=g","url":"https:\/\/secure.gravatar.com\/avatar\/5e28c19bf52d2ea02ca4d78c4548f4e118fe08e94744f59f7938769a04ae856e?s=96&d=mm&r=g","contentUrl":"https:\/\/secure.gravatar.com\/avatar\/5e28c19bf52d2ea02ca4d78c4548f4e118fe08e94744f59f7938769a04ae856e?s=96&d=mm&r=g","caption":"Katharina Kandt"},"url":"https:\/\/www.un.org\/pga\/70\/es\/author\/kandtun-org\/"}]}},"_links":{"self":[{"href":"https:\/\/www.un.org\/pga\/70\/es\/wp-json\/wp\/v2\/posts\/37193","targetHints":{"allow":["GET"]}}],"collection":[{"href":"https:\/\/www.un.org\/pga\/70\/es\/wp-json\/wp\/v2\/posts"}],"about":[{"href":"https:\/\/www.un.org\/pga\/70\/es\/wp-json\/wp\/v2\/types\/post"}],"author":[{"embeddable":true,"href":"https:\/\/www.un.org\/pga\/70\/es\/wp-json\/wp\/v2\/users\/202"}],"replies":[{"embeddable":true,"href":"https:\/\/www.un.org\/pga\/70\/es\/wp-json\/wp\/v2\/comments?post=37193"}],"version-history":[{"count":0,"href":"https:\/\/www.un.org\/pga\/70\/es\/wp-json\/wp\/v2\/posts\/37193\/revisions"}],"wp:featuredmedia":[{"embeddable":true,"href":"https:\/\/www.un.org\/pga\/70\/es\/wp-json\/wp\/v2\/media\/37298"}],"wp:attachment":[{"href":"https:\/\/www.un.org\/pga\/70\/es\/wp-json\/wp\/v2\/media?parent=37193"}],"wp:term":[{"taxonomy":"category","embeddable":true,"href":"https:\/\/www.un.org\/pga\/70\/es\/wp-json\/wp\/v2\/categories?post=37193"},{"taxonomy":"post_tag","embeddable":true,"href":"https:\/\/www.un.org\/pga\/70\/es\/wp-json\/wp\/v2\/tags?post=37193"}],"curies":[{"name":"wp","href":"https:\/\/api.w.org\/{rel}","templated":true}]}}