  {"id":50955,"date":"2016-04-07T16:10:39","date_gmt":"2016-04-07T20:10:39","guid":{"rendered":"http:\/\/www.un.org\/pga\/70\/es\/?p=50955"},"modified":"2016-04-11T11:32:09","modified_gmt":"2016-04-11T15:32:09","slug":"quien-deberia-encabezar-las-naciones-unidas-2","status":"publish","type":"post","link":"https:\/\/www.un.org\/pga\/70\/es\/2016\/04\/07\/quien-deberia-encabezar-las-naciones-unidas-2\/","title":{"rendered":"\u00bfQui\u00e9n deber\u00eda encabezar las Naciones Unidas?"},"content":{"rendered":"<p>&nbsp;<\/p>\n<h2 class=\"mceTemp\"><strong>Este a\u00f1o, las Naciones Unidas elegir\u00e1n a su pr\u00f3ximo Secretario General. Necesitamos al mejor candidato posible para el cargo<\/strong><\/h2>\n<p><em>Por Mogens Lykketoft, Presidente de la Asamblea General de las Naciones Unidas en su septuag\u00e9simo per\u00edodo de sesiones<\/em><\/p>\n<div id=\"attachment_45331\" style=\"width: 510px\" class=\"wp-caption alignleft\"><a href=\"http:\/\/www.un.org\/pga\/70\/wp-content\/uploads\/sites\/10\/2016\/02\/665573-PC-26_02_2016-13.45.30.jpg\"><img loading=\"lazy\" decoding=\"async\" aria-describedby=\"caption-attachment-45331\" class=\"wp-image-45331\" src=\"http:\/\/www.un.org\/pga\/70\/wp-content\/uploads\/sites\/10\/2016\/02\/665573-PC-26_02_2016-13.45.30.jpg\" alt=\"Informaci\u00f3n para la prensa de Mogens Lykketoft, Presidente de la Asamblea General de las Naciones Unidas\" width=\"500\" height=\"351\" srcset=\"https:\/\/www.un.org\/pga\/wp-content\/uploads\/sites\/10\/2016\/02\/665573-PC-26_02_2016-13.45.30.jpg 4701w, https:\/\/www.un.org\/pga\/wp-content\/uploads\/sites\/10\/2016\/02\/665573-PC-26_02_2016-13.45.30-300x211.jpg 300w, https:\/\/www.un.org\/pga\/wp-content\/uploads\/sites\/10\/2016\/02\/665573-PC-26_02_2016-13.45.30-1024x719.jpg 1024w\" sizes=\"auto, (max-width: 500px) 100vw, 500px\" \/><\/a><p id=\"caption-attachment-45331\" class=\"wp-caption-text\">\u00a9Foto ONU\/Garten<\/p><\/div>\n<p>Con frecuencia se dice que este es el cargo m\u00e1s imposible del mundo.<\/p>\n<p style=\"text-align: justify\">Y, habida cuenta de los expedientes que asumir\u00e1 el pr\u00f3ximo Secretario General de las Naciones Unidas el 1 de enero de 2017, es f\u00e1cil comprender por qu\u00e9: atroces conflictos y sufrimientos humanos en algunas partes del Oriente Medio, \u00c1frica y Europa; un extremismo violento que constituye una amenaza para todos nosotros; la persistencia de la discriminaci\u00f3n contra las mujeres y las ni\u00f1as; un inquietante aumento de la xenofobia; m\u00e1s de 800 millones de personas que luchan por escapar de la pobreza extrema; unos 60 millones de desplazados en todo el mundo; una ventana de oportunidad \u00fanica de dar respuesta al cambio clim\u00e1tico y ocuparse de los Objetivos de Desarrollo Sostenible antes de que sea demasiado tarde; y una Organizaci\u00f3n que debe adaptarse a los retos y nuevos objetivos que el mundo tiene ante s\u00ed.<\/p>\n<p style=\"text-align: justify\">En sus 70 a\u00f1os de historia, las Naciones Unidas, con todos sus defectos, han demostrado que pueden estar a la altura de desaf\u00edos tales, pero para hacerlo hoy debe conseguir al mejor candidato posible mediante el proceso de selecci\u00f3n y nombramiento del pr\u00f3ximo Secretario General que llevaremos a cabo este a\u00f1o.<\/p>\n<div class=\"woo-sc-divider\"><\/div>\n<h4 style=\"text-align: left\"><\/h4>\n<h4 style=\"text-align: left\"><strong>El papel del Secretario General de las Naciones Unidas<\/strong><\/h4>\n<p style=\"text-align: justify\">Muchos han considerado que el m\u00e1s alto funcionario de las Naciones Unidas debe ser o bien un Secretario o bien un General. Esto es demasiado simplista, puesto que el Secretario General debe ser ambos, y m\u00e1s a\u00fan.<\/p>\n<p style=\"text-align: justify\">Ha de ser una persona con gran valent\u00eda moral e integridad; \u00e9l o ella (y no veo por qu\u00e9 el mejor candidato no ha de ser una mujer) debe ser la voz de las personas m\u00e1s vulnerables del mundo y encarnar los ideales y prop\u00f3sitos de las Naciones Unidas.<\/p>\n<p style=\"text-align: justify\">Como principal agente diplom\u00e1tico del mundo, quien ocupe el cargo de Secretario General debe utilizar su independencia, imparcialidad y buenos oficios para prevenir los conflictos, negociar la paz y defender los derechos humanos.<\/p>\n<p style=\"text-align: justify\">Debe ser una persona con una presencia pol\u00edtica y grandes dotes de liderazgo, que tenga la autoridad para se\u00f1alar a la atenci\u00f3n del Consejo de Seguridad cualquier asunto que en su opini\u00f3n pueda poner en peligro el mantenimiento de la paz y la seguridad internacionales..<\/p>\n<p style=\"text-align: justify\">Como el m\u00e1s alto funcionario administrativo de las Naciones Unidas, el Secretario General debe crear una cultura de integridad, imparcialidad, pericia y eficiencia en todo el sistema de las Naciones Unidas y supervisar una gran Organizaci\u00f3n con un presupuesto de aproximadamente 10.000 millones de d\u00f3lares, una dotaci\u00f3n de personal de m\u00e1s de 40.000 y 41 operaciones de paz en todo el mundo.<\/p>\n<p style=\"text-align: justify\">El Secretario General debe ser una persona con gran capacidad para comunicarse y para relacionarse con otras personas, que pueda conducirse sin contratiempos en nuestro mundo cada vez m\u00e1s multipolar y conducir una transici\u00f3n mundial hacia el desarrollo sostenible.<\/p>\n<p>&nbsp;<\/p>\n<h4 style=\"text-align: justify\"><strong>Un proceso de selecci\u00f3n arcaico<\/strong><\/h4>\n<p style=\"text-align: justify\">Podr\u00eda pensarse, entonces, que el proceso para elegir al Secretario General ser\u00eda lo m\u00e1s en\u00e9rgico, incluyente y transparente posible.<\/p>\n<p style=\"text-align: justify\">Sin embargo, esto no ha sido as\u00ed hasta ahora.<\/p>\n<p style=\"text-align: justify\">Anteriormente, no estaba claro cu\u00e1ndo comenzaba realmente el proceso de selecci\u00f3n ni, lo que resulta casi incre\u00edble, qui\u00e9nes se hab\u00edan postulado efectivame nte para desempe\u00f1ar el cargo. Asimismo, no ha habido ninguna descripci\u00f3n oficial de las funciones ni oportunidad real alguna de comunicaci\u00f3n abierta y sustantiva con los candidatos, ni para la totalidad de los miembros de las Naciones Unidas ni para el p\u00fablico.<\/p>\n<p style=\"text-align: justify\">Como resultado, las recomendaciones eran negociadas a puertas cerradas, principalmente por los cinco miembros permanentes del Consejo de Seguridad; hubo ocho Secretarios Generales, y ni uno solo de ellos fue una mujer; y el nombramiento era llevado a cabo por la Asamblea General de las Naciones Unidas de manera principalmente simb\u00f3lica. Por lo tanto, se ha considerado, no siempre justamente, que los Secretarios Generales estaban en deuda con los mismos poderes de los que deb\u00edan ser m\u00e1s independientes.<\/p>\n<p>&nbsp;<\/p>\n<h4 style=\"text-align: justify\"><strong>Una mejor manera de elegir al pr\u00f3ximo Secretario General<\/strong><\/h4>\n<p style=\"text-align: justify\">La Carta de las Naciones Unidas describe claramente las funciones que corresponden al Consejo de Seguridad y la Asamblea General en el proceso de selecci\u00f3n y nombramiento, y debe respetarse.<\/p>\n<p style=\"text-align: justify\">Sin embargo, los cambios incorporados recientemente en el propio proceso, convenidos por los 193 miembros de la Asamblea General, nos ofrecen una verdadera oportunidad para hacerlo m\u00e1s transparente, m\u00e1s s\u00f3lido, m\u00e1s inclusivo y, en \u00faltima instancia, m\u00e1s eficaz.<\/p>\n<p style=\"text-align: justify\">Como Presidente de la Asamblea, es mi trabajo garantizar que esos cambios se lleven a la pr\u00e1ctica.<\/p>\n<p style=\"text-align: justify\">La situaci\u00f3n es esta:<\/p>\n<p style=\"text-align: justify\">El pasado mes de diciembre, el Presidente del Consejo de Seguridad y yo pusimos en marcha el proceso de selecci\u00f3n mediante la publicaci\u00f3n de una convocatoria a que se presentaran las candidaturas lo antes posible.<\/p>\n<p style=\"text-align: justify\">Describimos los rasgos fundamentales del proceso, se\u00f1alamos algunos de los principales criterios para el cargo y, en vista de que hab\u00edan transcurrido siete decenios de dominio masculino, alentamos a los Estados Miembros a presentar tanto candidatas como candidatos.<\/p>\n<p style=\"text-align: justify\">Hasta la fecha, se han presentado ocho candidatos, y sus biograf\u00edas y la informaci\u00f3n conexa est\u00e1n disponibles para el p\u00fablico en mi sitio web.<\/p>\n<p style=\"text-align: justify\">Pero quiz\u00e1 la mayor oportunidad de romper verdaderamente con el pasado ser\u00e1n los di\u00e1logos abiertos que celebrar\u00e9 con los candidatos. Estos di\u00e1logos, que algunos denominan \u00ablas audiencias del Secretario General\u00bb, comenzar\u00e1n el 12 de abril.<\/p>\n<p style=\"text-align: justify\">Cada candidato debe preparar una declaraci\u00f3n sobre los desaf\u00edos y las oportunidades que, en su opini\u00f3n, tienen ante s\u00ed las Naciones Unidas y el pr\u00f3ximo Secretario General. Se prestar\u00e1n durante dos horas a responder preguntas de todos los Miembros de las Naciones Unidas, as\u00ed como de la sociedad civil, y cada di\u00e1logo se transmitir\u00e1 en vivo por Internet. Se continuar\u00e1 dialogando con nuevos candidatos hasta que el Consejo de Seguridad formule su recomendaci\u00f3n. Y espero que todos los que consideren seriamente la posibilidad de convertirse en el pr\u00f3ximo principal diplom\u00e1tico del mundo interact\u00faen franca y directamente con todos los Estados Miembros de las Naciones Unidas y las personas a las que, en \u00faltima instancia, han de servir.<\/p>\n<p>&nbsp;<\/p>\n<h4 style=\"text-align: justify\"><strong>Una oportunidad para el cambio<\/strong><\/h4>\n<p style=\"text-align: justify\">Por supuesto, esas innovaciones no transformar\u00e1n directamente nuestro mundo, y se siguen debatiendo cuestiones como la duraci\u00f3n y posibilidad de renovaci\u00f3n del mandato del Secretario General y si la Asamblea General deber\u00eda votar sobre un nombramiento o no.<\/p>\n<p style=\"text-align: justify\">Sin embargo, s\u00ed pueden establecer un nuevo modelo de transparencia e inclusividad en los asuntos internacionales. Pueden aumentar nuestras posibilidades de conseguir el mejor candidato posible para encabezar las Naciones Unidas. Y representan, creo, un momento en la historia en que la Asamblea General, el \u00f3rgano decisorio m\u00e1s representativo y democr\u00e1tico del mundo, puede reafirmar su autoridad.<\/p>\n<p style=\"text-align: justify\">Habida cuenta de los retos mundiales que enfrentamos hoy, este podr\u00eda ser un verdadero punto de inflexi\u00f3n.<\/p>\n<p style=\"text-align: justify\">Por este motivo, con\u00e9ctate a Internet, participa en las redes sociales, hazte o\u00edr y ay\u00fadanos a encontrar al mejor candidato posible a Secretario General de las Naciones Unidas, que es lo que nuestro mundo necesita.<\/p>\n<div class=\"woo-sc-divider\"><\/div>\n","protected":false},"excerpt":{"rendered":"<p>&nbsp; Este a\u00f1o, las Naciones Unidas elegir\u00e1n a su pr\u00f3ximo Secretario General. Necesitamos al mejor candidato posible para el cargo Por Mogens Lykketoft, Presidente de la Asamblea General de las Naciones Unidas en su septuag\u00e9simo per\u00edodo de sesiones Con frecuencia se dice que este es el cargo m\u00e1s imposible del mundo. Y, habida cuenta de [&hellip;]<\/p>\n","protected":false},"author":1,"featured_media":45347,"comment_status":"closed","ping_status":"closed","sticky":false,"template":"","format":"standard","meta":{"footnotes":"","_links_to":"","_links_to_target":""},"categories":[201,197],"tags":[],"class_list":["post-50955","post","type-post","status-publish","format-standard","has-post-thumbnail","hentry","category-statements-es","category-news"],"yoast_head":"<!-- This site is optimized with the Yoast SEO plugin v28.3 - https:\/\/yoast.com\/product\/yoast-seo-wordpress\/ -->\n<title>\u00bfQui\u00e9n deber\u00eda encabezar las Naciones Unidas? - Asamblea General de las Naciones Unidas<\/title>\n<meta name=\"robots\" content=\"index, follow, max-snippet:-1, max-image-preview:large, max-video-preview:-1\" \/>\n<link rel=\"canonical\" href=\"https:\/\/www.un.org\/pga\/70\/es\/2016\/04\/07\/quien-deberia-encabezar-las-naciones-unidas-2\/\" \/>\n<meta property=\"og:locale\" content=\"es_ES\" \/>\n<meta property=\"og:type\" content=\"article\" \/>\n<meta property=\"og:title\" content=\"\u00bfQui\u00e9n deber\u00eda encabezar las Naciones Unidas? - Asamblea General de las Naciones Unidas\" \/>\n<meta property=\"og:description\" content=\"&nbsp; Este a\u00f1o, las Naciones Unidas elegir\u00e1n a su pr\u00f3ximo Secretario General. Necesitamos al mejor candidato posible para el cargo Por Mogens Lykketoft, Presidente de la Asamblea General de las Naciones Unidas en su septuag\u00e9simo per\u00edodo de sesiones Con frecuencia se dice que este es el cargo m\u00e1s imposible del mundo. Y, habida cuenta de [&hellip;]\" \/>\n<meta property=\"og:url\" content=\"https:\/\/www.un.org\/pga\/70\/es\/2016\/04\/07\/quien-deberia-encabezar-las-naciones-unidas-2\/\" \/>\n<meta property=\"og:site_name\" content=\"Asamblea General de las Naciones Unidas\" \/>\n<meta property=\"article:published_time\" content=\"2016-04-07T20:10:39+00:00\" \/>\n<meta property=\"article:modified_time\" content=\"2016-04-11T15:32:09+00:00\" \/>\n<meta property=\"og:image\" content=\"https:\/\/www.un.org\/pga\/wp-content\/uploads\/sites\/10\/2016\/02\/665573-PC-26_02_2016-13.45.30-1024x719.jpg\" \/>\n\t<meta property=\"og:image:width\" content=\"1024\" \/>\n\t<meta property=\"og:image:height\" content=\"719\" \/>\n\t<meta property=\"og:image:type\" content=\"image\/jpeg\" \/>\n<meta name=\"author\" content=\"unsites\" \/>\n<meta name=\"twitter:card\" content=\"summary_large_image\" \/>\n<meta name=\"twitter:label1\" content=\"Escrito por\" \/>\n\t<meta name=\"twitter:data1\" content=\"unsites\" \/>\n\t<meta name=\"twitter:label2\" content=\"Tiempo de lectura\" \/>\n\t<meta name=\"twitter:data2\" content=\"6 minutos\" \/>\n<script type=\"application\/ld+json\" class=\"yoast-schema-graph\">{\"@context\":\"https:\\\/\\\/schema.org\",\"@graph\":[{\"@type\":\"Article\",\"@id\":\"https:\\\/\\\/www.un.org\\\/pga\\\/70\\\/es\\\/2016\\\/04\\\/07\\\/quien-deberia-encabezar-las-naciones-unidas-2\\\/#article\",\"isPartOf\":{\"@id\":\"https:\\\/\\\/www.un.org\\\/pga\\\/70\\\/es\\\/2016\\\/04\\\/07\\\/quien-deberia-encabezar-las-naciones-unidas-2\\\/\"},\"author\":{\"name\":\"unsites\",\"@id\":\"https:\\\/\\\/www.un.org\\\/pga\\\/70\\\/#\\\/schema\\\/person\\\/48a91d582f34a9fb17593492edf921a4\"},\"headline\":\"\u00bfQui\u00e9n deber\u00eda encabezar las Naciones Unidas?\",\"datePublished\":\"2016-04-07T20:10:39+00:00\",\"dateModified\":\"2016-04-11T15:32:09+00:00\",\"mainEntityOfPage\":{\"@id\":\"https:\\\/\\\/www.un.org\\\/pga\\\/70\\\/es\\\/2016\\\/04\\\/07\\\/quien-deberia-encabezar-las-naciones-unidas-2\\\/\"},\"wordCount\":1292,\"publisher\":{\"@id\":\"https:\\\/\\\/www.un.org\\\/pga\\\/70\\\/#organization\"},\"image\":{\"@id\":\"https:\\\/\\\/www.un.org\\\/pga\\\/70\\\/es\\\/2016\\\/04\\\/07\\\/quien-deberia-encabezar-las-naciones-unidas-2\\\/#primaryimage\"},\"thumbnailUrl\":\"https:\\\/\\\/www.un.org\\\/pga\\\/wp-content\\\/uploads\\\/sites\\\/10\\\/2016\\\/02\\\/665573-PC-26_02_2016-13.45.30.jpg\",\"articleSection\":[\"Declaraciones\",\"Noticias\"],\"inLanguage\":\"es\"},{\"@type\":\"WebPage\",\"@id\":\"https:\\\/\\\/www.un.org\\\/pga\\\/70\\\/es\\\/2016\\\/04\\\/07\\\/quien-deberia-encabezar-las-naciones-unidas-2\\\/\",\"url\":\"https:\\\/\\\/www.un.org\\\/pga\\\/70\\\/es\\\/2016\\\/04\\\/07\\\/quien-deberia-encabezar-las-naciones-unidas-2\\\/\",\"name\":\"\u00bfQui\u00e9n deber\u00eda encabezar las Naciones Unidas? - Asamblea General de las Naciones Unidas\",\"isPartOf\":{\"@id\":\"https:\\\/\\\/www.un.org\\\/pga\\\/70\\\/#website\"},\"primaryImageOfPage\":{\"@id\":\"https:\\\/\\\/www.un.org\\\/pga\\\/70\\\/es\\\/2016\\\/04\\\/07\\\/quien-deberia-encabezar-las-naciones-unidas-2\\\/#primaryimage\"},\"image\":{\"@id\":\"https:\\\/\\\/www.un.org\\\/pga\\\/70\\\/es\\\/2016\\\/04\\\/07\\\/quien-deberia-encabezar-las-naciones-unidas-2\\\/#primaryimage\"},\"thumbnailUrl\":\"https:\\\/\\\/www.un.org\\\/pga\\\/wp-content\\\/uploads\\\/sites\\\/10\\\/2016\\\/02\\\/665573-PC-26_02_2016-13.45.30.jpg\",\"datePublished\":\"2016-04-07T20:10:39+00:00\",\"dateModified\":\"2016-04-11T15:32:09+00:00\",\"breadcrumb\":{\"@id\":\"https:\\\/\\\/www.un.org\\\/pga\\\/70\\\/es\\\/2016\\\/04\\\/07\\\/quien-deberia-encabezar-las-naciones-unidas-2\\\/#breadcrumb\"},\"inLanguage\":\"es\",\"potentialAction\":[{\"@type\":\"ReadAction\",\"target\":[\"https:\\\/\\\/www.un.org\\\/pga\\\/70\\\/es\\\/2016\\\/04\\\/07\\\/quien-deberia-encabezar-las-naciones-unidas-2\\\/\"]}]},{\"@type\":\"ImageObject\",\"inLanguage\":\"es\",\"@id\":\"https:\\\/\\\/www.un.org\\\/pga\\\/70\\\/es\\\/2016\\\/04\\\/07\\\/quien-deberia-encabezar-las-naciones-unidas-2\\\/#primaryimage\",\"url\":\"https:\\\/\\\/www.un.org\\\/pga\\\/wp-content\\\/uploads\\\/sites\\\/10\\\/2016\\\/02\\\/665573-PC-26_02_2016-13.45.30.jpg\",\"contentUrl\":\"https:\\\/\\\/www.un.org\\\/pga\\\/wp-content\\\/uploads\\\/sites\\\/10\\\/2016\\\/02\\\/665573-PC-26_02_2016-13.45.30.jpg\",\"width\":4701,\"height\":3300,\"caption\":\"Guest: Assistant Secretary-General and Executive Director of the Ä¢¹½ÊÓÆµ Security Council Counter-Terrorism Committee Executive Directorate (CTED), Mr. Jean-Paul Laborde, to brief reporters on the third report on the implementation of Security Council Resolution 2178 on States affected by foreign terrorist fighters Press briefing by President of the General Assembly, Mr. Mogens Lykketoft\"},{\"@type\":\"BreadcrumbList\",\"@id\":\"https:\\\/\\\/www.un.org\\\/pga\\\/70\\\/es\\\/2016\\\/04\\\/07\\\/quien-deberia-encabezar-las-naciones-unidas-2\\\/#breadcrumb\",\"itemListElement\":[{\"@type\":\"ListItem\",\"position\":1,\"name\":\"Home\",\"item\":\"https:\\\/\\\/www.un.org\\\/pga\\\/70\\\/es\\\/\"},{\"@type\":\"ListItem\",\"position\":2,\"name\":\"\u00bfQui\u00e9n deber\u00eda encabezar las Naciones Unidas?\"}]},{\"@type\":\"WebSite\",\"@id\":\"https:\\\/\\\/www.un.org\\\/pga\\\/70\\\/#website\",\"url\":\"https:\\\/\\\/www.un.org\\\/pga\\\/70\\\/\",\"name\":\"General Assembly of the United Nations\",\"description\":\"Presidente del 70\u00b0 per\u00edodo de sesiones -  Un nuevo compromiso para la acci\u00f3n\",\"publisher\":{\"@id\":\"https:\\\/\\\/www.un.org\\\/pga\\\/70\\\/#organization\"},\"potentialAction\":[{\"@type\":\"SearchAction\",\"target\":{\"@type\":\"EntryPoint\",\"urlTemplate\":\"https:\\\/\\\/www.un.org\\\/pga\\\/70\\\/?s={search_term_string}\"},\"query-input\":{\"@type\":\"PropertyValueSpecification\",\"valueRequired\":true,\"valueName\":\"search_term_string\"}}],\"inLanguage\":\"es\"},{\"@type\":\"Organization\",\"@id\":\"https:\\\/\\\/www.un.org\\\/pga\\\/70\\\/#organization\",\"name\":\"General Assembly of the United Nations\",\"url\":\"https:\\\/\\\/www.un.org\\\/pga\\\/70\\\/\",\"logo\":{\"@type\":\"ImageObject\",\"inLanguage\":\"es\",\"@id\":\"https:\\\/\\\/www.un.org\\\/pga\\\/70\\\/#\\\/schema\\\/logo\\\/image\\\/\",\"url\":\"https:\\\/\\\/www.un.org\\\/pga\\\/wp-content\\\/uploads\\\/sites\\\/10\\\/2015\\\/12\\\/PGA70-logo.jpg\",\"contentUrl\":\"https:\\\/\\\/www.un.org\\\/pga\\\/wp-content\\\/uploads\\\/sites\\\/10\\\/2015\\\/12\\\/PGA70-logo.jpg\",\"width\":672,\"height\":372,\"caption\":\"General Assembly of the United Nations\"},\"image\":{\"@id\":\"https:\\\/\\\/www.un.org\\\/pga\\\/70\\\/#\\\/schema\\\/logo\\\/image\\\/\"}},{\"@type\":\"Person\",\"@id\":\"https:\\\/\\\/www.un.org\\\/pga\\\/70\\\/#\\\/schema\\\/person\\\/48a91d582f34a9fb17593492edf921a4\",\"name\":\"unsites\",\"image\":{\"@type\":\"ImageObject\",\"inLanguage\":\"es\",\"@id\":\"https:\\\/\\\/secure.gravatar.com\\\/avatar\\\/b12baf659e883edfd4119878b775df7ba3f103d1254be63fd823aa0d0747f19f?s=96&d=mm&r=g\",\"url\":\"https:\\\/\\\/secure.gravatar.com\\\/avatar\\\/b12baf659e883edfd4119878b775df7ba3f103d1254be63fd823aa0d0747f19f?s=96&d=mm&r=g\",\"contentUrl\":\"https:\\\/\\\/secure.gravatar.com\\\/avatar\\\/b12baf659e883edfd4119878b775df7ba3f103d1254be63fd823aa0d0747f19f?s=96&d=mm&r=g\",\"caption\":\"unsites\"},\"url\":\"https:\\\/\\\/www.un.org\\\/pga\\\/70\\\/es\\\/author\\\/unsites\\\/\"}]}<\/script>\n<!-- \/ Yoast SEO plugin. -->","yoast_head_json":{"title":"\u00bfQui\u00e9n deber\u00eda encabezar las Naciones Unidas? - Asamblea General de las Naciones Unidas","robots":{"index":"index","follow":"follow","max-snippet":"max-snippet:-1","max-image-preview":"max-image-preview:large","max-video-preview":"max-video-preview:-1"},"canonical":"https:\/\/www.un.org\/pga\/70\/es\/2016\/04\/07\/quien-deberia-encabezar-las-naciones-unidas-2\/","og_locale":"es_ES","og_type":"article","og_title":"\u00bfQui\u00e9n deber\u00eda encabezar las Naciones Unidas? - Asamblea General de las Naciones Unidas","og_description":"&nbsp; Este a\u00f1o, las Naciones Unidas elegir\u00e1n a su pr\u00f3ximo Secretario General. Necesitamos al mejor candidato posible para el cargo Por Mogens Lykketoft, Presidente de la Asamblea General de las Naciones Unidas en su septuag\u00e9simo per\u00edodo de sesiones Con frecuencia se dice que este es el cargo m\u00e1s imposible del mundo. Y, habida cuenta de [&hellip;]","og_url":"https:\/\/www.un.org\/pga\/70\/es\/2016\/04\/07\/quien-deberia-encabezar-las-naciones-unidas-2\/","og_site_name":"Asamblea General de las Naciones Unidas","article_published_time":"2016-04-07T20:10:39+00:00","article_modified_time":"2016-04-11T15:32:09+00:00","og_image":[{"width":1024,"height":719,"url":"https:\/\/www.un.org\/pga\/wp-content\/uploads\/sites\/10\/2016\/02\/665573-PC-26_02_2016-13.45.30-1024x719.jpg","type":"image\/jpeg"}],"author":"unsites","twitter_card":"summary_large_image","twitter_misc":{"Escrito por":"unsites","Tiempo de lectura":"6 minutos"},"schema":{"@context":"https:\/\/schema.org","@graph":[{"@type":"Article","@id":"https:\/\/www.un.org\/pga\/70\/es\/2016\/04\/07\/quien-deberia-encabezar-las-naciones-unidas-2\/#article","isPartOf":{"@id":"https:\/\/www.un.org\/pga\/70\/es\/2016\/04\/07\/quien-deberia-encabezar-las-naciones-unidas-2\/"},"author":{"name":"unsites","@id":"https:\/\/www.un.org\/pga\/70\/#\/schema\/person\/48a91d582f34a9fb17593492edf921a4"},"headline":"\u00bfQui\u00e9n deber\u00eda encabezar las Naciones Unidas?","datePublished":"2016-04-07T20:10:39+00:00","dateModified":"2016-04-11T15:32:09+00:00","mainEntityOfPage":{"@id":"https:\/\/www.un.org\/pga\/70\/es\/2016\/04\/07\/quien-deberia-encabezar-las-naciones-unidas-2\/"},"wordCount":1292,"publisher":{"@id":"https:\/\/www.un.org\/pga\/70\/#organization"},"image":{"@id":"https:\/\/www.un.org\/pga\/70\/es\/2016\/04\/07\/quien-deberia-encabezar-las-naciones-unidas-2\/#primaryimage"},"thumbnailUrl":"https:\/\/www.un.org\/pga\/wp-content\/uploads\/sites\/10\/2016\/02\/665573-PC-26_02_2016-13.45.30.jpg","articleSection":["Declaraciones","Noticias"],"inLanguage":"es"},{"@type":"WebPage","@id":"https:\/\/www.un.org\/pga\/70\/es\/2016\/04\/07\/quien-deberia-encabezar-las-naciones-unidas-2\/","url":"https:\/\/www.un.org\/pga\/70\/es\/2016\/04\/07\/quien-deberia-encabezar-las-naciones-unidas-2\/","name":"\u00bfQui\u00e9n deber\u00eda encabezar las Naciones Unidas? - Asamblea General de las Naciones Unidas","isPartOf":{"@id":"https:\/\/www.un.org\/pga\/70\/#website"},"primaryImageOfPage":{"@id":"https:\/\/www.un.org\/pga\/70\/es\/2016\/04\/07\/quien-deberia-encabezar-las-naciones-unidas-2\/#primaryimage"},"image":{"@id":"https:\/\/www.un.org\/pga\/70\/es\/2016\/04\/07\/quien-deberia-encabezar-las-naciones-unidas-2\/#primaryimage"},"thumbnailUrl":"https:\/\/www.un.org\/pga\/wp-content\/uploads\/sites\/10\/2016\/02\/665573-PC-26_02_2016-13.45.30.jpg","datePublished":"2016-04-07T20:10:39+00:00","dateModified":"2016-04-11T15:32:09+00:00","breadcrumb":{"@id":"https:\/\/www.un.org\/pga\/70\/es\/2016\/04\/07\/quien-deberia-encabezar-las-naciones-unidas-2\/#breadcrumb"},"inLanguage":"es","potentialAction":[{"@type":"ReadAction","target":["https:\/\/www.un.org\/pga\/70\/es\/2016\/04\/07\/quien-deberia-encabezar-las-naciones-unidas-2\/"]}]},{"@type":"ImageObject","inLanguage":"es","@id":"https:\/\/www.un.org\/pga\/70\/es\/2016\/04\/07\/quien-deberia-encabezar-las-naciones-unidas-2\/#primaryimage","url":"https:\/\/www.un.org\/pga\/wp-content\/uploads\/sites\/10\/2016\/02\/665573-PC-26_02_2016-13.45.30.jpg","contentUrl":"https:\/\/www.un.org\/pga\/wp-content\/uploads\/sites\/10\/2016\/02\/665573-PC-26_02_2016-13.45.30.jpg","width":4701,"height":3300,"caption":"Guest: Assistant Secretary-General and Executive Director of the Ä¢¹½ÊÓÆµ Security Council Counter-Terrorism Committee Executive Directorate (CTED), Mr. Jean-Paul Laborde, to brief reporters on the third report on the implementation of Security Council Resolution 2178 on States affected by foreign terrorist fighters Press briefing by President of the General Assembly, Mr. Mogens Lykketoft"},{"@type":"BreadcrumbList","@id":"https:\/\/www.un.org\/pga\/70\/es\/2016\/04\/07\/quien-deberia-encabezar-las-naciones-unidas-2\/#breadcrumb","itemListElement":[{"@type":"ListItem","position":1,"name":"Home","item":"https:\/\/www.un.org\/pga\/70\/es\/"},{"@type":"ListItem","position":2,"name":"\u00bfQui\u00e9n deber\u00eda encabezar las Naciones Unidas?"}]},{"@type":"WebSite","@id":"https:\/\/www.un.org\/pga\/70\/#website","url":"https:\/\/www.un.org\/pga\/70\/","name":"General Assembly of the United Nations","description":"Presidente del 70\u00b0 per\u00edodo de sesiones -  Un nuevo compromiso para la acci\u00f3n","publisher":{"@id":"https:\/\/www.un.org\/pga\/70\/#organization"},"potentialAction":[{"@type":"SearchAction","target":{"@type":"EntryPoint","urlTemplate":"https:\/\/www.un.org\/pga\/70\/?s={search_term_string}"},"query-input":{"@type":"PropertyValueSpecification","valueRequired":true,"valueName":"search_term_string"}}],"inLanguage":"es"},{"@type":"Organization","@id":"https:\/\/www.un.org\/pga\/70\/#organization","name":"General Assembly of the United Nations","url":"https:\/\/www.un.org\/pga\/70\/","logo":{"@type":"ImageObject","inLanguage":"es","@id":"https:\/\/www.un.org\/pga\/70\/#\/schema\/logo\/image\/","url":"https:\/\/www.un.org\/pga\/wp-content\/uploads\/sites\/10\/2015\/12\/PGA70-logo.jpg","contentUrl":"https:\/\/www.un.org\/pga\/wp-content\/uploads\/sites\/10\/2015\/12\/PGA70-logo.jpg","width":672,"height":372,"caption":"General Assembly of the United Nations"},"image":{"@id":"https:\/\/www.un.org\/pga\/70\/#\/schema\/logo\/image\/"}},{"@type":"Person","@id":"https:\/\/www.un.org\/pga\/70\/#\/schema\/person\/48a91d582f34a9fb17593492edf921a4","name":"unsites","image":{"@type":"ImageObject","inLanguage":"es","@id":"https:\/\/secure.gravatar.com\/avatar\/b12baf659e883edfd4119878b775df7ba3f103d1254be63fd823aa0d0747f19f?s=96&d=mm&r=g","url":"https:\/\/secure.gravatar.com\/avatar\/b12baf659e883edfd4119878b775df7ba3f103d1254be63fd823aa0d0747f19f?s=96&d=mm&r=g","contentUrl":"https:\/\/secure.gravatar.com\/avatar\/b12baf659e883edfd4119878b775df7ba3f103d1254be63fd823aa0d0747f19f?s=96&d=mm&r=g","caption":"unsites"},"url":"https:\/\/www.un.org\/pga\/70\/es\/author\/unsites\/"}]}},"_links":{"self":[{"href":"https:\/\/www.un.org\/pga\/70\/es\/wp-json\/wp\/v2\/posts\/50955","targetHints":{"allow":["GET"]}}],"collection":[{"href":"https:\/\/www.un.org\/pga\/70\/es\/wp-json\/wp\/v2\/posts"}],"about":[{"href":"https:\/\/www.un.org\/pga\/70\/es\/wp-json\/wp\/v2\/types\/post"}],"author":[{"embeddable":true,"href":"https:\/\/www.un.org\/pga\/70\/es\/wp-json\/wp\/v2\/users\/1"}],"replies":[{"embeddable":true,"href":"https:\/\/www.un.org\/pga\/70\/es\/wp-json\/wp\/v2\/comments?post=50955"}],"version-history":[{"count":0,"href":"https:\/\/www.un.org\/pga\/70\/es\/wp-json\/wp\/v2\/posts\/50955\/revisions"}],"wp:featuredmedia":[{"embeddable":true,"href":"https:\/\/www.un.org\/pga\/70\/es\/wp-json\/wp\/v2\/media\/45347"}],"wp:attachment":[{"href":"https:\/\/www.un.org\/pga\/70\/es\/wp-json\/wp\/v2\/media?parent=50955"}],"wp:term":[{"taxonomy":"category","embeddable":true,"href":"https:\/\/www.un.org\/pga\/70\/es\/wp-json\/wp\/v2\/categories?post=50955"},{"taxonomy":"post_tag","embeddable":true,"href":"https:\/\/www.un.org\/pga\/70\/es\/wp-json\/wp\/v2\/tags?post=50955"}],"curies":[{"name":"wp","href":"https:\/\/api.w.org\/{rel}","templated":true}]}}