  {"id":6789,"date":"2015-06-15T11:03:24","date_gmt":"2015-06-15T15:03:24","guid":{"rendered":"http:\/\/www.un.org\/pga\/70\/es\/?p=6789"},"modified":"2015-09-14T15:21:36","modified_gmt":"2015-09-14T19:21:36","slug":"asamblea-general-de-la-onu-elige-nuevo-presidente-para-el-70-periodo-de-sesiones","status":"publish","type":"post","link":"https:\/\/www.un.org\/pga\/70\/es\/2015\/06\/15\/asamblea-general-de-la-onu-elige-nuevo-presidente-para-el-70-periodo-de-sesiones\/","title":{"rendered":"Asamblea General de la ONU elige nuevo presidente para el 70 per\u00edodo de sesiones"},"content":{"rendered":"","protected":false},"excerpt":{"rendered":"<p>El presidente del Parlamento y ex ministro de Relaciones Exteriores de Dinamarca, Mogens Lykketoft, fue electo este lunes como nuevo presidente de la Asamblea General de la ONU para su periodo n\u00famero 70.<\/p>\n","protected":false},"author":1,"featured_media":6793,"comment_status":"closed","ping_status":"closed","sticky":false,"template":"","format":"standard","meta":{"footnotes":"","_links_to":"","_links_to_target":""},"categories":[197],"tags":[],"class_list":["post-6789","post","type-post","status-publish","format-standard","has-post-thumbnail","hentry","category-news"],"yoast_head":"<!-- This site is optimized with the Yoast SEO plugin v28.3 - https:\/\/yoast.com\/product\/yoast-seo-wordpress\/ -->\n<title>Asamblea General de la ONU elige nuevo presidente para el 70 per\u00edodo de sesiones - Asamblea General de las Naciones Unidas<\/title>\n<meta name=\"robots\" content=\"index, follow, max-snippet:-1, max-image-preview:large, max-video-preview:-1\" \/>\n<link rel=\"canonical\" href=\"https:\/\/www.un.org\/pga\/70\/es\/2015\/06\/15\/asamblea-general-de-la-onu-elige-nuevo-presidente-para-el-70-periodo-de-sesiones\/\" \/>\n<meta property=\"og:locale\" content=\"es_ES\" \/>\n<meta property=\"og:type\" content=\"article\" \/>\n<meta property=\"og:title\" content=\"Asamblea General de la ONU elige nuevo presidente para el 70 per\u00edodo de sesiones - Asamblea General de las Naciones Unidas\" \/>\n<meta property=\"og:description\" content=\"El presidente del Parlamento y ex ministro de Relaciones Exteriores de Dinamarca, Mogens Lykketoft, fue electo este lunes como nuevo presidente de la Asamblea General de la ONU para su periodo n\u00famero 70.\" \/>\n<meta property=\"og:url\" content=\"https:\/\/www.un.org\/pga\/70\/es\/2015\/06\/15\/asamblea-general-de-la-onu-elige-nuevo-presidente-para-el-70-periodo-de-sesiones\/\" \/>\n<meta property=\"og:site_name\" content=\"Asamblea General de las Naciones Unidas\" \/>\n<meta property=\"article:published_time\" content=\"2015-06-15T15:03:24+00:00\" \/>\n<meta property=\"article:modified_time\" content=\"2015-09-14T19:21:36+00:00\" \/>\n<meta property=\"og:image\" content=\"https:\/\/www.un.org\/pga\/wp-content\/uploads\/sites\/10\/2015\/09\/634377Assembly_President.jpg\" \/>\n\t<meta property=\"og:image:width\" content=\"1024\" \/>\n\t<meta property=\"og:image:height\" content=\"681\" \/>\n\t<meta property=\"og:image:type\" content=\"image\/jpeg\" \/>\n<meta name=\"author\" content=\"unsites\" \/>\n<meta name=\"twitter:card\" content=\"summary_large_image\" \/>\n<meta name=\"twitter:label1\" content=\"Escrito por\" \/>\n\t<meta name=\"twitter:data1\" content=\"unsites\" \/>\n<script type=\"application\/ld+json\" class=\"yoast-schema-graph\">{\"@context\":\"https:\\\/\\\/schema.org\",\"@graph\":[{\"@type\":\"Article\",\"@id\":\"https:\\\/\\\/www.un.org\\\/pga\\\/70\\\/es\\\/2015\\\/06\\\/15\\\/asamblea-general-de-la-onu-elige-nuevo-presidente-para-el-70-periodo-de-sesiones\\\/#article\",\"isPartOf\":{\"@id\":\"https:\\\/\\\/www.un.org\\\/pga\\\/70\\\/es\\\/2015\\\/06\\\/15\\\/asamblea-general-de-la-onu-elige-nuevo-presidente-para-el-70-periodo-de-sesiones\\\/\"},\"author\":{\"name\":\"unsites\",\"@id\":\"https:\\\/\\\/www.un.org\\\/pga\\\/70\\\/#\\\/schema\\\/person\\\/48a91d582f34a9fb17593492edf921a4\"},\"headline\":\"Asamblea General de la ONU elige nuevo presidente para el 70 per\u00edodo de sesiones\",\"datePublished\":\"2015-06-15T15:03:24+00:00\",\"dateModified\":\"2015-09-14T19:21:36+00:00\",\"mainEntityOfPage\":{\"@id\":\"https:\\\/\\\/www.un.org\\\/pga\\\/70\\\/es\\\/2015\\\/06\\\/15\\\/asamblea-general-de-la-onu-elige-nuevo-presidente-para-el-70-periodo-de-sesiones\\\/\"},\"wordCount\":14,\"publisher\":{\"@id\":\"https:\\\/\\\/www.un.org\\\/pga\\\/70\\\/#organization\"},\"image\":{\"@id\":\"https:\\\/\\\/www.un.org\\\/pga\\\/70\\\/es\\\/2015\\\/06\\\/15\\\/asamblea-general-de-la-onu-elige-nuevo-presidente-para-el-70-periodo-de-sesiones\\\/#primaryimage\"},\"thumbnailUrl\":\"https:\\\/\\\/www.un.org\\\/pga\\\/wp-content\\\/uploads\\\/sites\\\/10\\\/2015\\\/09\\\/634377Assembly_President.jpg\",\"articleSection\":[\"Noticias\"],\"inLanguage\":\"es\"},{\"@type\":\"WebPage\",\"@id\":\"https:\\\/\\\/www.un.org\\\/pga\\\/70\\\/es\\\/2015\\\/06\\\/15\\\/asamblea-general-de-la-onu-elige-nuevo-presidente-para-el-70-periodo-de-sesiones\\\/\",\"url\":\"https:\\\/\\\/www.un.org\\\/pga\\\/70\\\/es\\\/2015\\\/06\\\/15\\\/asamblea-general-de-la-onu-elige-nuevo-presidente-para-el-70-periodo-de-sesiones\\\/\",\"name\":\"Asamblea General de la ONU elige nuevo presidente para el 70 per\u00edodo de sesiones - Asamblea General de las Naciones Unidas\",\"isPartOf\":{\"@id\":\"https:\\\/\\\/www.un.org\\\/pga\\\/70\\\/#website\"},\"primaryImageOfPage\":{\"@id\":\"https:\\\/\\\/www.un.org\\\/pga\\\/70\\\/es\\\/2015\\\/06\\\/15\\\/asamblea-general-de-la-onu-elige-nuevo-presidente-para-el-70-periodo-de-sesiones\\\/#primaryimage\"},\"image\":{\"@id\":\"https:\\\/\\\/www.un.org\\\/pga\\\/70\\\/es\\\/2015\\\/06\\\/15\\\/asamblea-general-de-la-onu-elige-nuevo-presidente-para-el-70-periodo-de-sesiones\\\/#primaryimage\"},\"thumbnailUrl\":\"https:\\\/\\\/www.un.org\\\/pga\\\/wp-content\\\/uploads\\\/sites\\\/10\\\/2015\\\/09\\\/634377Assembly_President.jpg\",\"datePublished\":\"2015-06-15T15:03:24+00:00\",\"dateModified\":\"2015-09-14T19:21:36+00:00\",\"breadcrumb\":{\"@id\":\"https:\\\/\\\/www.un.org\\\/pga\\\/70\\\/es\\\/2015\\\/06\\\/15\\\/asamblea-general-de-la-onu-elige-nuevo-presidente-para-el-70-periodo-de-sesiones\\\/#breadcrumb\"},\"inLanguage\":\"es\",\"potentialAction\":[{\"@type\":\"ReadAction\",\"target\":[\"https:\\\/\\\/www.un.org\\\/pga\\\/70\\\/es\\\/2015\\\/06\\\/15\\\/asamblea-general-de-la-onu-elige-nuevo-presidente-para-el-70-periodo-de-sesiones\\\/\"]}]},{\"@type\":\"ImageObject\",\"inLanguage\":\"es\",\"@id\":\"https:\\\/\\\/www.un.org\\\/pga\\\/70\\\/es\\\/2015\\\/06\\\/15\\\/asamblea-general-de-la-onu-elige-nuevo-presidente-para-el-70-periodo-de-sesiones\\\/#primaryimage\",\"url\":\"https:\\\/\\\/www.un.org\\\/pga\\\/wp-content\\\/uploads\\\/sites\\\/10\\\/2015\\\/09\\\/634377Assembly_President.jpg\",\"contentUrl\":\"https:\\\/\\\/www.un.org\\\/pga\\\/wp-content\\\/uploads\\\/sites\\\/10\\\/2015\\\/09\\\/634377Assembly_President.jpg\",\"width\":1024,\"height\":681,\"caption\":\"Sam Kutesa (derecha), Presidente de la 69\u00aa sesi\u00f3n de la Asamblea General, se re\u00fane con Mogens Lykketoft, Presidente del Parlamento de Dinamarca y Presidente designado de la sesi\u00f3n 70 de la Asamblea General. Ä¢¹½ÊÓÆµ Photo \\\/ Eskinder Debebe\"},{\"@type\":\"BreadcrumbList\",\"@id\":\"https:\\\/\\\/www.un.org\\\/pga\\\/70\\\/es\\\/2015\\\/06\\\/15\\\/asamblea-general-de-la-onu-elige-nuevo-presidente-para-el-70-periodo-de-sesiones\\\/#breadcrumb\",\"itemListElement\":[{\"@type\":\"ListItem\",\"position\":1,\"name\":\"Home\",\"item\":\"https:\\\/\\\/www.un.org\\\/pga\\\/70\\\/es\\\/\"},{\"@type\":\"ListItem\",\"position\":2,\"name\":\"Asamblea General de la ONU elige nuevo presidente para el 70 per\u00edodo de sesiones\"}]},{\"@type\":\"WebSite\",\"@id\":\"https:\\\/\\\/www.un.org\\\/pga\\\/70\\\/#website\",\"url\":\"https:\\\/\\\/www.un.org\\\/pga\\\/70\\\/\",\"name\":\"General Assembly of the United Nations\",\"description\":\"Presidente del 70\u00b0 per\u00edodo de sesiones -  Un nuevo compromiso para la acci\u00f3n\",\"publisher\":{\"@id\":\"https:\\\/\\\/www.un.org\\\/pga\\\/70\\\/#organization\"},\"potentialAction\":[{\"@type\":\"SearchAction\",\"target\":{\"@type\":\"EntryPoint\",\"urlTemplate\":\"https:\\\/\\\/www.un.org\\\/pga\\\/70\\\/?s={search_term_string}\"},\"query-input\":{\"@type\":\"PropertyValueSpecification\",\"valueRequired\":true,\"valueName\":\"search_term_string\"}}],\"inLanguage\":\"es\"},{\"@type\":\"Organization\",\"@id\":\"https:\\\/\\\/www.un.org\\\/pga\\\/70\\\/#organization\",\"name\":\"General Assembly of the United Nations\",\"url\":\"https:\\\/\\\/www.un.org\\\/pga\\\/70\\\/\",\"logo\":{\"@type\":\"ImageObject\",\"inLanguage\":\"es\",\"@id\":\"https:\\\/\\\/www.un.org\\\/pga\\\/70\\\/#\\\/schema\\\/logo\\\/image\\\/\",\"url\":\"https:\\\/\\\/www.un.org\\\/pga\\\/wp-content\\\/uploads\\\/sites\\\/10\\\/2015\\\/12\\\/PGA70-logo.jpg\",\"contentUrl\":\"https:\\\/\\\/www.un.org\\\/pga\\\/wp-content\\\/uploads\\\/sites\\\/10\\\/2015\\\/12\\\/PGA70-logo.jpg\",\"width\":672,\"height\":372,\"caption\":\"General Assembly of the United Nations\"},\"image\":{\"@id\":\"https:\\\/\\\/www.un.org\\\/pga\\\/70\\\/#\\\/schema\\\/logo\\\/image\\\/\"}},{\"@type\":\"Person\",\"@id\":\"https:\\\/\\\/www.un.org\\\/pga\\\/70\\\/#\\\/schema\\\/person\\\/48a91d582f34a9fb17593492edf921a4\",\"name\":\"unsites\",\"image\":{\"@type\":\"ImageObject\",\"inLanguage\":\"es\",\"@id\":\"https:\\\/\\\/secure.gravatar.com\\\/avatar\\\/b12baf659e883edfd4119878b775df7ba3f103d1254be63fd823aa0d0747f19f?s=96&d=mm&r=g\",\"url\":\"https:\\\/\\\/secure.gravatar.com\\\/avatar\\\/b12baf659e883edfd4119878b775df7ba3f103d1254be63fd823aa0d0747f19f?s=96&d=mm&r=g\",\"contentUrl\":\"https:\\\/\\\/secure.gravatar.com\\\/avatar\\\/b12baf659e883edfd4119878b775df7ba3f103d1254be63fd823aa0d0747f19f?s=96&d=mm&r=g\",\"caption\":\"unsites\"},\"url\":\"https:\\\/\\\/www.un.org\\\/pga\\\/70\\\/es\\\/author\\\/unsites\\\/\"}]}<\/script>\n<!-- \/ Yoast SEO plugin. -->","yoast_head_json":{"title":"Asamblea General de la ONU elige nuevo presidente para el 70 per\u00edodo de sesiones - Asamblea General de las Naciones Unidas","robots":{"index":"index","follow":"follow","max-snippet":"max-snippet:-1","max-image-preview":"max-image-preview:large","max-video-preview":"max-video-preview:-1"},"canonical":"https:\/\/www.un.org\/pga\/70\/es\/2015\/06\/15\/asamblea-general-de-la-onu-elige-nuevo-presidente-para-el-70-periodo-de-sesiones\/","og_locale":"es_ES","og_type":"article","og_title":"Asamblea General de la ONU elige nuevo presidente para el 70 per\u00edodo de sesiones - Asamblea General de las Naciones Unidas","og_description":"El presidente del Parlamento y ex ministro de Relaciones Exteriores de Dinamarca, Mogens Lykketoft, fue electo este lunes como nuevo presidente de la Asamblea General de la ONU para su periodo n\u00famero 70.","og_url":"https:\/\/www.un.org\/pga\/70\/es\/2015\/06\/15\/asamblea-general-de-la-onu-elige-nuevo-presidente-para-el-70-periodo-de-sesiones\/","og_site_name":"Asamblea General de las Naciones Unidas","article_published_time":"2015-06-15T15:03:24+00:00","article_modified_time":"2015-09-14T19:21:36+00:00","og_image":[{"width":1024,"height":681,"url":"https:\/\/www.un.org\/pga\/wp-content\/uploads\/sites\/10\/2015\/09\/634377Assembly_President.jpg","type":"image\/jpeg"}],"author":"unsites","twitter_card":"summary_large_image","twitter_misc":{"Escrito por":"unsites"},"schema":{"@context":"https:\/\/schema.org","@graph":[{"@type":"Article","@id":"https:\/\/www.un.org\/pga\/70\/es\/2015\/06\/15\/asamblea-general-de-la-onu-elige-nuevo-presidente-para-el-70-periodo-de-sesiones\/#article","isPartOf":{"@id":"https:\/\/www.un.org\/pga\/70\/es\/2015\/06\/15\/asamblea-general-de-la-onu-elige-nuevo-presidente-para-el-70-periodo-de-sesiones\/"},"author":{"name":"unsites","@id":"https:\/\/www.un.org\/pga\/70\/#\/schema\/person\/48a91d582f34a9fb17593492edf921a4"},"headline":"Asamblea General de la ONU elige nuevo presidente para el 70 per\u00edodo de sesiones","datePublished":"2015-06-15T15:03:24+00:00","dateModified":"2015-09-14T19:21:36+00:00","mainEntityOfPage":{"@id":"https:\/\/www.un.org\/pga\/70\/es\/2015\/06\/15\/asamblea-general-de-la-onu-elige-nuevo-presidente-para-el-70-periodo-de-sesiones\/"},"wordCount":14,"publisher":{"@id":"https:\/\/www.un.org\/pga\/70\/#organization"},"image":{"@id":"https:\/\/www.un.org\/pga\/70\/es\/2015\/06\/15\/asamblea-general-de-la-onu-elige-nuevo-presidente-para-el-70-periodo-de-sesiones\/#primaryimage"},"thumbnailUrl":"https:\/\/www.un.org\/pga\/wp-content\/uploads\/sites\/10\/2015\/09\/634377Assembly_President.jpg","articleSection":["Noticias"],"inLanguage":"es"},{"@type":"WebPage","@id":"https:\/\/www.un.org\/pga\/70\/es\/2015\/06\/15\/asamblea-general-de-la-onu-elige-nuevo-presidente-para-el-70-periodo-de-sesiones\/","url":"https:\/\/www.un.org\/pga\/70\/es\/2015\/06\/15\/asamblea-general-de-la-onu-elige-nuevo-presidente-para-el-70-periodo-de-sesiones\/","name":"Asamblea General de la ONU elige nuevo presidente para el 70 per\u00edodo de sesiones - Asamblea General de las Naciones Unidas","isPartOf":{"@id":"https:\/\/www.un.org\/pga\/70\/#website"},"primaryImageOfPage":{"@id":"https:\/\/www.un.org\/pga\/70\/es\/2015\/06\/15\/asamblea-general-de-la-onu-elige-nuevo-presidente-para-el-70-periodo-de-sesiones\/#primaryimage"},"image":{"@id":"https:\/\/www.un.org\/pga\/70\/es\/2015\/06\/15\/asamblea-general-de-la-onu-elige-nuevo-presidente-para-el-70-periodo-de-sesiones\/#primaryimage"},"thumbnailUrl":"https:\/\/www.un.org\/pga\/wp-content\/uploads\/sites\/10\/2015\/09\/634377Assembly_President.jpg","datePublished":"2015-06-15T15:03:24+00:00","dateModified":"2015-09-14T19:21:36+00:00","breadcrumb":{"@id":"https:\/\/www.un.org\/pga\/70\/es\/2015\/06\/15\/asamblea-general-de-la-onu-elige-nuevo-presidente-para-el-70-periodo-de-sesiones\/#breadcrumb"},"inLanguage":"es","potentialAction":[{"@type":"ReadAction","target":["https:\/\/www.un.org\/pga\/70\/es\/2015\/06\/15\/asamblea-general-de-la-onu-elige-nuevo-presidente-para-el-70-periodo-de-sesiones\/"]}]},{"@type":"ImageObject","inLanguage":"es","@id":"https:\/\/www.un.org\/pga\/70\/es\/2015\/06\/15\/asamblea-general-de-la-onu-elige-nuevo-presidente-para-el-70-periodo-de-sesiones\/#primaryimage","url":"https:\/\/www.un.org\/pga\/wp-content\/uploads\/sites\/10\/2015\/09\/634377Assembly_President.jpg","contentUrl":"https:\/\/www.un.org\/pga\/wp-content\/uploads\/sites\/10\/2015\/09\/634377Assembly_President.jpg","width":1024,"height":681,"caption":"Sam Kutesa (derecha), Presidente de la 69\u00aa sesi\u00f3n de la Asamblea General, se re\u00fane con Mogens Lykketoft, Presidente del Parlamento de Dinamarca y Presidente designado de la sesi\u00f3n 70 de la Asamblea General. Ä¢¹½ÊÓÆµ Photo \/ Eskinder Debebe"},{"@type":"BreadcrumbList","@id":"https:\/\/www.un.org\/pga\/70\/es\/2015\/06\/15\/asamblea-general-de-la-onu-elige-nuevo-presidente-para-el-70-periodo-de-sesiones\/#breadcrumb","itemListElement":[{"@type":"ListItem","position":1,"name":"Home","item":"https:\/\/www.un.org\/pga\/70\/es\/"},{"@type":"ListItem","position":2,"name":"Asamblea General de la ONU elige nuevo presidente para el 70 per\u00edodo de sesiones"}]},{"@type":"WebSite","@id":"https:\/\/www.un.org\/pga\/70\/#website","url":"https:\/\/www.un.org\/pga\/70\/","name":"General Assembly of the United Nations","description":"Presidente del 70\u00b0 per\u00edodo de sesiones -  Un nuevo compromiso para la acci\u00f3n","publisher":{"@id":"https:\/\/www.un.org\/pga\/70\/#organization"},"potentialAction":[{"@type":"SearchAction","target":{"@type":"EntryPoint","urlTemplate":"https:\/\/www.un.org\/pga\/70\/?s={search_term_string}"},"query-input":{"@type":"PropertyValueSpecification","valueRequired":true,"valueName":"search_term_string"}}],"inLanguage":"es"},{"@type":"Organization","@id":"https:\/\/www.un.org\/pga\/70\/#organization","name":"General Assembly of the United Nations","url":"https:\/\/www.un.org\/pga\/70\/","logo":{"@type":"ImageObject","inLanguage":"es","@id":"https:\/\/www.un.org\/pga\/70\/#\/schema\/logo\/image\/","url":"https:\/\/www.un.org\/pga\/wp-content\/uploads\/sites\/10\/2015\/12\/PGA70-logo.jpg","contentUrl":"https:\/\/www.un.org\/pga\/wp-content\/uploads\/sites\/10\/2015\/12\/PGA70-logo.jpg","width":672,"height":372,"caption":"General Assembly of the United Nations"},"image":{"@id":"https:\/\/www.un.org\/pga\/70\/#\/schema\/logo\/image\/"}},{"@type":"Person","@id":"https:\/\/www.un.org\/pga\/70\/#\/schema\/person\/48a91d582f34a9fb17593492edf921a4","name":"unsites","image":{"@type":"ImageObject","inLanguage":"es","@id":"https:\/\/secure.gravatar.com\/avatar\/b12baf659e883edfd4119878b775df7ba3f103d1254be63fd823aa0d0747f19f?s=96&d=mm&r=g","url":"https:\/\/secure.gravatar.com\/avatar\/b12baf659e883edfd4119878b775df7ba3f103d1254be63fd823aa0d0747f19f?s=96&d=mm&r=g","contentUrl":"https:\/\/secure.gravatar.com\/avatar\/b12baf659e883edfd4119878b775df7ba3f103d1254be63fd823aa0d0747f19f?s=96&d=mm&r=g","caption":"unsites"},"url":"https:\/\/www.un.org\/pga\/70\/es\/author\/unsites\/"}]}},"_links":{"self":[{"href":"https:\/\/www.un.org\/pga\/70\/es\/wp-json\/wp\/v2\/posts\/6789","targetHints":{"allow":["GET"]}}],"collection":[{"href":"https:\/\/www.un.org\/pga\/70\/es\/wp-json\/wp\/v2\/posts"}],"about":[{"href":"https:\/\/www.un.org\/pga\/70\/es\/wp-json\/wp\/v2\/types\/post"}],"author":[{"embeddable":true,"href":"https:\/\/www.un.org\/pga\/70\/es\/wp-json\/wp\/v2\/users\/1"}],"replies":[{"embeddable":true,"href":"https:\/\/www.un.org\/pga\/70\/es\/wp-json\/wp\/v2\/comments?post=6789"}],"version-history":[{"count":0,"href":"https:\/\/www.un.org\/pga\/70\/es\/wp-json\/wp\/v2\/posts\/6789\/revisions"}],"wp:featuredmedia":[{"embeddable":true,"href":"https:\/\/www.un.org\/pga\/70\/es\/wp-json\/wp\/v2\/media\/6793"}],"wp:attachment":[{"href":"https:\/\/www.un.org\/pga\/70\/es\/wp-json\/wp\/v2\/media?parent=6789"}],"wp:term":[{"taxonomy":"category","embeddable":true,"href":"https:\/\/www.un.org\/pga\/70\/es\/wp-json\/wp\/v2\/categories?post=6789"},{"taxonomy":"post_tag","embeddable":true,"href":"https:\/\/www.un.org\/pga\/70\/es\/wp-json\/wp\/v2\/tags?post=6789"}],"curies":[{"name":"wp","href":"https:\/\/api.w.org\/{rel}","templated":true}]}}