  {"id":26826,"date":"2015-10-22T16:41:32","date_gmt":"2015-10-22T20:41:32","guid":{"rendered":"http:\/\/www.un.org\/pga\/71development\/es\/?p=26826"},"modified":"2015-10-30T11:50:19","modified_gmt":"2015-10-30T15:50:19","slug":"el-mundo-se-ilumina-de-azul-para-conmemorar-los-70-anos-de-la-onu","status":"publish","type":"post","link":"https:\/\/www.un.org\/pga\/71\/es\/2015\/10\/22\/el-mundo-se-ilumina-de-azul-para-conmemorar-los-70-anos-de-la-onu\/","title":{"rendered":"El mundo se ilumina de azul para conmemorar los 70 a\u00f1os de la ONU"},"content":{"rendered":"<h2><a href=\"http:\/\/www.un.org\/pga\/71development\/wp-content\/uploads\/sites\/40\/2015\/10\/Twitter-TIMELINE-Ä¢¹½ÊÓÆµ70.png\"><img loading=\"lazy\" decoding=\"async\" class=\"alignnone size-full wp-image-25053\" src=\"http:\/\/www.un.org\/pga\/71development\/wp-content\/uploads\/sites\/40\/2015\/10\/Twitter-TIMELINE-Ä¢¹½ÊÓÆµ70.png\" alt=\"Pinta el mundo de azul\" width=\"1500\" height=\"500\" \/><\/a><\/h2>\n<h2>El mundo se ilumina de azul para conmemorar los 70 a\u00f1os de la ONU<\/h2>\n<p style=\"text-align: justify\">El 24 de octubre m\u00e1s de 200 monumentos emblem\u00e1ticos, edificios, estatuas, puentes y otros lugares de inter\u00e9s en cerca de 60 pa\u00edses en todo el planeta <a href=\"http:\/\/www.un.org\/un70\/es\">se iluminar\u00e1n de azul<\/a> en el D\u00eda de las Naciones Unidas como parte de una nueva y emocionante campa\u00f1a mundial que desea unir a los ciudadanos de todo el mundo en la promoci\u00f3n de un mensaje en favor de la paz, el desarrollo y los derechos humanos.<\/p>\n<p style=\"text-align: justify\">Entre los participantes en esta campa\u00f1a, se encuentran lugares como la \u00d3pera de S\u00eddney, las grandes pir\u00e1mides de Guiza en Egipto, el Cristo Redentor en R\u00edo de Janeiro, el Empire State Building de Nueva York, la Torre SkyTree de Tokio, la Torre Inclinada de Pisa en Italia, El museo del Hermitage en San Petersburgo, Rusia, el Templo de Qoricancha en Cuzco, Per\u00fa, El \u00c1ngel de la Independencia de M\u00e9xico, la Torre Colpatria en Colombia y la Alhambra de Espa\u00f1a, que se iluminar\u00e1n ese d\u00eda con azul para ayudar a conmemorar la fundaci\u00f3n de la ONU.<\/p>\n<p style=\"text-align: justify\">La celebraci\u00f3n mundial comenzar\u00e1 en la sede de la ONU en Nueva York el 23 de octubre y ser\u00e1 seguido por Nueva Zelandia y luego Australia con la iluminaci\u00f3n de la \u00d3pera de S\u00eddney en la oscuridad, y de all\u00ed una ola de azul se mover\u00e1 entre los pa\u00edses y los continentes de todo el mundo con el iluminado de los monumentos que participan en el evento internacional.<\/p>\n<div class=\"woo-sc-divider\"><\/div>\n","protected":false},"excerpt":{"rendered":"<p>El 24 de octubre m\u00e1s de 200 monumentos emblem\u00e1ticos, edificios, estatuas, puentes y otros lugares de inter\u00e9s en cerca de 60 pa\u00edses en todo el planeta se iluminar\u00e1n de azul [&hellip;]<\/p>\n","protected":false},"author":1,"featured_media":25253,"comment_status":"closed","ping_status":"closed","sticky":false,"template":"","format":"standard","meta":{"footnotes":"","_links_to":"","_links_to_target":""},"categories":[197],"tags":[],"class_list":["post-26826","post","type-post","status-publish","format-standard","has-post-thumbnail","hentry","category-news"],"yoast_head":"<!-- This site is optimized with the Yoast SEO plugin v28.3 - https:\/\/yoast.com\/product\/yoast-seo-wordpress\/ -->\n<title>El mundo se ilumina de azul para conmemorar los 70 a\u00f1os de la ONU - Asamblea General de las Naciones Unidas<\/title>\n<meta name=\"robots\" content=\"index, follow, max-snippet:-1, max-image-preview:large, max-video-preview:-1\" \/>\n<link rel=\"canonical\" href=\"https:\/\/www.un.org\/pga\/71\/es\/2015\/10\/22\/el-mundo-se-ilumina-de-azul-para-conmemorar-los-70-anos-de-la-onu\/\" \/>\n<meta property=\"og:locale\" content=\"es_ES\" \/>\n<meta property=\"og:type\" content=\"article\" \/>\n<meta property=\"og:title\" content=\"El mundo se ilumina de azul para conmemorar los 70 a\u00f1os de la ONU - Asamblea General de las Naciones Unidas\" \/>\n<meta property=\"og:description\" content=\"El 24 de octubre m\u00e1s de 200 monumentos emblem\u00e1ticos, edificios, estatuas, puentes y otros lugares de inter\u00e9s en cerca de 60 pa\u00edses en todo el planeta se iluminar\u00e1n de azul [&hellip;]\" \/>\n<meta property=\"og:url\" content=\"https:\/\/www.un.org\/pga\/71\/es\/2015\/10\/22\/el-mundo-se-ilumina-de-azul-para-conmemorar-los-70-anos-de-la-onu\/\" \/>\n<meta property=\"og:site_name\" content=\"Asamblea General de las Naciones Unidas\" \/>\n<meta property=\"article:published_time\" content=\"2015-10-22T20:41:32+00:00\" \/>\n<meta property=\"article:modified_time\" content=\"2015-10-30T15:50:19+00:00\" \/>\n<meta property=\"og:image\" content=\"https:\/\/www.un.org\/pga\/wp-content\/uploads\/sites\/40\/2015\/10\/Facebook-timeline-Ä¢¹½ÊÓÆµ70-1024x416.png\" \/>\n\t<meta property=\"og:image:width\" content=\"1024\" \/>\n\t<meta property=\"og:image:height\" content=\"416\" \/>\n\t<meta property=\"og:image:type\" content=\"image\/png\" \/>\n<meta name=\"author\" content=\"unsites\" \/>\n<meta name=\"twitter:card\" content=\"summary_large_image\" \/>\n<meta name=\"twitter:label1\" content=\"Escrito por\" \/>\n\t<meta name=\"twitter:data1\" content=\"unsites\" \/>\n\t<meta name=\"twitter:label2\" content=\"Tiempo de lectura\" \/>\n\t<meta name=\"twitter:data2\" content=\"1 minuto\" \/>\n<script type=\"application\/ld+json\" class=\"yoast-schema-graph\">{\"@context\":\"https:\\\/\\\/schema.org\",\"@graph\":[{\"@type\":\"Article\",\"@id\":\"https:\\\/\\\/www.un.org\\\/pga\\\/71\\\/es\\\/2015\\\/10\\\/22\\\/el-mundo-se-ilumina-de-azul-para-conmemorar-los-70-anos-de-la-onu\\\/#article\",\"isPartOf\":{\"@id\":\"https:\\\/\\\/www.un.org\\\/pga\\\/71\\\/es\\\/2015\\\/10\\\/22\\\/el-mundo-se-ilumina-de-azul-para-conmemorar-los-70-anos-de-la-onu\\\/\"},\"author\":{\"name\":\"unsites\",\"@id\":\"https:\\\/\\\/www.un.org\\\/pga\\\/71\\\/#\\\/schema\\\/person\\\/48a91d582f34a9fb17593492edf921a4\"},\"headline\":\"El mundo se ilumina de azul para conmemorar los 70 a\u00f1os de la ONU\",\"datePublished\":\"2015-10-22T20:41:32+00:00\",\"dateModified\":\"2015-10-30T15:50:19+00:00\",\"mainEntityOfPage\":{\"@id\":\"https:\\\/\\\/www.un.org\\\/pga\\\/71\\\/es\\\/2015\\\/10\\\/22\\\/el-mundo-se-ilumina-de-azul-para-conmemorar-los-70-anos-de-la-onu\\\/\"},\"wordCount\":282,\"publisher\":{\"@id\":\"https:\\\/\\\/www.un.org\\\/pga\\\/71\\\/#organization\"},\"image\":{\"@id\":\"https:\\\/\\\/www.un.org\\\/pga\\\/71\\\/es\\\/2015\\\/10\\\/22\\\/el-mundo-se-ilumina-de-azul-para-conmemorar-los-70-anos-de-la-onu\\\/#primaryimage\"},\"thumbnailUrl\":\"https:\\\/\\\/www.un.org\\\/pga\\\/wp-content\\\/uploads\\\/sites\\\/40\\\/2015\\\/10\\\/Facebook-timeline-Ä¢¹½ÊÓÆµ70.png\",\"articleSection\":[\"Noticias\"],\"inLanguage\":\"es\"},{\"@type\":\"WebPage\",\"@id\":\"https:\\\/\\\/www.un.org\\\/pga\\\/71\\\/es\\\/2015\\\/10\\\/22\\\/el-mundo-se-ilumina-de-azul-para-conmemorar-los-70-anos-de-la-onu\\\/\",\"url\":\"https:\\\/\\\/www.un.org\\\/pga\\\/71\\\/es\\\/2015\\\/10\\\/22\\\/el-mundo-se-ilumina-de-azul-para-conmemorar-los-70-anos-de-la-onu\\\/\",\"name\":\"El mundo se ilumina de azul para conmemorar los 70 a\u00f1os de la ONU - Asamblea General de las Naciones Unidas\",\"isPartOf\":{\"@id\":\"https:\\\/\\\/www.un.org\\\/pga\\\/71\\\/#website\"},\"primaryImageOfPage\":{\"@id\":\"https:\\\/\\\/www.un.org\\\/pga\\\/71\\\/es\\\/2015\\\/10\\\/22\\\/el-mundo-se-ilumina-de-azul-para-conmemorar-los-70-anos-de-la-onu\\\/#primaryimage\"},\"image\":{\"@id\":\"https:\\\/\\\/www.un.org\\\/pga\\\/71\\\/es\\\/2015\\\/10\\\/22\\\/el-mundo-se-ilumina-de-azul-para-conmemorar-los-70-anos-de-la-onu\\\/#primaryimage\"},\"thumbnailUrl\":\"https:\\\/\\\/www.un.org\\\/pga\\\/wp-content\\\/uploads\\\/sites\\\/40\\\/2015\\\/10\\\/Facebook-timeline-Ä¢¹½ÊÓÆµ70.png\",\"datePublished\":\"2015-10-22T20:41:32+00:00\",\"dateModified\":\"2015-10-30T15:50:19+00:00\",\"breadcrumb\":{\"@id\":\"https:\\\/\\\/www.un.org\\\/pga\\\/71\\\/es\\\/2015\\\/10\\\/22\\\/el-mundo-se-ilumina-de-azul-para-conmemorar-los-70-anos-de-la-onu\\\/#breadcrumb\"},\"inLanguage\":\"es\",\"potentialAction\":[{\"@type\":\"ReadAction\",\"target\":[\"https:\\\/\\\/www.un.org\\\/pga\\\/71\\\/es\\\/2015\\\/10\\\/22\\\/el-mundo-se-ilumina-de-azul-para-conmemorar-los-70-anos-de-la-onu\\\/\"]}]},{\"@type\":\"ImageObject\",\"inLanguage\":\"es\",\"@id\":\"https:\\\/\\\/www.un.org\\\/pga\\\/71\\\/es\\\/2015\\\/10\\\/22\\\/el-mundo-se-ilumina-de-azul-para-conmemorar-los-70-anos-de-la-onu\\\/#primaryimage\",\"url\":\"https:\\\/\\\/www.un.org\\\/pga\\\/wp-content\\\/uploads\\\/sites\\\/40\\\/2015\\\/10\\\/Facebook-timeline-Ä¢¹½ÊÓÆµ70.png\",\"contentUrl\":\"https:\\\/\\\/www.un.org\\\/pga\\\/wp-content\\\/uploads\\\/sites\\\/40\\\/2015\\\/10\\\/Facebook-timeline-Ä¢¹½ÊÓÆµ70.png\",\"width\":1773,\"height\":720},{\"@type\":\"BreadcrumbList\",\"@id\":\"https:\\\/\\\/www.un.org\\\/pga\\\/71\\\/es\\\/2015\\\/10\\\/22\\\/el-mundo-se-ilumina-de-azul-para-conmemorar-los-70-anos-de-la-onu\\\/#breadcrumb\",\"itemListElement\":[{\"@type\":\"ListItem\",\"position\":1,\"name\":\"Home\",\"item\":\"https:\\\/\\\/www.un.org\\\/pga\\\/71\\\/es\\\/\"},{\"@type\":\"ListItem\",\"position\":2,\"name\":\"El mundo se ilumina de azul para conmemorar los 70 a\u00f1os de la ONU\"}]},{\"@type\":\"WebSite\",\"@id\":\"https:\\\/\\\/www.un.org\\\/pga\\\/71\\\/#website\",\"url\":\"https:\\\/\\\/www.un.org\\\/pga\\\/71\\\/\",\"name\":\"71st Session General Assembly of the United Nations\",\"description\":\"Presidente del 71\u00b0 per\u00edodo de sesiones\",\"publisher\":{\"@id\":\"https:\\\/\\\/www.un.org\\\/pga\\\/71\\\/#organization\"},\"potentialAction\":[{\"@type\":\"SearchAction\",\"target\":{\"@type\":\"EntryPoint\",\"urlTemplate\":\"https:\\\/\\\/www.un.org\\\/pga\\\/71\\\/?s={search_term_string}\"},\"query-input\":{\"@type\":\"PropertyValueSpecification\",\"valueRequired\":true,\"valueName\":\"search_term_string\"}}],\"inLanguage\":\"es\"},{\"@type\":\"Organization\",\"@id\":\"https:\\\/\\\/www.un.org\\\/pga\\\/71\\\/#organization\",\"name\":\"General Assembly of the United Nations\",\"url\":\"https:\\\/\\\/www.un.org\\\/pga\\\/71\\\/\",\"logo\":{\"@type\":\"ImageObject\",\"inLanguage\":\"es\",\"@id\":\"https:\\\/\\\/www.un.org\\\/pga\\\/71\\\/#\\\/schema\\\/logo\\\/image\\\/\",\"url\":\"https:\\\/\\\/www.un.org\\\/pga\\\/wp-content\\\/uploads\\\/sites\\\/40\\\/2016\\\/09\\\/pga71logo_without-tagline.jpg\",\"contentUrl\":\"https:\\\/\\\/www.un.org\\\/pga\\\/wp-content\\\/uploads\\\/sites\\\/40\\\/2016\\\/09\\\/pga71logo_without-tagline.jpg\",\"width\":400,\"height\":456,\"caption\":\"General Assembly of the United Nations\"},\"image\":{\"@id\":\"https:\\\/\\\/www.un.org\\\/pga\\\/71\\\/#\\\/schema\\\/logo\\\/image\\\/\"}},{\"@type\":\"Person\",\"@id\":\"https:\\\/\\\/www.un.org\\\/pga\\\/71\\\/#\\\/schema\\\/person\\\/48a91d582f34a9fb17593492edf921a4\",\"name\":\"unsites\",\"image\":{\"@type\":\"ImageObject\",\"inLanguage\":\"es\",\"@id\":\"https:\\\/\\\/secure.gravatar.com\\\/avatar\\\/b12baf659e883edfd4119878b775df7ba3f103d1254be63fd823aa0d0747f19f?s=96&d=mm&r=g\",\"url\":\"https:\\\/\\\/secure.gravatar.com\\\/avatar\\\/b12baf659e883edfd4119878b775df7ba3f103d1254be63fd823aa0d0747f19f?s=96&d=mm&r=g\",\"contentUrl\":\"https:\\\/\\\/secure.gravatar.com\\\/avatar\\\/b12baf659e883edfd4119878b775df7ba3f103d1254be63fd823aa0d0747f19f?s=96&d=mm&r=g\",\"caption\":\"unsites\"},\"url\":\"https:\\\/\\\/www.un.org\\\/pga\\\/71\\\/es\\\/author\\\/unsites\\\/\"}]}<\/script>\n<!-- \/ Yoast SEO plugin. -->","yoast_head_json":{"title":"El mundo se ilumina de azul para conmemorar los 70 a\u00f1os de la ONU - Asamblea General de las Naciones Unidas","robots":{"index":"index","follow":"follow","max-snippet":"max-snippet:-1","max-image-preview":"max-image-preview:large","max-video-preview":"max-video-preview:-1"},"canonical":"https:\/\/www.un.org\/pga\/71\/es\/2015\/10\/22\/el-mundo-se-ilumina-de-azul-para-conmemorar-los-70-anos-de-la-onu\/","og_locale":"es_ES","og_type":"article","og_title":"El mundo se ilumina de azul para conmemorar los 70 a\u00f1os de la ONU - Asamblea General de las Naciones Unidas","og_description":"El 24 de octubre m\u00e1s de 200 monumentos emblem\u00e1ticos, edificios, estatuas, puentes y otros lugares de inter\u00e9s en cerca de 60 pa\u00edses en todo el planeta se iluminar\u00e1n de azul [&hellip;]","og_url":"https:\/\/www.un.org\/pga\/71\/es\/2015\/10\/22\/el-mundo-se-ilumina-de-azul-para-conmemorar-los-70-anos-de-la-onu\/","og_site_name":"Asamblea General de las Naciones Unidas","article_published_time":"2015-10-22T20:41:32+00:00","article_modified_time":"2015-10-30T15:50:19+00:00","og_image":[{"width":1024,"height":416,"url":"https:\/\/www.un.org\/pga\/wp-content\/uploads\/sites\/40\/2015\/10\/Facebook-timeline-Ä¢¹½ÊÓÆµ70-1024x416.png","type":"image\/png"}],"author":"unsites","twitter_card":"summary_large_image","twitter_misc":{"Escrito por":"unsites","Tiempo de lectura":"1 minuto"},"schema":{"@context":"https:\/\/schema.org","@graph":[{"@type":"Article","@id":"https:\/\/www.un.org\/pga\/71\/es\/2015\/10\/22\/el-mundo-se-ilumina-de-azul-para-conmemorar-los-70-anos-de-la-onu\/#article","isPartOf":{"@id":"https:\/\/www.un.org\/pga\/71\/es\/2015\/10\/22\/el-mundo-se-ilumina-de-azul-para-conmemorar-los-70-anos-de-la-onu\/"},"author":{"name":"unsites","@id":"https:\/\/www.un.org\/pga\/71\/#\/schema\/person\/48a91d582f34a9fb17593492edf921a4"},"headline":"El mundo se ilumina de azul para conmemorar los 70 a\u00f1os de la ONU","datePublished":"2015-10-22T20:41:32+00:00","dateModified":"2015-10-30T15:50:19+00:00","mainEntityOfPage":{"@id":"https:\/\/www.un.org\/pga\/71\/es\/2015\/10\/22\/el-mundo-se-ilumina-de-azul-para-conmemorar-los-70-anos-de-la-onu\/"},"wordCount":282,"publisher":{"@id":"https:\/\/www.un.org\/pga\/71\/#organization"},"image":{"@id":"https:\/\/www.un.org\/pga\/71\/es\/2015\/10\/22\/el-mundo-se-ilumina-de-azul-para-conmemorar-los-70-anos-de-la-onu\/#primaryimage"},"thumbnailUrl":"https:\/\/www.un.org\/pga\/wp-content\/uploads\/sites\/40\/2015\/10\/Facebook-timeline-Ä¢¹½ÊÓÆµ70.png","articleSection":["Noticias"],"inLanguage":"es"},{"@type":"WebPage","@id":"https:\/\/www.un.org\/pga\/71\/es\/2015\/10\/22\/el-mundo-se-ilumina-de-azul-para-conmemorar-los-70-anos-de-la-onu\/","url":"https:\/\/www.un.org\/pga\/71\/es\/2015\/10\/22\/el-mundo-se-ilumina-de-azul-para-conmemorar-los-70-anos-de-la-onu\/","name":"El mundo se ilumina de azul para conmemorar los 70 a\u00f1os de la ONU - Asamblea General de las Naciones Unidas","isPartOf":{"@id":"https:\/\/www.un.org\/pga\/71\/#website"},"primaryImageOfPage":{"@id":"https:\/\/www.un.org\/pga\/71\/es\/2015\/10\/22\/el-mundo-se-ilumina-de-azul-para-conmemorar-los-70-anos-de-la-onu\/#primaryimage"},"image":{"@id":"https:\/\/www.un.org\/pga\/71\/es\/2015\/10\/22\/el-mundo-se-ilumina-de-azul-para-conmemorar-los-70-anos-de-la-onu\/#primaryimage"},"thumbnailUrl":"https:\/\/www.un.org\/pga\/wp-content\/uploads\/sites\/40\/2015\/10\/Facebook-timeline-Ä¢¹½ÊÓÆµ70.png","datePublished":"2015-10-22T20:41:32+00:00","dateModified":"2015-10-30T15:50:19+00:00","breadcrumb":{"@id":"https:\/\/www.un.org\/pga\/71\/es\/2015\/10\/22\/el-mundo-se-ilumina-de-azul-para-conmemorar-los-70-anos-de-la-onu\/#breadcrumb"},"inLanguage":"es","potentialAction":[{"@type":"ReadAction","target":["https:\/\/www.un.org\/pga\/71\/es\/2015\/10\/22\/el-mundo-se-ilumina-de-azul-para-conmemorar-los-70-anos-de-la-onu\/"]}]},{"@type":"ImageObject","inLanguage":"es","@id":"https:\/\/www.un.org\/pga\/71\/es\/2015\/10\/22\/el-mundo-se-ilumina-de-azul-para-conmemorar-los-70-anos-de-la-onu\/#primaryimage","url":"https:\/\/www.un.org\/pga\/wp-content\/uploads\/sites\/40\/2015\/10\/Facebook-timeline-Ä¢¹½ÊÓÆµ70.png","contentUrl":"https:\/\/www.un.org\/pga\/wp-content\/uploads\/sites\/40\/2015\/10\/Facebook-timeline-Ä¢¹½ÊÓÆµ70.png","width":1773,"height":720},{"@type":"BreadcrumbList","@id":"https:\/\/www.un.org\/pga\/71\/es\/2015\/10\/22\/el-mundo-se-ilumina-de-azul-para-conmemorar-los-70-anos-de-la-onu\/#breadcrumb","itemListElement":[{"@type":"ListItem","position":1,"name":"Home","item":"https:\/\/www.un.org\/pga\/71\/es\/"},{"@type":"ListItem","position":2,"name":"El mundo se ilumina de azul para conmemorar los 70 a\u00f1os de la ONU"}]},{"@type":"WebSite","@id":"https:\/\/www.un.org\/pga\/71\/#website","url":"https:\/\/www.un.org\/pga\/71\/","name":"71st Session General Assembly of the United Nations","description":"Presidente del 71\u00b0 per\u00edodo de sesiones","publisher":{"@id":"https:\/\/www.un.org\/pga\/71\/#organization"},"potentialAction":[{"@type":"SearchAction","target":{"@type":"EntryPoint","urlTemplate":"https:\/\/www.un.org\/pga\/71\/?s={search_term_string}"},"query-input":{"@type":"PropertyValueSpecification","valueRequired":true,"valueName":"search_term_string"}}],"inLanguage":"es"},{"@type":"Organization","@id":"https:\/\/www.un.org\/pga\/71\/#organization","name":"General Assembly of the United Nations","url":"https:\/\/www.un.org\/pga\/71\/","logo":{"@type":"ImageObject","inLanguage":"es","@id":"https:\/\/www.un.org\/pga\/71\/#\/schema\/logo\/image\/","url":"https:\/\/www.un.org\/pga\/wp-content\/uploads\/sites\/40\/2016\/09\/pga71logo_without-tagline.jpg","contentUrl":"https:\/\/www.un.org\/pga\/wp-content\/uploads\/sites\/40\/2016\/09\/pga71logo_without-tagline.jpg","width":400,"height":456,"caption":"General Assembly of the United Nations"},"image":{"@id":"https:\/\/www.un.org\/pga\/71\/#\/schema\/logo\/image\/"}},{"@type":"Person","@id":"https:\/\/www.un.org\/pga\/71\/#\/schema\/person\/48a91d582f34a9fb17593492edf921a4","name":"unsites","image":{"@type":"ImageObject","inLanguage":"es","@id":"https:\/\/secure.gravatar.com\/avatar\/b12baf659e883edfd4119878b775df7ba3f103d1254be63fd823aa0d0747f19f?s=96&d=mm&r=g","url":"https:\/\/secure.gravatar.com\/avatar\/b12baf659e883edfd4119878b775df7ba3f103d1254be63fd823aa0d0747f19f?s=96&d=mm&r=g","contentUrl":"https:\/\/secure.gravatar.com\/avatar\/b12baf659e883edfd4119878b775df7ba3f103d1254be63fd823aa0d0747f19f?s=96&d=mm&r=g","caption":"unsites"},"url":"https:\/\/www.un.org\/pga\/71\/es\/author\/unsites\/"}]}},"_links":{"self":[{"href":"https:\/\/www.un.org\/pga\/71\/es\/wp-json\/wp\/v2\/posts\/26826","targetHints":{"allow":["GET"]}}],"collection":[{"href":"https:\/\/www.un.org\/pga\/71\/es\/wp-json\/wp\/v2\/posts"}],"about":[{"href":"https:\/\/www.un.org\/pga\/71\/es\/wp-json\/wp\/v2\/types\/post"}],"author":[{"embeddable":true,"href":"https:\/\/www.un.org\/pga\/71\/es\/wp-json\/wp\/v2\/users\/1"}],"replies":[{"embeddable":true,"href":"https:\/\/www.un.org\/pga\/71\/es\/wp-json\/wp\/v2\/comments?post=26826"}],"version-history":[{"count":0,"href":"https:\/\/www.un.org\/pga\/71\/es\/wp-json\/wp\/v2\/posts\/26826\/revisions"}],"wp:featuredmedia":[{"embeddable":true,"href":"https:\/\/www.un.org\/pga\/71\/es\/wp-json\/wp\/v2\/media\/25253"}],"wp:attachment":[{"href":"https:\/\/www.un.org\/pga\/71\/es\/wp-json\/wp\/v2\/media?parent=26826"}],"wp:term":[{"taxonomy":"category","embeddable":true,"href":"https:\/\/www.un.org\/pga\/71\/es\/wp-json\/wp\/v2\/categories?post=26826"},{"taxonomy":"post_tag","embeddable":true,"href":"https:\/\/www.un.org\/pga\/71\/es\/wp-json\/wp\/v2\/tags?post=26826"}],"curies":[{"name":"wp","href":"https:\/\/api.w.org\/{rel}","templated":true}]}}