  {"id":77048,"date":"2016-10-13T09:01:25","date_gmt":"2016-10-13T13:01:25","guid":{"rendered":"http:\/\/www.un.org\/pga\/71\/es\/?p=77048"},"modified":"2016-10-18T09:12:34","modified_gmt":"2016-10-18T13:12:34","slug":"eleccion-del-nuevo-secretario-general-de-la-onu","status":"publish","type":"post","link":"https:\/\/www.un.org\/pga\/71\/es\/2016\/10\/13\/eleccion-del-nuevo-secretario-general-de-la-onu\/","title":{"rendered":"Elecci\u00f3n del nuevo Secretario General de la ONU"},"content":{"rendered":"<h2><strong>La Asamblea General nombra a Ant\u00f3nio Guterres nuevo Secretario General de la ONU<\/strong><\/h2>\n<p><a href=\"http:\/\/www.un.org\/pga\/71\/wp-content\/uploads\/sites\/40\/2016\/10\/IMG_3954.jpg\"><img loading=\"lazy\" decoding=\"async\" class=\"alignleft wp-image-76410 size-medium\" src=\"http:\/\/www.un.org\/pga\/71\/wp-content\/uploads\/sites\/40\/2016\/10\/IMG_3954-300x235.jpg\" alt=\"El Presidente de la Asamblea General de las Naciones Unidas con Ant\u00f3nio Guterres antes de su nombramiento\" width=\"300\" height=\"235\" srcset=\"https:\/\/www.un.org\/pga\/wp-content\/uploads\/sites\/40\/2016\/10\/IMG_3954-300x235.jpg 300w, https:\/\/www.un.org\/pga\/wp-content\/uploads\/sites\/40\/2016\/10\/IMG_3954-150x118.jpg 150w, https:\/\/www.un.org\/pga\/wp-content\/uploads\/sites\/40\/2016\/10\/IMG_3954-768x602.jpg 768w, https:\/\/www.un.org\/pga\/wp-content\/uploads\/sites\/40\/2016\/10\/IMG_3954-1024x803.jpg 1024w, https:\/\/www.un.org\/pga\/wp-content\/uploads\/sites\/40\/2016\/10\/IMG_3954.jpg 1147w\" sizes=\"auto, (max-width: 300px) 100vw, 300px\" \/><\/a>13 de octubre, 2016 \u2014 La Asamblea General de Naciones Unidas nombr\u00f3 hoy por aclamaci\u00f3n a Ant\u00f3nio Guterres como Secretario General de la Organizaci\u00f3n para el periodo 2017-2021.<\/p>\n<p>\u201cDespu\u00e9s de extensas consultas con los Estados miembros, entiendo que la Asamblea General desea adoptar por aclamaci\u00f3n el proyecto de resoluci\u00f3n A\/71\/L4. As\u00ed queda decidido\u201d, dijo el presidente del m\u00e1ximo \u00f3rgano deliberativo, Peter Thomson, refiri\u00e9ndose al texto que nombra a Guterres Secretario General.<\/p>\n<p>Tras la adopci\u00f3n del documento, Thomson destac\u00f3 ante el pleno de la Asamblea el proceso que dio lugar al nombramiento de Guterres, calific\u00e1ndolo como hist\u00f3rico ya que, pese a que ser\u00e1 el noveno l\u00edder de la ONU, por primera vez fue guiado por los principios de inclusi\u00f3n y transparencia.<\/p>\n<p>Sostuvo que los 13 candidatos, 7 mujeres entre ellos, en sus audiencias informales con los Estados miembros, mostraron su compromiso con la Carta de las Naciones Unidas e hicieron gala de eficiencia, competencia e integridad.<\/p>\n<p>Thomson se\u00f1al\u00f3 que en esos di\u00e1logos pudo observarse el deseo de los Estados miembros de contar con un Secretario General independiente y valiente que hiciera uso del poder que le confiere la Carta de la ONU para responder a los desaf\u00edos del mundo de hoy.<\/p>\n<p>\u201cFelicito a Ant\u00f3nio Guterres por haber sido el mejor candidato en un proceso tan riguroso, hist\u00f3rico y amplio. Ant\u00f3nio Guterres encarna los m\u00e1s altos est\u00e1ndares de competencia, integridad y liderazgo que hacen falta para el cargo y su bagaje incluye una vasta experiencia de sus a\u00f1os como primer ministro de Portugal y como Alto Comisionado de la ONU para los Refugiados. Su dedicaci\u00f3n a los ideales y valores comunes de las Naciones Unidas es indudable\u201d, puntualiz\u00f3 el presidente de la Asamblea General.<\/p>\n<p>En la sesi\u00f3n plenaria, el presidente en turno del Consejo de Seguridad, el embajador ruso Vitaly Churkin, ley\u00f3 la recomendaci\u00f3n hecha oficial el 6 de octubre, cuando ese \u00f3rgano seleccion\u00f3 a Guterres, tambi\u00e9n por aclamaci\u00f3n, para suceder a Ban Ki-moon a partir del 1 de enero pr\u00f3ximo.<\/p>\n<p>Churkin destac\u00f3 la unidad mostrada en torno a Guterres y reafirm\u00f3 el respaldo incondicional del Consejo al nuevo Secretario General.<\/p>\n<p>Por su parte, el todav\u00eda Secretario General, Ban Ki-moon, aplaudi\u00f3 a los Estados miembros por la decisi\u00f3n y por el proceso de selecci\u00f3n, destacando el esp\u00edritu solidario y compasivo de Guterres y subrayando adem\u00e1s su s\u00f3lida experiencia pol\u00edtica.<\/p>\n<p>\u00abSus instintos pol\u00edticos son los de Naciones Unidas: cooperaci\u00f3n para el bien com\u00fan y responsabilidad compartida para toda la gente del planeta\u00bb, enfatiz\u00f3.<\/p>\n<p>Asimismo, subray\u00f3 su solidaridad y compasi\u00f3n y recalc\u00f3 que se le conoce donde m\u00e1s hace falta: en la vanguardia de los conflictos armados y de las crisis humanitarias.<\/p>\n<p>En la sesi\u00f3n de nombramiento de Guterres, las regiones del mundo tomaron el micr\u00f3fono para expresar su apoyo al nuevo Secretario General. Por el Grupo de Am\u00e9rica Latina y el Caribe (GRULAC), el embajador chileno, Cristi\u00e1n Barros Melet, felicit\u00f3 al nuevo Secretario General y manifest\u00f3 la convicci\u00f3n de que su labor dar\u00e1 un impulso renovado a la promoci\u00f3n de la paz y la seguridad internacionales.<\/p>\n<p>\u201cLa estatura y competencia diplom\u00e1tica del se\u00f1or Guterres, junto con su amplia experiencia en una gama de \u00e1reas, lo hacen una persona eminentemente apta para esta posici\u00f3n clave y demandante, en un tiempo en que la comunidad internacional ha tornado el compromiso hist\u00f3rico de liberar a la humanidad de la pobreza, como se establece en la Agenda 2030 para el Desarrollo Sostenible\u201d, apunt\u00f3 Barros.<\/p>\n<p>El pr\u00f3ximo Secretario General de Naciones Unidas fue el encargado de cerrar el evento y comenz\u00f3 expresando gratitud y humildad, adem\u00e1s de un gran sentido de la responsabilidad ante tan alto nombramiento.<\/p>\n<p>Subray\u00f3 que recuperar el respeto por la dignidad de las personas guiar\u00e1 su trabajo, en l\u00ednea con su experiencia de haber observado de primera mano el sufrimiento de los m\u00e1s vulnerables.<\/p>\n<p>Pronunciando en espa\u00f1ol una parte de su discurso, Ant\u00f3nio Guterres expres\u00f3 su reconocimiento a las misiones de paz de la ONU y rechaz\u00f3 firmemente los casos de abuso sexual perpetrados por algunos de esos efectivos.<\/p>\n<p>\u00ab[Hago] Un llamamiento al apoyo de los Estados miembros y de todas las estructuras de la Organizaci\u00f3n: no permitamos que comportamientos repugnantes da\u00f1en el hero\u00edsmo al servicio de Naciones Unidas\u00bb.<\/p>\n<p>A modo de conclusi\u00f3n, se dirigi\u00f3 a Ban Ki-moon y le asegur\u00f3 que har\u00e1 lo posible para continuar su legado de gran dedicaci\u00f3n al servicio p\u00fablico internacional.<\/p>\n<p>El mandato de Ant\u00f3nio Guterres comenzar\u00e1 el 1 de enero de 2017 y terminar\u00e1 el 31 de diciembre de 2021. <\/p>\n<p><a href=\"http:\/\/www.un.org\/spanish\/News\/story.asp?NewsID=36048#.WAYdlTVOpAA\">Centro de noticias<\/a><\/p>\n","protected":false},"excerpt":{"rendered":"<p>La Asamblea General nombra a Ant\u00f3nio Guterres nuevo Secretario General de la ONU 13 de octubre, 2016 \u2014 La Asamblea General de Naciones Unidas nombr\u00f3 hoy por aclamaci\u00f3n a Ant\u00f3nio [&hellip;]<\/p>\n","protected":false},"author":15,"featured_media":0,"comment_status":"closed","ping_status":"closed","sticky":false,"template":"","format":"standard","meta":{"footnotes":"","_links_to":"","_links_to_target":""},"categories":[5],"tags":[],"class_list":["post-77048","post","type-post","status-publish","format-standard","hentry","category-sin-categorizar"],"yoast_head":"<!-- This site is optimized with the Yoast SEO plugin v28.3 - https:\/\/yoast.com\/product\/yoast-seo-wordpress\/ -->\n<title>Elecci\u00f3n del nuevo Secretario General de la ONU - Asamblea General de las Naciones Unidas<\/title>\n<meta name=\"robots\" content=\"index, follow, max-snippet:-1, max-image-preview:large, max-video-preview:-1\" \/>\n<link rel=\"canonical\" href=\"https:\/\/www.un.org\/pga\/71\/es\/2016\/10\/13\/eleccion-del-nuevo-secretario-general-de-la-onu\/\" \/>\n<meta property=\"og:locale\" content=\"es_ES\" \/>\n<meta property=\"og:type\" content=\"article\" \/>\n<meta property=\"og:title\" content=\"Elecci\u00f3n del nuevo Secretario General de la ONU - Asamblea General de las Naciones Unidas\" \/>\n<meta property=\"og:description\" content=\"La Asamblea General nombra a Ant\u00f3nio Guterres nuevo Secretario General de la ONU 13 de octubre, 2016 \u2014 La Asamblea General de Naciones Unidas nombr\u00f3 hoy por aclamaci\u00f3n a Ant\u00f3nio [&hellip;]\" \/>\n<meta property=\"og:url\" content=\"https:\/\/www.un.org\/pga\/71\/es\/2016\/10\/13\/eleccion-del-nuevo-secretario-general-de-la-onu\/\" \/>\n<meta property=\"og:site_name\" content=\"Asamblea General de las Naciones Unidas\" \/>\n<meta property=\"article:published_time\" content=\"2016-10-13T13:01:25+00:00\" \/>\n<meta property=\"article:modified_time\" content=\"2016-10-18T13:12:34+00:00\" \/>\n<meta property=\"og:image\" content=\"https:\/\/www.un.org\/pga\/wp-content\/uploads\/sites\/40\/2016\/10\/IMG_3954.jpg\" \/>\n\t<meta property=\"og:image:width\" content=\"1147\" \/>\n\t<meta property=\"og:image:height\" content=\"899\" \/>\n\t<meta property=\"og:image:type\" content=\"image\/jpeg\" \/>\n<meta name=\"twitter:card\" content=\"summary_large_image\" \/>\n<meta name=\"twitter:label1\" content=\"Escrito por\" \/>\n\t<meta name=\"twitter:data1\" content=\"\" \/>\n\t<meta name=\"twitter:label2\" content=\"Tiempo de lectura\" \/>\n\t<meta name=\"twitter:data2\" content=\"4 minutos\" \/>\n<script type=\"application\/ld+json\" class=\"yoast-schema-graph\">{\"@context\":\"https:\\\/\\\/schema.org\",\"@graph\":[{\"@type\":\"Article\",\"@id\":\"https:\\\/\\\/www.un.org\\\/pga\\\/71\\\/es\\\/2016\\\/10\\\/13\\\/eleccion-del-nuevo-secretario-general-de-la-onu\\\/#article\",\"isPartOf\":{\"@id\":\"https:\\\/\\\/www.un.org\\\/pga\\\/71\\\/es\\\/2016\\\/10\\\/13\\\/eleccion-del-nuevo-secretario-general-de-la-onu\\\/\"},\"author\":{\"name\":\"\",\"@id\":\"\"},\"headline\":\"Elecci\u00f3n del nuevo Secretario General de la ONU\",\"datePublished\":\"2016-10-13T13:01:25+00:00\",\"dateModified\":\"2016-10-18T13:12:34+00:00\",\"mainEntityOfPage\":{\"@id\":\"https:\\\/\\\/www.un.org\\\/pga\\\/71\\\/es\\\/2016\\\/10\\\/13\\\/eleccion-del-nuevo-secretario-general-de-la-onu\\\/\"},\"wordCount\":820,\"publisher\":{\"@id\":\"https:\\\/\\\/www.un.org\\\/pga\\\/71\\\/#organization\"},\"image\":{\"@id\":\"https:\\\/\\\/www.un.org\\\/pga\\\/71\\\/es\\\/2016\\\/10\\\/13\\\/eleccion-del-nuevo-secretario-general-de-la-onu\\\/#primaryimage\"},\"thumbnailUrl\":\"http:\\\/\\\/www.un.org\\\/pga\\\/71\\\/wp-content\\\/uploads\\\/sites\\\/40\\\/2016\\\/10\\\/IMG_3954-300x235.jpg\",\"articleSection\":[\"Sin categorizar\"],\"inLanguage\":\"es\"},{\"@type\":\"WebPage\",\"@id\":\"https:\\\/\\\/www.un.org\\\/pga\\\/71\\\/es\\\/2016\\\/10\\\/13\\\/eleccion-del-nuevo-secretario-general-de-la-onu\\\/\",\"url\":\"https:\\\/\\\/www.un.org\\\/pga\\\/71\\\/es\\\/2016\\\/10\\\/13\\\/eleccion-del-nuevo-secretario-general-de-la-onu\\\/\",\"name\":\"Elecci\u00f3n del nuevo Secretario General de la ONU - Asamblea General de las Naciones Unidas\",\"isPartOf\":{\"@id\":\"https:\\\/\\\/www.un.org\\\/pga\\\/71\\\/#website\"},\"primaryImageOfPage\":{\"@id\":\"https:\\\/\\\/www.un.org\\\/pga\\\/71\\\/es\\\/2016\\\/10\\\/13\\\/eleccion-del-nuevo-secretario-general-de-la-onu\\\/#primaryimage\"},\"image\":{\"@id\":\"https:\\\/\\\/www.un.org\\\/pga\\\/71\\\/es\\\/2016\\\/10\\\/13\\\/eleccion-del-nuevo-secretario-general-de-la-onu\\\/#primaryimage\"},\"thumbnailUrl\":\"http:\\\/\\\/www.un.org\\\/pga\\\/71\\\/wp-content\\\/uploads\\\/sites\\\/40\\\/2016\\\/10\\\/IMG_3954-300x235.jpg\",\"datePublished\":\"2016-10-13T13:01:25+00:00\",\"dateModified\":\"2016-10-18T13:12:34+00:00\",\"breadcrumb\":{\"@id\":\"https:\\\/\\\/www.un.org\\\/pga\\\/71\\\/es\\\/2016\\\/10\\\/13\\\/eleccion-del-nuevo-secretario-general-de-la-onu\\\/#breadcrumb\"},\"inLanguage\":\"es\",\"potentialAction\":[{\"@type\":\"ReadAction\",\"target\":[\"https:\\\/\\\/www.un.org\\\/pga\\\/71\\\/es\\\/2016\\\/10\\\/13\\\/eleccion-del-nuevo-secretario-general-de-la-onu\\\/\"]}]},{\"@type\":\"ImageObject\",\"inLanguage\":\"es\",\"@id\":\"https:\\\/\\\/www.un.org\\\/pga\\\/71\\\/es\\\/2016\\\/10\\\/13\\\/eleccion-del-nuevo-secretario-general-de-la-onu\\\/#primaryimage\",\"url\":\"http:\\\/\\\/www.un.org\\\/pga\\\/71\\\/wp-content\\\/uploads\\\/sites\\\/40\\\/2016\\\/10\\\/IMG_3954-300x235.jpg\",\"contentUrl\":\"http:\\\/\\\/www.un.org\\\/pga\\\/71\\\/wp-content\\\/uploads\\\/sites\\\/40\\\/2016\\\/10\\\/IMG_3954-300x235.jpg\"},{\"@type\":\"BreadcrumbList\",\"@id\":\"https:\\\/\\\/www.un.org\\\/pga\\\/71\\\/es\\\/2016\\\/10\\\/13\\\/eleccion-del-nuevo-secretario-general-de-la-onu\\\/#breadcrumb\",\"itemListElement\":[{\"@type\":\"ListItem\",\"position\":1,\"name\":\"Home\",\"item\":\"https:\\\/\\\/www.un.org\\\/pga\\\/71\\\/es\\\/\"},{\"@type\":\"ListItem\",\"position\":2,\"name\":\"Elecci\u00f3n del nuevo Secretario General de la ONU\"}]},{\"@type\":\"WebSite\",\"@id\":\"https:\\\/\\\/www.un.org\\\/pga\\\/71\\\/#website\",\"url\":\"https:\\\/\\\/www.un.org\\\/pga\\\/71\\\/\",\"name\":\"71st Session General Assembly of the United Nations\",\"description\":\"Presidente del 71\u00b0 per\u00edodo de sesiones\",\"publisher\":{\"@id\":\"https:\\\/\\\/www.un.org\\\/pga\\\/71\\\/#organization\"},\"potentialAction\":[{\"@type\":\"SearchAction\",\"target\":{\"@type\":\"EntryPoint\",\"urlTemplate\":\"https:\\\/\\\/www.un.org\\\/pga\\\/71\\\/?s={search_term_string}\"},\"query-input\":{\"@type\":\"PropertyValueSpecification\",\"valueRequired\":true,\"valueName\":\"search_term_string\"}}],\"inLanguage\":\"es\"},{\"@type\":\"Organization\",\"@id\":\"https:\\\/\\\/www.un.org\\\/pga\\\/71\\\/#organization\",\"name\":\"General Assembly of the United Nations\",\"url\":\"https:\\\/\\\/www.un.org\\\/pga\\\/71\\\/\",\"logo\":{\"@type\":\"ImageObject\",\"inLanguage\":\"es\",\"@id\":\"https:\\\/\\\/www.un.org\\\/pga\\\/71\\\/#\\\/schema\\\/logo\\\/image\\\/\",\"url\":\"https:\\\/\\\/www.un.org\\\/pga\\\/wp-content\\\/uploads\\\/sites\\\/40\\\/2016\\\/09\\\/pga71logo_without-tagline.jpg\",\"contentUrl\":\"https:\\\/\\\/www.un.org\\\/pga\\\/wp-content\\\/uploads\\\/sites\\\/40\\\/2016\\\/09\\\/pga71logo_without-tagline.jpg\",\"width\":400,\"height\":456,\"caption\":\"General Assembly of the United Nations\"},\"image\":{\"@id\":\"https:\\\/\\\/www.un.org\\\/pga\\\/71\\\/#\\\/schema\\\/logo\\\/image\\\/\"}},{\"@type\":\"Person\",\"@id\":\"\",\"url\":\"https:\\\/\\\/www.un.org\\\/pga\\\/71\\\/es\\\/author\\\/\"}]}<\/script>\n<!-- \/ Yoast SEO plugin. -->","yoast_head_json":{"title":"Elecci\u00f3n del nuevo Secretario General de la ONU - Asamblea General de las Naciones Unidas","robots":{"index":"index","follow":"follow","max-snippet":"max-snippet:-1","max-image-preview":"max-image-preview:large","max-video-preview":"max-video-preview:-1"},"canonical":"https:\/\/www.un.org\/pga\/71\/es\/2016\/10\/13\/eleccion-del-nuevo-secretario-general-de-la-onu\/","og_locale":"es_ES","og_type":"article","og_title":"Elecci\u00f3n del nuevo Secretario General de la ONU - Asamblea General de las Naciones Unidas","og_description":"La Asamblea General nombra a Ant\u00f3nio Guterres nuevo Secretario General de la ONU 13 de octubre, 2016 \u2014 La Asamblea General de Naciones Unidas nombr\u00f3 hoy por aclamaci\u00f3n a Ant\u00f3nio [&hellip;]","og_url":"https:\/\/www.un.org\/pga\/71\/es\/2016\/10\/13\/eleccion-del-nuevo-secretario-general-de-la-onu\/","og_site_name":"Asamblea General de las Naciones Unidas","article_published_time":"2016-10-13T13:01:25+00:00","article_modified_time":"2016-10-18T13:12:34+00:00","og_image":[{"width":1147,"height":899,"url":"https:\/\/www.un.org\/pga\/wp-content\/uploads\/sites\/40\/2016\/10\/IMG_3954.jpg","type":"image\/jpeg"}],"twitter_card":"summary_large_image","twitter_misc":{"Escrito por":"","Tiempo de lectura":"4 minutos"},"schema":{"@context":"https:\/\/schema.org","@graph":[{"@type":"Article","@id":"https:\/\/www.un.org\/pga\/71\/es\/2016\/10\/13\/eleccion-del-nuevo-secretario-general-de-la-onu\/#article","isPartOf":{"@id":"https:\/\/www.un.org\/pga\/71\/es\/2016\/10\/13\/eleccion-del-nuevo-secretario-general-de-la-onu\/"},"author":{"name":"","@id":""},"headline":"Elecci\u00f3n del nuevo Secretario General de la ONU","datePublished":"2016-10-13T13:01:25+00:00","dateModified":"2016-10-18T13:12:34+00:00","mainEntityOfPage":{"@id":"https:\/\/www.un.org\/pga\/71\/es\/2016\/10\/13\/eleccion-del-nuevo-secretario-general-de-la-onu\/"},"wordCount":820,"publisher":{"@id":"https:\/\/www.un.org\/pga\/71\/#organization"},"image":{"@id":"https:\/\/www.un.org\/pga\/71\/es\/2016\/10\/13\/eleccion-del-nuevo-secretario-general-de-la-onu\/#primaryimage"},"thumbnailUrl":"http:\/\/www.un.org\/pga\/71\/wp-content\/uploads\/sites\/40\/2016\/10\/IMG_3954-300x235.jpg","articleSection":["Sin categorizar"],"inLanguage":"es"},{"@type":"WebPage","@id":"https:\/\/www.un.org\/pga\/71\/es\/2016\/10\/13\/eleccion-del-nuevo-secretario-general-de-la-onu\/","url":"https:\/\/www.un.org\/pga\/71\/es\/2016\/10\/13\/eleccion-del-nuevo-secretario-general-de-la-onu\/","name":"Elecci\u00f3n del nuevo Secretario General de la ONU - Asamblea General de las Naciones Unidas","isPartOf":{"@id":"https:\/\/www.un.org\/pga\/71\/#website"},"primaryImageOfPage":{"@id":"https:\/\/www.un.org\/pga\/71\/es\/2016\/10\/13\/eleccion-del-nuevo-secretario-general-de-la-onu\/#primaryimage"},"image":{"@id":"https:\/\/www.un.org\/pga\/71\/es\/2016\/10\/13\/eleccion-del-nuevo-secretario-general-de-la-onu\/#primaryimage"},"thumbnailUrl":"http:\/\/www.un.org\/pga\/71\/wp-content\/uploads\/sites\/40\/2016\/10\/IMG_3954-300x235.jpg","datePublished":"2016-10-13T13:01:25+00:00","dateModified":"2016-10-18T13:12:34+00:00","breadcrumb":{"@id":"https:\/\/www.un.org\/pga\/71\/es\/2016\/10\/13\/eleccion-del-nuevo-secretario-general-de-la-onu\/#breadcrumb"},"inLanguage":"es","potentialAction":[{"@type":"ReadAction","target":["https:\/\/www.un.org\/pga\/71\/es\/2016\/10\/13\/eleccion-del-nuevo-secretario-general-de-la-onu\/"]}]},{"@type":"ImageObject","inLanguage":"es","@id":"https:\/\/www.un.org\/pga\/71\/es\/2016\/10\/13\/eleccion-del-nuevo-secretario-general-de-la-onu\/#primaryimage","url":"http:\/\/www.un.org\/pga\/71\/wp-content\/uploads\/sites\/40\/2016\/10\/IMG_3954-300x235.jpg","contentUrl":"http:\/\/www.un.org\/pga\/71\/wp-content\/uploads\/sites\/40\/2016\/10\/IMG_3954-300x235.jpg"},{"@type":"BreadcrumbList","@id":"https:\/\/www.un.org\/pga\/71\/es\/2016\/10\/13\/eleccion-del-nuevo-secretario-general-de-la-onu\/#breadcrumb","itemListElement":[{"@type":"ListItem","position":1,"name":"Home","item":"https:\/\/www.un.org\/pga\/71\/es\/"},{"@type":"ListItem","position":2,"name":"Elecci\u00f3n del nuevo Secretario General de la ONU"}]},{"@type":"WebSite","@id":"https:\/\/www.un.org\/pga\/71\/#website","url":"https:\/\/www.un.org\/pga\/71\/","name":"71st Session General Assembly of the United Nations","description":"Presidente del 71\u00b0 per\u00edodo de sesiones","publisher":{"@id":"https:\/\/www.un.org\/pga\/71\/#organization"},"potentialAction":[{"@type":"SearchAction","target":{"@type":"EntryPoint","urlTemplate":"https:\/\/www.un.org\/pga\/71\/?s={search_term_string}"},"query-input":{"@type":"PropertyValueSpecification","valueRequired":true,"valueName":"search_term_string"}}],"inLanguage":"es"},{"@type":"Organization","@id":"https:\/\/www.un.org\/pga\/71\/#organization","name":"General Assembly of the United Nations","url":"https:\/\/www.un.org\/pga\/71\/","logo":{"@type":"ImageObject","inLanguage":"es","@id":"https:\/\/www.un.org\/pga\/71\/#\/schema\/logo\/image\/","url":"https:\/\/www.un.org\/pga\/wp-content\/uploads\/sites\/40\/2016\/09\/pga71logo_without-tagline.jpg","contentUrl":"https:\/\/www.un.org\/pga\/wp-content\/uploads\/sites\/40\/2016\/09\/pga71logo_without-tagline.jpg","width":400,"height":456,"caption":"General Assembly of the United Nations"},"image":{"@id":"https:\/\/www.un.org\/pga\/71\/#\/schema\/logo\/image\/"}},{"@type":"Person","@id":"","url":"https:\/\/www.un.org\/pga\/71\/es\/author\/"}]}},"_links":{"self":[{"href":"https:\/\/www.un.org\/pga\/71\/es\/wp-json\/wp\/v2\/posts\/77048","targetHints":{"allow":["GET"]}}],"collection":[{"href":"https:\/\/www.un.org\/pga\/71\/es\/wp-json\/wp\/v2\/posts"}],"about":[{"href":"https:\/\/www.un.org\/pga\/71\/es\/wp-json\/wp\/v2\/types\/post"}],"author":[{"embeddable":true,"href":"https:\/\/www.un.org\/pga\/71\/es\/wp-json\/wp\/v2\/users\/15"}],"replies":[{"embeddable":true,"href":"https:\/\/www.un.org\/pga\/71\/es\/wp-json\/wp\/v2\/comments?post=77048"}],"version-history":[{"count":0,"href":"https:\/\/www.un.org\/pga\/71\/es\/wp-json\/wp\/v2\/posts\/77048\/revisions"}],"wp:attachment":[{"href":"https:\/\/www.un.org\/pga\/71\/es\/wp-json\/wp\/v2\/media?parent=77048"}],"wp:term":[{"taxonomy":"category","embeddable":true,"href":"https:\/\/www.un.org\/pga\/71\/es\/wp-json\/wp\/v2\/categories?post=77048"},{"taxonomy":"post_tag","embeddable":true,"href":"https:\/\/www.un.org\/pga\/71\/es\/wp-json\/wp\/v2\/tags?post=77048"}],"curies":[{"name":"wp","href":"https:\/\/api.w.org\/{rel}","templated":true}]}}