  {"id":69796,"date":"2016-09-18T18:00:27","date_gmt":"2016-09-18T22:00:27","guid":{"rendered":"http:\/\/www.un.org\/pga\/71\/?p=69796"},"modified":"2016-09-19T18:55:55","modified_gmt":"2016-09-19T22:55:55","slug":"meeting-with-foreign-minister-of-turkey","status":"publish","type":"post","link":"https:\/\/www.un.org\/pga\/71\/2016\/09\/18\/meeting-with-foreign-minister-of-turkey\/","title":{"rendered":"Meeting with Foreign Minister of Turkey"},"content":{"rendered":"<h2 style=\"text-align: justify\">Meeting with\u00a0Foreign Minister of Turkey, H.E. Mr Mevl\u00fct \u00c7avu\u015fo\u011flu<\/h2>\n<div id=\"attachment_69800\" style=\"width: 410px\" class=\"wp-caption alignleft\"><img loading=\"lazy\" decoding=\"async\" aria-describedby=\"caption-attachment-69800\" class=\"wp-image-69800\" src=\"http:\/\/www.un.org\/pga\/71\/wp-content\/uploads\/sites\/40\/2016\/09\/2016-09-18-PHOTO-00000001-300x215.jpg\" alt=\"Meeting with the FM of Turkey\" width=\"400\" height=\"287\" srcset=\"https:\/\/www.un.org\/pga\/wp-content\/uploads\/sites\/40\/2016\/09\/2016-09-18-PHOTO-00000001-300x215.jpg 300w, https:\/\/www.un.org\/pga\/wp-content\/uploads\/sites\/40\/2016\/09\/2016-09-18-PHOTO-00000001-150x108.jpg 150w, https:\/\/www.un.org\/pga\/wp-content\/uploads\/sites\/40\/2016\/09\/2016-09-18-PHOTO-00000001-768x551.jpg 768w, https:\/\/www.un.org\/pga\/wp-content\/uploads\/sites\/40\/2016\/09\/2016-09-18-PHOTO-00000001-1024x734.jpg 1024w, https:\/\/www.un.org\/pga\/wp-content\/uploads\/sites\/40\/2016\/09\/2016-09-18-PHOTO-00000001.jpg 1280w\" sizes=\"auto, (max-width: 400px) 100vw, 400px\" \/><p id=\"caption-attachment-69800\" class=\"wp-caption-text\">\u00a9OPGA\/Sen<\/p><\/div>\n<p style=\"text-align: justify\">The President of the General Assembly, H.E. Mr. Peter Thomson, today met with the Foreign Minister of Turkey, H.E. Mr Mevl\u00fct \u00c7avu\u015fo\u011flu. Foreign Minister \u00c7avu\u015fo\u011flu briefed on the aftermath of the failed military coup attempt on 15 July 2016 in Turkey. The \u00a0President of the General Assembly condemned the coup and expressed his solidarity with the democratically-elected government and the people of Turkey. President Thomson and Minister \u00c7avu\u015fo\u011flu also exchanged views on tomorrow&#8217;s Summit on Refugees and Migrants, as well as on regional developments.<\/p>\n<p style=\"text-align: justify\"><div class=\"woo-sc-divider\"><\/div><\/p>\n","protected":false},"excerpt":{"rendered":"<p>Meeting with\u00a0Foreign Minister of Turkey, H.E. Mr Mevl\u00fct \u00c7avu\u015fo\u011flu The President of the General Assembly, H.E. Mr. Peter Thomson, today met with the Foreign Minister of Turkey, H.E. Mr Mevl\u00fct [&hellip;]<\/p>\n","protected":false},"author":202,"featured_media":69800,"comment_status":"closed","ping_status":"closed","sticky":false,"template":"","format":"standard","meta":{"footnotes":"","_links_to":"","_links_to_target":""},"categories":[165],"tags":[341,3180,3352,252],"class_list":["post-69796","post","type-post","status-publish","format-standard","has-post-thumbnail","hentry","category-news-stories","tag-bilateral","tag-latest-news","tag-military-coup-attempt","tag-turkey"],"yoast_head":"<!-- This site is optimized with the Yoast SEO plugin v28.3 - https:\/\/yoast.com\/product\/yoast-seo-wordpress\/ -->\n<title>Meeting with Foreign Minister of Turkey - General Assembly of the United Nations<\/title>\n<meta name=\"robots\" content=\"index, follow, max-snippet:-1, max-image-preview:large, max-video-preview:-1\" \/>\n<link rel=\"canonical\" href=\"https:\/\/www.un.org\/pga\/71\/2016\/09\/18\/meeting-with-foreign-minister-of-turkey\/\" \/>\n<meta property=\"og:locale\" content=\"en_US\" \/>\n<meta property=\"og:type\" content=\"article\" \/>\n<meta property=\"og:title\" content=\"Meeting with Foreign Minister of Turkey - General Assembly of the United Nations\" \/>\n<meta property=\"og:description\" content=\"Meeting with\u00a0Foreign Minister of Turkey, H.E. Mr Mevl\u00fct \u00c7avu\u015fo\u011flu The President of the General Assembly, H.E. Mr. Peter Thomson, today met with the Foreign Minister of Turkey, H.E. Mr Mevl\u00fct [&hellip;]\" \/>\n<meta property=\"og:url\" content=\"https:\/\/www.un.org\/pga\/71\/2016\/09\/18\/meeting-with-foreign-minister-of-turkey\/\" \/>\n<meta property=\"og:site_name\" content=\"General Assembly of the United Nations\" \/>\n<meta property=\"article:published_time\" content=\"2016-09-18T22:00:27+00:00\" \/>\n<meta property=\"article:modified_time\" content=\"2016-09-19T22:55:55+00:00\" \/>\n<meta property=\"og:image\" content=\"https:\/\/www.un.org\/pga\/wp-content\/uploads\/sites\/40\/2016\/09\/2016-09-18-PHOTO-00000001.jpg\" \/>\n\t<meta property=\"og:image:width\" content=\"1280\" \/>\n\t<meta property=\"og:image:height\" content=\"918\" \/>\n\t<meta property=\"og:image:type\" content=\"image\/jpeg\" \/>\n<meta name=\"author\" content=\"Katharina Kandt\" \/>\n<meta name=\"twitter:card\" content=\"summary_large_image\" \/>\n<meta name=\"twitter:label1\" content=\"Written by\" \/>\n\t<meta name=\"twitter:data1\" content=\"Katharina Kandt\" \/>\n\t<meta name=\"twitter:label2\" content=\"Est. reading time\" \/>\n\t<meta name=\"twitter:data2\" content=\"1 minute\" \/>\n<script type=\"application\/ld+json\" class=\"yoast-schema-graph\">{\"@context\":\"https:\\\/\\\/schema.org\",\"@graph\":[{\"@type\":\"Article\",\"@id\":\"https:\\\/\\\/www.un.org\\\/pga\\\/71\\\/2016\\\/09\\\/18\\\/meeting-with-foreign-minister-of-turkey\\\/#article\",\"isPartOf\":{\"@id\":\"https:\\\/\\\/www.un.org\\\/pga\\\/71\\\/2016\\\/09\\\/18\\\/meeting-with-foreign-minister-of-turkey\\\/\"},\"author\":{\"name\":\"Katharina Kandt\",\"@id\":\"https:\\\/\\\/www.un.org\\\/pga\\\/71\\\/#\\\/schema\\\/person\\\/06bf09e43d46846c087701ec99ac8412\"},\"headline\":\"Meeting with Foreign Minister of Turkey\",\"datePublished\":\"2016-09-18T22:00:27+00:00\",\"dateModified\":\"2016-09-19T22:55:55+00:00\",\"mainEntityOfPage\":{\"@id\":\"https:\\\/\\\/www.un.org\\\/pga\\\/71\\\/2016\\\/09\\\/18\\\/meeting-with-foreign-minister-of-turkey\\\/\"},\"wordCount\":122,\"publisher\":{\"@id\":\"https:\\\/\\\/www.un.org\\\/pga\\\/71\\\/#organization\"},\"image\":{\"@id\":\"https:\\\/\\\/www.un.org\\\/pga\\\/71\\\/2016\\\/09\\\/18\\\/meeting-with-foreign-minister-of-turkey\\\/#primaryimage\"},\"thumbnailUrl\":\"https:\\\/\\\/www.un.org\\\/pga\\\/wp-content\\\/uploads\\\/sites\\\/40\\\/2016\\\/09\\\/2016-09-18-PHOTO-00000001.jpg\",\"keywords\":[\"bilateral\",\"latest news\",\"military coup attempt\",\"Turkey\"],\"articleSection\":[\"News stories\"],\"inLanguage\":\"en-US\"},{\"@type\":\"WebPage\",\"@id\":\"https:\\\/\\\/www.un.org\\\/pga\\\/71\\\/2016\\\/09\\\/18\\\/meeting-with-foreign-minister-of-turkey\\\/\",\"url\":\"https:\\\/\\\/www.un.org\\\/pga\\\/71\\\/2016\\\/09\\\/18\\\/meeting-with-foreign-minister-of-turkey\\\/\",\"name\":\"Meeting with Foreign Minister of Turkey - General Assembly of the United Nations\",\"isPartOf\":{\"@id\":\"https:\\\/\\\/www.un.org\\\/pga\\\/71\\\/#website\"},\"primaryImageOfPage\":{\"@id\":\"https:\\\/\\\/www.un.org\\\/pga\\\/71\\\/2016\\\/09\\\/18\\\/meeting-with-foreign-minister-of-turkey\\\/#primaryimage\"},\"image\":{\"@id\":\"https:\\\/\\\/www.un.org\\\/pga\\\/71\\\/2016\\\/09\\\/18\\\/meeting-with-foreign-minister-of-turkey\\\/#primaryimage\"},\"thumbnailUrl\":\"https:\\\/\\\/www.un.org\\\/pga\\\/wp-content\\\/uploads\\\/sites\\\/40\\\/2016\\\/09\\\/2016-09-18-PHOTO-00000001.jpg\",\"datePublished\":\"2016-09-18T22:00:27+00:00\",\"dateModified\":\"2016-09-19T22:55:55+00:00\",\"breadcrumb\":{\"@id\":\"https:\\\/\\\/www.un.org\\\/pga\\\/71\\\/2016\\\/09\\\/18\\\/meeting-with-foreign-minister-of-turkey\\\/#breadcrumb\"},\"inLanguage\":\"en-US\",\"potentialAction\":[{\"@type\":\"ReadAction\",\"target\":[\"https:\\\/\\\/www.un.org\\\/pga\\\/71\\\/2016\\\/09\\\/18\\\/meeting-with-foreign-minister-of-turkey\\\/\"]}]},{\"@type\":\"ImageObject\",\"inLanguage\":\"en-US\",\"@id\":\"https:\\\/\\\/www.un.org\\\/pga\\\/71\\\/2016\\\/09\\\/18\\\/meeting-with-foreign-minister-of-turkey\\\/#primaryimage\",\"url\":\"https:\\\/\\\/www.un.org\\\/pga\\\/wp-content\\\/uploads\\\/sites\\\/40\\\/2016\\\/09\\\/2016-09-18-PHOTO-00000001.jpg\",\"contentUrl\":\"https:\\\/\\\/www.un.org\\\/pga\\\/wp-content\\\/uploads\\\/sites\\\/40\\\/2016\\\/09\\\/2016-09-18-PHOTO-00000001.jpg\",\"width\":1280,\"height\":918,\"caption\":\"\u00a9OPGA\\\/Sen\"},{\"@type\":\"BreadcrumbList\",\"@id\":\"https:\\\/\\\/www.un.org\\\/pga\\\/71\\\/2016\\\/09\\\/18\\\/meeting-with-foreign-minister-of-turkey\\\/#breadcrumb\",\"itemListElement\":[{\"@type\":\"ListItem\",\"position\":1,\"name\":\"Home\",\"item\":\"https:\\\/\\\/www.un.org\\\/pga\\\/71\\\/\"},{\"@type\":\"ListItem\",\"position\":2,\"name\":\"Meeting with Foreign Minister of Turkey\"}]},{\"@type\":\"WebSite\",\"@id\":\"https:\\\/\\\/www.un.org\\\/pga\\\/71\\\/#website\",\"url\":\"https:\\\/\\\/www.un.org\\\/pga\\\/71\\\/\",\"name\":\"71st Session General Assembly of the United Nations\",\"description\":\"President of the 71st session\",\"publisher\":{\"@id\":\"https:\\\/\\\/www.un.org\\\/pga\\\/71\\\/#organization\"},\"potentialAction\":[{\"@type\":\"SearchAction\",\"target\":{\"@type\":\"EntryPoint\",\"urlTemplate\":\"https:\\\/\\\/www.un.org\\\/pga\\\/71\\\/?s={search_term_string}\"},\"query-input\":{\"@type\":\"PropertyValueSpecification\",\"valueRequired\":true,\"valueName\":\"search_term_string\"}}],\"inLanguage\":\"en-US\"},{\"@type\":\"Organization\",\"@id\":\"https:\\\/\\\/www.un.org\\\/pga\\\/71\\\/#organization\",\"name\":\"General Assembly of the United Nations\",\"url\":\"https:\\\/\\\/www.un.org\\\/pga\\\/71\\\/\",\"logo\":{\"@type\":\"ImageObject\",\"inLanguage\":\"en-US\",\"@id\":\"https:\\\/\\\/www.un.org\\\/pga\\\/71\\\/#\\\/schema\\\/logo\\\/image\\\/\",\"url\":\"https:\\\/\\\/www.un.org\\\/pga\\\/wp-content\\\/uploads\\\/sites\\\/40\\\/2016\\\/09\\\/pga71logo_without-tagline.jpg\",\"contentUrl\":\"https:\\\/\\\/www.un.org\\\/pga\\\/wp-content\\\/uploads\\\/sites\\\/40\\\/2016\\\/09\\\/pga71logo_without-tagline.jpg\",\"width\":400,\"height\":456,\"caption\":\"General Assembly of the United Nations\"},\"image\":{\"@id\":\"https:\\\/\\\/www.un.org\\\/pga\\\/71\\\/#\\\/schema\\\/logo\\\/image\\\/\"}},{\"@type\":\"Person\",\"@id\":\"https:\\\/\\\/www.un.org\\\/pga\\\/71\\\/#\\\/schema\\\/person\\\/06bf09e43d46846c087701ec99ac8412\",\"name\":\"Katharina Kandt\",\"image\":{\"@type\":\"ImageObject\",\"inLanguage\":\"en-US\",\"@id\":\"https:\\\/\\\/secure.gravatar.com\\\/avatar\\\/5e28c19bf52d2ea02ca4d78c4548f4e118fe08e94744f59f7938769a04ae856e?s=96&d=mm&r=g\",\"url\":\"https:\\\/\\\/secure.gravatar.com\\\/avatar\\\/5e28c19bf52d2ea02ca4d78c4548f4e118fe08e94744f59f7938769a04ae856e?s=96&d=mm&r=g\",\"contentUrl\":\"https:\\\/\\\/secure.gravatar.com\\\/avatar\\\/5e28c19bf52d2ea02ca4d78c4548f4e118fe08e94744f59f7938769a04ae856e?s=96&d=mm&r=g\",\"caption\":\"Katharina Kandt\"},\"url\":\"https:\\\/\\\/www.un.org\\\/pga\\\/71\\\/author\\\/kandtun-org\\\/\"}]}<\/script>\n<!-- \/ Yoast SEO plugin. -->","yoast_head_json":{"title":"Meeting with Foreign Minister of Turkey - General Assembly of the United Nations","robots":{"index":"index","follow":"follow","max-snippet":"max-snippet:-1","max-image-preview":"max-image-preview:large","max-video-preview":"max-video-preview:-1"},"canonical":"https:\/\/www.un.org\/pga\/71\/2016\/09\/18\/meeting-with-foreign-minister-of-turkey\/","og_locale":"en_US","og_type":"article","og_title":"Meeting with Foreign Minister of Turkey - General Assembly of the United Nations","og_description":"Meeting with\u00a0Foreign Minister of Turkey, H.E. Mr Mevl\u00fct \u00c7avu\u015fo\u011flu The President of the General Assembly, H.E. Mr. Peter Thomson, today met with the Foreign Minister of Turkey, H.E. Mr Mevl\u00fct [&hellip;]","og_url":"https:\/\/www.un.org\/pga\/71\/2016\/09\/18\/meeting-with-foreign-minister-of-turkey\/","og_site_name":"General Assembly of the United Nations","article_published_time":"2016-09-18T22:00:27+00:00","article_modified_time":"2016-09-19T22:55:55+00:00","og_image":[{"width":1280,"height":918,"url":"https:\/\/www.un.org\/pga\/wp-content\/uploads\/sites\/40\/2016\/09\/2016-09-18-PHOTO-00000001.jpg","type":"image\/jpeg"}],"author":"Katharina Kandt","twitter_card":"summary_large_image","twitter_misc":{"Written by":"Katharina Kandt","Est. reading time":"1 minute"},"schema":{"@context":"https:\/\/schema.org","@graph":[{"@type":"Article","@id":"https:\/\/www.un.org\/pga\/71\/2016\/09\/18\/meeting-with-foreign-minister-of-turkey\/#article","isPartOf":{"@id":"https:\/\/www.un.org\/pga\/71\/2016\/09\/18\/meeting-with-foreign-minister-of-turkey\/"},"author":{"name":"Katharina Kandt","@id":"https:\/\/www.un.org\/pga\/71\/#\/schema\/person\/06bf09e43d46846c087701ec99ac8412"},"headline":"Meeting with Foreign Minister of Turkey","datePublished":"2016-09-18T22:00:27+00:00","dateModified":"2016-09-19T22:55:55+00:00","mainEntityOfPage":{"@id":"https:\/\/www.un.org\/pga\/71\/2016\/09\/18\/meeting-with-foreign-minister-of-turkey\/"},"wordCount":122,"publisher":{"@id":"https:\/\/www.un.org\/pga\/71\/#organization"},"image":{"@id":"https:\/\/www.un.org\/pga\/71\/2016\/09\/18\/meeting-with-foreign-minister-of-turkey\/#primaryimage"},"thumbnailUrl":"https:\/\/www.un.org\/pga\/wp-content\/uploads\/sites\/40\/2016\/09\/2016-09-18-PHOTO-00000001.jpg","keywords":["bilateral","latest news","military coup attempt","Turkey"],"articleSection":["News stories"],"inLanguage":"en-US"},{"@type":"WebPage","@id":"https:\/\/www.un.org\/pga\/71\/2016\/09\/18\/meeting-with-foreign-minister-of-turkey\/","url":"https:\/\/www.un.org\/pga\/71\/2016\/09\/18\/meeting-with-foreign-minister-of-turkey\/","name":"Meeting with Foreign Minister of Turkey - General Assembly of the United Nations","isPartOf":{"@id":"https:\/\/www.un.org\/pga\/71\/#website"},"primaryImageOfPage":{"@id":"https:\/\/www.un.org\/pga\/71\/2016\/09\/18\/meeting-with-foreign-minister-of-turkey\/#primaryimage"},"image":{"@id":"https:\/\/www.un.org\/pga\/71\/2016\/09\/18\/meeting-with-foreign-minister-of-turkey\/#primaryimage"},"thumbnailUrl":"https:\/\/www.un.org\/pga\/wp-content\/uploads\/sites\/40\/2016\/09\/2016-09-18-PHOTO-00000001.jpg","datePublished":"2016-09-18T22:00:27+00:00","dateModified":"2016-09-19T22:55:55+00:00","breadcrumb":{"@id":"https:\/\/www.un.org\/pga\/71\/2016\/09\/18\/meeting-with-foreign-minister-of-turkey\/#breadcrumb"},"inLanguage":"en-US","potentialAction":[{"@type":"ReadAction","target":["https:\/\/www.un.org\/pga\/71\/2016\/09\/18\/meeting-with-foreign-minister-of-turkey\/"]}]},{"@type":"ImageObject","inLanguage":"en-US","@id":"https:\/\/www.un.org\/pga\/71\/2016\/09\/18\/meeting-with-foreign-minister-of-turkey\/#primaryimage","url":"https:\/\/www.un.org\/pga\/wp-content\/uploads\/sites\/40\/2016\/09\/2016-09-18-PHOTO-00000001.jpg","contentUrl":"https:\/\/www.un.org\/pga\/wp-content\/uploads\/sites\/40\/2016\/09\/2016-09-18-PHOTO-00000001.jpg","width":1280,"height":918,"caption":"\u00a9OPGA\/Sen"},{"@type":"BreadcrumbList","@id":"https:\/\/www.un.org\/pga\/71\/2016\/09\/18\/meeting-with-foreign-minister-of-turkey\/#breadcrumb","itemListElement":[{"@type":"ListItem","position":1,"name":"Home","item":"https:\/\/www.un.org\/pga\/71\/"},{"@type":"ListItem","position":2,"name":"Meeting with Foreign Minister of Turkey"}]},{"@type":"WebSite","@id":"https:\/\/www.un.org\/pga\/71\/#website","url":"https:\/\/www.un.org\/pga\/71\/","name":"71st Session General Assembly of the United Nations","description":"President of the 71st session","publisher":{"@id":"https:\/\/www.un.org\/pga\/71\/#organization"},"potentialAction":[{"@type":"SearchAction","target":{"@type":"EntryPoint","urlTemplate":"https:\/\/www.un.org\/pga\/71\/?s={search_term_string}"},"query-input":{"@type":"PropertyValueSpecification","valueRequired":true,"valueName":"search_term_string"}}],"inLanguage":"en-US"},{"@type":"Organization","@id":"https:\/\/www.un.org\/pga\/71\/#organization","name":"General Assembly of the United Nations","url":"https:\/\/www.un.org\/pga\/71\/","logo":{"@type":"ImageObject","inLanguage":"en-US","@id":"https:\/\/www.un.org\/pga\/71\/#\/schema\/logo\/image\/","url":"https:\/\/www.un.org\/pga\/wp-content\/uploads\/sites\/40\/2016\/09\/pga71logo_without-tagline.jpg","contentUrl":"https:\/\/www.un.org\/pga\/wp-content\/uploads\/sites\/40\/2016\/09\/pga71logo_without-tagline.jpg","width":400,"height":456,"caption":"General Assembly of the United Nations"},"image":{"@id":"https:\/\/www.un.org\/pga\/71\/#\/schema\/logo\/image\/"}},{"@type":"Person","@id":"https:\/\/www.un.org\/pga\/71\/#\/schema\/person\/06bf09e43d46846c087701ec99ac8412","name":"Katharina Kandt","image":{"@type":"ImageObject","inLanguage":"en-US","@id":"https:\/\/secure.gravatar.com\/avatar\/5e28c19bf52d2ea02ca4d78c4548f4e118fe08e94744f59f7938769a04ae856e?s=96&d=mm&r=g","url":"https:\/\/secure.gravatar.com\/avatar\/5e28c19bf52d2ea02ca4d78c4548f4e118fe08e94744f59f7938769a04ae856e?s=96&d=mm&r=g","contentUrl":"https:\/\/secure.gravatar.com\/avatar\/5e28c19bf52d2ea02ca4d78c4548f4e118fe08e94744f59f7938769a04ae856e?s=96&d=mm&r=g","caption":"Katharina Kandt"},"url":"https:\/\/www.un.org\/pga\/71\/author\/kandtun-org\/"}]}},"_links":{"self":[{"href":"https:\/\/www.un.org\/pga\/71\/wp-json\/wp\/v2\/posts\/69796","targetHints":{"allow":["GET"]}}],"collection":[{"href":"https:\/\/www.un.org\/pga\/71\/wp-json\/wp\/v2\/posts"}],"about":[{"href":"https:\/\/www.un.org\/pga\/71\/wp-json\/wp\/v2\/types\/post"}],"author":[{"embeddable":true,"href":"https:\/\/www.un.org\/pga\/71\/wp-json\/wp\/v2\/users\/202"}],"replies":[{"embeddable":true,"href":"https:\/\/www.un.org\/pga\/71\/wp-json\/wp\/v2\/comments?post=69796"}],"version-history":[{"count":0,"href":"https:\/\/www.un.org\/pga\/71\/wp-json\/wp\/v2\/posts\/69796\/revisions"}],"wp:featuredmedia":[{"embeddable":true,"href":"https:\/\/www.un.org\/pga\/71\/wp-json\/wp\/v2\/media\/69800"}],"wp:attachment":[{"href":"https:\/\/www.un.org\/pga\/71\/wp-json\/wp\/v2\/media?parent=69796"}],"wp:term":[{"taxonomy":"category","embeddable":true,"href":"https:\/\/www.un.org\/pga\/71\/wp-json\/wp\/v2\/categories?post=69796"},{"taxonomy":"post_tag","embeddable":true,"href":"https:\/\/www.un.org\/pga\/71\/wp-json\/wp\/v2\/tags?post=69796"}],"curies":[{"name":"wp","href":"https:\/\/api.w.org\/{rel}","templated":true}]}}