  {"id":73340,"date":"2016-09-23T11:10:46","date_gmt":"2016-09-23T15:10:46","guid":{"rendered":"http:\/\/www.un.org\/pga\/71\/?p=73340"},"modified":"2016-09-24T10:31:19","modified_gmt":"2016-09-24T14:31:19","slug":"meeting-with-minister-of-foreign-affairs-and-trade-of-hungary","status":"publish","type":"post","link":"https:\/\/www.un.org\/pga\/71\/2016\/09\/23\/meeting-with-minister-of-foreign-affairs-and-trade-of-hungary\/","title":{"rendered":"Meeting with  Minister of Foreign Affairs and Trade of Hungary"},"content":{"rendered":"<h2 style=\"text-align: justify\">Meeting \u00a0with the Minister of Foreign Affairs and Trade of Hungary, H.E. Mr. P\u00e9ter Szijj\u00e1rt\u00f3<\/h2>\n<div id=\"attachment_73436\" style=\"width: 410px\" class=\"wp-caption alignleft\"><a href=\"http:\/\/www.un.org\/pga\/71\/wp-content\/uploads\/sites\/40\/2016\/09\/R1A8483.jpg\"><img loading=\"lazy\" decoding=\"async\" aria-describedby=\"caption-attachment-73436\" class=\"wp-image-73436\" src=\"http:\/\/www.un.org\/pga\/71\/wp-content\/uploads\/sites\/40\/2016\/09\/R1A8483-300x200.jpg\" alt=\"Peter Thomson, President of the seventy-first session of the General Assembly meets with Mr.\" width=\"400\" height=\"267\" srcset=\"https:\/\/www.un.org\/pga\/wp-content\/uploads\/sites\/40\/2016\/09\/R1A8483-300x200.jpg 300w, https:\/\/www.un.org\/pga\/wp-content\/uploads\/sites\/40\/2016\/09\/R1A8483-150x100.jpg 150w, https:\/\/www.un.org\/pga\/wp-content\/uploads\/sites\/40\/2016\/09\/R1A8483-768x512.jpg 768w, https:\/\/www.un.org\/pga\/wp-content\/uploads\/sites\/40\/2016\/09\/R1A8483-1024x683.jpg 1024w\" sizes=\"auto, (max-width: 400px) 100vw, 400px\" \/><\/a><p id=\"caption-attachment-73436\" class=\"wp-caption-text\">\u00a9Ä¢¹½ÊÓÆµ Photo\/ Ariana Lindquist<\/p><\/div>\n<p style=\"text-align: justify\">The President of the General Assembly, H.E. Mr. Peter Thomson, met today with the Minister of Foreign Affairs and Trade of Hungary, H.E. Mr. P\u00e9ter Szijj\u00e1rt\u00f3. They exchanged views on the SDGs and on the refugee and migrant crises. They agreed on the importance of ensuring an appropriate follow-up to the Summit of 19 September. Minister Szijj\u00e1rt\u00f3 invited President Thomson to the Water Summit scheduled on 28-30 November 2016 in Budapest.<\/p>\n<p style=\"text-align: justify\"><div class=\"woo-sc-divider\"><\/div><\/p>\n","protected":false},"excerpt":{"rendered":"<p>Meeting \u00a0with the Minister of Foreign Affairs and Trade of Hungary, H.E. Mr. P\u00e9ter Szijj\u00e1rt\u00f3 The President of the General Assembly, H.E. Mr. Peter Thomson, met today with the Minister [&hellip;]<\/p>\n","protected":false},"author":202,"featured_media":73436,"comment_status":"closed","ping_status":"closed","sticky":false,"template":"","format":"standard","meta":{"footnotes":"","_links_to":"","_links_to_target":""},"categories":[165],"tags":[341,3548,3180],"class_list":["post-73340","post","type-post","status-publish","format-standard","has-post-thumbnail","hentry","category-news-stories","tag-bilateral","tag-hungary","tag-latest-news"],"yoast_head":"<!-- This site is optimized with the Yoast SEO plugin v28.3 - https:\/\/yoast.com\/product\/yoast-seo-wordpress\/ -->\n<title>Meeting with Minister of Foreign Affairs and Trade of Hungary - General Assembly of the United Nations<\/title>\n<meta name=\"robots\" content=\"index, follow, max-snippet:-1, max-image-preview:large, max-video-preview:-1\" \/>\n<link rel=\"canonical\" href=\"https:\/\/www.un.org\/pga\/71\/2016\/09\/23\/meeting-with-minister-of-foreign-affairs-and-trade-of-hungary\/\" \/>\n<meta property=\"og:locale\" content=\"en_US\" \/>\n<meta property=\"og:type\" content=\"article\" \/>\n<meta property=\"og:title\" content=\"Meeting with Minister of Foreign Affairs and Trade of Hungary - General Assembly of the United Nations\" \/>\n<meta property=\"og:description\" content=\"Meeting \u00a0with the Minister of Foreign Affairs and Trade of Hungary, H.E. Mr. P\u00e9ter Szijj\u00e1rt\u00f3 The President of the General Assembly, H.E. Mr. Peter Thomson, met today with the Minister [&hellip;]\" \/>\n<meta property=\"og:url\" content=\"https:\/\/www.un.org\/pga\/71\/2016\/09\/23\/meeting-with-minister-of-foreign-affairs-and-trade-of-hungary\/\" \/>\n<meta property=\"og:site_name\" content=\"General Assembly of the United Nations\" \/>\n<meta property=\"article:published_time\" content=\"2016-09-23T15:10:46+00:00\" \/>\n<meta property=\"article:modified_time\" content=\"2016-09-24T14:31:19+00:00\" \/>\n<meta property=\"og:image\" content=\"https:\/\/www.un.org\/pga\/wp-content\/uploads\/sites\/40\/2016\/09\/R1A8483.jpg\" \/>\n\t<meta property=\"og:image:width\" content=\"2700\" \/>\n\t<meta property=\"og:image:height\" content=\"1800\" \/>\n\t<meta property=\"og:image:type\" content=\"image\/jpeg\" \/>\n<meta name=\"author\" content=\"Katharina Kandt\" \/>\n<meta name=\"twitter:card\" content=\"summary_large_image\" \/>\n<meta name=\"twitter:label1\" content=\"Written by\" \/>\n\t<meta name=\"twitter:data1\" content=\"Katharina Kandt\" \/>\n\t<meta name=\"twitter:label2\" content=\"Est. reading time\" \/>\n\t<meta name=\"twitter:data2\" content=\"1 minute\" \/>\n<script type=\"application\/ld+json\" class=\"yoast-schema-graph\">{\"@context\":\"https:\\\/\\\/schema.org\",\"@graph\":[{\"@type\":\"Article\",\"@id\":\"https:\\\/\\\/www.un.org\\\/pga\\\/71\\\/2016\\\/09\\\/23\\\/meeting-with-minister-of-foreign-affairs-and-trade-of-hungary\\\/#article\",\"isPartOf\":{\"@id\":\"https:\\\/\\\/www.un.org\\\/pga\\\/71\\\/2016\\\/09\\\/23\\\/meeting-with-minister-of-foreign-affairs-and-trade-of-hungary\\\/\"},\"author\":{\"name\":\"Katharina Kandt\",\"@id\":\"https:\\\/\\\/www.un.org\\\/pga\\\/71\\\/#\\\/schema\\\/person\\\/06bf09e43d46846c087701ec99ac8412\"},\"headline\":\"Meeting with Minister of Foreign Affairs and Trade of Hungary\",\"datePublished\":\"2016-09-23T15:10:46+00:00\",\"dateModified\":\"2016-09-24T14:31:19+00:00\",\"mainEntityOfPage\":{\"@id\":\"https:\\\/\\\/www.un.org\\\/pga\\\/71\\\/2016\\\/09\\\/23\\\/meeting-with-minister-of-foreign-affairs-and-trade-of-hungary\\\/\"},\"wordCount\":114,\"publisher\":{\"@id\":\"https:\\\/\\\/www.un.org\\\/pga\\\/71\\\/#organization\"},\"image\":{\"@id\":\"https:\\\/\\\/www.un.org\\\/pga\\\/71\\\/2016\\\/09\\\/23\\\/meeting-with-minister-of-foreign-affairs-and-trade-of-hungary\\\/#primaryimage\"},\"thumbnailUrl\":\"https:\\\/\\\/www.un.org\\\/pga\\\/wp-content\\\/uploads\\\/sites\\\/40\\\/2016\\\/09\\\/R1A8483.jpg\",\"keywords\":[\"bilateral\",\"Hungary\",\"latest news\"],\"articleSection\":[\"News stories\"],\"inLanguage\":\"en-US\"},{\"@type\":\"WebPage\",\"@id\":\"https:\\\/\\\/www.un.org\\\/pga\\\/71\\\/2016\\\/09\\\/23\\\/meeting-with-minister-of-foreign-affairs-and-trade-of-hungary\\\/\",\"url\":\"https:\\\/\\\/www.un.org\\\/pga\\\/71\\\/2016\\\/09\\\/23\\\/meeting-with-minister-of-foreign-affairs-and-trade-of-hungary\\\/\",\"name\":\"Meeting with Minister of Foreign Affairs and Trade of Hungary - General Assembly of the United Nations\",\"isPartOf\":{\"@id\":\"https:\\\/\\\/www.un.org\\\/pga\\\/71\\\/#website\"},\"primaryImageOfPage\":{\"@id\":\"https:\\\/\\\/www.un.org\\\/pga\\\/71\\\/2016\\\/09\\\/23\\\/meeting-with-minister-of-foreign-affairs-and-trade-of-hungary\\\/#primaryimage\"},\"image\":{\"@id\":\"https:\\\/\\\/www.un.org\\\/pga\\\/71\\\/2016\\\/09\\\/23\\\/meeting-with-minister-of-foreign-affairs-and-trade-of-hungary\\\/#primaryimage\"},\"thumbnailUrl\":\"https:\\\/\\\/www.un.org\\\/pga\\\/wp-content\\\/uploads\\\/sites\\\/40\\\/2016\\\/09\\\/R1A8483.jpg\",\"datePublished\":\"2016-09-23T15:10:46+00:00\",\"dateModified\":\"2016-09-24T14:31:19+00:00\",\"breadcrumb\":{\"@id\":\"https:\\\/\\\/www.un.org\\\/pga\\\/71\\\/2016\\\/09\\\/23\\\/meeting-with-minister-of-foreign-affairs-and-trade-of-hungary\\\/#breadcrumb\"},\"inLanguage\":\"en-US\",\"potentialAction\":[{\"@type\":\"ReadAction\",\"target\":[\"https:\\\/\\\/www.un.org\\\/pga\\\/71\\\/2016\\\/09\\\/23\\\/meeting-with-minister-of-foreign-affairs-and-trade-of-hungary\\\/\"]}]},{\"@type\":\"ImageObject\",\"inLanguage\":\"en-US\",\"@id\":\"https:\\\/\\\/www.un.org\\\/pga\\\/71\\\/2016\\\/09\\\/23\\\/meeting-with-minister-of-foreign-affairs-and-trade-of-hungary\\\/#primaryimage\",\"url\":\"https:\\\/\\\/www.un.org\\\/pga\\\/wp-content\\\/uploads\\\/sites\\\/40\\\/2016\\\/09\\\/R1A8483.jpg\",\"contentUrl\":\"https:\\\/\\\/www.un.org\\\/pga\\\/wp-content\\\/uploads\\\/sites\\\/40\\\/2016\\\/09\\\/R1A8483.jpg\",\"width\":2700,\"height\":1800,\"caption\":\"\u00a9Ä¢¹½ÊÓÆµ Photo\\\/ Ariana Lindquist\"},{\"@type\":\"BreadcrumbList\",\"@id\":\"https:\\\/\\\/www.un.org\\\/pga\\\/71\\\/2016\\\/09\\\/23\\\/meeting-with-minister-of-foreign-affairs-and-trade-of-hungary\\\/#breadcrumb\",\"itemListElement\":[{\"@type\":\"ListItem\",\"position\":1,\"name\":\"Home\",\"item\":\"https:\\\/\\\/www.un.org\\\/pga\\\/71\\\/\"},{\"@type\":\"ListItem\",\"position\":2,\"name\":\"Meeting with Minister of Foreign Affairs and Trade of Hungary\"}]},{\"@type\":\"WebSite\",\"@id\":\"https:\\\/\\\/www.un.org\\\/pga\\\/71\\\/#website\",\"url\":\"https:\\\/\\\/www.un.org\\\/pga\\\/71\\\/\",\"name\":\"71st Session General Assembly of the United Nations\",\"description\":\"President of the 71st session\",\"publisher\":{\"@id\":\"https:\\\/\\\/www.un.org\\\/pga\\\/71\\\/#organization\"},\"potentialAction\":[{\"@type\":\"SearchAction\",\"target\":{\"@type\":\"EntryPoint\",\"urlTemplate\":\"https:\\\/\\\/www.un.org\\\/pga\\\/71\\\/?s={search_term_string}\"},\"query-input\":{\"@type\":\"PropertyValueSpecification\",\"valueRequired\":true,\"valueName\":\"search_term_string\"}}],\"inLanguage\":\"en-US\"},{\"@type\":\"Organization\",\"@id\":\"https:\\\/\\\/www.un.org\\\/pga\\\/71\\\/#organization\",\"name\":\"General Assembly of the United Nations\",\"url\":\"https:\\\/\\\/www.un.org\\\/pga\\\/71\\\/\",\"logo\":{\"@type\":\"ImageObject\",\"inLanguage\":\"en-US\",\"@id\":\"https:\\\/\\\/www.un.org\\\/pga\\\/71\\\/#\\\/schema\\\/logo\\\/image\\\/\",\"url\":\"https:\\\/\\\/www.un.org\\\/pga\\\/wp-content\\\/uploads\\\/sites\\\/40\\\/2016\\\/09\\\/pga71logo_without-tagline.jpg\",\"contentUrl\":\"https:\\\/\\\/www.un.org\\\/pga\\\/wp-content\\\/uploads\\\/sites\\\/40\\\/2016\\\/09\\\/pga71logo_without-tagline.jpg\",\"width\":400,\"height\":456,\"caption\":\"General Assembly of the United Nations\"},\"image\":{\"@id\":\"https:\\\/\\\/www.un.org\\\/pga\\\/71\\\/#\\\/schema\\\/logo\\\/image\\\/\"}},{\"@type\":\"Person\",\"@id\":\"https:\\\/\\\/www.un.org\\\/pga\\\/71\\\/#\\\/schema\\\/person\\\/06bf09e43d46846c087701ec99ac8412\",\"name\":\"Katharina Kandt\",\"image\":{\"@type\":\"ImageObject\",\"inLanguage\":\"en-US\",\"@id\":\"https:\\\/\\\/secure.gravatar.com\\\/avatar\\\/5e28c19bf52d2ea02ca4d78c4548f4e118fe08e94744f59f7938769a04ae856e?s=96&d=mm&r=g\",\"url\":\"https:\\\/\\\/secure.gravatar.com\\\/avatar\\\/5e28c19bf52d2ea02ca4d78c4548f4e118fe08e94744f59f7938769a04ae856e?s=96&d=mm&r=g\",\"contentUrl\":\"https:\\\/\\\/secure.gravatar.com\\\/avatar\\\/5e28c19bf52d2ea02ca4d78c4548f4e118fe08e94744f59f7938769a04ae856e?s=96&d=mm&r=g\",\"caption\":\"Katharina Kandt\"},\"url\":\"https:\\\/\\\/www.un.org\\\/pga\\\/71\\\/author\\\/kandtun-org\\\/\"}]}<\/script>\n<!-- \/ Yoast SEO plugin. -->","yoast_head_json":{"title":"Meeting with Minister of Foreign Affairs and Trade of Hungary - General Assembly of the United Nations","robots":{"index":"index","follow":"follow","max-snippet":"max-snippet:-1","max-image-preview":"max-image-preview:large","max-video-preview":"max-video-preview:-1"},"canonical":"https:\/\/www.un.org\/pga\/71\/2016\/09\/23\/meeting-with-minister-of-foreign-affairs-and-trade-of-hungary\/","og_locale":"en_US","og_type":"article","og_title":"Meeting with Minister of Foreign Affairs and Trade of Hungary - General Assembly of the United Nations","og_description":"Meeting \u00a0with the Minister of Foreign Affairs and Trade of Hungary, H.E. Mr. P\u00e9ter Szijj\u00e1rt\u00f3 The President of the General Assembly, H.E. Mr. Peter Thomson, met today with the Minister [&hellip;]","og_url":"https:\/\/www.un.org\/pga\/71\/2016\/09\/23\/meeting-with-minister-of-foreign-affairs-and-trade-of-hungary\/","og_site_name":"General Assembly of the United Nations","article_published_time":"2016-09-23T15:10:46+00:00","article_modified_time":"2016-09-24T14:31:19+00:00","og_image":[{"width":2700,"height":1800,"url":"https:\/\/www.un.org\/pga\/wp-content\/uploads\/sites\/40\/2016\/09\/R1A8483.jpg","type":"image\/jpeg"}],"author":"Katharina Kandt","twitter_card":"summary_large_image","twitter_misc":{"Written by":"Katharina Kandt","Est. reading time":"1 minute"},"schema":{"@context":"https:\/\/schema.org","@graph":[{"@type":"Article","@id":"https:\/\/www.un.org\/pga\/71\/2016\/09\/23\/meeting-with-minister-of-foreign-affairs-and-trade-of-hungary\/#article","isPartOf":{"@id":"https:\/\/www.un.org\/pga\/71\/2016\/09\/23\/meeting-with-minister-of-foreign-affairs-and-trade-of-hungary\/"},"author":{"name":"Katharina Kandt","@id":"https:\/\/www.un.org\/pga\/71\/#\/schema\/person\/06bf09e43d46846c087701ec99ac8412"},"headline":"Meeting with Minister of Foreign Affairs and Trade of Hungary","datePublished":"2016-09-23T15:10:46+00:00","dateModified":"2016-09-24T14:31:19+00:00","mainEntityOfPage":{"@id":"https:\/\/www.un.org\/pga\/71\/2016\/09\/23\/meeting-with-minister-of-foreign-affairs-and-trade-of-hungary\/"},"wordCount":114,"publisher":{"@id":"https:\/\/www.un.org\/pga\/71\/#organization"},"image":{"@id":"https:\/\/www.un.org\/pga\/71\/2016\/09\/23\/meeting-with-minister-of-foreign-affairs-and-trade-of-hungary\/#primaryimage"},"thumbnailUrl":"https:\/\/www.un.org\/pga\/wp-content\/uploads\/sites\/40\/2016\/09\/R1A8483.jpg","keywords":["bilateral","Hungary","latest news"],"articleSection":["News stories"],"inLanguage":"en-US"},{"@type":"WebPage","@id":"https:\/\/www.un.org\/pga\/71\/2016\/09\/23\/meeting-with-minister-of-foreign-affairs-and-trade-of-hungary\/","url":"https:\/\/www.un.org\/pga\/71\/2016\/09\/23\/meeting-with-minister-of-foreign-affairs-and-trade-of-hungary\/","name":"Meeting with Minister of Foreign Affairs and Trade of Hungary - General Assembly of the United Nations","isPartOf":{"@id":"https:\/\/www.un.org\/pga\/71\/#website"},"primaryImageOfPage":{"@id":"https:\/\/www.un.org\/pga\/71\/2016\/09\/23\/meeting-with-minister-of-foreign-affairs-and-trade-of-hungary\/#primaryimage"},"image":{"@id":"https:\/\/www.un.org\/pga\/71\/2016\/09\/23\/meeting-with-minister-of-foreign-affairs-and-trade-of-hungary\/#primaryimage"},"thumbnailUrl":"https:\/\/www.un.org\/pga\/wp-content\/uploads\/sites\/40\/2016\/09\/R1A8483.jpg","datePublished":"2016-09-23T15:10:46+00:00","dateModified":"2016-09-24T14:31:19+00:00","breadcrumb":{"@id":"https:\/\/www.un.org\/pga\/71\/2016\/09\/23\/meeting-with-minister-of-foreign-affairs-and-trade-of-hungary\/#breadcrumb"},"inLanguage":"en-US","potentialAction":[{"@type":"ReadAction","target":["https:\/\/www.un.org\/pga\/71\/2016\/09\/23\/meeting-with-minister-of-foreign-affairs-and-trade-of-hungary\/"]}]},{"@type":"ImageObject","inLanguage":"en-US","@id":"https:\/\/www.un.org\/pga\/71\/2016\/09\/23\/meeting-with-minister-of-foreign-affairs-and-trade-of-hungary\/#primaryimage","url":"https:\/\/www.un.org\/pga\/wp-content\/uploads\/sites\/40\/2016\/09\/R1A8483.jpg","contentUrl":"https:\/\/www.un.org\/pga\/wp-content\/uploads\/sites\/40\/2016\/09\/R1A8483.jpg","width":2700,"height":1800,"caption":"\u00a9Ä¢¹½ÊÓÆµ Photo\/ Ariana Lindquist"},{"@type":"BreadcrumbList","@id":"https:\/\/www.un.org\/pga\/71\/2016\/09\/23\/meeting-with-minister-of-foreign-affairs-and-trade-of-hungary\/#breadcrumb","itemListElement":[{"@type":"ListItem","position":1,"name":"Home","item":"https:\/\/www.un.org\/pga\/71\/"},{"@type":"ListItem","position":2,"name":"Meeting with Minister of Foreign Affairs and Trade of Hungary"}]},{"@type":"WebSite","@id":"https:\/\/www.un.org\/pga\/71\/#website","url":"https:\/\/www.un.org\/pga\/71\/","name":"71st Session General Assembly of the United Nations","description":"President of the 71st session","publisher":{"@id":"https:\/\/www.un.org\/pga\/71\/#organization"},"potentialAction":[{"@type":"SearchAction","target":{"@type":"EntryPoint","urlTemplate":"https:\/\/www.un.org\/pga\/71\/?s={search_term_string}"},"query-input":{"@type":"PropertyValueSpecification","valueRequired":true,"valueName":"search_term_string"}}],"inLanguage":"en-US"},{"@type":"Organization","@id":"https:\/\/www.un.org\/pga\/71\/#organization","name":"General Assembly of the United Nations","url":"https:\/\/www.un.org\/pga\/71\/","logo":{"@type":"ImageObject","inLanguage":"en-US","@id":"https:\/\/www.un.org\/pga\/71\/#\/schema\/logo\/image\/","url":"https:\/\/www.un.org\/pga\/wp-content\/uploads\/sites\/40\/2016\/09\/pga71logo_without-tagline.jpg","contentUrl":"https:\/\/www.un.org\/pga\/wp-content\/uploads\/sites\/40\/2016\/09\/pga71logo_without-tagline.jpg","width":400,"height":456,"caption":"General Assembly of the United Nations"},"image":{"@id":"https:\/\/www.un.org\/pga\/71\/#\/schema\/logo\/image\/"}},{"@type":"Person","@id":"https:\/\/www.un.org\/pga\/71\/#\/schema\/person\/06bf09e43d46846c087701ec99ac8412","name":"Katharina Kandt","image":{"@type":"ImageObject","inLanguage":"en-US","@id":"https:\/\/secure.gravatar.com\/avatar\/5e28c19bf52d2ea02ca4d78c4548f4e118fe08e94744f59f7938769a04ae856e?s=96&d=mm&r=g","url":"https:\/\/secure.gravatar.com\/avatar\/5e28c19bf52d2ea02ca4d78c4548f4e118fe08e94744f59f7938769a04ae856e?s=96&d=mm&r=g","contentUrl":"https:\/\/secure.gravatar.com\/avatar\/5e28c19bf52d2ea02ca4d78c4548f4e118fe08e94744f59f7938769a04ae856e?s=96&d=mm&r=g","caption":"Katharina Kandt"},"url":"https:\/\/www.un.org\/pga\/71\/author\/kandtun-org\/"}]}},"_links":{"self":[{"href":"https:\/\/www.un.org\/pga\/71\/wp-json\/wp\/v2\/posts\/73340","targetHints":{"allow":["GET"]}}],"collection":[{"href":"https:\/\/www.un.org\/pga\/71\/wp-json\/wp\/v2\/posts"}],"about":[{"href":"https:\/\/www.un.org\/pga\/71\/wp-json\/wp\/v2\/types\/post"}],"author":[{"embeddable":true,"href":"https:\/\/www.un.org\/pga\/71\/wp-json\/wp\/v2\/users\/202"}],"replies":[{"embeddable":true,"href":"https:\/\/www.un.org\/pga\/71\/wp-json\/wp\/v2\/comments?post=73340"}],"version-history":[{"count":0,"href":"https:\/\/www.un.org\/pga\/71\/wp-json\/wp\/v2\/posts\/73340\/revisions"}],"wp:featuredmedia":[{"embeddable":true,"href":"https:\/\/www.un.org\/pga\/71\/wp-json\/wp\/v2\/media\/73436"}],"wp:attachment":[{"href":"https:\/\/www.un.org\/pga\/71\/wp-json\/wp\/v2\/media?parent=73340"}],"wp:term":[{"taxonomy":"category","embeddable":true,"href":"https:\/\/www.un.org\/pga\/71\/wp-json\/wp\/v2\/categories?post=73340"},{"taxonomy":"post_tag","embeddable":true,"href":"https:\/\/www.un.org\/pga\/71\/wp-json\/wp\/v2\/tags?post=73340"}],"curies":[{"name":"wp","href":"https:\/\/api.w.org\/{rel}","templated":true}]}}