  {"id":76510,"date":"2016-10-13T11:48:08","date_gmt":"2016-10-13T15:48:08","guid":{"rendered":"http:\/\/www.un.org\/pga\/71\/?p=76510"},"modified":"2016-11-17T16:55:24","modified_gmt":"2016-11-17T21:55:24","slug":"statement-by-mr-antonio-guterres-on-his-appointment-by-the-general-assembly-to-the-position-of-secretary-general-of-the-united-nations","status":"publish","type":"post","link":"https:\/\/www.un.org\/pga\/71\/2016\/10\/13\/statement-by-mr-antonio-guterres-on-his-appointment-by-the-general-assembly-to-the-position-of-secretary-general-of-the-united-nations\/","title":{"rendered":"Statement by Mr. Ant\u00f3nio Guterres on his appointment by the General Assembly to the position of Secretary-General of the United Nations"},"content":{"rendered":"<h2 style=\"text-align: justify\">Statement by Mr. Ant\u00f3nio Guterres on his appointment by the General\u00a0Assembly to the position of Secretary-General of the United Nations<\/h2>\n<h3>13 October 2016<\/h3>\n<p>&nbsp;<\/p>\n<p><em>Mr. President of the General Assembly,<\/em><br \/>\n<em> Mr. Secretary-General,<\/em><br \/>\n<em> Excellencies,<\/em><br \/>\n<em> Ladies and gentlemen,<\/em><br \/>\nWhen I heard the Security Council&#8217;s decision to recommend me to the\u00a0General Assembly, my feelings could be described by just two words:<br \/>\ngratitude and humility.<\/p>\n<p>It is with the same gratitude and humility that I stand before you today,\u00a0now joined by a profound sense of responsibility.<br \/>\nI am grateful, first of all, to the General Assembly and the Security Council\u00a0for entrusting me with the position of Secretary-General of the United\u00a0Nations.<\/p>\n<p>I am also grateful for the transparency and openness of the selection\u00a0process and to the many competent, thoughtful and dedicated candidates\u00a0who came forward. I believe this process means that the true winner\u00a0today is the credibility of the Ä¢¹½ÊÓÆµ. And it also made very clear to me that,\u00a0as Secretary-General, having been chosen by all Member States, I must be\u00a0at the service of them all equally and with no agenda but the one\u00a0enshrined in the Ä¢¹½ÊÓÆµ Charter.<\/p>\n<p>I am fully aware of the challenges the Ä¢¹½ÊÓÆµ faces and the limitations\u00a0surrounding the Secretary-General. The dramatic problems of today&#8217;s<br \/>\ncomplex world can only inspire a humble approach &#8211; one in which the\u00a0Secretary-General alone neither has all the answers, nor seeks to impose\u00a0his views; one in which the Secretary-General makes his good offices\u00a0available, working as a convener, a mediator, a bridge-builder and an\u00a0honest broker to help find solutions that benefit everyone involved.<\/p>\n<p><em>Excellencies,<\/em><br \/>\n<em> Ladies and gentlemen,<\/em><br \/>\nOver the last 10 years, I have witnessed, first hand, the suffering of the\u00a0most vulnerable people on earth. I have visited war zones and refugee\u00a0camps where one might legitimately ask: what has happened to the\u00a0&#8220;dignity and worth of the human person&#8221;?<br \/>\nWhat has made us immune to the plight of those most socially and\u00a0economically underprivileged? All this makes me feel the acute<br \/>\nresponsibility to make human dignity the core of my work- and I trust,\u00a0the core of our common work.<br \/>\nThis also underscores the importance of gender equality. I have long been\u00a0aware of the hurdles women face in society, in the family and in the\u00a0workplace just because of their gender. I have witnessed the violence they\u00a0are subject to during conflict, or while fleeing it, just because they are\u00a0women. I have tried to address this through every public office I have ever\u00a0held. The protection and the empowerment of women and girls will\u00a0continue to be a priority commitment for me.<\/p>\n<p>I have faith in the United Nations because I believe in the universal values\u00a0its stands for: peace, justice, human dignity, tolerance and solidarity.\u00a0Based on these values, I believe that diversity in all its forms is a\u00a0tremendous asset, and not a threat; that in societies that are more and\u00a0more multi-ethnic, multi-cultural and multi-religious, diversity can bring us\u00a0together, not drive us apart.<\/p>\n<p>&nbsp;<\/p>\n<p>&nbsp;<\/p>\n<p><em>Monsieur le Pr\u00e9sident,<\/em><br \/>\n<em> Monsieur le Secr\u00e9taire-g\u00e9n\u00e9ral,<\/em><br \/>\n<em> Excellences,<\/em><br \/>\n<em> Mesdames et Messieurs,<\/em><br \/>\nSans paix, la vie est vid\u00e9e de tout son sens. Sans paix, on ne peut garantir\u00a0le d\u00e9veloppement durable et le respect des Droits de l&#8217;Homme, qui soustendent\u00a0\u00e0\u00a0leur tour l&#8217;enracinement de la paix. Mais la paix est aujourd&#8217;hui\u00a0et malheureusement la grande absente dans notre monde.<\/p>\n<p>De par sa vocation mondiale et les principes consacr\u00e9s dans sa Charte,\u00a0I&#8217;Organisation des Nations Unies a le devoir moral et le droit universel de\u00a0mettre en oeuvre comme priorit\u00e9 majeure la diplomatie pour la paix. Une\u00a0diplomatie capable de faire valoir la diversit\u00e9 et le caract\u00e8re repr\u00e9sentatif\u00a0de I&#8217;ONU. Une diplomatie qui lui permette de s&#8217;\u00e9riger en forum de\u00a0dialogue, en espace public universel pour apprendre \u00e0 travailler ensemble,\u00a0pour mieux nous connaitre et mieux \u00e9couter I&#8217;autre. Une diplomatie\u00a0capable d&#8217;apaiser les tensions et de faire \u00e9merger des solutions pacifiques\u00a0aux conflits qui emp\u00e9chent tant d&#8217;\u00e9tres humains d&#8217;avoir une vie digne de\u00a0ce nom.<br \/>\nQuand j&#8217;\u00e9tudiais I&#8217;Histoire au lyc\u00e9e, et ce avec passion, presque toutes les\u00a0guerres se terminaient avec des vainqueurs. Mais les conflits actuels ne\u00a0connaissent que des perdants. Les guerres semblent interminables,\u00a0deviennent de plus en plus complexes et entreli\u00e9es, et alimentent la haine\u00a0et le terrorisme. En m\u00eame temps, la souffrance qu&#8217;elles causent devient\u00a0moralement insupportable et la s\u00e9curit\u00e9 est partout menac\u00e9e. II est de\u00a0notre responsabilit\u00e9\u00a0collective de mettre fin \u00e0 cet \u00e9tat des choses.<br \/>\nJe suis bien conscient qu&#8217;il y a parmi nous des visions diff\u00e9rentes et des\u00a0int\u00e9r\u00eats l\u00e9gitimes parfois divergents, qui cr\u00e9ent des divisions et rendent\u00a0difficile l&#8217;unit\u00e9 de notre action pour la paix. Mais les menaces qui p\u00e8sent\u00a0sur notre s\u00e9curit\u00e9 collective, sur la nature m\u00eame de nos soci\u00e9t\u00e9s et la\u00a0survie de la plan\u00ffte telle que nous la connaissons sont telles que notre\u00a0int\u00e9r\u00eat commun doit s&#8217;imposer contre tout ce qui nous divise. Unissonsnous\u00a0pour la paix &#8211; voil\u00e0 la demande la plus pressante des citoyens du\u00a0monde que nous sommes I\u00e0 pour servir.<\/p>\n<p>&nbsp;<\/p>\n<p>Me gustar\u00eda dejar una palabra de reconocimiento a los incansables\u00a0oldados de la paz que defienden los principios de Naciones Unidas lejos<br \/>\nde sus casas, pero tambi\u00e9n dejar un Ilamamiento. Un Ilamamiento al\u00a0apoyo de todos los Estados miembros y de todas las estructuras de la<br \/>\nOrganizaci\u00f3n: no permitamos que comportamientos repugnantes da\u00f1en el\u00a0heroismo al servicio de Naciones Unidas.<\/p>\n<p>Es en Naciones Unidas, bajo su bandera azul, que el mundo puede\u00a0encontrarse y construir la paz, con determinaci\u00f3n, creatividad, solidaridad\u00a0y compasi\u00f3n.<br \/>\nAllow me, before finishing, to salute the Secretary-General, Ban Ki-moon. I\u00a0had the honour of working with you, Sir, throughout many years and\u00a0witnessed your unfailing dedication to the cause of international public\u00a0service. I will do my utmost to honour your legacy.<\/p>\n<p>I also want to express my admiration for the dedication and commitment\u00a0of the Ä¢¹½ÊÓÆµ staff. Having been myself a staff member for more than a\u00a0decade, I am thrilled with the prospect of becoming a colleague once\u00a0again.<br \/>\n<em>Excellences,<\/em><br \/>\n<em> Chers Repr\u00e9sentants des Etats-membres,<\/em><br \/>\n<em> Mesdames et Messieurs,<\/em><br \/>\nLe r\u00eave des Fondateurs des Nations Unies reste \u00e0\u00a0accomplir. Beaucoup a\u00a0\u00e9t\u00e9 fait, mais le chemin est encore long. Nous devons le parcourir<br \/>\nensemble, nous les peuples, dans nos multiples r\u00f4les. L&#8217;horizon est\u00a0tangible: le bien-\u00eatre de I&#8217;Humanit\u00e9.<br \/>\nJe vous remercie.<\/p>\n","protected":false},"excerpt":{"rendered":"<p>Statement by Mr. Ant\u00f3nio Guterres on his appointment by the General\u00a0Assembly to the position of Secretary-General of the United Nations 13 October 2016 &nbsp; Mr. President of the General Assembly, [&hellip;]<\/p>\n","protected":false},"author":202,"featured_media":75610,"comment_status":"closed","ping_status":"closed","sticky":false,"template":"","format":"standard","meta":{"footnotes":"","_links_to":"","_links_to_target":""},"categories":[42],"tags":[3780,273,2203,3855,3860],"class_list":["post-76510","post","type-post","status-publish","format-standard","has-post-thumbnail","hentry","category-statements","tag-antonio-guterres","tag-next-secretary-general","tag-next-sg","tag-next-sg-appointment","tag-statement-antonio-guterres"],"yoast_head":"<!-- This site is optimized with the Yoast SEO plugin v28.3 - https:\/\/yoast.com\/product\/yoast-seo-wordpress\/ -->\n<title>Statement by Mr. Ant\u00f3nio Guterres on his appointment by the General Assembly to the position of Secretary-General of the United Nations - General Assembly of the United Nations<\/title>\n<meta name=\"robots\" content=\"index, follow, max-snippet:-1, max-image-preview:large, max-video-preview:-1\" \/>\n<link rel=\"canonical\" href=\"https:\/\/www.un.org\/pga\/71\/2016\/10\/13\/statement-by-mr-antonio-guterres-on-his-appointment-by-the-general-assembly-to-the-position-of-secretary-general-of-the-united-nations\/\" \/>\n<meta property=\"og:locale\" content=\"en_US\" \/>\n<meta property=\"og:type\" content=\"article\" \/>\n<meta property=\"og:title\" content=\"Statement by Mr. Ant\u00f3nio Guterres on his appointment by the General Assembly to the position of Secretary-General of the United Nations - General Assembly of the United Nations\" \/>\n<meta property=\"og:description\" content=\"Statement by Mr. Ant\u00f3nio Guterres on his appointment by the General\u00a0Assembly to the position of Secretary-General of the United Nations 13 October 2016 &nbsp; Mr. President of the General Assembly, [&hellip;]\" \/>\n<meta property=\"og:url\" content=\"https:\/\/www.un.org\/pga\/71\/2016\/10\/13\/statement-by-mr-antonio-guterres-on-his-appointment-by-the-general-assembly-to-the-position-of-secretary-general-of-the-united-nations\/\" \/>\n<meta property=\"og:site_name\" content=\"General Assembly of the United Nations\" \/>\n<meta property=\"article:published_time\" content=\"2016-10-13T15:48:08+00:00\" \/>\n<meta property=\"article:modified_time\" content=\"2016-11-17T21:55:24+00:00\" \/>\n<meta property=\"og:image\" content=\"https:\/\/www.un.org\/pga\/wp-content\/uploads\/sites\/40\/2016\/01\/DSC08274-e1475766019994.jpg\" \/>\n\t<meta property=\"og:image:width\" content=\"2238\" \/>\n\t<meta property=\"og:image:height\" content=\"2545\" \/>\n\t<meta property=\"og:image:type\" content=\"image\/jpeg\" \/>\n<meta name=\"author\" content=\"Katharina Kandt\" \/>\n<meta name=\"twitter:card\" content=\"summary_large_image\" \/>\n<meta name=\"twitter:label1\" content=\"Written by\" \/>\n\t<meta name=\"twitter:data1\" content=\"Katharina Kandt\" \/>\n\t<meta name=\"twitter:label2\" content=\"Est. reading time\" \/>\n\t<meta name=\"twitter:data2\" content=\"5 minutes\" \/>\n<script type=\"application\/ld+json\" class=\"yoast-schema-graph\">{\"@context\":\"https:\\\/\\\/schema.org\",\"@graph\":[{\"@type\":\"Article\",\"@id\":\"https:\\\/\\\/www.un.org\\\/pga\\\/71\\\/2016\\\/10\\\/13\\\/statement-by-mr-antonio-guterres-on-his-appointment-by-the-general-assembly-to-the-position-of-secretary-general-of-the-united-nations\\\/#article\",\"isPartOf\":{\"@id\":\"https:\\\/\\\/www.un.org\\\/pga\\\/71\\\/2016\\\/10\\\/13\\\/statement-by-mr-antonio-guterres-on-his-appointment-by-the-general-assembly-to-the-position-of-secretary-general-of-the-united-nations\\\/\"},\"author\":{\"name\":\"Katharina Kandt\",\"@id\":\"https:\\\/\\\/www.un.org\\\/pga\\\/71\\\/#\\\/schema\\\/person\\\/06bf09e43d46846c087701ec99ac8412\"},\"headline\":\"Statement by Mr. Ant\u00f3nio Guterres on his appointment by the General Assembly to the position of Secretary-General of the United Nations\",\"datePublished\":\"2016-10-13T15:48:08+00:00\",\"dateModified\":\"2016-11-17T21:55:24+00:00\",\"mainEntityOfPage\":{\"@id\":\"https:\\\/\\\/www.un.org\\\/pga\\\/71\\\/2016\\\/10\\\/13\\\/statement-by-mr-antonio-guterres-on-his-appointment-by-the-general-assembly-to-the-position-of-secretary-general-of-the-united-nations\\\/\"},\"wordCount\":1132,\"publisher\":{\"@id\":\"https:\\\/\\\/www.un.org\\\/pga\\\/71\\\/#organization\"},\"image\":{\"@id\":\"https:\\\/\\\/www.un.org\\\/pga\\\/71\\\/2016\\\/10\\\/13\\\/statement-by-mr-antonio-guterres-on-his-appointment-by-the-general-assembly-to-the-position-of-secretary-general-of-the-united-nations\\\/#primaryimage\"},\"thumbnailUrl\":\"https:\\\/\\\/www.un.org\\\/pga\\\/wp-content\\\/uploads\\\/sites\\\/40\\\/2016\\\/01\\\/DSC08274-e1475766019994.jpg\",\"keywords\":[\"Antonio Guterres\",\"next Secretary-General\",\"next SG\",\"next SG appointment\",\"statement Antonio Guterres\"],\"articleSection\":[\"Statements\"],\"inLanguage\":\"en-US\"},{\"@type\":\"WebPage\",\"@id\":\"https:\\\/\\\/www.un.org\\\/pga\\\/71\\\/2016\\\/10\\\/13\\\/statement-by-mr-antonio-guterres-on-his-appointment-by-the-general-assembly-to-the-position-of-secretary-general-of-the-united-nations\\\/\",\"url\":\"https:\\\/\\\/www.un.org\\\/pga\\\/71\\\/2016\\\/10\\\/13\\\/statement-by-mr-antonio-guterres-on-his-appointment-by-the-general-assembly-to-the-position-of-secretary-general-of-the-united-nations\\\/\",\"name\":\"Statement by Mr. Ant\u00f3nio Guterres on his appointment by the General Assembly to the position of Secretary-General of the United Nations - General Assembly of the United Nations\",\"isPartOf\":{\"@id\":\"https:\\\/\\\/www.un.org\\\/pga\\\/71\\\/#website\"},\"primaryImageOfPage\":{\"@id\":\"https:\\\/\\\/www.un.org\\\/pga\\\/71\\\/2016\\\/10\\\/13\\\/statement-by-mr-antonio-guterres-on-his-appointment-by-the-general-assembly-to-the-position-of-secretary-general-of-the-united-nations\\\/#primaryimage\"},\"image\":{\"@id\":\"https:\\\/\\\/www.un.org\\\/pga\\\/71\\\/2016\\\/10\\\/13\\\/statement-by-mr-antonio-guterres-on-his-appointment-by-the-general-assembly-to-the-position-of-secretary-general-of-the-united-nations\\\/#primaryimage\"},\"thumbnailUrl\":\"https:\\\/\\\/www.un.org\\\/pga\\\/wp-content\\\/uploads\\\/sites\\\/40\\\/2016\\\/01\\\/DSC08274-e1475766019994.jpg\",\"datePublished\":\"2016-10-13T15:48:08+00:00\",\"dateModified\":\"2016-11-17T21:55:24+00:00\",\"breadcrumb\":{\"@id\":\"https:\\\/\\\/www.un.org\\\/pga\\\/71\\\/2016\\\/10\\\/13\\\/statement-by-mr-antonio-guterres-on-his-appointment-by-the-general-assembly-to-the-position-of-secretary-general-of-the-united-nations\\\/#breadcrumb\"},\"inLanguage\":\"en-US\",\"potentialAction\":[{\"@type\":\"ReadAction\",\"target\":[\"https:\\\/\\\/www.un.org\\\/pga\\\/71\\\/2016\\\/10\\\/13\\\/statement-by-mr-antonio-guterres-on-his-appointment-by-the-general-assembly-to-the-position-of-secretary-general-of-the-united-nations\\\/\"]}]},{\"@type\":\"ImageObject\",\"inLanguage\":\"en-US\",\"@id\":\"https:\\\/\\\/www.un.org\\\/pga\\\/71\\\/2016\\\/10\\\/13\\\/statement-by-mr-antonio-guterres-on-his-appointment-by-the-general-assembly-to-the-position-of-secretary-general-of-the-united-nations\\\/#primaryimage\",\"url\":\"https:\\\/\\\/www.un.org\\\/pga\\\/wp-content\\\/uploads\\\/sites\\\/40\\\/2016\\\/01\\\/DSC08274-e1475766019994.jpg\",\"contentUrl\":\"https:\\\/\\\/www.un.org\\\/pga\\\/wp-content\\\/uploads\\\/sites\\\/40\\\/2016\\\/01\\\/DSC08274-e1475766019994.jpg\",\"width\":2238,\"height\":2545,\"caption\":\"Ä¢¹½ÊÓÆµSC recommended candidate Antonio Guterres \u00a9Aljazeera Debate\"},{\"@type\":\"BreadcrumbList\",\"@id\":\"https:\\\/\\\/www.un.org\\\/pga\\\/71\\\/2016\\\/10\\\/13\\\/statement-by-mr-antonio-guterres-on-his-appointment-by-the-general-assembly-to-the-position-of-secretary-general-of-the-united-nations\\\/#breadcrumb\",\"itemListElement\":[{\"@type\":\"ListItem\",\"position\":1,\"name\":\"Home\",\"item\":\"https:\\\/\\\/www.un.org\\\/pga\\\/71\\\/\"},{\"@type\":\"ListItem\",\"position\":2,\"name\":\"Statement by Mr. Ant\u00f3nio Guterres on his appointment by the General Assembly to the position of Secretary-General of the United Nations\"}]},{\"@type\":\"WebSite\",\"@id\":\"https:\\\/\\\/www.un.org\\\/pga\\\/71\\\/#website\",\"url\":\"https:\\\/\\\/www.un.org\\\/pga\\\/71\\\/\",\"name\":\"71st Session General Assembly of the United Nations\",\"description\":\"President of the 71st session\",\"publisher\":{\"@id\":\"https:\\\/\\\/www.un.org\\\/pga\\\/71\\\/#organization\"},\"potentialAction\":[{\"@type\":\"SearchAction\",\"target\":{\"@type\":\"EntryPoint\",\"urlTemplate\":\"https:\\\/\\\/www.un.org\\\/pga\\\/71\\\/?s={search_term_string}\"},\"query-input\":{\"@type\":\"PropertyValueSpecification\",\"valueRequired\":true,\"valueName\":\"search_term_string\"}}],\"inLanguage\":\"en-US\"},{\"@type\":\"Organization\",\"@id\":\"https:\\\/\\\/www.un.org\\\/pga\\\/71\\\/#organization\",\"name\":\"General Assembly of the United Nations\",\"url\":\"https:\\\/\\\/www.un.org\\\/pga\\\/71\\\/\",\"logo\":{\"@type\":\"ImageObject\",\"inLanguage\":\"en-US\",\"@id\":\"https:\\\/\\\/www.un.org\\\/pga\\\/71\\\/#\\\/schema\\\/logo\\\/image\\\/\",\"url\":\"https:\\\/\\\/www.un.org\\\/pga\\\/wp-content\\\/uploads\\\/sites\\\/40\\\/2016\\\/09\\\/pga71logo_without-tagline.jpg\",\"contentUrl\":\"https:\\\/\\\/www.un.org\\\/pga\\\/wp-content\\\/uploads\\\/sites\\\/40\\\/2016\\\/09\\\/pga71logo_without-tagline.jpg\",\"width\":400,\"height\":456,\"caption\":\"General Assembly of the United Nations\"},\"image\":{\"@id\":\"https:\\\/\\\/www.un.org\\\/pga\\\/71\\\/#\\\/schema\\\/logo\\\/image\\\/\"}},{\"@type\":\"Person\",\"@id\":\"https:\\\/\\\/www.un.org\\\/pga\\\/71\\\/#\\\/schema\\\/person\\\/06bf09e43d46846c087701ec99ac8412\",\"name\":\"Katharina Kandt\",\"image\":{\"@type\":\"ImageObject\",\"inLanguage\":\"en-US\",\"@id\":\"https:\\\/\\\/secure.gravatar.com\\\/avatar\\\/5e28c19bf52d2ea02ca4d78c4548f4e118fe08e94744f59f7938769a04ae856e?s=96&d=mm&r=g\",\"url\":\"https:\\\/\\\/secure.gravatar.com\\\/avatar\\\/5e28c19bf52d2ea02ca4d78c4548f4e118fe08e94744f59f7938769a04ae856e?s=96&d=mm&r=g\",\"contentUrl\":\"https:\\\/\\\/secure.gravatar.com\\\/avatar\\\/5e28c19bf52d2ea02ca4d78c4548f4e118fe08e94744f59f7938769a04ae856e?s=96&d=mm&r=g\",\"caption\":\"Katharina Kandt\"},\"url\":\"https:\\\/\\\/www.un.org\\\/pga\\\/71\\\/author\\\/kandtun-org\\\/\"}]}<\/script>\n<!-- \/ Yoast SEO plugin. -->","yoast_head_json":{"title":"Statement by Mr. Ant\u00f3nio Guterres on his appointment by the General Assembly to the position of Secretary-General of the United Nations - General Assembly of the United Nations","robots":{"index":"index","follow":"follow","max-snippet":"max-snippet:-1","max-image-preview":"max-image-preview:large","max-video-preview":"max-video-preview:-1"},"canonical":"https:\/\/www.un.org\/pga\/71\/2016\/10\/13\/statement-by-mr-antonio-guterres-on-his-appointment-by-the-general-assembly-to-the-position-of-secretary-general-of-the-united-nations\/","og_locale":"en_US","og_type":"article","og_title":"Statement by Mr. Ant\u00f3nio Guterres on his appointment by the General Assembly to the position of Secretary-General of the United Nations - General Assembly of the United Nations","og_description":"Statement by Mr. Ant\u00f3nio Guterres on his appointment by the General\u00a0Assembly to the position of Secretary-General of the United Nations 13 October 2016 &nbsp; Mr. President of the General Assembly, [&hellip;]","og_url":"https:\/\/www.un.org\/pga\/71\/2016\/10\/13\/statement-by-mr-antonio-guterres-on-his-appointment-by-the-general-assembly-to-the-position-of-secretary-general-of-the-united-nations\/","og_site_name":"General Assembly of the United Nations","article_published_time":"2016-10-13T15:48:08+00:00","article_modified_time":"2016-11-17T21:55:24+00:00","og_image":[{"width":2238,"height":2545,"url":"https:\/\/www.un.org\/pga\/wp-content\/uploads\/sites\/40\/2016\/01\/DSC08274-e1475766019994.jpg","type":"image\/jpeg"}],"author":"Katharina Kandt","twitter_card":"summary_large_image","twitter_misc":{"Written by":"Katharina Kandt","Est. reading time":"5 minutes"},"schema":{"@context":"https:\/\/schema.org","@graph":[{"@type":"Article","@id":"https:\/\/www.un.org\/pga\/71\/2016\/10\/13\/statement-by-mr-antonio-guterres-on-his-appointment-by-the-general-assembly-to-the-position-of-secretary-general-of-the-united-nations\/#article","isPartOf":{"@id":"https:\/\/www.un.org\/pga\/71\/2016\/10\/13\/statement-by-mr-antonio-guterres-on-his-appointment-by-the-general-assembly-to-the-position-of-secretary-general-of-the-united-nations\/"},"author":{"name":"Katharina Kandt","@id":"https:\/\/www.un.org\/pga\/71\/#\/schema\/person\/06bf09e43d46846c087701ec99ac8412"},"headline":"Statement by Mr. Ant\u00f3nio Guterres on his appointment by the General Assembly to the position of Secretary-General of the United Nations","datePublished":"2016-10-13T15:48:08+00:00","dateModified":"2016-11-17T21:55:24+00:00","mainEntityOfPage":{"@id":"https:\/\/www.un.org\/pga\/71\/2016\/10\/13\/statement-by-mr-antonio-guterres-on-his-appointment-by-the-general-assembly-to-the-position-of-secretary-general-of-the-united-nations\/"},"wordCount":1132,"publisher":{"@id":"https:\/\/www.un.org\/pga\/71\/#organization"},"image":{"@id":"https:\/\/www.un.org\/pga\/71\/2016\/10\/13\/statement-by-mr-antonio-guterres-on-his-appointment-by-the-general-assembly-to-the-position-of-secretary-general-of-the-united-nations\/#primaryimage"},"thumbnailUrl":"https:\/\/www.un.org\/pga\/wp-content\/uploads\/sites\/40\/2016\/01\/DSC08274-e1475766019994.jpg","keywords":["Antonio Guterres","next Secretary-General","next SG","next SG appointment","statement Antonio Guterres"],"articleSection":["Statements"],"inLanguage":"en-US"},{"@type":"WebPage","@id":"https:\/\/www.un.org\/pga\/71\/2016\/10\/13\/statement-by-mr-antonio-guterres-on-his-appointment-by-the-general-assembly-to-the-position-of-secretary-general-of-the-united-nations\/","url":"https:\/\/www.un.org\/pga\/71\/2016\/10\/13\/statement-by-mr-antonio-guterres-on-his-appointment-by-the-general-assembly-to-the-position-of-secretary-general-of-the-united-nations\/","name":"Statement by Mr. Ant\u00f3nio Guterres on his appointment by the General Assembly to the position of Secretary-General of the United Nations - General Assembly of the United Nations","isPartOf":{"@id":"https:\/\/www.un.org\/pga\/71\/#website"},"primaryImageOfPage":{"@id":"https:\/\/www.un.org\/pga\/71\/2016\/10\/13\/statement-by-mr-antonio-guterres-on-his-appointment-by-the-general-assembly-to-the-position-of-secretary-general-of-the-united-nations\/#primaryimage"},"image":{"@id":"https:\/\/www.un.org\/pga\/71\/2016\/10\/13\/statement-by-mr-antonio-guterres-on-his-appointment-by-the-general-assembly-to-the-position-of-secretary-general-of-the-united-nations\/#primaryimage"},"thumbnailUrl":"https:\/\/www.un.org\/pga\/wp-content\/uploads\/sites\/40\/2016\/01\/DSC08274-e1475766019994.jpg","datePublished":"2016-10-13T15:48:08+00:00","dateModified":"2016-11-17T21:55:24+00:00","breadcrumb":{"@id":"https:\/\/www.un.org\/pga\/71\/2016\/10\/13\/statement-by-mr-antonio-guterres-on-his-appointment-by-the-general-assembly-to-the-position-of-secretary-general-of-the-united-nations\/#breadcrumb"},"inLanguage":"en-US","potentialAction":[{"@type":"ReadAction","target":["https:\/\/www.un.org\/pga\/71\/2016\/10\/13\/statement-by-mr-antonio-guterres-on-his-appointment-by-the-general-assembly-to-the-position-of-secretary-general-of-the-united-nations\/"]}]},{"@type":"ImageObject","inLanguage":"en-US","@id":"https:\/\/www.un.org\/pga\/71\/2016\/10\/13\/statement-by-mr-antonio-guterres-on-his-appointment-by-the-general-assembly-to-the-position-of-secretary-general-of-the-united-nations\/#primaryimage","url":"https:\/\/www.un.org\/pga\/wp-content\/uploads\/sites\/40\/2016\/01\/DSC08274-e1475766019994.jpg","contentUrl":"https:\/\/www.un.org\/pga\/wp-content\/uploads\/sites\/40\/2016\/01\/DSC08274-e1475766019994.jpg","width":2238,"height":2545,"caption":"Ä¢¹½ÊÓÆµSC recommended candidate Antonio Guterres \u00a9Aljazeera Debate"},{"@type":"BreadcrumbList","@id":"https:\/\/www.un.org\/pga\/71\/2016\/10\/13\/statement-by-mr-antonio-guterres-on-his-appointment-by-the-general-assembly-to-the-position-of-secretary-general-of-the-united-nations\/#breadcrumb","itemListElement":[{"@type":"ListItem","position":1,"name":"Home","item":"https:\/\/www.un.org\/pga\/71\/"},{"@type":"ListItem","position":2,"name":"Statement by Mr. Ant\u00f3nio Guterres on his appointment by the General Assembly to the position of Secretary-General of the United Nations"}]},{"@type":"WebSite","@id":"https:\/\/www.un.org\/pga\/71\/#website","url":"https:\/\/www.un.org\/pga\/71\/","name":"71st Session General Assembly of the United Nations","description":"President of the 71st session","publisher":{"@id":"https:\/\/www.un.org\/pga\/71\/#organization"},"potentialAction":[{"@type":"SearchAction","target":{"@type":"EntryPoint","urlTemplate":"https:\/\/www.un.org\/pga\/71\/?s={search_term_string}"},"query-input":{"@type":"PropertyValueSpecification","valueRequired":true,"valueName":"search_term_string"}}],"inLanguage":"en-US"},{"@type":"Organization","@id":"https:\/\/www.un.org\/pga\/71\/#organization","name":"General Assembly of the United Nations","url":"https:\/\/www.un.org\/pga\/71\/","logo":{"@type":"ImageObject","inLanguage":"en-US","@id":"https:\/\/www.un.org\/pga\/71\/#\/schema\/logo\/image\/","url":"https:\/\/www.un.org\/pga\/wp-content\/uploads\/sites\/40\/2016\/09\/pga71logo_without-tagline.jpg","contentUrl":"https:\/\/www.un.org\/pga\/wp-content\/uploads\/sites\/40\/2016\/09\/pga71logo_without-tagline.jpg","width":400,"height":456,"caption":"General Assembly of the United Nations"},"image":{"@id":"https:\/\/www.un.org\/pga\/71\/#\/schema\/logo\/image\/"}},{"@type":"Person","@id":"https:\/\/www.un.org\/pga\/71\/#\/schema\/person\/06bf09e43d46846c087701ec99ac8412","name":"Katharina Kandt","image":{"@type":"ImageObject","inLanguage":"en-US","@id":"https:\/\/secure.gravatar.com\/avatar\/5e28c19bf52d2ea02ca4d78c4548f4e118fe08e94744f59f7938769a04ae856e?s=96&d=mm&r=g","url":"https:\/\/secure.gravatar.com\/avatar\/5e28c19bf52d2ea02ca4d78c4548f4e118fe08e94744f59f7938769a04ae856e?s=96&d=mm&r=g","contentUrl":"https:\/\/secure.gravatar.com\/avatar\/5e28c19bf52d2ea02ca4d78c4548f4e118fe08e94744f59f7938769a04ae856e?s=96&d=mm&r=g","caption":"Katharina Kandt"},"url":"https:\/\/www.un.org\/pga\/71\/author\/kandtun-org\/"}]}},"_links":{"self":[{"href":"https:\/\/www.un.org\/pga\/71\/wp-json\/wp\/v2\/posts\/76510","targetHints":{"allow":["GET"]}}],"collection":[{"href":"https:\/\/www.un.org\/pga\/71\/wp-json\/wp\/v2\/posts"}],"about":[{"href":"https:\/\/www.un.org\/pga\/71\/wp-json\/wp\/v2\/types\/post"}],"author":[{"embeddable":true,"href":"https:\/\/www.un.org\/pga\/71\/wp-json\/wp\/v2\/users\/202"}],"replies":[{"embeddable":true,"href":"https:\/\/www.un.org\/pga\/71\/wp-json\/wp\/v2\/comments?post=76510"}],"version-history":[{"count":0,"href":"https:\/\/www.un.org\/pga\/71\/wp-json\/wp\/v2\/posts\/76510\/revisions"}],"wp:featuredmedia":[{"embeddable":true,"href":"https:\/\/www.un.org\/pga\/71\/wp-json\/wp\/v2\/media\/75610"}],"wp:attachment":[{"href":"https:\/\/www.un.org\/pga\/71\/wp-json\/wp\/v2\/media?parent=76510"}],"wp:term":[{"taxonomy":"category","embeddable":true,"href":"https:\/\/www.un.org\/pga\/71\/wp-json\/wp\/v2\/categories?post=76510"},{"taxonomy":"post_tag","embeddable":true,"href":"https:\/\/www.un.org\/pga\/71\/wp-json\/wp\/v2\/tags?post=76510"}],"curies":[{"name":"wp","href":"https:\/\/api.w.org\/{rel}","templated":true}]}}