  {"id":113541,"date":"2017-05-31T10:28:04","date_gmt":"2017-05-31T14:28:04","guid":{"rendered":"http:\/\/www.un.org\/pga\/72\/?p=113541\/"},"modified":"2017-09-14T10:23:10","modified_gmt":"2017-09-14T14:23:10","slug":"la-asamblea-general-nombra-a-miroslav-lajcak-de-eslovaquia-como-su-nuevo-presidente","status":"publish","type":"post","link":"https:\/\/www.un.org\/pga\/72\/es\/2017\/05\/31\/la-asamblea-general-nombra-a-miroslav-lajcak-de-eslovaquia-como-su-nuevo-presidente\/","title":{"rendered":"La Asamblea General nombra a Miroslav Lajc\u00e1k como su nuevo presidente"},"content":{"rendered":"<p>[et_pb_section bb_built=\u00bb1&#8243;][et_pb_row][et_pb_column type=\u00bb4_4&#8243;][et_pb_text _builder_version=\u00bb3.0.69&#8243; background_layout=\u00bblight\u00bb text_orientation=\u00bbleft\u00bb border_style=\u00bbsolid\u00bb]<\/p>\n<h1>La Asamblea General nombra a Miroslav Lajc\u00e1k, de Eslovaquia, como su nuevo presidente<\/h1>\n<div class=\"post-meta vcard\">\n<p style=\"text-align: left\"><span class=\"updated\">31 de mayo de 2017<\/span><\/p>\n<\/div>\n<p>[\/et_pb_text][et_pb_image _builder_version=\u00bb3.0.69&#8243; src=\u00bbhttp:\/\/www.un.org\/pga\/72\/wp-content\/uploads\/sites\/51\/2017\/09\/723885Miroslav.jpg\u00bb show_in_lightbox=\u00bboff\u00bb url_new_window=\u00bboff\u00bb use_overlay=\u00bboff\u00bb sticky=\u00bboff\u00bb align=\u00bbleft\u00bb always_center_on_mobile=\u00bbon\u00bb border_style=\u00bbsolid\u00bb force_fullwidth=\u00bboff\u00bb \/][et_pb_text _builder_version=\u00bb3.0.69&#8243; background_layout=\u00bblight\u00bb text_orientation=\u00bbleft\u00bb border_style=\u00bbsolid\u00bb]<\/p>\n<p>El ministro de Asuntos Exteriores de Eslovaquia, Miroslav Lajc\u00e1k, ser\u00e1 el presidente de la Asamblea General de Naciones Unidas durante su 72\u00aa periodo de sesiones, que comenzar\u00e1 en septiembre pr\u00f3ximo.<\/p>\n<p>El principal \u00f3rgano deliberativo de la ONU eligi\u00f3 por aclamaci\u00f3n al diplom\u00e1tico eslovaco de 54 a\u00f1os.<\/p>\n<p>Lajc\u00e1k funge como canciller del pa\u00eds europeo desde abril de 2012 y anteriormente fue candidato a Secretario General.<\/p>\n<p>En su primer discurso ante la Asamblea General, Lajc\u00e1k conden\u00f3 en los t\u00e9rminos m\u00e1s en\u00e9rgicos los atentados terroristas perpetrados durante los \u00faltimos d\u00edas en distintos lugares del mundo.<\/p>\n<p>A continuaci\u00f3n, Lajc\u00e1k destac\u00f3 el compromiso de su pa\u00eds con el multilateralismo, subray\u00f3 su constante contribuci\u00f3n a las actividades de Naciones Unidas y dio a conocer las seis prioridades que tendr\u00e1 durante su mandato de un a\u00f1o como presidente de la Asamblea.<\/p>\n<p>\u201cPrimero, quiero llamar la atenci\u00f3n de los Estados Miembros hacia las personas, por eso sugiero centrarnos en la lucha por la paz y una vida decente para todos en un planeta sostenible. Creo que podemos hacer m\u00e1s para llevar a la ONU a los ciudadanos del mundo\u201d, dijo.<\/p>\n<p>La importancia de la prevenci\u00f3n y mediaci\u00f3n en el mantenimiento de la paz, la migraci\u00f3n, los Objetivos de Desarrollo Sostenible y el clima, los derechos humanos y el enfoque cualitativo de los temas m\u00e1s urgentes de la Organizaci\u00f3n son las otras cinco prioridades del nuevo presidente.<\/p>\n<p>Asimismo, consider\u00f3 la reforma del Consejo de Seguridad como la m\u00e1s importante entre todas las que requerir\u00eda el organismo mundial.<\/p>\n<p><a title=\"La Asamblea General nombra a Miroslav Lajc\u00e1k, de Eslovaquia, como su nuevo presidente\" href=\"http:\/\/www.un.org\/spanish\/News\/story.asp?NewsID=37425\">Noticias ONU<\/a><\/p>\n<p>[\/et_pb_text][\/et_pb_column][\/et_pb_row][\/et_pb_section]<\/p>\n","protected":false},"excerpt":{"rendered":"<p>La Asamblea General nombra a Miroslav Lajc\u00e1k, de Eslovaquia, como presidente.<\/p>\n","protected":false},"author":1,"featured_media":113545,"comment_status":"closed","ping_status":"closed","sticky":false,"template":"","format":"standard","meta":{"_et_pb_use_builder":"on","_et_pb_old_content":"","_et_gb_content_width":"","footnotes":"","_links_to":"","_links_to_target":""},"categories":[185],"tags":[],"class_list":["post-113541","post","type-post","status-publish","format-standard","has-post-thumbnail","hentry","category-newsandupdates-es","et-has-post-format-content","et_post_format-et-post-format-standard"],"yoast_head":"<!-- This site is optimized with the Yoast SEO plugin v28.3 - https:\/\/yoast.com\/product\/yoast-seo-wordpress\/ -->\n<title>La Asamblea General nombra a Miroslav Lajc\u00e1k como su nuevo presidente - Asamblea General de las Naciones Unidas<\/title>\n<meta name=\"robots\" content=\"index, follow, max-snippet:-1, max-image-preview:large, max-video-preview:-1\" \/>\n<link rel=\"canonical\" href=\"https:\/\/www.un.org\/pga\/72\/es\/2017\/05\/31\/la-asamblea-general-nombra-a-miroslav-lajcak-de-eslovaquia-como-su-nuevo-presidente\/\" \/>\n<meta property=\"og:locale\" content=\"es_ES\" \/>\n<meta property=\"og:type\" content=\"article\" \/>\n<meta property=\"og:title\" content=\"La Asamblea General nombra a Miroslav Lajc\u00e1k como su nuevo presidente - Asamblea General de las Naciones Unidas\" \/>\n<meta property=\"og:description\" content=\"La Asamblea General nombra a Miroslav Lajc\u00e1k, de Eslovaquia, como presidente.\" \/>\n<meta property=\"og:url\" content=\"https:\/\/www.un.org\/pga\/72\/es\/2017\/05\/31\/la-asamblea-general-nombra-a-miroslav-lajcak-de-eslovaquia-como-su-nuevo-presidente\/\" \/>\n<meta property=\"og:site_name\" content=\"Asamblea General de las Naciones Unidas\" \/>\n<meta property=\"article:published_time\" content=\"2017-05-31T14:28:04+00:00\" \/>\n<meta property=\"article:modified_time\" content=\"2017-09-14T14:23:10+00:00\" \/>\n<meta property=\"og:image\" content=\"https:\/\/www.un.org\/pga\/wp-content\/uploads\/sites\/51\/2017\/09\/723885Miroslav.jpg\" \/>\n\t<meta property=\"og:image:width\" content=\"1024\" \/>\n\t<meta property=\"og:image:height\" content=\"683\" \/>\n\t<meta property=\"og:image:type\" content=\"image\/jpeg\" \/>\n<meta name=\"author\" content=\"unsites\" \/>\n<meta name=\"twitter:card\" content=\"summary_large_image\" \/>\n<meta name=\"twitter:label1\" content=\"Escrito por\" \/>\n\t<meta name=\"twitter:data1\" content=\"unsites\" \/>\n\t<meta name=\"twitter:label2\" content=\"Tiempo de lectura\" \/>\n\t<meta name=\"twitter:data2\" content=\"2 minutos\" \/>\n<script type=\"application\/ld+json\" class=\"yoast-schema-graph\">{\"@context\":\"https:\\\/\\\/schema.org\",\"@graph\":[{\"@type\":\"Article\",\"@id\":\"https:\\\/\\\/www.un.org\\\/pga\\\/72\\\/es\\\/2017\\\/05\\\/31\\\/la-asamblea-general-nombra-a-miroslav-lajcak-de-eslovaquia-como-su-nuevo-presidente\\\/#article\",\"isPartOf\":{\"@id\":\"https:\\\/\\\/www.un.org\\\/pga\\\/72\\\/es\\\/2017\\\/05\\\/31\\\/la-asamblea-general-nombra-a-miroslav-lajcak-de-eslovaquia-como-su-nuevo-presidente\\\/\"},\"author\":{\"name\":\"unsites\",\"@id\":\"https:\\\/\\\/www.un.org\\\/pga\\\/72\\\/#\\\/schema\\\/person\\\/48a91d582f34a9fb17593492edf921a4\"},\"headline\":\"La Asamblea General nombra a Miroslav Lajc\u00e1k como su nuevo presidente\",\"datePublished\":\"2017-05-31T14:28:04+00:00\",\"dateModified\":\"2017-09-14T14:23:10+00:00\",\"mainEntityOfPage\":{\"@id\":\"https:\\\/\\\/www.un.org\\\/pga\\\/72\\\/es\\\/2017\\\/05\\\/31\\\/la-asamblea-general-nombra-a-miroslav-lajcak-de-eslovaquia-como-su-nuevo-presidente\\\/\"},\"wordCount\":399,\"image\":{\"@id\":\"https:\\\/\\\/www.un.org\\\/pga\\\/72\\\/es\\\/2017\\\/05\\\/31\\\/la-asamblea-general-nombra-a-miroslav-lajcak-de-eslovaquia-como-su-nuevo-presidente\\\/#primaryimage\"},\"thumbnailUrl\":\"https:\\\/\\\/www.un.org\\\/pga\\\/wp-content\\\/uploads\\\/sites\\\/51\\\/2017\\\/09\\\/723885Miroslav.jpg\",\"articleSection\":[\"Noticias\"],\"inLanguage\":\"es\"},{\"@type\":\"WebPage\",\"@id\":\"https:\\\/\\\/www.un.org\\\/pga\\\/72\\\/es\\\/2017\\\/05\\\/31\\\/la-asamblea-general-nombra-a-miroslav-lajcak-de-eslovaquia-como-su-nuevo-presidente\\\/\",\"url\":\"https:\\\/\\\/www.un.org\\\/pga\\\/72\\\/es\\\/2017\\\/05\\\/31\\\/la-asamblea-general-nombra-a-miroslav-lajcak-de-eslovaquia-como-su-nuevo-presidente\\\/\",\"name\":\"La Asamblea General nombra a Miroslav Lajc\u00e1k como su nuevo presidente - Asamblea General de las Naciones Unidas\",\"isPartOf\":{\"@id\":\"https:\\\/\\\/www.un.org\\\/pga\\\/72\\\/#website\"},\"primaryImageOfPage\":{\"@id\":\"https:\\\/\\\/www.un.org\\\/pga\\\/72\\\/es\\\/2017\\\/05\\\/31\\\/la-asamblea-general-nombra-a-miroslav-lajcak-de-eslovaquia-como-su-nuevo-presidente\\\/#primaryimage\"},\"image\":{\"@id\":\"https:\\\/\\\/www.un.org\\\/pga\\\/72\\\/es\\\/2017\\\/05\\\/31\\\/la-asamblea-general-nombra-a-miroslav-lajcak-de-eslovaquia-como-su-nuevo-presidente\\\/#primaryimage\"},\"thumbnailUrl\":\"https:\\\/\\\/www.un.org\\\/pga\\\/wp-content\\\/uploads\\\/sites\\\/51\\\/2017\\\/09\\\/723885Miroslav.jpg\",\"datePublished\":\"2017-05-31T14:28:04+00:00\",\"dateModified\":\"2017-09-14T14:23:10+00:00\",\"author\":{\"@id\":\"https:\\\/\\\/www.un.org\\\/pga\\\/72\\\/#\\\/schema\\\/person\\\/48a91d582f34a9fb17593492edf921a4\"},\"breadcrumb\":{\"@id\":\"https:\\\/\\\/www.un.org\\\/pga\\\/72\\\/es\\\/2017\\\/05\\\/31\\\/la-asamblea-general-nombra-a-miroslav-lajcak-de-eslovaquia-como-su-nuevo-presidente\\\/#breadcrumb\"},\"inLanguage\":\"es\",\"potentialAction\":[{\"@type\":\"ReadAction\",\"target\":[\"https:\\\/\\\/www.un.org\\\/pga\\\/72\\\/es\\\/2017\\\/05\\\/31\\\/la-asamblea-general-nombra-a-miroslav-lajcak-de-eslovaquia-como-su-nuevo-presidente\\\/\"]}]},{\"@type\":\"ImageObject\",\"inLanguage\":\"es\",\"@id\":\"https:\\\/\\\/www.un.org\\\/pga\\\/72\\\/es\\\/2017\\\/05\\\/31\\\/la-asamblea-general-nombra-a-miroslav-lajcak-de-eslovaquia-como-su-nuevo-presidente\\\/#primaryimage\",\"url\":\"https:\\\/\\\/www.un.org\\\/pga\\\/wp-content\\\/uploads\\\/sites\\\/51\\\/2017\\\/09\\\/723885Miroslav.jpg\",\"contentUrl\":\"https:\\\/\\\/www.un.org\\\/pga\\\/wp-content\\\/uploads\\\/sites\\\/51\\\/2017\\\/09\\\/723885Miroslav.jpg\",\"width\":1024,\"height\":683,\"caption\":\"El presidente electo de la Asamblea General, Miroslav Lajc\u00e1k, de Eslovaquia. Foto: ONU\\\/Miroslav Lajc\u00e1k\"},{\"@type\":\"BreadcrumbList\",\"@id\":\"https:\\\/\\\/www.un.org\\\/pga\\\/72\\\/es\\\/2017\\\/05\\\/31\\\/la-asamblea-general-nombra-a-miroslav-lajcak-de-eslovaquia-como-su-nuevo-presidente\\\/#breadcrumb\",\"itemListElement\":[{\"@type\":\"ListItem\",\"position\":1,\"name\":\"Home\",\"item\":\"https:\\\/\\\/www.un.org\\\/pga\\\/72\\\/es\\\/\"},{\"@type\":\"ListItem\",\"position\":2,\"name\":\"La Asamblea General nombra a Miroslav Lajc\u00e1k como su nuevo presidente\"}]},{\"@type\":\"WebSite\",\"@id\":\"https:\\\/\\\/www.un.org\\\/pga\\\/72\\\/#website\",\"url\":\"https:\\\/\\\/www.un.org\\\/pga\\\/72\\\/\",\"name\":\"Asamblea General de las Naciones Unidas\",\"description\":\"Presidente del 72\u00b0 per\u00edodo de sesiones\",\"potentialAction\":[{\"@type\":\"SearchAction\",\"target\":{\"@type\":\"EntryPoint\",\"urlTemplate\":\"https:\\\/\\\/www.un.org\\\/pga\\\/72\\\/?s={search_term_string}\"},\"query-input\":{\"@type\":\"PropertyValueSpecification\",\"valueRequired\":true,\"valueName\":\"search_term_string\"}}],\"inLanguage\":\"es\"},{\"@type\":\"Person\",\"@id\":\"https:\\\/\\\/www.un.org\\\/pga\\\/72\\\/#\\\/schema\\\/person\\\/48a91d582f34a9fb17593492edf921a4\",\"name\":\"unsites\",\"image\":{\"@type\":\"ImageObject\",\"inLanguage\":\"es\",\"@id\":\"https:\\\/\\\/secure.gravatar.com\\\/avatar\\\/b12baf659e883edfd4119878b775df7ba3f103d1254be63fd823aa0d0747f19f?s=96&d=mm&r=g\",\"url\":\"https:\\\/\\\/secure.gravatar.com\\\/avatar\\\/b12baf659e883edfd4119878b775df7ba3f103d1254be63fd823aa0d0747f19f?s=96&d=mm&r=g\",\"contentUrl\":\"https:\\\/\\\/secure.gravatar.com\\\/avatar\\\/b12baf659e883edfd4119878b775df7ba3f103d1254be63fd823aa0d0747f19f?s=96&d=mm&r=g\",\"caption\":\"unsites\"},\"url\":\"https:\\\/\\\/www.un.org\\\/pga\\\/72\\\/es\\\/author\\\/unsites\\\/\"}]}<\/script>\n<!-- \/ Yoast SEO plugin. -->","yoast_head_json":{"title":"La Asamblea General nombra a Miroslav Lajc\u00e1k como su nuevo presidente - Asamblea General de las Naciones Unidas","robots":{"index":"index","follow":"follow","max-snippet":"max-snippet:-1","max-image-preview":"max-image-preview:large","max-video-preview":"max-video-preview:-1"},"canonical":"https:\/\/www.un.org\/pga\/72\/es\/2017\/05\/31\/la-asamblea-general-nombra-a-miroslav-lajcak-de-eslovaquia-como-su-nuevo-presidente\/","og_locale":"es_ES","og_type":"article","og_title":"La Asamblea General nombra a Miroslav Lajc\u00e1k como su nuevo presidente - Asamblea General de las Naciones Unidas","og_description":"La Asamblea General nombra a Miroslav Lajc\u00e1k, de Eslovaquia, como presidente.","og_url":"https:\/\/www.un.org\/pga\/72\/es\/2017\/05\/31\/la-asamblea-general-nombra-a-miroslav-lajcak-de-eslovaquia-como-su-nuevo-presidente\/","og_site_name":"Asamblea General de las Naciones Unidas","article_published_time":"2017-05-31T14:28:04+00:00","article_modified_time":"2017-09-14T14:23:10+00:00","og_image":[{"width":1024,"height":683,"url":"https:\/\/www.un.org\/pga\/wp-content\/uploads\/sites\/51\/2017\/09\/723885Miroslav.jpg","type":"image\/jpeg"}],"author":"unsites","twitter_card":"summary_large_image","twitter_misc":{"Escrito por":"unsites","Tiempo de lectura":"2 minutos"},"schema":{"@context":"https:\/\/schema.org","@graph":[{"@type":"Article","@id":"https:\/\/www.un.org\/pga\/72\/es\/2017\/05\/31\/la-asamblea-general-nombra-a-miroslav-lajcak-de-eslovaquia-como-su-nuevo-presidente\/#article","isPartOf":{"@id":"https:\/\/www.un.org\/pga\/72\/es\/2017\/05\/31\/la-asamblea-general-nombra-a-miroslav-lajcak-de-eslovaquia-como-su-nuevo-presidente\/"},"author":{"name":"unsites","@id":"https:\/\/www.un.org\/pga\/72\/#\/schema\/person\/48a91d582f34a9fb17593492edf921a4"},"headline":"La Asamblea General nombra a Miroslav Lajc\u00e1k como su nuevo presidente","datePublished":"2017-05-31T14:28:04+00:00","dateModified":"2017-09-14T14:23:10+00:00","mainEntityOfPage":{"@id":"https:\/\/www.un.org\/pga\/72\/es\/2017\/05\/31\/la-asamblea-general-nombra-a-miroslav-lajcak-de-eslovaquia-como-su-nuevo-presidente\/"},"wordCount":399,"image":{"@id":"https:\/\/www.un.org\/pga\/72\/es\/2017\/05\/31\/la-asamblea-general-nombra-a-miroslav-lajcak-de-eslovaquia-como-su-nuevo-presidente\/#primaryimage"},"thumbnailUrl":"https:\/\/www.un.org\/pga\/wp-content\/uploads\/sites\/51\/2017\/09\/723885Miroslav.jpg","articleSection":["Noticias"],"inLanguage":"es"},{"@type":"WebPage","@id":"https:\/\/www.un.org\/pga\/72\/es\/2017\/05\/31\/la-asamblea-general-nombra-a-miroslav-lajcak-de-eslovaquia-como-su-nuevo-presidente\/","url":"https:\/\/www.un.org\/pga\/72\/es\/2017\/05\/31\/la-asamblea-general-nombra-a-miroslav-lajcak-de-eslovaquia-como-su-nuevo-presidente\/","name":"La Asamblea General nombra a Miroslav Lajc\u00e1k como su nuevo presidente - Asamblea General de las Naciones Unidas","isPartOf":{"@id":"https:\/\/www.un.org\/pga\/72\/#website"},"primaryImageOfPage":{"@id":"https:\/\/www.un.org\/pga\/72\/es\/2017\/05\/31\/la-asamblea-general-nombra-a-miroslav-lajcak-de-eslovaquia-como-su-nuevo-presidente\/#primaryimage"},"image":{"@id":"https:\/\/www.un.org\/pga\/72\/es\/2017\/05\/31\/la-asamblea-general-nombra-a-miroslav-lajcak-de-eslovaquia-como-su-nuevo-presidente\/#primaryimage"},"thumbnailUrl":"https:\/\/www.un.org\/pga\/wp-content\/uploads\/sites\/51\/2017\/09\/723885Miroslav.jpg","datePublished":"2017-05-31T14:28:04+00:00","dateModified":"2017-09-14T14:23:10+00:00","author":{"@id":"https:\/\/www.un.org\/pga\/72\/#\/schema\/person\/48a91d582f34a9fb17593492edf921a4"},"breadcrumb":{"@id":"https:\/\/www.un.org\/pga\/72\/es\/2017\/05\/31\/la-asamblea-general-nombra-a-miroslav-lajcak-de-eslovaquia-como-su-nuevo-presidente\/#breadcrumb"},"inLanguage":"es","potentialAction":[{"@type":"ReadAction","target":["https:\/\/www.un.org\/pga\/72\/es\/2017\/05\/31\/la-asamblea-general-nombra-a-miroslav-lajcak-de-eslovaquia-como-su-nuevo-presidente\/"]}]},{"@type":"ImageObject","inLanguage":"es","@id":"https:\/\/www.un.org\/pga\/72\/es\/2017\/05\/31\/la-asamblea-general-nombra-a-miroslav-lajcak-de-eslovaquia-como-su-nuevo-presidente\/#primaryimage","url":"https:\/\/www.un.org\/pga\/wp-content\/uploads\/sites\/51\/2017\/09\/723885Miroslav.jpg","contentUrl":"https:\/\/www.un.org\/pga\/wp-content\/uploads\/sites\/51\/2017\/09\/723885Miroslav.jpg","width":1024,"height":683,"caption":"El presidente electo de la Asamblea General, Miroslav Lajc\u00e1k, de Eslovaquia. Foto: ONU\/Miroslav Lajc\u00e1k"},{"@type":"BreadcrumbList","@id":"https:\/\/www.un.org\/pga\/72\/es\/2017\/05\/31\/la-asamblea-general-nombra-a-miroslav-lajcak-de-eslovaquia-como-su-nuevo-presidente\/#breadcrumb","itemListElement":[{"@type":"ListItem","position":1,"name":"Home","item":"https:\/\/www.un.org\/pga\/72\/es\/"},{"@type":"ListItem","position":2,"name":"La Asamblea General nombra a Miroslav Lajc\u00e1k como su nuevo presidente"}]},{"@type":"WebSite","@id":"https:\/\/www.un.org\/pga\/72\/#website","url":"https:\/\/www.un.org\/pga\/72\/","name":"Asamblea General de las Naciones Unidas","description":"Presidente del 72\u00b0 per\u00edodo de sesiones","potentialAction":[{"@type":"SearchAction","target":{"@type":"EntryPoint","urlTemplate":"https:\/\/www.un.org\/pga\/72\/?s={search_term_string}"},"query-input":{"@type":"PropertyValueSpecification","valueRequired":true,"valueName":"search_term_string"}}],"inLanguage":"es"},{"@type":"Person","@id":"https:\/\/www.un.org\/pga\/72\/#\/schema\/person\/48a91d582f34a9fb17593492edf921a4","name":"unsites","image":{"@type":"ImageObject","inLanguage":"es","@id":"https:\/\/secure.gravatar.com\/avatar\/b12baf659e883edfd4119878b775df7ba3f103d1254be63fd823aa0d0747f19f?s=96&d=mm&r=g","url":"https:\/\/secure.gravatar.com\/avatar\/b12baf659e883edfd4119878b775df7ba3f103d1254be63fd823aa0d0747f19f?s=96&d=mm&r=g","contentUrl":"https:\/\/secure.gravatar.com\/avatar\/b12baf659e883edfd4119878b775df7ba3f103d1254be63fd823aa0d0747f19f?s=96&d=mm&r=g","caption":"unsites"},"url":"https:\/\/www.un.org\/pga\/72\/es\/author\/unsites\/"}]}},"_links":{"self":[{"href":"https:\/\/www.un.org\/pga\/72\/es\/wp-json\/wp\/v2\/posts\/113541","targetHints":{"allow":["GET"]}}],"collection":[{"href":"https:\/\/www.un.org\/pga\/72\/es\/wp-json\/wp\/v2\/posts"}],"about":[{"href":"https:\/\/www.un.org\/pga\/72\/es\/wp-json\/wp\/v2\/types\/post"}],"author":[{"embeddable":true,"href":"https:\/\/www.un.org\/pga\/72\/es\/wp-json\/wp\/v2\/users\/1"}],"replies":[{"embeddable":true,"href":"https:\/\/www.un.org\/pga\/72\/es\/wp-json\/wp\/v2\/comments?post=113541"}],"version-history":[{"count":0,"href":"https:\/\/www.un.org\/pga\/72\/es\/wp-json\/wp\/v2\/posts\/113541\/revisions"}],"wp:featuredmedia":[{"embeddable":true,"href":"https:\/\/www.un.org\/pga\/72\/es\/wp-json\/wp\/v2\/media\/113545"}],"wp:attachment":[{"href":"https:\/\/www.un.org\/pga\/72\/es\/wp-json\/wp\/v2\/media?parent=113541"}],"wp:term":[{"taxonomy":"category","embeddable":true,"href":"https:\/\/www.un.org\/pga\/72\/es\/wp-json\/wp\/v2\/categories?post=113541"},{"taxonomy":"post_tag","embeddable":true,"href":"https:\/\/www.un.org\/pga\/72\/es\/wp-json\/wp\/v2\/tags?post=113541"}],"curies":[{"name":"wp","href":"https:\/\/api.w.org\/{rel}","templated":true}]}}