  {"id":114888,"date":"2017-09-12T11:10:31","date_gmt":"2017-09-12T15:10:31","guid":{"rendered":"http:\/\/www.un.org\/pga\/72\/?p=114888\/"},"modified":"2017-09-14T10:20:57","modified_gmt":"2017-09-14T14:20:57","slug":"concluye-el-71o-periodo-de-sesiones-de-la-asamblea-general-de-la-onu","status":"publish","type":"post","link":"https:\/\/www.un.org\/pga\/72\/es\/2017\/09\/12\/concluye-el-71o-periodo-de-sesiones-de-la-asamblea-general-de-la-onu\/","title":{"rendered":"Concluye el 71\u00ba periodo de sesiones de la Asamblea General de la ONU"},"content":{"rendered":"<p>[et_pb_section bb_built=\u00bb1&#8243;][et_pb_row][et_pb_column type=\u00bb4_4&#8243;][et_pb_text _builder_version=\u00bb3.0.69&#8243; background_layout=\u00bblight\u00bb text_orientation=\u00bbleft\u00bb border_style=\u00bbsolid\u00bb]<\/p>\n<h1>Concluye el 71\u00ba periodo de sesiones de la Asamblea General de la ONU<\/h1>\n<div class=\"post-meta vcard\">\n<p style=\"text-align: left\"><span class=\"updated\">11 de septiembre de 2017<\/span><\/p>\n<\/div>\n<p>[\/et_pb_text][et_pb_image _builder_version=\u00bb3.0.69&#8243; src=\u00bbhttp:\/\/www.un.org\/pga\/72\/wp-content\/uploads\/sites\/51\/2017\/09\/731848-GA-72nd-President.jpg\u00bb show_in_lightbox=\u00bboff\u00bb url_new_window=\u00bboff\u00bb use_overlay=\u00bboff\u00bb sticky=\u00bboff\u00bb align=\u00bbleft\u00bb always_center_on_mobile=\u00bbon\u00bb border_style=\u00bbsolid\u00bb force_fullwidth=\u00bboff\u00bb \/][et_pb_text _builder_version=\u00bb3.0.69&#8243; background_layout=\u00bblight\u00bb text_orientation=\u00bbleft\u00bb border_style=\u00bbsolid\u00bb]<\/p>\n<p>El Secretario General de Naciones Unidas destac\u00f3 hoy la Declaraci\u00f3n de Nueva York sobre refugiados y migrantes y el avance en la aplicaci\u00f3n de la Agenda 2030 para el Desarrollo sostenible, como parte de los momentos m\u00e1s destacados del 71\u00ba periodo de sesiones de la Asamblea General de la ONU.<\/p>\n<p>De este modo se desped\u00eda Antonio Guterres de Peter Thomson, el Presidente saliente del \u00f3rgano principal de Naciones Unidas, al t\u00e9rmino hoy de ese periodo de sesiones.<\/p>\n<p>Entre otros logros alcanzados por Thomson, el Secretario General quiso destacar un momento especial que tuvo lugar durante el pasado mes de junio.<\/p>\n<p>\u201cS\u00e9 que le complaci\u00f3 especialmente convocar la Conferencia Sobre los Oc\u00e9anos en junio. Fue un ejercicio que contribuy\u00f3 a concienciar sobre la necesidad del uso de los recursos marinos de una manera sostenible\u201d, dijo Guterres.<\/p>\n<p>Durante su \u00faltima intervenci\u00f3n como presidente, Thomson destac\u00f3 que el principal objetivo durante su presidencia se centr\u00f3 en la puesta en marcha de los 17 Objetivos de Desarrollo Sostenible (ODS).<\/p>\n<p>Thomson destac\u00f3 que el impulso generado por la implementaci\u00f3n de los ODS es positivo y que se progres\u00f3 en \u00e1reas esenciales de los mismos, pero advirti\u00f3 sobre ciertas dificultades.<\/p>\n<p>\u201cEl progreso individual de los Objetivos sobre el terreno es desigual entre regiones, sexos y en diferentes franjas de edades, de riqueza y entre zonas urbanas y rurales\u201d, indic\u00f3.<\/p>\n<p>El 72\u00ba periodo de sesiones de la Asamblea General de la ONU se iniciar\u00e1 ma\u00f1ana bajo la presidencia de Miroslav Lajc\u00e1k, ex ministro de Asuntos Exteriores de Eslovaquia.<\/p>\n<p><a title=\"Concluye el 71\u00ba periodo de sesiones de la Asamblea General de la ONU\" href=\"http:\/\/www.un.org\/spanish\/News\/story.asp?NewsID=38016\">Noticias ONU<\/a><\/p>\n<p>[\/et_pb_text][\/et_pb_column][\/et_pb_row][\/et_pb_section]<\/p>\n","protected":false},"excerpt":{"rendered":"<p>Concluye el 71\u00ba periodo de sesiones de la Asamblea General de las Naciones Unidas.<\/p>\n","protected":false},"author":1,"featured_media":114897,"comment_status":"closed","ping_status":"closed","sticky":false,"template":"","format":"standard","meta":{"_et_pb_use_builder":"on","_et_pb_old_content":"","_et_gb_content_width":"","footnotes":"","_links_to":"","_links_to_target":""},"categories":[185],"tags":[],"class_list":["post-114888","post","type-post","status-publish","format-standard","has-post-thumbnail","hentry","category-newsandupdates-es","et-has-post-format-content","et_post_format-et-post-format-standard"],"yoast_head":"<!-- This site is optimized with the Yoast SEO plugin v28.3 - https:\/\/yoast.com\/product\/yoast-seo-wordpress\/ -->\n<title>Concluye el 71\u00ba periodo de sesiones de la Asamblea General de la ONU - Asamblea General de las Naciones Unidas<\/title>\n<meta name=\"robots\" content=\"index, follow, max-snippet:-1, max-image-preview:large, max-video-preview:-1\" \/>\n<link rel=\"canonical\" href=\"https:\/\/www.un.org\/pga\/72\/es\/2017\/09\/12\/concluye-el-71o-periodo-de-sesiones-de-la-asamblea-general-de-la-onu\/\" \/>\n<meta property=\"og:locale\" content=\"es_ES\" \/>\n<meta property=\"og:type\" content=\"article\" \/>\n<meta property=\"og:title\" content=\"Concluye el 71\u00ba periodo de sesiones de la Asamblea General de la ONU - Asamblea General de las Naciones Unidas\" \/>\n<meta property=\"og:description\" content=\"Concluye el 71\u00ba periodo de sesiones de la Asamblea General de las Naciones Unidas.\" \/>\n<meta property=\"og:url\" content=\"https:\/\/www.un.org\/pga\/72\/es\/2017\/09\/12\/concluye-el-71o-periodo-de-sesiones-de-la-asamblea-general-de-la-onu\/\" \/>\n<meta property=\"og:site_name\" content=\"Asamblea General de las Naciones Unidas\" \/>\n<meta property=\"article:published_time\" content=\"2017-09-12T15:10:31+00:00\" \/>\n<meta property=\"article:modified_time\" content=\"2017-09-14T14:20:57+00:00\" \/>\n<meta property=\"og:image\" content=\"https:\/\/www.un.org\/pga\/wp-content\/uploads\/sites\/51\/2017\/09\/731848-GA-72nd-President.jpg\" \/>\n\t<meta property=\"og:image:width\" content=\"1024\" \/>\n\t<meta property=\"og:image:height\" content=\"683\" \/>\n\t<meta property=\"og:image:type\" content=\"image\/jpeg\" \/>\n<meta name=\"author\" content=\"unsites\" \/>\n<meta name=\"twitter:card\" content=\"summary_large_image\" \/>\n<meta name=\"twitter:label1\" content=\"Escrito por\" \/>\n\t<meta name=\"twitter:data1\" content=\"unsites\" \/>\n\t<meta name=\"twitter:label2\" content=\"Tiempo de lectura\" \/>\n\t<meta name=\"twitter:data2\" content=\"2 minutos\" \/>\n<script type=\"application\/ld+json\" class=\"yoast-schema-graph\">{\"@context\":\"https:\\\/\\\/schema.org\",\"@graph\":[{\"@type\":\"Article\",\"@id\":\"https:\\\/\\\/www.un.org\\\/pga\\\/72\\\/es\\\/2017\\\/09\\\/12\\\/concluye-el-71o-periodo-de-sesiones-de-la-asamblea-general-de-la-onu\\\/#article\",\"isPartOf\":{\"@id\":\"https:\\\/\\\/www.un.org\\\/pga\\\/72\\\/es\\\/2017\\\/09\\\/12\\\/concluye-el-71o-periodo-de-sesiones-de-la-asamblea-general-de-la-onu\\\/\"},\"author\":{\"name\":\"unsites\",\"@id\":\"https:\\\/\\\/www.un.org\\\/pga\\\/72\\\/#\\\/schema\\\/person\\\/48a91d582f34a9fb17593492edf921a4\"},\"headline\":\"Concluye el 71\u00ba periodo de sesiones de la Asamblea General de la ONU\",\"datePublished\":\"2017-09-12T15:10:31+00:00\",\"dateModified\":\"2017-09-14T14:20:57+00:00\",\"mainEntityOfPage\":{\"@id\":\"https:\\\/\\\/www.un.org\\\/pga\\\/72\\\/es\\\/2017\\\/09\\\/12\\\/concluye-el-71o-periodo-de-sesiones-de-la-asamblea-general-de-la-onu\\\/\"},\"wordCount\":384,\"image\":{\"@id\":\"https:\\\/\\\/www.un.org\\\/pga\\\/72\\\/es\\\/2017\\\/09\\\/12\\\/concluye-el-71o-periodo-de-sesiones-de-la-asamblea-general-de-la-onu\\\/#primaryimage\"},\"thumbnailUrl\":\"https:\\\/\\\/www.un.org\\\/pga\\\/wp-content\\\/uploads\\\/sites\\\/51\\\/2017\\\/09\\\/731848-GA-72nd-President.jpg\",\"articleSection\":[\"Noticias\"],\"inLanguage\":\"es\"},{\"@type\":\"WebPage\",\"@id\":\"https:\\\/\\\/www.un.org\\\/pga\\\/72\\\/es\\\/2017\\\/09\\\/12\\\/concluye-el-71o-periodo-de-sesiones-de-la-asamblea-general-de-la-onu\\\/\",\"url\":\"https:\\\/\\\/www.un.org\\\/pga\\\/72\\\/es\\\/2017\\\/09\\\/12\\\/concluye-el-71o-periodo-de-sesiones-de-la-asamblea-general-de-la-onu\\\/\",\"name\":\"Concluye el 71\u00ba periodo de sesiones de la Asamblea General de la ONU - Asamblea General de las Naciones Unidas\",\"isPartOf\":{\"@id\":\"https:\\\/\\\/www.un.org\\\/pga\\\/72\\\/#website\"},\"primaryImageOfPage\":{\"@id\":\"https:\\\/\\\/www.un.org\\\/pga\\\/72\\\/es\\\/2017\\\/09\\\/12\\\/concluye-el-71o-periodo-de-sesiones-de-la-asamblea-general-de-la-onu\\\/#primaryimage\"},\"image\":{\"@id\":\"https:\\\/\\\/www.un.org\\\/pga\\\/72\\\/es\\\/2017\\\/09\\\/12\\\/concluye-el-71o-periodo-de-sesiones-de-la-asamblea-general-de-la-onu\\\/#primaryimage\"},\"thumbnailUrl\":\"https:\\\/\\\/www.un.org\\\/pga\\\/wp-content\\\/uploads\\\/sites\\\/51\\\/2017\\\/09\\\/731848-GA-72nd-President.jpg\",\"datePublished\":\"2017-09-12T15:10:31+00:00\",\"dateModified\":\"2017-09-14T14:20:57+00:00\",\"author\":{\"@id\":\"https:\\\/\\\/www.un.org\\\/pga\\\/72\\\/#\\\/schema\\\/person\\\/48a91d582f34a9fb17593492edf921a4\"},\"breadcrumb\":{\"@id\":\"https:\\\/\\\/www.un.org\\\/pga\\\/72\\\/es\\\/2017\\\/09\\\/12\\\/concluye-el-71o-periodo-de-sesiones-de-la-asamblea-general-de-la-onu\\\/#breadcrumb\"},\"inLanguage\":\"es\",\"potentialAction\":[{\"@type\":\"ReadAction\",\"target\":[\"https:\\\/\\\/www.un.org\\\/pga\\\/72\\\/es\\\/2017\\\/09\\\/12\\\/concluye-el-71o-periodo-de-sesiones-de-la-asamblea-general-de-la-onu\\\/\"]}]},{\"@type\":\"ImageObject\",\"inLanguage\":\"es\",\"@id\":\"https:\\\/\\\/www.un.org\\\/pga\\\/72\\\/es\\\/2017\\\/09\\\/12\\\/concluye-el-71o-periodo-de-sesiones-de-la-asamblea-general-de-la-onu\\\/#primaryimage\",\"url\":\"https:\\\/\\\/www.un.org\\\/pga\\\/wp-content\\\/uploads\\\/sites\\\/51\\\/2017\\\/09\\\/731848-GA-72nd-President.jpg\",\"contentUrl\":\"https:\\\/\\\/www.un.org\\\/pga\\\/wp-content\\\/uploads\\\/sites\\\/51\\\/2017\\\/09\\\/731848-GA-72nd-President.jpg\",\"width\":1024,\"height\":683,\"caption\":\"Peter Thomson (izq.), Presidente del 71\u00ba per\u00edodo de sesiones de la Asamblea General, pasa el martillo a Miroslav Lajc\u00e1k (a la derecha), Presidente del 72\u00ba per\u00edodo de sesiones, a la vista del Secretario General Ant\u00f3nio Guterres. Foto de la ONU\\\/Eskinder Debebe\"},{\"@type\":\"BreadcrumbList\",\"@id\":\"https:\\\/\\\/www.un.org\\\/pga\\\/72\\\/es\\\/2017\\\/09\\\/12\\\/concluye-el-71o-periodo-de-sesiones-de-la-asamblea-general-de-la-onu\\\/#breadcrumb\",\"itemListElement\":[{\"@type\":\"ListItem\",\"position\":1,\"name\":\"Home\",\"item\":\"https:\\\/\\\/www.un.org\\\/pga\\\/72\\\/es\\\/\"},{\"@type\":\"ListItem\",\"position\":2,\"name\":\"Concluye el 71\u00ba periodo de sesiones de la Asamblea General de la ONU\"}]},{\"@type\":\"WebSite\",\"@id\":\"https:\\\/\\\/www.un.org\\\/pga\\\/72\\\/#website\",\"url\":\"https:\\\/\\\/www.un.org\\\/pga\\\/72\\\/\",\"name\":\"Asamblea General de las Naciones Unidas\",\"description\":\"Presidente del 72\u00b0 per\u00edodo de sesiones\",\"potentialAction\":[{\"@type\":\"SearchAction\",\"target\":{\"@type\":\"EntryPoint\",\"urlTemplate\":\"https:\\\/\\\/www.un.org\\\/pga\\\/72\\\/?s={search_term_string}\"},\"query-input\":{\"@type\":\"PropertyValueSpecification\",\"valueRequired\":true,\"valueName\":\"search_term_string\"}}],\"inLanguage\":\"es\"},{\"@type\":\"Person\",\"@id\":\"https:\\\/\\\/www.un.org\\\/pga\\\/72\\\/#\\\/schema\\\/person\\\/48a91d582f34a9fb17593492edf921a4\",\"name\":\"unsites\",\"image\":{\"@type\":\"ImageObject\",\"inLanguage\":\"es\",\"@id\":\"https:\\\/\\\/secure.gravatar.com\\\/avatar\\\/b12baf659e883edfd4119878b775df7ba3f103d1254be63fd823aa0d0747f19f?s=96&d=mm&r=g\",\"url\":\"https:\\\/\\\/secure.gravatar.com\\\/avatar\\\/b12baf659e883edfd4119878b775df7ba3f103d1254be63fd823aa0d0747f19f?s=96&d=mm&r=g\",\"contentUrl\":\"https:\\\/\\\/secure.gravatar.com\\\/avatar\\\/b12baf659e883edfd4119878b775df7ba3f103d1254be63fd823aa0d0747f19f?s=96&d=mm&r=g\",\"caption\":\"unsites\"},\"url\":\"https:\\\/\\\/www.un.org\\\/pga\\\/72\\\/es\\\/author\\\/unsites\\\/\"}]}<\/script>\n<!-- \/ Yoast SEO plugin. -->","yoast_head_json":{"title":"Concluye el 71\u00ba periodo de sesiones de la Asamblea General de la ONU - Asamblea General de las Naciones Unidas","robots":{"index":"index","follow":"follow","max-snippet":"max-snippet:-1","max-image-preview":"max-image-preview:large","max-video-preview":"max-video-preview:-1"},"canonical":"https:\/\/www.un.org\/pga\/72\/es\/2017\/09\/12\/concluye-el-71o-periodo-de-sesiones-de-la-asamblea-general-de-la-onu\/","og_locale":"es_ES","og_type":"article","og_title":"Concluye el 71\u00ba periodo de sesiones de la Asamblea General de la ONU - Asamblea General de las Naciones Unidas","og_description":"Concluye el 71\u00ba periodo de sesiones de la Asamblea General de las Naciones Unidas.","og_url":"https:\/\/www.un.org\/pga\/72\/es\/2017\/09\/12\/concluye-el-71o-periodo-de-sesiones-de-la-asamblea-general-de-la-onu\/","og_site_name":"Asamblea General de las Naciones Unidas","article_published_time":"2017-09-12T15:10:31+00:00","article_modified_time":"2017-09-14T14:20:57+00:00","og_image":[{"width":1024,"height":683,"url":"https:\/\/www.un.org\/pga\/wp-content\/uploads\/sites\/51\/2017\/09\/731848-GA-72nd-President.jpg","type":"image\/jpeg"}],"author":"unsites","twitter_card":"summary_large_image","twitter_misc":{"Escrito por":"unsites","Tiempo de lectura":"2 minutos"},"schema":{"@context":"https:\/\/schema.org","@graph":[{"@type":"Article","@id":"https:\/\/www.un.org\/pga\/72\/es\/2017\/09\/12\/concluye-el-71o-periodo-de-sesiones-de-la-asamblea-general-de-la-onu\/#article","isPartOf":{"@id":"https:\/\/www.un.org\/pga\/72\/es\/2017\/09\/12\/concluye-el-71o-periodo-de-sesiones-de-la-asamblea-general-de-la-onu\/"},"author":{"name":"unsites","@id":"https:\/\/www.un.org\/pga\/72\/#\/schema\/person\/48a91d582f34a9fb17593492edf921a4"},"headline":"Concluye el 71\u00ba periodo de sesiones de la Asamblea General de la ONU","datePublished":"2017-09-12T15:10:31+00:00","dateModified":"2017-09-14T14:20:57+00:00","mainEntityOfPage":{"@id":"https:\/\/www.un.org\/pga\/72\/es\/2017\/09\/12\/concluye-el-71o-periodo-de-sesiones-de-la-asamblea-general-de-la-onu\/"},"wordCount":384,"image":{"@id":"https:\/\/www.un.org\/pga\/72\/es\/2017\/09\/12\/concluye-el-71o-periodo-de-sesiones-de-la-asamblea-general-de-la-onu\/#primaryimage"},"thumbnailUrl":"https:\/\/www.un.org\/pga\/wp-content\/uploads\/sites\/51\/2017\/09\/731848-GA-72nd-President.jpg","articleSection":["Noticias"],"inLanguage":"es"},{"@type":"WebPage","@id":"https:\/\/www.un.org\/pga\/72\/es\/2017\/09\/12\/concluye-el-71o-periodo-de-sesiones-de-la-asamblea-general-de-la-onu\/","url":"https:\/\/www.un.org\/pga\/72\/es\/2017\/09\/12\/concluye-el-71o-periodo-de-sesiones-de-la-asamblea-general-de-la-onu\/","name":"Concluye el 71\u00ba periodo de sesiones de la Asamblea General de la ONU - Asamblea General de las Naciones Unidas","isPartOf":{"@id":"https:\/\/www.un.org\/pga\/72\/#website"},"primaryImageOfPage":{"@id":"https:\/\/www.un.org\/pga\/72\/es\/2017\/09\/12\/concluye-el-71o-periodo-de-sesiones-de-la-asamblea-general-de-la-onu\/#primaryimage"},"image":{"@id":"https:\/\/www.un.org\/pga\/72\/es\/2017\/09\/12\/concluye-el-71o-periodo-de-sesiones-de-la-asamblea-general-de-la-onu\/#primaryimage"},"thumbnailUrl":"https:\/\/www.un.org\/pga\/wp-content\/uploads\/sites\/51\/2017\/09\/731848-GA-72nd-President.jpg","datePublished":"2017-09-12T15:10:31+00:00","dateModified":"2017-09-14T14:20:57+00:00","author":{"@id":"https:\/\/www.un.org\/pga\/72\/#\/schema\/person\/48a91d582f34a9fb17593492edf921a4"},"breadcrumb":{"@id":"https:\/\/www.un.org\/pga\/72\/es\/2017\/09\/12\/concluye-el-71o-periodo-de-sesiones-de-la-asamblea-general-de-la-onu\/#breadcrumb"},"inLanguage":"es","potentialAction":[{"@type":"ReadAction","target":["https:\/\/www.un.org\/pga\/72\/es\/2017\/09\/12\/concluye-el-71o-periodo-de-sesiones-de-la-asamblea-general-de-la-onu\/"]}]},{"@type":"ImageObject","inLanguage":"es","@id":"https:\/\/www.un.org\/pga\/72\/es\/2017\/09\/12\/concluye-el-71o-periodo-de-sesiones-de-la-asamblea-general-de-la-onu\/#primaryimage","url":"https:\/\/www.un.org\/pga\/wp-content\/uploads\/sites\/51\/2017\/09\/731848-GA-72nd-President.jpg","contentUrl":"https:\/\/www.un.org\/pga\/wp-content\/uploads\/sites\/51\/2017\/09\/731848-GA-72nd-President.jpg","width":1024,"height":683,"caption":"Peter Thomson (izq.), Presidente del 71\u00ba per\u00edodo de sesiones de la Asamblea General, pasa el martillo a Miroslav Lajc\u00e1k (a la derecha), Presidente del 72\u00ba per\u00edodo de sesiones, a la vista del Secretario General Ant\u00f3nio Guterres. Foto de la ONU\/Eskinder Debebe"},{"@type":"BreadcrumbList","@id":"https:\/\/www.un.org\/pga\/72\/es\/2017\/09\/12\/concluye-el-71o-periodo-de-sesiones-de-la-asamblea-general-de-la-onu\/#breadcrumb","itemListElement":[{"@type":"ListItem","position":1,"name":"Home","item":"https:\/\/www.un.org\/pga\/72\/es\/"},{"@type":"ListItem","position":2,"name":"Concluye el 71\u00ba periodo de sesiones de la Asamblea General de la ONU"}]},{"@type":"WebSite","@id":"https:\/\/www.un.org\/pga\/72\/#website","url":"https:\/\/www.un.org\/pga\/72\/","name":"Asamblea General de las Naciones Unidas","description":"Presidente del 72\u00b0 per\u00edodo de sesiones","potentialAction":[{"@type":"SearchAction","target":{"@type":"EntryPoint","urlTemplate":"https:\/\/www.un.org\/pga\/72\/?s={search_term_string}"},"query-input":{"@type":"PropertyValueSpecification","valueRequired":true,"valueName":"search_term_string"}}],"inLanguage":"es"},{"@type":"Person","@id":"https:\/\/www.un.org\/pga\/72\/#\/schema\/person\/48a91d582f34a9fb17593492edf921a4","name":"unsites","image":{"@type":"ImageObject","inLanguage":"es","@id":"https:\/\/secure.gravatar.com\/avatar\/b12baf659e883edfd4119878b775df7ba3f103d1254be63fd823aa0d0747f19f?s=96&d=mm&r=g","url":"https:\/\/secure.gravatar.com\/avatar\/b12baf659e883edfd4119878b775df7ba3f103d1254be63fd823aa0d0747f19f?s=96&d=mm&r=g","contentUrl":"https:\/\/secure.gravatar.com\/avatar\/b12baf659e883edfd4119878b775df7ba3f103d1254be63fd823aa0d0747f19f?s=96&d=mm&r=g","caption":"unsites"},"url":"https:\/\/www.un.org\/pga\/72\/es\/author\/unsites\/"}]}},"_links":{"self":[{"href":"https:\/\/www.un.org\/pga\/72\/es\/wp-json\/wp\/v2\/posts\/114888","targetHints":{"allow":["GET"]}}],"collection":[{"href":"https:\/\/www.un.org\/pga\/72\/es\/wp-json\/wp\/v2\/posts"}],"about":[{"href":"https:\/\/www.un.org\/pga\/72\/es\/wp-json\/wp\/v2\/types\/post"}],"author":[{"embeddable":true,"href":"https:\/\/www.un.org\/pga\/72\/es\/wp-json\/wp\/v2\/users\/1"}],"replies":[{"embeddable":true,"href":"https:\/\/www.un.org\/pga\/72\/es\/wp-json\/wp\/v2\/comments?post=114888"}],"version-history":[{"count":0,"href":"https:\/\/www.un.org\/pga\/72\/es\/wp-json\/wp\/v2\/posts\/114888\/revisions"}],"wp:featuredmedia":[{"embeddable":true,"href":"https:\/\/www.un.org\/pga\/72\/es\/wp-json\/wp\/v2\/media\/114897"}],"wp:attachment":[{"href":"https:\/\/www.un.org\/pga\/72\/es\/wp-json\/wp\/v2\/media?parent=114888"}],"wp:term":[{"taxonomy":"category","embeddable":true,"href":"https:\/\/www.un.org\/pga\/72\/es\/wp-json\/wp\/v2\/categories?post=114888"},{"taxonomy":"post_tag","embeddable":true,"href":"https:\/\/www.un.org\/pga\/72\/es\/wp-json\/wp\/v2\/tags?post=114888"}],"curies":[{"name":"wp","href":"https:\/\/api.w.org\/{rel}","templated":true}]}}