  {"id":117186,"date":"2017-09-12T15:14:37","date_gmt":"2017-09-12T19:14:37","guid":{"rendered":"http:\/\/www.un.org\/pga\/72\/?p=117186\/"},"modified":"2017-09-15T15:26:34","modified_gmt":"2017-09-15T19:26:34","slug":"la-asamblea-general-de-la-onu-inaugura-su-72o-periodo-de-sesiones","status":"publish","type":"post","link":"https:\/\/www.un.org\/pga\/72\/es\/2017\/09\/12\/la-asamblea-general-de-la-onu-inaugura-su-72o-periodo-de-sesiones\/","title":{"rendered":"La Asamblea General de la ONU inaugura su 72\u00ba periodo de sesiones"},"content":{"rendered":"<p>[et_pb_section bb_built=\u00bb1&#8243;][et_pb_row][et_pb_column type=\u00bb4_4&#8243;][et_pb_text _builder_version=\u00bb3.0.69&#8243; background_layout=\u00bblight\u00bb text_orientation=\u00bbleft\u00bb border_style=\u00bbsolid\u00bb]<\/p>\n<p>El nuevo presidente de la Asamblea General de la ONU, Miroslav Lajc\u00e1k, de Eslovaquia, declar\u00f3 abierto hoy el 72\u00ba periodo de sesiones del principal \u00f3rgano deliberativo de Naciones Unidas.<\/p>\n<p>En su primer discurso ante la Asamblea, Lajc\u00e1k deline\u00f3 los cuatro principios en los que va a fundamentar su presidencia, siendo el primero de ellos trabajar en favor de las personas.<\/p>\n<p>\u201cLa gente que m\u00e1s necesita a la ONU no est\u00e1 hoy sentada esta sala, no negocia resoluciones, no toma la palabra en eventos de alto nivel. Uno de los trabajos de la Asamblea es asegurarse de que se haga o\u00edr su voz\u201d, dijo.<\/p>\n<p>Lajc\u00e1k asegur\u00f3 que intentar\u00e1 encontrar un equilibrio que permita tratar todos los puntos de vista posibles compatibles con el trabajo de la Asamblea y mantener una agenda simplificada que evite una sobrecarga de eventos.<\/p>\n<p>\u201cLa calidad de las conversaciones y los resultados es m\u00e1s importante que lanzar nuevas iniciativas\u201d, se\u00f1al\u00f3.<\/p>\n<p>Tambi\u00e9n destac\u00f3 que el \u00faltimo principio por el que se regir\u00e1 es uno que le acompa\u00f1\u00f3 durante toda su carrera: la transparencia.<\/p>\n<p>Por su parte, el Secretario General de la ONU, indic\u00f3 que la Asamblea General se encuentra en buenas manos y destac\u00f3 la experiencia, visi\u00f3n y sabidur\u00eda de Lajc\u00e1k.<\/p>\n<p>Ant\u00f3nio Guterres manifest\u00f3 el deseo de trabajar en colaboraci\u00f3n con los delegados de todos los pa\u00edses para fortalecer a la Organizaci\u00f3n y as\u00ed poder prestar un mejor apoyo a los Estados miembros y obtener mejores resultados para las personas a las que sirven. <\/p>\n<p><a title=\"La Asamblea General de la ONU inaugura su 72\u00ba periodo de sesiones\" href=\"http:\/\/www.un.org\/spanish\/News\/story.asp?NewsID=38023\">Noticias ONU<\/a><\/p>\n<p>[\/et_pb_text][\/et_pb_column][\/et_pb_row][\/et_pb_section]<\/p>\n","protected":false},"excerpt":{"rendered":"<p>El nuevo presidente de la Asamblea General de la ONU, Miroslav Lajc\u00e1k, de Eslovaquia, declar\u00f3 abierto hoy el 72\u00ba periodo de sesiones del principal \u00f3rgano deliberativo de Naciones Unidas.<\/p>\n","protected":false},"author":1,"featured_media":117167,"comment_status":"closed","ping_status":"closed","sticky":false,"template":"","format":"standard","meta":{"_et_pb_use_builder":"on","_et_pb_old_content":"","_et_gb_content_width":"","footnotes":"","_links_to":"","_links_to_target":""},"categories":[185],"tags":[],"class_list":["post-117186","post","type-post","status-publish","format-standard","has-post-thumbnail","hentry","category-newsandupdates-es","et-has-post-format-content","et_post_format-et-post-format-standard"],"yoast_head":"<!-- This site is optimized with the Yoast SEO plugin v28.3 - https:\/\/yoast.com\/product\/yoast-seo-wordpress\/ -->\n<title>La Asamblea General de la ONU inaugura su 72\u00ba periodo de sesiones - Asamblea General de las Naciones Unidas<\/title>\n<meta name=\"robots\" content=\"index, follow, max-snippet:-1, max-image-preview:large, max-video-preview:-1\" \/>\n<link rel=\"canonical\" href=\"https:\/\/www.un.org\/pga\/72\/es\/2017\/09\/12\/la-asamblea-general-de-la-onu-inaugura-su-72o-periodo-de-sesiones\/\" \/>\n<meta property=\"og:locale\" content=\"es_ES\" \/>\n<meta property=\"og:type\" content=\"article\" \/>\n<meta property=\"og:title\" content=\"La Asamblea General de la ONU inaugura su 72\u00ba periodo de sesiones - Asamblea General de las Naciones Unidas\" \/>\n<meta property=\"og:description\" content=\"El nuevo presidente de la Asamblea General de la ONU, Miroslav Lajc\u00e1k, de Eslovaquia, declar\u00f3 abierto hoy el 72\u00ba periodo de sesiones del principal \u00f3rgano deliberativo de Naciones Unidas.\" \/>\n<meta property=\"og:url\" content=\"https:\/\/www.un.org\/pga\/72\/es\/2017\/09\/12\/la-asamblea-general-de-la-onu-inaugura-su-72o-periodo-de-sesiones\/\" \/>\n<meta property=\"og:site_name\" content=\"Asamblea General de las Naciones Unidas\" \/>\n<meta property=\"article:published_time\" content=\"2017-09-12T19:14:37+00:00\" \/>\n<meta property=\"article:modified_time\" content=\"2017-09-15T19:26:34+00:00\" \/>\n<meta property=\"og:image\" content=\"https:\/\/www.un.org\/pga\/wp-content\/uploads\/sites\/51\/2017\/09\/732004-Lajcak.jpg\" \/>\n\t<meta property=\"og:image:width\" content=\"1024\" \/>\n\t<meta property=\"og:image:height\" content=\"682\" \/>\n\t<meta property=\"og:image:type\" content=\"image\/jpeg\" \/>\n<meta name=\"author\" content=\"unsites\" \/>\n<meta name=\"twitter:card\" content=\"summary_large_image\" \/>\n<meta name=\"twitter:label1\" content=\"Escrito por\" \/>\n\t<meta name=\"twitter:data1\" content=\"unsites\" \/>\n\t<meta name=\"twitter:label2\" content=\"Tiempo de lectura\" \/>\n\t<meta name=\"twitter:data2\" content=\"2 minutos\" \/>\n<script type=\"application\/ld+json\" class=\"yoast-schema-graph\">{\"@context\":\"https:\\\/\\\/schema.org\",\"@graph\":[{\"@type\":\"Article\",\"@id\":\"https:\\\/\\\/www.un.org\\\/pga\\\/72\\\/es\\\/2017\\\/09\\\/12\\\/la-asamblea-general-de-la-onu-inaugura-su-72o-periodo-de-sesiones\\\/#article\",\"isPartOf\":{\"@id\":\"https:\\\/\\\/www.un.org\\\/pga\\\/72\\\/es\\\/2017\\\/09\\\/12\\\/la-asamblea-general-de-la-onu-inaugura-su-72o-periodo-de-sesiones\\\/\"},\"author\":{\"name\":\"unsites\",\"@id\":\"https:\\\/\\\/www.un.org\\\/pga\\\/72\\\/#\\\/schema\\\/person\\\/48a91d582f34a9fb17593492edf921a4\"},\"headline\":\"La Asamblea General de la ONU inaugura su 72\u00ba periodo de sesiones\",\"datePublished\":\"2017-09-12T19:14:37+00:00\",\"dateModified\":\"2017-09-15T19:26:34+00:00\",\"mainEntityOfPage\":{\"@id\":\"https:\\\/\\\/www.un.org\\\/pga\\\/72\\\/es\\\/2017\\\/09\\\/12\\\/la-asamblea-general-de-la-onu-inaugura-su-72o-periodo-de-sesiones\\\/\"},\"wordCount\":311,\"image\":{\"@id\":\"https:\\\/\\\/www.un.org\\\/pga\\\/72\\\/es\\\/2017\\\/09\\\/12\\\/la-asamblea-general-de-la-onu-inaugura-su-72o-periodo-de-sesiones\\\/#primaryimage\"},\"thumbnailUrl\":\"https:\\\/\\\/www.un.org\\\/pga\\\/wp-content\\\/uploads\\\/sites\\\/51\\\/2017\\\/09\\\/732004-Lajcak.jpg\",\"articleSection\":[\"Noticias\"],\"inLanguage\":\"es\"},{\"@type\":\"WebPage\",\"@id\":\"https:\\\/\\\/www.un.org\\\/pga\\\/72\\\/es\\\/2017\\\/09\\\/12\\\/la-asamblea-general-de-la-onu-inaugura-su-72o-periodo-de-sesiones\\\/\",\"url\":\"https:\\\/\\\/www.un.org\\\/pga\\\/72\\\/es\\\/2017\\\/09\\\/12\\\/la-asamblea-general-de-la-onu-inaugura-su-72o-periodo-de-sesiones\\\/\",\"name\":\"La Asamblea General de la ONU inaugura su 72\u00ba periodo de sesiones - Asamblea General de las Naciones Unidas\",\"isPartOf\":{\"@id\":\"https:\\\/\\\/www.un.org\\\/pga\\\/72\\\/#website\"},\"primaryImageOfPage\":{\"@id\":\"https:\\\/\\\/www.un.org\\\/pga\\\/72\\\/es\\\/2017\\\/09\\\/12\\\/la-asamblea-general-de-la-onu-inaugura-su-72o-periodo-de-sesiones\\\/#primaryimage\"},\"image\":{\"@id\":\"https:\\\/\\\/www.un.org\\\/pga\\\/72\\\/es\\\/2017\\\/09\\\/12\\\/la-asamblea-general-de-la-onu-inaugura-su-72o-periodo-de-sesiones\\\/#primaryimage\"},\"thumbnailUrl\":\"https:\\\/\\\/www.un.org\\\/pga\\\/wp-content\\\/uploads\\\/sites\\\/51\\\/2017\\\/09\\\/732004-Lajcak.jpg\",\"datePublished\":\"2017-09-12T19:14:37+00:00\",\"dateModified\":\"2017-09-15T19:26:34+00:00\",\"author\":{\"@id\":\"https:\\\/\\\/www.un.org\\\/pga\\\/72\\\/#\\\/schema\\\/person\\\/48a91d582f34a9fb17593492edf921a4\"},\"breadcrumb\":{\"@id\":\"https:\\\/\\\/www.un.org\\\/pga\\\/72\\\/es\\\/2017\\\/09\\\/12\\\/la-asamblea-general-de-la-onu-inaugura-su-72o-periodo-de-sesiones\\\/#breadcrumb\"},\"inLanguage\":\"es\",\"potentialAction\":[{\"@type\":\"ReadAction\",\"target\":[\"https:\\\/\\\/www.un.org\\\/pga\\\/72\\\/es\\\/2017\\\/09\\\/12\\\/la-asamblea-general-de-la-onu-inaugura-su-72o-periodo-de-sesiones\\\/\"]}]},{\"@type\":\"ImageObject\",\"inLanguage\":\"es\",\"@id\":\"https:\\\/\\\/www.un.org\\\/pga\\\/72\\\/es\\\/2017\\\/09\\\/12\\\/la-asamblea-general-de-la-onu-inaugura-su-72o-periodo-de-sesiones\\\/#primaryimage\",\"url\":\"https:\\\/\\\/www.un.org\\\/pga\\\/wp-content\\\/uploads\\\/sites\\\/51\\\/2017\\\/09\\\/732004-Lajcak.jpg\",\"contentUrl\":\"https:\\\/\\\/www.un.org\\\/pga\\\/wp-content\\\/uploads\\\/sites\\\/51\\\/2017\\\/09\\\/732004-Lajcak.jpg\",\"width\":1024,\"height\":682,\"caption\":\"General Assembly Seventy-second session Opening of the 72nd Session of the General Assembly New PGA opens GA72\"},{\"@type\":\"BreadcrumbList\",\"@id\":\"https:\\\/\\\/www.un.org\\\/pga\\\/72\\\/es\\\/2017\\\/09\\\/12\\\/la-asamblea-general-de-la-onu-inaugura-su-72o-periodo-de-sesiones\\\/#breadcrumb\",\"itemListElement\":[{\"@type\":\"ListItem\",\"position\":1,\"name\":\"Home\",\"item\":\"https:\\\/\\\/www.un.org\\\/pga\\\/72\\\/es\\\/\"},{\"@type\":\"ListItem\",\"position\":2,\"name\":\"La Asamblea General de la ONU inaugura su 72\u00ba periodo de sesiones\"}]},{\"@type\":\"WebSite\",\"@id\":\"https:\\\/\\\/www.un.org\\\/pga\\\/72\\\/#website\",\"url\":\"https:\\\/\\\/www.un.org\\\/pga\\\/72\\\/\",\"name\":\"Asamblea General de las Naciones Unidas\",\"description\":\"Presidente del 72\u00b0 per\u00edodo de sesiones\",\"potentialAction\":[{\"@type\":\"SearchAction\",\"target\":{\"@type\":\"EntryPoint\",\"urlTemplate\":\"https:\\\/\\\/www.un.org\\\/pga\\\/72\\\/?s={search_term_string}\"},\"query-input\":{\"@type\":\"PropertyValueSpecification\",\"valueRequired\":true,\"valueName\":\"search_term_string\"}}],\"inLanguage\":\"es\"},{\"@type\":\"Person\",\"@id\":\"https:\\\/\\\/www.un.org\\\/pga\\\/72\\\/#\\\/schema\\\/person\\\/48a91d582f34a9fb17593492edf921a4\",\"name\":\"unsites\",\"image\":{\"@type\":\"ImageObject\",\"inLanguage\":\"es\",\"@id\":\"https:\\\/\\\/secure.gravatar.com\\\/avatar\\\/b12baf659e883edfd4119878b775df7ba3f103d1254be63fd823aa0d0747f19f?s=96&d=mm&r=g\",\"url\":\"https:\\\/\\\/secure.gravatar.com\\\/avatar\\\/b12baf659e883edfd4119878b775df7ba3f103d1254be63fd823aa0d0747f19f?s=96&d=mm&r=g\",\"contentUrl\":\"https:\\\/\\\/secure.gravatar.com\\\/avatar\\\/b12baf659e883edfd4119878b775df7ba3f103d1254be63fd823aa0d0747f19f?s=96&d=mm&r=g\",\"caption\":\"unsites\"},\"url\":\"https:\\\/\\\/www.un.org\\\/pga\\\/72\\\/es\\\/author\\\/unsites\\\/\"}]}<\/script>\n<!-- \/ Yoast SEO plugin. -->","yoast_head_json":{"title":"La Asamblea General de la ONU inaugura su 72\u00ba periodo de sesiones - Asamblea General de las Naciones Unidas","robots":{"index":"index","follow":"follow","max-snippet":"max-snippet:-1","max-image-preview":"max-image-preview:large","max-video-preview":"max-video-preview:-1"},"canonical":"https:\/\/www.un.org\/pga\/72\/es\/2017\/09\/12\/la-asamblea-general-de-la-onu-inaugura-su-72o-periodo-de-sesiones\/","og_locale":"es_ES","og_type":"article","og_title":"La Asamblea General de la ONU inaugura su 72\u00ba periodo de sesiones - Asamblea General de las Naciones Unidas","og_description":"El nuevo presidente de la Asamblea General de la ONU, Miroslav Lajc\u00e1k, de Eslovaquia, declar\u00f3 abierto hoy el 72\u00ba periodo de sesiones del principal \u00f3rgano deliberativo de Naciones Unidas.","og_url":"https:\/\/www.un.org\/pga\/72\/es\/2017\/09\/12\/la-asamblea-general-de-la-onu-inaugura-su-72o-periodo-de-sesiones\/","og_site_name":"Asamblea General de las Naciones Unidas","article_published_time":"2017-09-12T19:14:37+00:00","article_modified_time":"2017-09-15T19:26:34+00:00","og_image":[{"width":1024,"height":682,"url":"https:\/\/www.un.org\/pga\/wp-content\/uploads\/sites\/51\/2017\/09\/732004-Lajcak.jpg","type":"image\/jpeg"}],"author":"unsites","twitter_card":"summary_large_image","twitter_misc":{"Escrito por":"unsites","Tiempo de lectura":"2 minutos"},"schema":{"@context":"https:\/\/schema.org","@graph":[{"@type":"Article","@id":"https:\/\/www.un.org\/pga\/72\/es\/2017\/09\/12\/la-asamblea-general-de-la-onu-inaugura-su-72o-periodo-de-sesiones\/#article","isPartOf":{"@id":"https:\/\/www.un.org\/pga\/72\/es\/2017\/09\/12\/la-asamblea-general-de-la-onu-inaugura-su-72o-periodo-de-sesiones\/"},"author":{"name":"unsites","@id":"https:\/\/www.un.org\/pga\/72\/#\/schema\/person\/48a91d582f34a9fb17593492edf921a4"},"headline":"La Asamblea General de la ONU inaugura su 72\u00ba periodo de sesiones","datePublished":"2017-09-12T19:14:37+00:00","dateModified":"2017-09-15T19:26:34+00:00","mainEntityOfPage":{"@id":"https:\/\/www.un.org\/pga\/72\/es\/2017\/09\/12\/la-asamblea-general-de-la-onu-inaugura-su-72o-periodo-de-sesiones\/"},"wordCount":311,"image":{"@id":"https:\/\/www.un.org\/pga\/72\/es\/2017\/09\/12\/la-asamblea-general-de-la-onu-inaugura-su-72o-periodo-de-sesiones\/#primaryimage"},"thumbnailUrl":"https:\/\/www.un.org\/pga\/wp-content\/uploads\/sites\/51\/2017\/09\/732004-Lajcak.jpg","articleSection":["Noticias"],"inLanguage":"es"},{"@type":"WebPage","@id":"https:\/\/www.un.org\/pga\/72\/es\/2017\/09\/12\/la-asamblea-general-de-la-onu-inaugura-su-72o-periodo-de-sesiones\/","url":"https:\/\/www.un.org\/pga\/72\/es\/2017\/09\/12\/la-asamblea-general-de-la-onu-inaugura-su-72o-periodo-de-sesiones\/","name":"La Asamblea General de la ONU inaugura su 72\u00ba periodo de sesiones - Asamblea General de las Naciones Unidas","isPartOf":{"@id":"https:\/\/www.un.org\/pga\/72\/#website"},"primaryImageOfPage":{"@id":"https:\/\/www.un.org\/pga\/72\/es\/2017\/09\/12\/la-asamblea-general-de-la-onu-inaugura-su-72o-periodo-de-sesiones\/#primaryimage"},"image":{"@id":"https:\/\/www.un.org\/pga\/72\/es\/2017\/09\/12\/la-asamblea-general-de-la-onu-inaugura-su-72o-periodo-de-sesiones\/#primaryimage"},"thumbnailUrl":"https:\/\/www.un.org\/pga\/wp-content\/uploads\/sites\/51\/2017\/09\/732004-Lajcak.jpg","datePublished":"2017-09-12T19:14:37+00:00","dateModified":"2017-09-15T19:26:34+00:00","author":{"@id":"https:\/\/www.un.org\/pga\/72\/#\/schema\/person\/48a91d582f34a9fb17593492edf921a4"},"breadcrumb":{"@id":"https:\/\/www.un.org\/pga\/72\/es\/2017\/09\/12\/la-asamblea-general-de-la-onu-inaugura-su-72o-periodo-de-sesiones\/#breadcrumb"},"inLanguage":"es","potentialAction":[{"@type":"ReadAction","target":["https:\/\/www.un.org\/pga\/72\/es\/2017\/09\/12\/la-asamblea-general-de-la-onu-inaugura-su-72o-periodo-de-sesiones\/"]}]},{"@type":"ImageObject","inLanguage":"es","@id":"https:\/\/www.un.org\/pga\/72\/es\/2017\/09\/12\/la-asamblea-general-de-la-onu-inaugura-su-72o-periodo-de-sesiones\/#primaryimage","url":"https:\/\/www.un.org\/pga\/wp-content\/uploads\/sites\/51\/2017\/09\/732004-Lajcak.jpg","contentUrl":"https:\/\/www.un.org\/pga\/wp-content\/uploads\/sites\/51\/2017\/09\/732004-Lajcak.jpg","width":1024,"height":682,"caption":"General Assembly Seventy-second session Opening of the 72nd Session of the General Assembly New PGA opens GA72"},{"@type":"BreadcrumbList","@id":"https:\/\/www.un.org\/pga\/72\/es\/2017\/09\/12\/la-asamblea-general-de-la-onu-inaugura-su-72o-periodo-de-sesiones\/#breadcrumb","itemListElement":[{"@type":"ListItem","position":1,"name":"Home","item":"https:\/\/www.un.org\/pga\/72\/es\/"},{"@type":"ListItem","position":2,"name":"La Asamblea General de la ONU inaugura su 72\u00ba periodo de sesiones"}]},{"@type":"WebSite","@id":"https:\/\/www.un.org\/pga\/72\/#website","url":"https:\/\/www.un.org\/pga\/72\/","name":"Asamblea General de las Naciones Unidas","description":"Presidente del 72\u00b0 per\u00edodo de sesiones","potentialAction":[{"@type":"SearchAction","target":{"@type":"EntryPoint","urlTemplate":"https:\/\/www.un.org\/pga\/72\/?s={search_term_string}"},"query-input":{"@type":"PropertyValueSpecification","valueRequired":true,"valueName":"search_term_string"}}],"inLanguage":"es"},{"@type":"Person","@id":"https:\/\/www.un.org\/pga\/72\/#\/schema\/person\/48a91d582f34a9fb17593492edf921a4","name":"unsites","image":{"@type":"ImageObject","inLanguage":"es","@id":"https:\/\/secure.gravatar.com\/avatar\/b12baf659e883edfd4119878b775df7ba3f103d1254be63fd823aa0d0747f19f?s=96&d=mm&r=g","url":"https:\/\/secure.gravatar.com\/avatar\/b12baf659e883edfd4119878b775df7ba3f103d1254be63fd823aa0d0747f19f?s=96&d=mm&r=g","contentUrl":"https:\/\/secure.gravatar.com\/avatar\/b12baf659e883edfd4119878b775df7ba3f103d1254be63fd823aa0d0747f19f?s=96&d=mm&r=g","caption":"unsites"},"url":"https:\/\/www.un.org\/pga\/72\/es\/author\/unsites\/"}]}},"_links":{"self":[{"href":"https:\/\/www.un.org\/pga\/72\/es\/wp-json\/wp\/v2\/posts\/117186","targetHints":{"allow":["GET"]}}],"collection":[{"href":"https:\/\/www.un.org\/pga\/72\/es\/wp-json\/wp\/v2\/posts"}],"about":[{"href":"https:\/\/www.un.org\/pga\/72\/es\/wp-json\/wp\/v2\/types\/post"}],"author":[{"embeddable":true,"href":"https:\/\/www.un.org\/pga\/72\/es\/wp-json\/wp\/v2\/users\/1"}],"replies":[{"embeddable":true,"href":"https:\/\/www.un.org\/pga\/72\/es\/wp-json\/wp\/v2\/comments?post=117186"}],"version-history":[{"count":0,"href":"https:\/\/www.un.org\/pga\/72\/es\/wp-json\/wp\/v2\/posts\/117186\/revisions"}],"wp:featuredmedia":[{"embeddable":true,"href":"https:\/\/www.un.org\/pga\/72\/es\/wp-json\/wp\/v2\/media\/117167"}],"wp:attachment":[{"href":"https:\/\/www.un.org\/pga\/72\/es\/wp-json\/wp\/v2\/media?parent=117186"}],"wp:term":[{"taxonomy":"category","embeddable":true,"href":"https:\/\/www.un.org\/pga\/72\/es\/wp-json\/wp\/v2\/categories?post=117186"},{"taxonomy":"post_tag","embeddable":true,"href":"https:\/\/www.un.org\/pga\/72\/es\/wp-json\/wp\/v2\/tags?post=117186"}],"curies":[{"name":"wp","href":"https:\/\/api.w.org\/{rel}","templated":true}]}}