  {"id":118461,"date":"2017-09-18T15:52:33","date_gmt":"2017-09-18T19:52:33","guid":{"rendered":"http:\/\/www.un.org\/pga\/72\/?p=118461\/"},"modified":"2017-09-19T15:56:06","modified_gmt":"2017-09-19T19:56:06","slug":"los-lideres-mundiales-se-reunen-a-partir-de-este-martes-en-el-debate-de-la-72a-asamblea-general-de-la-onu","status":"publish","type":"post","link":"https:\/\/www.un.org\/pga\/72\/es\/2017\/09\/18\/los-lideres-mundiales-se-reunen-a-partir-de-este-martes-en-el-debate-de-la-72a-asamblea-general-de-la-onu\/","title":{"rendered":"Los l\u00edderes mundiales se re\u00fanen a partir de este martes en el debate de la 72\u00aa Asamblea General de la ONU"},"content":{"rendered":"<p>[et_pb_section bb_built=\u00bb1&#8243;][et_pb_row][et_pb_column type=\u00bb4_4&#8243;][et_pb_text _builder_version=\u00bb3.0.69&#8243; background_layout=\u00bblight\u00bb text_orientation=\u00bbleft\u00bb border_style=\u00bbsolid\u00bb]<\/p>\n<p>Unos cien jefes Estado y de Gobierno y se dan cita a partir de este martes en la sede de la ONU para dar inicio al segmento de alto nivel del debate de la Asamblea General.<\/p>\n<p>La seguridad, el terrorismo, la migraci\u00f3n y conflictos de reciente y larga data ser\u00e1n algunos de los temas centrales de las comparecencias de mandatarios y ministros en la 72\u00aa sesi\u00f3n del m\u00e1ximo \u00f3rgano de deliberaci\u00f3n de Naciones Unidas.<\/p>\n<p>Los dignatarios tambi\u00e9n abordar\u00e1n asuntos como el combate y la mitigaci\u00f3n del cambio clim\u00e1tico y la Agenda de Desarrollo 2030, que cumple dos a\u00f1os de haberse adoptado.<\/p>\n<p>Entre los eventos que se celebrar\u00e1n en el marco de la Asamblea destaca la ceremonia de firma del Tratado de Prohibici\u00f3n de Armas Nucleares y dos reuniones de alto nivel sobre Sud\u00e1n del Sur y Yemen.<\/p>\n<p>Esta sesi\u00f3n de la Asamblea ser\u00e1 la primera con Ant\u00f3nio Guterres en la Secretar\u00eda General de la Organizaci\u00f3n.<\/p>\n<p><a title=\"Los l\u00edderes mundiales se re\u00fanen a partir de este martes en el debate de la 72\u00aa Asamblea General de la ONU\" href=\"http:\/\/www.un.org\/spanish\/News\/story.asp?NewsID=38059\">Noticias ONU<\/a><\/p>\n<p>[\/et_pb_text][\/et_pb_column][\/et_pb_row][\/et_pb_section]<\/p>\n","protected":false},"excerpt":{"rendered":"<p><div class=\"et_pb_row et_pb_row_0 et_pb_row_empty\">\n\t\t\t\t\n\t\t\t\t\n\t\t\t\t\n\t\t\t\t\n\t\t\t\t\n\t\t\t<\/div> Unos cien jefes Estado y de Gobierno y se dan cita a partir de este martes en la sede de la ONU para dar inicio al segmento de alto [&hellip;]<\/p>\n","protected":false},"author":1,"featured_media":118465,"comment_status":"closed","ping_status":"closed","sticky":false,"template":"","format":"standard","meta":{"_et_pb_use_builder":"on","_et_pb_old_content":"","_et_gb_content_width":"","footnotes":"","_links_to":"","_links_to_target":""},"categories":[185],"tags":[],"class_list":["post-118461","post","type-post","status-publish","format-standard","has-post-thumbnail","hentry","category-newsandupdates-es","et-has-post-format-content","et_post_format-et-post-format-standard"],"yoast_head":"<!-- This site is optimized with the Yoast SEO plugin v28.3 - https:\/\/yoast.com\/product\/yoast-seo-wordpress\/ -->\n<title>Los l\u00edderes mundiales se re\u00fanen a partir de este martes en el debate de la 72\u00aa Asamblea General de la ONU - Asamblea General de las Naciones Unidas<\/title>\n<meta name=\"robots\" content=\"index, follow, max-snippet:-1, max-image-preview:large, max-video-preview:-1\" \/>\n<link rel=\"canonical\" href=\"https:\/\/www.un.org\/pga\/72\/es\/2017\/09\/18\/los-lideres-mundiales-se-reunen-a-partir-de-este-martes-en-el-debate-de-la-72a-asamblea-general-de-la-onu\/\" \/>\n<meta property=\"og:locale\" content=\"es_ES\" \/>\n<meta property=\"og:type\" content=\"article\" \/>\n<meta property=\"og:title\" content=\"Los l\u00edderes mundiales se re\u00fanen a partir de este martes en el debate de la 72\u00aa Asamblea General de la ONU - Asamblea General de las Naciones Unidas\" \/>\n<meta property=\"og:description\" content=\"Unos cien jefes Estado y de Gobierno y se dan cita a partir de este martes en la sede de la ONU para dar inicio al segmento de alto [&hellip;]\" \/>\n<meta property=\"og:url\" content=\"https:\/\/www.un.org\/pga\/72\/es\/2017\/09\/18\/los-lideres-mundiales-se-reunen-a-partir-de-este-martes-en-el-debate-de-la-72a-asamblea-general-de-la-onu\/\" \/>\n<meta property=\"og:site_name\" content=\"Asamblea General de las Naciones Unidas\" \/>\n<meta property=\"article:published_time\" content=\"2017-09-18T19:52:33+00:00\" \/>\n<meta property=\"article:modified_time\" content=\"2017-09-19T19:56:06+00:00\" \/>\n<meta property=\"og:image\" content=\"https:\/\/www.un.org\/pga\/wp-content\/uploads\/sites\/51\/2017\/09\/701400ga.jpg\" \/>\n\t<meta property=\"og:image:width\" content=\"1024\" \/>\n\t<meta property=\"og:image:height\" content=\"682\" \/>\n\t<meta property=\"og:image:type\" content=\"image\/jpeg\" \/>\n<meta name=\"author\" content=\"unsites\" \/>\n<meta name=\"twitter:card\" content=\"summary_large_image\" \/>\n<meta name=\"twitter:label1\" content=\"Escrito por\" \/>\n\t<meta name=\"twitter:data1\" content=\"unsites\" \/>\n\t<meta name=\"twitter:label2\" content=\"Tiempo de lectura\" \/>\n\t<meta name=\"twitter:data2\" content=\"1 minuto\" \/>\n<script type=\"application\/ld+json\" class=\"yoast-schema-graph\">{\"@context\":\"https:\\\/\\\/schema.org\",\"@graph\":[{\"@type\":\"Article\",\"@id\":\"https:\\\/\\\/www.un.org\\\/pga\\\/72\\\/es\\\/2017\\\/09\\\/18\\\/los-lideres-mundiales-se-reunen-a-partir-de-este-martes-en-el-debate-de-la-72a-asamblea-general-de-la-onu\\\/#article\",\"isPartOf\":{\"@id\":\"https:\\\/\\\/www.un.org\\\/pga\\\/72\\\/es\\\/2017\\\/09\\\/18\\\/los-lideres-mundiales-se-reunen-a-partir-de-este-martes-en-el-debate-de-la-72a-asamblea-general-de-la-onu\\\/\"},\"author\":{\"name\":\"unsites\",\"@id\":\"https:\\\/\\\/www.un.org\\\/pga\\\/72\\\/#\\\/schema\\\/person\\\/48a91d582f34a9fb17593492edf921a4\"},\"headline\":\"Los l\u00edderes mundiales se re\u00fanen a partir de este martes en el debate de la 72\u00aa Asamblea General de la ONU\",\"datePublished\":\"2017-09-18T19:52:33+00:00\",\"dateModified\":\"2017-09-19T19:56:06+00:00\",\"mainEntityOfPage\":{\"@id\":\"https:\\\/\\\/www.un.org\\\/pga\\\/72\\\/es\\\/2017\\\/09\\\/18\\\/los-lideres-mundiales-se-reunen-a-partir-de-este-martes-en-el-debate-de-la-72a-asamblea-general-de-la-onu\\\/\"},\"wordCount\":232,\"image\":{\"@id\":\"https:\\\/\\\/www.un.org\\\/pga\\\/72\\\/es\\\/2017\\\/09\\\/18\\\/los-lideres-mundiales-se-reunen-a-partir-de-este-martes-en-el-debate-de-la-72a-asamblea-general-de-la-onu\\\/#primaryimage\"},\"thumbnailUrl\":\"https:\\\/\\\/www.un.org\\\/pga\\\/wp-content\\\/uploads\\\/sites\\\/51\\\/2017\\\/09\\\/701400ga.jpg\",\"articleSection\":[\"Noticias\"],\"inLanguage\":\"es\"},{\"@type\":\"WebPage\",\"@id\":\"https:\\\/\\\/www.un.org\\\/pga\\\/72\\\/es\\\/2017\\\/09\\\/18\\\/los-lideres-mundiales-se-reunen-a-partir-de-este-martes-en-el-debate-de-la-72a-asamblea-general-de-la-onu\\\/\",\"url\":\"https:\\\/\\\/www.un.org\\\/pga\\\/72\\\/es\\\/2017\\\/09\\\/18\\\/los-lideres-mundiales-se-reunen-a-partir-de-este-martes-en-el-debate-de-la-72a-asamblea-general-de-la-onu\\\/\",\"name\":\"Los l\u00edderes mundiales se re\u00fanen a partir de este martes en el debate de la 72\u00aa Asamblea General de la ONU - Asamblea General de las Naciones Unidas\",\"isPartOf\":{\"@id\":\"https:\\\/\\\/www.un.org\\\/pga\\\/72\\\/#website\"},\"primaryImageOfPage\":{\"@id\":\"https:\\\/\\\/www.un.org\\\/pga\\\/72\\\/es\\\/2017\\\/09\\\/18\\\/los-lideres-mundiales-se-reunen-a-partir-de-este-martes-en-el-debate-de-la-72a-asamblea-general-de-la-onu\\\/#primaryimage\"},\"image\":{\"@id\":\"https:\\\/\\\/www.un.org\\\/pga\\\/72\\\/es\\\/2017\\\/09\\\/18\\\/los-lideres-mundiales-se-reunen-a-partir-de-este-martes-en-el-debate-de-la-72a-asamblea-general-de-la-onu\\\/#primaryimage\"},\"thumbnailUrl\":\"https:\\\/\\\/www.un.org\\\/pga\\\/wp-content\\\/uploads\\\/sites\\\/51\\\/2017\\\/09\\\/701400ga.jpg\",\"datePublished\":\"2017-09-18T19:52:33+00:00\",\"dateModified\":\"2017-09-19T19:56:06+00:00\",\"author\":{\"@id\":\"https:\\\/\\\/www.un.org\\\/pga\\\/72\\\/#\\\/schema\\\/person\\\/48a91d582f34a9fb17593492edf921a4\"},\"breadcrumb\":{\"@id\":\"https:\\\/\\\/www.un.org\\\/pga\\\/72\\\/es\\\/2017\\\/09\\\/18\\\/los-lideres-mundiales-se-reunen-a-partir-de-este-martes-en-el-debate-de-la-72a-asamblea-general-de-la-onu\\\/#breadcrumb\"},\"inLanguage\":\"es\",\"potentialAction\":[{\"@type\":\"ReadAction\",\"target\":[\"https:\\\/\\\/www.un.org\\\/pga\\\/72\\\/es\\\/2017\\\/09\\\/18\\\/los-lideres-mundiales-se-reunen-a-partir-de-este-martes-en-el-debate-de-la-72a-asamblea-general-de-la-onu\\\/\"]}]},{\"@type\":\"ImageObject\",\"inLanguage\":\"es\",\"@id\":\"https:\\\/\\\/www.un.org\\\/pga\\\/72\\\/es\\\/2017\\\/09\\\/18\\\/los-lideres-mundiales-se-reunen-a-partir-de-este-martes-en-el-debate-de-la-72a-asamblea-general-de-la-onu\\\/#primaryimage\",\"url\":\"https:\\\/\\\/www.un.org\\\/pga\\\/wp-content\\\/uploads\\\/sites\\\/51\\\/2017\\\/09\\\/701400ga.jpg\",\"contentUrl\":\"https:\\\/\\\/www.un.org\\\/pga\\\/wp-content\\\/uploads\\\/sites\\\/51\\\/2017\\\/09\\\/701400ga.jpg\",\"width\":1024,\"height\":682,\"caption\":\"Asamblea General de la ONU. Foto: ONU\\\/Amanda Voisard\"},{\"@type\":\"BreadcrumbList\",\"@id\":\"https:\\\/\\\/www.un.org\\\/pga\\\/72\\\/es\\\/2017\\\/09\\\/18\\\/los-lideres-mundiales-se-reunen-a-partir-de-este-martes-en-el-debate-de-la-72a-asamblea-general-de-la-onu\\\/#breadcrumb\",\"itemListElement\":[{\"@type\":\"ListItem\",\"position\":1,\"name\":\"Home\",\"item\":\"https:\\\/\\\/www.un.org\\\/pga\\\/72\\\/es\\\/\"},{\"@type\":\"ListItem\",\"position\":2,\"name\":\"Los l\u00edderes mundiales se re\u00fanen a partir de este martes en el debate de la 72\u00aa Asamblea General de la ONU\"}]},{\"@type\":\"WebSite\",\"@id\":\"https:\\\/\\\/www.un.org\\\/pga\\\/72\\\/#website\",\"url\":\"https:\\\/\\\/www.un.org\\\/pga\\\/72\\\/\",\"name\":\"Asamblea General de las Naciones Unidas\",\"description\":\"Presidente del 72\u00b0 per\u00edodo de sesiones\",\"potentialAction\":[{\"@type\":\"SearchAction\",\"target\":{\"@type\":\"EntryPoint\",\"urlTemplate\":\"https:\\\/\\\/www.un.org\\\/pga\\\/72\\\/?s={search_term_string}\"},\"query-input\":{\"@type\":\"PropertyValueSpecification\",\"valueRequired\":true,\"valueName\":\"search_term_string\"}}],\"inLanguage\":\"es\"},{\"@type\":\"Person\",\"@id\":\"https:\\\/\\\/www.un.org\\\/pga\\\/72\\\/#\\\/schema\\\/person\\\/48a91d582f34a9fb17593492edf921a4\",\"name\":\"unsites\",\"image\":{\"@type\":\"ImageObject\",\"inLanguage\":\"es\",\"@id\":\"https:\\\/\\\/secure.gravatar.com\\\/avatar\\\/b12baf659e883edfd4119878b775df7ba3f103d1254be63fd823aa0d0747f19f?s=96&d=mm&r=g\",\"url\":\"https:\\\/\\\/secure.gravatar.com\\\/avatar\\\/b12baf659e883edfd4119878b775df7ba3f103d1254be63fd823aa0d0747f19f?s=96&d=mm&r=g\",\"contentUrl\":\"https:\\\/\\\/secure.gravatar.com\\\/avatar\\\/b12baf659e883edfd4119878b775df7ba3f103d1254be63fd823aa0d0747f19f?s=96&d=mm&r=g\",\"caption\":\"unsites\"},\"url\":\"https:\\\/\\\/www.un.org\\\/pga\\\/72\\\/es\\\/author\\\/unsites\\\/\"}]}<\/script>\n<!-- \/ Yoast SEO plugin. -->","yoast_head_json":{"title":"Los l\u00edderes mundiales se re\u00fanen a partir de este martes en el debate de la 72\u00aa Asamblea General de la ONU - Asamblea General de las Naciones Unidas","robots":{"index":"index","follow":"follow","max-snippet":"max-snippet:-1","max-image-preview":"max-image-preview:large","max-video-preview":"max-video-preview:-1"},"canonical":"https:\/\/www.un.org\/pga\/72\/es\/2017\/09\/18\/los-lideres-mundiales-se-reunen-a-partir-de-este-martes-en-el-debate-de-la-72a-asamblea-general-de-la-onu\/","og_locale":"es_ES","og_type":"article","og_title":"Los l\u00edderes mundiales se re\u00fanen a partir de este martes en el debate de la 72\u00aa Asamblea General de la ONU - Asamblea General de las Naciones Unidas","og_description":"Unos cien jefes Estado y de Gobierno y se dan cita a partir de este martes en la sede de la ONU para dar inicio al segmento de alto [&hellip;]","og_url":"https:\/\/www.un.org\/pga\/72\/es\/2017\/09\/18\/los-lideres-mundiales-se-reunen-a-partir-de-este-martes-en-el-debate-de-la-72a-asamblea-general-de-la-onu\/","og_site_name":"Asamblea General de las Naciones Unidas","article_published_time":"2017-09-18T19:52:33+00:00","article_modified_time":"2017-09-19T19:56:06+00:00","og_image":[{"width":1024,"height":682,"url":"https:\/\/www.un.org\/pga\/wp-content\/uploads\/sites\/51\/2017\/09\/701400ga.jpg","type":"image\/jpeg"}],"author":"unsites","twitter_card":"summary_large_image","twitter_misc":{"Escrito por":"unsites","Tiempo de lectura":"1 minuto"},"schema":{"@context":"https:\/\/schema.org","@graph":[{"@type":"Article","@id":"https:\/\/www.un.org\/pga\/72\/es\/2017\/09\/18\/los-lideres-mundiales-se-reunen-a-partir-de-este-martes-en-el-debate-de-la-72a-asamblea-general-de-la-onu\/#article","isPartOf":{"@id":"https:\/\/www.un.org\/pga\/72\/es\/2017\/09\/18\/los-lideres-mundiales-se-reunen-a-partir-de-este-martes-en-el-debate-de-la-72a-asamblea-general-de-la-onu\/"},"author":{"name":"unsites","@id":"https:\/\/www.un.org\/pga\/72\/#\/schema\/person\/48a91d582f34a9fb17593492edf921a4"},"headline":"Los l\u00edderes mundiales se re\u00fanen a partir de este martes en el debate de la 72\u00aa Asamblea General de la ONU","datePublished":"2017-09-18T19:52:33+00:00","dateModified":"2017-09-19T19:56:06+00:00","mainEntityOfPage":{"@id":"https:\/\/www.un.org\/pga\/72\/es\/2017\/09\/18\/los-lideres-mundiales-se-reunen-a-partir-de-este-martes-en-el-debate-de-la-72a-asamblea-general-de-la-onu\/"},"wordCount":232,"image":{"@id":"https:\/\/www.un.org\/pga\/72\/es\/2017\/09\/18\/los-lideres-mundiales-se-reunen-a-partir-de-este-martes-en-el-debate-de-la-72a-asamblea-general-de-la-onu\/#primaryimage"},"thumbnailUrl":"https:\/\/www.un.org\/pga\/wp-content\/uploads\/sites\/51\/2017\/09\/701400ga.jpg","articleSection":["Noticias"],"inLanguage":"es"},{"@type":"WebPage","@id":"https:\/\/www.un.org\/pga\/72\/es\/2017\/09\/18\/los-lideres-mundiales-se-reunen-a-partir-de-este-martes-en-el-debate-de-la-72a-asamblea-general-de-la-onu\/","url":"https:\/\/www.un.org\/pga\/72\/es\/2017\/09\/18\/los-lideres-mundiales-se-reunen-a-partir-de-este-martes-en-el-debate-de-la-72a-asamblea-general-de-la-onu\/","name":"Los l\u00edderes mundiales se re\u00fanen a partir de este martes en el debate de la 72\u00aa Asamblea General de la ONU - Asamblea General de las Naciones Unidas","isPartOf":{"@id":"https:\/\/www.un.org\/pga\/72\/#website"},"primaryImageOfPage":{"@id":"https:\/\/www.un.org\/pga\/72\/es\/2017\/09\/18\/los-lideres-mundiales-se-reunen-a-partir-de-este-martes-en-el-debate-de-la-72a-asamblea-general-de-la-onu\/#primaryimage"},"image":{"@id":"https:\/\/www.un.org\/pga\/72\/es\/2017\/09\/18\/los-lideres-mundiales-se-reunen-a-partir-de-este-martes-en-el-debate-de-la-72a-asamblea-general-de-la-onu\/#primaryimage"},"thumbnailUrl":"https:\/\/www.un.org\/pga\/wp-content\/uploads\/sites\/51\/2017\/09\/701400ga.jpg","datePublished":"2017-09-18T19:52:33+00:00","dateModified":"2017-09-19T19:56:06+00:00","author":{"@id":"https:\/\/www.un.org\/pga\/72\/#\/schema\/person\/48a91d582f34a9fb17593492edf921a4"},"breadcrumb":{"@id":"https:\/\/www.un.org\/pga\/72\/es\/2017\/09\/18\/los-lideres-mundiales-se-reunen-a-partir-de-este-martes-en-el-debate-de-la-72a-asamblea-general-de-la-onu\/#breadcrumb"},"inLanguage":"es","potentialAction":[{"@type":"ReadAction","target":["https:\/\/www.un.org\/pga\/72\/es\/2017\/09\/18\/los-lideres-mundiales-se-reunen-a-partir-de-este-martes-en-el-debate-de-la-72a-asamblea-general-de-la-onu\/"]}]},{"@type":"ImageObject","inLanguage":"es","@id":"https:\/\/www.un.org\/pga\/72\/es\/2017\/09\/18\/los-lideres-mundiales-se-reunen-a-partir-de-este-martes-en-el-debate-de-la-72a-asamblea-general-de-la-onu\/#primaryimage","url":"https:\/\/www.un.org\/pga\/wp-content\/uploads\/sites\/51\/2017\/09\/701400ga.jpg","contentUrl":"https:\/\/www.un.org\/pga\/wp-content\/uploads\/sites\/51\/2017\/09\/701400ga.jpg","width":1024,"height":682,"caption":"Asamblea General de la ONU. Foto: ONU\/Amanda Voisard"},{"@type":"BreadcrumbList","@id":"https:\/\/www.un.org\/pga\/72\/es\/2017\/09\/18\/los-lideres-mundiales-se-reunen-a-partir-de-este-martes-en-el-debate-de-la-72a-asamblea-general-de-la-onu\/#breadcrumb","itemListElement":[{"@type":"ListItem","position":1,"name":"Home","item":"https:\/\/www.un.org\/pga\/72\/es\/"},{"@type":"ListItem","position":2,"name":"Los l\u00edderes mundiales se re\u00fanen a partir de este martes en el debate de la 72\u00aa Asamblea General de la ONU"}]},{"@type":"WebSite","@id":"https:\/\/www.un.org\/pga\/72\/#website","url":"https:\/\/www.un.org\/pga\/72\/","name":"Asamblea General de las Naciones Unidas","description":"Presidente del 72\u00b0 per\u00edodo de sesiones","potentialAction":[{"@type":"SearchAction","target":{"@type":"EntryPoint","urlTemplate":"https:\/\/www.un.org\/pga\/72\/?s={search_term_string}"},"query-input":{"@type":"PropertyValueSpecification","valueRequired":true,"valueName":"search_term_string"}}],"inLanguage":"es"},{"@type":"Person","@id":"https:\/\/www.un.org\/pga\/72\/#\/schema\/person\/48a91d582f34a9fb17593492edf921a4","name":"unsites","image":{"@type":"ImageObject","inLanguage":"es","@id":"https:\/\/secure.gravatar.com\/avatar\/b12baf659e883edfd4119878b775df7ba3f103d1254be63fd823aa0d0747f19f?s=96&d=mm&r=g","url":"https:\/\/secure.gravatar.com\/avatar\/b12baf659e883edfd4119878b775df7ba3f103d1254be63fd823aa0d0747f19f?s=96&d=mm&r=g","contentUrl":"https:\/\/secure.gravatar.com\/avatar\/b12baf659e883edfd4119878b775df7ba3f103d1254be63fd823aa0d0747f19f?s=96&d=mm&r=g","caption":"unsites"},"url":"https:\/\/www.un.org\/pga\/72\/es\/author\/unsites\/"}]}},"_links":{"self":[{"href":"https:\/\/www.un.org\/pga\/72\/es\/wp-json\/wp\/v2\/posts\/118461","targetHints":{"allow":["GET"]}}],"collection":[{"href":"https:\/\/www.un.org\/pga\/72\/es\/wp-json\/wp\/v2\/posts"}],"about":[{"href":"https:\/\/www.un.org\/pga\/72\/es\/wp-json\/wp\/v2\/types\/post"}],"author":[{"embeddable":true,"href":"https:\/\/www.un.org\/pga\/72\/es\/wp-json\/wp\/v2\/users\/1"}],"replies":[{"embeddable":true,"href":"https:\/\/www.un.org\/pga\/72\/es\/wp-json\/wp\/v2\/comments?post=118461"}],"version-history":[{"count":0,"href":"https:\/\/www.un.org\/pga\/72\/es\/wp-json\/wp\/v2\/posts\/118461\/revisions"}],"wp:featuredmedia":[{"embeddable":true,"href":"https:\/\/www.un.org\/pga\/72\/es\/wp-json\/wp\/v2\/media\/118465"}],"wp:attachment":[{"href":"https:\/\/www.un.org\/pga\/72\/es\/wp-json\/wp\/v2\/media?parent=118461"}],"wp:term":[{"taxonomy":"category","embeddable":true,"href":"https:\/\/www.un.org\/pga\/72\/es\/wp-json\/wp\/v2\/categories?post=118461"},{"taxonomy":"post_tag","embeddable":true,"href":"https:\/\/www.un.org\/pga\/72\/es\/wp-json\/wp\/v2\/tags?post=118461"}],"curies":[{"name":"wp","href":"https:\/\/api.w.org\/{rel}","templated":true}]}}