  {"id":123252,"date":"2017-09-25T15:37:47","date_gmt":"2017-09-25T19:37:47","guid":{"rendered":"http:\/\/www.un.org\/pga\/72\/?p=123252\/"},"modified":"2017-09-29T15:43:28","modified_gmt":"2017-09-29T19:43:28","slug":"concluye-el-debate-general-del-72o-periodo-de-sesiones-de-la-asamblea-general","status":"publish","type":"post","link":"https:\/\/www.un.org\/pga\/72\/es\/2017\/09\/25\/concluye-el-debate-general-del-72o-periodo-de-sesiones-de-la-asamblea-general\/","title":{"rendered":"Concluye el Debate General del 72\u00ba per\u00edodo de sesiones de la Asamblea General"},"content":{"rendered":"<p>[et_pb_section bb_built=\u00bb1&#8243;][et_pb_row][et_pb_column type=\u00bb4_4&#8243;][et_pb_text _builder_version=\u00bb3.0.69&#8243; background_layout=\u00bblight\u00bb text_orientation=\u00bbleft\u00bb border_style=\u00bbsolid\u00bb]<\/p>\n<p>En la clausura de la edici\u00f3n 72 de la Asamblea General de Naciones Unidas, su presidente destac\u00f3 que por primera vez en 11 a\u00f1os, todos los Estados miembros y Observadores hab\u00edan podido dirigirse al pleno de la Asamblea, un total de 196 discursos.<\/p>\n<p>Miroslav Lajc\u00e1k resalt\u00f3 cuatro mensajes que surgieron del Debate General.<\/p>\n<p>En primer lugar, los Estados Miembros est\u00e1n apoyando en\u00e9rgicamente la propuesta de dar prioridad a la paz mediante el fortalecimiento de los esfuerzos diplom\u00e1ticos, incluidos los del Secretario General.<\/p>\n<p>\u201cDebemos basarnos en las experiencias nacionales, regionales e internacionales de mediaci\u00f3n y prevenci\u00f3n de conflictos. Debemos realinear nuestro enfoque para enfatizar la paz en lo que ahora conocemos como paz y seguridad\u201d, dijo el presidente de la Asamblea General.<\/p>\n<p>Otro tema com\u00fan de las intervenciones en la reuni\u00f3n de alto nivel fue la visi\u00f3n del mundo en que los derechos humanos, la igualdad de g\u00e9nero y el Estado de Derecho son la norma.<\/p>\n<p>En tercer lugar, los pa\u00edses de todo el mundo reafirmaron sus compromisos con el desarrollo y el medio ambiente, subrayando que el cambio clim\u00e1tico se est\u00e1 convirtiendo en una cuesti\u00f3n de vida o muerte, dijo Lajc\u00e1k.<\/p>\n<p>Por \u00faltimo, tambi\u00e9n fueron protagonistas el compromiso con Naciones Unidas y el multilateralismo. \u201cCualquier alternativa supondr\u00eda un riesgo de repetir los mismos errores de la historia\u201d, recalc\u00f3 el l\u00edder de la Asamblea.<\/p>\n<p>Sin embargo, Lajc\u00e1k reconoci\u00f3 que durante los discursos hubo muchas cr\u00edticas al Organismo mundial, inst\u00e1ndola sobre todo a hacer m\u00e1s para adaptarse a los cambios del mundo actual.<\/p>\n<p>Como pr\u00f3ximos pasos, el presidente de la Asamblea General inst\u00f3 a los Estados Miembros a prestar atenci\u00f3n a momentos importantes durante esta 72\u00aa sesi\u00f3n, como la reuni\u00f3n de alto nivel para la adopci\u00f3n del Pacto Mundial para los Migrantes y Refugiados en septiembre del a\u00f1o que viene.<\/p>\n<p><a title=\"Concluye el Debate General de la 72\u00aa Sesi\u00f3n de la Asamblea General de la ONU\" href=\"http:\/\/www.un.org\/spanish\/News\/story.asp?NewsID=38129\">Noticias ONU<\/a><\/p>\n<p>[\/et_pb_text][\/et_pb_column][\/et_pb_row][\/et_pb_section]<\/p>\n","protected":false},"excerpt":{"rendered":"<p><div class=\"et_pb_row et_pb_row_0 et_pb_row_empty\">\n\t\t\t\t\n\t\t\t\t\n\t\t\t\t\n\t\t\t\t\n\t\t\t\t\n\t\t\t<\/div> En la clausura de la edici\u00f3n 72 de la Asamblea General de Naciones Unidas, su presidente destac\u00f3 que por primera vez en 11 a\u00f1os, todos los Estados miembros y [&hellip;]<\/p>\n","protected":false},"author":1,"featured_media":123255,"comment_status":"closed","ping_status":"closed","sticky":false,"template":"","format":"standard","meta":{"_et_pb_use_builder":"on","_et_pb_old_content":"","_et_gb_content_width":"","footnotes":"","_links_to":"","_links_to_target":""},"categories":[185],"tags":[],"class_list":["post-123252","post","type-post","status-publish","format-standard","has-post-thumbnail","hentry","category-newsandupdates-es","et-has-post-format-content","et_post_format-et-post-format-standard"],"yoast_head":"<!-- This site is optimized with the Yoast SEO plugin v28.3 - https:\/\/yoast.com\/product\/yoast-seo-wordpress\/ -->\n<title>Concluye el Debate General del 72\u00ba per\u00edodo de sesiones de la Asamblea General - Asamblea General de las Naciones Unidas<\/title>\n<meta name=\"robots\" content=\"index, follow, max-snippet:-1, max-image-preview:large, max-video-preview:-1\" \/>\n<link rel=\"canonical\" href=\"https:\/\/www.un.org\/pga\/72\/es\/2017\/09\/25\/concluye-el-debate-general-del-72o-periodo-de-sesiones-de-la-asamblea-general\/\" \/>\n<meta property=\"og:locale\" content=\"es_ES\" \/>\n<meta property=\"og:type\" content=\"article\" \/>\n<meta property=\"og:title\" content=\"Concluye el Debate General del 72\u00ba per\u00edodo de sesiones de la Asamblea General - Asamblea General de las Naciones Unidas\" \/>\n<meta property=\"og:description\" content=\"En la clausura de la edici\u00f3n 72 de la Asamblea General de Naciones Unidas, su presidente destac\u00f3 que por primera vez en 11 a\u00f1os, todos los Estados miembros y [&hellip;]\" \/>\n<meta property=\"og:url\" content=\"https:\/\/www.un.org\/pga\/72\/es\/2017\/09\/25\/concluye-el-debate-general-del-72o-periodo-de-sesiones-de-la-asamblea-general\/\" \/>\n<meta property=\"og:site_name\" content=\"Asamblea General de las Naciones Unidas\" \/>\n<meta property=\"article:published_time\" content=\"2017-09-25T19:37:47+00:00\" \/>\n<meta property=\"article:modified_time\" content=\"2017-09-29T19:43:28+00:00\" \/>\n<meta property=\"og:image\" content=\"https:\/\/www.un.org\/pga\/wp-content\/uploads\/sites\/51\/2017\/09\/736107-Lajcak.jpg\" \/>\n\t<meta property=\"og:image:width\" content=\"1024\" \/>\n\t<meta property=\"og:image:height\" content=\"683\" \/>\n\t<meta property=\"og:image:type\" content=\"image\/jpeg\" \/>\n<meta name=\"author\" content=\"unsites\" \/>\n<meta name=\"twitter:card\" content=\"summary_large_image\" \/>\n<meta name=\"twitter:label1\" content=\"Escrito por\" \/>\n\t<meta name=\"twitter:data1\" content=\"unsites\" \/>\n\t<meta name=\"twitter:label2\" content=\"Tiempo de lectura\" \/>\n\t<meta name=\"twitter:data2\" content=\"2 minutos\" \/>\n<script type=\"application\/ld+json\" class=\"yoast-schema-graph\">{\"@context\":\"https:\\\/\\\/schema.org\",\"@graph\":[{\"@type\":\"Article\",\"@id\":\"https:\\\/\\\/www.un.org\\\/pga\\\/72\\\/es\\\/2017\\\/09\\\/25\\\/concluye-el-debate-general-del-72o-periodo-de-sesiones-de-la-asamblea-general\\\/#article\",\"isPartOf\":{\"@id\":\"https:\\\/\\\/www.un.org\\\/pga\\\/72\\\/es\\\/2017\\\/09\\\/25\\\/concluye-el-debate-general-del-72o-periodo-de-sesiones-de-la-asamblea-general\\\/\"},\"author\":{\"name\":\"unsites\",\"@id\":\"https:\\\/\\\/www.un.org\\\/pga\\\/72\\\/#\\\/schema\\\/person\\\/48a91d582f34a9fb17593492edf921a4\"},\"headline\":\"Concluye el Debate General del 72\u00ba per\u00edodo de sesiones de la Asamblea General\",\"datePublished\":\"2017-09-25T19:37:47+00:00\",\"dateModified\":\"2017-09-29T19:43:28+00:00\",\"mainEntityOfPage\":{\"@id\":\"https:\\\/\\\/www.un.org\\\/pga\\\/72\\\/es\\\/2017\\\/09\\\/25\\\/concluye-el-debate-general-del-72o-periodo-de-sesiones-de-la-asamblea-general\\\/\"},\"wordCount\":377,\"image\":{\"@id\":\"https:\\\/\\\/www.un.org\\\/pga\\\/72\\\/es\\\/2017\\\/09\\\/25\\\/concluye-el-debate-general-del-72o-periodo-de-sesiones-de-la-asamblea-general\\\/#primaryimage\"},\"thumbnailUrl\":\"https:\\\/\\\/www.un.org\\\/pga\\\/wp-content\\\/uploads\\\/sites\\\/51\\\/2017\\\/09\\\/736107-Lajcak.jpg\",\"articleSection\":[\"Noticias\"],\"inLanguage\":\"es\"},{\"@type\":\"WebPage\",\"@id\":\"https:\\\/\\\/www.un.org\\\/pga\\\/72\\\/es\\\/2017\\\/09\\\/25\\\/concluye-el-debate-general-del-72o-periodo-de-sesiones-de-la-asamblea-general\\\/\",\"url\":\"https:\\\/\\\/www.un.org\\\/pga\\\/72\\\/es\\\/2017\\\/09\\\/25\\\/concluye-el-debate-general-del-72o-periodo-de-sesiones-de-la-asamblea-general\\\/\",\"name\":\"Concluye el Debate General del 72\u00ba per\u00edodo de sesiones de la Asamblea General - Asamblea General de las Naciones Unidas\",\"isPartOf\":{\"@id\":\"https:\\\/\\\/www.un.org\\\/pga\\\/72\\\/#website\"},\"primaryImageOfPage\":{\"@id\":\"https:\\\/\\\/www.un.org\\\/pga\\\/72\\\/es\\\/2017\\\/09\\\/25\\\/concluye-el-debate-general-del-72o-periodo-de-sesiones-de-la-asamblea-general\\\/#primaryimage\"},\"image\":{\"@id\":\"https:\\\/\\\/www.un.org\\\/pga\\\/72\\\/es\\\/2017\\\/09\\\/25\\\/concluye-el-debate-general-del-72o-periodo-de-sesiones-de-la-asamblea-general\\\/#primaryimage\"},\"thumbnailUrl\":\"https:\\\/\\\/www.un.org\\\/pga\\\/wp-content\\\/uploads\\\/sites\\\/51\\\/2017\\\/09\\\/736107-Lajcak.jpg\",\"datePublished\":\"2017-09-25T19:37:47+00:00\",\"dateModified\":\"2017-09-29T19:43:28+00:00\",\"author\":{\"@id\":\"https:\\\/\\\/www.un.org\\\/pga\\\/72\\\/#\\\/schema\\\/person\\\/48a91d582f34a9fb17593492edf921a4\"},\"breadcrumb\":{\"@id\":\"https:\\\/\\\/www.un.org\\\/pga\\\/72\\\/es\\\/2017\\\/09\\\/25\\\/concluye-el-debate-general-del-72o-periodo-de-sesiones-de-la-asamblea-general\\\/#breadcrumb\"},\"inLanguage\":\"es\",\"potentialAction\":[{\"@type\":\"ReadAction\",\"target\":[\"https:\\\/\\\/www.un.org\\\/pga\\\/72\\\/es\\\/2017\\\/09\\\/25\\\/concluye-el-debate-general-del-72o-periodo-de-sesiones-de-la-asamblea-general\\\/\"]}]},{\"@type\":\"ImageObject\",\"inLanguage\":\"es\",\"@id\":\"https:\\\/\\\/www.un.org\\\/pga\\\/72\\\/es\\\/2017\\\/09\\\/25\\\/concluye-el-debate-general-del-72o-periodo-de-sesiones-de-la-asamblea-general\\\/#primaryimage\",\"url\":\"https:\\\/\\\/www.un.org\\\/pga\\\/wp-content\\\/uploads\\\/sites\\\/51\\\/2017\\\/09\\\/736107-Lajcak.jpg\",\"contentUrl\":\"https:\\\/\\\/www.un.org\\\/pga\\\/wp-content\\\/uploads\\\/sites\\\/51\\\/2017\\\/09\\\/736107-Lajcak.jpg\",\"width\":1024,\"height\":683,\"caption\":\"El presidente de la Asamblea General, Miroslav Lajcak, cierra el debate general. Foto: ONU \\\/ Cia Pak PGA opening GA72 on Monday\"},{\"@type\":\"BreadcrumbList\",\"@id\":\"https:\\\/\\\/www.un.org\\\/pga\\\/72\\\/es\\\/2017\\\/09\\\/25\\\/concluye-el-debate-general-del-72o-periodo-de-sesiones-de-la-asamblea-general\\\/#breadcrumb\",\"itemListElement\":[{\"@type\":\"ListItem\",\"position\":1,\"name\":\"Home\",\"item\":\"https:\\\/\\\/www.un.org\\\/pga\\\/72\\\/es\\\/\"},{\"@type\":\"ListItem\",\"position\":2,\"name\":\"Concluye el Debate General del 72\u00ba per\u00edodo de sesiones de la Asamblea General\"}]},{\"@type\":\"WebSite\",\"@id\":\"https:\\\/\\\/www.un.org\\\/pga\\\/72\\\/#website\",\"url\":\"https:\\\/\\\/www.un.org\\\/pga\\\/72\\\/\",\"name\":\"Asamblea General de las Naciones Unidas\",\"description\":\"Presidente del 72\u00b0 per\u00edodo de sesiones\",\"potentialAction\":[{\"@type\":\"SearchAction\",\"target\":{\"@type\":\"EntryPoint\",\"urlTemplate\":\"https:\\\/\\\/www.un.org\\\/pga\\\/72\\\/?s={search_term_string}\"},\"query-input\":{\"@type\":\"PropertyValueSpecification\",\"valueRequired\":true,\"valueName\":\"search_term_string\"}}],\"inLanguage\":\"es\"},{\"@type\":\"Person\",\"@id\":\"https:\\\/\\\/www.un.org\\\/pga\\\/72\\\/#\\\/schema\\\/person\\\/48a91d582f34a9fb17593492edf921a4\",\"name\":\"unsites\",\"image\":{\"@type\":\"ImageObject\",\"inLanguage\":\"es\",\"@id\":\"https:\\\/\\\/secure.gravatar.com\\\/avatar\\\/b12baf659e883edfd4119878b775df7ba3f103d1254be63fd823aa0d0747f19f?s=96&d=mm&r=g\",\"url\":\"https:\\\/\\\/secure.gravatar.com\\\/avatar\\\/b12baf659e883edfd4119878b775df7ba3f103d1254be63fd823aa0d0747f19f?s=96&d=mm&r=g\",\"contentUrl\":\"https:\\\/\\\/secure.gravatar.com\\\/avatar\\\/b12baf659e883edfd4119878b775df7ba3f103d1254be63fd823aa0d0747f19f?s=96&d=mm&r=g\",\"caption\":\"unsites\"},\"url\":\"https:\\\/\\\/www.un.org\\\/pga\\\/72\\\/es\\\/author\\\/unsites\\\/\"}]}<\/script>\n<!-- \/ Yoast SEO plugin. -->","yoast_head_json":{"title":"Concluye el Debate General del 72\u00ba per\u00edodo de sesiones de la Asamblea General - Asamblea General de las Naciones Unidas","robots":{"index":"index","follow":"follow","max-snippet":"max-snippet:-1","max-image-preview":"max-image-preview:large","max-video-preview":"max-video-preview:-1"},"canonical":"https:\/\/www.un.org\/pga\/72\/es\/2017\/09\/25\/concluye-el-debate-general-del-72o-periodo-de-sesiones-de-la-asamblea-general\/","og_locale":"es_ES","og_type":"article","og_title":"Concluye el Debate General del 72\u00ba per\u00edodo de sesiones de la Asamblea General - Asamblea General de las Naciones Unidas","og_description":"En la clausura de la edici\u00f3n 72 de la Asamblea General de Naciones Unidas, su presidente destac\u00f3 que por primera vez en 11 a\u00f1os, todos los Estados miembros y [&hellip;]","og_url":"https:\/\/www.un.org\/pga\/72\/es\/2017\/09\/25\/concluye-el-debate-general-del-72o-periodo-de-sesiones-de-la-asamblea-general\/","og_site_name":"Asamblea General de las Naciones Unidas","article_published_time":"2017-09-25T19:37:47+00:00","article_modified_time":"2017-09-29T19:43:28+00:00","og_image":[{"width":1024,"height":683,"url":"https:\/\/www.un.org\/pga\/wp-content\/uploads\/sites\/51\/2017\/09\/736107-Lajcak.jpg","type":"image\/jpeg"}],"author":"unsites","twitter_card":"summary_large_image","twitter_misc":{"Escrito por":"unsites","Tiempo de lectura":"2 minutos"},"schema":{"@context":"https:\/\/schema.org","@graph":[{"@type":"Article","@id":"https:\/\/www.un.org\/pga\/72\/es\/2017\/09\/25\/concluye-el-debate-general-del-72o-periodo-de-sesiones-de-la-asamblea-general\/#article","isPartOf":{"@id":"https:\/\/www.un.org\/pga\/72\/es\/2017\/09\/25\/concluye-el-debate-general-del-72o-periodo-de-sesiones-de-la-asamblea-general\/"},"author":{"name":"unsites","@id":"https:\/\/www.un.org\/pga\/72\/#\/schema\/person\/48a91d582f34a9fb17593492edf921a4"},"headline":"Concluye el Debate General del 72\u00ba per\u00edodo de sesiones de la Asamblea General","datePublished":"2017-09-25T19:37:47+00:00","dateModified":"2017-09-29T19:43:28+00:00","mainEntityOfPage":{"@id":"https:\/\/www.un.org\/pga\/72\/es\/2017\/09\/25\/concluye-el-debate-general-del-72o-periodo-de-sesiones-de-la-asamblea-general\/"},"wordCount":377,"image":{"@id":"https:\/\/www.un.org\/pga\/72\/es\/2017\/09\/25\/concluye-el-debate-general-del-72o-periodo-de-sesiones-de-la-asamblea-general\/#primaryimage"},"thumbnailUrl":"https:\/\/www.un.org\/pga\/wp-content\/uploads\/sites\/51\/2017\/09\/736107-Lajcak.jpg","articleSection":["Noticias"],"inLanguage":"es"},{"@type":"WebPage","@id":"https:\/\/www.un.org\/pga\/72\/es\/2017\/09\/25\/concluye-el-debate-general-del-72o-periodo-de-sesiones-de-la-asamblea-general\/","url":"https:\/\/www.un.org\/pga\/72\/es\/2017\/09\/25\/concluye-el-debate-general-del-72o-periodo-de-sesiones-de-la-asamblea-general\/","name":"Concluye el Debate General del 72\u00ba per\u00edodo de sesiones de la Asamblea General - Asamblea General de las Naciones Unidas","isPartOf":{"@id":"https:\/\/www.un.org\/pga\/72\/#website"},"primaryImageOfPage":{"@id":"https:\/\/www.un.org\/pga\/72\/es\/2017\/09\/25\/concluye-el-debate-general-del-72o-periodo-de-sesiones-de-la-asamblea-general\/#primaryimage"},"image":{"@id":"https:\/\/www.un.org\/pga\/72\/es\/2017\/09\/25\/concluye-el-debate-general-del-72o-periodo-de-sesiones-de-la-asamblea-general\/#primaryimage"},"thumbnailUrl":"https:\/\/www.un.org\/pga\/wp-content\/uploads\/sites\/51\/2017\/09\/736107-Lajcak.jpg","datePublished":"2017-09-25T19:37:47+00:00","dateModified":"2017-09-29T19:43:28+00:00","author":{"@id":"https:\/\/www.un.org\/pga\/72\/#\/schema\/person\/48a91d582f34a9fb17593492edf921a4"},"breadcrumb":{"@id":"https:\/\/www.un.org\/pga\/72\/es\/2017\/09\/25\/concluye-el-debate-general-del-72o-periodo-de-sesiones-de-la-asamblea-general\/#breadcrumb"},"inLanguage":"es","potentialAction":[{"@type":"ReadAction","target":["https:\/\/www.un.org\/pga\/72\/es\/2017\/09\/25\/concluye-el-debate-general-del-72o-periodo-de-sesiones-de-la-asamblea-general\/"]}]},{"@type":"ImageObject","inLanguage":"es","@id":"https:\/\/www.un.org\/pga\/72\/es\/2017\/09\/25\/concluye-el-debate-general-del-72o-periodo-de-sesiones-de-la-asamblea-general\/#primaryimage","url":"https:\/\/www.un.org\/pga\/wp-content\/uploads\/sites\/51\/2017\/09\/736107-Lajcak.jpg","contentUrl":"https:\/\/www.un.org\/pga\/wp-content\/uploads\/sites\/51\/2017\/09\/736107-Lajcak.jpg","width":1024,"height":683,"caption":"El presidente de la Asamblea General, Miroslav Lajcak, cierra el debate general. Foto: ONU \/ Cia Pak PGA opening GA72 on Monday"},{"@type":"BreadcrumbList","@id":"https:\/\/www.un.org\/pga\/72\/es\/2017\/09\/25\/concluye-el-debate-general-del-72o-periodo-de-sesiones-de-la-asamblea-general\/#breadcrumb","itemListElement":[{"@type":"ListItem","position":1,"name":"Home","item":"https:\/\/www.un.org\/pga\/72\/es\/"},{"@type":"ListItem","position":2,"name":"Concluye el Debate General del 72\u00ba per\u00edodo de sesiones de la Asamblea General"}]},{"@type":"WebSite","@id":"https:\/\/www.un.org\/pga\/72\/#website","url":"https:\/\/www.un.org\/pga\/72\/","name":"Asamblea General de las Naciones Unidas","description":"Presidente del 72\u00b0 per\u00edodo de sesiones","potentialAction":[{"@type":"SearchAction","target":{"@type":"EntryPoint","urlTemplate":"https:\/\/www.un.org\/pga\/72\/?s={search_term_string}"},"query-input":{"@type":"PropertyValueSpecification","valueRequired":true,"valueName":"search_term_string"}}],"inLanguage":"es"},{"@type":"Person","@id":"https:\/\/www.un.org\/pga\/72\/#\/schema\/person\/48a91d582f34a9fb17593492edf921a4","name":"unsites","image":{"@type":"ImageObject","inLanguage":"es","@id":"https:\/\/secure.gravatar.com\/avatar\/b12baf659e883edfd4119878b775df7ba3f103d1254be63fd823aa0d0747f19f?s=96&d=mm&r=g","url":"https:\/\/secure.gravatar.com\/avatar\/b12baf659e883edfd4119878b775df7ba3f103d1254be63fd823aa0d0747f19f?s=96&d=mm&r=g","contentUrl":"https:\/\/secure.gravatar.com\/avatar\/b12baf659e883edfd4119878b775df7ba3f103d1254be63fd823aa0d0747f19f?s=96&d=mm&r=g","caption":"unsites"},"url":"https:\/\/www.un.org\/pga\/72\/es\/author\/unsites\/"}]}},"_links":{"self":[{"href":"https:\/\/www.un.org\/pga\/72\/es\/wp-json\/wp\/v2\/posts\/123252","targetHints":{"allow":["GET"]}}],"collection":[{"href":"https:\/\/www.un.org\/pga\/72\/es\/wp-json\/wp\/v2\/posts"}],"about":[{"href":"https:\/\/www.un.org\/pga\/72\/es\/wp-json\/wp\/v2\/types\/post"}],"author":[{"embeddable":true,"href":"https:\/\/www.un.org\/pga\/72\/es\/wp-json\/wp\/v2\/users\/1"}],"replies":[{"embeddable":true,"href":"https:\/\/www.un.org\/pga\/72\/es\/wp-json\/wp\/v2\/comments?post=123252"}],"version-history":[{"count":0,"href":"https:\/\/www.un.org\/pga\/72\/es\/wp-json\/wp\/v2\/posts\/123252\/revisions"}],"wp:featuredmedia":[{"embeddable":true,"href":"https:\/\/www.un.org\/pga\/72\/es\/wp-json\/wp\/v2\/media\/123255"}],"wp:attachment":[{"href":"https:\/\/www.un.org\/pga\/72\/es\/wp-json\/wp\/v2\/media?parent=123252"}],"wp:term":[{"taxonomy":"category","embeddable":true,"href":"https:\/\/www.un.org\/pga\/72\/es\/wp-json\/wp\/v2\/categories?post=123252"},{"taxonomy":"post_tag","embeddable":true,"href":"https:\/\/www.un.org\/pga\/72\/es\/wp-json\/wp\/v2\/tags?post=123252"}],"curies":[{"name":"wp","href":"https:\/\/api.w.org\/{rel}","templated":true}]}}