  {"id":107585,"date":"2017-09-05T17:54:47","date_gmt":"2017-09-05T21:54:47","guid":{"rendered":"http:\/\/www.un.org\/pga\/72\/2017\/08\/30\/annual-american-bar-association-meeting\/"},"modified":"2017-11-03T17:26:34","modified_gmt":"2017-11-03T21:26:34","slug":"urbanisation-villes-developpement-durable","status":"publish","type":"post","link":"https:\/\/www.un.org\/pga\/72\/fr\/2017\/09\/05\/urbanisation-villes-developpement-durable\/","title":{"rendered":"Urbanisation : pour l&rsquo;ONU, la bataille du d\u00e9veloppement durable \u00ab sera gagn\u00e9e ou perdue \u00bb dans les villes"},"content":{"rendered":"<p>[et_pb_section bb_built=\u00a0\u00bb1&Prime;][et_pb_row][et_pb_column type=\u00a0\u00bb4_4&Prime;][et_pb_text _builder_version=\u00a0\u00bb3.0.69&Prime; background_layout=\u00a0\u00bblight\u00a0\u00bb text_orientation=\u00a0\u00bbleft\u00a0\u00bb border_style=\u00a0\u00bbsolid\u00a0\u00bb]<\/p>\n<h4>Urbanisation : pour l&rsquo;ONU, la bataille du d\u00e9veloppement durable \u00ab sera gagn\u00e9e ou perdue \u00bb dans les villes<\/h4>\n<p>5 septembre 2017 \u2013 A l&rsquo;ouverture d&rsquo;une r\u00e9union de l&rsquo;Assembl\u00e9e g\u00e9n\u00e9rale des Nations Unies consacr\u00e9e \u00e0 la nouvelle approche de l&rsquo;ONU pour l&rsquo;urbanisation rapide monde, la Vice-Secr\u00e9taire g\u00e9n\u00e9rale, Amina J. Mohamed, a affirm\u00e9 mardi que le travail de l&rsquo;Organisation dans les zones urbaines doit \u00eatre revigor\u00e9.<\/p>\n<p>\u00ab Aujourd&rsquo;hui, nous reconnaissons que les Nations Unies ne fournissent pas suffisamment de ressources dans les villes. Et, gr\u00e2ce \u00e0 nos efforts communs, nous allons rectifier cela \u00bb, a d\u00e9clar\u00e9 Mme Mohammed, lors de cette r\u00e9union de haut-niveau.<\/p>\n<p>\u00ab La fi\u00e8re histoire du travail urbain \u00e0 l&rsquo;ONU doit \u00eatre exploit\u00e9e \u00e0 ce moment vital, et l&rsquo;ONU doit \u00eatre consid\u00e9r\u00e9e comme l&rsquo;animatrice et le catalyseur des partenaires, des bailleurs de fonds, du secteur priv\u00e9 et des organisations de la soci\u00e9t\u00e9 civile pour intensifier leur travail dans les zones urbaines \u00bb, a-t-elle ajout\u00e9, soulignant la n\u00e9cessit\u00e9 d&rsquo;une r\u00e9forme du Programme des Nations Unies pour les \u00e9tablissements humains (ONU-Habitat).<\/p>\n<p>La r\u00e9union qui durera deux jours traitera de la fa\u00e7on dont le Nouvel agenda urbain a \u00e9t\u00e9 mis en \u0153uvre depuis son adoption en octobre 2016 \u00e0 la Conf\u00e9rence des Nations Unies sur le logement et le d\u00e9veloppement urbain durable, connu sous le nom Habitat III, tout en examinant les recommandations formul\u00e9es par un groupe sp\u00e9cial ind\u00e9pendant charg\u00e9 d&rsquo;examiner l&rsquo;efficacit\u00e9 d&rsquo;ONU-Habitat.<\/p>\n<p>La rencontre examinera \u00e9galement les mesures contenues dans le rapport du Groupe sp\u00e9cial ind\u00e9pendant du Secr\u00e9taire g\u00e9n\u00e9ral charg\u00e9 d&rsquo;\u00e9valuer et d&rsquo;am\u00e9liorer l&rsquo;efficacit\u00e9 d&rsquo;ONU-Habitat apr\u00e8s l&rsquo;adoption du Nouvel agenda urbain, qui a \u00e9t\u00e9 publi\u00e9 au d\u00e9but d&rsquo;ao\u00fbt 2017.<\/p>\n<p>Les r\u00e9sultats serviront de contribution \u00e0 l&rsquo;organe principal de l&rsquo;Assembl\u00e9e g\u00e9n\u00e9rale charg\u00e9 des questions \u00e9conomiques et financi\u00e8res (deuxi\u00e8me commission), qui examinera les mesures \u00e0 prendre \u00e0 la lumi\u00e8re de ces recommandations lors de sa prochaine session de fond cet automne.<\/p>\n<p>Mme Mohammed a soulign\u00e9 qu&rsquo;en 2050, 70% de la population mondiale vivra dans les zones urbaines.<\/p>\n<p>Alors que les villes sont des p\u00f4les de promesses, d&#8217;emplois, de technologies et de d\u00e9veloppement \u00e9conomique, elles sont \u00e9galement l&rsquo;\u00e9picentre des \u00e9missions de gaz \u00e0 effet de serre et de nombreux d\u00e9fis de la durabilit\u00e9.<\/p>\n<p>\u00ab Il est clair que c&rsquo;est dans les villes o\u00f9 la bataille pour la durabilit\u00e9 sera gagn\u00e9e ou perdue \u00bb, a-t-elle d\u00e9clar\u00e9.<\/p>\n<p>Capitaliser sur les opportunit\u00e9s sociales et \u00e9conomiques offertes par les villes<\/p>\n<p>S&rsquo;exprimant lors de cette r\u00e9union, le Pr\u00e9sident de l&rsquo;Assembl\u00e9e g\u00e9n\u00e9rale, Peter Thomson, a soulign\u00e9 l&rsquo;importance de capitaliser sur les \u00e9normes opportunit\u00e9s sociales et \u00e9conomiques offertes par l&rsquo;urbanisation de masse. Selon lui, une telle capitalisation permettra d&rsquo;affronter les d\u00e9fis mondiaux : sortir les gens de la pauvret\u00e9, stimuler la croissance \u00e9conomique inclusive, promouvoir l&rsquo;\u00e9galit\u00e9, renforcer la r\u00e9silience de la communaut\u00e9 et lutter efficacement contre le changement climatique.<\/p>\n<p>\u00ab Pour ce faire, nous devons accro\u00eetre la prise de conscience mondiale du Programme 2030 pour le d\u00e9veloppement durable et du Nouvel agenda urbain en particulier parmi les d\u00e9cideurs et le public mondial \u00bb, a-t-il d\u00e9clar\u00e9.<\/p>\n<p>Pour M. Thompson, les partenariats strat\u00e9giques doivent \u00eatre renforc\u00e9s entre les gouvernements \u00e0 tous les niveaux, les leaders communautaires, la soci\u00e9t\u00e9 civile et les milieux d&rsquo;affaires, afin de favoriser des approches coh\u00e9rentes du d\u00e9veloppement urbain.<\/p>\n<p>Le Pr\u00e9sident de l&rsquo;Assembl\u00e9e g\u00e9n\u00e9rale a \u00e9galement jug\u00e9 n\u00e9cessaire de tirer parti du potentiel exponentiel de la science, de la technologie et de l&rsquo;innovation pour cr\u00e9er de nouvelles approches intelligentes vers une urbanisation durable et pour atteindre les Objectifs de d\u00e9veloppement durable (ODD).<\/p>\n<p>Le syst\u00e8me des Nations Unies doit \u00eatre en mesure de servir efficacement les \u00c9tats membres dans la r\u00e9alisation de ces programmes universels, avec ONU-Habitat fortement positionn\u00e9 pour soutenir la mise en \u0153uvre du Nouvel agenda urbain, a-t-il d\u00e9clar\u00e9.<\/p>\n<p>Dans l&rsquo;\u00e9valuation du Groupe sp\u00e9cial, la premi\u00e8re priorit\u00e9 est de sauver, de stabiliser et de renforcer rapidement ONU-Habitat pour l&rsquo;outiller en vue d&rsquo;un r\u00f4le renouvel\u00e9 bas\u00e9 sur le Programme 2030, adopt\u00e9 en 2015, ainsi que sur le Nouvel agenda urbain.<\/p>\n<p>Le panel recommande, entre autres, que &lsquo;Ä¢¹½ÊÓÆµ Urban (ONU Urbain)&rsquo; soit \u00e9tabli comme m\u00e9canisme de coordination similaire \u00e0 &lsquo;ONU Eau&rsquo; ou &lsquo;ONU-Energie&rsquo;, dans le cadre de la r\u00e9forme d&rsquo;ensemble de l&rsquo;ONU, avec un petit secr\u00e9tariat bas\u00e9 au D\u00e9partement des affaires \u00e9conomiques et sociales (DESA) \u00e0 New York.<\/p>\n<p><a href=\"http:\/\/www.un.org\/french\/newscentre\/\">Source : ONU Info<\/a><\/p>\n<p>[\/et_pb_text][\/et_pb_column][\/et_pb_row][\/et_pb_section]<\/p>\n","protected":false},"excerpt":{"rendered":"<p>A l&rsquo;ouverture d&rsquo;une r\u00e9union de l&rsquo;Assembl\u00e9e g\u00e9n\u00e9rale des Nations Unies consacr\u00e9e \u00e0 la nouvelle approche de l&rsquo;ONU pour l&rsquo;urbanisation rapide monde, la Vice-Secr\u00e9taire g\u00e9n\u00e9rale, Amina J. Mohamed, a affirm\u00e9 mardi que le travail de l&rsquo;Organisation dans les zones urbaines doit \u00eatre revigor\u00e9.<\/p>\n","protected":false},"author":375,"featured_media":114213,"comment_status":"closed","ping_status":"closed","sticky":false,"template":"","format":"standard","meta":{"_et_pb_use_builder":"on","_et_pb_old_content":"<h4 style=\"text-align: center;\"><em>As delivered<\/em><\/h4>\r\n<h2><strong>Remarks by H.E. Mr. Peter Thomson,\u00a0<\/strong><strong>President of the 71st Session of the General Assembly, at the\u00a0Annual American Bar Association Meeting\u00a0<\/strong><strong>Showcase Luncheon<\/strong><\/h2>\r\n<h3><strong>10 August 2017<\/strong><\/h3>\r\n\u00a0\r\n\r\n<em>\u00a0<\/em>\r\n\r\n<em><a href=\"http:\/\/www.un.org\/pga\/71\/wp-content\/uploads\/sites\/40\/2017\/08\/DG5FJZ2XcAENRY0.jpg\"><img class=\"size-medium wp-image-105723 alignleft\" src=\"http:\/\/www.un.org\/pga\/71\/wp-content\/uploads\/sites\/40\/2017\/08\/DG5FJZ2XcAENRY0-300x300.jpg\" alt=\"American Bar Association\" width=\"300\" height=\"300\" \/><\/a>Mark Alcott, ABA Representative to Ä¢¹½ÊÓÆµ<\/em>\r\n\r\n<em>Visiting Presidents and Members of Foreign Bar Associations<\/em>\r\n\r\n<em>Distinguished guests\r\nLadies and Gentlemen,<\/em>\r\n\r\nI acknowledge the honour of being asked to speak at the Annual Meeting of the American Bar Association, and I thank the President of the American Bar Association and the other organizers of today\u2019s event for the invitation.\r\n\r\nÄ¢¹½ÊÓÆµ is a house that from its outset has been steeped in the influence of international legal professionals \u2013 whether on diplomatic delegations, within the staffing cohort, or amongst the experts who play such instrumental roles in helping the Ä¢¹½ÊÓÆµ advance the rule of law across the world.\r\n\r\nIndeed, since its establishment in 1945, the promotion of justice and the rule of law has been a golden thread running through the work of the United Nations in pursuit of its three founding pillars \u2013 the maintenance of peace and security, the protection of human rights, and the advancement of development.\r\n\r\nThe logic behind this golden thread is clear.\r\n\r\nFor the 71 peacekeeping operations that have been established since the Ä¢¹½ÊÓÆµ\u2019s foundation, and for the nearly 100,000 peacekeepers currently deployed by the Ä¢¹½ÊÓÆµ across the world, the promotion of the rule of law is at the very heart of their efforts to build and sustain international peace.\r\n\r\nAnd then in the Ä¢¹½ÊÓÆµ\u2019s work to promote and protect human rights everywhere, the ending of discriminatory laws, the promotion of fair and transparent processes, discouraging violations, and fighting impunity is fundamental.\r\n\r\nAnd through \u00a0the Ä¢¹½ÊÓÆµ\u2019s efforts to achieve sustainable development to build effective institutions, lift public trust in government, and ensure equal access to justice, we make our stand for a just, peaceful and prosperous world.\r\n\r\nFor over seven decades now, the United Nations has been at the forefront of global efforts to promote the rule of law across our world.\r\n\r\nThe International Court of Justice \u2013 the principal judicial organ of the Ä¢¹½ÊÓÆµ \u2013 has increasingly become the forum of choice for a growing number of States to peacefully settle their international disputes.\r\n\r\nThe establishment of legal bodies such as the International Criminal Court, the International Criminal Tribunal for Rwanda, and the International Criminal Tribunal for the former Yugoslavia, have been critical steps in the global fight against impunity and for ensuring justice for victims of crimes perpetrated during war.\r\n\r\nMeanwhile, the increasing number of international courts and tribunals focused on specialized areas of law, including human rights, law of the sea, and trade law, point to a growing understanding among Member States of the importance of an international rules-based order.\r\n\r\nFor all of these accomplishments, we are confronted by a conundrum: how to precisely quantify to the global public the importance and the success of each of these achievements.\u00a0 Especially since these achievements belong to humanity as a whole and are seldom celebrated.\r\n\r\nWe ponder how many conflicts have been prevented?\r\n\r\nHow many lives have been saved?\r\n\r\nHow much people have had their sense of hope restored through the acknowledgement of crimes perpetrated against them, and the rendering of international justice?\r\n\r\nFar too often \u2013 as with much of what the United Nations does \u2013 it is the shortcomings and failures that receive widespread attention, with little acknowledgement of achievements, particularly in averting even graver tragedies.\r\n\r\nIndeed, in our current global landscape, characterized by an unprecedented pace of change, and the fears that arise in times of great uncertainty, we are seeing in some parts of the world an instinct to withdraw from international engagement and to revert to nationalistic tendencies.\u00a0 That tendency even extends to a questioning of the importance of the rule of law, both within national boundaries and at international levels.\r\n\r\nIn a world facing complex global security challenges, including the worst humanitarian and refugee crisis since World War II, shifting global dynamics, unprecedented technological advancement and population growth, widening inequality, climate change, and large-scale environmental degradation, the importance of international law becomes greatly elevated.\u00a0 That point cannot be overstated.\r\n\r\nThese are the times when more, not less, needs to be done to strengthen the rule of law at national and international levels.\r\n\r\n\u00a0\r\n\r\nI would like to make a further point that emphasizes the role of the United Nations in strengthening the rule of law in these challenging times.\r\n\r\nThe decision by world leaders at the United Nations in September 2015 to adopt the 2030 Agenda for Sustainable Development was a major milestone in our efforts to build a world of sustainable peace and justice.\r\n\r\nBased on the 17 Sustainable Development Goals, the 2030 Agenda seeks to shift humanity\u2019s current trajectory away from its current course towards unsustainability, towards a future that is safe, secure and prosperous for all.\r\n\r\nPremised on the commitment\u00a0 to \u2018leave no one behind\u2019, the SDGs stand to transform our world by breaking the intergenerational cycle of poverty; building peaceful societies; increasing global prosperity; achieving gender equality; protecting our natural environmental, and averting the worst impacts of climate change \u2013 all by 2030.\r\n\r\nCritically, it dedicates our efforts towards the promotion of\u00a0 the rule of law across the world.\r\n\r\nGoal 16 of the 2030 Agenda specifically seeks to <em>\u2018promote peaceful and inclusive societies for sustainable development, provide access to justice for all, and build effective, accountable and inclusive institutions at all levels\u2019<\/em>.\u00a0 Goal 16 is underpinned by specific targets by which to measure success.\r\n\r\nI emphasize that the SDGs are integrated and mutually-reinforcing in nature, and that the 2030 Agenda inherently places peace, human rights, justice, and strong institutions as a fundamental requirement to achieve sustainable development.\u00a0 The Agenda recognizes an international rules-based order as indispensable for achieving a just, peaceful and prosperous world.\r\n\r\nIt is obvious to all, that achieving this reality will require all stakeholders \u2013 Governments at all levels, civil society, the private sector, and grassroots organizations \u2013 to work together in new and innovative ways.\r\n\r\nThe Ocean Conference held here at the Ä¢¹½ÊÓÆµ in June of this year was a prime example of such partnership and innovation in action. With around 6,000 participants from Governments, the Ä¢¹½ÊÓÆµ system, civil society, the scientific community, academia, and the business sector, nearly 1,400 voluntary commitments for action were made in the cause of reversing the cycle of decline in which the Ocean is currently caught.\r\n\r\nIt is in The Ocean Conference\u2019s positive spirit of common purpose, that action must now be taken to build on the inter-linkages between the SDGs. We must pursue cross-cutting actions across the SDGs to strengthen the rule of law, peace and security, human rights, and sustainable development.\r\n\r\nAnd in this regard, I commend the American Bar Association and visiting members of foreign bar associations for your dedicated efforts to strengthen justice systems, to improve governance, and protect human rights across the world.\r\n\r\nIn particular I mention the work being undertaken through the Rule of Law Initiative to promote legal education, improve access to justice, address land and resource governance, fight human trafficking, and support survivors of sexual and gender-based violence.\u00a0 This work is essential not only for promotion of the rule of law, but for achieving peaceful and inclusive societies, and accelerating SDG implementation.\r\n\r\nI encourage you to do all you can to further support this work \u2013 at home and abroad \u2013 as a critical component of sustainable development.\u00a0 With the American Bar Association representing a network of over 400,000 attorneys, you have a huge opportunity to bolster Ä¢¹½ÊÓÆµ efforts in our common aim of advancing the rule of law.\r\n\r\nI encourage you all to continue supporting the development, understanding, and dissemination of international law.\r\n\r\nI encourage you to continue your capacity-building, legal education and training assistance across the world.\r\n\r\nAnd I urge you to assist in the fight against corruption and organized crime, building robust legal frameworks, ensuring equal access to justice, supporting accountable institutions, and promoting inclusive and representative decision-making at all levels.\r\n\r\n<em>Ladies and Gentlemen,<\/em>\r\n\r\nIn our interconnected world, international law shapes our daily lives \u2013 from internet governance and air travel, to international trade and environmental protections.\r\n\r\nWe must continue to work together to build global understanding of international law as an enabler and a pre-requisite of peace, justice and development, and to promote the rule of law everywhere.\r\n\r\nI thank you for your attention.","_et_gb_content_width":"","footnotes":"","_links_to":"","_links_to_target":""},"categories":[73],"tags":[],"class_list":["post-107585","post","type-post","status-publish","format-standard","has-post-thumbnail","hentry","category-newsandupdates-fr","et-has-post-format-content","et_post_format-et-post-format-standard"],"yoast_head":"<!-- This site is optimized with the Yoast SEO plugin v28.3 - https:\/\/yoast.com\/product\/yoast-seo-wordpress\/ -->\n<title>Urbanisation : pour l&#039;ONU, la bataille du d\u00e9veloppement durable \u00ab sera gagn\u00e9e ou perdue \u00bb dans les villes - Assembl\u00e9e g\u00e9n\u00e9rale des Nations Unies<\/title>\n<meta name=\"robots\" content=\"index, follow, max-snippet:-1, max-image-preview:large, max-video-preview:-1\" \/>\n<link rel=\"canonical\" href=\"https:\/\/www.un.org\/pga\/72\/fr\/2017\/09\/05\/urbanisation-villes-developpement-durable\/\" \/>\n<meta property=\"og:locale\" content=\"fr_FR\" \/>\n<meta property=\"og:type\" content=\"article\" \/>\n<meta property=\"og:title\" content=\"Urbanisation : pour l&#039;ONU, la bataille du d\u00e9veloppement durable \u00ab sera gagn\u00e9e ou perdue \u00bb dans les villes - Assembl\u00e9e g\u00e9n\u00e9rale des Nations Unies\" \/>\n<meta property=\"og:description\" content=\"A l&#039;ouverture d&#039;une r\u00e9union de l&#039;Assembl\u00e9e g\u00e9n\u00e9rale des Nations Unies consacr\u00e9e \u00e0 la nouvelle approche de l&#039;ONU pour l&#039;urbanisation rapide monde, la Vice-Secr\u00e9taire g\u00e9n\u00e9rale, Amina J. Mohamed, a affirm\u00e9 mardi que le travail de l&#039;Organisation dans les zones urbaines doit \u00eatre revigor\u00e9.\" \/>\n<meta property=\"og:url\" content=\"https:\/\/www.un.org\/pga\/72\/fr\/2017\/09\/05\/urbanisation-villes-developpement-durable\/\" \/>\n<meta property=\"og:site_name\" content=\"Assembl\u00e9e g\u00e9n\u00e9rale des Nations Unies\" \/>\n<meta property=\"article:published_time\" content=\"2017-09-05T21:54:47+00:00\" \/>\n<meta property=\"article:modified_time\" content=\"2017-11-03T21:26:34+00:00\" \/>\n<meta property=\"og:image\" content=\"https:\/\/www.un.org\/pga\/wp-content\/uploads\/sites\/51\/2017\/08\/Colombia_Bogota_WB_2016.jpg\" \/>\n\t<meta property=\"og:image:width\" content=\"1024\" \/>\n\t<meta property=\"og:image:height\" content=\"683\" \/>\n\t<meta property=\"og:image:type\" content=\"image\/jpeg\" \/>\n<meta name=\"author\" content=\"Matthew Stockton\" \/>\n<meta name=\"twitter:card\" content=\"summary_large_image\" \/>\n<meta name=\"twitter:label1\" content=\"\u00c9crit par\" \/>\n\t<meta name=\"twitter:data1\" content=\"Matthew Stockton\" \/>\n\t<meta name=\"twitter:label2\" content=\"Dur\u00e9e de lecture estim\u00e9e\" \/>\n\t<meta name=\"twitter:data2\" content=\"4 minutes\" \/>\n<script type=\"application\/ld+json\" class=\"yoast-schema-graph\">{\"@context\":\"https:\\\/\\\/schema.org\",\"@graph\":[{\"@type\":\"Article\",\"@id\":\"https:\\\/\\\/www.un.org\\\/pga\\\/72\\\/fr\\\/2017\\\/09\\\/05\\\/urbanisation-villes-developpement-durable\\\/#article\",\"isPartOf\":{\"@id\":\"https:\\\/\\\/www.un.org\\\/pga\\\/72\\\/fr\\\/2017\\\/09\\\/05\\\/urbanisation-villes-developpement-durable\\\/\"},\"author\":{\"name\":\"Matthew Stockton\",\"@id\":\"https:\\\/\\\/www.un.org\\\/pga\\\/72\\\/#\\\/schema\\\/person\\\/3ed8463364bfb1cb48762bbd288c2a8e\"},\"headline\":\"Urbanisation : pour l&rsquo;ONU, la bataille du d\u00e9veloppement durable \u00ab sera gagn\u00e9e ou perdue \u00bb dans les villes\",\"datePublished\":\"2017-09-05T21:54:47+00:00\",\"dateModified\":\"2017-11-03T21:26:34+00:00\",\"mainEntityOfPage\":{\"@id\":\"https:\\\/\\\/www.un.org\\\/pga\\\/72\\\/fr\\\/2017\\\/09\\\/05\\\/urbanisation-villes-developpement-durable\\\/\"},\"wordCount\":846,\"image\":{\"@id\":\"https:\\\/\\\/www.un.org\\\/pga\\\/72\\\/fr\\\/2017\\\/09\\\/05\\\/urbanisation-villes-developpement-durable\\\/#primaryimage\"},\"thumbnailUrl\":\"https:\\\/\\\/www.un.org\\\/pga\\\/wp-content\\\/uploads\\\/sites\\\/51\\\/2017\\\/08\\\/Colombia_Bogota_WB_2016.jpg\",\"articleSection\":[\"News And Updates\"],\"inLanguage\":\"fr-FR\"},{\"@type\":\"WebPage\",\"@id\":\"https:\\\/\\\/www.un.org\\\/pga\\\/72\\\/fr\\\/2017\\\/09\\\/05\\\/urbanisation-villes-developpement-durable\\\/\",\"url\":\"https:\\\/\\\/www.un.org\\\/pga\\\/72\\\/fr\\\/2017\\\/09\\\/05\\\/urbanisation-villes-developpement-durable\\\/\",\"name\":\"Urbanisation : pour l'ONU, la bataille du d\u00e9veloppement durable \u00ab sera gagn\u00e9e ou perdue \u00bb dans les villes - Assembl\u00e9e g\u00e9n\u00e9rale des Nations Unies\",\"isPartOf\":{\"@id\":\"https:\\\/\\\/www.un.org\\\/pga\\\/72\\\/#website\"},\"primaryImageOfPage\":{\"@id\":\"https:\\\/\\\/www.un.org\\\/pga\\\/72\\\/fr\\\/2017\\\/09\\\/05\\\/urbanisation-villes-developpement-durable\\\/#primaryimage\"},\"image\":{\"@id\":\"https:\\\/\\\/www.un.org\\\/pga\\\/72\\\/fr\\\/2017\\\/09\\\/05\\\/urbanisation-villes-developpement-durable\\\/#primaryimage\"},\"thumbnailUrl\":\"https:\\\/\\\/www.un.org\\\/pga\\\/wp-content\\\/uploads\\\/sites\\\/51\\\/2017\\\/08\\\/Colombia_Bogota_WB_2016.jpg\",\"datePublished\":\"2017-09-05T21:54:47+00:00\",\"dateModified\":\"2017-11-03T21:26:34+00:00\",\"author\":{\"@id\":\"https:\\\/\\\/www.un.org\\\/pga\\\/72\\\/#\\\/schema\\\/person\\\/3ed8463364bfb1cb48762bbd288c2a8e\"},\"breadcrumb\":{\"@id\":\"https:\\\/\\\/www.un.org\\\/pga\\\/72\\\/fr\\\/2017\\\/09\\\/05\\\/urbanisation-villes-developpement-durable\\\/#breadcrumb\"},\"inLanguage\":\"fr-FR\",\"potentialAction\":[{\"@type\":\"ReadAction\",\"target\":[\"https:\\\/\\\/www.un.org\\\/pga\\\/72\\\/fr\\\/2017\\\/09\\\/05\\\/urbanisation-villes-developpement-durable\\\/\"]}]},{\"@type\":\"ImageObject\",\"inLanguage\":\"fr-FR\",\"@id\":\"https:\\\/\\\/www.un.org\\\/pga\\\/72\\\/fr\\\/2017\\\/09\\\/05\\\/urbanisation-villes-developpement-durable\\\/#primaryimage\",\"url\":\"https:\\\/\\\/www.un.org\\\/pga\\\/wp-content\\\/uploads\\\/sites\\\/51\\\/2017\\\/08\\\/Colombia_Bogota_WB_2016.jpg\",\"contentUrl\":\"https:\\\/\\\/www.un.org\\\/pga\\\/wp-content\\\/uploads\\\/sites\\\/51\\\/2017\\\/08\\\/Colombia_Bogota_WB_2016.jpg\",\"width\":1024,\"height\":683},{\"@type\":\"BreadcrumbList\",\"@id\":\"https:\\\/\\\/www.un.org\\\/pga\\\/72\\\/fr\\\/2017\\\/09\\\/05\\\/urbanisation-villes-developpement-durable\\\/#breadcrumb\",\"itemListElement\":[{\"@type\":\"ListItem\",\"position\":1,\"name\":\"Home\",\"item\":\"https:\\\/\\\/www.un.org\\\/pga\\\/72\\\/fr\\\/\"},{\"@type\":\"ListItem\",\"position\":2,\"name\":\"Urbanisation : pour l&#8217;ONU, la bataille du d\u00e9veloppement durable \u00ab sera gagn\u00e9e ou perdue \u00bb dans les villes\"}]},{\"@type\":\"WebSite\",\"@id\":\"https:\\\/\\\/www.un.org\\\/pga\\\/72\\\/#website\",\"url\":\"https:\\\/\\\/www.un.org\\\/pga\\\/72\\\/\",\"name\":\"Assembl\u00e9e g\u00e9n\u00e9rale des Nations Unies\",\"description\":\"Pr\u00e9sident de la 72e session\",\"potentialAction\":[{\"@type\":\"SearchAction\",\"target\":{\"@type\":\"EntryPoint\",\"urlTemplate\":\"https:\\\/\\\/www.un.org\\\/pga\\\/72\\\/?s={search_term_string}\"},\"query-input\":{\"@type\":\"PropertyValueSpecification\",\"valueRequired\":true,\"valueName\":\"search_term_string\"}}],\"inLanguage\":\"fr-FR\"},{\"@type\":\"Person\",\"@id\":\"https:\\\/\\\/www.un.org\\\/pga\\\/72\\\/#\\\/schema\\\/person\\\/3ed8463364bfb1cb48762bbd288c2a8e\",\"name\":\"Matthew Stockton\",\"image\":{\"@type\":\"ImageObject\",\"inLanguage\":\"fr-FR\",\"@id\":\"https:\\\/\\\/secure.gravatar.com\\\/avatar\\\/30c513a776b68642ba56b4ad75b94ed36b8a6c652f92aa2cb3b2641d5b96117a?s=96&d=mm&r=g\",\"url\":\"https:\\\/\\\/secure.gravatar.com\\\/avatar\\\/30c513a776b68642ba56b4ad75b94ed36b8a6c652f92aa2cb3b2641d5b96117a?s=96&d=mm&r=g\",\"contentUrl\":\"https:\\\/\\\/secure.gravatar.com\\\/avatar\\\/30c513a776b68642ba56b4ad75b94ed36b8a6c652f92aa2cb3b2641d5b96117a?s=96&d=mm&r=g\",\"caption\":\"Matthew Stockton\"},\"url\":\"https:\\\/\\\/www.un.org\\\/pga\\\/72\\\/fr\\\/author\\\/stocktonmun-org\\\/\"}]}<\/script>\n<!-- \/ Yoast SEO plugin. -->","yoast_head_json":{"title":"Urbanisation : pour l'ONU, la bataille du d\u00e9veloppement durable \u00ab sera gagn\u00e9e ou perdue \u00bb dans les villes - Assembl\u00e9e g\u00e9n\u00e9rale des Nations Unies","robots":{"index":"index","follow":"follow","max-snippet":"max-snippet:-1","max-image-preview":"max-image-preview:large","max-video-preview":"max-video-preview:-1"},"canonical":"https:\/\/www.un.org\/pga\/72\/fr\/2017\/09\/05\/urbanisation-villes-developpement-durable\/","og_locale":"fr_FR","og_type":"article","og_title":"Urbanisation : pour l'ONU, la bataille du d\u00e9veloppement durable \u00ab sera gagn\u00e9e ou perdue \u00bb dans les villes - Assembl\u00e9e g\u00e9n\u00e9rale des Nations Unies","og_description":"A l'ouverture d'une r\u00e9union de l'Assembl\u00e9e g\u00e9n\u00e9rale des Nations Unies consacr\u00e9e \u00e0 la nouvelle approche de l'ONU pour l'urbanisation rapide monde, la Vice-Secr\u00e9taire g\u00e9n\u00e9rale, Amina J. Mohamed, a affirm\u00e9 mardi que le travail de l'Organisation dans les zones urbaines doit \u00eatre revigor\u00e9.","og_url":"https:\/\/www.un.org\/pga\/72\/fr\/2017\/09\/05\/urbanisation-villes-developpement-durable\/","og_site_name":"Assembl\u00e9e g\u00e9n\u00e9rale des Nations Unies","article_published_time":"2017-09-05T21:54:47+00:00","article_modified_time":"2017-11-03T21:26:34+00:00","og_image":[{"width":1024,"height":683,"url":"https:\/\/www.un.org\/pga\/wp-content\/uploads\/sites\/51\/2017\/08\/Colombia_Bogota_WB_2016.jpg","type":"image\/jpeg"}],"author":"Matthew Stockton","twitter_card":"summary_large_image","twitter_misc":{"\u00c9crit par":"Matthew Stockton","Dur\u00e9e de lecture estim\u00e9e":"4 minutes"},"schema":{"@context":"https:\/\/schema.org","@graph":[{"@type":"Article","@id":"https:\/\/www.un.org\/pga\/72\/fr\/2017\/09\/05\/urbanisation-villes-developpement-durable\/#article","isPartOf":{"@id":"https:\/\/www.un.org\/pga\/72\/fr\/2017\/09\/05\/urbanisation-villes-developpement-durable\/"},"author":{"name":"Matthew Stockton","@id":"https:\/\/www.un.org\/pga\/72\/#\/schema\/person\/3ed8463364bfb1cb48762bbd288c2a8e"},"headline":"Urbanisation : pour l&rsquo;ONU, la bataille du d\u00e9veloppement durable \u00ab sera gagn\u00e9e ou perdue \u00bb dans les villes","datePublished":"2017-09-05T21:54:47+00:00","dateModified":"2017-11-03T21:26:34+00:00","mainEntityOfPage":{"@id":"https:\/\/www.un.org\/pga\/72\/fr\/2017\/09\/05\/urbanisation-villes-developpement-durable\/"},"wordCount":846,"image":{"@id":"https:\/\/www.un.org\/pga\/72\/fr\/2017\/09\/05\/urbanisation-villes-developpement-durable\/#primaryimage"},"thumbnailUrl":"https:\/\/www.un.org\/pga\/wp-content\/uploads\/sites\/51\/2017\/08\/Colombia_Bogota_WB_2016.jpg","articleSection":["News And Updates"],"inLanguage":"fr-FR"},{"@type":"WebPage","@id":"https:\/\/www.un.org\/pga\/72\/fr\/2017\/09\/05\/urbanisation-villes-developpement-durable\/","url":"https:\/\/www.un.org\/pga\/72\/fr\/2017\/09\/05\/urbanisation-villes-developpement-durable\/","name":"Urbanisation : pour l'ONU, la bataille du d\u00e9veloppement durable \u00ab sera gagn\u00e9e ou perdue \u00bb dans les villes - Assembl\u00e9e g\u00e9n\u00e9rale des Nations Unies","isPartOf":{"@id":"https:\/\/www.un.org\/pga\/72\/#website"},"primaryImageOfPage":{"@id":"https:\/\/www.un.org\/pga\/72\/fr\/2017\/09\/05\/urbanisation-villes-developpement-durable\/#primaryimage"},"image":{"@id":"https:\/\/www.un.org\/pga\/72\/fr\/2017\/09\/05\/urbanisation-villes-developpement-durable\/#primaryimage"},"thumbnailUrl":"https:\/\/www.un.org\/pga\/wp-content\/uploads\/sites\/51\/2017\/08\/Colombia_Bogota_WB_2016.jpg","datePublished":"2017-09-05T21:54:47+00:00","dateModified":"2017-11-03T21:26:34+00:00","author":{"@id":"https:\/\/www.un.org\/pga\/72\/#\/schema\/person\/3ed8463364bfb1cb48762bbd288c2a8e"},"breadcrumb":{"@id":"https:\/\/www.un.org\/pga\/72\/fr\/2017\/09\/05\/urbanisation-villes-developpement-durable\/#breadcrumb"},"inLanguage":"fr-FR","potentialAction":[{"@type":"ReadAction","target":["https:\/\/www.un.org\/pga\/72\/fr\/2017\/09\/05\/urbanisation-villes-developpement-durable\/"]}]},{"@type":"ImageObject","inLanguage":"fr-FR","@id":"https:\/\/www.un.org\/pga\/72\/fr\/2017\/09\/05\/urbanisation-villes-developpement-durable\/#primaryimage","url":"https:\/\/www.un.org\/pga\/wp-content\/uploads\/sites\/51\/2017\/08\/Colombia_Bogota_WB_2016.jpg","contentUrl":"https:\/\/www.un.org\/pga\/wp-content\/uploads\/sites\/51\/2017\/08\/Colombia_Bogota_WB_2016.jpg","width":1024,"height":683},{"@type":"BreadcrumbList","@id":"https:\/\/www.un.org\/pga\/72\/fr\/2017\/09\/05\/urbanisation-villes-developpement-durable\/#breadcrumb","itemListElement":[{"@type":"ListItem","position":1,"name":"Home","item":"https:\/\/www.un.org\/pga\/72\/fr\/"},{"@type":"ListItem","position":2,"name":"Urbanisation : pour l&#8217;ONU, la bataille du d\u00e9veloppement durable \u00ab sera gagn\u00e9e ou perdue \u00bb dans les villes"}]},{"@type":"WebSite","@id":"https:\/\/www.un.org\/pga\/72\/#website","url":"https:\/\/www.un.org\/pga\/72\/","name":"Assembl\u00e9e g\u00e9n\u00e9rale des Nations Unies","description":"Pr\u00e9sident de la 72e session","potentialAction":[{"@type":"SearchAction","target":{"@type":"EntryPoint","urlTemplate":"https:\/\/www.un.org\/pga\/72\/?s={search_term_string}"},"query-input":{"@type":"PropertyValueSpecification","valueRequired":true,"valueName":"search_term_string"}}],"inLanguage":"fr-FR"},{"@type":"Person","@id":"https:\/\/www.un.org\/pga\/72\/#\/schema\/person\/3ed8463364bfb1cb48762bbd288c2a8e","name":"Matthew Stockton","image":{"@type":"ImageObject","inLanguage":"fr-FR","@id":"https:\/\/secure.gravatar.com\/avatar\/30c513a776b68642ba56b4ad75b94ed36b8a6c652f92aa2cb3b2641d5b96117a?s=96&d=mm&r=g","url":"https:\/\/secure.gravatar.com\/avatar\/30c513a776b68642ba56b4ad75b94ed36b8a6c652f92aa2cb3b2641d5b96117a?s=96&d=mm&r=g","contentUrl":"https:\/\/secure.gravatar.com\/avatar\/30c513a776b68642ba56b4ad75b94ed36b8a6c652f92aa2cb3b2641d5b96117a?s=96&d=mm&r=g","caption":"Matthew Stockton"},"url":"https:\/\/www.un.org\/pga\/72\/fr\/author\/stocktonmun-org\/"}]}},"_links":{"self":[{"href":"https:\/\/www.un.org\/pga\/72\/fr\/wp-json\/wp\/v2\/posts\/107585","targetHints":{"allow":["GET"]}}],"collection":[{"href":"https:\/\/www.un.org\/pga\/72\/fr\/wp-json\/wp\/v2\/posts"}],"about":[{"href":"https:\/\/www.un.org\/pga\/72\/fr\/wp-json\/wp\/v2\/types\/post"}],"author":[{"embeddable":true,"href":"https:\/\/www.un.org\/pga\/72\/fr\/wp-json\/wp\/v2\/users\/375"}],"replies":[{"embeddable":true,"href":"https:\/\/www.un.org\/pga\/72\/fr\/wp-json\/wp\/v2\/comments?post=107585"}],"version-history":[{"count":0,"href":"https:\/\/www.un.org\/pga\/72\/fr\/wp-json\/wp\/v2\/posts\/107585\/revisions"}],"wp:featuredmedia":[{"embeddable":true,"href":"https:\/\/www.un.org\/pga\/72\/fr\/wp-json\/wp\/v2\/media\/114213"}],"wp:attachment":[{"href":"https:\/\/www.un.org\/pga\/72\/fr\/wp-json\/wp\/v2\/media?parent=107585"}],"wp:term":[{"taxonomy":"category","embeddable":true,"href":"https:\/\/www.un.org\/pga\/72\/fr\/wp-json\/wp\/v2\/categories?post=107585"},{"taxonomy":"post_tag","embeddable":true,"href":"https:\/\/www.un.org\/pga\/72\/fr\/wp-json\/wp\/v2\/tags?post=107585"}],"curies":[{"name":"wp","href":"https:\/\/api.w.org\/{rel}","templated":true}]}}