  {"id":113701,"date":"2017-09-07T11:33:58","date_gmt":"2017-09-07T15:33:58","guid":{"rendered":"http:\/\/www.un.org\/pga\/72\/?p=113701\/"},"modified":"2017-11-03T17:26:56","modified_gmt":"2017-11-03T21:26:56","slug":"forum-education-culture-of-peace","status":"publish","type":"post","link":"https:\/\/www.un.org\/pga\/72\/fr\/2017\/09\/07\/forum-education-culture-of-peace\/","title":{"rendered":"A un forum de haut niveau, l&rsquo;ONU souligne l&rsquo;importance de l&rsquo;\u00e9ducation dans la construction d&rsquo;une culture de la paix"},"content":{"rendered":"<p>[et_pb_section bb_built=\u00a0\u00bb1&Prime;][et_pb_row][et_pb_column type=\u00a0\u00bb4_4&Prime;][et_pb_text _builder_version=\u00a0\u00bb3.0.69&Prime; background_layout=\u00a0\u00bblight\u00a0\u00bb text_orientation=\u00a0\u00bbleft\u00a0\u00bb border_style=\u00a0\u00bbsolid\u00a0\u00bb]<\/p>\n<h4>A un forum de haut niveau, l&rsquo;ONU souligne l&rsquo;importance de l&rsquo;\u00e9ducation dans la construction d&rsquo;une culture de la paix<\/h4>\n<div id=\"attachment_61890\" style=\"width: 310px\" class=\"wp-caption alignleft\"><img loading=\"lazy\" decoding=\"async\" aria-describedby=\"caption-attachment-61890\" class=\"wp-image-61890 size-medium\" src=\"http:\/\/static.un.org\/News\/dh\/photos\/large\/2017\/September\/09-08-OCHA-Kenya.jpg\" alt=\"Des enfants qui ne vont pas l\u2019\u00e9cole dans un village au Kenya.\" width=\"300\" height=\"184\"><p id=\"caption-attachment-61890\" class=\"wp-caption-text\">Photo OCHA\/Rita Maingi<\/p><\/div>\n<p>7 septembre 2017 \u2013 L&rsquo;\u00e9ducation peut promouvoir les id\u00e9aux de non-violence, d&rsquo;\u00e9galit\u00e9 et de respect mutuel, ont d\u00e9clar\u00e9 jeudi des responsables des Nations Unies lors d&rsquo;un forum de haut niveau sur la fa\u00e7on d&rsquo;atteindre une culture de la paix face aux d\u00e9fis actuels et aux menaces qui p\u00e8sent sur la stabilit\u00e9, la prosp\u00e9rit\u00e9 et la plan\u00e8te.<\/p>\n<p>\u00ab Nous devons enseigner \u00e0 nos enfants les valeurs de paix, de tol\u00e9rance, d&rsquo;\u00e9galit\u00e9 et de respect. Ils ne devraient pas se faire d&rsquo;illusion sur le caract\u00e8re suicidaire de l&rsquo;alternative \u00bb, a dit le Pr\u00e9sident de l&rsquo;Assembl\u00e9e g\u00e9n\u00e9rale des Nations Unies, Peter Thomson, qui a organis\u00e9 ce forum \u00e0 New York avec un accent mis sur le d\u00e9veloppement de la petite enfance.<\/p>\n<p>\u00ab Nous devons leur permettre d&rsquo;acqu\u00e9rir les comp\u00e9tences et l&rsquo;\u00e9ducation dont ils ont besoin pour r\u00e9soudre pacifiquement les diff\u00e9rends, faire face \u00e0 l&rsquo;injustice et \u00e0 l&rsquo;intol\u00e9rance, et rejeter toutes les formes de discrimination et de haine \u00bb, a-t-il ajout\u00e9.<\/p>\n<p>M. Thomson a not\u00e9 que la cr\u00e9ation de soci\u00e9t\u00e9s pacifiques et justes d\u00e9pend de l&rsquo;\u00e9limination de la pauvret\u00e9, de l&rsquo;accroissement de la prosp\u00e9rit\u00e9 inclusive, de la promotion des droits de l&rsquo;homme, du renforcement de l&rsquo;\u00e9tat de droit et de la cr\u00e9ation d&rsquo;institutions efficaces et responsables.<\/p>\n<p>L&rsquo;\u00e9v\u00e9nement a r\u00e9uni des repr\u00e9sentants des \u00c9tats membres des Nations Unies, des entit\u00e9s du syst\u00e8me des Nations Unies, de la soci\u00e9t\u00e9 civile, des m\u00e9dias, du secteur priv\u00e9 et d&rsquo;autres personnes int\u00e9ress\u00e9es \u00e0 \u00e9changer des id\u00e9es et des suggestions sur les moyens de construire et promouvoir une culture de la paix.<\/p>\n<p>Outre l&rsquo;\u00e9ducation de la petite enfance et les investissements dans les enfants, le Secr\u00e9taire g\u00e9n\u00e9ral de l&rsquo;ONU, Ant\u00f3nio Guterres, a soulign\u00e9 la n\u00e9cessit\u00e9 d&rsquo;investir dans la jeunesse pour promouvoir la paix mondiale.<\/p>\n<p>Il a estim\u00e9 que les jeunes hommes et les jeunes femmes \u00e9taient \u00ab le barom\u00e8tre du m\u00e9contentement social, de la marginalisation \u00e9conomique et de l&rsquo;exclusion politique \u00bb et qu&rsquo;ils devaient \u00eatre reconnus comme des agents actifs du changement et des garants de la paix.<\/p>\n<p>Dans un discours prononc\u00e9 par sa Conseill\u00e8re principale sur les questions politiques, Ana Mar\u00eda Men\u00e9ndez, le Secr\u00e9taire g\u00e9n\u00e9ral a \u00e9galement reconnu les contributions et la participation des femmes aux efforts de paix \u00e0 long terme. Il a d\u00e9clar\u00e9 qu&rsquo;une participation significative des femmes g\u00e9n\u00e8re une perspective diff\u00e9rente dans la r\u00e9solution des probl\u00e8mes et doit \u00eatre soutenue dans tous les aspects de la vie.<\/p>\n<p>M. Guterres a \u00e9galement soulign\u00e9 l&rsquo;importance d&rsquo;investir dans l&rsquo;inclusion et la coh\u00e9sion, de sorte que la diversit\u00e9 soit consid\u00e9r\u00e9e comme un avantage et non comme une menace.<\/p>\n<p><a href=\"http:\/\/www.un.org\/french\/newscentre\/\">Source : ONU Info<\/a><\/p>\n<p>[\/et_pb_text][\/et_pb_column][\/et_pb_row][\/et_pb_section]<\/p>\n","protected":false},"excerpt":{"rendered":"<p>L&rsquo;\u00e9ducation peut promouvoir les id\u00e9aux de non-violence, d&rsquo;\u00e9galit\u00e9 et de respect mutuel, ont d\u00e9clar\u00e9 jeudi des responsables des Nations Unies lors d&rsquo;un forum de haut niveau sur la fa\u00e7on d&rsquo;atteindre une culture de la paix face aux d\u00e9fis actuels et aux menaces qui p\u00e8sent sur la stabilit\u00e9, la prosp\u00e9rit\u00e9 et la plan\u00e8te.<\/p>\n","protected":false},"author":210,"featured_media":114249,"comment_status":"closed","ping_status":"closed","sticky":false,"template":"","format":"standard","meta":{"_et_pb_use_builder":"on","_et_pb_old_content":"<h4>Opening statement by H.E. Mr Mogens Lykketoft, President of the 70<sup>th<\/sup> session of the General Assembly, at\u00a0<strong>International Youth Skills Day: \u201cSkills Development to Improve Youth Employment\u201d<\/strong><\/h4>\r\n[caption id=\"attachment_61890\" align=\"alignleft\" width=\"300\"]<img class=\"wp-image-61890 size-medium\" src=\"http:\/\/wss5.un.org\/pga\/www-2development\/wp-content\/uploads\/sites\/51\/2016\/07\/youth-skill-day_1-300x184.png\" alt=\"Opening of youth skills day\" width=\"300\" height=\"184\" \/> \u00a9Carter Mathiasen[\/caption]\r\n\r\nExcellences, ladies and gentlemen, thank you for giving me this opportunity to address you today.\r\n\r\nAlmost a year ago, here in New York, the Member States of the United Nations adopted the 2030 Agenda for sustainable development.\r\n\r\nOne of the moments of the summit that stands out most clearly in my mind was when Malala Yousafzai peered down from the balcony in the General Assembly hall and said:\r\n\r\n\u201cLeaders of the world - look up because the future generation is raising their voice\u201d.\r\n\r\nAnd this is what the 2030 Agenda is all about \u2013 transforming our world for future generations and leaving no one behind.\r\n\r\nWith the largest youth population ever, with 73.4 million young people unemployed globally in 2015, and with young women more likely to be underemployed and under-paid, the task ahead is immense.\r\n\r\nFar too often, the incredible potential in the world\u2019s youth population is wasted by extreme poverty, discrimination or lack of skills and information.\r\n\r\nSkills development is a primary means of enabling young people to make a smooth transition to work.\r\n\r\nEducation and training can make the difference for youth between poverty and employment.\r\n\r\nWith the 2030 Agenda and especially SDG target 4.4, all Member States have committed to substantially increase the number of youth and adults who have relevant skills, including technical and vocational skills, for employment, decent jobs and entrepreneurship.\r\n\r\nNow, however, is the time to move from commitment to action.\r\n\r\nThe launch of the first-ever Ä¢¹½ÊÓÆµ system-wide Global Initiative on Decent Jobs for Youth aims to do just that.\r\n\r\nWe need initiatives like this to get the best out of the Ä¢¹½ÊÓÆµ and to make sure that we move on this new agenda both at the local, national, regional and global levels.\r\n\r\nIn the end, it is of course national governments that have the main responsibility of implementing the 2030 Agenda.\r\n\r\nBut as has been said time and again, the transformation this Agenda demands, cannot be done by governments alone.\r\n\r\nThey will need the support, encouragement and push from all stakeholders and they will need the energy and the ideals of young people in particular.\r\n\r\nI therefore encourage all young people to get involved, play your part, help us create a better future for all \u2013 for people and for planet alike.\r\n\r\nThank you.","_et_gb_content_width":"","footnotes":"","_links_to":"","_links_to_target":""},"categories":[73],"tags":[],"class_list":["post-113701","post","type-post","status-publish","format-standard","has-post-thumbnail","hentry","category-newsandupdates-fr","et-has-post-format-content","et_post_format-et-post-format-standard"],"yoast_head":"<!-- This site is optimized with the Yoast SEO plugin v28.3 - https:\/\/yoast.com\/product\/yoast-seo-wordpress\/ -->\n<title>A un forum de haut niveau, l&#039;ONU souligne l&#039;importance de l&#039;\u00e9ducation dans la construction d&#039;une culture de la paix - Assembl\u00e9e g\u00e9n\u00e9rale des Nations Unies<\/title>\n<meta name=\"robots\" content=\"index, follow, max-snippet:-1, max-image-preview:large, max-video-preview:-1\" \/>\n<link rel=\"canonical\" href=\"https:\/\/www.un.org\/pga\/72\/fr\/2017\/09\/07\/forum-education-culture-of-peace\/\" \/>\n<meta property=\"og:locale\" content=\"fr_FR\" \/>\n<meta property=\"og:type\" content=\"article\" \/>\n<meta property=\"og:title\" content=\"A un forum de haut niveau, l&#039;ONU souligne l&#039;importance de l&#039;\u00e9ducation dans la construction d&#039;une culture de la paix - Assembl\u00e9e g\u00e9n\u00e9rale des Nations Unies\" \/>\n<meta property=\"og:description\" content=\"L&#039;\u00e9ducation peut promouvoir les id\u00e9aux de non-violence, d&#039;\u00e9galit\u00e9 et de respect mutuel, ont d\u00e9clar\u00e9 jeudi des responsables des Nations Unies lors d&#039;un forum de haut niveau sur la fa\u00e7on d&#039;atteindre une culture de la paix face aux d\u00e9fis actuels et aux menaces qui p\u00e8sent sur la stabilit\u00e9, la prosp\u00e9rit\u00e9 et la plan\u00e8te.\" \/>\n<meta property=\"og:url\" content=\"https:\/\/www.un.org\/pga\/72\/fr\/2017\/09\/07\/forum-education-culture-of-peace\/\" \/>\n<meta property=\"og:site_name\" content=\"Assembl\u00e9e g\u00e9n\u00e9rale des Nations Unies\" \/>\n<meta property=\"article:published_time\" content=\"2017-09-07T15:33:58+00:00\" \/>\n<meta property=\"article:modified_time\" content=\"2017-11-03T21:26:56+00:00\" \/>\n<meta property=\"og:image\" content=\"https:\/\/www.un.org\/pga\/wp-content\/uploads\/sites\/51\/2017\/09\/09-08-OCHA-Kenya.jpg\" \/>\n\t<meta property=\"og:image:width\" content=\"1024\" \/>\n\t<meta property=\"og:image:height\" content=\"682\" \/>\n\t<meta property=\"og:image:type\" content=\"image\/jpeg\" \/>\n<meta name=\"author\" content=\"Sophie Farigoul\" \/>\n<meta name=\"twitter:card\" content=\"summary_large_image\" \/>\n<meta name=\"twitter:label1\" content=\"\u00c9crit par\" \/>\n\t<meta name=\"twitter:data1\" content=\"Sophie Farigoul\" \/>\n\t<meta name=\"twitter:label2\" content=\"Dur\u00e9e de lecture estim\u00e9e\" \/>\n\t<meta name=\"twitter:data2\" content=\"3 minutes\" \/>\n<script type=\"application\/ld+json\" class=\"yoast-schema-graph\">{\"@context\":\"https:\\\/\\\/schema.org\",\"@graph\":[{\"@type\":\"Article\",\"@id\":\"https:\\\/\\\/www.un.org\\\/pga\\\/72\\\/fr\\\/2017\\\/09\\\/07\\\/forum-education-culture-of-peace\\\/#article\",\"isPartOf\":{\"@id\":\"https:\\\/\\\/www.un.org\\\/pga\\\/72\\\/fr\\\/2017\\\/09\\\/07\\\/forum-education-culture-of-peace\\\/\"},\"author\":{\"name\":\"Sophie Farigoul\",\"@id\":\"https:\\\/\\\/www.un.org\\\/pga\\\/72\\\/#\\\/schema\\\/person\\\/a8ead7780726e582c2b9afb7daa2d930\"},\"headline\":\"A un forum de haut niveau, l&rsquo;ONU souligne l&rsquo;importance de l&rsquo;\u00e9ducation dans la construction d&rsquo;une culture de la paix\",\"datePublished\":\"2017-09-07T15:33:58+00:00\",\"dateModified\":\"2017-11-03T21:26:56+00:00\",\"mainEntityOfPage\":{\"@id\":\"https:\\\/\\\/www.un.org\\\/pga\\\/72\\\/fr\\\/2017\\\/09\\\/07\\\/forum-education-culture-of-peace\\\/\"},\"wordCount\":586,\"image\":{\"@id\":\"https:\\\/\\\/www.un.org\\\/pga\\\/72\\\/fr\\\/2017\\\/09\\\/07\\\/forum-education-culture-of-peace\\\/#primaryimage\"},\"thumbnailUrl\":\"https:\\\/\\\/www.un.org\\\/pga\\\/wp-content\\\/uploads\\\/sites\\\/51\\\/2017\\\/09\\\/09-08-OCHA-Kenya.jpg\",\"articleSection\":[\"News And Updates\"],\"inLanguage\":\"fr-FR\"},{\"@type\":\"WebPage\",\"@id\":\"https:\\\/\\\/www.un.org\\\/pga\\\/72\\\/fr\\\/2017\\\/09\\\/07\\\/forum-education-culture-of-peace\\\/\",\"url\":\"https:\\\/\\\/www.un.org\\\/pga\\\/72\\\/fr\\\/2017\\\/09\\\/07\\\/forum-education-culture-of-peace\\\/\",\"name\":\"A un forum de haut niveau, l'ONU souligne l'importance de l'\u00e9ducation dans la construction d'une culture de la paix - Assembl\u00e9e g\u00e9n\u00e9rale des Nations Unies\",\"isPartOf\":{\"@id\":\"https:\\\/\\\/www.un.org\\\/pga\\\/72\\\/#website\"},\"primaryImageOfPage\":{\"@id\":\"https:\\\/\\\/www.un.org\\\/pga\\\/72\\\/fr\\\/2017\\\/09\\\/07\\\/forum-education-culture-of-peace\\\/#primaryimage\"},\"image\":{\"@id\":\"https:\\\/\\\/www.un.org\\\/pga\\\/72\\\/fr\\\/2017\\\/09\\\/07\\\/forum-education-culture-of-peace\\\/#primaryimage\"},\"thumbnailUrl\":\"https:\\\/\\\/www.un.org\\\/pga\\\/wp-content\\\/uploads\\\/sites\\\/51\\\/2017\\\/09\\\/09-08-OCHA-Kenya.jpg\",\"datePublished\":\"2017-09-07T15:33:58+00:00\",\"dateModified\":\"2017-11-03T21:26:56+00:00\",\"author\":{\"@id\":\"https:\\\/\\\/www.un.org\\\/pga\\\/72\\\/#\\\/schema\\\/person\\\/a8ead7780726e582c2b9afb7daa2d930\"},\"breadcrumb\":{\"@id\":\"https:\\\/\\\/www.un.org\\\/pga\\\/72\\\/fr\\\/2017\\\/09\\\/07\\\/forum-education-culture-of-peace\\\/#breadcrumb\"},\"inLanguage\":\"fr-FR\",\"potentialAction\":[{\"@type\":\"ReadAction\",\"target\":[\"https:\\\/\\\/www.un.org\\\/pga\\\/72\\\/fr\\\/2017\\\/09\\\/07\\\/forum-education-culture-of-peace\\\/\"]}]},{\"@type\":\"ImageObject\",\"inLanguage\":\"fr-FR\",\"@id\":\"https:\\\/\\\/www.un.org\\\/pga\\\/72\\\/fr\\\/2017\\\/09\\\/07\\\/forum-education-culture-of-peace\\\/#primaryimage\",\"url\":\"https:\\\/\\\/www.un.org\\\/pga\\\/wp-content\\\/uploads\\\/sites\\\/51\\\/2017\\\/09\\\/09-08-OCHA-Kenya.jpg\",\"contentUrl\":\"https:\\\/\\\/www.un.org\\\/pga\\\/wp-content\\\/uploads\\\/sites\\\/51\\\/2017\\\/09\\\/09-08-OCHA-Kenya.jpg\",\"width\":1024,\"height\":682,\"caption\":\"Des enfants qui ne vont pas l\u2019\u00e9cole dans un village au Kenya.\"},{\"@type\":\"BreadcrumbList\",\"@id\":\"https:\\\/\\\/www.un.org\\\/pga\\\/72\\\/fr\\\/2017\\\/09\\\/07\\\/forum-education-culture-of-peace\\\/#breadcrumb\",\"itemListElement\":[{\"@type\":\"ListItem\",\"position\":1,\"name\":\"Home\",\"item\":\"https:\\\/\\\/www.un.org\\\/pga\\\/72\\\/fr\\\/\"},{\"@type\":\"ListItem\",\"position\":2,\"name\":\"A un forum de haut niveau, l&#8217;ONU souligne l&#8217;importance de l&#8217;\u00e9ducation dans la construction d&#8217;une culture de la paix\"}]},{\"@type\":\"WebSite\",\"@id\":\"https:\\\/\\\/www.un.org\\\/pga\\\/72\\\/#website\",\"url\":\"https:\\\/\\\/www.un.org\\\/pga\\\/72\\\/\",\"name\":\"Assembl\u00e9e g\u00e9n\u00e9rale des Nations Unies\",\"description\":\"Pr\u00e9sident de la 72e session\",\"potentialAction\":[{\"@type\":\"SearchAction\",\"target\":{\"@type\":\"EntryPoint\",\"urlTemplate\":\"https:\\\/\\\/www.un.org\\\/pga\\\/72\\\/?s={search_term_string}\"},\"query-input\":{\"@type\":\"PropertyValueSpecification\",\"valueRequired\":true,\"valueName\":\"search_term_string\"}}],\"inLanguage\":\"fr-FR\"},{\"@type\":\"Person\",\"@id\":\"https:\\\/\\\/www.un.org\\\/pga\\\/72\\\/#\\\/schema\\\/person\\\/a8ead7780726e582c2b9afb7daa2d930\",\"name\":\"Sophie Farigoul\",\"image\":{\"@type\":\"ImageObject\",\"inLanguage\":\"fr-FR\",\"@id\":\"https:\\\/\\\/secure.gravatar.com\\\/avatar\\\/108bf7056e36e7bc4c0904c6486b1358f9e93fcd7714ef259fc4b7db4d822b40?s=96&d=mm&r=g\",\"url\":\"https:\\\/\\\/secure.gravatar.com\\\/avatar\\\/108bf7056e36e7bc4c0904c6486b1358f9e93fcd7714ef259fc4b7db4d822b40?s=96&d=mm&r=g\",\"contentUrl\":\"https:\\\/\\\/secure.gravatar.com\\\/avatar\\\/108bf7056e36e7bc4c0904c6486b1358f9e93fcd7714ef259fc4b7db4d822b40?s=96&d=mm&r=g\",\"caption\":\"Sophie Farigoul\"},\"url\":\"https:\\\/\\\/www.un.org\\\/pga\\\/72\\\/fr\\\/author\\\/farigoulun-org\\\/\"}]}<\/script>\n<!-- \/ Yoast SEO plugin. -->","yoast_head_json":{"title":"A un forum de haut niveau, l'ONU souligne l'importance de l'\u00e9ducation dans la construction d'une culture de la paix - Assembl\u00e9e g\u00e9n\u00e9rale des Nations Unies","robots":{"index":"index","follow":"follow","max-snippet":"max-snippet:-1","max-image-preview":"max-image-preview:large","max-video-preview":"max-video-preview:-1"},"canonical":"https:\/\/www.un.org\/pga\/72\/fr\/2017\/09\/07\/forum-education-culture-of-peace\/","og_locale":"fr_FR","og_type":"article","og_title":"A un forum de haut niveau, l'ONU souligne l'importance de l'\u00e9ducation dans la construction d'une culture de la paix - Assembl\u00e9e g\u00e9n\u00e9rale des Nations Unies","og_description":"L'\u00e9ducation peut promouvoir les id\u00e9aux de non-violence, d'\u00e9galit\u00e9 et de respect mutuel, ont d\u00e9clar\u00e9 jeudi des responsables des Nations Unies lors d'un forum de haut niveau sur la fa\u00e7on d'atteindre une culture de la paix face aux d\u00e9fis actuels et aux menaces qui p\u00e8sent sur la stabilit\u00e9, la prosp\u00e9rit\u00e9 et la plan\u00e8te.","og_url":"https:\/\/www.un.org\/pga\/72\/fr\/2017\/09\/07\/forum-education-culture-of-peace\/","og_site_name":"Assembl\u00e9e g\u00e9n\u00e9rale des Nations Unies","article_published_time":"2017-09-07T15:33:58+00:00","article_modified_time":"2017-11-03T21:26:56+00:00","og_image":[{"width":1024,"height":682,"url":"https:\/\/www.un.org\/pga\/wp-content\/uploads\/sites\/51\/2017\/09\/09-08-OCHA-Kenya.jpg","type":"image\/jpeg"}],"author":"Sophie Farigoul","twitter_card":"summary_large_image","twitter_misc":{"\u00c9crit par":"Sophie Farigoul","Dur\u00e9e de lecture estim\u00e9e":"3 minutes"},"schema":{"@context":"https:\/\/schema.org","@graph":[{"@type":"Article","@id":"https:\/\/www.un.org\/pga\/72\/fr\/2017\/09\/07\/forum-education-culture-of-peace\/#article","isPartOf":{"@id":"https:\/\/www.un.org\/pga\/72\/fr\/2017\/09\/07\/forum-education-culture-of-peace\/"},"author":{"name":"Sophie Farigoul","@id":"https:\/\/www.un.org\/pga\/72\/#\/schema\/person\/a8ead7780726e582c2b9afb7daa2d930"},"headline":"A un forum de haut niveau, l&rsquo;ONU souligne l&rsquo;importance de l&rsquo;\u00e9ducation dans la construction d&rsquo;une culture de la paix","datePublished":"2017-09-07T15:33:58+00:00","dateModified":"2017-11-03T21:26:56+00:00","mainEntityOfPage":{"@id":"https:\/\/www.un.org\/pga\/72\/fr\/2017\/09\/07\/forum-education-culture-of-peace\/"},"wordCount":586,"image":{"@id":"https:\/\/www.un.org\/pga\/72\/fr\/2017\/09\/07\/forum-education-culture-of-peace\/#primaryimage"},"thumbnailUrl":"https:\/\/www.un.org\/pga\/wp-content\/uploads\/sites\/51\/2017\/09\/09-08-OCHA-Kenya.jpg","articleSection":["News And Updates"],"inLanguage":"fr-FR"},{"@type":"WebPage","@id":"https:\/\/www.un.org\/pga\/72\/fr\/2017\/09\/07\/forum-education-culture-of-peace\/","url":"https:\/\/www.un.org\/pga\/72\/fr\/2017\/09\/07\/forum-education-culture-of-peace\/","name":"A un forum de haut niveau, l'ONU souligne l'importance de l'\u00e9ducation dans la construction d'une culture de la paix - Assembl\u00e9e g\u00e9n\u00e9rale des Nations Unies","isPartOf":{"@id":"https:\/\/www.un.org\/pga\/72\/#website"},"primaryImageOfPage":{"@id":"https:\/\/www.un.org\/pga\/72\/fr\/2017\/09\/07\/forum-education-culture-of-peace\/#primaryimage"},"image":{"@id":"https:\/\/www.un.org\/pga\/72\/fr\/2017\/09\/07\/forum-education-culture-of-peace\/#primaryimage"},"thumbnailUrl":"https:\/\/www.un.org\/pga\/wp-content\/uploads\/sites\/51\/2017\/09\/09-08-OCHA-Kenya.jpg","datePublished":"2017-09-07T15:33:58+00:00","dateModified":"2017-11-03T21:26:56+00:00","author":{"@id":"https:\/\/www.un.org\/pga\/72\/#\/schema\/person\/a8ead7780726e582c2b9afb7daa2d930"},"breadcrumb":{"@id":"https:\/\/www.un.org\/pga\/72\/fr\/2017\/09\/07\/forum-education-culture-of-peace\/#breadcrumb"},"inLanguage":"fr-FR","potentialAction":[{"@type":"ReadAction","target":["https:\/\/www.un.org\/pga\/72\/fr\/2017\/09\/07\/forum-education-culture-of-peace\/"]}]},{"@type":"ImageObject","inLanguage":"fr-FR","@id":"https:\/\/www.un.org\/pga\/72\/fr\/2017\/09\/07\/forum-education-culture-of-peace\/#primaryimage","url":"https:\/\/www.un.org\/pga\/wp-content\/uploads\/sites\/51\/2017\/09\/09-08-OCHA-Kenya.jpg","contentUrl":"https:\/\/www.un.org\/pga\/wp-content\/uploads\/sites\/51\/2017\/09\/09-08-OCHA-Kenya.jpg","width":1024,"height":682,"caption":"Des enfants qui ne vont pas l\u2019\u00e9cole dans un village au Kenya."},{"@type":"BreadcrumbList","@id":"https:\/\/www.un.org\/pga\/72\/fr\/2017\/09\/07\/forum-education-culture-of-peace\/#breadcrumb","itemListElement":[{"@type":"ListItem","position":1,"name":"Home","item":"https:\/\/www.un.org\/pga\/72\/fr\/"},{"@type":"ListItem","position":2,"name":"A un forum de haut niveau, l&#8217;ONU souligne l&#8217;importance de l&#8217;\u00e9ducation dans la construction d&#8217;une culture de la paix"}]},{"@type":"WebSite","@id":"https:\/\/www.un.org\/pga\/72\/#website","url":"https:\/\/www.un.org\/pga\/72\/","name":"Assembl\u00e9e g\u00e9n\u00e9rale des Nations Unies","description":"Pr\u00e9sident de la 72e session","potentialAction":[{"@type":"SearchAction","target":{"@type":"EntryPoint","urlTemplate":"https:\/\/www.un.org\/pga\/72\/?s={search_term_string}"},"query-input":{"@type":"PropertyValueSpecification","valueRequired":true,"valueName":"search_term_string"}}],"inLanguage":"fr-FR"},{"@type":"Person","@id":"https:\/\/www.un.org\/pga\/72\/#\/schema\/person\/a8ead7780726e582c2b9afb7daa2d930","name":"Sophie Farigoul","image":{"@type":"ImageObject","inLanguage":"fr-FR","@id":"https:\/\/secure.gravatar.com\/avatar\/108bf7056e36e7bc4c0904c6486b1358f9e93fcd7714ef259fc4b7db4d822b40?s=96&d=mm&r=g","url":"https:\/\/secure.gravatar.com\/avatar\/108bf7056e36e7bc4c0904c6486b1358f9e93fcd7714ef259fc4b7db4d822b40?s=96&d=mm&r=g","contentUrl":"https:\/\/secure.gravatar.com\/avatar\/108bf7056e36e7bc4c0904c6486b1358f9e93fcd7714ef259fc4b7db4d822b40?s=96&d=mm&r=g","caption":"Sophie Farigoul"},"url":"https:\/\/www.un.org\/pga\/72\/fr\/author\/farigoulun-org\/"}]}},"_links":{"self":[{"href":"https:\/\/www.un.org\/pga\/72\/fr\/wp-json\/wp\/v2\/posts\/113701","targetHints":{"allow":["GET"]}}],"collection":[{"href":"https:\/\/www.un.org\/pga\/72\/fr\/wp-json\/wp\/v2\/posts"}],"about":[{"href":"https:\/\/www.un.org\/pga\/72\/fr\/wp-json\/wp\/v2\/types\/post"}],"author":[{"embeddable":true,"href":"https:\/\/www.un.org\/pga\/72\/fr\/wp-json\/wp\/v2\/users\/210"}],"replies":[{"embeddable":true,"href":"https:\/\/www.un.org\/pga\/72\/fr\/wp-json\/wp\/v2\/comments?post=113701"}],"version-history":[{"count":0,"href":"https:\/\/www.un.org\/pga\/72\/fr\/wp-json\/wp\/v2\/posts\/113701\/revisions"}],"wp:featuredmedia":[{"embeddable":true,"href":"https:\/\/www.un.org\/pga\/72\/fr\/wp-json\/wp\/v2\/media\/114249"}],"wp:attachment":[{"href":"https:\/\/www.un.org\/pga\/72\/fr\/wp-json\/wp\/v2\/media?parent=113701"}],"wp:term":[{"taxonomy":"category","embeddable":true,"href":"https:\/\/www.un.org\/pga\/72\/fr\/wp-json\/wp\/v2\/categories?post=113701"},{"taxonomy":"post_tag","embeddable":true,"href":"https:\/\/www.un.org\/pga\/72\/fr\/wp-json\/wp\/v2\/tags?post=113701"}],"curies":[{"name":"wp","href":"https:\/\/api.w.org\/{rel}","templated":true}]}}