  {"id":113764,"date":"2017-08-28T12:02:40","date_gmt":"2017-08-28T16:02:40","guid":{"rendered":"http:\/\/www.un.org\/pga\/72\/?p=113764\/"},"modified":"2017-11-03T17:24:07","modified_gmt":"2017-11-03T21:24:07","slug":"semaine-mondiale-de-leau-lonu-appelle-a-une-forte-mobilisation-en-faveur-de-lacces-a-leau-propre-et-a-lassainissement","status":"publish","type":"post","link":"https:\/\/www.un.org\/pga\/72\/fr\/2017\/08\/28\/semaine-mondiale-de-leau-lonu-appelle-a-une-forte-mobilisation-en-faveur-de-lacces-a-leau-propre-et-a-lassainissement\/","title":{"rendered":"Semaine mondiale de l&rsquo;eau : l&rsquo;ONU appelle \u00e0 une forte mobilisation en faveur de l&rsquo;acc\u00e8s \u00e0 l&rsquo;eau propre et \u00e0 l&rsquo;assainissement"},"content":{"rendered":"<p>[et_pb_section bb_built=\u00a0\u00bb1&Prime;][et_pb_row][et_pb_column type=\u00a0\u00bb4_4&Prime;][et_pb_text _builder_version=\u00a0\u00bb3.0.69&Prime; background_layout=\u00a0\u00bblight\u00a0\u00bb text_orientation=\u00a0\u00bbleft\u00a0\u00bb border_style=\u00a0\u00bbsolid\u00a0\u00bb]<\/p>\n<h4>Semaine mondiale de l&rsquo;eau : l&rsquo;ONU appelle \u00e0 une forte mobilisation en faveur de l&rsquo;acc\u00e8s \u00e0 l&rsquo;eau propre et \u00e0 l&rsquo;assainissement<\/h4>\n<p>28 ao\u00fbt 2017 \u2013 Dans le cadre de la Semaine mondiale de l&rsquo;eau \u00e0 Stockholm, le Pr\u00e9sident de l&rsquo;Assembl\u00e9e g\u00e9n\u00e9rale des Nations Unies, Peter Thomson, a rappel\u00e9 que l&rsquo;acc\u00e8s \u00e0 l&rsquo;eau potable propre et s\u00fbre et \u00e0 des syst\u00e8mes d&rsquo;assainissement ad\u00e9quats constituent toujours un d\u00e9fi pour les populations \u00e0 travers le monde.<\/p>\n<p>\u00ab Pr\u00e8s de 2,4 milliards de personnes n&rsquo;ont toujours pas acc\u00e8s \u00e0 un meilleur assainissement. Et un nombre croissant de r\u00e9gions et de pays connaissent une augmentation du stress hydrique, exacerb\u00e9e par la croissance rapide de la population, l&rsquo;urbanisation et bien s\u00fbr le changement climatique \u00bb, a d\u00e9clar\u00e9 lundi M. Thomson dans la capitale su\u00e9doise o\u00f9 se tenait cette ann\u00e9e la Semaine mondiale de l&rsquo;eau.<\/p>\n<p>Le Pr\u00e9sident de l&rsquo;Assembl\u00e9e g\u00e9n\u00e9rale a soulign\u00e9 que l&rsquo;eau et l&rsquo;assainissement occupent une place centrale parmi les 17 Objectifs de d\u00e9veloppement durable (ODD) qui ont \u00e9t\u00e9 universellement adopt\u00e9s par les 193 \u00c9tats Membres de l&rsquo;ONU en septembre 2015.<\/p>\n<p>\u00ab Avec l&rsquo;Accord de Paris sur le climat, la mise en \u0153uvre des 17 Objectifs de d\u00e9veloppement durable repr\u00e9sente la meilleure chance pour notre esp\u00e8ce d&rsquo;atteindre un mode de vie durable sur la plan\u00e8te Terre avant qu&rsquo;il ne soit trop tard \u00bb, a pr\u00e9venu M. Thomson, encourageant la communaut\u00e9 internationale \u00e0 s&rsquo;unir et \u00e0 se mobiliser pour dans une action globale concert\u00e9 en faveur de l&rsquo;ODD 6 : garantir l&rsquo;acc\u00e8s de tous \u00e0 l&rsquo;eau et \u00e0 l&rsquo;assainissement et assurer une gestion durable des ressources en eau.<\/p>\n<p><strong>Conf\u00e9rence sur les Oc\u00e9ans : une r\u00e9union ax\u00e9e sur les solutions<\/strong><br \/>\nCelui qui ach\u00e8ve dans quelques semaines son mandat de Pr\u00e9sident de la 71e session de l&rsquo;Assembl\u00e9e g\u00e9n\u00e9rale a rappel\u00e9 que la cr\u00e9ation d&rsquo;un mouvement mondial pour atteindre l&rsquo;ODD 14 &#8211; conserver et exploiter de mani\u00e8re durable les oc\u00e9ans, les mers et les ressources marines aux fins du d\u00e9veloppement durable &#8211; \u00e9tait le but de la Conf\u00e9rence sur les oc\u00e9ans qui a eu lieu \u00e0 New York en juin.<\/p>\n<p>\u00ab Les gouvernements de la Su\u00e8de et des Fidji se sont r\u00e9unis pour obtenir un mandat de l&rsquo;ONU pour la conf\u00e9rence et ont ensuite travaill\u00e9 dans un partenariat solide pour pr\u00e9parer et organiser la conf\u00e9rence \u00bb, a dit M. Thomson. \u00ab D\u00e8s le d\u00e9but, la Conf\u00e9rence sur les oc\u00e9ans a \u00e9t\u00e9 con\u00e7ue pour changer la donne en inversant le cycle de d\u00e9clin dans lequel la sant\u00e9 de l&rsquo;oc\u00e9an s&rsquo;\u00e9tait retrouv\u00e9e pi\u00e9g\u00e9e \u00bb.<\/p>\n<p>Le Pr\u00e9sident de l&rsquo;Assembl\u00e9e g\u00e9n\u00e9rale a soulign\u00e9 que la Conf\u00e9rence sur les oc\u00e9ans a permis de sensibiliser aux probl\u00e8mes de la pollution marine, \u00ab en particulier la pollution plastique, l&rsquo;acidification des oc\u00e9ans, le r\u00e9chauffement de l&rsquo;oc\u00e9an, la surp\u00eache, la gouvernance de la haute mer et les dommages \u00e0 la biodiversit\u00e9 et aux \u00e9cosyst\u00e8mes \u00bb.<\/p>\n<p>M. Thomson s&rsquo;est f\u00e9licit\u00e9 du fait que la conf\u00e9rence fut ax\u00e9e sur les solutions, inclusive et anim\u00e9e par la recherche d&rsquo;un but commun. \u00ab La valeur ultime de la Conf\u00e9rence sur les oc\u00e9ans r\u00e9side dans le degr\u00e9 de mise en \u0153uvre de l&rsquo;action recherch\u00e9e \u00bb, a-t-il dit. \u00ab Pour assurer la mise en \u0153uvre, nous avons besoin d&rsquo;un plan de travail commun, d&rsquo;un ensemble d\u00e9di\u00e9 d&rsquo;acteurs et de cibles r\u00e9alisables \u00bb.<\/p>\n<p><strong>Bilan des avanc\u00e9es de l&rsquo;ODD 14 en 2020<\/strong><br \/>\nLe Pr\u00e9sident de l&rsquo;Assembl\u00e9e g\u00e9n\u00e9rale a indiqu\u00e9 qu&rsquo;un plan de travail est actuellement en cours de formulation, que les Nations Unies analysent et projettent les nombreux r\u00e9sultats de la conf\u00e9rence de juin et que les acteurs concern\u00e9s sont organis\u00e9s sur les t\u00e2ches \u00e0 venir.<\/p>\n<p>Les gouvernements du Portugal et du Kenya ont propos\u00e9 d&rsquo;organiser une deuxi\u00e8me Conf\u00e9rence de l&rsquo;ONU sur les oc\u00e9ans en 2020 ce qui laisse trois ans pour mettre en \u0153uvre un plan de travail commun.<\/p>\n<p>\u00ab Lorsque nous nous r\u00e9unirons \u00e0 nouveau en 2020, nous aurons l&rsquo;occasion d&rsquo;\u00e9valuer de mani\u00e8re approfondie nos r\u00e9ussites et nos \u00e9checs dans la mise en \u0153uvre de l&rsquo;ODD 14 \u00bb, a dit le Pr\u00e9sident de l&rsquo;Assembl\u00e9e g\u00e9n\u00e9rale, estimant que la prochaine conf\u00e9rence sera l&rsquo;occasion d&rsquo;apporter les ajustements n\u00e9cessaires permettant de r\u00e9aliser l&rsquo;ODD 14 avant 2030.<\/p>\n<p>Alors que l&rsquo;ensemble des acteurs d\u00e9ploient actuellement leurs efforts pour atteindre les cibles de l&rsquo;ODD 14, M. Thomson a insist\u00e9 sur la n\u00e9cessit\u00e9 d&rsquo;une approche int\u00e9gr\u00e9e et de ne pas perdre de vue qu&rsquo;en mati\u00e8re d&rsquo;environnement, tout est connect\u00e9.<\/p>\n<p>\u00ab Il est inutile de consid\u00e9rer les probl\u00e8mes d&rsquo;environnement terrestre, les probl\u00e8mes d&rsquo;eau douce ou les changements climatiques de mani\u00e8re isol\u00e9e car ils font tous partie de l&rsquo;\u00e9cosyst\u00e8me plan\u00e9taire, l&rsquo;un affectant l&rsquo;autre sous les lois immuables de la nature \u00bb, a d\u00e9clar\u00e9 le Pr\u00e9sident de l&rsquo;Assembl\u00e9e g\u00e9n\u00e9rale.<\/p>\n<p><a href=\"http:\/\/www.un.org\/apps\/newsFr\/storyF.asp?NewsID=40056#.WbwVG7J95pg\">Source : ONU Info<\/a><\/p>\n<p>[\/et_pb_text][\/et_pb_column][\/et_pb_row][\/et_pb_section]<\/p>\n","protected":false},"excerpt":{"rendered":"<p>Dans le cadre de la Semaine mondiale de l&rsquo;eau \u00e0 Stockholm, le Pr\u00e9sident de l&rsquo;Assembl\u00e9e g\u00e9n\u00e9rale des Nations Unies, Peter Thomson, a rappel\u00e9 que l&rsquo;acc\u00e8s \u00e0 l&rsquo;eau potable propre et s\u00fbre et \u00e0 des syst\u00e8mes d&rsquo;assainissement ad\u00e9quats constituent toujours un d\u00e9fi pour les populations \u00e0 travers le monde.<\/p>\n","protected":false},"author":210,"featured_media":114305,"comment_status":"closed","ping_status":"closed","sticky":false,"template":"","format":"standard","meta":{"_et_pb_use_builder":"on","_et_pb_old_content":"<h4 style=\"text-align: center;\"><em>As delivered<\/em><\/h4>\r\n<h2><strong>Remarks by H.E. Mr. Peter Thomson,\u00a0<\/strong><strong>President of the 71st Session of the General Assembly, at the\u00a0Annual American Bar Association Meeting\u00a0<\/strong><strong>Showcase Luncheon<\/strong><\/h2>\r\n<h3><strong>10 August 2017<\/strong><\/h3>\r\n\u00a0\r\n\r\n<em>\u00a0<\/em>\r\n\r\n<em><a href=\"http:\/\/www.un.org\/pga\/71\/wp-content\/uploads\/sites\/40\/2017\/08\/DG5FJZ2XcAENRY0.jpg\"><img class=\"size-medium wp-image-105723 alignleft\" src=\"http:\/\/www.un.org\/pga\/71\/wp-content\/uploads\/sites\/40\/2017\/08\/DG5FJZ2XcAENRY0-300x300.jpg\" alt=\"American Bar Association\" width=\"300\" height=\"300\" \/><\/a>Mark Alcott, ABA Representative to Ä¢¹½ÊÓÆµ<\/em>\r\n\r\n<em>Visiting Presidents and Members of Foreign Bar Associations<\/em>\r\n\r\n<em>Distinguished guests\r\nLadies and Gentlemen,<\/em>\r\n\r\nI acknowledge the honour of being asked to speak at the Annual Meeting of the American Bar Association, and I thank the President of the American Bar Association and the other organizers of today\u2019s event for the invitation.\r\n\r\nÄ¢¹½ÊÓÆµ is a house that from its outset has been steeped in the influence of international legal professionals \u2013 whether on diplomatic delegations, within the staffing cohort, or amongst the experts who play such instrumental roles in helping the Ä¢¹½ÊÓÆµ advance the rule of law across the world.\r\n\r\nIndeed, since its establishment in 1945, the promotion of justice and the rule of law has been a golden thread running through the work of the United Nations in pursuit of its three founding pillars \u2013 the maintenance of peace and security, the protection of human rights, and the advancement of development.\r\n\r\nThe logic behind this golden thread is clear.\r\n\r\nFor the 71 peacekeeping operations that have been established since the Ä¢¹½ÊÓÆµ\u2019s foundation, and for the nearly 100,000 peacekeepers currently deployed by the Ä¢¹½ÊÓÆµ across the world, the promotion of the rule of law is at the very heart of their efforts to build and sustain international peace.\r\n\r\nAnd then in the Ä¢¹½ÊÓÆµ\u2019s work to promote and protect human rights everywhere, the ending of discriminatory laws, the promotion of fair and transparent processes, discouraging violations, and fighting impunity is fundamental.\r\n\r\nAnd through \u00a0the Ä¢¹½ÊÓÆµ\u2019s efforts to achieve sustainable development to build effective institutions, lift public trust in government, and ensure equal access to justice, we make our stand for a just, peaceful and prosperous world.\r\n\r\nFor over seven decades now, the United Nations has been at the forefront of global efforts to promote the rule of law across our world.\r\n\r\nThe International Court of Justice \u2013 the principal judicial organ of the Ä¢¹½ÊÓÆµ \u2013 has increasingly become the forum of choice for a growing number of States to peacefully settle their international disputes.\r\n\r\nThe establishment of legal bodies such as the International Criminal Court, the International Criminal Tribunal for Rwanda, and the International Criminal Tribunal for the former Yugoslavia, have been critical steps in the global fight against impunity and for ensuring justice for victims of crimes perpetrated during war.\r\n\r\nMeanwhile, the increasing number of international courts and tribunals focused on specialized areas of law, including human rights, law of the sea, and trade law, point to a growing understanding among Member States of the importance of an international rules-based order.\r\n\r\nFor all of these accomplishments, we are confronted by a conundrum: how to precisely quantify to the global public the importance and the success of each of these achievements.\u00a0 Especially since these achievements belong to humanity as a whole and are seldom celebrated.\r\n\r\nWe ponder how many conflicts have been prevented?\r\n\r\nHow many lives have been saved?\r\n\r\nHow much people have had their sense of hope restored through the acknowledgement of crimes perpetrated against them, and the rendering of international justice?\r\n\r\nFar too often \u2013 as with much of what the United Nations does \u2013 it is the shortcomings and failures that receive widespread attention, with little acknowledgement of achievements, particularly in averting even graver tragedies.\r\n\r\nIndeed, in our current global landscape, characterized by an unprecedented pace of change, and the fears that arise in times of great uncertainty, we are seeing in some parts of the world an instinct to withdraw from international engagement and to revert to nationalistic tendencies.\u00a0 That tendency even extends to a questioning of the importance of the rule of law, both within national boundaries and at international levels.\r\n\r\nIn a world facing complex global security challenges, including the worst humanitarian and refugee crisis since World War II, shifting global dynamics, unprecedented technological advancement and population growth, widening inequality, climate change, and large-scale environmental degradation, the importance of international law becomes greatly elevated.\u00a0 That point cannot be overstated.\r\n\r\nThese are the times when more, not less, needs to be done to strengthen the rule of law at national and international levels.\r\n\r\n\u00a0\r\n\r\nI would like to make a further point that emphasizes the role of the United Nations in strengthening the rule of law in these challenging times.\r\n\r\nThe decision by world leaders at the United Nations in September 2015 to adopt the 2030 Agenda for Sustainable Development was a major milestone in our efforts to build a world of sustainable peace and justice.\r\n\r\nBased on the 17 Sustainable Development Goals, the 2030 Agenda seeks to shift humanity\u2019s current trajectory away from its current course towards unsustainability, towards a future that is safe, secure and prosperous for all.\r\n\r\nPremised on the commitment\u00a0 to \u2018leave no one behind\u2019, the SDGs stand to transform our world by breaking the intergenerational cycle of poverty; building peaceful societies; increasing global prosperity; achieving gender equality; protecting our natural environmental, and averting the worst impacts of climate change \u2013 all by 2030.\r\n\r\nCritically, it dedicates our efforts towards the promotion of\u00a0 the rule of law across the world.\r\n\r\nGoal 16 of the 2030 Agenda specifically seeks to <em>\u2018promote peaceful and inclusive societies for sustainable development, provide access to justice for all, and build effective, accountable and inclusive institutions at all levels\u2019<\/em>.\u00a0 Goal 16 is underpinned by specific targets by which to measure success.\r\n\r\nI emphasize that the SDGs are integrated and mutually-reinforcing in nature, and that the 2030 Agenda inherently places peace, human rights, justice, and strong institutions as a fundamental requirement to achieve sustainable development.\u00a0 The Agenda recognizes an international rules-based order as indispensable for achieving a just, peaceful and prosperous world.\r\n\r\nIt is obvious to all, that achieving this reality will require all stakeholders \u2013 Governments at all levels, civil society, the private sector, and grassroots organizations \u2013 to work together in new and innovative ways.\r\n\r\nThe Ocean Conference held here at the Ä¢¹½ÊÓÆµ in June of this year was a prime example of such partnership and innovation in action. With around 6,000 participants from Governments, the Ä¢¹½ÊÓÆµ system, civil society, the scientific community, academia, and the business sector, nearly 1,400 voluntary commitments for action were made in the cause of reversing the cycle of decline in which the Ocean is currently caught.\r\n\r\nIt is in The Ocean Conference\u2019s positive spirit of common purpose, that action must now be taken to build on the inter-linkages between the SDGs. We must pursue cross-cutting actions across the SDGs to strengthen the rule of law, peace and security, human rights, and sustainable development.\r\n\r\nAnd in this regard, I commend the American Bar Association and visiting members of foreign bar associations for your dedicated efforts to strengthen justice systems, to improve governance, and protect human rights across the world.\r\n\r\nIn particular I mention the work being undertaken through the Rule of Law Initiative to promote legal education, improve access to justice, address land and resource governance, fight human trafficking, and support survivors of sexual and gender-based violence.\u00a0 This work is essential not only for promotion of the rule of law, but for achieving peaceful and inclusive societies, and accelerating SDG implementation.\r\n\r\nI encourage you to do all you can to further support this work \u2013 at home and abroad \u2013 as a critical component of sustainable development.\u00a0 With the American Bar Association representing a network of over 400,000 attorneys, you have a huge opportunity to bolster Ä¢¹½ÊÓÆµ efforts in our common aim of advancing the rule of law.\r\n\r\nI encourage you all to continue supporting the development, understanding, and dissemination of international law.\r\n\r\nI encourage you to continue your capacity-building, legal education and training assistance across the world.\r\n\r\nAnd I urge you to assist in the fight against corruption and organized crime, building robust legal frameworks, ensuring equal access to justice, supporting accountable institutions, and promoting inclusive and representative decision-making at all levels.\r\n\r\n<em>Ladies and Gentlemen,<\/em>\r\n\r\nIn our interconnected world, international law shapes our daily lives \u2013 from internet governance and air travel, to international trade and environmental protections.\r\n\r\nWe must continue to work together to build global understanding of international law as an enabler and a pre-requisite of peace, justice and development, and to promote the rule of law everywhere.\r\n\r\nI thank you for your attention.","_et_gb_content_width":"","footnotes":"","_links_to":"","_links_to_target":""},"categories":[73],"tags":[],"class_list":["post-113764","post","type-post","status-publish","format-standard","has-post-thumbnail","hentry","category-newsandupdates-fr","et-has-post-format-content","et_post_format-et-post-format-standard"],"yoast_head":"<!-- This site is optimized with the Yoast SEO plugin v28.3 - https:\/\/yoast.com\/product\/yoast-seo-wordpress\/ -->\n<title>Semaine mondiale de l&#039;eau : l&#039;ONU appelle \u00e0 une forte mobilisation en faveur de l&#039;acc\u00e8s \u00e0 l&#039;eau propre et \u00e0 l&#039;assainissement - Assembl\u00e9e g\u00e9n\u00e9rale des Nations Unies<\/title>\n<meta name=\"robots\" content=\"index, follow, max-snippet:-1, max-image-preview:large, max-video-preview:-1\" \/>\n<link rel=\"canonical\" href=\"https:\/\/www.un.org\/pga\/72\/fr\/2017\/08\/28\/semaine-mondiale-de-leau-lonu-appelle-a-une-forte-mobilisation-en-faveur-de-lacces-a-leau-propre-et-a-lassainissement\/\" \/>\n<meta property=\"og:locale\" content=\"fr_FR\" \/>\n<meta property=\"og:type\" content=\"article\" \/>\n<meta property=\"og:title\" content=\"Semaine mondiale de l&#039;eau : l&#039;ONU appelle \u00e0 une forte mobilisation en faveur de l&#039;acc\u00e8s \u00e0 l&#039;eau propre et \u00e0 l&#039;assainissement - Assembl\u00e9e g\u00e9n\u00e9rale des Nations Unies\" \/>\n<meta property=\"og:description\" content=\"Dans le cadre de la Semaine mondiale de l&#039;eau \u00e0 Stockholm, le Pr\u00e9sident de l&#039;Assembl\u00e9e g\u00e9n\u00e9rale des Nations Unies, Peter Thomson, a rappel\u00e9 que l&#039;acc\u00e8s \u00e0 l&#039;eau potable propre et s\u00fbre et \u00e0 des syst\u00e8mes d&#039;assainissement ad\u00e9quats constituent toujours un d\u00e9fi pour les populations \u00e0 travers le monde.\" \/>\n<meta property=\"og:url\" content=\"https:\/\/www.un.org\/pga\/72\/fr\/2017\/08\/28\/semaine-mondiale-de-leau-lonu-appelle-a-une-forte-mobilisation-en-faveur-de-lacces-a-leau-propre-et-a-lassainissement\/\" \/>\n<meta property=\"og:site_name\" content=\"Assembl\u00e9e g\u00e9n\u00e9rale des Nations Unies\" \/>\n<meta property=\"article:published_time\" content=\"2017-08-28T16:02:40+00:00\" \/>\n<meta property=\"article:modified_time\" content=\"2017-11-03T21:24:07+00:00\" \/>\n<meta property=\"og:image\" content=\"https:\/\/www.un.org\/pga\/wp-content\/uploads\/sites\/51\/2017\/09\/07-04-2017-Ä¢¹½ÊÓÆµ057028.jpg\" \/>\n\t<meta property=\"og:image:width\" content=\"1024\" \/>\n\t<meta property=\"og:image:height\" content=\"683\" \/>\n\t<meta property=\"og:image:type\" content=\"image\/jpeg\" \/>\n<meta name=\"author\" content=\"Sophie Farigoul\" \/>\n<meta name=\"twitter:card\" content=\"summary_large_image\" \/>\n<meta name=\"twitter:label1\" content=\"\u00c9crit par\" \/>\n\t<meta name=\"twitter:data1\" content=\"Sophie Farigoul\" \/>\n\t<meta name=\"twitter:label2\" content=\"Dur\u00e9e de lecture estim\u00e9e\" \/>\n\t<meta name=\"twitter:data2\" content=\"4 minutes\" \/>\n<script type=\"application\/ld+json\" class=\"yoast-schema-graph\">{\"@context\":\"https:\\\/\\\/schema.org\",\"@graph\":[{\"@type\":\"Article\",\"@id\":\"https:\\\/\\\/www.un.org\\\/pga\\\/72\\\/fr\\\/2017\\\/08\\\/28\\\/semaine-mondiale-de-leau-lonu-appelle-a-une-forte-mobilisation-en-faveur-de-lacces-a-leau-propre-et-a-lassainissement\\\/#article\",\"isPartOf\":{\"@id\":\"https:\\\/\\\/www.un.org\\\/pga\\\/72\\\/fr\\\/2017\\\/08\\\/28\\\/semaine-mondiale-de-leau-lonu-appelle-a-une-forte-mobilisation-en-faveur-de-lacces-a-leau-propre-et-a-lassainissement\\\/\"},\"author\":{\"name\":\"Sophie Farigoul\",\"@id\":\"https:\\\/\\\/www.un.org\\\/pga\\\/72\\\/#\\\/schema\\\/person\\\/a8ead7780726e582c2b9afb7daa2d930\"},\"headline\":\"Semaine mondiale de l&rsquo;eau : l&rsquo;ONU appelle \u00e0 une forte mobilisation en faveur de l&rsquo;acc\u00e8s \u00e0 l&rsquo;eau propre et \u00e0 l&rsquo;assainissement\",\"datePublished\":\"2017-08-28T16:02:40+00:00\",\"dateModified\":\"2017-11-03T21:24:07+00:00\",\"mainEntityOfPage\":{\"@id\":\"https:\\\/\\\/www.un.org\\\/pga\\\/72\\\/fr\\\/2017\\\/08\\\/28\\\/semaine-mondiale-de-leau-lonu-appelle-a-une-forte-mobilisation-en-faveur-de-lacces-a-leau-propre-et-a-lassainissement\\\/\"},\"wordCount\":960,\"image\":{\"@id\":\"https:\\\/\\\/www.un.org\\\/pga\\\/72\\\/fr\\\/2017\\\/08\\\/28\\\/semaine-mondiale-de-leau-lonu-appelle-a-une-forte-mobilisation-en-faveur-de-lacces-a-leau-propre-et-a-lassainissement\\\/#primaryimage\"},\"thumbnailUrl\":\"https:\\\/\\\/www.un.org\\\/pga\\\/wp-content\\\/uploads\\\/sites\\\/51\\\/2017\\\/09\\\/07-04-2017-Ä¢¹½ÊÓÆµ057028.jpg\",\"articleSection\":[\"News And Updates\"],\"inLanguage\":\"fr-FR\"},{\"@type\":\"WebPage\",\"@id\":\"https:\\\/\\\/www.un.org\\\/pga\\\/72\\\/fr\\\/2017\\\/08\\\/28\\\/semaine-mondiale-de-leau-lonu-appelle-a-une-forte-mobilisation-en-faveur-de-lacces-a-leau-propre-et-a-lassainissement\\\/\",\"url\":\"https:\\\/\\\/www.un.org\\\/pga\\\/72\\\/fr\\\/2017\\\/08\\\/28\\\/semaine-mondiale-de-leau-lonu-appelle-a-une-forte-mobilisation-en-faveur-de-lacces-a-leau-propre-et-a-lassainissement\\\/\",\"name\":\"Semaine mondiale de l'eau : l'ONU appelle \u00e0 une forte mobilisation en faveur de l'acc\u00e8s \u00e0 l'eau propre et \u00e0 l'assainissement - Assembl\u00e9e g\u00e9n\u00e9rale des Nations Unies\",\"isPartOf\":{\"@id\":\"https:\\\/\\\/www.un.org\\\/pga\\\/72\\\/#website\"},\"primaryImageOfPage\":{\"@id\":\"https:\\\/\\\/www.un.org\\\/pga\\\/72\\\/fr\\\/2017\\\/08\\\/28\\\/semaine-mondiale-de-leau-lonu-appelle-a-une-forte-mobilisation-en-faveur-de-lacces-a-leau-propre-et-a-lassainissement\\\/#primaryimage\"},\"image\":{\"@id\":\"https:\\\/\\\/www.un.org\\\/pga\\\/72\\\/fr\\\/2017\\\/08\\\/28\\\/semaine-mondiale-de-leau-lonu-appelle-a-une-forte-mobilisation-en-faveur-de-lacces-a-leau-propre-et-a-lassainissement\\\/#primaryimage\"},\"thumbnailUrl\":\"https:\\\/\\\/www.un.org\\\/pga\\\/wp-content\\\/uploads\\\/sites\\\/51\\\/2017\\\/09\\\/07-04-2017-Ä¢¹½ÊÓÆµ057028.jpg\",\"datePublished\":\"2017-08-28T16:02:40+00:00\",\"dateModified\":\"2017-11-03T21:24:07+00:00\",\"author\":{\"@id\":\"https:\\\/\\\/www.un.org\\\/pga\\\/72\\\/#\\\/schema\\\/person\\\/a8ead7780726e582c2b9afb7daa2d930\"},\"breadcrumb\":{\"@id\":\"https:\\\/\\\/www.un.org\\\/pga\\\/72\\\/fr\\\/2017\\\/08\\\/28\\\/semaine-mondiale-de-leau-lonu-appelle-a-une-forte-mobilisation-en-faveur-de-lacces-a-leau-propre-et-a-lassainissement\\\/#breadcrumb\"},\"inLanguage\":\"fr-FR\",\"potentialAction\":[{\"@type\":\"ReadAction\",\"target\":[\"https:\\\/\\\/www.un.org\\\/pga\\\/72\\\/fr\\\/2017\\\/08\\\/28\\\/semaine-mondiale-de-leau-lonu-appelle-a-une-forte-mobilisation-en-faveur-de-lacces-a-leau-propre-et-a-lassainissement\\\/\"]}]},{\"@type\":\"ImageObject\",\"inLanguage\":\"fr-FR\",\"@id\":\"https:\\\/\\\/www.un.org\\\/pga\\\/72\\\/fr\\\/2017\\\/08\\\/28\\\/semaine-mondiale-de-leau-lonu-appelle-a-une-forte-mobilisation-en-faveur-de-lacces-a-leau-propre-et-a-lassainissement\\\/#primaryimage\",\"url\":\"https:\\\/\\\/www.un.org\\\/pga\\\/wp-content\\\/uploads\\\/sites\\\/51\\\/2017\\\/09\\\/07-04-2017-Ä¢¹½ÊÓÆµ057028.jpg\",\"contentUrl\":\"https:\\\/\\\/www.un.org\\\/pga\\\/wp-content\\\/uploads\\\/sites\\\/51\\\/2017\\\/09\\\/07-04-2017-Ä¢¹½ÊÓÆµ057028.jpg\",\"width\":1024,\"height\":683,\"caption\":\"Deux gar\u00e7ons recueillent de l\u2019eau d\u2019un tuyeau endommag\u00e9 \u00e0 la p\u00e9riph\u00e9rie de Juba, au Soudan_du Sud. L\u2019eau est pomp\u00e9e du Nil blanc, mais elle n\u2019est pas trait\u00e9e, mettant en danger la sant\u00e9 de ceux qui la consomment. Photo: Ä¢¹½ÊÓÆµICEF \\\/ Hatcher-Moore\"},{\"@type\":\"BreadcrumbList\",\"@id\":\"https:\\\/\\\/www.un.org\\\/pga\\\/72\\\/fr\\\/2017\\\/08\\\/28\\\/semaine-mondiale-de-leau-lonu-appelle-a-une-forte-mobilisation-en-faveur-de-lacces-a-leau-propre-et-a-lassainissement\\\/#breadcrumb\",\"itemListElement\":[{\"@type\":\"ListItem\",\"position\":1,\"name\":\"Home\",\"item\":\"https:\\\/\\\/www.un.org\\\/pga\\\/72\\\/fr\\\/\"},{\"@type\":\"ListItem\",\"position\":2,\"name\":\"Semaine mondiale de l&#8217;eau : l&#8217;ONU appelle \u00e0 une forte mobilisation en faveur de l&#8217;acc\u00e8s \u00e0 l&#8217;eau propre et \u00e0 l&#8217;assainissement\"}]},{\"@type\":\"WebSite\",\"@id\":\"https:\\\/\\\/www.un.org\\\/pga\\\/72\\\/#website\",\"url\":\"https:\\\/\\\/www.un.org\\\/pga\\\/72\\\/\",\"name\":\"Assembl\u00e9e g\u00e9n\u00e9rale des Nations Unies\",\"description\":\"Pr\u00e9sident de la 72e session\",\"potentialAction\":[{\"@type\":\"SearchAction\",\"target\":{\"@type\":\"EntryPoint\",\"urlTemplate\":\"https:\\\/\\\/www.un.org\\\/pga\\\/72\\\/?s={search_term_string}\"},\"query-input\":{\"@type\":\"PropertyValueSpecification\",\"valueRequired\":true,\"valueName\":\"search_term_string\"}}],\"inLanguage\":\"fr-FR\"},{\"@type\":\"Person\",\"@id\":\"https:\\\/\\\/www.un.org\\\/pga\\\/72\\\/#\\\/schema\\\/person\\\/a8ead7780726e582c2b9afb7daa2d930\",\"name\":\"Sophie Farigoul\",\"image\":{\"@type\":\"ImageObject\",\"inLanguage\":\"fr-FR\",\"@id\":\"https:\\\/\\\/secure.gravatar.com\\\/avatar\\\/108bf7056e36e7bc4c0904c6486b1358f9e93fcd7714ef259fc4b7db4d822b40?s=96&d=mm&r=g\",\"url\":\"https:\\\/\\\/secure.gravatar.com\\\/avatar\\\/108bf7056e36e7bc4c0904c6486b1358f9e93fcd7714ef259fc4b7db4d822b40?s=96&d=mm&r=g\",\"contentUrl\":\"https:\\\/\\\/secure.gravatar.com\\\/avatar\\\/108bf7056e36e7bc4c0904c6486b1358f9e93fcd7714ef259fc4b7db4d822b40?s=96&d=mm&r=g\",\"caption\":\"Sophie Farigoul\"},\"url\":\"https:\\\/\\\/www.un.org\\\/pga\\\/72\\\/fr\\\/author\\\/farigoulun-org\\\/\"}]}<\/script>\n<!-- \/ Yoast SEO plugin. -->","yoast_head_json":{"title":"Semaine mondiale de l'eau : l'ONU appelle \u00e0 une forte mobilisation en faveur de l'acc\u00e8s \u00e0 l'eau propre et \u00e0 l'assainissement - Assembl\u00e9e g\u00e9n\u00e9rale des Nations Unies","robots":{"index":"index","follow":"follow","max-snippet":"max-snippet:-1","max-image-preview":"max-image-preview:large","max-video-preview":"max-video-preview:-1"},"canonical":"https:\/\/www.un.org\/pga\/72\/fr\/2017\/08\/28\/semaine-mondiale-de-leau-lonu-appelle-a-une-forte-mobilisation-en-faveur-de-lacces-a-leau-propre-et-a-lassainissement\/","og_locale":"fr_FR","og_type":"article","og_title":"Semaine mondiale de l'eau : l'ONU appelle \u00e0 une forte mobilisation en faveur de l'acc\u00e8s \u00e0 l'eau propre et \u00e0 l'assainissement - Assembl\u00e9e g\u00e9n\u00e9rale des Nations Unies","og_description":"Dans le cadre de la Semaine mondiale de l'eau \u00e0 Stockholm, le Pr\u00e9sident de l'Assembl\u00e9e g\u00e9n\u00e9rale des Nations Unies, Peter Thomson, a rappel\u00e9 que l'acc\u00e8s \u00e0 l'eau potable propre et s\u00fbre et \u00e0 des syst\u00e8mes d'assainissement ad\u00e9quats constituent toujours un d\u00e9fi pour les populations \u00e0 travers le monde.","og_url":"https:\/\/www.un.org\/pga\/72\/fr\/2017\/08\/28\/semaine-mondiale-de-leau-lonu-appelle-a-une-forte-mobilisation-en-faveur-de-lacces-a-leau-propre-et-a-lassainissement\/","og_site_name":"Assembl\u00e9e g\u00e9n\u00e9rale des Nations Unies","article_published_time":"2017-08-28T16:02:40+00:00","article_modified_time":"2017-11-03T21:24:07+00:00","og_image":[{"width":1024,"height":683,"url":"https:\/\/www.un.org\/pga\/wp-content\/uploads\/sites\/51\/2017\/09\/07-04-2017-Ä¢¹½ÊÓÆµ057028.jpg","type":"image\/jpeg"}],"author":"Sophie Farigoul","twitter_card":"summary_large_image","twitter_misc":{"\u00c9crit par":"Sophie Farigoul","Dur\u00e9e de lecture estim\u00e9e":"4 minutes"},"schema":{"@context":"https:\/\/schema.org","@graph":[{"@type":"Article","@id":"https:\/\/www.un.org\/pga\/72\/fr\/2017\/08\/28\/semaine-mondiale-de-leau-lonu-appelle-a-une-forte-mobilisation-en-faveur-de-lacces-a-leau-propre-et-a-lassainissement\/#article","isPartOf":{"@id":"https:\/\/www.un.org\/pga\/72\/fr\/2017\/08\/28\/semaine-mondiale-de-leau-lonu-appelle-a-une-forte-mobilisation-en-faveur-de-lacces-a-leau-propre-et-a-lassainissement\/"},"author":{"name":"Sophie Farigoul","@id":"https:\/\/www.un.org\/pga\/72\/#\/schema\/person\/a8ead7780726e582c2b9afb7daa2d930"},"headline":"Semaine mondiale de l&rsquo;eau : l&rsquo;ONU appelle \u00e0 une forte mobilisation en faveur de l&rsquo;acc\u00e8s \u00e0 l&rsquo;eau propre et \u00e0 l&rsquo;assainissement","datePublished":"2017-08-28T16:02:40+00:00","dateModified":"2017-11-03T21:24:07+00:00","mainEntityOfPage":{"@id":"https:\/\/www.un.org\/pga\/72\/fr\/2017\/08\/28\/semaine-mondiale-de-leau-lonu-appelle-a-une-forte-mobilisation-en-faveur-de-lacces-a-leau-propre-et-a-lassainissement\/"},"wordCount":960,"image":{"@id":"https:\/\/www.un.org\/pga\/72\/fr\/2017\/08\/28\/semaine-mondiale-de-leau-lonu-appelle-a-une-forte-mobilisation-en-faveur-de-lacces-a-leau-propre-et-a-lassainissement\/#primaryimage"},"thumbnailUrl":"https:\/\/www.un.org\/pga\/wp-content\/uploads\/sites\/51\/2017\/09\/07-04-2017-Ä¢¹½ÊÓÆµ057028.jpg","articleSection":["News And Updates"],"inLanguage":"fr-FR"},{"@type":"WebPage","@id":"https:\/\/www.un.org\/pga\/72\/fr\/2017\/08\/28\/semaine-mondiale-de-leau-lonu-appelle-a-une-forte-mobilisation-en-faveur-de-lacces-a-leau-propre-et-a-lassainissement\/","url":"https:\/\/www.un.org\/pga\/72\/fr\/2017\/08\/28\/semaine-mondiale-de-leau-lonu-appelle-a-une-forte-mobilisation-en-faveur-de-lacces-a-leau-propre-et-a-lassainissement\/","name":"Semaine mondiale de l'eau : l'ONU appelle \u00e0 une forte mobilisation en faveur de l'acc\u00e8s \u00e0 l'eau propre et \u00e0 l'assainissement - Assembl\u00e9e g\u00e9n\u00e9rale des Nations Unies","isPartOf":{"@id":"https:\/\/www.un.org\/pga\/72\/#website"},"primaryImageOfPage":{"@id":"https:\/\/www.un.org\/pga\/72\/fr\/2017\/08\/28\/semaine-mondiale-de-leau-lonu-appelle-a-une-forte-mobilisation-en-faveur-de-lacces-a-leau-propre-et-a-lassainissement\/#primaryimage"},"image":{"@id":"https:\/\/www.un.org\/pga\/72\/fr\/2017\/08\/28\/semaine-mondiale-de-leau-lonu-appelle-a-une-forte-mobilisation-en-faveur-de-lacces-a-leau-propre-et-a-lassainissement\/#primaryimage"},"thumbnailUrl":"https:\/\/www.un.org\/pga\/wp-content\/uploads\/sites\/51\/2017\/09\/07-04-2017-Ä¢¹½ÊÓÆµ057028.jpg","datePublished":"2017-08-28T16:02:40+00:00","dateModified":"2017-11-03T21:24:07+00:00","author":{"@id":"https:\/\/www.un.org\/pga\/72\/#\/schema\/person\/a8ead7780726e582c2b9afb7daa2d930"},"breadcrumb":{"@id":"https:\/\/www.un.org\/pga\/72\/fr\/2017\/08\/28\/semaine-mondiale-de-leau-lonu-appelle-a-une-forte-mobilisation-en-faveur-de-lacces-a-leau-propre-et-a-lassainissement\/#breadcrumb"},"inLanguage":"fr-FR","potentialAction":[{"@type":"ReadAction","target":["https:\/\/www.un.org\/pga\/72\/fr\/2017\/08\/28\/semaine-mondiale-de-leau-lonu-appelle-a-une-forte-mobilisation-en-faveur-de-lacces-a-leau-propre-et-a-lassainissement\/"]}]},{"@type":"ImageObject","inLanguage":"fr-FR","@id":"https:\/\/www.un.org\/pga\/72\/fr\/2017\/08\/28\/semaine-mondiale-de-leau-lonu-appelle-a-une-forte-mobilisation-en-faveur-de-lacces-a-leau-propre-et-a-lassainissement\/#primaryimage","url":"https:\/\/www.un.org\/pga\/wp-content\/uploads\/sites\/51\/2017\/09\/07-04-2017-Ä¢¹½ÊÓÆµ057028.jpg","contentUrl":"https:\/\/www.un.org\/pga\/wp-content\/uploads\/sites\/51\/2017\/09\/07-04-2017-Ä¢¹½ÊÓÆµ057028.jpg","width":1024,"height":683,"caption":"Deux gar\u00e7ons recueillent de l\u2019eau d\u2019un tuyeau endommag\u00e9 \u00e0 la p\u00e9riph\u00e9rie de Juba, au Soudan_du Sud. L\u2019eau est pomp\u00e9e du Nil blanc, mais elle n\u2019est pas trait\u00e9e, mettant en danger la sant\u00e9 de ceux qui la consomment. Photo: Ä¢¹½ÊÓÆµICEF \/ Hatcher-Moore"},{"@type":"BreadcrumbList","@id":"https:\/\/www.un.org\/pga\/72\/fr\/2017\/08\/28\/semaine-mondiale-de-leau-lonu-appelle-a-une-forte-mobilisation-en-faveur-de-lacces-a-leau-propre-et-a-lassainissement\/#breadcrumb","itemListElement":[{"@type":"ListItem","position":1,"name":"Home","item":"https:\/\/www.un.org\/pga\/72\/fr\/"},{"@type":"ListItem","position":2,"name":"Semaine mondiale de l&#8217;eau : l&#8217;ONU appelle \u00e0 une forte mobilisation en faveur de l&#8217;acc\u00e8s \u00e0 l&#8217;eau propre et \u00e0 l&#8217;assainissement"}]},{"@type":"WebSite","@id":"https:\/\/www.un.org\/pga\/72\/#website","url":"https:\/\/www.un.org\/pga\/72\/","name":"Assembl\u00e9e g\u00e9n\u00e9rale des Nations Unies","description":"Pr\u00e9sident de la 72e session","potentialAction":[{"@type":"SearchAction","target":{"@type":"EntryPoint","urlTemplate":"https:\/\/www.un.org\/pga\/72\/?s={search_term_string}"},"query-input":{"@type":"PropertyValueSpecification","valueRequired":true,"valueName":"search_term_string"}}],"inLanguage":"fr-FR"},{"@type":"Person","@id":"https:\/\/www.un.org\/pga\/72\/#\/schema\/person\/a8ead7780726e582c2b9afb7daa2d930","name":"Sophie Farigoul","image":{"@type":"ImageObject","inLanguage":"fr-FR","@id":"https:\/\/secure.gravatar.com\/avatar\/108bf7056e36e7bc4c0904c6486b1358f9e93fcd7714ef259fc4b7db4d822b40?s=96&d=mm&r=g","url":"https:\/\/secure.gravatar.com\/avatar\/108bf7056e36e7bc4c0904c6486b1358f9e93fcd7714ef259fc4b7db4d822b40?s=96&d=mm&r=g","contentUrl":"https:\/\/secure.gravatar.com\/avatar\/108bf7056e36e7bc4c0904c6486b1358f9e93fcd7714ef259fc4b7db4d822b40?s=96&d=mm&r=g","caption":"Sophie Farigoul"},"url":"https:\/\/www.un.org\/pga\/72\/fr\/author\/farigoulun-org\/"}]}},"_links":{"self":[{"href":"https:\/\/www.un.org\/pga\/72\/fr\/wp-json\/wp\/v2\/posts\/113764","targetHints":{"allow":["GET"]}}],"collection":[{"href":"https:\/\/www.un.org\/pga\/72\/fr\/wp-json\/wp\/v2\/posts"}],"about":[{"href":"https:\/\/www.un.org\/pga\/72\/fr\/wp-json\/wp\/v2\/types\/post"}],"author":[{"embeddable":true,"href":"https:\/\/www.un.org\/pga\/72\/fr\/wp-json\/wp\/v2\/users\/210"}],"replies":[{"embeddable":true,"href":"https:\/\/www.un.org\/pga\/72\/fr\/wp-json\/wp\/v2\/comments?post=113764"}],"version-history":[{"count":0,"href":"https:\/\/www.un.org\/pga\/72\/fr\/wp-json\/wp\/v2\/posts\/113764\/revisions"}],"wp:featuredmedia":[{"embeddable":true,"href":"https:\/\/www.un.org\/pga\/72\/fr\/wp-json\/wp\/v2\/media\/114305"}],"wp:attachment":[{"href":"https:\/\/www.un.org\/pga\/72\/fr\/wp-json\/wp\/v2\/media?parent=113764"}],"wp:term":[{"taxonomy":"category","embeddable":true,"href":"https:\/\/www.un.org\/pga\/72\/fr\/wp-json\/wp\/v2\/categories?post=113764"},{"taxonomy":"post_tag","embeddable":true,"href":"https:\/\/www.un.org\/pga\/72\/fr\/wp-json\/wp\/v2\/tags?post=113764"}],"curies":[{"name":"wp","href":"https:\/\/api.w.org\/{rel}","templated":true}]}}