  {"id":117115,"date":"2017-09-11T13:41:56","date_gmt":"2017-09-11T17:41:56","guid":{"rendered":"http:\/\/www.un.org\/pga\/72\/?p=117115\/"},"modified":"2017-11-03T17:27:09","modified_gmt":"2017-11-03T21:27:09","slug":"l-assemblee-generale-clot-sa-71e-session","status":"publish","type":"post","link":"https:\/\/www.un.org\/pga\/72\/fr\/2017\/09\/11\/l-assemblee-generale-clot-sa-71e-session\/","title":{"rendered":"L&rsquo;Assembl\u00e9e g\u00e9n\u00e9rale cl\u00f4t sa 71e session, marqu\u00e9e notamment par la Conf\u00e9rence sur les oc\u00e9ans"},"content":{"rendered":"<p>[et_pb_section bb_built=\u00a0\u00bb1&Prime;][et_pb_row][et_pb_column type=\u00a0\u00bb4_4&Prime;][et_pb_text _builder_version=\u00a0\u00bb3.0.69&Prime; background_layout=\u00a0\u00bblight\u00a0\u00bb text_orientation=\u00a0\u00bbleft\u00a0\u00bb border_style=\u00a0\u00bbsolid\u00a0\u00bb]<\/p>\n<h4>L&rsquo;Assembl\u00e9e g\u00e9n\u00e9rale cl\u00f4t sa 71e session, marqu\u00e9e notamment par la Conf\u00e9rence sur les oc\u00e9ans<\/h4>\n<p>11 septembre 2017 \u2013 L&rsquo;Assembl\u00e9e g\u00e9n\u00e9rale des Nations Unies a clos lundi sa 71e session, l&rsquo;occasion pour le Secr\u00e9taire g\u00e9n\u00e9ral de l&rsquo;ONU, Ant\u00f3nio Guterres, de saluer le travail effectu\u00e9 par le Pr\u00e9sident de cette session, Peter Thomson, pour \u00ab nous rassembler \u00bb, au cours de son mandat d&rsquo;un an.<\/p>\n<p>Selon M. Guterres, cet esprit d&rsquo;unit\u00e9 rev\u00eat une importance particuli\u00e8re en ce jour, le 16e anniversaire des \u00ab horribles \u00bb attaques terroristes contre le World Trade Center \u00e0 New York et d&rsquo;autre cibles. Au cours de ces attaques, \u00ab de nombreux \u00c9tats membres ont vu leurs citoyens assassin\u00e9s \u00bb, a-t-il rappel\u00e9.<\/p>\n<p>Le Secr\u00e9taire g\u00e9n\u00e9ral a relev\u00e9, parmi les faits saillants de la 71e session de l&rsquo;Assembl\u00e9e g\u00e9n\u00e9rale, la r\u00e9union de haut niveau sur les vastes mouvements de r\u00e9fugi\u00e9s et de migrants, qui a conduit \u00e0 l&rsquo;adoption de la D\u00e9claration de New York.<\/p>\n<p>La Revue de politique globale quadriennale, portant sur les activit\u00e9s de d\u00e9veloppement, a donn\u00e9 lieu \u00e0 un repositionnement des Nations Unies de mani\u00e8re \u00e0 mieux appuyer les pays dans la mise en oeuvre du Programme de d\u00e9veloppement durable \u00e0 l&rsquo;horizon 2030.<\/p>\n<p>M. Guterres a \u00e9galement soulign\u00e9, parmi les succ\u00e8s de cette session de l&rsquo;Assembl\u00e9e g\u00e9n\u00e9rale, la Conf\u00e9rence sur les oc\u00e9ans, en juin 2017, qui a montr\u00e9 l&rsquo;impact que peuvent avoir de petits \u00c9tats insulaires en d\u00e9veloppement tels que Fidji.<\/p>\n<p>Par ailleurs, M. Guterres s&rsquo;est f\u00e9licit\u00e9 du fait que l&rsquo;Assembl\u00e9e g\u00e9n\u00e9rale a continu\u00e9 de servir de forum pour les probl\u00e8mes mondiaux urgents tels que la traite des personnes, et d&rsquo;ouvrir ses portes \u00e0 des \u00ab partenaires essentiels \u00bb comme la soci\u00e9t\u00e9 civile, le secteur priv\u00e9, et les jeunes.<\/p>\n<p>Le Secr\u00e9taire g\u00e9n\u00e9ral a remerci\u00e9 M. Thomson pour avoir fait sienne sa proposition de cr\u00e9er le Bureau de lutte contre le terrorisme, un \u00e9l\u00e9ment cl\u00e9 des r\u00e9formes qu&rsquo;il a lanc\u00e9es. \u00ab Vous pouvez \u00eatre tr\u00e8s fier de vos r\u00e9alisations \u00bb, a conclu le Secr\u00e9taire g\u00e9n\u00e9ral, avant de souhaiter bonne chance au Pr\u00e9sident de la 72e session de l&rsquo;Assembl\u00e9e g\u00e9n\u00e9rale, Miroslav Lajcak.<\/p>\n<p>De son c\u00f4t\u00e9, dans son dernier discours en tant que Pr\u00e9sident de l&rsquo;Assembl\u00e9e g\u00e9n\u00e9rale, M. Thomson a exhort\u00e9 la communaut\u00e9 internationale \u00e0 sensibiliser l&rsquo;opinion publique aux changements de comportement n\u00e9cessaires pour cr\u00e9er une fa\u00e7on de vivre plus durable et combattre le changement climatique.<\/p>\n<p>\u201cNous devons nous servir du pouvoir de l&rsquo;innovation et de la technologie pour mettre en \u0153uvre les ODD et lutter contre le changement climatique \u00e0 la vitesse et \u00e0 l&rsquo;\u00e9chelle requises\u201d, a-t-il d\u00e9clar\u00e9. \u201cNous assistons \u00e0 des changements exponentiels dans de multiples domaines de la technologie et nous devons g\u00e9rer les risques et saisir les opportunit\u00e9s pour le bien commun de l&rsquo;humanit\u00e9 et de la plan\u00e8te\u201d.<\/p>\n<p><a href=\"http:\/\/www.un.org\/french\/newscentre\/\">Source : ONU Info<\/a><\/p>\n<p>[\/et_pb_text][\/et_pb_column][\/et_pb_row][\/et_pb_section]<\/p>\n","protected":false},"excerpt":{"rendered":"<p>L&rsquo;Assembl\u00e9e g\u00e9n\u00e9rale des Nations Unies a clos lundi sa 71e session, l&rsquo;occasion pour le Secr\u00e9taire g\u00e9n\u00e9ral de l&rsquo;ONU, Ant\u00f3nio Guterres, de saluer le travail effectu\u00e9 par le Pr\u00e9sident de cette session, Peter Thomson, pour \u00ab nous rassembler \u00bb, au cours de son mandat d&rsquo;un an.<\/p>\n","protected":false},"author":210,"featured_media":117091,"comment_status":"closed","ping_status":"closed","sticky":false,"template":"","format":"standard","meta":{"_et_pb_use_builder":"on","_et_pb_old_content":"","_et_gb_content_width":"","footnotes":"","_links_to":"","_links_to_target":""},"categories":[73],"tags":[],"class_list":["post-117115","post","type-post","status-publish","format-standard","has-post-thumbnail","hentry","category-newsandupdates-fr","et-has-post-format-content","et_post_format-et-post-format-standard"],"yoast_head":"<!-- This site is optimized with the Yoast SEO plugin v28.3 - https:\/\/yoast.com\/product\/yoast-seo-wordpress\/ -->\n<title>L&#039;Assembl\u00e9e g\u00e9n\u00e9rale cl\u00f4t sa 71e session, marqu\u00e9e notamment par la Conf\u00e9rence sur les oc\u00e9ans - Assembl\u00e9e g\u00e9n\u00e9rale des Nations Unies<\/title>\n<meta name=\"robots\" content=\"index, follow, max-snippet:-1, max-image-preview:large, max-video-preview:-1\" \/>\n<link rel=\"canonical\" href=\"https:\/\/www.un.org\/pga\/72\/fr\/2017\/09\/11\/l-assemblee-generale-clot-sa-71e-session\/\" \/>\n<meta property=\"og:locale\" content=\"fr_FR\" \/>\n<meta property=\"og:type\" content=\"article\" \/>\n<meta property=\"og:title\" content=\"L&#039;Assembl\u00e9e g\u00e9n\u00e9rale cl\u00f4t sa 71e session, marqu\u00e9e notamment par la Conf\u00e9rence sur les oc\u00e9ans - Assembl\u00e9e g\u00e9n\u00e9rale des Nations Unies\" \/>\n<meta property=\"og:description\" content=\"L&#039;Assembl\u00e9e g\u00e9n\u00e9rale des Nations Unies a clos lundi sa 71e session, l&#039;occasion pour le Secr\u00e9taire g\u00e9n\u00e9ral de l&#039;ONU, Ant\u00f3nio Guterres, de saluer le travail effectu\u00e9 par le Pr\u00e9sident de cette session, Peter Thomson, pour \u00ab nous rassembler \u00bb, au cours de son mandat d&#039;un an.\" \/>\n<meta property=\"og:url\" content=\"https:\/\/www.un.org\/pga\/72\/fr\/2017\/09\/11\/l-assemblee-generale-clot-sa-71e-session\/\" \/>\n<meta property=\"og:site_name\" content=\"Assembl\u00e9e g\u00e9n\u00e9rale des Nations Unies\" \/>\n<meta property=\"article:published_time\" content=\"2017-09-11T17:41:56+00:00\" \/>\n<meta property=\"article:modified_time\" content=\"2017-11-03T21:27:09+00:00\" \/>\n<meta property=\"og:image\" content=\"https:\/\/www.un.org\/pga\/wp-content\/uploads\/sites\/51\/2017\/09\/731848-GA-72nd-President-1.jpg\" \/>\n\t<meta property=\"og:image:width\" content=\"1024\" \/>\n\t<meta property=\"og:image:height\" content=\"683\" \/>\n\t<meta property=\"og:image:type\" content=\"image\/jpeg\" \/>\n<meta name=\"author\" content=\"Sophie Farigoul\" \/>\n<meta name=\"twitter:card\" content=\"summary_large_image\" \/>\n<meta name=\"twitter:label1\" content=\"\u00c9crit par\" \/>\n\t<meta name=\"twitter:data1\" content=\"Sophie Farigoul\" \/>\n\t<meta name=\"twitter:label2\" content=\"Dur\u00e9e de lecture estim\u00e9e\" \/>\n\t<meta name=\"twitter:data2\" content=\"3 minutes\" \/>\n<script type=\"application\/ld+json\" class=\"yoast-schema-graph\">{\"@context\":\"https:\\\/\\\/schema.org\",\"@graph\":[{\"@type\":\"Article\",\"@id\":\"https:\\\/\\\/www.un.org\\\/pga\\\/72\\\/fr\\\/2017\\\/09\\\/11\\\/l-assemblee-generale-clot-sa-71e-session\\\/#article\",\"isPartOf\":{\"@id\":\"https:\\\/\\\/www.un.org\\\/pga\\\/72\\\/fr\\\/2017\\\/09\\\/11\\\/l-assemblee-generale-clot-sa-71e-session\\\/\"},\"author\":{\"name\":\"Sophie Farigoul\",\"@id\":\"https:\\\/\\\/www.un.org\\\/pga\\\/72\\\/#\\\/schema\\\/person\\\/a8ead7780726e582c2b9afb7daa2d930\"},\"headline\":\"L&rsquo;Assembl\u00e9e g\u00e9n\u00e9rale cl\u00f4t sa 71e session, marqu\u00e9e notamment par la Conf\u00e9rence sur les oc\u00e9ans\",\"datePublished\":\"2017-09-11T17:41:56+00:00\",\"dateModified\":\"2017-11-03T21:27:09+00:00\",\"mainEntityOfPage\":{\"@id\":\"https:\\\/\\\/www.un.org\\\/pga\\\/72\\\/fr\\\/2017\\\/09\\\/11\\\/l-assemblee-generale-clot-sa-71e-session\\\/\"},\"wordCount\":585,\"image\":{\"@id\":\"https:\\\/\\\/www.un.org\\\/pga\\\/72\\\/fr\\\/2017\\\/09\\\/11\\\/l-assemblee-generale-clot-sa-71e-session\\\/#primaryimage\"},\"thumbnailUrl\":\"https:\\\/\\\/www.un.org\\\/pga\\\/wp-content\\\/uploads\\\/sites\\\/51\\\/2017\\\/09\\\/731848-GA-72nd-President-1.jpg\",\"articleSection\":[\"News And Updates\"],\"inLanguage\":\"fr-FR\"},{\"@type\":\"WebPage\",\"@id\":\"https:\\\/\\\/www.un.org\\\/pga\\\/72\\\/fr\\\/2017\\\/09\\\/11\\\/l-assemblee-generale-clot-sa-71e-session\\\/\",\"url\":\"https:\\\/\\\/www.un.org\\\/pga\\\/72\\\/fr\\\/2017\\\/09\\\/11\\\/l-assemblee-generale-clot-sa-71e-session\\\/\",\"name\":\"L'Assembl\u00e9e g\u00e9n\u00e9rale cl\u00f4t sa 71e session, marqu\u00e9e notamment par la Conf\u00e9rence sur les oc\u00e9ans - Assembl\u00e9e g\u00e9n\u00e9rale des Nations Unies\",\"isPartOf\":{\"@id\":\"https:\\\/\\\/www.un.org\\\/pga\\\/72\\\/#website\"},\"primaryImageOfPage\":{\"@id\":\"https:\\\/\\\/www.un.org\\\/pga\\\/72\\\/fr\\\/2017\\\/09\\\/11\\\/l-assemblee-generale-clot-sa-71e-session\\\/#primaryimage\"},\"image\":{\"@id\":\"https:\\\/\\\/www.un.org\\\/pga\\\/72\\\/fr\\\/2017\\\/09\\\/11\\\/l-assemblee-generale-clot-sa-71e-session\\\/#primaryimage\"},\"thumbnailUrl\":\"https:\\\/\\\/www.un.org\\\/pga\\\/wp-content\\\/uploads\\\/sites\\\/51\\\/2017\\\/09\\\/731848-GA-72nd-President-1.jpg\",\"datePublished\":\"2017-09-11T17:41:56+00:00\",\"dateModified\":\"2017-11-03T21:27:09+00:00\",\"author\":{\"@id\":\"https:\\\/\\\/www.un.org\\\/pga\\\/72\\\/#\\\/schema\\\/person\\\/a8ead7780726e582c2b9afb7daa2d930\"},\"breadcrumb\":{\"@id\":\"https:\\\/\\\/www.un.org\\\/pga\\\/72\\\/fr\\\/2017\\\/09\\\/11\\\/l-assemblee-generale-clot-sa-71e-session\\\/#breadcrumb\"},\"inLanguage\":\"fr-FR\",\"potentialAction\":[{\"@type\":\"ReadAction\",\"target\":[\"https:\\\/\\\/www.un.org\\\/pga\\\/72\\\/fr\\\/2017\\\/09\\\/11\\\/l-assemblee-generale-clot-sa-71e-session\\\/\"]}]},{\"@type\":\"ImageObject\",\"inLanguage\":\"fr-FR\",\"@id\":\"https:\\\/\\\/www.un.org\\\/pga\\\/72\\\/fr\\\/2017\\\/09\\\/11\\\/l-assemblee-generale-clot-sa-71e-session\\\/#primaryimage\",\"url\":\"https:\\\/\\\/www.un.org\\\/pga\\\/wp-content\\\/uploads\\\/sites\\\/51\\\/2017\\\/09\\\/731848-GA-72nd-President-1.jpg\",\"contentUrl\":\"https:\\\/\\\/www.un.org\\\/pga\\\/wp-content\\\/uploads\\\/sites\\\/51\\\/2017\\\/09\\\/731848-GA-72nd-President-1.jpg\",\"width\":1024,\"height\":683,\"caption\":\"Peter Thomson (\u00e0 g.), Pr\u00e9sident de la 71e session de l\u2019Assembl\u00e9e g\u00e9n\u00e9rale (AG), passe le marteau \u00e0 Miroslav Lajcak (\u00e0 d.), Pr\u00e9sident de la 72e session de l\u2019AG en pr\u00e9sence du Secr\u00e9taire g\u00e9n\u00e9ral de l\u2019ONU. Photo ONU\\\/Eskinder Debebe\"},{\"@type\":\"BreadcrumbList\",\"@id\":\"https:\\\/\\\/www.un.org\\\/pga\\\/72\\\/fr\\\/2017\\\/09\\\/11\\\/l-assemblee-generale-clot-sa-71e-session\\\/#breadcrumb\",\"itemListElement\":[{\"@type\":\"ListItem\",\"position\":1,\"name\":\"Home\",\"item\":\"https:\\\/\\\/www.un.org\\\/pga\\\/72\\\/fr\\\/\"},{\"@type\":\"ListItem\",\"position\":2,\"name\":\"L&#8217;Assembl\u00e9e g\u00e9n\u00e9rale cl\u00f4t sa 71e session, marqu\u00e9e notamment par la Conf\u00e9rence sur les oc\u00e9ans\"}]},{\"@type\":\"WebSite\",\"@id\":\"https:\\\/\\\/www.un.org\\\/pga\\\/72\\\/#website\",\"url\":\"https:\\\/\\\/www.un.org\\\/pga\\\/72\\\/\",\"name\":\"Assembl\u00e9e g\u00e9n\u00e9rale des Nations Unies\",\"description\":\"Pr\u00e9sident de la 72e session\",\"potentialAction\":[{\"@type\":\"SearchAction\",\"target\":{\"@type\":\"EntryPoint\",\"urlTemplate\":\"https:\\\/\\\/www.un.org\\\/pga\\\/72\\\/?s={search_term_string}\"},\"query-input\":{\"@type\":\"PropertyValueSpecification\",\"valueRequired\":true,\"valueName\":\"search_term_string\"}}],\"inLanguage\":\"fr-FR\"},{\"@type\":\"Person\",\"@id\":\"https:\\\/\\\/www.un.org\\\/pga\\\/72\\\/#\\\/schema\\\/person\\\/a8ead7780726e582c2b9afb7daa2d930\",\"name\":\"Sophie Farigoul\",\"image\":{\"@type\":\"ImageObject\",\"inLanguage\":\"fr-FR\",\"@id\":\"https:\\\/\\\/secure.gravatar.com\\\/avatar\\\/108bf7056e36e7bc4c0904c6486b1358f9e93fcd7714ef259fc4b7db4d822b40?s=96&d=mm&r=g\",\"url\":\"https:\\\/\\\/secure.gravatar.com\\\/avatar\\\/108bf7056e36e7bc4c0904c6486b1358f9e93fcd7714ef259fc4b7db4d822b40?s=96&d=mm&r=g\",\"contentUrl\":\"https:\\\/\\\/secure.gravatar.com\\\/avatar\\\/108bf7056e36e7bc4c0904c6486b1358f9e93fcd7714ef259fc4b7db4d822b40?s=96&d=mm&r=g\",\"caption\":\"Sophie Farigoul\"},\"url\":\"https:\\\/\\\/www.un.org\\\/pga\\\/72\\\/fr\\\/author\\\/farigoulun-org\\\/\"}]}<\/script>\n<!-- \/ Yoast SEO plugin. -->","yoast_head_json":{"title":"L'Assembl\u00e9e g\u00e9n\u00e9rale cl\u00f4t sa 71e session, marqu\u00e9e notamment par la Conf\u00e9rence sur les oc\u00e9ans - Assembl\u00e9e g\u00e9n\u00e9rale des Nations Unies","robots":{"index":"index","follow":"follow","max-snippet":"max-snippet:-1","max-image-preview":"max-image-preview:large","max-video-preview":"max-video-preview:-1"},"canonical":"https:\/\/www.un.org\/pga\/72\/fr\/2017\/09\/11\/l-assemblee-generale-clot-sa-71e-session\/","og_locale":"fr_FR","og_type":"article","og_title":"L'Assembl\u00e9e g\u00e9n\u00e9rale cl\u00f4t sa 71e session, marqu\u00e9e notamment par la Conf\u00e9rence sur les oc\u00e9ans - Assembl\u00e9e g\u00e9n\u00e9rale des Nations Unies","og_description":"L'Assembl\u00e9e g\u00e9n\u00e9rale des Nations Unies a clos lundi sa 71e session, l'occasion pour le Secr\u00e9taire g\u00e9n\u00e9ral de l'ONU, Ant\u00f3nio Guterres, de saluer le travail effectu\u00e9 par le Pr\u00e9sident de cette session, Peter Thomson, pour \u00ab nous rassembler \u00bb, au cours de son mandat d'un an.","og_url":"https:\/\/www.un.org\/pga\/72\/fr\/2017\/09\/11\/l-assemblee-generale-clot-sa-71e-session\/","og_site_name":"Assembl\u00e9e g\u00e9n\u00e9rale des Nations Unies","article_published_time":"2017-09-11T17:41:56+00:00","article_modified_time":"2017-11-03T21:27:09+00:00","og_image":[{"width":1024,"height":683,"url":"https:\/\/www.un.org\/pga\/wp-content\/uploads\/sites\/51\/2017\/09\/731848-GA-72nd-President-1.jpg","type":"image\/jpeg"}],"author":"Sophie Farigoul","twitter_card":"summary_large_image","twitter_misc":{"\u00c9crit par":"Sophie Farigoul","Dur\u00e9e de lecture estim\u00e9e":"3 minutes"},"schema":{"@context":"https:\/\/schema.org","@graph":[{"@type":"Article","@id":"https:\/\/www.un.org\/pga\/72\/fr\/2017\/09\/11\/l-assemblee-generale-clot-sa-71e-session\/#article","isPartOf":{"@id":"https:\/\/www.un.org\/pga\/72\/fr\/2017\/09\/11\/l-assemblee-generale-clot-sa-71e-session\/"},"author":{"name":"Sophie Farigoul","@id":"https:\/\/www.un.org\/pga\/72\/#\/schema\/person\/a8ead7780726e582c2b9afb7daa2d930"},"headline":"L&rsquo;Assembl\u00e9e g\u00e9n\u00e9rale cl\u00f4t sa 71e session, marqu\u00e9e notamment par la Conf\u00e9rence sur les oc\u00e9ans","datePublished":"2017-09-11T17:41:56+00:00","dateModified":"2017-11-03T21:27:09+00:00","mainEntityOfPage":{"@id":"https:\/\/www.un.org\/pga\/72\/fr\/2017\/09\/11\/l-assemblee-generale-clot-sa-71e-session\/"},"wordCount":585,"image":{"@id":"https:\/\/www.un.org\/pga\/72\/fr\/2017\/09\/11\/l-assemblee-generale-clot-sa-71e-session\/#primaryimage"},"thumbnailUrl":"https:\/\/www.un.org\/pga\/wp-content\/uploads\/sites\/51\/2017\/09\/731848-GA-72nd-President-1.jpg","articleSection":["News And Updates"],"inLanguage":"fr-FR"},{"@type":"WebPage","@id":"https:\/\/www.un.org\/pga\/72\/fr\/2017\/09\/11\/l-assemblee-generale-clot-sa-71e-session\/","url":"https:\/\/www.un.org\/pga\/72\/fr\/2017\/09\/11\/l-assemblee-generale-clot-sa-71e-session\/","name":"L'Assembl\u00e9e g\u00e9n\u00e9rale cl\u00f4t sa 71e session, marqu\u00e9e notamment par la Conf\u00e9rence sur les oc\u00e9ans - Assembl\u00e9e g\u00e9n\u00e9rale des Nations Unies","isPartOf":{"@id":"https:\/\/www.un.org\/pga\/72\/#website"},"primaryImageOfPage":{"@id":"https:\/\/www.un.org\/pga\/72\/fr\/2017\/09\/11\/l-assemblee-generale-clot-sa-71e-session\/#primaryimage"},"image":{"@id":"https:\/\/www.un.org\/pga\/72\/fr\/2017\/09\/11\/l-assemblee-generale-clot-sa-71e-session\/#primaryimage"},"thumbnailUrl":"https:\/\/www.un.org\/pga\/wp-content\/uploads\/sites\/51\/2017\/09\/731848-GA-72nd-President-1.jpg","datePublished":"2017-09-11T17:41:56+00:00","dateModified":"2017-11-03T21:27:09+00:00","author":{"@id":"https:\/\/www.un.org\/pga\/72\/#\/schema\/person\/a8ead7780726e582c2b9afb7daa2d930"},"breadcrumb":{"@id":"https:\/\/www.un.org\/pga\/72\/fr\/2017\/09\/11\/l-assemblee-generale-clot-sa-71e-session\/#breadcrumb"},"inLanguage":"fr-FR","potentialAction":[{"@type":"ReadAction","target":["https:\/\/www.un.org\/pga\/72\/fr\/2017\/09\/11\/l-assemblee-generale-clot-sa-71e-session\/"]}]},{"@type":"ImageObject","inLanguage":"fr-FR","@id":"https:\/\/www.un.org\/pga\/72\/fr\/2017\/09\/11\/l-assemblee-generale-clot-sa-71e-session\/#primaryimage","url":"https:\/\/www.un.org\/pga\/wp-content\/uploads\/sites\/51\/2017\/09\/731848-GA-72nd-President-1.jpg","contentUrl":"https:\/\/www.un.org\/pga\/wp-content\/uploads\/sites\/51\/2017\/09\/731848-GA-72nd-President-1.jpg","width":1024,"height":683,"caption":"Peter Thomson (\u00e0 g.), Pr\u00e9sident de la 71e session de l\u2019Assembl\u00e9e g\u00e9n\u00e9rale (AG), passe le marteau \u00e0 Miroslav Lajcak (\u00e0 d.), Pr\u00e9sident de la 72e session de l\u2019AG en pr\u00e9sence du Secr\u00e9taire g\u00e9n\u00e9ral de l\u2019ONU. Photo ONU\/Eskinder Debebe"},{"@type":"BreadcrumbList","@id":"https:\/\/www.un.org\/pga\/72\/fr\/2017\/09\/11\/l-assemblee-generale-clot-sa-71e-session\/#breadcrumb","itemListElement":[{"@type":"ListItem","position":1,"name":"Home","item":"https:\/\/www.un.org\/pga\/72\/fr\/"},{"@type":"ListItem","position":2,"name":"L&#8217;Assembl\u00e9e g\u00e9n\u00e9rale cl\u00f4t sa 71e session, marqu\u00e9e notamment par la Conf\u00e9rence sur les oc\u00e9ans"}]},{"@type":"WebSite","@id":"https:\/\/www.un.org\/pga\/72\/#website","url":"https:\/\/www.un.org\/pga\/72\/","name":"Assembl\u00e9e g\u00e9n\u00e9rale des Nations Unies","description":"Pr\u00e9sident de la 72e session","potentialAction":[{"@type":"SearchAction","target":{"@type":"EntryPoint","urlTemplate":"https:\/\/www.un.org\/pga\/72\/?s={search_term_string}"},"query-input":{"@type":"PropertyValueSpecification","valueRequired":true,"valueName":"search_term_string"}}],"inLanguage":"fr-FR"},{"@type":"Person","@id":"https:\/\/www.un.org\/pga\/72\/#\/schema\/person\/a8ead7780726e582c2b9afb7daa2d930","name":"Sophie Farigoul","image":{"@type":"ImageObject","inLanguage":"fr-FR","@id":"https:\/\/secure.gravatar.com\/avatar\/108bf7056e36e7bc4c0904c6486b1358f9e93fcd7714ef259fc4b7db4d822b40?s=96&d=mm&r=g","url":"https:\/\/secure.gravatar.com\/avatar\/108bf7056e36e7bc4c0904c6486b1358f9e93fcd7714ef259fc4b7db4d822b40?s=96&d=mm&r=g","contentUrl":"https:\/\/secure.gravatar.com\/avatar\/108bf7056e36e7bc4c0904c6486b1358f9e93fcd7714ef259fc4b7db4d822b40?s=96&d=mm&r=g","caption":"Sophie Farigoul"},"url":"https:\/\/www.un.org\/pga\/72\/fr\/author\/farigoulun-org\/"}]}},"_links":{"self":[{"href":"https:\/\/www.un.org\/pga\/72\/fr\/wp-json\/wp\/v2\/posts\/117115","targetHints":{"allow":["GET"]}}],"collection":[{"href":"https:\/\/www.un.org\/pga\/72\/fr\/wp-json\/wp\/v2\/posts"}],"about":[{"href":"https:\/\/www.un.org\/pga\/72\/fr\/wp-json\/wp\/v2\/types\/post"}],"author":[{"embeddable":true,"href":"https:\/\/www.un.org\/pga\/72\/fr\/wp-json\/wp\/v2\/users\/210"}],"replies":[{"embeddable":true,"href":"https:\/\/www.un.org\/pga\/72\/fr\/wp-json\/wp\/v2\/comments?post=117115"}],"version-history":[{"count":0,"href":"https:\/\/www.un.org\/pga\/72\/fr\/wp-json\/wp\/v2\/posts\/117115\/revisions"}],"wp:featuredmedia":[{"embeddable":true,"href":"https:\/\/www.un.org\/pga\/72\/fr\/wp-json\/wp\/v2\/media\/117091"}],"wp:attachment":[{"href":"https:\/\/www.un.org\/pga\/72\/fr\/wp-json\/wp\/v2\/media?parent=117115"}],"wp:term":[{"taxonomy":"category","embeddable":true,"href":"https:\/\/www.un.org\/pga\/72\/fr\/wp-json\/wp\/v2\/categories?post=117115"},{"taxonomy":"post_tag","embeddable":true,"href":"https:\/\/www.un.org\/pga\/72\/fr\/wp-json\/wp\/v2\/tags?post=117115"}],"curies":[{"name":"wp","href":"https:\/\/api.w.org\/{rel}","templated":true}]}}