  {"id":117249,"date":"2017-09-15T14:30:28","date_gmt":"2017-09-15T18:30:28","guid":{"rendered":"http:\/\/www.un.org\/pga\/72\/?p=117249\/"},"modified":"2017-11-03T17:27:27","modified_gmt":"2017-11-03T21:27:27","slug":"entretien-le-nouveau-president-de-lassemblee-generale-des-nations-unies-veut-obtenir-des-resultats-pendant-son-mandat","status":"publish","type":"post","link":"https:\/\/www.un.org\/pga\/72\/fr\/2017\/09\/15\/entretien-le-nouveau-president-de-lassemblee-generale-des-nations-unies-veut-obtenir-des-resultats-pendant-son-mandat\/","title":{"rendered":"ENTRETIEN : le nouveau Pr\u00e9sident de l&rsquo;Assembl\u00e9e g\u00e9n\u00e9rale des Nations Unies veut obtenir des r\u00e9sultats pendant son mandat"},"content":{"rendered":"<p>12 septembre 2017 \u2013 Miroslav Laj\u010d\u00e1k esp\u00e8re que, sous sa pr\u00e9sidence, l&rsquo;Assembl\u00e9e g\u00e9n\u00e9rale des Nations Unies va surmonter les int\u00e9r\u00eats nationaux \u00e9troits et arriver \u00e0 des r\u00e9sultats tangibles pour les gens.<\/p>\n<p>\u00ab J&rsquo;esp\u00e8re que la 72e session de l&rsquo;Assembl\u00e9e g\u00e9n\u00e9rale sera bonne, productive et aboutira \u00e0 de nombreuses solutions concr\u00e8tes aux probl\u00e8mes du monde \u00bb, a d\u00e9clar\u00e9 M. Laj\u010d\u00e1k \u00e0 ONU Info avant l&rsquo;ouverture de la session inaugurale ce mardi.<\/p>\n<p>Ce diplomate de carri\u00e8re de Slovaquie, \u00e9lu par les 193 membres de l&rsquo;Assembl\u00e9e g\u00e9n\u00e9rale, a soulign\u00e9 que deux des questions les plus pressantes au monde &#8211; les conflits et les migrations \u2013 \u00e9taient ses priorit\u00e9s.<\/p>\n<p>\u00ab Je souhaite donc porter mon attention \u00e0 ce que nous pouvons am\u00e9liorer pour pr\u00e9venir les conflits, parce qu&rsquo;en \u00e9vitant les conflits, nous \u00e9conomisons des vies humaines et nous \u00e9conomisons \u00e9galement de l&rsquo;argent \u00bb, a-t-il dit, tout en notant que les \u00c9tats membres consacreront aussi du temps et de l&rsquo;\u00e9nergie \u00e0 la r\u00e9daction d&rsquo;un pacte mondial sur les migrations, qui devrait \u00eatre adopt\u00e9 en 2018.<\/p>\n<p>Apr\u00e8s avoir connu des missions difficiles, en particulier dans les Balkans, M. Laj\u010d\u00e1k a d\u00e9clar\u00e9 qu&rsquo;il comprenait ce qu&rsquo;il fallait faire pour r\u00e9ussir dans le multilat\u00e9ralisme.<\/p>\n<p>\u00ab Si nous sommes en d\u00e9saccord, ce n&rsquo;est pas une raison de se punir, mais d&rsquo;essayer de trouver un consensus ou un compromis. C&rsquo;est ce que je consid\u00e8re comme l&rsquo;essence de la diplomatie \u00bb, a-t-il d\u00e9clar\u00e9.<\/p>\n<h5><em>ONU Info : Comment voyez-vous le r\u00f4le de l&rsquo;Assembl\u00e9e g\u00e9n\u00e9rale au 21e si\u00e8cle ?<\/em><\/h5>\n<p>Miroslav Laj\u010d\u00e1k : L&rsquo;Assembl\u00e9e g\u00e9n\u00e9rale est un organe unique. C&rsquo;est l&rsquo;organe le plus repr\u00e9sentatif des Nations Unies, o\u00f9 l&rsquo;ensemble des 193 \u00c9tats Membres sont pr\u00e9sents. Chacun a une voix, ind\u00e9pendamment de sa taille, de sa puissance ou de sa richesse. Cela donne \u00e0 cet organe une \u00e9norme autorit\u00e9. De plus, selon la Charte [des Nations Unies], l&rsquo;Assembl\u00e9e g\u00e9n\u00e9rale peut discuter de n&rsquo;importe quelle question. Donc, je souhaite que l&rsquo;Assembl\u00e9e g\u00e9n\u00e9rale soit un organe o\u00f9 les questions les plus importantes soient discut\u00e9es et o\u00f9 nous soyons en mesure de produire des r\u00e9ponses aux questions que les gens se posent.<\/p>\n<h5><em>ONU Info : Quels sont vos espoirs pour la nouvelle session ? Que consid\u00e9rez-vous comme les plus grands d\u00e9fis ?<\/em><\/h5>\n<p>Miroslav Laj\u010d\u00e1k : J&rsquo;esp\u00e8re que la 72e session de l&rsquo;Assembl\u00e9e g\u00e9n\u00e9rale sera bonne, productive et aboutira \u00e0 de nombreuses solutions concr\u00e8tes aux probl\u00e8mes du monde. Tout d&rsquo;abord, il y a la pr\u00e9vention des conflits, car je ne pense pas que nous pouvons dire que nous contr\u00f4lons ce qui se passe autour de nous. Il y a trop de conflits, et trop peu de solutions. Je souhaite donc porter mon attention \u00e0 ce que nous pouvons am\u00e9liorer pour pr\u00e9venir les conflits, parce qu&rsquo;en \u00e9vitant les conflits, nous \u00e9conomisons des vies humaines et nous \u00e9conomisons \u00e9galement de l&rsquo;argent.<\/p>\n<p>Et mon deuxi\u00e8me souhait est li\u00e9 \u00e0 la question des migrations. C&rsquo;est un ph\u00e9nom\u00e8ne mondial. C&rsquo;est un probl\u00e8me auquel nous sommes tous confront\u00e9s, d&rsquo;une mani\u00e8re ou d&rsquo;une autre. Nous avons pour t\u00e2che ou pour mandat de pr\u00e9parer le Pacte mondial sur les migrations. Cela prendra beaucoup de temps pendant la 72\u00e8me session. Mais j&rsquo;esp\u00e8re vraiment que nous pourrons pr\u00e9senter un document riche en substance, cr\u00e9dible et qui sera bien accueilli par nos citoyens.<\/p>\n<h5><em>ONU Info : Dans votre discours d&rsquo;acceptation, vous avez parl\u00e9 de vouloir mettre l&rsquo;accent sur six priorit\u00e9s [les gens; la paix et la pr\u00e9vention; les migrations; les objectifs de d\u00e9veloppement durable (ODD) et l&rsquo;action climatique; les droits de l&rsquo;homme; et la qualit\u00e9]. \u00c9tant donn\u00e9 l&rsquo;\u00e9tat actuel des relations internationales, envisagez-vous de continuer de porter vos efforts sur ces six priorit\u00e9s ?<\/em><\/h5>\n<p>Miroslav Laj\u010d\u00e1k : Nous devons avoir des priorit\u00e9s. En m\u00eame temps, nous devons \u00eatre souples et pouvoir affronter les probl\u00e8mes que nous n&rsquo;avons pas pr\u00e9vus au moment o\u00f9 nous avons pr\u00e9par\u00e9 ces priorit\u00e9s. Ainsi, mes six priorit\u00e9s couvrent les trois piliers du travail des Nations Unies, \u00e0 savoir la paix et la s\u00e9curit\u00e9, le d\u00e9veloppement et les droits de l&rsquo;homme, ainsi que les activit\u00e9s en cours. J&rsquo;ai d\u00e9j\u00e0 mentionn\u00e9 la paix et la pr\u00e9vention, j&rsquo;ai mentionn\u00e9 les migrations. Bien s\u00fbr, il existe un programme de d\u00e9veloppement durable et l&rsquo;action climatique sur lesquels nous devons nous concentrer. Il y a un programme de droits de l&rsquo;homme et de dignit\u00e9 humaine. Et il y a un programme pour une ONU moderne, ce qui veut dire soutenir les r\u00e9formes et adopter un budget qui nous permette de travailler pour l&rsquo;avenir. Mais comme je l&rsquo;ai dit, nous ne devons pas \u00eatre rigides sur ces priorit\u00e9s. Chaque fois qu&rsquo;il est n\u00e9cessaire d&rsquo;affronter un nouveau probl\u00e8me dont l&rsquo;ONU doit s&rsquo;occu per, nous devons \u00eatre pr\u00eats \u00e0 le faire.<\/p>\n<h5><em>ONU Info : Votre pr\u00e9d\u00e9cesseur a fait des oc\u00e9ans et des ODD une partie essentielle de son mandat. Sur quels sujets ou th\u00e8mes souhaitez-vous vous concentrer ? Et pourquoi ?<\/em><\/h5>\n<p>Miroslav Laj\u010d\u00e1k : Je ne viens pas \u00e0 ce poste avec un programme qui sera mon programme. Mon programme est celui de l&rsquo;ONU. Ce programme est tr\u00e8s charg\u00e9. Il y a beaucoup d&rsquo;\u00e9v\u00e9nements qui font d\u00e9j\u00e0 l&rsquo;objet d&rsquo;un mandat et doivent avoir lieu pendant mon mandat. Nous ne pouvons pas facilement couvrir toutes les priorit\u00e9s. Et aussi par respect pour les d\u00e9l\u00e9gations plus petites qui ont des difficult\u00e9s \u00e0 faire face \u00e0 un grand nombre de r\u00e9unions, j&rsquo;ai dit que je n&rsquo;allais pas annoncer d&rsquo;autres sujets. Je me concentrerai sur la qualit\u00e9 des r\u00e9unions qui sont d\u00e9j\u00e0 mandat\u00e9es. Je pense que, lors de ces r\u00e9unions, nous pourrons r\u00e9pondre \u00e0 toutes les priorit\u00e9s.<\/p>\n<h5><em>ONU Info : Vous avez \u00e9galement parl\u00e9 de rendre l&rsquo;Assembl\u00e9e g\u00e9n\u00e9rale plus efficace. Comment allez-vous faire ?<\/em><\/h5>\n<p>Miroslav Laj\u010d\u00e1k : La chose la plus importante pour moi est de comprendre que ce que nous faisons ici est destin\u00e9 \u00e0 am\u00e9liorer la vie des gens sur cette plan\u00e8te. Nous ne sommes pas ici pour nous-m\u00eames et nous ne sommes pas ici parce que nous voulons nous battre sur les textes de r\u00e9solutions. Ces r\u00e9solutions servent des fins concr\u00e8tes. Donc, n&rsquo;oublions pas une minute que nous devons nous concentrer sur les personnes, leur vie et leurs pr\u00e9occupations. Deuxi\u00e8mement, pour \u00eatre repr\u00e9sentatifs, nous devons \u00eatre ouverts, nous devons communiquer avec nos partenaires, avec les jeunes g\u00e9n\u00e9rations, avec les m\u00e9dias, avec les militants de la soci\u00e9t\u00e9 civile, les ONG et avec les milieux d&rsquo;affaires, afin que nous puissions refl\u00e9ter vraiment les espoirs, les besoins et les attentes du public mondial.<\/p>\n<h5><em>ONU Info : Qu&rsquo;est-ce qui vous a pouss\u00e9 \u00e0 postuler \u00e0 ce poste de Pr\u00e9sident de l&rsquo;Assembl\u00e9e g\u00e9n\u00e9rale ?<\/em><\/h5>\n<p>Miroslav Laj\u010d\u00e1k : C&rsquo;est un poste tr\u00e8s important. J&rsquo;ai toujours cru aux Nations Unies. Je suis un diplomate de carri\u00e8re. J&rsquo;ai pass\u00e9 30 ans en tant que diplomate, dont sept ans comme Ministre des affaires \u00e9trang\u00e8res. J&rsquo;ai toujours cru aux Nations Unies en tant que centre de multilat\u00e9ralisme et de diplomatie multilat\u00e9rale. Je souhaite donc utiliser ce poste pour promouvoir davantage les Nations Unies, le r\u00f4le des Nations Unies et accro\u00eetre la pertinence de l&rsquo;Organisation des Nations Unies.<\/p>\n<h5><em>ONU Info : Vous avez servi votre pays, l&rsquo;Union europ\u00e9enne et la communaut\u00e9 internationale. Comment vos exp\u00e9riences pass\u00e9es peuvent-elles faciliter votre travail ici ?<\/em><\/h5>\n<p>Miroslav Laj\u010d\u00e1k : J&rsquo;esp\u00e8re avoir appris quelque chose et compris quelque chose au cours de ces 30 ans. C&rsquo;est ce que j&rsquo;apporte avec moi dans ce m\u00e9tier. Je crois au respect. Nous pouvons \u00eatre diff\u00e9rents, nous pouvons avoir des points de vue diff\u00e9rents, des int\u00e9r\u00eats divergents, mais nous devons nous respecter et dialoguer. Malheureusement, il y a de moins en moins de dialogue et de moins en moins de volont\u00e9 d&rsquo;engager un dialogue. Nous parlons plut\u00f4t de monologues. Donc, je veux vraiment promouvoir la capacit\u00e9 de s&rsquo;\u00e9couter les uns les autres et d&rsquo;entendre ce que nous disons. Et si nous sommes en d\u00e9saccord, ce n&rsquo;est pas une raison de se punir, mais d&rsquo;essayer de trouver un consensus ou un compromis. C&rsquo;est ce que je consid\u00e8re comme l&rsquo;essence de la diplomatie.<\/p>\n<p>J&rsquo;ai connu des missions difficiles, en particulier dans les Balkans. J&rsquo;ai toujours essay\u00e9 d&rsquo;\u00e9couter les points de vue de la population locale ou les points de vue de la r\u00e9gion. Je n&rsquo;ai jamais essay\u00e9 d&rsquo;imposer une solution que j&rsquo;ai apport\u00e9e avec moi, mais j&rsquo;ai plut\u00f4t de cr\u00e9er une solution bas\u00e9e sur la compr\u00e9hension de la mentalit\u00e9 locale, de l&rsquo;histoire, de la psychologie et de la situation l\u00e0-bas. Et cela a fonctionn\u00e9 g\u00e9n\u00e9ralement. Je vais essayer de promouvoir ce principe &#8211; respect, compr\u00e9hension et dialogue &#8211; aussi dans mon travail ici.<\/p>\n<h5><em>ONU Info : Dans un an, lorsque vous ferez votre entretien de fin de mandat, qu&rsquo;esp\u00e9rez-vous pouvoir dire en tant que Pr\u00e9sident sortant de l&rsquo;Assembl\u00e9e g\u00e9n\u00e9rale ?<\/em><\/h5>\n<p>Miroslav Laj\u010d\u00e1k : J&rsquo;esp\u00e8re pouvoir dire que c&rsquo;\u00e9tait une bonne session de l&rsquo;Assembl\u00e9e g\u00e9n\u00e9rale &#8211; bonne parce que nous avons obtenu des r\u00e9sultats concrets pour les gens et que nous avons pu surmonter nos visions et nos positions nationales \u00e9troites dans l&rsquo;int\u00e9r\u00eat du compromis, ce qui est bon pour nous tous.<\/p>\n<p><a href=\"http:\/\/www.un.org\/french\/newscentre\/\">Source : ONU Info<\/a><\/p>\n","protected":false},"excerpt":{"rendered":"<p>Miroslav Laj\u010d\u00e1k esp\u00e8re que, sous sa pr\u00e9sidence, l&rsquo;Assembl\u00e9e g\u00e9n\u00e9rale des Nations Unies va surmonter les int\u00e9r\u00eats nationaux \u00e9troits et arriver \u00e0 des r\u00e9sultats tangibles pour les gens.<\/p>\n","protected":false},"author":210,"featured_media":117253,"comment_status":"closed","ping_status":"closed","sticky":false,"template":"","format":"standard","meta":{"_et_pb_use_builder":"","_et_pb_old_content":"","_et_gb_content_width":"","footnotes":"","_links_to":"","_links_to_target":""},"categories":[73],"tags":[],"class_list":["post-117249","post","type-post","status-publish","format-standard","has-post-thumbnail","hentry","category-newsandupdates-fr","et-has-post-format-content","et_post_format-et-post-format-standard"],"yoast_head":"<!-- This site is optimized with the Yoast SEO plugin v28.3 - https:\/\/yoast.com\/product\/yoast-seo-wordpress\/ -->\n<title>ENTRETIEN : le nouveau Pr\u00e9sident de l&#039;Assembl\u00e9e g\u00e9n\u00e9rale des Nations Unies veut obtenir des r\u00e9sultats pendant son mandat - Assembl\u00e9e g\u00e9n\u00e9rale des Nations Unies<\/title>\n<meta name=\"robots\" content=\"index, follow, max-snippet:-1, max-image-preview:large, max-video-preview:-1\" \/>\n<link rel=\"canonical\" href=\"https:\/\/www.un.org\/pga\/72\/fr\/2017\/09\/15\/entretien-le-nouveau-president-de-lassemblee-generale-des-nations-unies-veut-obtenir-des-resultats-pendant-son-mandat\/\" \/>\n<meta property=\"og:locale\" content=\"fr_FR\" \/>\n<meta property=\"og:type\" content=\"article\" \/>\n<meta property=\"og:title\" content=\"ENTRETIEN : le nouveau Pr\u00e9sident de l&#039;Assembl\u00e9e g\u00e9n\u00e9rale des Nations Unies veut obtenir des r\u00e9sultats pendant son mandat - Assembl\u00e9e g\u00e9n\u00e9rale des Nations Unies\" \/>\n<meta property=\"og:description\" content=\"Miroslav Laj\u010d\u00e1k esp\u00e8re que, sous sa pr\u00e9sidence, l&#039;Assembl\u00e9e g\u00e9n\u00e9rale des Nations Unies va surmonter les int\u00e9r\u00eats nationaux \u00e9troits et arriver \u00e0 des r\u00e9sultats tangibles pour les gens.\" \/>\n<meta property=\"og:url\" content=\"https:\/\/www.un.org\/pga\/72\/fr\/2017\/09\/15\/entretien-le-nouveau-president-de-lassemblee-generale-des-nations-unies-veut-obtenir-des-resultats-pendant-son-mandat\/\" \/>\n<meta property=\"og:site_name\" content=\"Assembl\u00e9e g\u00e9n\u00e9rale des Nations Unies\" \/>\n<meta property=\"article:published_time\" content=\"2017-09-15T18:30:28+00:00\" \/>\n<meta property=\"article:modified_time\" content=\"2017-11-03T21:27:27+00:00\" \/>\n<meta property=\"og:image\" content=\"https:\/\/www.un.org\/pga\/wp-content\/uploads\/sites\/51\/2017\/09\/731775-Lajcak.jpg\" \/>\n\t<meta property=\"og:image:width\" content=\"1024\" \/>\n\t<meta property=\"og:image:height\" content=\"683\" \/>\n\t<meta property=\"og:image:type\" content=\"image\/jpeg\" \/>\n<meta name=\"author\" content=\"Sophie Farigoul\" \/>\n<meta name=\"twitter:card\" content=\"summary_large_image\" \/>\n<meta name=\"twitter:label1\" content=\"\u00c9crit par\" \/>\n\t<meta name=\"twitter:data1\" content=\"Sophie Farigoul\" \/>\n\t<meta name=\"twitter:label2\" content=\"Dur\u00e9e de lecture estim\u00e9e\" \/>\n\t<meta name=\"twitter:data2\" content=\"8 minutes\" \/>\n<script type=\"application\/ld+json\" class=\"yoast-schema-graph\">{\"@context\":\"https:\\\/\\\/schema.org\",\"@graph\":[{\"@type\":\"Article\",\"@id\":\"https:\\\/\\\/www.un.org\\\/pga\\\/72\\\/fr\\\/2017\\\/09\\\/15\\\/entretien-le-nouveau-president-de-lassemblee-generale-des-nations-unies-veut-obtenir-des-resultats-pendant-son-mandat\\\/#article\",\"isPartOf\":{\"@id\":\"https:\\\/\\\/www.un.org\\\/pga\\\/72\\\/fr\\\/2017\\\/09\\\/15\\\/entretien-le-nouveau-president-de-lassemblee-generale-des-nations-unies-veut-obtenir-des-resultats-pendant-son-mandat\\\/\"},\"author\":{\"name\":\"Sophie Farigoul\",\"@id\":\"https:\\\/\\\/www.un.org\\\/pga\\\/72\\\/#\\\/schema\\\/person\\\/a8ead7780726e582c2b9afb7daa2d930\"},\"headline\":\"ENTRETIEN : le nouveau Pr\u00e9sident de l&rsquo;Assembl\u00e9e g\u00e9n\u00e9rale des Nations Unies veut obtenir des r\u00e9sultats pendant son mandat\",\"datePublished\":\"2017-09-15T18:30:28+00:00\",\"dateModified\":\"2017-11-03T21:27:27+00:00\",\"mainEntityOfPage\":{\"@id\":\"https:\\\/\\\/www.un.org\\\/pga\\\/72\\\/fr\\\/2017\\\/09\\\/15\\\/entretien-le-nouveau-president-de-lassemblee-generale-des-nations-unies-veut-obtenir-des-resultats-pendant-son-mandat\\\/\"},\"wordCount\":1718,\"image\":{\"@id\":\"https:\\\/\\\/www.un.org\\\/pga\\\/72\\\/fr\\\/2017\\\/09\\\/15\\\/entretien-le-nouveau-president-de-lassemblee-generale-des-nations-unies-veut-obtenir-des-resultats-pendant-son-mandat\\\/#primaryimage\"},\"thumbnailUrl\":\"https:\\\/\\\/www.un.org\\\/pga\\\/wp-content\\\/uploads\\\/sites\\\/51\\\/2017\\\/09\\\/731775-Lajcak.jpg\",\"articleSection\":[\"News And Updates\"],\"inLanguage\":\"fr-FR\"},{\"@type\":\"WebPage\",\"@id\":\"https:\\\/\\\/www.un.org\\\/pga\\\/72\\\/fr\\\/2017\\\/09\\\/15\\\/entretien-le-nouveau-president-de-lassemblee-generale-des-nations-unies-veut-obtenir-des-resultats-pendant-son-mandat\\\/\",\"url\":\"https:\\\/\\\/www.un.org\\\/pga\\\/72\\\/fr\\\/2017\\\/09\\\/15\\\/entretien-le-nouveau-president-de-lassemblee-generale-des-nations-unies-veut-obtenir-des-resultats-pendant-son-mandat\\\/\",\"name\":\"ENTRETIEN : le nouveau Pr\u00e9sident de l'Assembl\u00e9e g\u00e9n\u00e9rale des Nations Unies veut obtenir des r\u00e9sultats pendant son mandat - Assembl\u00e9e g\u00e9n\u00e9rale des Nations Unies\",\"isPartOf\":{\"@id\":\"https:\\\/\\\/www.un.org\\\/pga\\\/72\\\/#website\"},\"primaryImageOfPage\":{\"@id\":\"https:\\\/\\\/www.un.org\\\/pga\\\/72\\\/fr\\\/2017\\\/09\\\/15\\\/entretien-le-nouveau-president-de-lassemblee-generale-des-nations-unies-veut-obtenir-des-resultats-pendant-son-mandat\\\/#primaryimage\"},\"image\":{\"@id\":\"https:\\\/\\\/www.un.org\\\/pga\\\/72\\\/fr\\\/2017\\\/09\\\/15\\\/entretien-le-nouveau-president-de-lassemblee-generale-des-nations-unies-veut-obtenir-des-resultats-pendant-son-mandat\\\/#primaryimage\"},\"thumbnailUrl\":\"https:\\\/\\\/www.un.org\\\/pga\\\/wp-content\\\/uploads\\\/sites\\\/51\\\/2017\\\/09\\\/731775-Lajcak.jpg\",\"datePublished\":\"2017-09-15T18:30:28+00:00\",\"dateModified\":\"2017-11-03T21:27:27+00:00\",\"author\":{\"@id\":\"https:\\\/\\\/www.un.org\\\/pga\\\/72\\\/#\\\/schema\\\/person\\\/a8ead7780726e582c2b9afb7daa2d930\"},\"breadcrumb\":{\"@id\":\"https:\\\/\\\/www.un.org\\\/pga\\\/72\\\/fr\\\/2017\\\/09\\\/15\\\/entretien-le-nouveau-president-de-lassemblee-generale-des-nations-unies-veut-obtenir-des-resultats-pendant-son-mandat\\\/#breadcrumb\"},\"inLanguage\":\"fr-FR\",\"potentialAction\":[{\"@type\":\"ReadAction\",\"target\":[\"https:\\\/\\\/www.un.org\\\/pga\\\/72\\\/fr\\\/2017\\\/09\\\/15\\\/entretien-le-nouveau-president-de-lassemblee-generale-des-nations-unies-veut-obtenir-des-resultats-pendant-son-mandat\\\/\"]}]},{\"@type\":\"ImageObject\",\"inLanguage\":\"fr-FR\",\"@id\":\"https:\\\/\\\/www.un.org\\\/pga\\\/72\\\/fr\\\/2017\\\/09\\\/15\\\/entretien-le-nouveau-president-de-lassemblee-generale-des-nations-unies-veut-obtenir-des-resultats-pendant-son-mandat\\\/#primaryimage\",\"url\":\"https:\\\/\\\/www.un.org\\\/pga\\\/wp-content\\\/uploads\\\/sites\\\/51\\\/2017\\\/09\\\/731775-Lajcak.jpg\",\"contentUrl\":\"https:\\\/\\\/www.un.org\\\/pga\\\/wp-content\\\/uploads\\\/sites\\\/51\\\/2017\\\/09\\\/731775-Lajcak.jpg\",\"width\":1024,\"height\":683,\"caption\":\"Miroslav Laj\u010d\u00e1k pr\u00eate serment comme Pr\u00e9sident de l\u2019Assembl\u00e9e g\u00e9n\u00e9rale. Photo ONU\\\/Evan Schneider\"},{\"@type\":\"BreadcrumbList\",\"@id\":\"https:\\\/\\\/www.un.org\\\/pga\\\/72\\\/fr\\\/2017\\\/09\\\/15\\\/entretien-le-nouveau-president-de-lassemblee-generale-des-nations-unies-veut-obtenir-des-resultats-pendant-son-mandat\\\/#breadcrumb\",\"itemListElement\":[{\"@type\":\"ListItem\",\"position\":1,\"name\":\"Home\",\"item\":\"https:\\\/\\\/www.un.org\\\/pga\\\/72\\\/fr\\\/\"},{\"@type\":\"ListItem\",\"position\":2,\"name\":\"ENTRETIEN : le nouveau Pr\u00e9sident de l&#8217;Assembl\u00e9e g\u00e9n\u00e9rale des Nations Unies veut obtenir des r\u00e9sultats pendant son mandat\"}]},{\"@type\":\"WebSite\",\"@id\":\"https:\\\/\\\/www.un.org\\\/pga\\\/72\\\/#website\",\"url\":\"https:\\\/\\\/www.un.org\\\/pga\\\/72\\\/\",\"name\":\"Assembl\u00e9e g\u00e9n\u00e9rale des Nations Unies\",\"description\":\"Pr\u00e9sident de la 72e session\",\"potentialAction\":[{\"@type\":\"SearchAction\",\"target\":{\"@type\":\"EntryPoint\",\"urlTemplate\":\"https:\\\/\\\/www.un.org\\\/pga\\\/72\\\/?s={search_term_string}\"},\"query-input\":{\"@type\":\"PropertyValueSpecification\",\"valueRequired\":true,\"valueName\":\"search_term_string\"}}],\"inLanguage\":\"fr-FR\"},{\"@type\":\"Person\",\"@id\":\"https:\\\/\\\/www.un.org\\\/pga\\\/72\\\/#\\\/schema\\\/person\\\/a8ead7780726e582c2b9afb7daa2d930\",\"name\":\"Sophie Farigoul\",\"image\":{\"@type\":\"ImageObject\",\"inLanguage\":\"fr-FR\",\"@id\":\"https:\\\/\\\/secure.gravatar.com\\\/avatar\\\/108bf7056e36e7bc4c0904c6486b1358f9e93fcd7714ef259fc4b7db4d822b40?s=96&d=mm&r=g\",\"url\":\"https:\\\/\\\/secure.gravatar.com\\\/avatar\\\/108bf7056e36e7bc4c0904c6486b1358f9e93fcd7714ef259fc4b7db4d822b40?s=96&d=mm&r=g\",\"contentUrl\":\"https:\\\/\\\/secure.gravatar.com\\\/avatar\\\/108bf7056e36e7bc4c0904c6486b1358f9e93fcd7714ef259fc4b7db4d822b40?s=96&d=mm&r=g\",\"caption\":\"Sophie Farigoul\"},\"url\":\"https:\\\/\\\/www.un.org\\\/pga\\\/72\\\/fr\\\/author\\\/farigoulun-org\\\/\"}]}<\/script>\n<!-- \/ Yoast SEO plugin. -->","yoast_head_json":{"title":"ENTRETIEN : le nouveau Pr\u00e9sident de l'Assembl\u00e9e g\u00e9n\u00e9rale des Nations Unies veut obtenir des r\u00e9sultats pendant son mandat - Assembl\u00e9e g\u00e9n\u00e9rale des Nations Unies","robots":{"index":"index","follow":"follow","max-snippet":"max-snippet:-1","max-image-preview":"max-image-preview:large","max-video-preview":"max-video-preview:-1"},"canonical":"https:\/\/www.un.org\/pga\/72\/fr\/2017\/09\/15\/entretien-le-nouveau-president-de-lassemblee-generale-des-nations-unies-veut-obtenir-des-resultats-pendant-son-mandat\/","og_locale":"fr_FR","og_type":"article","og_title":"ENTRETIEN : le nouveau Pr\u00e9sident de l'Assembl\u00e9e g\u00e9n\u00e9rale des Nations Unies veut obtenir des r\u00e9sultats pendant son mandat - Assembl\u00e9e g\u00e9n\u00e9rale des Nations Unies","og_description":"Miroslav Laj\u010d\u00e1k esp\u00e8re que, sous sa pr\u00e9sidence, l'Assembl\u00e9e g\u00e9n\u00e9rale des Nations Unies va surmonter les int\u00e9r\u00eats nationaux \u00e9troits et arriver \u00e0 des r\u00e9sultats tangibles pour les gens.","og_url":"https:\/\/www.un.org\/pga\/72\/fr\/2017\/09\/15\/entretien-le-nouveau-president-de-lassemblee-generale-des-nations-unies-veut-obtenir-des-resultats-pendant-son-mandat\/","og_site_name":"Assembl\u00e9e g\u00e9n\u00e9rale des Nations Unies","article_published_time":"2017-09-15T18:30:28+00:00","article_modified_time":"2017-11-03T21:27:27+00:00","og_image":[{"width":1024,"height":683,"url":"https:\/\/www.un.org\/pga\/wp-content\/uploads\/sites\/51\/2017\/09\/731775-Lajcak.jpg","type":"image\/jpeg"}],"author":"Sophie Farigoul","twitter_card":"summary_large_image","twitter_misc":{"\u00c9crit par":"Sophie Farigoul","Dur\u00e9e de lecture estim\u00e9e":"8 minutes"},"schema":{"@context":"https:\/\/schema.org","@graph":[{"@type":"Article","@id":"https:\/\/www.un.org\/pga\/72\/fr\/2017\/09\/15\/entretien-le-nouveau-president-de-lassemblee-generale-des-nations-unies-veut-obtenir-des-resultats-pendant-son-mandat\/#article","isPartOf":{"@id":"https:\/\/www.un.org\/pga\/72\/fr\/2017\/09\/15\/entretien-le-nouveau-president-de-lassemblee-generale-des-nations-unies-veut-obtenir-des-resultats-pendant-son-mandat\/"},"author":{"name":"Sophie Farigoul","@id":"https:\/\/www.un.org\/pga\/72\/#\/schema\/person\/a8ead7780726e582c2b9afb7daa2d930"},"headline":"ENTRETIEN : le nouveau Pr\u00e9sident de l&rsquo;Assembl\u00e9e g\u00e9n\u00e9rale des Nations Unies veut obtenir des r\u00e9sultats pendant son mandat","datePublished":"2017-09-15T18:30:28+00:00","dateModified":"2017-11-03T21:27:27+00:00","mainEntityOfPage":{"@id":"https:\/\/www.un.org\/pga\/72\/fr\/2017\/09\/15\/entretien-le-nouveau-president-de-lassemblee-generale-des-nations-unies-veut-obtenir-des-resultats-pendant-son-mandat\/"},"wordCount":1718,"image":{"@id":"https:\/\/www.un.org\/pga\/72\/fr\/2017\/09\/15\/entretien-le-nouveau-president-de-lassemblee-generale-des-nations-unies-veut-obtenir-des-resultats-pendant-son-mandat\/#primaryimage"},"thumbnailUrl":"https:\/\/www.un.org\/pga\/wp-content\/uploads\/sites\/51\/2017\/09\/731775-Lajcak.jpg","articleSection":["News And Updates"],"inLanguage":"fr-FR"},{"@type":"WebPage","@id":"https:\/\/www.un.org\/pga\/72\/fr\/2017\/09\/15\/entretien-le-nouveau-president-de-lassemblee-generale-des-nations-unies-veut-obtenir-des-resultats-pendant-son-mandat\/","url":"https:\/\/www.un.org\/pga\/72\/fr\/2017\/09\/15\/entretien-le-nouveau-president-de-lassemblee-generale-des-nations-unies-veut-obtenir-des-resultats-pendant-son-mandat\/","name":"ENTRETIEN : le nouveau Pr\u00e9sident de l'Assembl\u00e9e g\u00e9n\u00e9rale des Nations Unies veut obtenir des r\u00e9sultats pendant son mandat - Assembl\u00e9e g\u00e9n\u00e9rale des Nations Unies","isPartOf":{"@id":"https:\/\/www.un.org\/pga\/72\/#website"},"primaryImageOfPage":{"@id":"https:\/\/www.un.org\/pga\/72\/fr\/2017\/09\/15\/entretien-le-nouveau-president-de-lassemblee-generale-des-nations-unies-veut-obtenir-des-resultats-pendant-son-mandat\/#primaryimage"},"image":{"@id":"https:\/\/www.un.org\/pga\/72\/fr\/2017\/09\/15\/entretien-le-nouveau-president-de-lassemblee-generale-des-nations-unies-veut-obtenir-des-resultats-pendant-son-mandat\/#primaryimage"},"thumbnailUrl":"https:\/\/www.un.org\/pga\/wp-content\/uploads\/sites\/51\/2017\/09\/731775-Lajcak.jpg","datePublished":"2017-09-15T18:30:28+00:00","dateModified":"2017-11-03T21:27:27+00:00","author":{"@id":"https:\/\/www.un.org\/pga\/72\/#\/schema\/person\/a8ead7780726e582c2b9afb7daa2d930"},"breadcrumb":{"@id":"https:\/\/www.un.org\/pga\/72\/fr\/2017\/09\/15\/entretien-le-nouveau-president-de-lassemblee-generale-des-nations-unies-veut-obtenir-des-resultats-pendant-son-mandat\/#breadcrumb"},"inLanguage":"fr-FR","potentialAction":[{"@type":"ReadAction","target":["https:\/\/www.un.org\/pga\/72\/fr\/2017\/09\/15\/entretien-le-nouveau-president-de-lassemblee-generale-des-nations-unies-veut-obtenir-des-resultats-pendant-son-mandat\/"]}]},{"@type":"ImageObject","inLanguage":"fr-FR","@id":"https:\/\/www.un.org\/pga\/72\/fr\/2017\/09\/15\/entretien-le-nouveau-president-de-lassemblee-generale-des-nations-unies-veut-obtenir-des-resultats-pendant-son-mandat\/#primaryimage","url":"https:\/\/www.un.org\/pga\/wp-content\/uploads\/sites\/51\/2017\/09\/731775-Lajcak.jpg","contentUrl":"https:\/\/www.un.org\/pga\/wp-content\/uploads\/sites\/51\/2017\/09\/731775-Lajcak.jpg","width":1024,"height":683,"caption":"Miroslav Laj\u010d\u00e1k pr\u00eate serment comme Pr\u00e9sident de l\u2019Assembl\u00e9e g\u00e9n\u00e9rale. Photo ONU\/Evan Schneider"},{"@type":"BreadcrumbList","@id":"https:\/\/www.un.org\/pga\/72\/fr\/2017\/09\/15\/entretien-le-nouveau-president-de-lassemblee-generale-des-nations-unies-veut-obtenir-des-resultats-pendant-son-mandat\/#breadcrumb","itemListElement":[{"@type":"ListItem","position":1,"name":"Home","item":"https:\/\/www.un.org\/pga\/72\/fr\/"},{"@type":"ListItem","position":2,"name":"ENTRETIEN : le nouveau Pr\u00e9sident de l&#8217;Assembl\u00e9e g\u00e9n\u00e9rale des Nations Unies veut obtenir des r\u00e9sultats pendant son mandat"}]},{"@type":"WebSite","@id":"https:\/\/www.un.org\/pga\/72\/#website","url":"https:\/\/www.un.org\/pga\/72\/","name":"Assembl\u00e9e g\u00e9n\u00e9rale des Nations Unies","description":"Pr\u00e9sident de la 72e session","potentialAction":[{"@type":"SearchAction","target":{"@type":"EntryPoint","urlTemplate":"https:\/\/www.un.org\/pga\/72\/?s={search_term_string}"},"query-input":{"@type":"PropertyValueSpecification","valueRequired":true,"valueName":"search_term_string"}}],"inLanguage":"fr-FR"},{"@type":"Person","@id":"https:\/\/www.un.org\/pga\/72\/#\/schema\/person\/a8ead7780726e582c2b9afb7daa2d930","name":"Sophie Farigoul","image":{"@type":"ImageObject","inLanguage":"fr-FR","@id":"https:\/\/secure.gravatar.com\/avatar\/108bf7056e36e7bc4c0904c6486b1358f9e93fcd7714ef259fc4b7db4d822b40?s=96&d=mm&r=g","url":"https:\/\/secure.gravatar.com\/avatar\/108bf7056e36e7bc4c0904c6486b1358f9e93fcd7714ef259fc4b7db4d822b40?s=96&d=mm&r=g","contentUrl":"https:\/\/secure.gravatar.com\/avatar\/108bf7056e36e7bc4c0904c6486b1358f9e93fcd7714ef259fc4b7db4d822b40?s=96&d=mm&r=g","caption":"Sophie Farigoul"},"url":"https:\/\/www.un.org\/pga\/72\/fr\/author\/farigoulun-org\/"}]}},"_links":{"self":[{"href":"https:\/\/www.un.org\/pga\/72\/fr\/wp-json\/wp\/v2\/posts\/117249","targetHints":{"allow":["GET"]}}],"collection":[{"href":"https:\/\/www.un.org\/pga\/72\/fr\/wp-json\/wp\/v2\/posts"}],"about":[{"href":"https:\/\/www.un.org\/pga\/72\/fr\/wp-json\/wp\/v2\/types\/post"}],"author":[{"embeddable":true,"href":"https:\/\/www.un.org\/pga\/72\/fr\/wp-json\/wp\/v2\/users\/210"}],"replies":[{"embeddable":true,"href":"https:\/\/www.un.org\/pga\/72\/fr\/wp-json\/wp\/v2\/comments?post=117249"}],"version-history":[{"count":0,"href":"https:\/\/www.un.org\/pga\/72\/fr\/wp-json\/wp\/v2\/posts\/117249\/revisions"}],"wp:featuredmedia":[{"embeddable":true,"href":"https:\/\/www.un.org\/pga\/72\/fr\/wp-json\/wp\/v2\/media\/117253"}],"wp:attachment":[{"href":"https:\/\/www.un.org\/pga\/72\/fr\/wp-json\/wp\/v2\/media?parent=117249"}],"wp:term":[{"taxonomy":"category","embeddable":true,"href":"https:\/\/www.un.org\/pga\/72\/fr\/wp-json\/wp\/v2\/categories?post=117249"},{"taxonomy":"post_tag","embeddable":true,"href":"https:\/\/www.un.org\/pga\/72\/fr\/wp-json\/wp\/v2\/tags?post=117249"}],"curies":[{"name":"wp","href":"https:\/\/api.w.org\/{rel}","templated":true}]}}