  {"id":128941,"date":"2017-10-02T17:05:26","date_gmt":"2017-10-02T21:05:26","guid":{"rendered":"http:\/\/www.un.org\/pga\/72\/?p=128941\/"},"modified":"2017-11-03T17:28:02","modified_gmt":"2017-11-03T21:28:02","slug":"journee-de-la-non-violence-rien-de-durable-ne-peut-etre-construit-sur-la-violence-rappelle-lonu","status":"publish","type":"post","link":"https:\/\/www.un.org\/pga\/72\/fr\/2017\/10\/02\/journee-de-la-non-violence-rien-de-durable-ne-peut-etre-construit-sur-la-violence-rappelle-lonu\/","title":{"rendered":"Journ\u00e9e de la non-violence : rien de durable ne peut \u00eatre construit sur la violence, rappelle l&rsquo;ONU"},"content":{"rendered":"<p>\u00c0 l&rsquo;occasion de la Journ\u00e9e internationale de la non-violence, le Pr\u00e9sident de l&rsquo;Assembl\u00e9e g\u00e9n\u00e9rale des Nations Unies, Miroslav Laj\u010d\u00e1k, a r\u00e9clam\u00e9 des efforts accrus pour pr\u00e9venir les conflits et pour encourager l&rsquo;utilisation de la non-violence.<\/p>\n<p>\u00ab La m\u00e9diation est l&rsquo;un des outils les plus efficaces de non-violence. Cela peut pousser des partis en conflit vers un compromis \u00bb, a dit M. Laj\u010d\u00e1k lors d&rsquo;une c\u00e9r\u00e9monie c\u00e9l\u00e9brant cette journ\u00e9e au Si\u00e8ge de l&rsquo;ONU \u00e0 New York.<\/p>\n<p>\u00ab Cela signifie que l&rsquo;on peut \u00e9viter la violence &#8211; qui n&rsquo;entra\u00eene que des pertes &#8211; et promouvoir la non-violence, qui apporte des b\u00e9n\u00e9fices \u00e0 toutes les parties \u00bb, a-t-il ajout\u00e9.<\/p>\n<p>Dans son discours, le Pr\u00e9sident de l&rsquo;Assembl\u00e9e g\u00e9n\u00e9rale a rappel\u00e9 le 72e d\u00e9bat g\u00e9n\u00e9ral annuel de la semaine derni\u00e8re et a not\u00e9 les appels lanc\u00e9s par les \u00c9tats Membres pour que les acteurs locaux, nationaux ou r\u00e9gionaux appuient davantage les moyens non violents pour arr\u00eater ou pr\u00e9venir les conflits.<\/p>\n<p>M. Laj\u010d\u00e1k a soulign\u00e9 les paroles du Mahatma Gandhi, n\u00e9 ce jour il y a 148 ans, selon qui \u00ab rien de durable ne peut \u00eatre construit sur la violence \u00bb. Selon lui, qu&rsquo;il s&rsquo;agisse du d\u00e9veloppement durable, du changement ou d&rsquo;un monde meilleur, aucun n&rsquo;est possible par la violence.<\/p>\n<p>\u00ab Les Nations Unies doivent constamment rappeler cela. L&rsquo;ONU ne doit pas seulement fonctionner en servant de la non-violence mais elle doit encourager d&rsquo;autres \u00e0 le faire aussi \u00bb, a-t-il d\u00e9clar\u00e9.<\/p>\n<p>La Journ\u00e9e internationale de la non-violence est c\u00e9l\u00e9br\u00e9e chaque ann\u00e9e le 2 octobre, jour anniversaire de la naissance du Mahatma Gandhi, chef du mouvement pour l&rsquo;ind\u00e9pendance de l&rsquo;Inde et pionnier de la philosophie et de la strat\u00e9gie de la non-violence.<\/p>\n<p>En vertu de la r\u00e9solution de l&rsquo;Assembl\u00e9e g\u00e9n\u00e9rale du 15 juin 2007, la Journ\u00e9e internationale est l&rsquo;occasion de diffuser le message de la non-violence notamment par des actions d&rsquo;\u00e9ducation et de sensibilisation. La r\u00e9solution r\u00e9affirme la pertinence universelle du principe de non-violence et souhaite favoriser une culture de paix, de tol\u00e9rance, de compr\u00e9hension et de non-violence.<\/p>\n<p><a href=\"http:\/\/www.un.org\/french\/newscentre\/\">Source : ONU Info<\/a><\/p>\n","protected":false},"excerpt":{"rendered":"<p>\u00c0 l&rsquo;occasion de la Journ\u00e9e internationale de la non-violence, le Pr\u00e9sident de l&rsquo;Assembl\u00e9e g\u00e9n\u00e9rale des Nations Unies, Miroslav Laj\u010d\u00e1k, a r\u00e9clam\u00e9 des efforts accrus pour pr\u00e9venir les conflits et pour encourager l&rsquo;utilisation de la non-violence.<\/p>\n","protected":false},"author":210,"featured_media":123379,"comment_status":"closed","ping_status":"closed","sticky":false,"template":"","format":"standard","meta":{"_et_pb_use_builder":"","_et_pb_old_content":"","_et_gb_content_width":"","footnotes":"","_links_to":"","_links_to_target":""},"categories":[73],"tags":[],"class_list":["post-128941","post","type-post","status-publish","format-standard","has-post-thumbnail","hentry","category-newsandupdates-fr","et-has-post-format-content","et_post_format-et-post-format-standard"],"yoast_head":"<!-- This site is optimized with the Yoast SEO plugin v28.3 - https:\/\/yoast.com\/product\/yoast-seo-wordpress\/ -->\n<title>Journ\u00e9e de la non-violence : rien de durable ne peut \u00eatre construit sur la violence, rappelle l&#039;ONU - Assembl\u00e9e g\u00e9n\u00e9rale des Nations Unies<\/title>\n<meta name=\"robots\" content=\"index, follow, max-snippet:-1, max-image-preview:large, max-video-preview:-1\" \/>\n<link rel=\"canonical\" href=\"https:\/\/www.un.org\/pga\/72\/fr\/2017\/10\/02\/journee-de-la-non-violence-rien-de-durable-ne-peut-etre-construit-sur-la-violence-rappelle-lonu\/\" \/>\n<meta property=\"og:locale\" content=\"fr_FR\" \/>\n<meta property=\"og:type\" content=\"article\" \/>\n<meta property=\"og:title\" content=\"Journ\u00e9e de la non-violence : rien de durable ne peut \u00eatre construit sur la violence, rappelle l&#039;ONU - Assembl\u00e9e g\u00e9n\u00e9rale des Nations Unies\" \/>\n<meta property=\"og:description\" content=\"\u00c0 l&#039;occasion de la Journ\u00e9e internationale de la non-violence, le Pr\u00e9sident de l&#039;Assembl\u00e9e g\u00e9n\u00e9rale des Nations Unies, Miroslav Laj\u010d\u00e1k, a r\u00e9clam\u00e9 des efforts accrus pour pr\u00e9venir les conflits et pour encourager l&#039;utilisation de la non-violence.\" \/>\n<meta property=\"og:url\" content=\"https:\/\/www.un.org\/pga\/72\/fr\/2017\/10\/02\/journee-de-la-non-violence-rien-de-durable-ne-peut-etre-construit-sur-la-violence-rappelle-lonu\/\" \/>\n<meta property=\"og:site_name\" content=\"Assembl\u00e9e g\u00e9n\u00e9rale des Nations Unies\" \/>\n<meta property=\"article:published_time\" content=\"2017-10-02T21:05:26+00:00\" \/>\n<meta property=\"article:modified_time\" content=\"2017-11-03T21:28:02+00:00\" \/>\n<meta property=\"og:image\" content=\"https:\/\/www.un.org\/pga\/wp-content\/uploads\/sites\/51\/2017\/10\/DLI5w2kU8AAr0_X.jpg\" \/>\n\t<meta property=\"og:image:width\" content=\"1200\" \/>\n\t<meta property=\"og:image:height\" content=\"802\" \/>\n\t<meta property=\"og:image:type\" content=\"image\/jpeg\" \/>\n<meta name=\"author\" content=\"Sophie Farigoul\" \/>\n<meta name=\"twitter:card\" content=\"summary_large_image\" \/>\n<meta name=\"twitter:label1\" content=\"\u00c9crit par\" \/>\n\t<meta name=\"twitter:data1\" content=\"Sophie Farigoul\" \/>\n\t<meta name=\"twitter:label2\" content=\"Dur\u00e9e de lecture estim\u00e9e\" \/>\n\t<meta name=\"twitter:data2\" content=\"2 minutes\" \/>\n<script type=\"application\/ld+json\" class=\"yoast-schema-graph\">{\"@context\":\"https:\\\/\\\/schema.org\",\"@graph\":[{\"@type\":\"Article\",\"@id\":\"https:\\\/\\\/www.un.org\\\/pga\\\/72\\\/fr\\\/2017\\\/10\\\/02\\\/journee-de-la-non-violence-rien-de-durable-ne-peut-etre-construit-sur-la-violence-rappelle-lonu\\\/#article\",\"isPartOf\":{\"@id\":\"https:\\\/\\\/www.un.org\\\/pga\\\/72\\\/fr\\\/2017\\\/10\\\/02\\\/journee-de-la-non-violence-rien-de-durable-ne-peut-etre-construit-sur-la-violence-rappelle-lonu\\\/\"},\"author\":{\"name\":\"Sophie Farigoul\",\"@id\":\"https:\\\/\\\/www.un.org\\\/pga\\\/72\\\/#\\\/schema\\\/person\\\/a8ead7780726e582c2b9afb7daa2d930\"},\"headline\":\"Journ\u00e9e de la non-violence : rien de durable ne peut \u00eatre construit sur la violence, rappelle l&rsquo;ONU\",\"datePublished\":\"2017-10-02T21:05:26+00:00\",\"dateModified\":\"2017-11-03T21:28:02+00:00\",\"mainEntityOfPage\":{\"@id\":\"https:\\\/\\\/www.un.org\\\/pga\\\/72\\\/fr\\\/2017\\\/10\\\/02\\\/journee-de-la-non-violence-rien-de-durable-ne-peut-etre-construit-sur-la-violence-rappelle-lonu\\\/\"},\"wordCount\":407,\"image\":{\"@id\":\"https:\\\/\\\/www.un.org\\\/pga\\\/72\\\/fr\\\/2017\\\/10\\\/02\\\/journee-de-la-non-violence-rien-de-durable-ne-peut-etre-construit-sur-la-violence-rappelle-lonu\\\/#primaryimage\"},\"thumbnailUrl\":\"https:\\\/\\\/www.un.org\\\/pga\\\/wp-content\\\/uploads\\\/sites\\\/51\\\/2017\\\/10\\\/DLI5w2kU8AAr0_X.jpg\",\"articleSection\":[\"News And Updates\"],\"inLanguage\":\"fr-FR\"},{\"@type\":\"WebPage\",\"@id\":\"https:\\\/\\\/www.un.org\\\/pga\\\/72\\\/fr\\\/2017\\\/10\\\/02\\\/journee-de-la-non-violence-rien-de-durable-ne-peut-etre-construit-sur-la-violence-rappelle-lonu\\\/\",\"url\":\"https:\\\/\\\/www.un.org\\\/pga\\\/72\\\/fr\\\/2017\\\/10\\\/02\\\/journee-de-la-non-violence-rien-de-durable-ne-peut-etre-construit-sur-la-violence-rappelle-lonu\\\/\",\"name\":\"Journ\u00e9e de la non-violence : rien de durable ne peut \u00eatre construit sur la violence, rappelle l'ONU - Assembl\u00e9e g\u00e9n\u00e9rale des Nations Unies\",\"isPartOf\":{\"@id\":\"https:\\\/\\\/www.un.org\\\/pga\\\/72\\\/#website\"},\"primaryImageOfPage\":{\"@id\":\"https:\\\/\\\/www.un.org\\\/pga\\\/72\\\/fr\\\/2017\\\/10\\\/02\\\/journee-de-la-non-violence-rien-de-durable-ne-peut-etre-construit-sur-la-violence-rappelle-lonu\\\/#primaryimage\"},\"image\":{\"@id\":\"https:\\\/\\\/www.un.org\\\/pga\\\/72\\\/fr\\\/2017\\\/10\\\/02\\\/journee-de-la-non-violence-rien-de-durable-ne-peut-etre-construit-sur-la-violence-rappelle-lonu\\\/#primaryimage\"},\"thumbnailUrl\":\"https:\\\/\\\/www.un.org\\\/pga\\\/wp-content\\\/uploads\\\/sites\\\/51\\\/2017\\\/10\\\/DLI5w2kU8AAr0_X.jpg\",\"datePublished\":\"2017-10-02T21:05:26+00:00\",\"dateModified\":\"2017-11-03T21:28:02+00:00\",\"author\":{\"@id\":\"https:\\\/\\\/www.un.org\\\/pga\\\/72\\\/#\\\/schema\\\/person\\\/a8ead7780726e582c2b9afb7daa2d930\"},\"breadcrumb\":{\"@id\":\"https:\\\/\\\/www.un.org\\\/pga\\\/72\\\/fr\\\/2017\\\/10\\\/02\\\/journee-de-la-non-violence-rien-de-durable-ne-peut-etre-construit-sur-la-violence-rappelle-lonu\\\/#breadcrumb\"},\"inLanguage\":\"fr-FR\",\"potentialAction\":[{\"@type\":\"ReadAction\",\"target\":[\"https:\\\/\\\/www.un.org\\\/pga\\\/72\\\/fr\\\/2017\\\/10\\\/02\\\/journee-de-la-non-violence-rien-de-durable-ne-peut-etre-construit-sur-la-violence-rappelle-lonu\\\/\"]}]},{\"@type\":\"ImageObject\",\"inLanguage\":\"fr-FR\",\"@id\":\"https:\\\/\\\/www.un.org\\\/pga\\\/72\\\/fr\\\/2017\\\/10\\\/02\\\/journee-de-la-non-violence-rien-de-durable-ne-peut-etre-construit-sur-la-violence-rappelle-lonu\\\/#primaryimage\",\"url\":\"https:\\\/\\\/www.un.org\\\/pga\\\/wp-content\\\/uploads\\\/sites\\\/51\\\/2017\\\/10\\\/DLI5w2kU8AAr0_X.jpg\",\"contentUrl\":\"https:\\\/\\\/www.un.org\\\/pga\\\/wp-content\\\/uploads\\\/sites\\\/51\\\/2017\\\/10\\\/DLI5w2kU8AAr0_X.jpg\",\"width\":1200,\"height\":802,\"caption\":\"Remarks at International Day of Non-Violence\"},{\"@type\":\"BreadcrumbList\",\"@id\":\"https:\\\/\\\/www.un.org\\\/pga\\\/72\\\/fr\\\/2017\\\/10\\\/02\\\/journee-de-la-non-violence-rien-de-durable-ne-peut-etre-construit-sur-la-violence-rappelle-lonu\\\/#breadcrumb\",\"itemListElement\":[{\"@type\":\"ListItem\",\"position\":1,\"name\":\"Home\",\"item\":\"https:\\\/\\\/www.un.org\\\/pga\\\/72\\\/fr\\\/\"},{\"@type\":\"ListItem\",\"position\":2,\"name\":\"Journ\u00e9e de la non-violence : rien de durable ne peut \u00eatre construit sur la violence, rappelle l&#8217;ONU\"}]},{\"@type\":\"WebSite\",\"@id\":\"https:\\\/\\\/www.un.org\\\/pga\\\/72\\\/#website\",\"url\":\"https:\\\/\\\/www.un.org\\\/pga\\\/72\\\/\",\"name\":\"Assembl\u00e9e g\u00e9n\u00e9rale des Nations Unies\",\"description\":\"Pr\u00e9sident de la 72e session\",\"potentialAction\":[{\"@type\":\"SearchAction\",\"target\":{\"@type\":\"EntryPoint\",\"urlTemplate\":\"https:\\\/\\\/www.un.org\\\/pga\\\/72\\\/?s={search_term_string}\"},\"query-input\":{\"@type\":\"PropertyValueSpecification\",\"valueRequired\":true,\"valueName\":\"search_term_string\"}}],\"inLanguage\":\"fr-FR\"},{\"@type\":\"Person\",\"@id\":\"https:\\\/\\\/www.un.org\\\/pga\\\/72\\\/#\\\/schema\\\/person\\\/a8ead7780726e582c2b9afb7daa2d930\",\"name\":\"Sophie Farigoul\",\"image\":{\"@type\":\"ImageObject\",\"inLanguage\":\"fr-FR\",\"@id\":\"https:\\\/\\\/secure.gravatar.com\\\/avatar\\\/108bf7056e36e7bc4c0904c6486b1358f9e93fcd7714ef259fc4b7db4d822b40?s=96&d=mm&r=g\",\"url\":\"https:\\\/\\\/secure.gravatar.com\\\/avatar\\\/108bf7056e36e7bc4c0904c6486b1358f9e93fcd7714ef259fc4b7db4d822b40?s=96&d=mm&r=g\",\"contentUrl\":\"https:\\\/\\\/secure.gravatar.com\\\/avatar\\\/108bf7056e36e7bc4c0904c6486b1358f9e93fcd7714ef259fc4b7db4d822b40?s=96&d=mm&r=g\",\"caption\":\"Sophie Farigoul\"},\"url\":\"https:\\\/\\\/www.un.org\\\/pga\\\/72\\\/fr\\\/author\\\/farigoulun-org\\\/\"}]}<\/script>\n<!-- \/ Yoast SEO plugin. -->","yoast_head_json":{"title":"Journ\u00e9e de la non-violence : rien de durable ne peut \u00eatre construit sur la violence, rappelle l'ONU - Assembl\u00e9e g\u00e9n\u00e9rale des Nations Unies","robots":{"index":"index","follow":"follow","max-snippet":"max-snippet:-1","max-image-preview":"max-image-preview:large","max-video-preview":"max-video-preview:-1"},"canonical":"https:\/\/www.un.org\/pga\/72\/fr\/2017\/10\/02\/journee-de-la-non-violence-rien-de-durable-ne-peut-etre-construit-sur-la-violence-rappelle-lonu\/","og_locale":"fr_FR","og_type":"article","og_title":"Journ\u00e9e de la non-violence : rien de durable ne peut \u00eatre construit sur la violence, rappelle l'ONU - Assembl\u00e9e g\u00e9n\u00e9rale des Nations Unies","og_description":"\u00c0 l'occasion de la Journ\u00e9e internationale de la non-violence, le Pr\u00e9sident de l'Assembl\u00e9e g\u00e9n\u00e9rale des Nations Unies, Miroslav Laj\u010d\u00e1k, a r\u00e9clam\u00e9 des efforts accrus pour pr\u00e9venir les conflits et pour encourager l'utilisation de la non-violence.","og_url":"https:\/\/www.un.org\/pga\/72\/fr\/2017\/10\/02\/journee-de-la-non-violence-rien-de-durable-ne-peut-etre-construit-sur-la-violence-rappelle-lonu\/","og_site_name":"Assembl\u00e9e g\u00e9n\u00e9rale des Nations Unies","article_published_time":"2017-10-02T21:05:26+00:00","article_modified_time":"2017-11-03T21:28:02+00:00","og_image":[{"width":1200,"height":802,"url":"https:\/\/www.un.org\/pga\/wp-content\/uploads\/sites\/51\/2017\/10\/DLI5w2kU8AAr0_X.jpg","type":"image\/jpeg"}],"author":"Sophie Farigoul","twitter_card":"summary_large_image","twitter_misc":{"\u00c9crit par":"Sophie Farigoul","Dur\u00e9e de lecture estim\u00e9e":"2 minutes"},"schema":{"@context":"https:\/\/schema.org","@graph":[{"@type":"Article","@id":"https:\/\/www.un.org\/pga\/72\/fr\/2017\/10\/02\/journee-de-la-non-violence-rien-de-durable-ne-peut-etre-construit-sur-la-violence-rappelle-lonu\/#article","isPartOf":{"@id":"https:\/\/www.un.org\/pga\/72\/fr\/2017\/10\/02\/journee-de-la-non-violence-rien-de-durable-ne-peut-etre-construit-sur-la-violence-rappelle-lonu\/"},"author":{"name":"Sophie Farigoul","@id":"https:\/\/www.un.org\/pga\/72\/#\/schema\/person\/a8ead7780726e582c2b9afb7daa2d930"},"headline":"Journ\u00e9e de la non-violence : rien de durable ne peut \u00eatre construit sur la violence, rappelle l&rsquo;ONU","datePublished":"2017-10-02T21:05:26+00:00","dateModified":"2017-11-03T21:28:02+00:00","mainEntityOfPage":{"@id":"https:\/\/www.un.org\/pga\/72\/fr\/2017\/10\/02\/journee-de-la-non-violence-rien-de-durable-ne-peut-etre-construit-sur-la-violence-rappelle-lonu\/"},"wordCount":407,"image":{"@id":"https:\/\/www.un.org\/pga\/72\/fr\/2017\/10\/02\/journee-de-la-non-violence-rien-de-durable-ne-peut-etre-construit-sur-la-violence-rappelle-lonu\/#primaryimage"},"thumbnailUrl":"https:\/\/www.un.org\/pga\/wp-content\/uploads\/sites\/51\/2017\/10\/DLI5w2kU8AAr0_X.jpg","articleSection":["News And Updates"],"inLanguage":"fr-FR"},{"@type":"WebPage","@id":"https:\/\/www.un.org\/pga\/72\/fr\/2017\/10\/02\/journee-de-la-non-violence-rien-de-durable-ne-peut-etre-construit-sur-la-violence-rappelle-lonu\/","url":"https:\/\/www.un.org\/pga\/72\/fr\/2017\/10\/02\/journee-de-la-non-violence-rien-de-durable-ne-peut-etre-construit-sur-la-violence-rappelle-lonu\/","name":"Journ\u00e9e de la non-violence : rien de durable ne peut \u00eatre construit sur la violence, rappelle l'ONU - Assembl\u00e9e g\u00e9n\u00e9rale des Nations Unies","isPartOf":{"@id":"https:\/\/www.un.org\/pga\/72\/#website"},"primaryImageOfPage":{"@id":"https:\/\/www.un.org\/pga\/72\/fr\/2017\/10\/02\/journee-de-la-non-violence-rien-de-durable-ne-peut-etre-construit-sur-la-violence-rappelle-lonu\/#primaryimage"},"image":{"@id":"https:\/\/www.un.org\/pga\/72\/fr\/2017\/10\/02\/journee-de-la-non-violence-rien-de-durable-ne-peut-etre-construit-sur-la-violence-rappelle-lonu\/#primaryimage"},"thumbnailUrl":"https:\/\/www.un.org\/pga\/wp-content\/uploads\/sites\/51\/2017\/10\/DLI5w2kU8AAr0_X.jpg","datePublished":"2017-10-02T21:05:26+00:00","dateModified":"2017-11-03T21:28:02+00:00","author":{"@id":"https:\/\/www.un.org\/pga\/72\/#\/schema\/person\/a8ead7780726e582c2b9afb7daa2d930"},"breadcrumb":{"@id":"https:\/\/www.un.org\/pga\/72\/fr\/2017\/10\/02\/journee-de-la-non-violence-rien-de-durable-ne-peut-etre-construit-sur-la-violence-rappelle-lonu\/#breadcrumb"},"inLanguage":"fr-FR","potentialAction":[{"@type":"ReadAction","target":["https:\/\/www.un.org\/pga\/72\/fr\/2017\/10\/02\/journee-de-la-non-violence-rien-de-durable-ne-peut-etre-construit-sur-la-violence-rappelle-lonu\/"]}]},{"@type":"ImageObject","inLanguage":"fr-FR","@id":"https:\/\/www.un.org\/pga\/72\/fr\/2017\/10\/02\/journee-de-la-non-violence-rien-de-durable-ne-peut-etre-construit-sur-la-violence-rappelle-lonu\/#primaryimage","url":"https:\/\/www.un.org\/pga\/wp-content\/uploads\/sites\/51\/2017\/10\/DLI5w2kU8AAr0_X.jpg","contentUrl":"https:\/\/www.un.org\/pga\/wp-content\/uploads\/sites\/51\/2017\/10\/DLI5w2kU8AAr0_X.jpg","width":1200,"height":802,"caption":"Remarks at International Day of Non-Violence"},{"@type":"BreadcrumbList","@id":"https:\/\/www.un.org\/pga\/72\/fr\/2017\/10\/02\/journee-de-la-non-violence-rien-de-durable-ne-peut-etre-construit-sur-la-violence-rappelle-lonu\/#breadcrumb","itemListElement":[{"@type":"ListItem","position":1,"name":"Home","item":"https:\/\/www.un.org\/pga\/72\/fr\/"},{"@type":"ListItem","position":2,"name":"Journ\u00e9e de la non-violence : rien de durable ne peut \u00eatre construit sur la violence, rappelle l&#8217;ONU"}]},{"@type":"WebSite","@id":"https:\/\/www.un.org\/pga\/72\/#website","url":"https:\/\/www.un.org\/pga\/72\/","name":"Assembl\u00e9e g\u00e9n\u00e9rale des Nations Unies","description":"Pr\u00e9sident de la 72e session","potentialAction":[{"@type":"SearchAction","target":{"@type":"EntryPoint","urlTemplate":"https:\/\/www.un.org\/pga\/72\/?s={search_term_string}"},"query-input":{"@type":"PropertyValueSpecification","valueRequired":true,"valueName":"search_term_string"}}],"inLanguage":"fr-FR"},{"@type":"Person","@id":"https:\/\/www.un.org\/pga\/72\/#\/schema\/person\/a8ead7780726e582c2b9afb7daa2d930","name":"Sophie Farigoul","image":{"@type":"ImageObject","inLanguage":"fr-FR","@id":"https:\/\/secure.gravatar.com\/avatar\/108bf7056e36e7bc4c0904c6486b1358f9e93fcd7714ef259fc4b7db4d822b40?s=96&d=mm&r=g","url":"https:\/\/secure.gravatar.com\/avatar\/108bf7056e36e7bc4c0904c6486b1358f9e93fcd7714ef259fc4b7db4d822b40?s=96&d=mm&r=g","contentUrl":"https:\/\/secure.gravatar.com\/avatar\/108bf7056e36e7bc4c0904c6486b1358f9e93fcd7714ef259fc4b7db4d822b40?s=96&d=mm&r=g","caption":"Sophie Farigoul"},"url":"https:\/\/www.un.org\/pga\/72\/fr\/author\/farigoulun-org\/"}]}},"_links":{"self":[{"href":"https:\/\/www.un.org\/pga\/72\/fr\/wp-json\/wp\/v2\/posts\/128941","targetHints":{"allow":["GET"]}}],"collection":[{"href":"https:\/\/www.un.org\/pga\/72\/fr\/wp-json\/wp\/v2\/posts"}],"about":[{"href":"https:\/\/www.un.org\/pga\/72\/fr\/wp-json\/wp\/v2\/types\/post"}],"author":[{"embeddable":true,"href":"https:\/\/www.un.org\/pga\/72\/fr\/wp-json\/wp\/v2\/users\/210"}],"replies":[{"embeddable":true,"href":"https:\/\/www.un.org\/pga\/72\/fr\/wp-json\/wp\/v2\/comments?post=128941"}],"version-history":[{"count":0,"href":"https:\/\/www.un.org\/pga\/72\/fr\/wp-json\/wp\/v2\/posts\/128941\/revisions"}],"wp:featuredmedia":[{"embeddable":true,"href":"https:\/\/www.un.org\/pga\/72\/fr\/wp-json\/wp\/v2\/media\/123379"}],"wp:attachment":[{"href":"https:\/\/www.un.org\/pga\/72\/fr\/wp-json\/wp\/v2\/media?parent=128941"}],"wp:term":[{"taxonomy":"category","embeddable":true,"href":"https:\/\/www.un.org\/pga\/72\/fr\/wp-json\/wp\/v2\/categories?post=128941"},{"taxonomy":"post_tag","embeddable":true,"href":"https:\/\/www.un.org\/pga\/72\/fr\/wp-json\/wp\/v2\/tags?post=128941"}],"curies":[{"name":"wp","href":"https:\/\/api.w.org\/{rel}","templated":true}]}}