  {"id":107925,"date":"2017-08-28T11:14:23","date_gmt":"2017-08-28T15:14:23","guid":{"rendered":"http:\/\/www.un.org\/pga\/72\/?p=107925\/"},"modified":"2017-09-12T19:10:42","modified_gmt":"2017-09-12T23:10:42","slug":"president-elect-of-un-general-assembly-outlines-priorities-to-indian-officials-in-new-delhi","status":"publish","type":"post","link":"https:\/\/www.un.org\/pga\/72\/2017\/08\/28\/president-elect-of-un-general-assembly-outlines-priorities-to-indian-officials-in-new-delhi\/","title":{"rendered":"PRESS RELEASE: President-elect of Ä¢¹½ÊÓÆµ General Assembly outlines priorities in New Delhi"},"content":{"rendered":"<p>[et_pb_section bb_built=&#8221;1&#8243;][et_pb_row][et_pb_column type=&#8221;2_3&#8243;][et_pb_text _builder_version=&#8221;3.0.69&#8243; background_layout=&#8221;light&#8221; text_orientation=&#8221;left&#8221; border_style=&#8221;solid&#8221;]<\/p>\n<p><strong>New Delhi, India,<em>\u00a028 August 2017\u00a0<\/em>\u2013 The President-elect of the 72nd session of the United Nations General Assembly, H.E. Mr. Miroslav Laj\u010d\u00e1k, today concluded a two-day visit to New Delhi. While in the Indian capital, he met with H.E. Mr. Narendra Modi, Prime Minister of the Republic of India; H.E. Ms. Sushma Swaraj, Minister for External Affairs of the Republic of India; H.E. Mr. M.J. Akbar, Minister of State for External Affairs of the Republic of India; and the United Nations Country Team in India, headed by the United Nations Resident Coordinator, Mr. Yuri Afanasiev.<\/strong><\/p>\n<p>At the invitation of Ambassador Hardeep Singh Puri, President of the Governing Body and Chairman of the Governing Council of the Research and Information Systems for Developing Countries (RIS), the President-elect also met with a group of experts on the United Nations to exchange views on the overall work of the Organization and possibilities for its further improvement.<\/p>\n<p>During his meeting with the Prime Minister, the President-elect outlined his priorities for the upcoming General Assembly session, including improving the lives of all people, preventing conflict, sustaining peace, addressing migration, advancing the Sustainable Development Goals, tackling climate change and promoting human rights. He thanked the Prime Minister for India\u2019s contribution to his office\u2019s trust fund and added, \u201cI have always believed in the United Nations. And I am counting on India\u2019s continued support to ensure that the Organization remains relevant and capable of helping the world to find solutions to current challenges.\u201d The two also discussed the fight against terrorism, poverty and youth radicalization, as well as the role of regional organizations in the international system.<\/p>\n<p>Upon meeting the Minister for External Affairs, the President-elect thanked her for inviting him to visit India. Their talks then focused on Security Council reform, revitalization of the General Assembly, terrorism, the Sustainable Development Goals, migration, climate change, investing in youth and sustaining peace. On human rights in general, the President-elect stressed that the international agenda must remain overarching and non-politicised, especially since human rights violations were often the first indicator of impending conflict.<\/p>\n<p>The President-elect was accompanied to India by his Chief of Staff, H.E. Mr. Franti\u0161ek Ru\u017ei\u010dka, and his Spokesperson, Mr. Brenden Varma. Travel costs were covered by the Government of India.<\/p>\n<p>***<\/p>\n<p><strong>For media inquiries, please contact:<\/strong><\/p>\n<p>Brenden Varma, Spokesperson for the President-elect of the General Assembly, 1-212-963-7238, 1-917-818-9873, <a href=\"mailto:varmab@un.org\">varmab@un.org<\/a><\/p>\n<p>[\/et_pb_text][\/et_pb_column][et_pb_column type=&#8221;1_3&#8243;][et_pb_gallery _builder_version=&#8221;3.0.69&#8243; posts_number=&#8221;5&#8243; show_title_and_caption=&#8221;off&#8221; show_pagination=&#8221;off&#8221; gallery_ids=&#8221;109137,109153,115585,109157&#8243; fullwidth=&#8221;off&#8221; db_image_max_width_tablet=&#8221;51&#8243; db_image_max_height_tablet=&#8221;501&#8243; db_image_row_spacing_tablet=&#8221;51&#8243; db_image_object_fit=&#8221;initial&#8221; orientation=&#8221;landscape&#8221; zoom_icon_color=&#8221;#00a8ff&#8221; hover_overlay_color=&#8221;rgba(255,255,255,0.9)&#8221; background_layout=&#8221;light&#8221; db_image_center_titles=&#8221;left&#8221; border_style=&#8221;solid&#8221; auto=&#8221;off&#8221; \/][\/et_pb_column][\/et_pb_row][\/et_pb_section]<\/p>\n","protected":false},"excerpt":{"rendered":"<p>President-elect of Ä¢¹½ÊÓÆµ General Assembly concluded visit to New Delhi<\/p>\n","protected":false},"author":375,"featured_media":109141,"comment_status":"closed","ping_status":"closed","sticky":false,"template":"","format":"standard","meta":{"_et_pb_use_builder":"on","_et_pb_old_content":"<h4 style=\"text-align: right;\"><strong>PRESS RELEASE<\/strong><\/h4><p>\u00a0<\/p><h2><span style=\"color: #00a8ff;\">President-elect of Ä¢¹½ÊÓÆµ General Assembly outlines priorities to Indian officials in New Delhi<\/span><\/h2><p>\u00a0<\/p><p><strong>New Delhi, India,<em>\u00a028 August 2017\u00a0<\/em>\u2013 The President-elect of the 72nd session of the United Nations General Assembly, H.E. Mr. Miroslav Laj\u010d\u00e1k, today concluded a two-day visit to New Delhi. While in the Indian capital, he met with H.E. Mr. Narendra Modi, Prime Minister of the Republic of India; H.E. Ms. Sushma Swaraj, Minister for External Affairs of the Republic of India; H.E. Mr. M.J. Akbar, Minister of State for External Affairs of the Republic of India; and the United Nations Country Team in India, headed by the United Nations Resident Coordinator, Mr. Yuri Afanasiev.<\/strong><\/p><p>At the invitation of Ambassador Hardeep Singh Puri, President of the Governing Body and Chairman of the Governing Council of the Research and Information Systems for Developing Countries (RIS), the President-elect also met with a group of experts on the United Nations to exchange views on the overall work of the Organization and possibilities for its further improvement.<\/p><p>During his meeting with the Prime Minister, the President-elect outlined his priorities for the upcoming General Assembly session, including improving the lives of all people, preventing conflict, sustaining peace, addressing migration, advancing the Sustainable Development Goals, tackling climate change and promoting human rights. He thanked the Prime Minister for India\u2019s contribution to his office\u2019s trust fund and added, \u201cI have always believed in the United Nations. And I am counting on India\u2019s continued support to ensure that the Organization remains relevant and capable of helping the world to find solutions to current challenges.\u201d The two also discussed the fight against terrorism, poverty and youth radicalization, as well as the role of regional organizations in the international system.<\/p><p>Upon meeting the Minister for External Affairs, the President-elect thanked her for inviting him to visit India. Their talks then focused on Security Council reform, revitalization of the General Assembly, terrorism, the Sustainable Development Goals, migration, climate change, investing in youth and sustaining peace. On human rights in general, the President-elect stressed that the international agenda must remain overarching and non-politicised, especially since human rights violations were often the first indicator of impending conflict.<\/p><p>The President-elect was accompanied to India by his Chief of Staff, H.E. Mr. Franti\u0161ek Ru\u017ei\u010dka, and his Spokesperson, Mr. Brenden Varma. Travel costs were covered by the Government of India.<\/p><p>***<\/p><p><strong>For media inquiries, please contact:<\/strong><\/p><p>Brenden Varma, Spokesperson for the President-elect of the General Assembly, 1-212-963-7238, 1-917-818-9873, <a href=\"mailto:varmab@un.org\">varmab@un.org<\/a><\/p>","_et_gb_content_width":"","footnotes":"","_links_to":"","_links_to_target":""},"categories":[69,65,61],"tags":[],"class_list":["post-107925","post","type-post","status-publish","format-standard","has-post-thumbnail","hentry","category-blog","category-newsandupdates","category-pressreleases","et-has-post-format-content","et_post_format-et-post-format-standard"],"yoast_head":"<!-- This site is optimized with the Yoast SEO plugin v28.3 - https:\/\/yoast.com\/product\/yoast-seo-wordpress\/ -->\n<title>PRESS RELEASE: President-elect of Ä¢¹½ÊÓÆµ General Assembly outlines priorities in New Delhi - General Assembly of the United Nations<\/title>\n<meta name=\"robots\" content=\"index, follow, max-snippet:-1, max-image-preview:large, max-video-preview:-1\" \/>\n<link rel=\"canonical\" href=\"https:\/\/www.un.org\/pga\/72\/2017\/08\/28\/president-elect-of-un-general-assembly-outlines-priorities-to-indian-officials-in-new-delhi\/\" \/>\n<meta property=\"og:locale\" content=\"en_US\" \/>\n<meta property=\"og:type\" content=\"article\" \/>\n<meta property=\"og:title\" content=\"PRESS RELEASE: President-elect of Ä¢¹½ÊÓÆµ General Assembly outlines priorities in New Delhi - General Assembly of the United Nations\" \/>\n<meta property=\"og:description\" content=\"President-elect of Ä¢¹½ÊÓÆµ General Assembly concluded visit to New Delhi\" \/>\n<meta property=\"og:url\" content=\"https:\/\/www.un.org\/pga\/72\/2017\/08\/28\/president-elect-of-un-general-assembly-outlines-priorities-to-indian-officials-in-new-delhi\/\" \/>\n<meta property=\"og:site_name\" content=\"General Assembly of the United Nations\" \/>\n<meta property=\"article:published_time\" content=\"2017-08-28T15:14:23+00:00\" \/>\n<meta property=\"article:modified_time\" content=\"2017-09-12T23:10:42+00:00\" \/>\n<meta property=\"og:image\" content=\"https:\/\/www.un.org\/pga\/wp-content\/uploads\/sites\/51\/2017\/08\/DSC_3085-1-1024x708.jpg\" \/>\n\t<meta property=\"og:image:width\" content=\"1024\" \/>\n\t<meta property=\"og:image:height\" content=\"708\" \/>\n\t<meta property=\"og:image:type\" content=\"image\/jpeg\" \/>\n<meta name=\"author\" content=\"Matthew Stockton\" \/>\n<meta name=\"twitter:card\" content=\"summary_large_image\" \/>\n<meta name=\"twitter:label1\" content=\"Written by\" \/>\n\t<meta name=\"twitter:data1\" content=\"Matthew Stockton\" \/>\n\t<meta name=\"twitter:label2\" content=\"Est. reading time\" \/>\n\t<meta name=\"twitter:data2\" content=\"3 minutes\" \/>\n<script type=\"application\/ld+json\" class=\"yoast-schema-graph\">{\"@context\":\"https:\\\/\\\/schema.org\",\"@graph\":[{\"@type\":\"Article\",\"@id\":\"https:\\\/\\\/www.un.org\\\/pga\\\/72\\\/2017\\\/08\\\/28\\\/president-elect-of-un-general-assembly-outlines-priorities-to-indian-officials-in-new-delhi\\\/#article\",\"isPartOf\":{\"@id\":\"https:\\\/\\\/www.un.org\\\/pga\\\/72\\\/2017\\\/08\\\/28\\\/president-elect-of-un-general-assembly-outlines-priorities-to-indian-officials-in-new-delhi\\\/\"},\"author\":{\"name\":\"Matthew Stockton\",\"@id\":\"https:\\\/\\\/www.un.org\\\/pga\\\/72\\\/#\\\/schema\\\/person\\\/3ed8463364bfb1cb48762bbd288c2a8e\"},\"headline\":\"PRESS RELEASE: President-elect of Ä¢¹½ÊÓÆµ General Assembly outlines priorities in New Delhi\",\"datePublished\":\"2017-08-28T15:14:23+00:00\",\"dateModified\":\"2017-09-12T23:10:42+00:00\",\"mainEntityOfPage\":{\"@id\":\"https:\\\/\\\/www.un.org\\\/pga\\\/72\\\/2017\\\/08\\\/28\\\/president-elect-of-un-general-assembly-outlines-priorities-to-indian-officials-in-new-delhi\\\/\"},\"wordCount\":529,\"image\":{\"@id\":\"https:\\\/\\\/www.un.org\\\/pga\\\/72\\\/2017\\\/08\\\/28\\\/president-elect-of-un-general-assembly-outlines-priorities-to-indian-officials-in-new-delhi\\\/#primaryimage\"},\"thumbnailUrl\":\"https:\\\/\\\/www.un.org\\\/pga\\\/wp-content\\\/uploads\\\/sites\\\/51\\\/2017\\\/08\\\/DSC_3085-1.jpg\",\"articleSection\":[\"Blog\",\"News And Updates - homepage\",\"Press Releases\"],\"inLanguage\":\"en-US\"},{\"@type\":\"WebPage\",\"@id\":\"https:\\\/\\\/www.un.org\\\/pga\\\/72\\\/2017\\\/08\\\/28\\\/president-elect-of-un-general-assembly-outlines-priorities-to-indian-officials-in-new-delhi\\\/\",\"url\":\"https:\\\/\\\/www.un.org\\\/pga\\\/72\\\/2017\\\/08\\\/28\\\/president-elect-of-un-general-assembly-outlines-priorities-to-indian-officials-in-new-delhi\\\/\",\"name\":\"PRESS RELEASE: President-elect of Ä¢¹½ÊÓÆµ General Assembly outlines priorities in New Delhi - General Assembly of the United Nations\",\"isPartOf\":{\"@id\":\"https:\\\/\\\/www.un.org\\\/pga\\\/72\\\/#website\"},\"primaryImageOfPage\":{\"@id\":\"https:\\\/\\\/www.un.org\\\/pga\\\/72\\\/2017\\\/08\\\/28\\\/president-elect-of-un-general-assembly-outlines-priorities-to-indian-officials-in-new-delhi\\\/#primaryimage\"},\"image\":{\"@id\":\"https:\\\/\\\/www.un.org\\\/pga\\\/72\\\/2017\\\/08\\\/28\\\/president-elect-of-un-general-assembly-outlines-priorities-to-indian-officials-in-new-delhi\\\/#primaryimage\"},\"thumbnailUrl\":\"https:\\\/\\\/www.un.org\\\/pga\\\/wp-content\\\/uploads\\\/sites\\\/51\\\/2017\\\/08\\\/DSC_3085-1.jpg\",\"datePublished\":\"2017-08-28T15:14:23+00:00\",\"dateModified\":\"2017-09-12T23:10:42+00:00\",\"author\":{\"@id\":\"https:\\\/\\\/www.un.org\\\/pga\\\/72\\\/#\\\/schema\\\/person\\\/3ed8463364bfb1cb48762bbd288c2a8e\"},\"breadcrumb\":{\"@id\":\"https:\\\/\\\/www.un.org\\\/pga\\\/72\\\/2017\\\/08\\\/28\\\/president-elect-of-un-general-assembly-outlines-priorities-to-indian-officials-in-new-delhi\\\/#breadcrumb\"},\"inLanguage\":\"en-US\",\"potentialAction\":[{\"@type\":\"ReadAction\",\"target\":[\"https:\\\/\\\/www.un.org\\\/pga\\\/72\\\/2017\\\/08\\\/28\\\/president-elect-of-un-general-assembly-outlines-priorities-to-indian-officials-in-new-delhi\\\/\"]}]},{\"@type\":\"ImageObject\",\"inLanguage\":\"en-US\",\"@id\":\"https:\\\/\\\/www.un.org\\\/pga\\\/72\\\/2017\\\/08\\\/28\\\/president-elect-of-un-general-assembly-outlines-priorities-to-indian-officials-in-new-delhi\\\/#primaryimage\",\"url\":\"https:\\\/\\\/www.un.org\\\/pga\\\/wp-content\\\/uploads\\\/sites\\\/51\\\/2017\\\/08\\\/DSC_3085-1.jpg\",\"contentUrl\":\"https:\\\/\\\/www.un.org\\\/pga\\\/wp-content\\\/uploads\\\/sites\\\/51\\\/2017\\\/08\\\/DSC_3085-1.jpg\",\"width\":4942,\"height\":3415},{\"@type\":\"BreadcrumbList\",\"@id\":\"https:\\\/\\\/www.un.org\\\/pga\\\/72\\\/2017\\\/08\\\/28\\\/president-elect-of-un-general-assembly-outlines-priorities-to-indian-officials-in-new-delhi\\\/#breadcrumb\",\"itemListElement\":[{\"@type\":\"ListItem\",\"position\":1,\"name\":\"Home\",\"item\":\"https:\\\/\\\/www.un.org\\\/pga\\\/72\\\/\"},{\"@type\":\"ListItem\",\"position\":2,\"name\":\"PRESS RELEASE: President-elect of Ä¢¹½ÊÓÆµ General Assembly outlines priorities in New Delhi\"}]},{\"@type\":\"WebSite\",\"@id\":\"https:\\\/\\\/www.un.org\\\/pga\\\/72\\\/#website\",\"url\":\"https:\\\/\\\/www.un.org\\\/pga\\\/72\\\/\",\"name\":\"General Assembly of the United Nations\",\"description\":\"President of the 72nd Session\",\"potentialAction\":[{\"@type\":\"SearchAction\",\"target\":{\"@type\":\"EntryPoint\",\"urlTemplate\":\"https:\\\/\\\/www.un.org\\\/pga\\\/72\\\/?s={search_term_string}\"},\"query-input\":{\"@type\":\"PropertyValueSpecification\",\"valueRequired\":true,\"valueName\":\"search_term_string\"}}],\"inLanguage\":\"en-US\"},{\"@type\":\"Person\",\"@id\":\"https:\\\/\\\/www.un.org\\\/pga\\\/72\\\/#\\\/schema\\\/person\\\/3ed8463364bfb1cb48762bbd288c2a8e\",\"name\":\"Matthew Stockton\",\"image\":{\"@type\":\"ImageObject\",\"inLanguage\":\"en-US\",\"@id\":\"https:\\\/\\\/secure.gravatar.com\\\/avatar\\\/30c513a776b68642ba56b4ad75b94ed36b8a6c652f92aa2cb3b2641d5b96117a?s=96&d=mm&r=g\",\"url\":\"https:\\\/\\\/secure.gravatar.com\\\/avatar\\\/30c513a776b68642ba56b4ad75b94ed36b8a6c652f92aa2cb3b2641d5b96117a?s=96&d=mm&r=g\",\"contentUrl\":\"https:\\\/\\\/secure.gravatar.com\\\/avatar\\\/30c513a776b68642ba56b4ad75b94ed36b8a6c652f92aa2cb3b2641d5b96117a?s=96&d=mm&r=g\",\"caption\":\"Matthew Stockton\"},\"url\":\"https:\\\/\\\/www.un.org\\\/pga\\\/72\\\/author\\\/stocktonmun-org\\\/\"}]}<\/script>\n<!-- \/ Yoast SEO plugin. -->","yoast_head_json":{"title":"PRESS RELEASE: President-elect of Ä¢¹½ÊÓÆµ General Assembly outlines priorities in New Delhi - General Assembly of the United Nations","robots":{"index":"index","follow":"follow","max-snippet":"max-snippet:-1","max-image-preview":"max-image-preview:large","max-video-preview":"max-video-preview:-1"},"canonical":"https:\/\/www.un.org\/pga\/72\/2017\/08\/28\/president-elect-of-un-general-assembly-outlines-priorities-to-indian-officials-in-new-delhi\/","og_locale":"en_US","og_type":"article","og_title":"PRESS RELEASE: President-elect of Ä¢¹½ÊÓÆµ General Assembly outlines priorities in New Delhi - General Assembly of the United Nations","og_description":"President-elect of Ä¢¹½ÊÓÆµ General Assembly concluded visit to New Delhi","og_url":"https:\/\/www.un.org\/pga\/72\/2017\/08\/28\/president-elect-of-un-general-assembly-outlines-priorities-to-indian-officials-in-new-delhi\/","og_site_name":"General Assembly of the United Nations","article_published_time":"2017-08-28T15:14:23+00:00","article_modified_time":"2017-09-12T23:10:42+00:00","og_image":[{"width":1024,"height":708,"url":"https:\/\/www.un.org\/pga\/wp-content\/uploads\/sites\/51\/2017\/08\/DSC_3085-1-1024x708.jpg","type":"image\/jpeg"}],"author":"Matthew Stockton","twitter_card":"summary_large_image","twitter_misc":{"Written by":"Matthew Stockton","Est. reading time":"3 minutes"},"schema":{"@context":"https:\/\/schema.org","@graph":[{"@type":"Article","@id":"https:\/\/www.un.org\/pga\/72\/2017\/08\/28\/president-elect-of-un-general-assembly-outlines-priorities-to-indian-officials-in-new-delhi\/#article","isPartOf":{"@id":"https:\/\/www.un.org\/pga\/72\/2017\/08\/28\/president-elect-of-un-general-assembly-outlines-priorities-to-indian-officials-in-new-delhi\/"},"author":{"name":"Matthew Stockton","@id":"https:\/\/www.un.org\/pga\/72\/#\/schema\/person\/3ed8463364bfb1cb48762bbd288c2a8e"},"headline":"PRESS RELEASE: President-elect of Ä¢¹½ÊÓÆµ General Assembly outlines priorities in New Delhi","datePublished":"2017-08-28T15:14:23+00:00","dateModified":"2017-09-12T23:10:42+00:00","mainEntityOfPage":{"@id":"https:\/\/www.un.org\/pga\/72\/2017\/08\/28\/president-elect-of-un-general-assembly-outlines-priorities-to-indian-officials-in-new-delhi\/"},"wordCount":529,"image":{"@id":"https:\/\/www.un.org\/pga\/72\/2017\/08\/28\/president-elect-of-un-general-assembly-outlines-priorities-to-indian-officials-in-new-delhi\/#primaryimage"},"thumbnailUrl":"https:\/\/www.un.org\/pga\/wp-content\/uploads\/sites\/51\/2017\/08\/DSC_3085-1.jpg","articleSection":["Blog","News And Updates - homepage","Press Releases"],"inLanguage":"en-US"},{"@type":"WebPage","@id":"https:\/\/www.un.org\/pga\/72\/2017\/08\/28\/president-elect-of-un-general-assembly-outlines-priorities-to-indian-officials-in-new-delhi\/","url":"https:\/\/www.un.org\/pga\/72\/2017\/08\/28\/president-elect-of-un-general-assembly-outlines-priorities-to-indian-officials-in-new-delhi\/","name":"PRESS RELEASE: President-elect of Ä¢¹½ÊÓÆµ General Assembly outlines priorities in New Delhi - General Assembly of the United Nations","isPartOf":{"@id":"https:\/\/www.un.org\/pga\/72\/#website"},"primaryImageOfPage":{"@id":"https:\/\/www.un.org\/pga\/72\/2017\/08\/28\/president-elect-of-un-general-assembly-outlines-priorities-to-indian-officials-in-new-delhi\/#primaryimage"},"image":{"@id":"https:\/\/www.un.org\/pga\/72\/2017\/08\/28\/president-elect-of-un-general-assembly-outlines-priorities-to-indian-officials-in-new-delhi\/#primaryimage"},"thumbnailUrl":"https:\/\/www.un.org\/pga\/wp-content\/uploads\/sites\/51\/2017\/08\/DSC_3085-1.jpg","datePublished":"2017-08-28T15:14:23+00:00","dateModified":"2017-09-12T23:10:42+00:00","author":{"@id":"https:\/\/www.un.org\/pga\/72\/#\/schema\/person\/3ed8463364bfb1cb48762bbd288c2a8e"},"breadcrumb":{"@id":"https:\/\/www.un.org\/pga\/72\/2017\/08\/28\/president-elect-of-un-general-assembly-outlines-priorities-to-indian-officials-in-new-delhi\/#breadcrumb"},"inLanguage":"en-US","potentialAction":[{"@type":"ReadAction","target":["https:\/\/www.un.org\/pga\/72\/2017\/08\/28\/president-elect-of-un-general-assembly-outlines-priorities-to-indian-officials-in-new-delhi\/"]}]},{"@type":"ImageObject","inLanguage":"en-US","@id":"https:\/\/www.un.org\/pga\/72\/2017\/08\/28\/president-elect-of-un-general-assembly-outlines-priorities-to-indian-officials-in-new-delhi\/#primaryimage","url":"https:\/\/www.un.org\/pga\/wp-content\/uploads\/sites\/51\/2017\/08\/DSC_3085-1.jpg","contentUrl":"https:\/\/www.un.org\/pga\/wp-content\/uploads\/sites\/51\/2017\/08\/DSC_3085-1.jpg","width":4942,"height":3415},{"@type":"BreadcrumbList","@id":"https:\/\/www.un.org\/pga\/72\/2017\/08\/28\/president-elect-of-un-general-assembly-outlines-priorities-to-indian-officials-in-new-delhi\/#breadcrumb","itemListElement":[{"@type":"ListItem","position":1,"name":"Home","item":"https:\/\/www.un.org\/pga\/72\/"},{"@type":"ListItem","position":2,"name":"PRESS RELEASE: President-elect of Ä¢¹½ÊÓÆµ General Assembly outlines priorities in New Delhi"}]},{"@type":"WebSite","@id":"https:\/\/www.un.org\/pga\/72\/#website","url":"https:\/\/www.un.org\/pga\/72\/","name":"General Assembly of the United Nations","description":"President of the 72nd Session","potentialAction":[{"@type":"SearchAction","target":{"@type":"EntryPoint","urlTemplate":"https:\/\/www.un.org\/pga\/72\/?s={search_term_string}"},"query-input":{"@type":"PropertyValueSpecification","valueRequired":true,"valueName":"search_term_string"}}],"inLanguage":"en-US"},{"@type":"Person","@id":"https:\/\/www.un.org\/pga\/72\/#\/schema\/person\/3ed8463364bfb1cb48762bbd288c2a8e","name":"Matthew Stockton","image":{"@type":"ImageObject","inLanguage":"en-US","@id":"https:\/\/secure.gravatar.com\/avatar\/30c513a776b68642ba56b4ad75b94ed36b8a6c652f92aa2cb3b2641d5b96117a?s=96&d=mm&r=g","url":"https:\/\/secure.gravatar.com\/avatar\/30c513a776b68642ba56b4ad75b94ed36b8a6c652f92aa2cb3b2641d5b96117a?s=96&d=mm&r=g","contentUrl":"https:\/\/secure.gravatar.com\/avatar\/30c513a776b68642ba56b4ad75b94ed36b8a6c652f92aa2cb3b2641d5b96117a?s=96&d=mm&r=g","caption":"Matthew Stockton"},"url":"https:\/\/www.un.org\/pga\/72\/author\/stocktonmun-org\/"}]}},"_links":{"self":[{"href":"https:\/\/www.un.org\/pga\/72\/wp-json\/wp\/v2\/posts\/107925","targetHints":{"allow":["GET"]}}],"collection":[{"href":"https:\/\/www.un.org\/pga\/72\/wp-json\/wp\/v2\/posts"}],"about":[{"href":"https:\/\/www.un.org\/pga\/72\/wp-json\/wp\/v2\/types\/post"}],"author":[{"embeddable":true,"href":"https:\/\/www.un.org\/pga\/72\/wp-json\/wp\/v2\/users\/375"}],"replies":[{"embeddable":true,"href":"https:\/\/www.un.org\/pga\/72\/wp-json\/wp\/v2\/comments?post=107925"}],"version-history":[{"count":0,"href":"https:\/\/www.un.org\/pga\/72\/wp-json\/wp\/v2\/posts\/107925\/revisions"}],"wp:featuredmedia":[{"embeddable":true,"href":"https:\/\/www.un.org\/pga\/72\/wp-json\/wp\/v2\/media\/109141"}],"wp:attachment":[{"href":"https:\/\/www.un.org\/pga\/72\/wp-json\/wp\/v2\/media?parent=107925"}],"wp:term":[{"taxonomy":"category","embeddable":true,"href":"https:\/\/www.un.org\/pga\/72\/wp-json\/wp\/v2\/categories?post=107925"},{"taxonomy":"post_tag","embeddable":true,"href":"https:\/\/www.un.org\/pga\/72\/wp-json\/wp\/v2\/tags?post=107925"}],"curies":[{"name":"wp","href":"https:\/\/api.w.org\/{rel}","templated":true}]}}