  {"id":119509,"date":"2017-09-20T19:26:27","date_gmt":"2017-09-20T23:26:27","guid":{"rendered":"http:\/\/www.un.org\/pga\/72\/?p=119509\/"},"modified":"2017-09-20T19:26:27","modified_gmt":"2017-09-20T23:26:27","slug":"minister-for-foreign-affairs-of-russia","status":"publish","type":"post","link":"https:\/\/www.un.org\/pga\/72\/2017\/09\/20\/minister-for-foreign-affairs-of-russia\/","title":{"rendered":"Minister for Foreign Affairs of Russia"},"content":{"rendered":"<p>[et_pb_section bb_built=&#8221;1&#8243;][et_pb_row][et_pb_column type=&#8221;4_4&#8243;][et_pb_text _builder_version=&#8221;3.0.69&#8243; background_layout=&#8221;light&#8221; text_orientation=&#8221;left&#8221; border_style=&#8221;solid&#8221; background_position=&#8221;top_left&#8221; background_repeat=&#8221;repeat&#8221; background_size=&#8221;initial&#8221;]<\/p>\n<p>The President of the 72<sup>nd<\/sup>\u00a0session of the General Assembly, H.E. Mr. Miroslav Laj\u010d\u00e1k, met today with the Minister for Foreign Affairs of the\u00a0Russian Federation, H.E. Mr.\u00a0Sergey V. Lavrov.\u00a0They discussed the importance of the\u00a0United Nations and the\u00a0relevance of reforms.<\/p>\n<p>They agreed that the United Nations continues to serve as an important platform where global affairs can and should be discussed in a constructive manner. Reform\u00a0agenda proposals must therefore focus on the effectiveness of the Organization. Consensus remains an irreplaceable decision-making tool for Member States.<\/p>\n<p>They also discussed current global dynamics and non-proliferation efforts, including with respect to the situation on the Korean Peninsula and the Iran nuclear deal framework.<\/p>\n<p>[\/et_pb_text][\/et_pb_column][\/et_pb_row][\/et_pb_section]<\/p>\n","protected":false},"excerpt":{"rendered":"<p>Meeting with Minister for Foreign Affairs of Russia<\/p>\n","protected":false},"author":202,"featured_media":119513,"comment_status":"closed","ping_status":"closed","sticky":false,"template":"","format":"standard","meta":{"_et_pb_use_builder":"on","_et_pb_old_content":"<h4 style=\"text-align: right;\"><strong>PRESS RELEASE<\/strong><\/h4><p>\u00a0<\/p><h2><span style=\"color: #00a8ff;\">President-elect of Ä¢¹½ÊÓÆµ General Assembly outlines priorities to Indian officials in New Delhi<\/span><\/h2><p>\u00a0<\/p><p><strong>New Delhi, India,<em>\u00a028 August 2017\u00a0<\/em>\u2013 The President-elect of the 72nd session of the United Nations General Assembly, H.E. Mr. Miroslav Laj\u010d\u00e1k, today concluded a two-day visit to New Delhi. While in the Indian capital, he met with H.E. Mr. Narendra Modi, Prime Minister of the Republic of India; H.E. Ms. Sushma Swaraj, Minister for External Affairs of the Republic of India; H.E. Mr. M.J. Akbar, Minister of State for External Affairs of the Republic of India; and the United Nations Country Team in India, headed by the United Nations Resident Coordinator, Mr. Yuri Afanasiev.<\/strong><\/p><p>At the invitation of Ambassador Hardeep Singh Puri, President of the Governing Body and Chairman of the Governing Council of the Research and Information Systems for Developing Countries (RIS), the President-elect also met with a group of experts on the United Nations to exchange views on the overall work of the Organization and possibilities for its further improvement.<\/p><p>During his meeting with the Prime Minister, the President-elect outlined his priorities for the upcoming General Assembly session, including improving the lives of all people, preventing conflict, sustaining peace, addressing migration, advancing the Sustainable Development Goals, tackling climate change and promoting human rights. He thanked the Prime Minister for India\u2019s contribution to his office\u2019s trust fund and added, \u201cI have always believed in the United Nations. And I am counting on India\u2019s continued support to ensure that the Organization remains relevant and capable of helping the world to find solutions to current challenges.\u201d The two also discussed the fight against terrorism, poverty and youth radicalization, as well as the role of regional organizations in the international system.<\/p><p>Upon meeting the Minister for External Affairs, the President-elect thanked her for inviting him to visit India. Their talks then focused on Security Council reform, revitalization of the General Assembly, terrorism, the Sustainable Development Goals, migration, climate change, investing in youth and sustaining peace. On human rights in general, the President-elect stressed that the international agenda must remain overarching and non-politicised, especially since human rights violations were often the first indicator of impending conflict.<\/p><p>The President-elect was accompanied to India by his Chief of Staff, H.E. Mr. Franti\u0161ek Ru\u017ei\u010dka, and his Spokesperson, Mr. Brenden Varma. Travel costs were covered by the Government of India.<\/p><p>***<\/p><p><strong>For media inquiries, please contact:<\/strong><\/p><p>Brenden Varma, Spokesperson for the President-elect of the General Assembly, 1-212-963-7238, 1-917-818-9873, <a href=\"mailto:varmab@un.org\">varmab@un.org<\/a><\/p>","_et_gb_content_width":"","footnotes":"","_links_to":"","_links_to_target":""},"categories":[69,325],"tags":[],"class_list":["post-119509","post","type-post","status-publish","format-standard","has-post-thumbnail","hentry","category-blog","category-readout","et-has-post-format-content","et_post_format-et-post-format-standard"],"yoast_head":"<!-- This site is optimized with the Yoast SEO plugin v28.3 - https:\/\/yoast.com\/product\/yoast-seo-wordpress\/ -->\n<title>Minister for Foreign Affairs of Russia - General Assembly of the United Nations<\/title>\n<meta name=\"robots\" content=\"index, follow, max-snippet:-1, max-image-preview:large, max-video-preview:-1\" \/>\n<link rel=\"canonical\" href=\"https:\/\/www.un.org\/pga\/72\/2017\/09\/20\/minister-for-foreign-affairs-of-russia\/\" \/>\n<meta property=\"og:locale\" content=\"en_US\" \/>\n<meta property=\"og:type\" content=\"article\" \/>\n<meta property=\"og:title\" content=\"Minister for Foreign Affairs of Russia - General Assembly of the United Nations\" \/>\n<meta property=\"og:description\" content=\"Meeting with Minister for Foreign Affairs of Russia\" \/>\n<meta property=\"og:url\" content=\"https:\/\/www.un.org\/pga\/72\/2017\/09\/20\/minister-for-foreign-affairs-of-russia\/\" \/>\n<meta property=\"og:site_name\" content=\"General Assembly of the United Nations\" \/>\n<meta property=\"article:published_time\" content=\"2017-09-20T23:26:27+00:00\" \/>\n<meta property=\"og:image\" content=\"https:\/\/www.un.org\/pga\/wp-content\/uploads\/sites\/51\/2017\/09\/Russia_20-Sept.jpg\" \/>\n\t<meta property=\"og:image:width\" content=\"866\" \/>\n\t<meta property=\"og:image:height\" content=\"548\" \/>\n\t<meta property=\"og:image:type\" content=\"image\/jpeg\" \/>\n<meta name=\"author\" content=\"Katharina Kandt\" \/>\n<meta name=\"twitter:card\" content=\"summary_large_image\" \/>\n<meta name=\"twitter:label1\" content=\"Written by\" \/>\n\t<meta name=\"twitter:data1\" content=\"Katharina Kandt\" \/>\n\t<meta name=\"twitter:label2\" content=\"Est. reading time\" \/>\n\t<meta name=\"twitter:data2\" content=\"1 minute\" \/>\n<script type=\"application\/ld+json\" class=\"yoast-schema-graph\">{\"@context\":\"https:\\\/\\\/schema.org\",\"@graph\":[{\"@type\":\"Article\",\"@id\":\"https:\\\/\\\/www.un.org\\\/pga\\\/72\\\/2017\\\/09\\\/20\\\/minister-for-foreign-affairs-of-russia\\\/#article\",\"isPartOf\":{\"@id\":\"https:\\\/\\\/www.un.org\\\/pga\\\/72\\\/2017\\\/09\\\/20\\\/minister-for-foreign-affairs-of-russia\\\/\"},\"author\":{\"name\":\"Katharina Kandt\",\"@id\":\"https:\\\/\\\/www.un.org\\\/pga\\\/72\\\/#\\\/schema\\\/person\\\/06bf09e43d46846c087701ec99ac8412\"},\"headline\":\"Minister for Foreign Affairs of Russia\",\"datePublished\":\"2017-09-20T23:26:27+00:00\",\"mainEntityOfPage\":{\"@id\":\"https:\\\/\\\/www.un.org\\\/pga\\\/72\\\/2017\\\/09\\\/20\\\/minister-for-foreign-affairs-of-russia\\\/\"},\"wordCount\":172,\"image\":{\"@id\":\"https:\\\/\\\/www.un.org\\\/pga\\\/72\\\/2017\\\/09\\\/20\\\/minister-for-foreign-affairs-of-russia\\\/#primaryimage\"},\"thumbnailUrl\":\"https:\\\/\\\/www.un.org\\\/pga\\\/wp-content\\\/uploads\\\/sites\\\/51\\\/2017\\\/09\\\/Russia_20-Sept.jpg\",\"articleSection\":[\"Blog\",\"Readout\"],\"inLanguage\":\"en-US\"},{\"@type\":\"WebPage\",\"@id\":\"https:\\\/\\\/www.un.org\\\/pga\\\/72\\\/2017\\\/09\\\/20\\\/minister-for-foreign-affairs-of-russia\\\/\",\"url\":\"https:\\\/\\\/www.un.org\\\/pga\\\/72\\\/2017\\\/09\\\/20\\\/minister-for-foreign-affairs-of-russia\\\/\",\"name\":\"Minister for Foreign Affairs of Russia - General Assembly of the United Nations\",\"isPartOf\":{\"@id\":\"https:\\\/\\\/www.un.org\\\/pga\\\/72\\\/#website\"},\"primaryImageOfPage\":{\"@id\":\"https:\\\/\\\/www.un.org\\\/pga\\\/72\\\/2017\\\/09\\\/20\\\/minister-for-foreign-affairs-of-russia\\\/#primaryimage\"},\"image\":{\"@id\":\"https:\\\/\\\/www.un.org\\\/pga\\\/72\\\/2017\\\/09\\\/20\\\/minister-for-foreign-affairs-of-russia\\\/#primaryimage\"},\"thumbnailUrl\":\"https:\\\/\\\/www.un.org\\\/pga\\\/wp-content\\\/uploads\\\/sites\\\/51\\\/2017\\\/09\\\/Russia_20-Sept.jpg\",\"datePublished\":\"2017-09-20T23:26:27+00:00\",\"author\":{\"@id\":\"https:\\\/\\\/www.un.org\\\/pga\\\/72\\\/#\\\/schema\\\/person\\\/06bf09e43d46846c087701ec99ac8412\"},\"breadcrumb\":{\"@id\":\"https:\\\/\\\/www.un.org\\\/pga\\\/72\\\/2017\\\/09\\\/20\\\/minister-for-foreign-affairs-of-russia\\\/#breadcrumb\"},\"inLanguage\":\"en-US\",\"potentialAction\":[{\"@type\":\"ReadAction\",\"target\":[\"https:\\\/\\\/www.un.org\\\/pga\\\/72\\\/2017\\\/09\\\/20\\\/minister-for-foreign-affairs-of-russia\\\/\"]}]},{\"@type\":\"ImageObject\",\"inLanguage\":\"en-US\",\"@id\":\"https:\\\/\\\/www.un.org\\\/pga\\\/72\\\/2017\\\/09\\\/20\\\/minister-for-foreign-affairs-of-russia\\\/#primaryimage\",\"url\":\"https:\\\/\\\/www.un.org\\\/pga\\\/wp-content\\\/uploads\\\/sites\\\/51\\\/2017\\\/09\\\/Russia_20-Sept.jpg\",\"contentUrl\":\"https:\\\/\\\/www.un.org\\\/pga\\\/wp-content\\\/uploads\\\/sites\\\/51\\\/2017\\\/09\\\/Russia_20-Sept.jpg\",\"width\":866,\"height\":548},{\"@type\":\"BreadcrumbList\",\"@id\":\"https:\\\/\\\/www.un.org\\\/pga\\\/72\\\/2017\\\/09\\\/20\\\/minister-for-foreign-affairs-of-russia\\\/#breadcrumb\",\"itemListElement\":[{\"@type\":\"ListItem\",\"position\":1,\"name\":\"Home\",\"item\":\"https:\\\/\\\/www.un.org\\\/pga\\\/72\\\/\"},{\"@type\":\"ListItem\",\"position\":2,\"name\":\"Minister for Foreign Affairs of Russia\"}]},{\"@type\":\"WebSite\",\"@id\":\"https:\\\/\\\/www.un.org\\\/pga\\\/72\\\/#website\",\"url\":\"https:\\\/\\\/www.un.org\\\/pga\\\/72\\\/\",\"name\":\"General Assembly of the United Nations\",\"description\":\"President of the 72nd Session\",\"potentialAction\":[{\"@type\":\"SearchAction\",\"target\":{\"@type\":\"EntryPoint\",\"urlTemplate\":\"https:\\\/\\\/www.un.org\\\/pga\\\/72\\\/?s={search_term_string}\"},\"query-input\":{\"@type\":\"PropertyValueSpecification\",\"valueRequired\":true,\"valueName\":\"search_term_string\"}}],\"inLanguage\":\"en-US\"},{\"@type\":\"Person\",\"@id\":\"https:\\\/\\\/www.un.org\\\/pga\\\/72\\\/#\\\/schema\\\/person\\\/06bf09e43d46846c087701ec99ac8412\",\"name\":\"Katharina Kandt\",\"image\":{\"@type\":\"ImageObject\",\"inLanguage\":\"en-US\",\"@id\":\"https:\\\/\\\/secure.gravatar.com\\\/avatar\\\/5e28c19bf52d2ea02ca4d78c4548f4e118fe08e94744f59f7938769a04ae856e?s=96&d=mm&r=g\",\"url\":\"https:\\\/\\\/secure.gravatar.com\\\/avatar\\\/5e28c19bf52d2ea02ca4d78c4548f4e118fe08e94744f59f7938769a04ae856e?s=96&d=mm&r=g\",\"contentUrl\":\"https:\\\/\\\/secure.gravatar.com\\\/avatar\\\/5e28c19bf52d2ea02ca4d78c4548f4e118fe08e94744f59f7938769a04ae856e?s=96&d=mm&r=g\",\"caption\":\"Katharina Kandt\"},\"url\":\"https:\\\/\\\/www.un.org\\\/pga\\\/72\\\/author\\\/kandtun-org\\\/\"}]}<\/script>\n<!-- \/ Yoast SEO plugin. -->","yoast_head_json":{"title":"Minister for Foreign Affairs of Russia - General Assembly of the United Nations","robots":{"index":"index","follow":"follow","max-snippet":"max-snippet:-1","max-image-preview":"max-image-preview:large","max-video-preview":"max-video-preview:-1"},"canonical":"https:\/\/www.un.org\/pga\/72\/2017\/09\/20\/minister-for-foreign-affairs-of-russia\/","og_locale":"en_US","og_type":"article","og_title":"Minister for Foreign Affairs of Russia - General Assembly of the United Nations","og_description":"Meeting with Minister for Foreign Affairs of Russia","og_url":"https:\/\/www.un.org\/pga\/72\/2017\/09\/20\/minister-for-foreign-affairs-of-russia\/","og_site_name":"General Assembly of the United Nations","article_published_time":"2017-09-20T23:26:27+00:00","og_image":[{"width":866,"height":548,"url":"https:\/\/www.un.org\/pga\/wp-content\/uploads\/sites\/51\/2017\/09\/Russia_20-Sept.jpg","type":"image\/jpeg"}],"author":"Katharina Kandt","twitter_card":"summary_large_image","twitter_misc":{"Written by":"Katharina Kandt","Est. reading time":"1 minute"},"schema":{"@context":"https:\/\/schema.org","@graph":[{"@type":"Article","@id":"https:\/\/www.un.org\/pga\/72\/2017\/09\/20\/minister-for-foreign-affairs-of-russia\/#article","isPartOf":{"@id":"https:\/\/www.un.org\/pga\/72\/2017\/09\/20\/minister-for-foreign-affairs-of-russia\/"},"author":{"name":"Katharina Kandt","@id":"https:\/\/www.un.org\/pga\/72\/#\/schema\/person\/06bf09e43d46846c087701ec99ac8412"},"headline":"Minister for Foreign Affairs of Russia","datePublished":"2017-09-20T23:26:27+00:00","mainEntityOfPage":{"@id":"https:\/\/www.un.org\/pga\/72\/2017\/09\/20\/minister-for-foreign-affairs-of-russia\/"},"wordCount":172,"image":{"@id":"https:\/\/www.un.org\/pga\/72\/2017\/09\/20\/minister-for-foreign-affairs-of-russia\/#primaryimage"},"thumbnailUrl":"https:\/\/www.un.org\/pga\/wp-content\/uploads\/sites\/51\/2017\/09\/Russia_20-Sept.jpg","articleSection":["Blog","Readout"],"inLanguage":"en-US"},{"@type":"WebPage","@id":"https:\/\/www.un.org\/pga\/72\/2017\/09\/20\/minister-for-foreign-affairs-of-russia\/","url":"https:\/\/www.un.org\/pga\/72\/2017\/09\/20\/minister-for-foreign-affairs-of-russia\/","name":"Minister for Foreign Affairs of Russia - General Assembly of the United Nations","isPartOf":{"@id":"https:\/\/www.un.org\/pga\/72\/#website"},"primaryImageOfPage":{"@id":"https:\/\/www.un.org\/pga\/72\/2017\/09\/20\/minister-for-foreign-affairs-of-russia\/#primaryimage"},"image":{"@id":"https:\/\/www.un.org\/pga\/72\/2017\/09\/20\/minister-for-foreign-affairs-of-russia\/#primaryimage"},"thumbnailUrl":"https:\/\/www.un.org\/pga\/wp-content\/uploads\/sites\/51\/2017\/09\/Russia_20-Sept.jpg","datePublished":"2017-09-20T23:26:27+00:00","author":{"@id":"https:\/\/www.un.org\/pga\/72\/#\/schema\/person\/06bf09e43d46846c087701ec99ac8412"},"breadcrumb":{"@id":"https:\/\/www.un.org\/pga\/72\/2017\/09\/20\/minister-for-foreign-affairs-of-russia\/#breadcrumb"},"inLanguage":"en-US","potentialAction":[{"@type":"ReadAction","target":["https:\/\/www.un.org\/pga\/72\/2017\/09\/20\/minister-for-foreign-affairs-of-russia\/"]}]},{"@type":"ImageObject","inLanguage":"en-US","@id":"https:\/\/www.un.org\/pga\/72\/2017\/09\/20\/minister-for-foreign-affairs-of-russia\/#primaryimage","url":"https:\/\/www.un.org\/pga\/wp-content\/uploads\/sites\/51\/2017\/09\/Russia_20-Sept.jpg","contentUrl":"https:\/\/www.un.org\/pga\/wp-content\/uploads\/sites\/51\/2017\/09\/Russia_20-Sept.jpg","width":866,"height":548},{"@type":"BreadcrumbList","@id":"https:\/\/www.un.org\/pga\/72\/2017\/09\/20\/minister-for-foreign-affairs-of-russia\/#breadcrumb","itemListElement":[{"@type":"ListItem","position":1,"name":"Home","item":"https:\/\/www.un.org\/pga\/72\/"},{"@type":"ListItem","position":2,"name":"Minister for Foreign Affairs of Russia"}]},{"@type":"WebSite","@id":"https:\/\/www.un.org\/pga\/72\/#website","url":"https:\/\/www.un.org\/pga\/72\/","name":"General Assembly of the United Nations","description":"President of the 72nd Session","potentialAction":[{"@type":"SearchAction","target":{"@type":"EntryPoint","urlTemplate":"https:\/\/www.un.org\/pga\/72\/?s={search_term_string}"},"query-input":{"@type":"PropertyValueSpecification","valueRequired":true,"valueName":"search_term_string"}}],"inLanguage":"en-US"},{"@type":"Person","@id":"https:\/\/www.un.org\/pga\/72\/#\/schema\/person\/06bf09e43d46846c087701ec99ac8412","name":"Katharina Kandt","image":{"@type":"ImageObject","inLanguage":"en-US","@id":"https:\/\/secure.gravatar.com\/avatar\/5e28c19bf52d2ea02ca4d78c4548f4e118fe08e94744f59f7938769a04ae856e?s=96&d=mm&r=g","url":"https:\/\/secure.gravatar.com\/avatar\/5e28c19bf52d2ea02ca4d78c4548f4e118fe08e94744f59f7938769a04ae856e?s=96&d=mm&r=g","contentUrl":"https:\/\/secure.gravatar.com\/avatar\/5e28c19bf52d2ea02ca4d78c4548f4e118fe08e94744f59f7938769a04ae856e?s=96&d=mm&r=g","caption":"Katharina Kandt"},"url":"https:\/\/www.un.org\/pga\/72\/author\/kandtun-org\/"}]}},"_links":{"self":[{"href":"https:\/\/www.un.org\/pga\/72\/wp-json\/wp\/v2\/posts\/119509","targetHints":{"allow":["GET"]}}],"collection":[{"href":"https:\/\/www.un.org\/pga\/72\/wp-json\/wp\/v2\/posts"}],"about":[{"href":"https:\/\/www.un.org\/pga\/72\/wp-json\/wp\/v2\/types\/post"}],"author":[{"embeddable":true,"href":"https:\/\/www.un.org\/pga\/72\/wp-json\/wp\/v2\/users\/202"}],"replies":[{"embeddable":true,"href":"https:\/\/www.un.org\/pga\/72\/wp-json\/wp\/v2\/comments?post=119509"}],"version-history":[{"count":0,"href":"https:\/\/www.un.org\/pga\/72\/wp-json\/wp\/v2\/posts\/119509\/revisions"}],"wp:featuredmedia":[{"embeddable":true,"href":"https:\/\/www.un.org\/pga\/72\/wp-json\/wp\/v2\/media\/119513"}],"wp:attachment":[{"href":"https:\/\/www.un.org\/pga\/72\/wp-json\/wp\/v2\/media?parent=119509"}],"wp:term":[{"taxonomy":"category","embeddable":true,"href":"https:\/\/www.un.org\/pga\/72\/wp-json\/wp\/v2\/categories?post=119509"},{"taxonomy":"post_tag","embeddable":true,"href":"https:\/\/www.un.org\/pga\/72\/wp-json\/wp\/v2\/tags?post=119509"}],"curies":[{"name":"wp","href":"https:\/\/api.w.org\/{rel}","templated":true}]}}