  {"id":127734,"date":"2017-10-27T13:00:06","date_gmt":"2017-10-27T17:00:06","guid":{"rendered":"http:\/\/www.un.org\/pga\/72\/?p=127734\/"},"modified":"2017-10-27T14:49:49","modified_gmt":"2017-10-27T18:49:49","slug":"meeting-with-minister-of-foreign-affairs-of-colombia","status":"publish","type":"post","link":"https:\/\/www.un.org\/pga\/72\/2017\/10\/27\/meeting-with-minister-of-foreign-affairs-of-colombia\/","title":{"rendered":"Meeting with Minister of Foreign Affairs of Colombia"},"content":{"rendered":"<p>[et_pb_section bb_built=&#8221;1&#8243;][et_pb_row][et_pb_column type=&#8221;4_4&#8243;][et_pb_text _builder_version=&#8221;3.0.69&#8243; background_layout=&#8221;light&#8221; text_orientation=&#8221;left&#8221; border_style=&#8221;solid&#8221; background_position=&#8221;top_left&#8221; background_repeat=&#8221;repeat&#8221; background_size=&#8221;initial&#8221;]<\/p>\n<p>The President of the 72nd session of the General Assembly, H.E. Mr. Miroslav Laj\u010d\u00e1k, met today with the Minister of Foreign Affairs of Colombia, H.E. Ms. Mar\u00eda \u00c1ngela Holgu\u00edn Cu\u00e9llar. They discussed the President\u2019s priorities for the 72nd\u00a0session, including migration, peace and conflict prevention, sustainable development, and United Nations reforms.<\/p>\n<p>They also exchanged views on Colombia\u2019s experience with respect to peacemaking. Underlining the inspiring nature of the peace process in Colombia, the President encouraged all parties to remain committed to it as the country moves towards reintegrating former FARC-EP members into civilian life.<\/p>\n<p>The President emphasized that the international community must remain united in supporting Colombia in the implementation of the peace process.<\/p>\n<p>They also discussed current developments in the region.<\/p>\n<p>[\/et_pb_text][\/et_pb_column][\/et_pb_row][\/et_pb_section]<\/p>\n","protected":false},"excerpt":{"rendered":"<p>Meeting with Minister of Foreign Affairs of Colombia<\/p>\n","protected":false},"author":202,"featured_media":127742,"comment_status":"closed","ping_status":"closed","sticky":false,"template":"","format":"standard","meta":{"_et_pb_use_builder":"on","_et_pb_old_content":"","_et_gb_content_width":"","footnotes":"","_links_to":"","_links_to_target":""},"categories":[69,325],"tags":[],"class_list":["post-127734","post","type-post","status-publish","format-standard","has-post-thumbnail","hentry","category-blog","category-readout","et-has-post-format-content","et_post_format-et-post-format-standard"],"yoast_head":"<!-- This site is optimized with the Yoast SEO plugin v28.3 - https:\/\/yoast.com\/product\/yoast-seo-wordpress\/ -->\n<title>Meeting with Minister of Foreign Affairs of Colombia - General Assembly of the United Nations<\/title>\n<meta name=\"robots\" content=\"index, follow, max-snippet:-1, max-image-preview:large, max-video-preview:-1\" \/>\n<link rel=\"canonical\" href=\"https:\/\/www.un.org\/pga\/72\/2017\/10\/27\/meeting-with-minister-of-foreign-affairs-of-colombia\/\" \/>\n<meta property=\"og:locale\" content=\"en_US\" \/>\n<meta property=\"og:type\" content=\"article\" \/>\n<meta property=\"og:title\" content=\"Meeting with Minister of Foreign Affairs of Colombia - General Assembly of the United Nations\" \/>\n<meta property=\"og:description\" content=\"Meeting with Minister of Foreign Affairs of Colombia\" \/>\n<meta property=\"og:url\" content=\"https:\/\/www.un.org\/pga\/72\/2017\/10\/27\/meeting-with-minister-of-foreign-affairs-of-colombia\/\" \/>\n<meta property=\"og:site_name\" content=\"General Assembly of the United Nations\" \/>\n<meta property=\"article:published_time\" content=\"2017-10-27T17:00:06+00:00\" \/>\n<meta property=\"article:modified_time\" content=\"2017-10-27T18:49:49+00:00\" \/>\n<meta property=\"og:image\" content=\"https:\/\/www.un.org\/pga\/wp-content\/uploads\/sites\/51\/2017\/10\/IMG_7241-edit-small-1024x833.jpg\" \/>\n\t<meta property=\"og:image:width\" content=\"1024\" \/>\n\t<meta property=\"og:image:height\" content=\"833\" \/>\n\t<meta property=\"og:image:type\" content=\"image\/jpeg\" \/>\n<meta name=\"author\" content=\"Katharina Kandt\" \/>\n<meta name=\"twitter:card\" content=\"summary_large_image\" \/>\n<meta name=\"twitter:label1\" content=\"Written by\" \/>\n\t<meta name=\"twitter:data1\" content=\"Katharina Kandt\" \/>\n\t<meta name=\"twitter:label2\" content=\"Est. reading time\" \/>\n\t<meta name=\"twitter:data2\" content=\"1 minute\" \/>\n<script type=\"application\/ld+json\" class=\"yoast-schema-graph\">{\"@context\":\"https:\\\/\\\/schema.org\",\"@graph\":[{\"@type\":\"Article\",\"@id\":\"https:\\\/\\\/www.un.org\\\/pga\\\/72\\\/2017\\\/10\\\/27\\\/meeting-with-minister-of-foreign-affairs-of-colombia\\\/#article\",\"isPartOf\":{\"@id\":\"https:\\\/\\\/www.un.org\\\/pga\\\/72\\\/2017\\\/10\\\/27\\\/meeting-with-minister-of-foreign-affairs-of-colombia\\\/\"},\"author\":{\"name\":\"Katharina Kandt\",\"@id\":\"https:\\\/\\\/www.un.org\\\/pga\\\/72\\\/#\\\/schema\\\/person\\\/06bf09e43d46846c087701ec99ac8412\"},\"headline\":\"Meeting with Minister of Foreign Affairs of Colombia\",\"datePublished\":\"2017-10-27T17:00:06+00:00\",\"dateModified\":\"2017-10-27T18:49:49+00:00\",\"mainEntityOfPage\":{\"@id\":\"https:\\\/\\\/www.un.org\\\/pga\\\/72\\\/2017\\\/10\\\/27\\\/meeting-with-minister-of-foreign-affairs-of-colombia\\\/\"},\"wordCount\":186,\"image\":{\"@id\":\"https:\\\/\\\/www.un.org\\\/pga\\\/72\\\/2017\\\/10\\\/27\\\/meeting-with-minister-of-foreign-affairs-of-colombia\\\/#primaryimage\"},\"thumbnailUrl\":\"https:\\\/\\\/www.un.org\\\/pga\\\/wp-content\\\/uploads\\\/sites\\\/51\\\/2017\\\/10\\\/IMG_7241-edit-small.jpg\",\"articleSection\":[\"Blog\",\"Readout\"],\"inLanguage\":\"en-US\"},{\"@type\":\"WebPage\",\"@id\":\"https:\\\/\\\/www.un.org\\\/pga\\\/72\\\/2017\\\/10\\\/27\\\/meeting-with-minister-of-foreign-affairs-of-colombia\\\/\",\"url\":\"https:\\\/\\\/www.un.org\\\/pga\\\/72\\\/2017\\\/10\\\/27\\\/meeting-with-minister-of-foreign-affairs-of-colombia\\\/\",\"name\":\"Meeting with Minister of Foreign Affairs of Colombia - General Assembly of the United Nations\",\"isPartOf\":{\"@id\":\"https:\\\/\\\/www.un.org\\\/pga\\\/72\\\/#website\"},\"primaryImageOfPage\":{\"@id\":\"https:\\\/\\\/www.un.org\\\/pga\\\/72\\\/2017\\\/10\\\/27\\\/meeting-with-minister-of-foreign-affairs-of-colombia\\\/#primaryimage\"},\"image\":{\"@id\":\"https:\\\/\\\/www.un.org\\\/pga\\\/72\\\/2017\\\/10\\\/27\\\/meeting-with-minister-of-foreign-affairs-of-colombia\\\/#primaryimage\"},\"thumbnailUrl\":\"https:\\\/\\\/www.un.org\\\/pga\\\/wp-content\\\/uploads\\\/sites\\\/51\\\/2017\\\/10\\\/IMG_7241-edit-small.jpg\",\"datePublished\":\"2017-10-27T17:00:06+00:00\",\"dateModified\":\"2017-10-27T18:49:49+00:00\",\"author\":{\"@id\":\"https:\\\/\\\/www.un.org\\\/pga\\\/72\\\/#\\\/schema\\\/person\\\/06bf09e43d46846c087701ec99ac8412\"},\"breadcrumb\":{\"@id\":\"https:\\\/\\\/www.un.org\\\/pga\\\/72\\\/2017\\\/10\\\/27\\\/meeting-with-minister-of-foreign-affairs-of-colombia\\\/#breadcrumb\"},\"inLanguage\":\"en-US\",\"potentialAction\":[{\"@type\":\"ReadAction\",\"target\":[\"https:\\\/\\\/www.un.org\\\/pga\\\/72\\\/2017\\\/10\\\/27\\\/meeting-with-minister-of-foreign-affairs-of-colombia\\\/\"]}]},{\"@type\":\"ImageObject\",\"inLanguage\":\"en-US\",\"@id\":\"https:\\\/\\\/www.un.org\\\/pga\\\/72\\\/2017\\\/10\\\/27\\\/meeting-with-minister-of-foreign-affairs-of-colombia\\\/#primaryimage\",\"url\":\"https:\\\/\\\/www.un.org\\\/pga\\\/wp-content\\\/uploads\\\/sites\\\/51\\\/2017\\\/10\\\/IMG_7241-edit-small.jpg\",\"contentUrl\":\"https:\\\/\\\/www.un.org\\\/pga\\\/wp-content\\\/uploads\\\/sites\\\/51\\\/2017\\\/10\\\/IMG_7241-edit-small.jpg\",\"width\":1962,\"height\":1596,\"caption\":\"Colombia MFA\"},{\"@type\":\"BreadcrumbList\",\"@id\":\"https:\\\/\\\/www.un.org\\\/pga\\\/72\\\/2017\\\/10\\\/27\\\/meeting-with-minister-of-foreign-affairs-of-colombia\\\/#breadcrumb\",\"itemListElement\":[{\"@type\":\"ListItem\",\"position\":1,\"name\":\"Home\",\"item\":\"https:\\\/\\\/www.un.org\\\/pga\\\/72\\\/\"},{\"@type\":\"ListItem\",\"position\":2,\"name\":\"Meeting with Minister of Foreign Affairs of Colombia\"}]},{\"@type\":\"WebSite\",\"@id\":\"https:\\\/\\\/www.un.org\\\/pga\\\/72\\\/#website\",\"url\":\"https:\\\/\\\/www.un.org\\\/pga\\\/72\\\/\",\"name\":\"General Assembly of the United Nations\",\"description\":\"President of the 72nd Session\",\"potentialAction\":[{\"@type\":\"SearchAction\",\"target\":{\"@type\":\"EntryPoint\",\"urlTemplate\":\"https:\\\/\\\/www.un.org\\\/pga\\\/72\\\/?s={search_term_string}\"},\"query-input\":{\"@type\":\"PropertyValueSpecification\",\"valueRequired\":true,\"valueName\":\"search_term_string\"}}],\"inLanguage\":\"en-US\"},{\"@type\":\"Person\",\"@id\":\"https:\\\/\\\/www.un.org\\\/pga\\\/72\\\/#\\\/schema\\\/person\\\/06bf09e43d46846c087701ec99ac8412\",\"name\":\"Katharina Kandt\",\"image\":{\"@type\":\"ImageObject\",\"inLanguage\":\"en-US\",\"@id\":\"https:\\\/\\\/secure.gravatar.com\\\/avatar\\\/5e28c19bf52d2ea02ca4d78c4548f4e118fe08e94744f59f7938769a04ae856e?s=96&d=mm&r=g\",\"url\":\"https:\\\/\\\/secure.gravatar.com\\\/avatar\\\/5e28c19bf52d2ea02ca4d78c4548f4e118fe08e94744f59f7938769a04ae856e?s=96&d=mm&r=g\",\"contentUrl\":\"https:\\\/\\\/secure.gravatar.com\\\/avatar\\\/5e28c19bf52d2ea02ca4d78c4548f4e118fe08e94744f59f7938769a04ae856e?s=96&d=mm&r=g\",\"caption\":\"Katharina Kandt\"},\"url\":\"https:\\\/\\\/www.un.org\\\/pga\\\/72\\\/author\\\/kandtun-org\\\/\"}]}<\/script>\n<!-- \/ Yoast SEO plugin. -->","yoast_head_json":{"title":"Meeting with Minister of Foreign Affairs of Colombia - General Assembly of the United Nations","robots":{"index":"index","follow":"follow","max-snippet":"max-snippet:-1","max-image-preview":"max-image-preview:large","max-video-preview":"max-video-preview:-1"},"canonical":"https:\/\/www.un.org\/pga\/72\/2017\/10\/27\/meeting-with-minister-of-foreign-affairs-of-colombia\/","og_locale":"en_US","og_type":"article","og_title":"Meeting with Minister of Foreign Affairs of Colombia - General Assembly of the United Nations","og_description":"Meeting with Minister of Foreign Affairs of Colombia","og_url":"https:\/\/www.un.org\/pga\/72\/2017\/10\/27\/meeting-with-minister-of-foreign-affairs-of-colombia\/","og_site_name":"General Assembly of the United Nations","article_published_time":"2017-10-27T17:00:06+00:00","article_modified_time":"2017-10-27T18:49:49+00:00","og_image":[{"width":1024,"height":833,"url":"https:\/\/www.un.org\/pga\/wp-content\/uploads\/sites\/51\/2017\/10\/IMG_7241-edit-small-1024x833.jpg","type":"image\/jpeg"}],"author":"Katharina Kandt","twitter_card":"summary_large_image","twitter_misc":{"Written by":"Katharina Kandt","Est. reading time":"1 minute"},"schema":{"@context":"https:\/\/schema.org","@graph":[{"@type":"Article","@id":"https:\/\/www.un.org\/pga\/72\/2017\/10\/27\/meeting-with-minister-of-foreign-affairs-of-colombia\/#article","isPartOf":{"@id":"https:\/\/www.un.org\/pga\/72\/2017\/10\/27\/meeting-with-minister-of-foreign-affairs-of-colombia\/"},"author":{"name":"Katharina Kandt","@id":"https:\/\/www.un.org\/pga\/72\/#\/schema\/person\/06bf09e43d46846c087701ec99ac8412"},"headline":"Meeting with Minister of Foreign Affairs of Colombia","datePublished":"2017-10-27T17:00:06+00:00","dateModified":"2017-10-27T18:49:49+00:00","mainEntityOfPage":{"@id":"https:\/\/www.un.org\/pga\/72\/2017\/10\/27\/meeting-with-minister-of-foreign-affairs-of-colombia\/"},"wordCount":186,"image":{"@id":"https:\/\/www.un.org\/pga\/72\/2017\/10\/27\/meeting-with-minister-of-foreign-affairs-of-colombia\/#primaryimage"},"thumbnailUrl":"https:\/\/www.un.org\/pga\/wp-content\/uploads\/sites\/51\/2017\/10\/IMG_7241-edit-small.jpg","articleSection":["Blog","Readout"],"inLanguage":"en-US"},{"@type":"WebPage","@id":"https:\/\/www.un.org\/pga\/72\/2017\/10\/27\/meeting-with-minister-of-foreign-affairs-of-colombia\/","url":"https:\/\/www.un.org\/pga\/72\/2017\/10\/27\/meeting-with-minister-of-foreign-affairs-of-colombia\/","name":"Meeting with Minister of Foreign Affairs of Colombia - General Assembly of the United Nations","isPartOf":{"@id":"https:\/\/www.un.org\/pga\/72\/#website"},"primaryImageOfPage":{"@id":"https:\/\/www.un.org\/pga\/72\/2017\/10\/27\/meeting-with-minister-of-foreign-affairs-of-colombia\/#primaryimage"},"image":{"@id":"https:\/\/www.un.org\/pga\/72\/2017\/10\/27\/meeting-with-minister-of-foreign-affairs-of-colombia\/#primaryimage"},"thumbnailUrl":"https:\/\/www.un.org\/pga\/wp-content\/uploads\/sites\/51\/2017\/10\/IMG_7241-edit-small.jpg","datePublished":"2017-10-27T17:00:06+00:00","dateModified":"2017-10-27T18:49:49+00:00","author":{"@id":"https:\/\/www.un.org\/pga\/72\/#\/schema\/person\/06bf09e43d46846c087701ec99ac8412"},"breadcrumb":{"@id":"https:\/\/www.un.org\/pga\/72\/2017\/10\/27\/meeting-with-minister-of-foreign-affairs-of-colombia\/#breadcrumb"},"inLanguage":"en-US","potentialAction":[{"@type":"ReadAction","target":["https:\/\/www.un.org\/pga\/72\/2017\/10\/27\/meeting-with-minister-of-foreign-affairs-of-colombia\/"]}]},{"@type":"ImageObject","inLanguage":"en-US","@id":"https:\/\/www.un.org\/pga\/72\/2017\/10\/27\/meeting-with-minister-of-foreign-affairs-of-colombia\/#primaryimage","url":"https:\/\/www.un.org\/pga\/wp-content\/uploads\/sites\/51\/2017\/10\/IMG_7241-edit-small.jpg","contentUrl":"https:\/\/www.un.org\/pga\/wp-content\/uploads\/sites\/51\/2017\/10\/IMG_7241-edit-small.jpg","width":1962,"height":1596,"caption":"Colombia MFA"},{"@type":"BreadcrumbList","@id":"https:\/\/www.un.org\/pga\/72\/2017\/10\/27\/meeting-with-minister-of-foreign-affairs-of-colombia\/#breadcrumb","itemListElement":[{"@type":"ListItem","position":1,"name":"Home","item":"https:\/\/www.un.org\/pga\/72\/"},{"@type":"ListItem","position":2,"name":"Meeting with Minister of Foreign Affairs of Colombia"}]},{"@type":"WebSite","@id":"https:\/\/www.un.org\/pga\/72\/#website","url":"https:\/\/www.un.org\/pga\/72\/","name":"General Assembly of the United Nations","description":"President of the 72nd Session","potentialAction":[{"@type":"SearchAction","target":{"@type":"EntryPoint","urlTemplate":"https:\/\/www.un.org\/pga\/72\/?s={search_term_string}"},"query-input":{"@type":"PropertyValueSpecification","valueRequired":true,"valueName":"search_term_string"}}],"inLanguage":"en-US"},{"@type":"Person","@id":"https:\/\/www.un.org\/pga\/72\/#\/schema\/person\/06bf09e43d46846c087701ec99ac8412","name":"Katharina Kandt","image":{"@type":"ImageObject","inLanguage":"en-US","@id":"https:\/\/secure.gravatar.com\/avatar\/5e28c19bf52d2ea02ca4d78c4548f4e118fe08e94744f59f7938769a04ae856e?s=96&d=mm&r=g","url":"https:\/\/secure.gravatar.com\/avatar\/5e28c19bf52d2ea02ca4d78c4548f4e118fe08e94744f59f7938769a04ae856e?s=96&d=mm&r=g","contentUrl":"https:\/\/secure.gravatar.com\/avatar\/5e28c19bf52d2ea02ca4d78c4548f4e118fe08e94744f59f7938769a04ae856e?s=96&d=mm&r=g","caption":"Katharina Kandt"},"url":"https:\/\/www.un.org\/pga\/72\/author\/kandtun-org\/"}]}},"_links":{"self":[{"href":"https:\/\/www.un.org\/pga\/72\/wp-json\/wp\/v2\/posts\/127734","targetHints":{"allow":["GET"]}}],"collection":[{"href":"https:\/\/www.un.org\/pga\/72\/wp-json\/wp\/v2\/posts"}],"about":[{"href":"https:\/\/www.un.org\/pga\/72\/wp-json\/wp\/v2\/types\/post"}],"author":[{"embeddable":true,"href":"https:\/\/www.un.org\/pga\/72\/wp-json\/wp\/v2\/users\/202"}],"replies":[{"embeddable":true,"href":"https:\/\/www.un.org\/pga\/72\/wp-json\/wp\/v2\/comments?post=127734"}],"version-history":[{"count":0,"href":"https:\/\/www.un.org\/pga\/72\/wp-json\/wp\/v2\/posts\/127734\/revisions"}],"wp:featuredmedia":[{"embeddable":true,"href":"https:\/\/www.un.org\/pga\/72\/wp-json\/wp\/v2\/media\/127742"}],"wp:attachment":[{"href":"https:\/\/www.un.org\/pga\/72\/wp-json\/wp\/v2\/media?parent=127734"}],"wp:term":[{"taxonomy":"category","embeddable":true,"href":"https:\/\/www.un.org\/pga\/72\/wp-json\/wp\/v2\/categories?post=127734"},{"taxonomy":"post_tag","embeddable":true,"href":"https:\/\/www.un.org\/pga\/72\/wp-json\/wp\/v2\/tags?post=127734"}],"curies":[{"name":"wp","href":"https:\/\/api.w.org\/{rel}","templated":true}]}}