  {"id":128030,"date":"2017-10-30T17:24:55","date_gmt":"2017-10-30T21:24:55","guid":{"rendered":"http:\/\/www.un.org\/pga\/72\/?p=128030\/"},"modified":"2018-02-05T13:43:00","modified_gmt":"2018-02-05T18:43:00","slug":"note-to-correspondents-general-assembly-president-heads-to-france-bahrain-united-arab-emirates","status":"publish","type":"post","link":"https:\/\/www.un.org\/pga\/72\/2017\/10\/30\/note-to-correspondents-general-assembly-president-heads-to-france-bahrain-united-arab-emirates\/","title":{"rendered":"NOTE TO CORRESPONDENTS: General Assembly President heads to France, Bahrain, United Arab Emirates"},"content":{"rendered":"<p>[et_pb_section bb_built=&#8221;1&#8243;][et_pb_row][et_pb_column type=&#8221;4_4&#8243;][et_pb_text _builder_version=&#8221;3.0.87&#8243; background_layout=&#8221;light&#8221; border_style=&#8221;solid&#8221; module_alignment=&#8221;left&#8221; border_style_all=&#8221;solid&#8221;]<\/p>\n<p style=\"text-align: right\"><strong>NOTE TO CORRESPONDENTS<\/strong><\/p>\n<p>&nbsp;<\/p>\n<p>&nbsp;<\/p>\n<h1 style=\"text-align: center\">GENERAL ASSEMBLY PRESIDENT HEADS TO FRANCE, BAHRAIN, Ä¢¹½ÊÓÆµITED ARAB EMIRATES<\/h1>\n<div class=\"post-meta vcard\"><\/div>\n<p>[\/et_pb_text][et_pb_text _builder_version=&#8221;3.0.87&#8243; background_layout=&#8221;light&#8221; border_style=&#8221;solid&#8221; module_alignment=&#8221;left&#8221;]<\/p>\n<p><strong><em>United Nations Headquarters, New York<\/em>, 30 October 2017<\/strong> \u2013 The President of the 72nd session of the United Nations General Assembly, H.E. Mr. Miroslav Laj\u00e8\u00e1k, will arrive in Paris, France, on 31 October. While there, he will address the Leaders\u2019 Forum of the 39th United Nations Educational, Scientific and Cultural Organization (Ä¢¹½ÊÓÆµESCO) General Conference. The theme of the Leaders\u2019 Forum is \u201cSDGs and the role of Ä¢¹½ÊÓÆµESCO in the multilateral system\u201d. The President will hold bilateral meetings with fellow attendees as well as the Minister for the Ecological and Inclusive Transition of France.<\/p>\n<p>The President will then travel to Manama, Bahrain, to address the World Entrepreneurs Investment Forum on 2 November. The theme of the event, which is being organized by the Government of Bahrain, is \u201cAchieving the SDGs through Promoting Entrepreneurship and Innovation\u201d. The President will also hold bilateral meetings with Bahraini officials.<\/p>\n<p>The President\u2019s last stop will be the United Arab Emirates. There he will hold bilateral meetings with Emirati officials and attend the Bani Yas Forum from 3 to 5 November. The forum brings together international officials for discussions on global and regional affairs.<\/p>\n<p>The President will travel to France with his Special Assistant and Political Coordinator, Lenka Mih\u00e1likov\u00e1; his Spokesperson, Brenden Varma; and his Adviser, Isis Gonsalves. In Bahrain, he will be accompanied by Ms. Mih\u00e1likov\u00e1, Mr. Varma and Senior Adviser Abdelghani Merabet. In the United Arab Emirates, he will be accompanied by Mr. Merabet.<\/p>\n<p>Travel costs will be covered from the United Nations regular budget, with the exception of the travel of the President and Mr. Merabet from Bahrain to the United Arab Emirates and from the United Arab Emirates to New York. Those two legs will be funded by the Government of the United Arab Emirates. Support on the ground in Bahrain was provided by the Government of Bahrain.<\/p>\n<p>The President will return to New York on 6 November.<br \/>\n***<br \/>\nFor media inquiries, please contact Brenden Varma, Spokesperson for the President of the General Assembly, 1-212-963-7238, 1-347-556-3433, varmab@un.org.<\/p>\n<p>[\/et_pb_text][\/et_pb_column][\/et_pb_row][\/et_pb_section]<\/p>\n","protected":false},"excerpt":{"rendered":"<p>Note to Correspondents: General Assembly President heads to France, Bahrain, United Arab Emirates<\/p>\n","protected":false},"author":202,"featured_media":0,"comment_status":"closed","ping_status":"closed","sticky":false,"template":"","format":"standard","meta":{"_et_pb_use_builder":"on","_et_pb_old_content":"","_et_gb_content_width":"","footnotes":"","_links_to":"","_links_to_target":""},"categories":[69,61],"tags":[],"class_list":["post-128030","post","type-post","status-publish","format-standard","hentry","category-blog","category-pressreleases","et-doesnt-have-format-content","et_post_format-et-post-format-standard"],"yoast_head":"<!-- This site is optimized with the Yoast SEO plugin v28.3 - https:\/\/yoast.com\/product\/yoast-seo-wordpress\/ -->\n<title>NOTE TO CORRESPONDENTS: General Assembly President heads to France, Bahrain, United Arab Emirates - General Assembly of the United Nations<\/title>\n<meta name=\"robots\" content=\"index, follow, max-snippet:-1, max-image-preview:large, max-video-preview:-1\" \/>\n<link rel=\"canonical\" href=\"https:\/\/www.un.org\/pga\/72\/2017\/10\/30\/note-to-correspondents-general-assembly-president-heads-to-france-bahrain-united-arab-emirates\/\" \/>\n<meta property=\"og:locale\" content=\"en_US\" \/>\n<meta property=\"og:type\" content=\"article\" \/>\n<meta property=\"og:title\" content=\"NOTE TO CORRESPONDENTS: General Assembly President heads to France, Bahrain, United Arab Emirates - General Assembly of the United Nations\" \/>\n<meta property=\"og:description\" content=\"Note to Correspondents: General Assembly President heads to France, Bahrain, United Arab Emirates\" \/>\n<meta property=\"og:url\" content=\"https:\/\/www.un.org\/pga\/72\/2017\/10\/30\/note-to-correspondents-general-assembly-president-heads-to-france-bahrain-united-arab-emirates\/\" \/>\n<meta property=\"og:site_name\" content=\"General Assembly of the United Nations\" \/>\n<meta property=\"article:published_time\" content=\"2017-10-30T21:24:55+00:00\" \/>\n<meta property=\"article:modified_time\" content=\"2018-02-05T18:43:00+00:00\" \/>\n<meta name=\"author\" content=\"Katharina Kandt\" \/>\n<meta name=\"twitter:card\" content=\"summary_large_image\" \/>\n<meta name=\"twitter:label1\" content=\"Written by\" \/>\n\t<meta name=\"twitter:data1\" content=\"Katharina Kandt\" \/>\n\t<meta name=\"twitter:label2\" content=\"Est. reading time\" \/>\n\t<meta name=\"twitter:data2\" content=\"2 minutes\" \/>\n<script type=\"application\/ld+json\" class=\"yoast-schema-graph\">{\"@context\":\"https:\\\/\\\/schema.org\",\"@graph\":[{\"@type\":\"Article\",\"@id\":\"https:\\\/\\\/www.un.org\\\/pga\\\/72\\\/2017\\\/10\\\/30\\\/note-to-correspondents-general-assembly-president-heads-to-france-bahrain-united-arab-emirates\\\/#article\",\"isPartOf\":{\"@id\":\"https:\\\/\\\/www.un.org\\\/pga\\\/72\\\/2017\\\/10\\\/30\\\/note-to-correspondents-general-assembly-president-heads-to-france-bahrain-united-arab-emirates\\\/\"},\"author\":{\"name\":\"Katharina Kandt\",\"@id\":\"https:\\\/\\\/www.un.org\\\/pga\\\/72\\\/#\\\/schema\\\/person\\\/06bf09e43d46846c087701ec99ac8412\"},\"headline\":\"NOTE TO CORRESPONDENTS: General Assembly President heads to France, Bahrain, United Arab Emirates\",\"datePublished\":\"2017-10-30T21:24:55+00:00\",\"dateModified\":\"2018-02-05T18:43:00+00:00\",\"mainEntityOfPage\":{\"@id\":\"https:\\\/\\\/www.un.org\\\/pga\\\/72\\\/2017\\\/10\\\/30\\\/note-to-correspondents-general-assembly-president-heads-to-france-bahrain-united-arab-emirates\\\/\"},\"wordCount\":423,\"articleSection\":[\"Blog\",\"Press Releases\"],\"inLanguage\":\"en-US\"},{\"@type\":\"WebPage\",\"@id\":\"https:\\\/\\\/www.un.org\\\/pga\\\/72\\\/2017\\\/10\\\/30\\\/note-to-correspondents-general-assembly-president-heads-to-france-bahrain-united-arab-emirates\\\/\",\"url\":\"https:\\\/\\\/www.un.org\\\/pga\\\/72\\\/2017\\\/10\\\/30\\\/note-to-correspondents-general-assembly-president-heads-to-france-bahrain-united-arab-emirates\\\/\",\"name\":\"NOTE TO CORRESPONDENTS: General Assembly President heads to France, Bahrain, United Arab Emirates - General Assembly of the United Nations\",\"isPartOf\":{\"@id\":\"https:\\\/\\\/www.un.org\\\/pga\\\/72\\\/#website\"},\"datePublished\":\"2017-10-30T21:24:55+00:00\",\"dateModified\":\"2018-02-05T18:43:00+00:00\",\"author\":{\"@id\":\"https:\\\/\\\/www.un.org\\\/pga\\\/72\\\/#\\\/schema\\\/person\\\/06bf09e43d46846c087701ec99ac8412\"},\"breadcrumb\":{\"@id\":\"https:\\\/\\\/www.un.org\\\/pga\\\/72\\\/2017\\\/10\\\/30\\\/note-to-correspondents-general-assembly-president-heads-to-france-bahrain-united-arab-emirates\\\/#breadcrumb\"},\"inLanguage\":\"en-US\",\"potentialAction\":[{\"@type\":\"ReadAction\",\"target\":[\"https:\\\/\\\/www.un.org\\\/pga\\\/72\\\/2017\\\/10\\\/30\\\/note-to-correspondents-general-assembly-president-heads-to-france-bahrain-united-arab-emirates\\\/\"]}]},{\"@type\":\"BreadcrumbList\",\"@id\":\"https:\\\/\\\/www.un.org\\\/pga\\\/72\\\/2017\\\/10\\\/30\\\/note-to-correspondents-general-assembly-president-heads-to-france-bahrain-united-arab-emirates\\\/#breadcrumb\",\"itemListElement\":[{\"@type\":\"ListItem\",\"position\":1,\"name\":\"Home\",\"item\":\"https:\\\/\\\/www.un.org\\\/pga\\\/72\\\/\"},{\"@type\":\"ListItem\",\"position\":2,\"name\":\"NOTE TO CORRESPONDENTS: General Assembly President heads to France, Bahrain, United Arab Emirates\"}]},{\"@type\":\"WebSite\",\"@id\":\"https:\\\/\\\/www.un.org\\\/pga\\\/72\\\/#website\",\"url\":\"https:\\\/\\\/www.un.org\\\/pga\\\/72\\\/\",\"name\":\"General Assembly of the United Nations\",\"description\":\"President of the 72nd Session\",\"potentialAction\":[{\"@type\":\"SearchAction\",\"target\":{\"@type\":\"EntryPoint\",\"urlTemplate\":\"https:\\\/\\\/www.un.org\\\/pga\\\/72\\\/?s={search_term_string}\"},\"query-input\":{\"@type\":\"PropertyValueSpecification\",\"valueRequired\":true,\"valueName\":\"search_term_string\"}}],\"inLanguage\":\"en-US\"},{\"@type\":\"Person\",\"@id\":\"https:\\\/\\\/www.un.org\\\/pga\\\/72\\\/#\\\/schema\\\/person\\\/06bf09e43d46846c087701ec99ac8412\",\"name\":\"Katharina Kandt\",\"image\":{\"@type\":\"ImageObject\",\"inLanguage\":\"en-US\",\"@id\":\"https:\\\/\\\/secure.gravatar.com\\\/avatar\\\/5e28c19bf52d2ea02ca4d78c4548f4e118fe08e94744f59f7938769a04ae856e?s=96&d=mm&r=g\",\"url\":\"https:\\\/\\\/secure.gravatar.com\\\/avatar\\\/5e28c19bf52d2ea02ca4d78c4548f4e118fe08e94744f59f7938769a04ae856e?s=96&d=mm&r=g\",\"contentUrl\":\"https:\\\/\\\/secure.gravatar.com\\\/avatar\\\/5e28c19bf52d2ea02ca4d78c4548f4e118fe08e94744f59f7938769a04ae856e?s=96&d=mm&r=g\",\"caption\":\"Katharina Kandt\"},\"url\":\"https:\\\/\\\/www.un.org\\\/pga\\\/72\\\/author\\\/kandtun-org\\\/\"}]}<\/script>\n<!-- \/ Yoast SEO plugin. -->","yoast_head_json":{"title":"NOTE TO CORRESPONDENTS: General Assembly President heads to France, Bahrain, United Arab Emirates - General Assembly of the United Nations","robots":{"index":"index","follow":"follow","max-snippet":"max-snippet:-1","max-image-preview":"max-image-preview:large","max-video-preview":"max-video-preview:-1"},"canonical":"https:\/\/www.un.org\/pga\/72\/2017\/10\/30\/note-to-correspondents-general-assembly-president-heads-to-france-bahrain-united-arab-emirates\/","og_locale":"en_US","og_type":"article","og_title":"NOTE TO CORRESPONDENTS: General Assembly President heads to France, Bahrain, United Arab Emirates - General Assembly of the United Nations","og_description":"Note to Correspondents: General Assembly President heads to France, Bahrain, United Arab Emirates","og_url":"https:\/\/www.un.org\/pga\/72\/2017\/10\/30\/note-to-correspondents-general-assembly-president-heads-to-france-bahrain-united-arab-emirates\/","og_site_name":"General Assembly of the United Nations","article_published_time":"2017-10-30T21:24:55+00:00","article_modified_time":"2018-02-05T18:43:00+00:00","author":"Katharina Kandt","twitter_card":"summary_large_image","twitter_misc":{"Written by":"Katharina Kandt","Est. reading time":"2 minutes"},"schema":{"@context":"https:\/\/schema.org","@graph":[{"@type":"Article","@id":"https:\/\/www.un.org\/pga\/72\/2017\/10\/30\/note-to-correspondents-general-assembly-president-heads-to-france-bahrain-united-arab-emirates\/#article","isPartOf":{"@id":"https:\/\/www.un.org\/pga\/72\/2017\/10\/30\/note-to-correspondents-general-assembly-president-heads-to-france-bahrain-united-arab-emirates\/"},"author":{"name":"Katharina Kandt","@id":"https:\/\/www.un.org\/pga\/72\/#\/schema\/person\/06bf09e43d46846c087701ec99ac8412"},"headline":"NOTE TO CORRESPONDENTS: General Assembly President heads to France, Bahrain, United Arab Emirates","datePublished":"2017-10-30T21:24:55+00:00","dateModified":"2018-02-05T18:43:00+00:00","mainEntityOfPage":{"@id":"https:\/\/www.un.org\/pga\/72\/2017\/10\/30\/note-to-correspondents-general-assembly-president-heads-to-france-bahrain-united-arab-emirates\/"},"wordCount":423,"articleSection":["Blog","Press Releases"],"inLanguage":"en-US"},{"@type":"WebPage","@id":"https:\/\/www.un.org\/pga\/72\/2017\/10\/30\/note-to-correspondents-general-assembly-president-heads-to-france-bahrain-united-arab-emirates\/","url":"https:\/\/www.un.org\/pga\/72\/2017\/10\/30\/note-to-correspondents-general-assembly-president-heads-to-france-bahrain-united-arab-emirates\/","name":"NOTE TO CORRESPONDENTS: General Assembly President heads to France, Bahrain, United Arab Emirates - General Assembly of the United Nations","isPartOf":{"@id":"https:\/\/www.un.org\/pga\/72\/#website"},"datePublished":"2017-10-30T21:24:55+00:00","dateModified":"2018-02-05T18:43:00+00:00","author":{"@id":"https:\/\/www.un.org\/pga\/72\/#\/schema\/person\/06bf09e43d46846c087701ec99ac8412"},"breadcrumb":{"@id":"https:\/\/www.un.org\/pga\/72\/2017\/10\/30\/note-to-correspondents-general-assembly-president-heads-to-france-bahrain-united-arab-emirates\/#breadcrumb"},"inLanguage":"en-US","potentialAction":[{"@type":"ReadAction","target":["https:\/\/www.un.org\/pga\/72\/2017\/10\/30\/note-to-correspondents-general-assembly-president-heads-to-france-bahrain-united-arab-emirates\/"]}]},{"@type":"BreadcrumbList","@id":"https:\/\/www.un.org\/pga\/72\/2017\/10\/30\/note-to-correspondents-general-assembly-president-heads-to-france-bahrain-united-arab-emirates\/#breadcrumb","itemListElement":[{"@type":"ListItem","position":1,"name":"Home","item":"https:\/\/www.un.org\/pga\/72\/"},{"@type":"ListItem","position":2,"name":"NOTE TO CORRESPONDENTS: General Assembly President heads to France, Bahrain, United Arab Emirates"}]},{"@type":"WebSite","@id":"https:\/\/www.un.org\/pga\/72\/#website","url":"https:\/\/www.un.org\/pga\/72\/","name":"General Assembly of the United Nations","description":"President of the 72nd Session","potentialAction":[{"@type":"SearchAction","target":{"@type":"EntryPoint","urlTemplate":"https:\/\/www.un.org\/pga\/72\/?s={search_term_string}"},"query-input":{"@type":"PropertyValueSpecification","valueRequired":true,"valueName":"search_term_string"}}],"inLanguage":"en-US"},{"@type":"Person","@id":"https:\/\/www.un.org\/pga\/72\/#\/schema\/person\/06bf09e43d46846c087701ec99ac8412","name":"Katharina Kandt","image":{"@type":"ImageObject","inLanguage":"en-US","@id":"https:\/\/secure.gravatar.com\/avatar\/5e28c19bf52d2ea02ca4d78c4548f4e118fe08e94744f59f7938769a04ae856e?s=96&d=mm&r=g","url":"https:\/\/secure.gravatar.com\/avatar\/5e28c19bf52d2ea02ca4d78c4548f4e118fe08e94744f59f7938769a04ae856e?s=96&d=mm&r=g","contentUrl":"https:\/\/secure.gravatar.com\/avatar\/5e28c19bf52d2ea02ca4d78c4548f4e118fe08e94744f59f7938769a04ae856e?s=96&d=mm&r=g","caption":"Katharina Kandt"},"url":"https:\/\/www.un.org\/pga\/72\/author\/kandtun-org\/"}]}},"_links":{"self":[{"href":"https:\/\/www.un.org\/pga\/72\/wp-json\/wp\/v2\/posts\/128030","targetHints":{"allow":["GET"]}}],"collection":[{"href":"https:\/\/www.un.org\/pga\/72\/wp-json\/wp\/v2\/posts"}],"about":[{"href":"https:\/\/www.un.org\/pga\/72\/wp-json\/wp\/v2\/types\/post"}],"author":[{"embeddable":true,"href":"https:\/\/www.un.org\/pga\/72\/wp-json\/wp\/v2\/users\/202"}],"replies":[{"embeddable":true,"href":"https:\/\/www.un.org\/pga\/72\/wp-json\/wp\/v2\/comments?post=128030"}],"version-history":[{"count":0,"href":"https:\/\/www.un.org\/pga\/72\/wp-json\/wp\/v2\/posts\/128030\/revisions"}],"wp:attachment":[{"href":"https:\/\/www.un.org\/pga\/72\/wp-json\/wp\/v2\/media?parent=128030"}],"wp:term":[{"taxonomy":"category","embeddable":true,"href":"https:\/\/www.un.org\/pga\/72\/wp-json\/wp\/v2\/categories?post=128030"},{"taxonomy":"post_tag","embeddable":true,"href":"https:\/\/www.un.org\/pga\/72\/wp-json\/wp\/v2\/tags?post=128030"}],"curies":[{"name":"wp","href":"https:\/\/api.w.org\/{rel}","templated":true}]}}