  {"id":136694,"date":"2018-01-23T15:15:54","date_gmt":"2018-01-23T20:15:54","guid":{"rendered":"https:\/\/www.un.org\/pga\/72\/?p=136694"},"modified":"2018-06-18T19:05:12","modified_gmt":"2018-06-18T23:05:12","slug":"highlights-of-press-briefing-by-spokesperson-23-january-2018","status":"publish","type":"post","link":"https:\/\/www.un.org\/pga\/72\/2018\/01\/23\/highlights-of-press-briefing-by-spokesperson-23-january-2018\/","title":{"rendered":"HIGHLIGHTS OF PRESS BRIEFING BY SPOKESPERSON \u2013 23 JANUARY 2018"},"content":{"rendered":"<p>[et_pb_section bb_built=&#8221;1&#8243;][et_pb_row][et_pb_column type=&#8221;2_3&#8243;][et_pb_text _builder_version=&#8221;3.0.87&#8243; background_layout=&#8221;light&#8221; border_style=&#8221;solid&#8221;]<\/p>\n<h1><strong>HIGHLIGHTS OF PRESS BRIEFING BY BRENDEN VARMA,\u00a0<\/strong><strong>SPOKESPERSON FOR <\/strong><strong>GENERAL ASSEMBLY <\/strong><strong>PRESIDENT <\/strong><strong>MIROSLAV LAJ\u010c\u00c1K <\/strong><\/h1>\n<div class=\"post-meta vcard\">\n<p><strong>United Nations Headquarters, New York<\/strong><\/p>\n<p style=\"text-align: left\"><span class=\"updated\">23 January 2018<\/span><\/p>\n<p>&nbsp;<\/p>\n<\/div>\n<p>[\/et_pb_text][et_pb_text _builder_version=&#8221;3.0.87&#8243; background_layout=&#8221;light&#8221; border_style=&#8221;solid&#8221;]<\/p>\n<h3><strong>PRESIDENT ARRIVES IN DAVOS FOR DISCUSSIONS ON SUSTAINABLE DEVELOPMENT, MIGRATION<\/strong><\/h3>\n<ul>\n<li>The President arrived in Davos, Switzerland, today. He is there to participate in the World Economic Forum (WEF).<\/li>\n<li>Today he took part in a discussion on global partnerships for the Sustainable Development Goals.<\/li>\n<li>He met also with\u00a0Mirek Dusek, Deputy Head of Regional\u00a0and Government Engagement of the WEF. They discussed the President\u2019s priorities and possibilities for WEF engagement.<\/li>\n<li>The President is expected to meet this evening with\u00a0Maro\u0161 \u0160ef\u010dovi\u010d, the Vice President of the European Commission in charge of the Energy Union.<\/li>\n<li>The President will be in Davos until this Thursday. While there, he is expected to participate in events on migration; financing the Sustainable Development Goals; and Syria.<\/li>\n<li>Asked about the President\u2019s main messages in Davos, the Spokesperson said that the President would be speaking about the need to form partnerships and secure financing so that the Sustainable Development Goals could be met. He would also be stressing the importance of finalizing the first ever Global Compact on Migration. His messaging on migration was best summarized in an <a href=\"https:\/\/www.weforum.org\/agenda\/2018\/01\/global-migration-can-be-a-success\">opinion piece<\/a> he had written for the WEF.<\/li>\n<\/ul>\n<p>&nbsp;<\/p>\n<h3><strong>PRESIDENT DISCUSSES ISSUES OF GLOBAL CONCERN WITH ADVISERS IN ROME<\/strong><\/h3>\n<ul>\n<li>Asked about how the President\u2019s <a href=\"\/pga\/72?p=136566\">meeting in Rome<\/a> with his Team of External Advisors had been funded, the Spokesperson replied that travel costs had been covered by the Trust Fund of the Office of the President. The Spokesperson noted that the meeting had been held in Rome, because one of the advisors, Antonio de Aguiar Patriota, Brazil\u2019s Ambassador to Italy, had offered to host the meeting at his residence.<\/li>\n<li>In addition to further questions, the Spokesperson said that the President and his advisers had discussed a wide range of global issues and topics of interest, including the revitalization of the work of the General Assembly and the President\u2019s priorities. Since this was meant to be an off-the-record brainstorming session, no official readout or report would be issued to the public.<\/li>\n<\/ul>\n<p>&nbsp;<\/p>\n<h3><strong>PRESIDENT STANDS WITH HURRICANE IRMA SURVIVORS<\/strong><\/h3>\n<ul>\n<li>The Spokesperson was asked to respond to a media article entitled \u201cRobert De Niro Accused of Exploiting Hurricane Irma to Build Resort in Barbuda\u201d, in light of the fact that the actor had participated in a meeting on Hurricane Irma at the United Nations.<\/li>\n<li>The Spokesperson later said that Robert De Niro did attend the High-level Meeting on Hurricane Irma, which was co-hosted by the Secretary-General and President of the General Assembly on 18 September 2017. His invitation had come at the request of one of the affected Member States.<\/li>\n<li>It would not be up to the President to comment on media reports concerning a Member State\u2019s communal land ownership laws.<\/li>\n<li>In general, the Spokesperson added, the President stands with the survivors of Hurricane Irma and fully supports efforts to help them recover and rebuild in the wake of that devastating disaster.<\/li>\n<\/ul>\n<p>[\/et_pb_text][\/et_pb_column][et_pb_column type=&#8221;1_3&#8243;][et_pb_code admin_label=&#8221;BrightCove Video ShortCode&#8221; _builder_version=&#8221;3.6&#8243;]\n<!-- iframe plugin v.6.0 wordpress.org\/plugins\/iframe\/ -->\n<iframe width=\"&quot;100%&quot;\" height=\"&quot;180&quot;\" src scrolling=\"yes\" class=\"iframe-class\" frameborder=\"0\"><\/iframe>\n&lt;!&#8211; [et_pb_line_break_holder] &#8211;&gt;[\/et_pb_code][\/et_pb_column][\/et_pb_row][\/et_pb_section]<\/p>\n","protected":false},"excerpt":{"rendered":"<p>Highlights of press briefing by spokesperson Brenden Varma \u2013 23 January 2018<\/p>\n","protected":false},"author":202,"featured_media":0,"comment_status":"closed","ping_status":"closed","sticky":false,"template":"","format":"standard","meta":{"_et_pb_use_builder":"on","_et_pb_old_content":"","_et_gb_content_width":"","footnotes":"","_links_to":"","_links_to_target":""},"categories":[232],"tags":[],"class_list":["post-136694","post","type-post","status-publish","format-standard","hentry","category-spokespersons-briefings","et-doesnt-have-format-content","et_post_format-et-post-format-standard"],"yoast_head":"<!-- This site is optimized with the Yoast SEO plugin v28.3 - https:\/\/yoast.com\/product\/yoast-seo-wordpress\/ -->\n<title>HIGHLIGHTS OF PRESS BRIEFING BY SPOKESPERSON \u2013 23 JANUARY 2018 - General Assembly of the United Nations<\/title>\n<meta name=\"robots\" content=\"index, follow, max-snippet:-1, max-image-preview:large, max-video-preview:-1\" \/>\n<link rel=\"canonical\" href=\"https:\/\/www.un.org\/pga\/72\/2018\/01\/23\/highlights-of-press-briefing-by-spokesperson-23-january-2018\/\" \/>\n<meta property=\"og:locale\" content=\"en_US\" \/>\n<meta property=\"og:type\" content=\"article\" \/>\n<meta property=\"og:title\" content=\"HIGHLIGHTS OF PRESS BRIEFING BY SPOKESPERSON \u2013 23 JANUARY 2018 - General Assembly of the United Nations\" \/>\n<meta property=\"og:description\" content=\"Highlights of press briefing by spokesperson Brenden Varma \u2013 23 January 2018\" \/>\n<meta property=\"og:url\" content=\"https:\/\/www.un.org\/pga\/72\/2018\/01\/23\/highlights-of-press-briefing-by-spokesperson-23-january-2018\/\" \/>\n<meta property=\"og:site_name\" content=\"General Assembly of the United Nations\" \/>\n<meta property=\"article:published_time\" content=\"2018-01-23T20:15:54+00:00\" \/>\n<meta property=\"article:modified_time\" content=\"2018-06-18T23:05:12+00:00\" \/>\n<meta name=\"author\" content=\"Katharina Kandt\" \/>\n<meta name=\"twitter:card\" content=\"summary_large_image\" \/>\n<meta name=\"twitter:label1\" content=\"Written by\" \/>\n\t<meta name=\"twitter:data1\" content=\"Katharina Kandt\" \/>\n\t<meta name=\"twitter:label2\" content=\"Est. reading time\" \/>\n\t<meta name=\"twitter:data2\" content=\"3 minutes\" \/>\n<script type=\"application\/ld+json\" class=\"yoast-schema-graph\">{\"@context\":\"https:\\\/\\\/schema.org\",\"@graph\":[{\"@type\":\"Article\",\"@id\":\"https:\\\/\\\/www.un.org\\\/pga\\\/72\\\/2018\\\/01\\\/23\\\/highlights-of-press-briefing-by-spokesperson-23-january-2018\\\/#article\",\"isPartOf\":{\"@id\":\"https:\\\/\\\/www.un.org\\\/pga\\\/72\\\/2018\\\/01\\\/23\\\/highlights-of-press-briefing-by-spokesperson-23-january-2018\\\/\"},\"author\":{\"name\":\"Katharina Kandt\",\"@id\":\"https:\\\/\\\/www.un.org\\\/pga\\\/72\\\/#\\\/schema\\\/person\\\/06bf09e43d46846c087701ec99ac8412\"},\"headline\":\"HIGHLIGHTS OF PRESS BRIEFING BY SPOKESPERSON \u2013 23 JANUARY 2018\",\"datePublished\":\"2018-01-23T20:15:54+00:00\",\"dateModified\":\"2018-06-18T23:05:12+00:00\",\"mainEntityOfPage\":{\"@id\":\"https:\\\/\\\/www.un.org\\\/pga\\\/72\\\/2018\\\/01\\\/23\\\/highlights-of-press-briefing-by-spokesperson-23-january-2018\\\/\"},\"wordCount\":611,\"articleSection\":[\"Spokesperson's Briefings\"],\"inLanguage\":\"en-US\"},{\"@type\":\"WebPage\",\"@id\":\"https:\\\/\\\/www.un.org\\\/pga\\\/72\\\/2018\\\/01\\\/23\\\/highlights-of-press-briefing-by-spokesperson-23-january-2018\\\/\",\"url\":\"https:\\\/\\\/www.un.org\\\/pga\\\/72\\\/2018\\\/01\\\/23\\\/highlights-of-press-briefing-by-spokesperson-23-january-2018\\\/\",\"name\":\"HIGHLIGHTS OF PRESS BRIEFING BY SPOKESPERSON \u2013 23 JANUARY 2018 - General Assembly of the United Nations\",\"isPartOf\":{\"@id\":\"https:\\\/\\\/www.un.org\\\/pga\\\/72\\\/#website\"},\"datePublished\":\"2018-01-23T20:15:54+00:00\",\"dateModified\":\"2018-06-18T23:05:12+00:00\",\"author\":{\"@id\":\"https:\\\/\\\/www.un.org\\\/pga\\\/72\\\/#\\\/schema\\\/person\\\/06bf09e43d46846c087701ec99ac8412\"},\"breadcrumb\":{\"@id\":\"https:\\\/\\\/www.un.org\\\/pga\\\/72\\\/2018\\\/01\\\/23\\\/highlights-of-press-briefing-by-spokesperson-23-january-2018\\\/#breadcrumb\"},\"inLanguage\":\"en-US\",\"potentialAction\":[{\"@type\":\"ReadAction\",\"target\":[\"https:\\\/\\\/www.un.org\\\/pga\\\/72\\\/2018\\\/01\\\/23\\\/highlights-of-press-briefing-by-spokesperson-23-january-2018\\\/\"]}]},{\"@type\":\"BreadcrumbList\",\"@id\":\"https:\\\/\\\/www.un.org\\\/pga\\\/72\\\/2018\\\/01\\\/23\\\/highlights-of-press-briefing-by-spokesperson-23-january-2018\\\/#breadcrumb\",\"itemListElement\":[{\"@type\":\"ListItem\",\"position\":1,\"name\":\"Home\",\"item\":\"https:\\\/\\\/www.un.org\\\/pga\\\/72\\\/\"},{\"@type\":\"ListItem\",\"position\":2,\"name\":\"HIGHLIGHTS OF PRESS BRIEFING BY SPOKESPERSON \u2013 23 JANUARY 2018\"}]},{\"@type\":\"WebSite\",\"@id\":\"https:\\\/\\\/www.un.org\\\/pga\\\/72\\\/#website\",\"url\":\"https:\\\/\\\/www.un.org\\\/pga\\\/72\\\/\",\"name\":\"General Assembly of the United Nations\",\"description\":\"President of the 72nd Session\",\"potentialAction\":[{\"@type\":\"SearchAction\",\"target\":{\"@type\":\"EntryPoint\",\"urlTemplate\":\"https:\\\/\\\/www.un.org\\\/pga\\\/72\\\/?s={search_term_string}\"},\"query-input\":{\"@type\":\"PropertyValueSpecification\",\"valueRequired\":true,\"valueName\":\"search_term_string\"}}],\"inLanguage\":\"en-US\"},{\"@type\":\"Person\",\"@id\":\"https:\\\/\\\/www.un.org\\\/pga\\\/72\\\/#\\\/schema\\\/person\\\/06bf09e43d46846c087701ec99ac8412\",\"name\":\"Katharina Kandt\",\"image\":{\"@type\":\"ImageObject\",\"inLanguage\":\"en-US\",\"@id\":\"https:\\\/\\\/secure.gravatar.com\\\/avatar\\\/5e28c19bf52d2ea02ca4d78c4548f4e118fe08e94744f59f7938769a04ae856e?s=96&d=mm&r=g\",\"url\":\"https:\\\/\\\/secure.gravatar.com\\\/avatar\\\/5e28c19bf52d2ea02ca4d78c4548f4e118fe08e94744f59f7938769a04ae856e?s=96&d=mm&r=g\",\"contentUrl\":\"https:\\\/\\\/secure.gravatar.com\\\/avatar\\\/5e28c19bf52d2ea02ca4d78c4548f4e118fe08e94744f59f7938769a04ae856e?s=96&d=mm&r=g\",\"caption\":\"Katharina Kandt\"},\"url\":\"https:\\\/\\\/www.un.org\\\/pga\\\/72\\\/author\\\/kandtun-org\\\/\"}]}<\/script>\n<!-- \/ Yoast SEO plugin. -->","yoast_head_json":{"title":"HIGHLIGHTS OF PRESS BRIEFING BY SPOKESPERSON \u2013 23 JANUARY 2018 - General Assembly of the United Nations","robots":{"index":"index","follow":"follow","max-snippet":"max-snippet:-1","max-image-preview":"max-image-preview:large","max-video-preview":"max-video-preview:-1"},"canonical":"https:\/\/www.un.org\/pga\/72\/2018\/01\/23\/highlights-of-press-briefing-by-spokesperson-23-january-2018\/","og_locale":"en_US","og_type":"article","og_title":"HIGHLIGHTS OF PRESS BRIEFING BY SPOKESPERSON \u2013 23 JANUARY 2018 - General Assembly of the United Nations","og_description":"Highlights of press briefing by spokesperson Brenden Varma \u2013 23 January 2018","og_url":"https:\/\/www.un.org\/pga\/72\/2018\/01\/23\/highlights-of-press-briefing-by-spokesperson-23-january-2018\/","og_site_name":"General Assembly of the United Nations","article_published_time":"2018-01-23T20:15:54+00:00","article_modified_time":"2018-06-18T23:05:12+00:00","author":"Katharina Kandt","twitter_card":"summary_large_image","twitter_misc":{"Written by":"Katharina Kandt","Est. reading time":"3 minutes"},"schema":{"@context":"https:\/\/schema.org","@graph":[{"@type":"Article","@id":"https:\/\/www.un.org\/pga\/72\/2018\/01\/23\/highlights-of-press-briefing-by-spokesperson-23-january-2018\/#article","isPartOf":{"@id":"https:\/\/www.un.org\/pga\/72\/2018\/01\/23\/highlights-of-press-briefing-by-spokesperson-23-january-2018\/"},"author":{"name":"Katharina Kandt","@id":"https:\/\/www.un.org\/pga\/72\/#\/schema\/person\/06bf09e43d46846c087701ec99ac8412"},"headline":"HIGHLIGHTS OF PRESS BRIEFING BY SPOKESPERSON \u2013 23 JANUARY 2018","datePublished":"2018-01-23T20:15:54+00:00","dateModified":"2018-06-18T23:05:12+00:00","mainEntityOfPage":{"@id":"https:\/\/www.un.org\/pga\/72\/2018\/01\/23\/highlights-of-press-briefing-by-spokesperson-23-january-2018\/"},"wordCount":611,"articleSection":["Spokesperson's Briefings"],"inLanguage":"en-US"},{"@type":"WebPage","@id":"https:\/\/www.un.org\/pga\/72\/2018\/01\/23\/highlights-of-press-briefing-by-spokesperson-23-january-2018\/","url":"https:\/\/www.un.org\/pga\/72\/2018\/01\/23\/highlights-of-press-briefing-by-spokesperson-23-january-2018\/","name":"HIGHLIGHTS OF PRESS BRIEFING BY SPOKESPERSON \u2013 23 JANUARY 2018 - General Assembly of the United Nations","isPartOf":{"@id":"https:\/\/www.un.org\/pga\/72\/#website"},"datePublished":"2018-01-23T20:15:54+00:00","dateModified":"2018-06-18T23:05:12+00:00","author":{"@id":"https:\/\/www.un.org\/pga\/72\/#\/schema\/person\/06bf09e43d46846c087701ec99ac8412"},"breadcrumb":{"@id":"https:\/\/www.un.org\/pga\/72\/2018\/01\/23\/highlights-of-press-briefing-by-spokesperson-23-january-2018\/#breadcrumb"},"inLanguage":"en-US","potentialAction":[{"@type":"ReadAction","target":["https:\/\/www.un.org\/pga\/72\/2018\/01\/23\/highlights-of-press-briefing-by-spokesperson-23-january-2018\/"]}]},{"@type":"BreadcrumbList","@id":"https:\/\/www.un.org\/pga\/72\/2018\/01\/23\/highlights-of-press-briefing-by-spokesperson-23-january-2018\/#breadcrumb","itemListElement":[{"@type":"ListItem","position":1,"name":"Home","item":"https:\/\/www.un.org\/pga\/72\/"},{"@type":"ListItem","position":2,"name":"HIGHLIGHTS OF PRESS BRIEFING BY SPOKESPERSON \u2013 23 JANUARY 2018"}]},{"@type":"WebSite","@id":"https:\/\/www.un.org\/pga\/72\/#website","url":"https:\/\/www.un.org\/pga\/72\/","name":"General Assembly of the United Nations","description":"President of the 72nd Session","potentialAction":[{"@type":"SearchAction","target":{"@type":"EntryPoint","urlTemplate":"https:\/\/www.un.org\/pga\/72\/?s={search_term_string}"},"query-input":{"@type":"PropertyValueSpecification","valueRequired":true,"valueName":"search_term_string"}}],"inLanguage":"en-US"},{"@type":"Person","@id":"https:\/\/www.un.org\/pga\/72\/#\/schema\/person\/06bf09e43d46846c087701ec99ac8412","name":"Katharina Kandt","image":{"@type":"ImageObject","inLanguage":"en-US","@id":"https:\/\/secure.gravatar.com\/avatar\/5e28c19bf52d2ea02ca4d78c4548f4e118fe08e94744f59f7938769a04ae856e?s=96&d=mm&r=g","url":"https:\/\/secure.gravatar.com\/avatar\/5e28c19bf52d2ea02ca4d78c4548f4e118fe08e94744f59f7938769a04ae856e?s=96&d=mm&r=g","contentUrl":"https:\/\/secure.gravatar.com\/avatar\/5e28c19bf52d2ea02ca4d78c4548f4e118fe08e94744f59f7938769a04ae856e?s=96&d=mm&r=g","caption":"Katharina Kandt"},"url":"https:\/\/www.un.org\/pga\/72\/author\/kandtun-org\/"}]}},"_links":{"self":[{"href":"https:\/\/www.un.org\/pga\/72\/wp-json\/wp\/v2\/posts\/136694","targetHints":{"allow":["GET"]}}],"collection":[{"href":"https:\/\/www.un.org\/pga\/72\/wp-json\/wp\/v2\/posts"}],"about":[{"href":"https:\/\/www.un.org\/pga\/72\/wp-json\/wp\/v2\/types\/post"}],"author":[{"embeddable":true,"href":"https:\/\/www.un.org\/pga\/72\/wp-json\/wp\/v2\/users\/202"}],"replies":[{"embeddable":true,"href":"https:\/\/www.un.org\/pga\/72\/wp-json\/wp\/v2\/comments?post=136694"}],"version-history":[{"count":0,"href":"https:\/\/www.un.org\/pga\/72\/wp-json\/wp\/v2\/posts\/136694\/revisions"}],"wp:attachment":[{"href":"https:\/\/www.un.org\/pga\/72\/wp-json\/wp\/v2\/media?parent=136694"}],"wp:term":[{"taxonomy":"category","embeddable":true,"href":"https:\/\/www.un.org\/pga\/72\/wp-json\/wp\/v2\/categories?post=136694"},{"taxonomy":"post_tag","embeddable":true,"href":"https:\/\/www.un.org\/pga\/72\/wp-json\/wp\/v2\/tags?post=136694"}],"curies":[{"name":"wp","href":"https:\/\/api.w.org\/{rel}","templated":true}]}}