  {"id":137630,"date":"2018-02-02T16:13:25","date_gmt":"2018-02-02T21:13:25","guid":{"rendered":"https:\/\/www.un.org\/pga\/72\/?p=137630"},"modified":"2018-02-08T13:29:36","modified_gmt":"2018-02-08T18:29:36","slug":"note-to-correspondents-general-assembly-president-heads-to-republic-of-korea-ahead-of-winter-olympics","status":"publish","type":"post","link":"https:\/\/www.un.org\/pga\/72\/2018\/02\/02\/note-to-correspondents-general-assembly-president-heads-to-republic-of-korea-ahead-of-winter-olympics\/","title":{"rendered":"NOTE TO CORRESPONDENTS:  GENERAL ASSEMBLY PRESIDENT HEADS TO REPUBLIC OF KOREA AHEAD OF WINTER OLYMPICS"},"content":{"rendered":"<p>[et_pb_section bb_built=&#8221;1&#8243;][et_pb_row][et_pb_column type=&#8221;4_4&#8243;][et_pb_text _builder_version=&#8221;3.0.87&#8243; background_layout=&#8221;light&#8221; border_style=&#8221;solid&#8221;]<\/p>\n<p style=\"text-align: right\"><strong>NOTE TO CORRESPONDENTS<\/strong><\/p>\n<p>&nbsp;<\/p>\n<p>&nbsp;<\/p>\n<h1 style=\"text-align: center\"><strong>GENERAL ASSEMBLY PRESIDENT HEADS TO REPUBLIC OF KOREA AHEAD OF WINTER OLYMPICS<\/strong><\/h1>\n<div class=\"post-meta vcard\"><\/div>\n<p>[\/et_pb_text][et_pb_text _builder_version=&#8221;3.0.87&#8243; background_layout=&#8221;light&#8221; border_style=&#8221;solid&#8221;]<\/p>\n<p>&nbsp;<\/p>\n<p><strong>United Nations Headquarters, 2 February 2018<\/strong>\u00a0\u2013 The President of the 72nd session of the United Nations General Assembly, H.E. Mr. Miroslav Laj\u010d\u00e1k, will leave New York on 6 February for Seoul, Republic of Korea. While in Seoul, on 8 February, he is expected to hold meetings with H.E. Mr. Lee Nak-yon, Prime Minister of the Republic of Korea, and H.E. Mr. Chung Sye-kyun, Speaker of the National Assembly of the Republic of Korea. He will also deliver remarks at the opening keynote session of the Global Engagement and Empowerment Forum on Sustainable Development, which will be co-hosted by the Institute for Global Engagement and Empowerment (IGEE) and the Ban Ki-moon Centre for Global Citizenship.<\/p>\n<p>On 9 February, the President will be in Pyeongchang for the XXIII Olympic Winter Games. He will participate in the Olympic Torch Relay as a torchbearer, attend the Opening Ceremony and receive an award from the Truce Foundation of the United States.<\/p>\n<p>The President will travel with his Chief of Staff, Franti\u0161ek Ru\u017ei\u010dka; his Spokesperson, Brenden Varma; and his Adviser on Outreach, Nikola Ivezaj.<\/p>\n<p>Travel costs will be covered from the United Nations regular budget with support on the ground provided by the Government of the Republic of Korea, the International Olympic Committee and the Ban Ki-moon Centre for Global Citizenship.<\/p>\n<p>The President will return to New York on 11 February.<\/p>\n<p>***<br \/>\n<strong>For media inquiries, please contact <\/strong><\/p>\n<p>Brenden Varma, Spokesperson for the President of the General Assembly, 1-212-963-7238, 1-347-556-3433, <a href=\"mailto:varmab@un.org\">varmab@un.org<\/a><\/p>\n<p>[\/et_pb_text][\/et_pb_column][\/et_pb_row][\/et_pb_section]<\/p>\n","protected":false},"excerpt":{"rendered":"<p>NOTE TO CORRESPONDENTS: General Assembly President heads to Republic of Korea ahead of Winter Olympics<\/p>\n","protected":false},"author":202,"featured_media":137210,"comment_status":"closed","ping_status":"closed","sticky":false,"template":"","format":"standard","meta":{"_et_pb_use_builder":"on","_et_pb_old_content":"","_et_gb_content_width":"","footnotes":"","_links_to":"","_links_to_target":""},"categories":[69,61],"tags":[],"class_list":["post-137630","post","type-post","status-publish","format-standard","has-post-thumbnail","hentry","category-blog","category-pressreleases","et-has-post-format-content","et_post_format-et-post-format-standard"],"yoast_head":"<!-- This site is optimized with the Yoast SEO plugin v28.3 - https:\/\/yoast.com\/product\/yoast-seo-wordpress\/ -->\n<title>NOTE TO CORRESPONDENTS: GENERAL ASSEMBLY PRESIDENT HEADS TO REPUBLIC OF KOREA AHEAD OF WINTER OLYMPICS - General Assembly of the United Nations<\/title>\n<meta name=\"robots\" content=\"index, follow, max-snippet:-1, max-image-preview:large, max-video-preview:-1\" \/>\n<link rel=\"canonical\" href=\"https:\/\/www.un.org\/pga\/72\/2018\/02\/02\/note-to-correspondents-general-assembly-president-heads-to-republic-of-korea-ahead-of-winter-olympics\/\" \/>\n<meta property=\"og:locale\" content=\"en_US\" \/>\n<meta property=\"og:type\" content=\"article\" \/>\n<meta property=\"og:title\" content=\"NOTE TO CORRESPONDENTS: GENERAL ASSEMBLY PRESIDENT HEADS TO REPUBLIC OF KOREA AHEAD OF WINTER OLYMPICS - General Assembly of the United Nations\" \/>\n<meta property=\"og:description\" content=\"NOTE TO CORRESPONDENTS: General Assembly President heads to Republic of Korea ahead of Winter Olympics\" \/>\n<meta property=\"og:url\" content=\"https:\/\/www.un.org\/pga\/72\/2018\/02\/02\/note-to-correspondents-general-assembly-president-heads-to-republic-of-korea-ahead-of-winter-olympics\/\" \/>\n<meta property=\"og:site_name\" content=\"General Assembly of the United Nations\" \/>\n<meta property=\"article:published_time\" content=\"2018-02-02T21:13:25+00:00\" \/>\n<meta property=\"article:modified_time\" content=\"2018-02-08T18:29:36+00:00\" \/>\n<meta property=\"og:image\" content=\"https:\/\/www.un.org\/pga\/wp-content\/uploads\/sites\/51\/2018\/01\/olympic.jpg\" \/>\n\t<meta property=\"og:image:width\" content=\"1024\" \/>\n\t<meta property=\"og:image:height\" content=\"683\" \/>\n\t<meta property=\"og:image:type\" content=\"image\/jpeg\" \/>\n<meta name=\"author\" content=\"Katharina Kandt\" \/>\n<meta name=\"twitter:card\" content=\"summary_large_image\" \/>\n<meta name=\"twitter:label1\" content=\"Written by\" \/>\n\t<meta name=\"twitter:data1\" content=\"Katharina Kandt\" \/>\n\t<meta name=\"twitter:label2\" content=\"Est. reading time\" \/>\n\t<meta name=\"twitter:data2\" content=\"2 minutes\" \/>\n<script type=\"application\/ld+json\" class=\"yoast-schema-graph\">{\"@context\":\"https:\\\/\\\/schema.org\",\"@graph\":[{\"@type\":\"Article\",\"@id\":\"https:\\\/\\\/www.un.org\\\/pga\\\/72\\\/2018\\\/02\\\/02\\\/note-to-correspondents-general-assembly-president-heads-to-republic-of-korea-ahead-of-winter-olympics\\\/#article\",\"isPartOf\":{\"@id\":\"https:\\\/\\\/www.un.org\\\/pga\\\/72\\\/2018\\\/02\\\/02\\\/note-to-correspondents-general-assembly-president-heads-to-republic-of-korea-ahead-of-winter-olympics\\\/\"},\"author\":{\"name\":\"Katharina Kandt\",\"@id\":\"https:\\\/\\\/www.un.org\\\/pga\\\/72\\\/#\\\/schema\\\/person\\\/06bf09e43d46846c087701ec99ac8412\"},\"headline\":\"NOTE TO CORRESPONDENTS: GENERAL ASSEMBLY PRESIDENT HEADS TO REPUBLIC OF KOREA AHEAD OF WINTER OLYMPICS\",\"datePublished\":\"2018-02-02T21:13:25+00:00\",\"dateModified\":\"2018-02-08T18:29:36+00:00\",\"mainEntityOfPage\":{\"@id\":\"https:\\\/\\\/www.un.org\\\/pga\\\/72\\\/2018\\\/02\\\/02\\\/note-to-correspondents-general-assembly-president-heads-to-republic-of-korea-ahead-of-winter-olympics\\\/\"},\"wordCount\":332,\"image\":{\"@id\":\"https:\\\/\\\/www.un.org\\\/pga\\\/72\\\/2018\\\/02\\\/02\\\/note-to-correspondents-general-assembly-president-heads-to-republic-of-korea-ahead-of-winter-olympics\\\/#primaryimage\"},\"thumbnailUrl\":\"https:\\\/\\\/www.un.org\\\/pga\\\/wp-content\\\/uploads\\\/sites\\\/51\\\/2018\\\/01\\\/olympic.jpg\",\"articleSection\":[\"Blog\",\"Press Releases\"],\"inLanguage\":\"en-US\"},{\"@type\":\"WebPage\",\"@id\":\"https:\\\/\\\/www.un.org\\\/pga\\\/72\\\/2018\\\/02\\\/02\\\/note-to-correspondents-general-assembly-president-heads-to-republic-of-korea-ahead-of-winter-olympics\\\/\",\"url\":\"https:\\\/\\\/www.un.org\\\/pga\\\/72\\\/2018\\\/02\\\/02\\\/note-to-correspondents-general-assembly-president-heads-to-republic-of-korea-ahead-of-winter-olympics\\\/\",\"name\":\"NOTE TO CORRESPONDENTS: GENERAL ASSEMBLY PRESIDENT HEADS TO REPUBLIC OF KOREA AHEAD OF WINTER OLYMPICS - General Assembly of the United Nations\",\"isPartOf\":{\"@id\":\"https:\\\/\\\/www.un.org\\\/pga\\\/72\\\/#website\"},\"primaryImageOfPage\":{\"@id\":\"https:\\\/\\\/www.un.org\\\/pga\\\/72\\\/2018\\\/02\\\/02\\\/note-to-correspondents-general-assembly-president-heads-to-republic-of-korea-ahead-of-winter-olympics\\\/#primaryimage\"},\"image\":{\"@id\":\"https:\\\/\\\/www.un.org\\\/pga\\\/72\\\/2018\\\/02\\\/02\\\/note-to-correspondents-general-assembly-president-heads-to-republic-of-korea-ahead-of-winter-olympics\\\/#primaryimage\"},\"thumbnailUrl\":\"https:\\\/\\\/www.un.org\\\/pga\\\/wp-content\\\/uploads\\\/sites\\\/51\\\/2018\\\/01\\\/olympic.jpg\",\"datePublished\":\"2018-02-02T21:13:25+00:00\",\"dateModified\":\"2018-02-08T18:29:36+00:00\",\"author\":{\"@id\":\"https:\\\/\\\/www.un.org\\\/pga\\\/72\\\/#\\\/schema\\\/person\\\/06bf09e43d46846c087701ec99ac8412\"},\"breadcrumb\":{\"@id\":\"https:\\\/\\\/www.un.org\\\/pga\\\/72\\\/2018\\\/02\\\/02\\\/note-to-correspondents-general-assembly-president-heads-to-republic-of-korea-ahead-of-winter-olympics\\\/#breadcrumb\"},\"inLanguage\":\"en-US\",\"potentialAction\":[{\"@type\":\"ReadAction\",\"target\":[\"https:\\\/\\\/www.un.org\\\/pga\\\/72\\\/2018\\\/02\\\/02\\\/note-to-correspondents-general-assembly-president-heads-to-republic-of-korea-ahead-of-winter-olympics\\\/\"]}]},{\"@type\":\"ImageObject\",\"inLanguage\":\"en-US\",\"@id\":\"https:\\\/\\\/www.un.org\\\/pga\\\/72\\\/2018\\\/02\\\/02\\\/note-to-correspondents-general-assembly-president-heads-to-republic-of-korea-ahead-of-winter-olympics\\\/#primaryimage\",\"url\":\"https:\\\/\\\/www.un.org\\\/pga\\\/wp-content\\\/uploads\\\/sites\\\/51\\\/2018\\\/01\\\/olympic.jpg\",\"contentUrl\":\"https:\\\/\\\/www.un.org\\\/pga\\\/wp-content\\\/uploads\\\/sites\\\/51\\\/2018\\\/01\\\/olympic.jpg\",\"width\":1024,\"height\":683},{\"@type\":\"BreadcrumbList\",\"@id\":\"https:\\\/\\\/www.un.org\\\/pga\\\/72\\\/2018\\\/02\\\/02\\\/note-to-correspondents-general-assembly-president-heads-to-republic-of-korea-ahead-of-winter-olympics\\\/#breadcrumb\",\"itemListElement\":[{\"@type\":\"ListItem\",\"position\":1,\"name\":\"Home\",\"item\":\"https:\\\/\\\/www.un.org\\\/pga\\\/72\\\/\"},{\"@type\":\"ListItem\",\"position\":2,\"name\":\"NOTE TO CORRESPONDENTS: GENERAL ASSEMBLY PRESIDENT HEADS TO REPUBLIC OF KOREA AHEAD OF WINTER OLYMPICS\"}]},{\"@type\":\"WebSite\",\"@id\":\"https:\\\/\\\/www.un.org\\\/pga\\\/72\\\/#website\",\"url\":\"https:\\\/\\\/www.un.org\\\/pga\\\/72\\\/\",\"name\":\"General Assembly of the United Nations\",\"description\":\"President of the 72nd Session\",\"potentialAction\":[{\"@type\":\"SearchAction\",\"target\":{\"@type\":\"EntryPoint\",\"urlTemplate\":\"https:\\\/\\\/www.un.org\\\/pga\\\/72\\\/?s={search_term_string}\"},\"query-input\":{\"@type\":\"PropertyValueSpecification\",\"valueRequired\":true,\"valueName\":\"search_term_string\"}}],\"inLanguage\":\"en-US\"},{\"@type\":\"Person\",\"@id\":\"https:\\\/\\\/www.un.org\\\/pga\\\/72\\\/#\\\/schema\\\/person\\\/06bf09e43d46846c087701ec99ac8412\",\"name\":\"Katharina Kandt\",\"image\":{\"@type\":\"ImageObject\",\"inLanguage\":\"en-US\",\"@id\":\"https:\\\/\\\/secure.gravatar.com\\\/avatar\\\/5e28c19bf52d2ea02ca4d78c4548f4e118fe08e94744f59f7938769a04ae856e?s=96&d=mm&r=g\",\"url\":\"https:\\\/\\\/secure.gravatar.com\\\/avatar\\\/5e28c19bf52d2ea02ca4d78c4548f4e118fe08e94744f59f7938769a04ae856e?s=96&d=mm&r=g\",\"contentUrl\":\"https:\\\/\\\/secure.gravatar.com\\\/avatar\\\/5e28c19bf52d2ea02ca4d78c4548f4e118fe08e94744f59f7938769a04ae856e?s=96&d=mm&r=g\",\"caption\":\"Katharina Kandt\"},\"url\":\"https:\\\/\\\/www.un.org\\\/pga\\\/72\\\/author\\\/kandtun-org\\\/\"}]}<\/script>\n<!-- \/ Yoast SEO plugin. -->","yoast_head_json":{"title":"NOTE TO CORRESPONDENTS: GENERAL ASSEMBLY PRESIDENT HEADS TO REPUBLIC OF KOREA AHEAD OF WINTER OLYMPICS - General Assembly of the United Nations","robots":{"index":"index","follow":"follow","max-snippet":"max-snippet:-1","max-image-preview":"max-image-preview:large","max-video-preview":"max-video-preview:-1"},"canonical":"https:\/\/www.un.org\/pga\/72\/2018\/02\/02\/note-to-correspondents-general-assembly-president-heads-to-republic-of-korea-ahead-of-winter-olympics\/","og_locale":"en_US","og_type":"article","og_title":"NOTE TO CORRESPONDENTS: GENERAL ASSEMBLY PRESIDENT HEADS TO REPUBLIC OF KOREA AHEAD OF WINTER OLYMPICS - General Assembly of the United Nations","og_description":"NOTE TO CORRESPONDENTS: General Assembly President heads to Republic of Korea ahead of Winter Olympics","og_url":"https:\/\/www.un.org\/pga\/72\/2018\/02\/02\/note-to-correspondents-general-assembly-president-heads-to-republic-of-korea-ahead-of-winter-olympics\/","og_site_name":"General Assembly of the United Nations","article_published_time":"2018-02-02T21:13:25+00:00","article_modified_time":"2018-02-08T18:29:36+00:00","og_image":[{"width":1024,"height":683,"url":"https:\/\/www.un.org\/pga\/wp-content\/uploads\/sites\/51\/2018\/01\/olympic.jpg","type":"image\/jpeg"}],"author":"Katharina Kandt","twitter_card":"summary_large_image","twitter_misc":{"Written by":"Katharina Kandt","Est. reading time":"2 minutes"},"schema":{"@context":"https:\/\/schema.org","@graph":[{"@type":"Article","@id":"https:\/\/www.un.org\/pga\/72\/2018\/02\/02\/note-to-correspondents-general-assembly-president-heads-to-republic-of-korea-ahead-of-winter-olympics\/#article","isPartOf":{"@id":"https:\/\/www.un.org\/pga\/72\/2018\/02\/02\/note-to-correspondents-general-assembly-president-heads-to-republic-of-korea-ahead-of-winter-olympics\/"},"author":{"name":"Katharina Kandt","@id":"https:\/\/www.un.org\/pga\/72\/#\/schema\/person\/06bf09e43d46846c087701ec99ac8412"},"headline":"NOTE TO CORRESPONDENTS: GENERAL ASSEMBLY PRESIDENT HEADS TO REPUBLIC OF KOREA AHEAD OF WINTER OLYMPICS","datePublished":"2018-02-02T21:13:25+00:00","dateModified":"2018-02-08T18:29:36+00:00","mainEntityOfPage":{"@id":"https:\/\/www.un.org\/pga\/72\/2018\/02\/02\/note-to-correspondents-general-assembly-president-heads-to-republic-of-korea-ahead-of-winter-olympics\/"},"wordCount":332,"image":{"@id":"https:\/\/www.un.org\/pga\/72\/2018\/02\/02\/note-to-correspondents-general-assembly-president-heads-to-republic-of-korea-ahead-of-winter-olympics\/#primaryimage"},"thumbnailUrl":"https:\/\/www.un.org\/pga\/wp-content\/uploads\/sites\/51\/2018\/01\/olympic.jpg","articleSection":["Blog","Press Releases"],"inLanguage":"en-US"},{"@type":"WebPage","@id":"https:\/\/www.un.org\/pga\/72\/2018\/02\/02\/note-to-correspondents-general-assembly-president-heads-to-republic-of-korea-ahead-of-winter-olympics\/","url":"https:\/\/www.un.org\/pga\/72\/2018\/02\/02\/note-to-correspondents-general-assembly-president-heads-to-republic-of-korea-ahead-of-winter-olympics\/","name":"NOTE TO CORRESPONDENTS: GENERAL ASSEMBLY PRESIDENT HEADS TO REPUBLIC OF KOREA AHEAD OF WINTER OLYMPICS - General Assembly of the United Nations","isPartOf":{"@id":"https:\/\/www.un.org\/pga\/72\/#website"},"primaryImageOfPage":{"@id":"https:\/\/www.un.org\/pga\/72\/2018\/02\/02\/note-to-correspondents-general-assembly-president-heads-to-republic-of-korea-ahead-of-winter-olympics\/#primaryimage"},"image":{"@id":"https:\/\/www.un.org\/pga\/72\/2018\/02\/02\/note-to-correspondents-general-assembly-president-heads-to-republic-of-korea-ahead-of-winter-olympics\/#primaryimage"},"thumbnailUrl":"https:\/\/www.un.org\/pga\/wp-content\/uploads\/sites\/51\/2018\/01\/olympic.jpg","datePublished":"2018-02-02T21:13:25+00:00","dateModified":"2018-02-08T18:29:36+00:00","author":{"@id":"https:\/\/www.un.org\/pga\/72\/#\/schema\/person\/06bf09e43d46846c087701ec99ac8412"},"breadcrumb":{"@id":"https:\/\/www.un.org\/pga\/72\/2018\/02\/02\/note-to-correspondents-general-assembly-president-heads-to-republic-of-korea-ahead-of-winter-olympics\/#breadcrumb"},"inLanguage":"en-US","potentialAction":[{"@type":"ReadAction","target":["https:\/\/www.un.org\/pga\/72\/2018\/02\/02\/note-to-correspondents-general-assembly-president-heads-to-republic-of-korea-ahead-of-winter-olympics\/"]}]},{"@type":"ImageObject","inLanguage":"en-US","@id":"https:\/\/www.un.org\/pga\/72\/2018\/02\/02\/note-to-correspondents-general-assembly-president-heads-to-republic-of-korea-ahead-of-winter-olympics\/#primaryimage","url":"https:\/\/www.un.org\/pga\/wp-content\/uploads\/sites\/51\/2018\/01\/olympic.jpg","contentUrl":"https:\/\/www.un.org\/pga\/wp-content\/uploads\/sites\/51\/2018\/01\/olympic.jpg","width":1024,"height":683},{"@type":"BreadcrumbList","@id":"https:\/\/www.un.org\/pga\/72\/2018\/02\/02\/note-to-correspondents-general-assembly-president-heads-to-republic-of-korea-ahead-of-winter-olympics\/#breadcrumb","itemListElement":[{"@type":"ListItem","position":1,"name":"Home","item":"https:\/\/www.un.org\/pga\/72\/"},{"@type":"ListItem","position":2,"name":"NOTE TO CORRESPONDENTS: GENERAL ASSEMBLY PRESIDENT HEADS TO REPUBLIC OF KOREA AHEAD OF WINTER OLYMPICS"}]},{"@type":"WebSite","@id":"https:\/\/www.un.org\/pga\/72\/#website","url":"https:\/\/www.un.org\/pga\/72\/","name":"General Assembly of the United Nations","description":"President of the 72nd Session","potentialAction":[{"@type":"SearchAction","target":{"@type":"EntryPoint","urlTemplate":"https:\/\/www.un.org\/pga\/72\/?s={search_term_string}"},"query-input":{"@type":"PropertyValueSpecification","valueRequired":true,"valueName":"search_term_string"}}],"inLanguage":"en-US"},{"@type":"Person","@id":"https:\/\/www.un.org\/pga\/72\/#\/schema\/person\/06bf09e43d46846c087701ec99ac8412","name":"Katharina Kandt","image":{"@type":"ImageObject","inLanguage":"en-US","@id":"https:\/\/secure.gravatar.com\/avatar\/5e28c19bf52d2ea02ca4d78c4548f4e118fe08e94744f59f7938769a04ae856e?s=96&d=mm&r=g","url":"https:\/\/secure.gravatar.com\/avatar\/5e28c19bf52d2ea02ca4d78c4548f4e118fe08e94744f59f7938769a04ae856e?s=96&d=mm&r=g","contentUrl":"https:\/\/secure.gravatar.com\/avatar\/5e28c19bf52d2ea02ca4d78c4548f4e118fe08e94744f59f7938769a04ae856e?s=96&d=mm&r=g","caption":"Katharina Kandt"},"url":"https:\/\/www.un.org\/pga\/72\/author\/kandtun-org\/"}]}},"_links":{"self":[{"href":"https:\/\/www.un.org\/pga\/72\/wp-json\/wp\/v2\/posts\/137630","targetHints":{"allow":["GET"]}}],"collection":[{"href":"https:\/\/www.un.org\/pga\/72\/wp-json\/wp\/v2\/posts"}],"about":[{"href":"https:\/\/www.un.org\/pga\/72\/wp-json\/wp\/v2\/types\/post"}],"author":[{"embeddable":true,"href":"https:\/\/www.un.org\/pga\/72\/wp-json\/wp\/v2\/users\/202"}],"replies":[{"embeddable":true,"href":"https:\/\/www.un.org\/pga\/72\/wp-json\/wp\/v2\/comments?post=137630"}],"version-history":[{"count":0,"href":"https:\/\/www.un.org\/pga\/72\/wp-json\/wp\/v2\/posts\/137630\/revisions"}],"wp:featuredmedia":[{"embeddable":true,"href":"https:\/\/www.un.org\/pga\/72\/wp-json\/wp\/v2\/media\/137210"}],"wp:attachment":[{"href":"https:\/\/www.un.org\/pga\/72\/wp-json\/wp\/v2\/media?parent=137630"}],"wp:term":[{"taxonomy":"category","embeddable":true,"href":"https:\/\/www.un.org\/pga\/72\/wp-json\/wp\/v2\/categories?post=137630"},{"taxonomy":"post_tag","embeddable":true,"href":"https:\/\/www.un.org\/pga\/72\/wp-json\/wp\/v2\/tags?post=137630"}],"curies":[{"name":"wp","href":"https:\/\/api.w.org\/{rel}","templated":true}]}}