  {"id":139989,"date":"2018-02-22T14:51:17","date_gmt":"2018-02-22T19:51:17","guid":{"rendered":"https:\/\/www.un.org\/pga\/72\/?p=139989"},"modified":"2018-06-18T18:59:24","modified_gmt":"2018-06-18T22:59:24","slug":"highlights-of-press-briefing-by-spokesperson-22-february-2018","status":"publish","type":"post","link":"https:\/\/www.un.org\/pga\/72\/2018\/02\/22\/highlights-of-press-briefing-by-spokesperson-22-february-2018\/","title":{"rendered":"HIGHLIGHTS OF PRESS BRIEFING BY SPOKESPERSON \u2013 22 FEBRUARY 2018"},"content":{"rendered":"<p>[et_pb_section bb_built=&#8221;1&#8243;][et_pb_row][et_pb_column type=&#8221;2_3&#8243;][et_pb_text _builder_version=&#8221;3.0.87&#8243; background_layout=&#8221;light&#8221; border_style=&#8221;solid&#8221;]<\/p>\n<h1><strong>HIGHLIGHTS OF PRESS BRIEFING BY BRENDEN VARMA,\u00a0<\/strong><strong>SPOKESPERSON FOR <\/strong><strong>GENERAL ASSEMBLY <\/strong><strong>PRESIDENT <\/strong><strong>MIROSLAV LAJ\u010c\u00c1K <\/strong><\/h1>\n<div class=\"post-meta vcard\">\n<p><strong>United Nations Headquarters, New York<\/strong><\/p>\n<p style=\"text-align: left\"><span class=\"updated\">22 February 2018<\/span><\/p>\n<p>&nbsp;<\/p>\n<\/div>\n<p>[\/et_pb_text][et_pb_text _builder_version=&#8221;3.0.87&#8243; background_layout=&#8221;light&#8221; border_style=&#8221;solid&#8221;]<\/p>\n<h3><strong>PRESIDENT HIGHLIGHTS ROLE OF PARLIAMENTARIANS IN ADVANCING GLOBAL COMPACT ON MIGRATION<\/strong><\/h3>\n<ul>\n<li>Today the President <a href=\"\/pga\/72?p=139897\">addressed<\/a> the Interparliamentary Union-United Nations Annual Parliamentary Hearing.<\/li>\n<li>The theme this year was: \u201cTowards a global compact for safe, orderly and regular migration: A parliamentary perspective\u201d.<\/li>\n<li>The President stressed the important role that parliamentarians would play in ensuring that the global compact would have a real effect.<\/li>\n<li>He noted that parliamentarians were on the ground, seeing the opportunities that migration had to offer, as well as the risks that come when it is poorly managed. That was why their perspectives needed to be heard at Ä¢¹½ÊÓÆµ Headquarters.<\/li>\n<li>He also cited their ability to combat misperceptions and mistruths about migration with facts. He told them, \u201cYou can drive an evidence-based approach in your parliaments, and among your constituents.\u201d<\/li>\n<li>The President also discussed migration today in a separate <a href=\"https:\/\/twitter.com\/Ä¢¹½ÊÓÆµ_PGA\/status\/966726559880089600\">meeting<\/a> with the European Commissioner for Migration, Home Affairs and Citizenship, H.E. Mr. Dimitris Avramopoulos.<\/li>\n<\/ul>\n<p>&nbsp;<\/p>\n<h3><strong>PRESIDENT MEETS VICE PRESIDENT OF ECUADOR, FOREIGN MINISTER OF C\u00d4TE D\u2019IVOIRE<\/strong><\/h3>\n<ul>\n<li>The President met today with <a href=\"\/pga\/72?p=139937\">E. Ms. Mar\u00eda Alejandra Vicu\u00f1a Mu\u00f1oz<\/a>, Vice President of the Republic of Ecuador.<\/li>\n<li>The President briefed the Vice President on ongoing processes at the United Nations related to migration, including the recently launched intergovernmental negotiations on the Global Compact on Safe, Orderly and Regular Migration.<\/li>\n<li>They also discussed regional dynamics, United Nations reforms and the President\u2019s forthcoming events on peacebuilding and sustaining peace, water and youth.<\/li>\n<li>The President was encouraged by Ecuador\u2019s commitment to multilateralism.<\/li>\n<li>The President will meet later this afternoon with the Minister of Foreign Affairs of C\u00f4te d\u2019Ivoire, H.E. Mr. Marcel Amon-Tanoh.<\/li>\n<\/ul>\n<p>[\/et_pb_text][\/et_pb_column][et_pb_column type=&#8221;1_3&#8243;][et_pb_code admin_label=&#8221;BrightCove Video ShortCode&#8221; _builder_version=&#8221;3.6&#8243;]\n<!-- iframe plugin v.6.0 wordpress.org\/plugins\/iframe\/ -->\n<iframe width=\"&quot;100%&quot;\" height=\"&quot;180&quot;\" src scrolling=\"yes\" class=\"iframe-class\" frameborder=\"0\"><\/iframe>\n&lt;!&#8211; [et_pb_line_break_holder] &#8211;&gt;[\/et_pb_code][\/et_pb_column][\/et_pb_row][\/et_pb_section]<\/p>\n","protected":false},"excerpt":{"rendered":"<p>Highlights of press briefing by spokesperson Brenden Varma \u2013 22 February 2018<\/p>\n","protected":false},"author":202,"featured_media":0,"comment_status":"closed","ping_status":"closed","sticky":false,"template":"","format":"standard","meta":{"_et_pb_use_builder":"on","_et_pb_old_content":"","_et_gb_content_width":"","footnotes":"","_links_to":"","_links_to_target":""},"categories":[232],"tags":[],"class_list":["post-139989","post","type-post","status-publish","format-standard","hentry","category-spokespersons-briefings","et-doesnt-have-format-content","et_post_format-et-post-format-standard"],"yoast_head":"<!-- This site is optimized with the Yoast SEO plugin v28.3 - https:\/\/yoast.com\/product\/yoast-seo-wordpress\/ -->\n<title>HIGHLIGHTS OF PRESS BRIEFING BY SPOKESPERSON \u2013 22 FEBRUARY 2018 - General Assembly of the United Nations<\/title>\n<meta name=\"robots\" content=\"index, follow, max-snippet:-1, max-image-preview:large, max-video-preview:-1\" \/>\n<link rel=\"canonical\" href=\"https:\/\/www.un.org\/pga\/72\/2018\/02\/22\/highlights-of-press-briefing-by-spokesperson-22-february-2018\/\" \/>\n<meta property=\"og:locale\" content=\"en_US\" \/>\n<meta property=\"og:type\" content=\"article\" \/>\n<meta property=\"og:title\" content=\"HIGHLIGHTS OF PRESS BRIEFING BY SPOKESPERSON \u2013 22 FEBRUARY 2018 - General Assembly of the United Nations\" \/>\n<meta property=\"og:description\" content=\"Highlights of press briefing by spokesperson Brenden Varma \u2013 22 February 2018\" \/>\n<meta property=\"og:url\" content=\"https:\/\/www.un.org\/pga\/72\/2018\/02\/22\/highlights-of-press-briefing-by-spokesperson-22-february-2018\/\" \/>\n<meta property=\"og:site_name\" content=\"General Assembly of the United Nations\" \/>\n<meta property=\"article:published_time\" content=\"2018-02-22T19:51:17+00:00\" \/>\n<meta property=\"article:modified_time\" content=\"2018-06-18T22:59:24+00:00\" \/>\n<meta name=\"author\" content=\"Katharina Kandt\" \/>\n<meta name=\"twitter:card\" content=\"summary_large_image\" \/>\n<meta name=\"twitter:label1\" content=\"Written by\" \/>\n\t<meta name=\"twitter:data1\" content=\"Katharina Kandt\" \/>\n\t<meta name=\"twitter:label2\" content=\"Est. reading time\" \/>\n\t<meta name=\"twitter:data2\" content=\"2 minutes\" \/>\n<script type=\"application\/ld+json\" class=\"yoast-schema-graph\">{\"@context\":\"https:\\\/\\\/schema.org\",\"@graph\":[{\"@type\":\"Article\",\"@id\":\"https:\\\/\\\/www.un.org\\\/pga\\\/72\\\/2018\\\/02\\\/22\\\/highlights-of-press-briefing-by-spokesperson-22-february-2018\\\/#article\",\"isPartOf\":{\"@id\":\"https:\\\/\\\/www.un.org\\\/pga\\\/72\\\/2018\\\/02\\\/22\\\/highlights-of-press-briefing-by-spokesperson-22-february-2018\\\/\"},\"author\":{\"name\":\"Katharina Kandt\",\"@id\":\"https:\\\/\\\/www.un.org\\\/pga\\\/72\\\/#\\\/schema\\\/person\\\/06bf09e43d46846c087701ec99ac8412\"},\"headline\":\"HIGHLIGHTS OF PRESS BRIEFING BY SPOKESPERSON \u2013 22 FEBRUARY 2018\",\"datePublished\":\"2018-02-22T19:51:17+00:00\",\"dateModified\":\"2018-06-18T22:59:24+00:00\",\"mainEntityOfPage\":{\"@id\":\"https:\\\/\\\/www.un.org\\\/pga\\\/72\\\/2018\\\/02\\\/22\\\/highlights-of-press-briefing-by-spokesperson-22-february-2018\\\/\"},\"wordCount\":406,\"articleSection\":[\"Spokesperson's Briefings\"],\"inLanguage\":\"en-US\"},{\"@type\":\"WebPage\",\"@id\":\"https:\\\/\\\/www.un.org\\\/pga\\\/72\\\/2018\\\/02\\\/22\\\/highlights-of-press-briefing-by-spokesperson-22-february-2018\\\/\",\"url\":\"https:\\\/\\\/www.un.org\\\/pga\\\/72\\\/2018\\\/02\\\/22\\\/highlights-of-press-briefing-by-spokesperson-22-february-2018\\\/\",\"name\":\"HIGHLIGHTS OF PRESS BRIEFING BY SPOKESPERSON \u2013 22 FEBRUARY 2018 - General Assembly of the United Nations\",\"isPartOf\":{\"@id\":\"https:\\\/\\\/www.un.org\\\/pga\\\/72\\\/#website\"},\"datePublished\":\"2018-02-22T19:51:17+00:00\",\"dateModified\":\"2018-06-18T22:59:24+00:00\",\"author\":{\"@id\":\"https:\\\/\\\/www.un.org\\\/pga\\\/72\\\/#\\\/schema\\\/person\\\/06bf09e43d46846c087701ec99ac8412\"},\"breadcrumb\":{\"@id\":\"https:\\\/\\\/www.un.org\\\/pga\\\/72\\\/2018\\\/02\\\/22\\\/highlights-of-press-briefing-by-spokesperson-22-february-2018\\\/#breadcrumb\"},\"inLanguage\":\"en-US\",\"potentialAction\":[{\"@type\":\"ReadAction\",\"target\":[\"https:\\\/\\\/www.un.org\\\/pga\\\/72\\\/2018\\\/02\\\/22\\\/highlights-of-press-briefing-by-spokesperson-22-february-2018\\\/\"]}]},{\"@type\":\"BreadcrumbList\",\"@id\":\"https:\\\/\\\/www.un.org\\\/pga\\\/72\\\/2018\\\/02\\\/22\\\/highlights-of-press-briefing-by-spokesperson-22-february-2018\\\/#breadcrumb\",\"itemListElement\":[{\"@type\":\"ListItem\",\"position\":1,\"name\":\"Home\",\"item\":\"https:\\\/\\\/www.un.org\\\/pga\\\/72\\\/\"},{\"@type\":\"ListItem\",\"position\":2,\"name\":\"HIGHLIGHTS OF PRESS BRIEFING BY SPOKESPERSON \u2013 22 FEBRUARY 2018\"}]},{\"@type\":\"WebSite\",\"@id\":\"https:\\\/\\\/www.un.org\\\/pga\\\/72\\\/#website\",\"url\":\"https:\\\/\\\/www.un.org\\\/pga\\\/72\\\/\",\"name\":\"General Assembly of the United Nations\",\"description\":\"President of the 72nd Session\",\"potentialAction\":[{\"@type\":\"SearchAction\",\"target\":{\"@type\":\"EntryPoint\",\"urlTemplate\":\"https:\\\/\\\/www.un.org\\\/pga\\\/72\\\/?s={search_term_string}\"},\"query-input\":{\"@type\":\"PropertyValueSpecification\",\"valueRequired\":true,\"valueName\":\"search_term_string\"}}],\"inLanguage\":\"en-US\"},{\"@type\":\"Person\",\"@id\":\"https:\\\/\\\/www.un.org\\\/pga\\\/72\\\/#\\\/schema\\\/person\\\/06bf09e43d46846c087701ec99ac8412\",\"name\":\"Katharina Kandt\",\"image\":{\"@type\":\"ImageObject\",\"inLanguage\":\"en-US\",\"@id\":\"https:\\\/\\\/secure.gravatar.com\\\/avatar\\\/5e28c19bf52d2ea02ca4d78c4548f4e118fe08e94744f59f7938769a04ae856e?s=96&d=mm&r=g\",\"url\":\"https:\\\/\\\/secure.gravatar.com\\\/avatar\\\/5e28c19bf52d2ea02ca4d78c4548f4e118fe08e94744f59f7938769a04ae856e?s=96&d=mm&r=g\",\"contentUrl\":\"https:\\\/\\\/secure.gravatar.com\\\/avatar\\\/5e28c19bf52d2ea02ca4d78c4548f4e118fe08e94744f59f7938769a04ae856e?s=96&d=mm&r=g\",\"caption\":\"Katharina Kandt\"},\"url\":\"https:\\\/\\\/www.un.org\\\/pga\\\/72\\\/author\\\/kandtun-org\\\/\"}]}<\/script>\n<!-- \/ Yoast SEO plugin. -->","yoast_head_json":{"title":"HIGHLIGHTS OF PRESS BRIEFING BY SPOKESPERSON \u2013 22 FEBRUARY 2018 - General Assembly of the United Nations","robots":{"index":"index","follow":"follow","max-snippet":"max-snippet:-1","max-image-preview":"max-image-preview:large","max-video-preview":"max-video-preview:-1"},"canonical":"https:\/\/www.un.org\/pga\/72\/2018\/02\/22\/highlights-of-press-briefing-by-spokesperson-22-february-2018\/","og_locale":"en_US","og_type":"article","og_title":"HIGHLIGHTS OF PRESS BRIEFING BY SPOKESPERSON \u2013 22 FEBRUARY 2018 - General Assembly of the United Nations","og_description":"Highlights of press briefing by spokesperson Brenden Varma \u2013 22 February 2018","og_url":"https:\/\/www.un.org\/pga\/72\/2018\/02\/22\/highlights-of-press-briefing-by-spokesperson-22-february-2018\/","og_site_name":"General Assembly of the United Nations","article_published_time":"2018-02-22T19:51:17+00:00","article_modified_time":"2018-06-18T22:59:24+00:00","author":"Katharina Kandt","twitter_card":"summary_large_image","twitter_misc":{"Written by":"Katharina Kandt","Est. reading time":"2 minutes"},"schema":{"@context":"https:\/\/schema.org","@graph":[{"@type":"Article","@id":"https:\/\/www.un.org\/pga\/72\/2018\/02\/22\/highlights-of-press-briefing-by-spokesperson-22-february-2018\/#article","isPartOf":{"@id":"https:\/\/www.un.org\/pga\/72\/2018\/02\/22\/highlights-of-press-briefing-by-spokesperson-22-february-2018\/"},"author":{"name":"Katharina Kandt","@id":"https:\/\/www.un.org\/pga\/72\/#\/schema\/person\/06bf09e43d46846c087701ec99ac8412"},"headline":"HIGHLIGHTS OF PRESS BRIEFING BY SPOKESPERSON \u2013 22 FEBRUARY 2018","datePublished":"2018-02-22T19:51:17+00:00","dateModified":"2018-06-18T22:59:24+00:00","mainEntityOfPage":{"@id":"https:\/\/www.un.org\/pga\/72\/2018\/02\/22\/highlights-of-press-briefing-by-spokesperson-22-february-2018\/"},"wordCount":406,"articleSection":["Spokesperson's Briefings"],"inLanguage":"en-US"},{"@type":"WebPage","@id":"https:\/\/www.un.org\/pga\/72\/2018\/02\/22\/highlights-of-press-briefing-by-spokesperson-22-february-2018\/","url":"https:\/\/www.un.org\/pga\/72\/2018\/02\/22\/highlights-of-press-briefing-by-spokesperson-22-february-2018\/","name":"HIGHLIGHTS OF PRESS BRIEFING BY SPOKESPERSON \u2013 22 FEBRUARY 2018 - General Assembly of the United Nations","isPartOf":{"@id":"https:\/\/www.un.org\/pga\/72\/#website"},"datePublished":"2018-02-22T19:51:17+00:00","dateModified":"2018-06-18T22:59:24+00:00","author":{"@id":"https:\/\/www.un.org\/pga\/72\/#\/schema\/person\/06bf09e43d46846c087701ec99ac8412"},"breadcrumb":{"@id":"https:\/\/www.un.org\/pga\/72\/2018\/02\/22\/highlights-of-press-briefing-by-spokesperson-22-february-2018\/#breadcrumb"},"inLanguage":"en-US","potentialAction":[{"@type":"ReadAction","target":["https:\/\/www.un.org\/pga\/72\/2018\/02\/22\/highlights-of-press-briefing-by-spokesperson-22-february-2018\/"]}]},{"@type":"BreadcrumbList","@id":"https:\/\/www.un.org\/pga\/72\/2018\/02\/22\/highlights-of-press-briefing-by-spokesperson-22-february-2018\/#breadcrumb","itemListElement":[{"@type":"ListItem","position":1,"name":"Home","item":"https:\/\/www.un.org\/pga\/72\/"},{"@type":"ListItem","position":2,"name":"HIGHLIGHTS OF PRESS BRIEFING BY SPOKESPERSON \u2013 22 FEBRUARY 2018"}]},{"@type":"WebSite","@id":"https:\/\/www.un.org\/pga\/72\/#website","url":"https:\/\/www.un.org\/pga\/72\/","name":"General Assembly of the United Nations","description":"President of the 72nd Session","potentialAction":[{"@type":"SearchAction","target":{"@type":"EntryPoint","urlTemplate":"https:\/\/www.un.org\/pga\/72\/?s={search_term_string}"},"query-input":{"@type":"PropertyValueSpecification","valueRequired":true,"valueName":"search_term_string"}}],"inLanguage":"en-US"},{"@type":"Person","@id":"https:\/\/www.un.org\/pga\/72\/#\/schema\/person\/06bf09e43d46846c087701ec99ac8412","name":"Katharina Kandt","image":{"@type":"ImageObject","inLanguage":"en-US","@id":"https:\/\/secure.gravatar.com\/avatar\/5e28c19bf52d2ea02ca4d78c4548f4e118fe08e94744f59f7938769a04ae856e?s=96&d=mm&r=g","url":"https:\/\/secure.gravatar.com\/avatar\/5e28c19bf52d2ea02ca4d78c4548f4e118fe08e94744f59f7938769a04ae856e?s=96&d=mm&r=g","contentUrl":"https:\/\/secure.gravatar.com\/avatar\/5e28c19bf52d2ea02ca4d78c4548f4e118fe08e94744f59f7938769a04ae856e?s=96&d=mm&r=g","caption":"Katharina Kandt"},"url":"https:\/\/www.un.org\/pga\/72\/author\/kandtun-org\/"}]}},"_links":{"self":[{"href":"https:\/\/www.un.org\/pga\/72\/wp-json\/wp\/v2\/posts\/139989","targetHints":{"allow":["GET"]}}],"collection":[{"href":"https:\/\/www.un.org\/pga\/72\/wp-json\/wp\/v2\/posts"}],"about":[{"href":"https:\/\/www.un.org\/pga\/72\/wp-json\/wp\/v2\/types\/post"}],"author":[{"embeddable":true,"href":"https:\/\/www.un.org\/pga\/72\/wp-json\/wp\/v2\/users\/202"}],"replies":[{"embeddable":true,"href":"https:\/\/www.un.org\/pga\/72\/wp-json\/wp\/v2\/comments?post=139989"}],"version-history":[{"count":0,"href":"https:\/\/www.un.org\/pga\/72\/wp-json\/wp\/v2\/posts\/139989\/revisions"}],"wp:attachment":[{"href":"https:\/\/www.un.org\/pga\/72\/wp-json\/wp\/v2\/media?parent=139989"}],"wp:term":[{"taxonomy":"category","embeddable":true,"href":"https:\/\/www.un.org\/pga\/72\/wp-json\/wp\/v2\/categories?post=139989"},{"taxonomy":"post_tag","embeddable":true,"href":"https:\/\/www.un.org\/pga\/72\/wp-json\/wp\/v2\/tags?post=139989"}],"curies":[{"name":"wp","href":"https:\/\/api.w.org\/{rel}","templated":true}]}}