  {"id":141709,"date":"2018-03-06T14:05:49","date_gmt":"2018-03-06T19:05:49","guid":{"rendered":"https:\/\/www.un.org\/pga\/72\/?p=141709"},"modified":"2018-06-18T18:57:10","modified_gmt":"2018-06-18T22:57:10","slug":"highlights-of-press-briefing-by-spokesperson-6-march-2018","status":"publish","type":"post","link":"https:\/\/www.un.org\/pga\/72\/2018\/03\/06\/highlights-of-press-briefing-by-spokesperson-6-march-2018\/","title":{"rendered":"Highlights of press briefing by spokesperson \u2013 6 March 2018"},"content":{"rendered":"<p>[et_pb_section bb_built=&#8221;1&#8243;][et_pb_row][et_pb_column type=&#8221;2_3&#8243;][et_pb_text _builder_version=&#8221;3.0.87&#8243; background_layout=&#8221;light&#8221; border_style=&#8221;solid&#8221;]<\/p>\n<h1><strong>HIGHLIGHTS OF PRESS BRIEFING BY BRENDEN VARMA,\u00a0<\/strong><strong>SPOKESPERSON FOR <\/strong><strong>GENERAL ASSEMBLY <\/strong><strong>PRESIDENT <\/strong><strong>MIROSLAV LAJ\u010c\u00c1K <\/strong><\/h1>\n<div class=\"post-meta vcard\">\n<p><strong>United Nations Headquarters, New York<\/strong><\/p>\n<p style=\"text-align: left\"><span class=\"updated\">6 March 2018<\/span><\/p>\n<p>&nbsp;<\/p>\n<\/div>\n<p>[\/et_pb_text][et_pb_text _builder_version=&#8221;3.0.87&#8243; background_layout=&#8221;light&#8221; border_style=&#8221;solid&#8221;]<\/p>\n<h3><strong>PRESIDENT TO CONVENE PEACEBUILDING RETREAT<\/strong><\/h3>\n<ul>\n<li>This afternoon, the President will convene a retreat on peacebuilding and sustaining peace. It will last until tomorrow. It is being organized in collaboration with the International Peace Institute and Dag Hammarskj\u00f6ld Foundation.<\/li>\n<li>This is part of his roadmap leading to the high-level meeting on peacebuilding and sustaining peace, which he will convene on 24 and 25 April in New York.<\/li>\n<li>The goal of the retreat is to discuss sustaining peace in practice with governments and international, regional and sub-regional organizations.<\/li>\n<\/ul>\n<h3><\/h3>\n<h3><strong>LATEST DRAFT ON MIGRATION COMPACT NOW AVAILABLE ONLINE<\/strong><\/h3>\n<ul>\n<li>Regarding the Global Compact on Safe, Orderly and Regular Migration, a \u201czero draft plus\u201d is now <a href=\"https:\/\/www.un.org\/pga\/72\/wp-content\/uploads\/sites\/51\/2018\/03\/Letter.pdf\">available online<\/a>.<\/li>\n<li>This latest draft of the world\u2019s first global compact on migration contains technical updates and clarifications.<\/li>\n<li>The second round of intergovernmental negotiations on the compact will start on Monday 12 March. The issues to be discussed will be: differentiation between irregular and regular; differentiation between migrants and refugees; implementation and capacity-building; and follow-up and review.<\/li>\n<\/ul>\n<h3><\/h3>\n<h3><strong>PRESIDENT CONGRATULATES TIMOR-LESTE FOR SIGNING HISTORIC TREATY WITH AUSTRALIA<\/strong><\/h3>\n<ul>\n<li>The President met this morning with E. Mr. Aur\u00e9lio S\u00e9rgio Crist\u00f3v\u00e3o Guterres, Minister for Foreign Affairs and Cooperation of the Democratic Republic of Timor-Leste.<\/li>\n<li>They discussed issues related to the region, sustaining peace and sustainable development.<\/li>\n<li>The President congratulated Timor-Leste on the signature of a historic treaty with Australia establishing permanent maritime boundaries in the Timor Sea.<\/li>\n<li>On sustaining peace, the President commended Timor-Leste as a good example of consolidation of democracy and peace. He looked forward to Mr. Xanana Gusmao\u2019s participation in the High-level Meeting on Peacebuilding and Sustaining Peace that he would convene in April.<\/li>\n<li>He also invited high-level representatives of Timor-Leste to attend his upcoming events on water, youth, and financing for development.<\/li>\n<\/ul>\n<p>&nbsp;<\/p>\n<h3><strong>PRESIDENT WORRIED BY MURDERS IN SLOVAKIA, CALLS FOR THOROUGH INVESTIGATION<\/strong><\/h3>\n<ul>\n<li>In response to questions, the Spokesperson said that the President has been closely following the situation in Slovakia and is worried.<\/li>\n<li>The President was deeply saddened to hear of the brutal murders of Slovak journalist J\u00e1n Kuciak and his partner Martina Ku\u0161n\u00edrov\u00e1.<\/li>\n<li>The President has called for a swift reaction and thorough investigation into the deaths of these two innocent people.<\/li>\n<li>He feels that no effort should be spared to bring the perpetrators to justice.<\/li>\n<li>He strongly believes that journalists must be protected and be free to work in a safe environment.<\/li>\n<\/ul>\n<p>[\/et_pb_text][\/et_pb_column][et_pb_column type=&#8221;1_3&#8243;][et_pb_code admin_label=&#8221;BrightCove Video ShortCode&#8221; _builder_version=&#8221;3.6&#8243;]\n<!-- iframe plugin v.6.0 wordpress.org\/plugins\/iframe\/ -->\n<iframe width=\"&quot;100%&quot;\" height=\"&quot;180&quot;\" src scrolling=\"yes\" class=\"iframe-class\" frameborder=\"0\"><\/iframe>\n&lt;!&#8211; [et_pb_line_break_holder] &#8211;&gt;[\/et_pb_code][\/et_pb_column][\/et_pb_row][\/et_pb_section]<\/p>\n","protected":false},"excerpt":{"rendered":"<p>Highlights of press briefing by spokesperson Brenden Varma \u2013 6 March 2018<\/p>\n","protected":false},"author":202,"featured_media":0,"comment_status":"closed","ping_status":"closed","sticky":false,"template":"","format":"standard","meta":{"_et_pb_use_builder":"on","_et_pb_old_content":"","_et_gb_content_width":"","footnotes":"","_links_to":"","_links_to_target":""},"categories":[232],"tags":[],"class_list":["post-141709","post","type-post","status-publish","format-standard","hentry","category-spokespersons-briefings","et-doesnt-have-format-content","et_post_format-et-post-format-standard"],"yoast_head":"<!-- This site is optimized with the Yoast SEO plugin v28.3 - https:\/\/yoast.com\/product\/yoast-seo-wordpress\/ -->\n<title>Highlights of press briefing by spokesperson \u2013 6 March 2018 - General Assembly of the United Nations<\/title>\n<meta name=\"robots\" content=\"index, follow, max-snippet:-1, max-image-preview:large, max-video-preview:-1\" \/>\n<link rel=\"canonical\" href=\"https:\/\/www.un.org\/pga\/72\/2018\/03\/06\/highlights-of-press-briefing-by-spokesperson-6-march-2018\/\" \/>\n<meta property=\"og:locale\" content=\"en_US\" \/>\n<meta property=\"og:type\" content=\"article\" \/>\n<meta property=\"og:title\" content=\"Highlights of press briefing by spokesperson \u2013 6 March 2018 - General Assembly of the United Nations\" \/>\n<meta property=\"og:description\" content=\"Highlights of press briefing by spokesperson Brenden Varma \u2013 6 March 2018\" \/>\n<meta property=\"og:url\" content=\"https:\/\/www.un.org\/pga\/72\/2018\/03\/06\/highlights-of-press-briefing-by-spokesperson-6-march-2018\/\" \/>\n<meta property=\"og:site_name\" content=\"General Assembly of the United Nations\" \/>\n<meta property=\"article:published_time\" content=\"2018-03-06T19:05:49+00:00\" \/>\n<meta property=\"article:modified_time\" content=\"2018-06-18T22:57:10+00:00\" \/>\n<meta name=\"author\" content=\"Katharina Kandt\" \/>\n<meta name=\"twitter:card\" content=\"summary_large_image\" \/>\n<meta name=\"twitter:label1\" content=\"Written by\" \/>\n\t<meta name=\"twitter:data1\" content=\"Katharina Kandt\" \/>\n\t<meta name=\"twitter:label2\" content=\"Est. reading time\" \/>\n\t<meta name=\"twitter:data2\" content=\"3 minutes\" \/>\n<script type=\"application\/ld+json\" class=\"yoast-schema-graph\">{\"@context\":\"https:\\\/\\\/schema.org\",\"@graph\":[{\"@type\":\"Article\",\"@id\":\"https:\\\/\\\/www.un.org\\\/pga\\\/72\\\/2018\\\/03\\\/06\\\/highlights-of-press-briefing-by-spokesperson-6-march-2018\\\/#article\",\"isPartOf\":{\"@id\":\"https:\\\/\\\/www.un.org\\\/pga\\\/72\\\/2018\\\/03\\\/06\\\/highlights-of-press-briefing-by-spokesperson-6-march-2018\\\/\"},\"author\":{\"name\":\"Katharina Kandt\",\"@id\":\"https:\\\/\\\/www.un.org\\\/pga\\\/72\\\/#\\\/schema\\\/person\\\/06bf09e43d46846c087701ec99ac8412\"},\"headline\":\"Highlights of press briefing by spokesperson \u2013 6 March 2018\",\"datePublished\":\"2018-03-06T19:05:49+00:00\",\"dateModified\":\"2018-06-18T22:57:10+00:00\",\"mainEntityOfPage\":{\"@id\":\"https:\\\/\\\/www.un.org\\\/pga\\\/72\\\/2018\\\/03\\\/06\\\/highlights-of-press-briefing-by-spokesperson-6-march-2018\\\/\"},\"wordCount\":530,\"articleSection\":[\"Spokesperson's Briefings\"],\"inLanguage\":\"en-US\"},{\"@type\":\"WebPage\",\"@id\":\"https:\\\/\\\/www.un.org\\\/pga\\\/72\\\/2018\\\/03\\\/06\\\/highlights-of-press-briefing-by-spokesperson-6-march-2018\\\/\",\"url\":\"https:\\\/\\\/www.un.org\\\/pga\\\/72\\\/2018\\\/03\\\/06\\\/highlights-of-press-briefing-by-spokesperson-6-march-2018\\\/\",\"name\":\"Highlights of press briefing by spokesperson \u2013 6 March 2018 - General Assembly of the United Nations\",\"isPartOf\":{\"@id\":\"https:\\\/\\\/www.un.org\\\/pga\\\/72\\\/#website\"},\"datePublished\":\"2018-03-06T19:05:49+00:00\",\"dateModified\":\"2018-06-18T22:57:10+00:00\",\"author\":{\"@id\":\"https:\\\/\\\/www.un.org\\\/pga\\\/72\\\/#\\\/schema\\\/person\\\/06bf09e43d46846c087701ec99ac8412\"},\"breadcrumb\":{\"@id\":\"https:\\\/\\\/www.un.org\\\/pga\\\/72\\\/2018\\\/03\\\/06\\\/highlights-of-press-briefing-by-spokesperson-6-march-2018\\\/#breadcrumb\"},\"inLanguage\":\"en-US\",\"potentialAction\":[{\"@type\":\"ReadAction\",\"target\":[\"https:\\\/\\\/www.un.org\\\/pga\\\/72\\\/2018\\\/03\\\/06\\\/highlights-of-press-briefing-by-spokesperson-6-march-2018\\\/\"]}]},{\"@type\":\"BreadcrumbList\",\"@id\":\"https:\\\/\\\/www.un.org\\\/pga\\\/72\\\/2018\\\/03\\\/06\\\/highlights-of-press-briefing-by-spokesperson-6-march-2018\\\/#breadcrumb\",\"itemListElement\":[{\"@type\":\"ListItem\",\"position\":1,\"name\":\"Home\",\"item\":\"https:\\\/\\\/www.un.org\\\/pga\\\/72\\\/\"},{\"@type\":\"ListItem\",\"position\":2,\"name\":\"Highlights of press briefing by spokesperson \u2013 6 March 2018\"}]},{\"@type\":\"WebSite\",\"@id\":\"https:\\\/\\\/www.un.org\\\/pga\\\/72\\\/#website\",\"url\":\"https:\\\/\\\/www.un.org\\\/pga\\\/72\\\/\",\"name\":\"General Assembly of the United Nations\",\"description\":\"President of the 72nd Session\",\"potentialAction\":[{\"@type\":\"SearchAction\",\"target\":{\"@type\":\"EntryPoint\",\"urlTemplate\":\"https:\\\/\\\/www.un.org\\\/pga\\\/72\\\/?s={search_term_string}\"},\"query-input\":{\"@type\":\"PropertyValueSpecification\",\"valueRequired\":true,\"valueName\":\"search_term_string\"}}],\"inLanguage\":\"en-US\"},{\"@type\":\"Person\",\"@id\":\"https:\\\/\\\/www.un.org\\\/pga\\\/72\\\/#\\\/schema\\\/person\\\/06bf09e43d46846c087701ec99ac8412\",\"name\":\"Katharina Kandt\",\"image\":{\"@type\":\"ImageObject\",\"inLanguage\":\"en-US\",\"@id\":\"https:\\\/\\\/secure.gravatar.com\\\/avatar\\\/5e28c19bf52d2ea02ca4d78c4548f4e118fe08e94744f59f7938769a04ae856e?s=96&d=mm&r=g\",\"url\":\"https:\\\/\\\/secure.gravatar.com\\\/avatar\\\/5e28c19bf52d2ea02ca4d78c4548f4e118fe08e94744f59f7938769a04ae856e?s=96&d=mm&r=g\",\"contentUrl\":\"https:\\\/\\\/secure.gravatar.com\\\/avatar\\\/5e28c19bf52d2ea02ca4d78c4548f4e118fe08e94744f59f7938769a04ae856e?s=96&d=mm&r=g\",\"caption\":\"Katharina Kandt\"},\"url\":\"https:\\\/\\\/www.un.org\\\/pga\\\/72\\\/author\\\/kandtun-org\\\/\"}]}<\/script>\n<!-- \/ Yoast SEO plugin. -->","yoast_head_json":{"title":"Highlights of press briefing by spokesperson \u2013 6 March 2018 - General Assembly of the United Nations","robots":{"index":"index","follow":"follow","max-snippet":"max-snippet:-1","max-image-preview":"max-image-preview:large","max-video-preview":"max-video-preview:-1"},"canonical":"https:\/\/www.un.org\/pga\/72\/2018\/03\/06\/highlights-of-press-briefing-by-spokesperson-6-march-2018\/","og_locale":"en_US","og_type":"article","og_title":"Highlights of press briefing by spokesperson \u2013 6 March 2018 - General Assembly of the United Nations","og_description":"Highlights of press briefing by spokesperson Brenden Varma \u2013 6 March 2018","og_url":"https:\/\/www.un.org\/pga\/72\/2018\/03\/06\/highlights-of-press-briefing-by-spokesperson-6-march-2018\/","og_site_name":"General Assembly of the United Nations","article_published_time":"2018-03-06T19:05:49+00:00","article_modified_time":"2018-06-18T22:57:10+00:00","author":"Katharina Kandt","twitter_card":"summary_large_image","twitter_misc":{"Written by":"Katharina Kandt","Est. reading time":"3 minutes"},"schema":{"@context":"https:\/\/schema.org","@graph":[{"@type":"Article","@id":"https:\/\/www.un.org\/pga\/72\/2018\/03\/06\/highlights-of-press-briefing-by-spokesperson-6-march-2018\/#article","isPartOf":{"@id":"https:\/\/www.un.org\/pga\/72\/2018\/03\/06\/highlights-of-press-briefing-by-spokesperson-6-march-2018\/"},"author":{"name":"Katharina Kandt","@id":"https:\/\/www.un.org\/pga\/72\/#\/schema\/person\/06bf09e43d46846c087701ec99ac8412"},"headline":"Highlights of press briefing by spokesperson \u2013 6 March 2018","datePublished":"2018-03-06T19:05:49+00:00","dateModified":"2018-06-18T22:57:10+00:00","mainEntityOfPage":{"@id":"https:\/\/www.un.org\/pga\/72\/2018\/03\/06\/highlights-of-press-briefing-by-spokesperson-6-march-2018\/"},"wordCount":530,"articleSection":["Spokesperson's Briefings"],"inLanguage":"en-US"},{"@type":"WebPage","@id":"https:\/\/www.un.org\/pga\/72\/2018\/03\/06\/highlights-of-press-briefing-by-spokesperson-6-march-2018\/","url":"https:\/\/www.un.org\/pga\/72\/2018\/03\/06\/highlights-of-press-briefing-by-spokesperson-6-march-2018\/","name":"Highlights of press briefing by spokesperson \u2013 6 March 2018 - General Assembly of the United Nations","isPartOf":{"@id":"https:\/\/www.un.org\/pga\/72\/#website"},"datePublished":"2018-03-06T19:05:49+00:00","dateModified":"2018-06-18T22:57:10+00:00","author":{"@id":"https:\/\/www.un.org\/pga\/72\/#\/schema\/person\/06bf09e43d46846c087701ec99ac8412"},"breadcrumb":{"@id":"https:\/\/www.un.org\/pga\/72\/2018\/03\/06\/highlights-of-press-briefing-by-spokesperson-6-march-2018\/#breadcrumb"},"inLanguage":"en-US","potentialAction":[{"@type":"ReadAction","target":["https:\/\/www.un.org\/pga\/72\/2018\/03\/06\/highlights-of-press-briefing-by-spokesperson-6-march-2018\/"]}]},{"@type":"BreadcrumbList","@id":"https:\/\/www.un.org\/pga\/72\/2018\/03\/06\/highlights-of-press-briefing-by-spokesperson-6-march-2018\/#breadcrumb","itemListElement":[{"@type":"ListItem","position":1,"name":"Home","item":"https:\/\/www.un.org\/pga\/72\/"},{"@type":"ListItem","position":2,"name":"Highlights of press briefing by spokesperson \u2013 6 March 2018"}]},{"@type":"WebSite","@id":"https:\/\/www.un.org\/pga\/72\/#website","url":"https:\/\/www.un.org\/pga\/72\/","name":"General Assembly of the United Nations","description":"President of the 72nd Session","potentialAction":[{"@type":"SearchAction","target":{"@type":"EntryPoint","urlTemplate":"https:\/\/www.un.org\/pga\/72\/?s={search_term_string}"},"query-input":{"@type":"PropertyValueSpecification","valueRequired":true,"valueName":"search_term_string"}}],"inLanguage":"en-US"},{"@type":"Person","@id":"https:\/\/www.un.org\/pga\/72\/#\/schema\/person\/06bf09e43d46846c087701ec99ac8412","name":"Katharina Kandt","image":{"@type":"ImageObject","inLanguage":"en-US","@id":"https:\/\/secure.gravatar.com\/avatar\/5e28c19bf52d2ea02ca4d78c4548f4e118fe08e94744f59f7938769a04ae856e?s=96&d=mm&r=g","url":"https:\/\/secure.gravatar.com\/avatar\/5e28c19bf52d2ea02ca4d78c4548f4e118fe08e94744f59f7938769a04ae856e?s=96&d=mm&r=g","contentUrl":"https:\/\/secure.gravatar.com\/avatar\/5e28c19bf52d2ea02ca4d78c4548f4e118fe08e94744f59f7938769a04ae856e?s=96&d=mm&r=g","caption":"Katharina Kandt"},"url":"https:\/\/www.un.org\/pga\/72\/author\/kandtun-org\/"}]}},"_links":{"self":[{"href":"https:\/\/www.un.org\/pga\/72\/wp-json\/wp\/v2\/posts\/141709","targetHints":{"allow":["GET"]}}],"collection":[{"href":"https:\/\/www.un.org\/pga\/72\/wp-json\/wp\/v2\/posts"}],"about":[{"href":"https:\/\/www.un.org\/pga\/72\/wp-json\/wp\/v2\/types\/post"}],"author":[{"embeddable":true,"href":"https:\/\/www.un.org\/pga\/72\/wp-json\/wp\/v2\/users\/202"}],"replies":[{"embeddable":true,"href":"https:\/\/www.un.org\/pga\/72\/wp-json\/wp\/v2\/comments?post=141709"}],"version-history":[{"count":0,"href":"https:\/\/www.un.org\/pga\/72\/wp-json\/wp\/v2\/posts\/141709\/revisions"}],"wp:attachment":[{"href":"https:\/\/www.un.org\/pga\/72\/wp-json\/wp\/v2\/media?parent=141709"}],"wp:term":[{"taxonomy":"category","embeddable":true,"href":"https:\/\/www.un.org\/pga\/72\/wp-json\/wp\/v2\/categories?post=141709"},{"taxonomy":"post_tag","embeddable":true,"href":"https:\/\/www.un.org\/pga\/72\/wp-json\/wp\/v2\/tags?post=141709"}],"curies":[{"name":"wp","href":"https:\/\/api.w.org\/{rel}","templated":true}]}}