  {"id":141721,"date":"2018-03-06T16:55:28","date_gmt":"2018-03-06T21:55:28","guid":{"rendered":"https:\/\/www.un.org\/pga\/72\/?p=141721"},"modified":"2018-03-13T10:42:14","modified_gmt":"2018-03-13T14:42:14","slug":"readout-of-the-president-of-the-general-assemblys-meeting-with-the-minister-for-foreign-affairs-and-cooperation-of-the-democratic-republic-of-timor-leste","status":"publish","type":"post","link":"https:\/\/www.un.org\/pga\/72\/2018\/03\/06\/readout-of-the-president-of-the-general-assemblys-meeting-with-the-minister-for-foreign-affairs-and-cooperation-of-the-democratic-republic-of-timor-leste\/","title":{"rendered":"Readout of the President of the General Assembly\u2019s meeting with the Minister for Foreign Affairs and Cooperation of the Democratic Republic of Timor-Leste"},"content":{"rendered":"<p>[et_pb_section bb_built=&#8221;1&#8243;][et_pb_row][et_pb_column type=&#8221;4_4&#8243;][et_pb_text _builder_version=&#8221;3.0.87&#8243; background_layout=&#8221;light&#8221; border_style=&#8221;solid&#8221; background_position=&#8221;top_left&#8221; background_repeat=&#8221;repeat&#8221; background_size=&#8221;initial&#8221;]<\/p>\n<p>The President of the 72nd session of the General Assembly, H.E. Mr. Miroslav Laj\u010d\u00e1k, met today with H.E. Mr. Aur\u00e9lio S\u00e9rgio Crist\u00f3v\u00e3o Guterres, Minister for Foreign Affairs and Cooperation of the Democratic Republic of Timor-Leste. They discussed issues related to the region, sustaining peace and sustainable development. The President congratulated Timor-Leste on the signature of a historic treaty establishing permanent maritime boundaries with Australia in the Timor Sea. On sustaining peace, the President commended Timor-Leste as a good example of consolidation of democracy and peace and looked forward to Mr. Xanana Gusmao\u2019s participation in the High-level Meeting on Peacebuilding and Sustaining Peace that he would convene on 24 and 25 April in New York. He congratulated the Minister on the Conference on the 2030 Agenda for Fragile and Conflicted-affected States held last May in Dili and invited high-level representatives of Timor-Leste to attend his upcoming events on the Sustainable Development Goals, particularly the Youth Dialogue.<\/p>\n<p>[\/et_pb_text][\/et_pb_column][\/et_pb_row][\/et_pb_section]<\/p>\n","protected":false},"excerpt":{"rendered":"<p>Readout of the President of the General Assembly\u2019s meeting with the Minister for Foreign Affairs and Cooperation of the Democratic Republic of Timor-Leste<\/p>\n","protected":false},"author":202,"featured_media":142653,"comment_status":"closed","ping_status":"closed","sticky":false,"template":"","format":"standard","meta":{"_et_pb_use_builder":"","_et_pb_old_content":"","_et_gb_content_width":"","footnotes":"","_links_to":"","_links_to_target":""},"categories":[69,325],"tags":[],"class_list":["post-141721","post","type-post","status-publish","format-standard","has-post-thumbnail","hentry","category-blog","category-readout","et-has-post-format-content","et_post_format-et-post-format-standard"],"yoast_head":"<!-- This site is optimized with the Yoast SEO plugin v28.3 - https:\/\/yoast.com\/product\/yoast-seo-wordpress\/ -->\n<title>Readout of the President of the General Assembly\u2019s meeting with the Minister for Foreign Affairs and Cooperation of the Democratic Republic of Timor-Leste - General Assembly of the United Nations<\/title>\n<meta name=\"robots\" content=\"index, follow, max-snippet:-1, max-image-preview:large, max-video-preview:-1\" \/>\n<link rel=\"canonical\" href=\"https:\/\/www.un.org\/pga\/72\/2018\/03\/06\/readout-of-the-president-of-the-general-assemblys-meeting-with-the-minister-for-foreign-affairs-and-cooperation-of-the-democratic-republic-of-timor-leste\/\" \/>\n<meta property=\"og:locale\" content=\"en_US\" \/>\n<meta property=\"og:type\" content=\"article\" \/>\n<meta property=\"og:title\" content=\"Readout of the President of the General Assembly\u2019s meeting with the Minister for Foreign Affairs and Cooperation of the Democratic Republic of Timor-Leste - General Assembly of the United Nations\" \/>\n<meta property=\"og:description\" content=\"Readout of the President of the General Assembly\u2019s meeting with the Minister for Foreign Affairs and Cooperation of the Democratic Republic of Timor-Leste\" \/>\n<meta property=\"og:url\" content=\"https:\/\/www.un.org\/pga\/72\/2018\/03\/06\/readout-of-the-president-of-the-general-assemblys-meeting-with-the-minister-for-foreign-affairs-and-cooperation-of-the-democratic-republic-of-timor-leste\/\" \/>\n<meta property=\"og:site_name\" content=\"General Assembly of the United Nations\" \/>\n<meta property=\"article:published_time\" content=\"2018-03-06T21:55:28+00:00\" \/>\n<meta property=\"article:modified_time\" content=\"2018-03-13T14:42:14+00:00\" \/>\n<meta property=\"og:image\" content=\"https:\/\/www.un.org\/pga\/wp-content\/uploads\/sites\/51\/2018\/03\/DSC04176-edit-Copy-2-e1520951859610.jpg\" \/>\n\t<meta property=\"og:image:width\" content=\"1500\" \/>\n\t<meta property=\"og:image:height\" content=\"901\" \/>\n\t<meta property=\"og:image:type\" content=\"image\/jpeg\" \/>\n<meta name=\"author\" content=\"Katharina Kandt\" \/>\n<meta name=\"twitter:card\" content=\"summary_large_image\" \/>\n<meta name=\"twitter:label1\" content=\"Written by\" \/>\n\t<meta name=\"twitter:data1\" content=\"Katharina Kandt\" \/>\n\t<meta name=\"twitter:label2\" content=\"Est. reading time\" \/>\n\t<meta name=\"twitter:data2\" content=\"1 minute\" \/>\n<script type=\"application\/ld+json\" class=\"yoast-schema-graph\">{\"@context\":\"https:\\\/\\\/schema.org\",\"@graph\":[{\"@type\":\"Article\",\"@id\":\"https:\\\/\\\/www.un.org\\\/pga\\\/72\\\/2018\\\/03\\\/06\\\/readout-of-the-president-of-the-general-assemblys-meeting-with-the-minister-for-foreign-affairs-and-cooperation-of-the-democratic-republic-of-timor-leste\\\/#article\",\"isPartOf\":{\"@id\":\"https:\\\/\\\/www.un.org\\\/pga\\\/72\\\/2018\\\/03\\\/06\\\/readout-of-the-president-of-the-general-assemblys-meeting-with-the-minister-for-foreign-affairs-and-cooperation-of-the-democratic-republic-of-timor-leste\\\/\"},\"author\":{\"name\":\"Katharina Kandt\",\"@id\":\"https:\\\/\\\/www.un.org\\\/pga\\\/72\\\/#\\\/schema\\\/person\\\/06bf09e43d46846c087701ec99ac8412\"},\"headline\":\"Readout of the President of the General Assembly\u2019s meeting with the Minister for Foreign Affairs and Cooperation of the Democratic Republic of Timor-Leste\",\"datePublished\":\"2018-03-06T21:55:28+00:00\",\"dateModified\":\"2018-03-13T14:42:14+00:00\",\"mainEntityOfPage\":{\"@id\":\"https:\\\/\\\/www.un.org\\\/pga\\\/72\\\/2018\\\/03\\\/06\\\/readout-of-the-president-of-the-general-assemblys-meeting-with-the-minister-for-foreign-affairs-and-cooperation-of-the-democratic-republic-of-timor-leste\\\/\"},\"wordCount\":229,\"image\":{\"@id\":\"https:\\\/\\\/www.un.org\\\/pga\\\/72\\\/2018\\\/03\\\/06\\\/readout-of-the-president-of-the-general-assemblys-meeting-with-the-minister-for-foreign-affairs-and-cooperation-of-the-democratic-republic-of-timor-leste\\\/#primaryimage\"},\"thumbnailUrl\":\"https:\\\/\\\/www.un.org\\\/pga\\\/wp-content\\\/uploads\\\/sites\\\/51\\\/2018\\\/03\\\/DSC04176-edit-Copy-2-e1520951859610.jpg\",\"articleSection\":[\"Blog\",\"Readout\"],\"inLanguage\":\"en-US\"},{\"@type\":\"WebPage\",\"@id\":\"https:\\\/\\\/www.un.org\\\/pga\\\/72\\\/2018\\\/03\\\/06\\\/readout-of-the-president-of-the-general-assemblys-meeting-with-the-minister-for-foreign-affairs-and-cooperation-of-the-democratic-republic-of-timor-leste\\\/\",\"url\":\"https:\\\/\\\/www.un.org\\\/pga\\\/72\\\/2018\\\/03\\\/06\\\/readout-of-the-president-of-the-general-assemblys-meeting-with-the-minister-for-foreign-affairs-and-cooperation-of-the-democratic-republic-of-timor-leste\\\/\",\"name\":\"Readout of the President of the General Assembly\u2019s meeting with the Minister for Foreign Affairs and Cooperation of the Democratic Republic of Timor-Leste - General Assembly of the United Nations\",\"isPartOf\":{\"@id\":\"https:\\\/\\\/www.un.org\\\/pga\\\/72\\\/#website\"},\"primaryImageOfPage\":{\"@id\":\"https:\\\/\\\/www.un.org\\\/pga\\\/72\\\/2018\\\/03\\\/06\\\/readout-of-the-president-of-the-general-assemblys-meeting-with-the-minister-for-foreign-affairs-and-cooperation-of-the-democratic-republic-of-timor-leste\\\/#primaryimage\"},\"image\":{\"@id\":\"https:\\\/\\\/www.un.org\\\/pga\\\/72\\\/2018\\\/03\\\/06\\\/readout-of-the-president-of-the-general-assemblys-meeting-with-the-minister-for-foreign-affairs-and-cooperation-of-the-democratic-republic-of-timor-leste\\\/#primaryimage\"},\"thumbnailUrl\":\"https:\\\/\\\/www.un.org\\\/pga\\\/wp-content\\\/uploads\\\/sites\\\/51\\\/2018\\\/03\\\/DSC04176-edit-Copy-2-e1520951859610.jpg\",\"datePublished\":\"2018-03-06T21:55:28+00:00\",\"dateModified\":\"2018-03-13T14:42:14+00:00\",\"author\":{\"@id\":\"https:\\\/\\\/www.un.org\\\/pga\\\/72\\\/#\\\/schema\\\/person\\\/06bf09e43d46846c087701ec99ac8412\"},\"breadcrumb\":{\"@id\":\"https:\\\/\\\/www.un.org\\\/pga\\\/72\\\/2018\\\/03\\\/06\\\/readout-of-the-president-of-the-general-assemblys-meeting-with-the-minister-for-foreign-affairs-and-cooperation-of-the-democratic-republic-of-timor-leste\\\/#breadcrumb\"},\"inLanguage\":\"en-US\",\"potentialAction\":[{\"@type\":\"ReadAction\",\"target\":[\"https:\\\/\\\/www.un.org\\\/pga\\\/72\\\/2018\\\/03\\\/06\\\/readout-of-the-president-of-the-general-assemblys-meeting-with-the-minister-for-foreign-affairs-and-cooperation-of-the-democratic-republic-of-timor-leste\\\/\"]}]},{\"@type\":\"ImageObject\",\"inLanguage\":\"en-US\",\"@id\":\"https:\\\/\\\/www.un.org\\\/pga\\\/72\\\/2018\\\/03\\\/06\\\/readout-of-the-president-of-the-general-assemblys-meeting-with-the-minister-for-foreign-affairs-and-cooperation-of-the-democratic-republic-of-timor-leste\\\/#primaryimage\",\"url\":\"https:\\\/\\\/www.un.org\\\/pga\\\/wp-content\\\/uploads\\\/sites\\\/51\\\/2018\\\/03\\\/DSC04176-edit-Copy-2-e1520951859610.jpg\",\"contentUrl\":\"https:\\\/\\\/www.un.org\\\/pga\\\/wp-content\\\/uploads\\\/sites\\\/51\\\/2018\\\/03\\\/DSC04176-edit-Copy-2-e1520951859610.jpg\",\"width\":1500,\"height\":901},{\"@type\":\"BreadcrumbList\",\"@id\":\"https:\\\/\\\/www.un.org\\\/pga\\\/72\\\/2018\\\/03\\\/06\\\/readout-of-the-president-of-the-general-assemblys-meeting-with-the-minister-for-foreign-affairs-and-cooperation-of-the-democratic-republic-of-timor-leste\\\/#breadcrumb\",\"itemListElement\":[{\"@type\":\"ListItem\",\"position\":1,\"name\":\"Home\",\"item\":\"https:\\\/\\\/www.un.org\\\/pga\\\/72\\\/\"},{\"@type\":\"ListItem\",\"position\":2,\"name\":\"Readout of the President of the General Assembly\u2019s meeting with the Minister for Foreign Affairs and Cooperation of the Democratic Republic of Timor-Leste\"}]},{\"@type\":\"WebSite\",\"@id\":\"https:\\\/\\\/www.un.org\\\/pga\\\/72\\\/#website\",\"url\":\"https:\\\/\\\/www.un.org\\\/pga\\\/72\\\/\",\"name\":\"General Assembly of the United Nations\",\"description\":\"President of the 72nd Session\",\"potentialAction\":[{\"@type\":\"SearchAction\",\"target\":{\"@type\":\"EntryPoint\",\"urlTemplate\":\"https:\\\/\\\/www.un.org\\\/pga\\\/72\\\/?s={search_term_string}\"},\"query-input\":{\"@type\":\"PropertyValueSpecification\",\"valueRequired\":true,\"valueName\":\"search_term_string\"}}],\"inLanguage\":\"en-US\"},{\"@type\":\"Person\",\"@id\":\"https:\\\/\\\/www.un.org\\\/pga\\\/72\\\/#\\\/schema\\\/person\\\/06bf09e43d46846c087701ec99ac8412\",\"name\":\"Katharina Kandt\",\"image\":{\"@type\":\"ImageObject\",\"inLanguage\":\"en-US\",\"@id\":\"https:\\\/\\\/secure.gravatar.com\\\/avatar\\\/5e28c19bf52d2ea02ca4d78c4548f4e118fe08e94744f59f7938769a04ae856e?s=96&d=mm&r=g\",\"url\":\"https:\\\/\\\/secure.gravatar.com\\\/avatar\\\/5e28c19bf52d2ea02ca4d78c4548f4e118fe08e94744f59f7938769a04ae856e?s=96&d=mm&r=g\",\"contentUrl\":\"https:\\\/\\\/secure.gravatar.com\\\/avatar\\\/5e28c19bf52d2ea02ca4d78c4548f4e118fe08e94744f59f7938769a04ae856e?s=96&d=mm&r=g\",\"caption\":\"Katharina Kandt\"},\"url\":\"https:\\\/\\\/www.un.org\\\/pga\\\/72\\\/author\\\/kandtun-org\\\/\"}]}<\/script>\n<!-- \/ Yoast SEO plugin. -->","yoast_head_json":{"title":"Readout of the President of the General Assembly\u2019s meeting with the Minister for Foreign Affairs and Cooperation of the Democratic Republic of Timor-Leste - General Assembly of the United Nations","robots":{"index":"index","follow":"follow","max-snippet":"max-snippet:-1","max-image-preview":"max-image-preview:large","max-video-preview":"max-video-preview:-1"},"canonical":"https:\/\/www.un.org\/pga\/72\/2018\/03\/06\/readout-of-the-president-of-the-general-assemblys-meeting-with-the-minister-for-foreign-affairs-and-cooperation-of-the-democratic-republic-of-timor-leste\/","og_locale":"en_US","og_type":"article","og_title":"Readout of the President of the General Assembly\u2019s meeting with the Minister for Foreign Affairs and Cooperation of the Democratic Republic of Timor-Leste - General Assembly of the United Nations","og_description":"Readout of the President of the General Assembly\u2019s meeting with the Minister for Foreign Affairs and Cooperation of the Democratic Republic of Timor-Leste","og_url":"https:\/\/www.un.org\/pga\/72\/2018\/03\/06\/readout-of-the-president-of-the-general-assemblys-meeting-with-the-minister-for-foreign-affairs-and-cooperation-of-the-democratic-republic-of-timor-leste\/","og_site_name":"General Assembly of the United Nations","article_published_time":"2018-03-06T21:55:28+00:00","article_modified_time":"2018-03-13T14:42:14+00:00","og_image":[{"width":1500,"height":901,"url":"https:\/\/www.un.org\/pga\/wp-content\/uploads\/sites\/51\/2018\/03\/DSC04176-edit-Copy-2-e1520951859610.jpg","type":"image\/jpeg"}],"author":"Katharina Kandt","twitter_card":"summary_large_image","twitter_misc":{"Written by":"Katharina Kandt","Est. reading time":"1 minute"},"schema":{"@context":"https:\/\/schema.org","@graph":[{"@type":"Article","@id":"https:\/\/www.un.org\/pga\/72\/2018\/03\/06\/readout-of-the-president-of-the-general-assemblys-meeting-with-the-minister-for-foreign-affairs-and-cooperation-of-the-democratic-republic-of-timor-leste\/#article","isPartOf":{"@id":"https:\/\/www.un.org\/pga\/72\/2018\/03\/06\/readout-of-the-president-of-the-general-assemblys-meeting-with-the-minister-for-foreign-affairs-and-cooperation-of-the-democratic-republic-of-timor-leste\/"},"author":{"name":"Katharina Kandt","@id":"https:\/\/www.un.org\/pga\/72\/#\/schema\/person\/06bf09e43d46846c087701ec99ac8412"},"headline":"Readout of the President of the General Assembly\u2019s meeting with the Minister for Foreign Affairs and Cooperation of the Democratic Republic of Timor-Leste","datePublished":"2018-03-06T21:55:28+00:00","dateModified":"2018-03-13T14:42:14+00:00","mainEntityOfPage":{"@id":"https:\/\/www.un.org\/pga\/72\/2018\/03\/06\/readout-of-the-president-of-the-general-assemblys-meeting-with-the-minister-for-foreign-affairs-and-cooperation-of-the-democratic-republic-of-timor-leste\/"},"wordCount":229,"image":{"@id":"https:\/\/www.un.org\/pga\/72\/2018\/03\/06\/readout-of-the-president-of-the-general-assemblys-meeting-with-the-minister-for-foreign-affairs-and-cooperation-of-the-democratic-republic-of-timor-leste\/#primaryimage"},"thumbnailUrl":"https:\/\/www.un.org\/pga\/wp-content\/uploads\/sites\/51\/2018\/03\/DSC04176-edit-Copy-2-e1520951859610.jpg","articleSection":["Blog","Readout"],"inLanguage":"en-US"},{"@type":"WebPage","@id":"https:\/\/www.un.org\/pga\/72\/2018\/03\/06\/readout-of-the-president-of-the-general-assemblys-meeting-with-the-minister-for-foreign-affairs-and-cooperation-of-the-democratic-republic-of-timor-leste\/","url":"https:\/\/www.un.org\/pga\/72\/2018\/03\/06\/readout-of-the-president-of-the-general-assemblys-meeting-with-the-minister-for-foreign-affairs-and-cooperation-of-the-democratic-republic-of-timor-leste\/","name":"Readout of the President of the General Assembly\u2019s meeting with the Minister for Foreign Affairs and Cooperation of the Democratic Republic of Timor-Leste - General Assembly of the United Nations","isPartOf":{"@id":"https:\/\/www.un.org\/pga\/72\/#website"},"primaryImageOfPage":{"@id":"https:\/\/www.un.org\/pga\/72\/2018\/03\/06\/readout-of-the-president-of-the-general-assemblys-meeting-with-the-minister-for-foreign-affairs-and-cooperation-of-the-democratic-republic-of-timor-leste\/#primaryimage"},"image":{"@id":"https:\/\/www.un.org\/pga\/72\/2018\/03\/06\/readout-of-the-president-of-the-general-assemblys-meeting-with-the-minister-for-foreign-affairs-and-cooperation-of-the-democratic-republic-of-timor-leste\/#primaryimage"},"thumbnailUrl":"https:\/\/www.un.org\/pga\/wp-content\/uploads\/sites\/51\/2018\/03\/DSC04176-edit-Copy-2-e1520951859610.jpg","datePublished":"2018-03-06T21:55:28+00:00","dateModified":"2018-03-13T14:42:14+00:00","author":{"@id":"https:\/\/www.un.org\/pga\/72\/#\/schema\/person\/06bf09e43d46846c087701ec99ac8412"},"breadcrumb":{"@id":"https:\/\/www.un.org\/pga\/72\/2018\/03\/06\/readout-of-the-president-of-the-general-assemblys-meeting-with-the-minister-for-foreign-affairs-and-cooperation-of-the-democratic-republic-of-timor-leste\/#breadcrumb"},"inLanguage":"en-US","potentialAction":[{"@type":"ReadAction","target":["https:\/\/www.un.org\/pga\/72\/2018\/03\/06\/readout-of-the-president-of-the-general-assemblys-meeting-with-the-minister-for-foreign-affairs-and-cooperation-of-the-democratic-republic-of-timor-leste\/"]}]},{"@type":"ImageObject","inLanguage":"en-US","@id":"https:\/\/www.un.org\/pga\/72\/2018\/03\/06\/readout-of-the-president-of-the-general-assemblys-meeting-with-the-minister-for-foreign-affairs-and-cooperation-of-the-democratic-republic-of-timor-leste\/#primaryimage","url":"https:\/\/www.un.org\/pga\/wp-content\/uploads\/sites\/51\/2018\/03\/DSC04176-edit-Copy-2-e1520951859610.jpg","contentUrl":"https:\/\/www.un.org\/pga\/wp-content\/uploads\/sites\/51\/2018\/03\/DSC04176-edit-Copy-2-e1520951859610.jpg","width":1500,"height":901},{"@type":"BreadcrumbList","@id":"https:\/\/www.un.org\/pga\/72\/2018\/03\/06\/readout-of-the-president-of-the-general-assemblys-meeting-with-the-minister-for-foreign-affairs-and-cooperation-of-the-democratic-republic-of-timor-leste\/#breadcrumb","itemListElement":[{"@type":"ListItem","position":1,"name":"Home","item":"https:\/\/www.un.org\/pga\/72\/"},{"@type":"ListItem","position":2,"name":"Readout of the President of the General Assembly\u2019s meeting with the Minister for Foreign Affairs and Cooperation of the Democratic Republic of Timor-Leste"}]},{"@type":"WebSite","@id":"https:\/\/www.un.org\/pga\/72\/#website","url":"https:\/\/www.un.org\/pga\/72\/","name":"General Assembly of the United Nations","description":"President of the 72nd Session","potentialAction":[{"@type":"SearchAction","target":{"@type":"EntryPoint","urlTemplate":"https:\/\/www.un.org\/pga\/72\/?s={search_term_string}"},"query-input":{"@type":"PropertyValueSpecification","valueRequired":true,"valueName":"search_term_string"}}],"inLanguage":"en-US"},{"@type":"Person","@id":"https:\/\/www.un.org\/pga\/72\/#\/schema\/person\/06bf09e43d46846c087701ec99ac8412","name":"Katharina Kandt","image":{"@type":"ImageObject","inLanguage":"en-US","@id":"https:\/\/secure.gravatar.com\/avatar\/5e28c19bf52d2ea02ca4d78c4548f4e118fe08e94744f59f7938769a04ae856e?s=96&d=mm&r=g","url":"https:\/\/secure.gravatar.com\/avatar\/5e28c19bf52d2ea02ca4d78c4548f4e118fe08e94744f59f7938769a04ae856e?s=96&d=mm&r=g","contentUrl":"https:\/\/secure.gravatar.com\/avatar\/5e28c19bf52d2ea02ca4d78c4548f4e118fe08e94744f59f7938769a04ae856e?s=96&d=mm&r=g","caption":"Katharina Kandt"},"url":"https:\/\/www.un.org\/pga\/72\/author\/kandtun-org\/"}]}},"_links":{"self":[{"href":"https:\/\/www.un.org\/pga\/72\/wp-json\/wp\/v2\/posts\/141721","targetHints":{"allow":["GET"]}}],"collection":[{"href":"https:\/\/www.un.org\/pga\/72\/wp-json\/wp\/v2\/posts"}],"about":[{"href":"https:\/\/www.un.org\/pga\/72\/wp-json\/wp\/v2\/types\/post"}],"author":[{"embeddable":true,"href":"https:\/\/www.un.org\/pga\/72\/wp-json\/wp\/v2\/users\/202"}],"replies":[{"embeddable":true,"href":"https:\/\/www.un.org\/pga\/72\/wp-json\/wp\/v2\/comments?post=141721"}],"version-history":[{"count":0,"href":"https:\/\/www.un.org\/pga\/72\/wp-json\/wp\/v2\/posts\/141721\/revisions"}],"wp:featuredmedia":[{"embeddable":true,"href":"https:\/\/www.un.org\/pga\/72\/wp-json\/wp\/v2\/media\/142653"}],"wp:attachment":[{"href":"https:\/\/www.un.org\/pga\/72\/wp-json\/wp\/v2\/media?parent=141721"}],"wp:term":[{"taxonomy":"category","embeddable":true,"href":"https:\/\/www.un.org\/pga\/72\/wp-json\/wp\/v2\/categories?post=141721"},{"taxonomy":"post_tag","embeddable":true,"href":"https:\/\/www.un.org\/pga\/72\/wp-json\/wp\/v2\/tags?post=141721"}],"curies":[{"name":"wp","href":"https:\/\/api.w.org\/{rel}","templated":true}]}}