  {"id":142869,"date":"2018-03-13T17:52:22","date_gmt":"2018-03-13T21:52:22","guid":{"rendered":"https:\/\/www.un.org\/pga\/72\/?p=142869"},"modified":"2018-06-18T18:54:48","modified_gmt":"2018-06-18T22:54:48","slug":"highlights-of-press-briefing-by-spokesperson-13-march-2018","status":"publish","type":"post","link":"https:\/\/www.un.org\/pga\/72\/2018\/03\/13\/highlights-of-press-briefing-by-spokesperson-13-march-2018\/","title":{"rendered":"Highlights of press briefing by spokesperson \u2013 13 March 2018"},"content":{"rendered":"<p>[et_pb_section bb_built=&#8221;1&#8243;][et_pb_row][et_pb_column type=&#8221;2_3&#8243;][et_pb_text _builder_version=&#8221;3.0.87&#8243; background_layout=&#8221;light&#8221; border_style=&#8221;solid&#8221;]<\/p>\n<h1><strong>HIGHLIGHTS OF PRESS BRIEFING BY BRENDEN VARMA,\u00a0<\/strong><strong>SPOKESPERSON FOR <\/strong><strong>GENERAL ASSEMBLY <\/strong><strong>PRESIDENT <\/strong><strong>MIROSLAV LAJ\u010c\u00c1K <\/strong><\/h1>\n<div class=\"post-meta vcard\">\n<p><strong>United Nations Headquarters, New York<\/strong><\/p>\n<p style=\"text-align: left\"><span class=\"updated\">13 March 2018<\/span><\/p>\n<p>&nbsp;<\/p>\n<\/div>\n<p>[\/et_pb_text][et_pb_text _builder_version=&#8221;3.0.87&#8243; background_layout=&#8221;light&#8221; border_style=&#8221;solid&#8221;]<\/p>\n<h3><strong>CLIMATE CHANGE &amp; GENDER DISCUSSED IN MEETING WITH MARSHALL ISLANDS PRESIDENT<\/strong><\/h3>\n<ul>\n<li>The President <a href=\"\/pga\/72?p=142837\">met this morning<\/a> with President Hilda Heine of the Marshall Islands.<\/li>\n<li>They discussed gender equality, water, climate change and the grant that the Marshall Islands recently received from the Green Climate Fund. They also spoke of the challenges faced by small States in accessing climate financing and participating at the United Nations.<\/li>\n<\/ul>\n<p>&nbsp;<\/p>\n<h3><strong>PRESIDENT HOSTS TWITTER CHAT ON INCLUSION OF WOMEN<\/strong><\/h3>\n<ul>\n<li>This morning the President held his fourth Twitter chat &#8212; as part of his outreach to young people.<\/li>\n<li>The topic this time was women and inclusion.<\/li>\n<\/ul>\n<p>&nbsp;<\/p>\n<h3><strong>WOMEN\u2019S ECONOMIC EMPOWERMENT BENEFITS US ALL<\/strong><\/h3>\n<ul>\n<li>This afternoon, the President will <a href=\"\/pga\/72?p=142801\">address<\/a> the Group of 77\u2019s High-Level Interactive Dialogue on \u201cInnovative Practices for the Financial Inclusion and Economic Empowerment of Women, Especially Rural Women\u201d.<\/li>\n<li>He is expected to say that economic empowerment of women is not, just, about women.<\/li>\n<li>If we see it that way, we will miss out on the bigger picture \u2013 because women\u2019s economic empowerment is good for us all.<\/li>\n<li>He also plans to call for laws, policies and partnerships to support and empower women.<\/li>\n<\/ul>\n<p>&nbsp;<\/p>\n<h3><strong>PRESIDENT EXPRESSES SUPPORT FOR Ä¢¹½ÊÓÆµRWA\u2019S VALUABLE WORK<\/strong><\/h3>\n<ul>\n<li>The Spokesperson was asked why the President was not attending an upcoming conference in support of the United Nations Relief and Works Agency for Palestine Refugees in the Near East (Ä¢¹½ÊÓÆµRWA), which was being held in Rome and organized by Egypt, Italy and Jordan.<\/li>\n<li>The Spokesperson responded that the President had repeatedly spoken out about the importance of Ä¢¹½ÊÓÆµRWA and the need for Ä¢¹½ÊÓÆµRWA to have the necessary funding to carry out its valuable work. Regarding this particular conference, the President had not been invited to attend.<\/li>\n<\/ul>\n<p>&nbsp;<\/p>\n<h3><strong>PRESIDENT\u2019S TRIP TO COLOMBIA TO FOCUS ON PEACEBUILDING<\/strong><\/h3>\n<ul>\n<li>Asked why the President was traveling to Colombia on 15 March, the Spokesperson said that peacebuilding and sustaining peace were big priorities for the President. In that regard, the President would be looking to hear Colombian perspectives on that theme. Those perspectives would be especially relevant given Colombia\u2019s experience with its peace process. They would also be valuable ahead of the President\u2019s high-level meeting on peacebuilding and sustaining peace, which he would be convening in April in New York.<\/li>\n<li>In Bogot\u00e1, the President was expected to meet with Colombian officials, including the President of the Republic, H.E. Mr. Juan Manuel Santos Calder\u00f3n, and the Minister for Foreign Affairs, H.E. Ms. Mar\u00eda \u00c1ngela Holgu\u00edn Cu\u00e9llar, as well as representatives of the United Nations Country Team and United Nations Verification Mission in Colombia. President Laj\u010d\u00e1k would also participate alongside President Santos in the launch of Colombia\u2019s national strategy for implementing the Sustainable Development Goals.<\/li>\n<li>The Spokesperson noted that the schedule was continuing to evolve. But as of now, the President was scheduled to visit a United Nations interagency project in western Colombia, which was working to support peace through strengthening food security and agricultural productive capacities of indigenous communities.<\/li>\n<\/ul>\n<p>[\/et_pb_text][\/et_pb_column][et_pb_column type=&#8221;1_3&#8243;][et_pb_code admin_label=&#8221;BrightCove Video ShortCode&#8221; _builder_version=&#8221;3.6&#8243;]\n<!-- iframe plugin v.6.0 wordpress.org\/plugins\/iframe\/ -->\n<iframe width=\"&quot;100%&quot;\" height=\"&quot;180&quot;\" src scrolling=\"yes\" class=\"iframe-class\" frameborder=\"0\"><\/iframe>\n&lt;!&#8211; [et_pb_line_break_holder] &#8211;&gt;[\/et_pb_code][\/et_pb_column][\/et_pb_row][\/et_pb_section]<\/p>\n","protected":false},"excerpt":{"rendered":"<p>Highlights of press briefing by spokesperson Brenden Varma \u2013 13 March 2018<\/p>\n","protected":false},"author":202,"featured_media":0,"comment_status":"closed","ping_status":"closed","sticky":false,"template":"","format":"standard","meta":{"_et_pb_use_builder":"on","_et_pb_old_content":"","_et_gb_content_width":"","footnotes":"","_links_to":"","_links_to_target":""},"categories":[232],"tags":[],"class_list":["post-142869","post","type-post","status-publish","format-standard","hentry","category-spokespersons-briefings","et-doesnt-have-format-content","et_post_format-et-post-format-standard"],"yoast_head":"<!-- This site is optimized with the Yoast SEO plugin v28.3 - https:\/\/yoast.com\/product\/yoast-seo-wordpress\/ -->\n<title>Highlights of press briefing by spokesperson \u2013 13 March 2018 - General Assembly of the United Nations<\/title>\n<meta name=\"robots\" content=\"index, follow, max-snippet:-1, max-image-preview:large, max-video-preview:-1\" \/>\n<link rel=\"canonical\" href=\"https:\/\/www.un.org\/pga\/72\/2018\/03\/13\/highlights-of-press-briefing-by-spokesperson-13-march-2018\/\" \/>\n<meta property=\"og:locale\" content=\"en_US\" \/>\n<meta property=\"og:type\" content=\"article\" \/>\n<meta property=\"og:title\" content=\"Highlights of press briefing by spokesperson \u2013 13 March 2018 - General Assembly of the United Nations\" \/>\n<meta property=\"og:description\" content=\"Highlights of press briefing by spokesperson Brenden Varma \u2013 13 March 2018\" \/>\n<meta property=\"og:url\" content=\"https:\/\/www.un.org\/pga\/72\/2018\/03\/13\/highlights-of-press-briefing-by-spokesperson-13-march-2018\/\" \/>\n<meta property=\"og:site_name\" content=\"General Assembly of the United Nations\" \/>\n<meta property=\"article:published_time\" content=\"2018-03-13T21:52:22+00:00\" \/>\n<meta property=\"article:modified_time\" content=\"2018-06-18T22:54:48+00:00\" \/>\n<meta name=\"author\" content=\"Katharina Kandt\" \/>\n<meta name=\"twitter:card\" content=\"summary_large_image\" \/>\n<meta name=\"twitter:label1\" content=\"Written by\" \/>\n\t<meta name=\"twitter:data1\" content=\"Katharina Kandt\" \/>\n\t<meta name=\"twitter:label2\" content=\"Est. reading time\" \/>\n\t<meta name=\"twitter:data2\" content=\"3 minutes\" \/>\n<script type=\"application\/ld+json\" class=\"yoast-schema-graph\">{\"@context\":\"https:\\\/\\\/schema.org\",\"@graph\":[{\"@type\":\"Article\",\"@id\":\"https:\\\/\\\/www.un.org\\\/pga\\\/72\\\/2018\\\/03\\\/13\\\/highlights-of-press-briefing-by-spokesperson-13-march-2018\\\/#article\",\"isPartOf\":{\"@id\":\"https:\\\/\\\/www.un.org\\\/pga\\\/72\\\/2018\\\/03\\\/13\\\/highlights-of-press-briefing-by-spokesperson-13-march-2018\\\/\"},\"author\":{\"name\":\"Katharina Kandt\",\"@id\":\"https:\\\/\\\/www.un.org\\\/pga\\\/72\\\/#\\\/schema\\\/person\\\/06bf09e43d46846c087701ec99ac8412\"},\"headline\":\"Highlights of press briefing by spokesperson \u2013 13 March 2018\",\"datePublished\":\"2018-03-13T21:52:22+00:00\",\"dateModified\":\"2018-06-18T22:54:48+00:00\",\"mainEntityOfPage\":{\"@id\":\"https:\\\/\\\/www.un.org\\\/pga\\\/72\\\/2018\\\/03\\\/13\\\/highlights-of-press-briefing-by-spokesperson-13-march-2018\\\/\"},\"wordCount\":630,\"articleSection\":[\"Spokesperson's Briefings\"],\"inLanguage\":\"en-US\"},{\"@type\":\"WebPage\",\"@id\":\"https:\\\/\\\/www.un.org\\\/pga\\\/72\\\/2018\\\/03\\\/13\\\/highlights-of-press-briefing-by-spokesperson-13-march-2018\\\/\",\"url\":\"https:\\\/\\\/www.un.org\\\/pga\\\/72\\\/2018\\\/03\\\/13\\\/highlights-of-press-briefing-by-spokesperson-13-march-2018\\\/\",\"name\":\"Highlights of press briefing by spokesperson \u2013 13 March 2018 - General Assembly of the United Nations\",\"isPartOf\":{\"@id\":\"https:\\\/\\\/www.un.org\\\/pga\\\/72\\\/#website\"},\"datePublished\":\"2018-03-13T21:52:22+00:00\",\"dateModified\":\"2018-06-18T22:54:48+00:00\",\"author\":{\"@id\":\"https:\\\/\\\/www.un.org\\\/pga\\\/72\\\/#\\\/schema\\\/person\\\/06bf09e43d46846c087701ec99ac8412\"},\"breadcrumb\":{\"@id\":\"https:\\\/\\\/www.un.org\\\/pga\\\/72\\\/2018\\\/03\\\/13\\\/highlights-of-press-briefing-by-spokesperson-13-march-2018\\\/#breadcrumb\"},\"inLanguage\":\"en-US\",\"potentialAction\":[{\"@type\":\"ReadAction\",\"target\":[\"https:\\\/\\\/www.un.org\\\/pga\\\/72\\\/2018\\\/03\\\/13\\\/highlights-of-press-briefing-by-spokesperson-13-march-2018\\\/\"]}]},{\"@type\":\"BreadcrumbList\",\"@id\":\"https:\\\/\\\/www.un.org\\\/pga\\\/72\\\/2018\\\/03\\\/13\\\/highlights-of-press-briefing-by-spokesperson-13-march-2018\\\/#breadcrumb\",\"itemListElement\":[{\"@type\":\"ListItem\",\"position\":1,\"name\":\"Home\",\"item\":\"https:\\\/\\\/www.un.org\\\/pga\\\/72\\\/\"},{\"@type\":\"ListItem\",\"position\":2,\"name\":\"Highlights of press briefing by spokesperson \u2013 13 March 2018\"}]},{\"@type\":\"WebSite\",\"@id\":\"https:\\\/\\\/www.un.org\\\/pga\\\/72\\\/#website\",\"url\":\"https:\\\/\\\/www.un.org\\\/pga\\\/72\\\/\",\"name\":\"General Assembly of the United Nations\",\"description\":\"President of the 72nd Session\",\"potentialAction\":[{\"@type\":\"SearchAction\",\"target\":{\"@type\":\"EntryPoint\",\"urlTemplate\":\"https:\\\/\\\/www.un.org\\\/pga\\\/72\\\/?s={search_term_string}\"},\"query-input\":{\"@type\":\"PropertyValueSpecification\",\"valueRequired\":true,\"valueName\":\"search_term_string\"}}],\"inLanguage\":\"en-US\"},{\"@type\":\"Person\",\"@id\":\"https:\\\/\\\/www.un.org\\\/pga\\\/72\\\/#\\\/schema\\\/person\\\/06bf09e43d46846c087701ec99ac8412\",\"name\":\"Katharina Kandt\",\"image\":{\"@type\":\"ImageObject\",\"inLanguage\":\"en-US\",\"@id\":\"https:\\\/\\\/secure.gravatar.com\\\/avatar\\\/5e28c19bf52d2ea02ca4d78c4548f4e118fe08e94744f59f7938769a04ae856e?s=96&d=mm&r=g\",\"url\":\"https:\\\/\\\/secure.gravatar.com\\\/avatar\\\/5e28c19bf52d2ea02ca4d78c4548f4e118fe08e94744f59f7938769a04ae856e?s=96&d=mm&r=g\",\"contentUrl\":\"https:\\\/\\\/secure.gravatar.com\\\/avatar\\\/5e28c19bf52d2ea02ca4d78c4548f4e118fe08e94744f59f7938769a04ae856e?s=96&d=mm&r=g\",\"caption\":\"Katharina Kandt\"},\"url\":\"https:\\\/\\\/www.un.org\\\/pga\\\/72\\\/author\\\/kandtun-org\\\/\"}]}<\/script>\n<!-- \/ Yoast SEO plugin. -->","yoast_head_json":{"title":"Highlights of press briefing by spokesperson \u2013 13 March 2018 - General Assembly of the United Nations","robots":{"index":"index","follow":"follow","max-snippet":"max-snippet:-1","max-image-preview":"max-image-preview:large","max-video-preview":"max-video-preview:-1"},"canonical":"https:\/\/www.un.org\/pga\/72\/2018\/03\/13\/highlights-of-press-briefing-by-spokesperson-13-march-2018\/","og_locale":"en_US","og_type":"article","og_title":"Highlights of press briefing by spokesperson \u2013 13 March 2018 - General Assembly of the United Nations","og_description":"Highlights of press briefing by spokesperson Brenden Varma \u2013 13 March 2018","og_url":"https:\/\/www.un.org\/pga\/72\/2018\/03\/13\/highlights-of-press-briefing-by-spokesperson-13-march-2018\/","og_site_name":"General Assembly of the United Nations","article_published_time":"2018-03-13T21:52:22+00:00","article_modified_time":"2018-06-18T22:54:48+00:00","author":"Katharina Kandt","twitter_card":"summary_large_image","twitter_misc":{"Written by":"Katharina Kandt","Est. reading time":"3 minutes"},"schema":{"@context":"https:\/\/schema.org","@graph":[{"@type":"Article","@id":"https:\/\/www.un.org\/pga\/72\/2018\/03\/13\/highlights-of-press-briefing-by-spokesperson-13-march-2018\/#article","isPartOf":{"@id":"https:\/\/www.un.org\/pga\/72\/2018\/03\/13\/highlights-of-press-briefing-by-spokesperson-13-march-2018\/"},"author":{"name":"Katharina Kandt","@id":"https:\/\/www.un.org\/pga\/72\/#\/schema\/person\/06bf09e43d46846c087701ec99ac8412"},"headline":"Highlights of press briefing by spokesperson \u2013 13 March 2018","datePublished":"2018-03-13T21:52:22+00:00","dateModified":"2018-06-18T22:54:48+00:00","mainEntityOfPage":{"@id":"https:\/\/www.un.org\/pga\/72\/2018\/03\/13\/highlights-of-press-briefing-by-spokesperson-13-march-2018\/"},"wordCount":630,"articleSection":["Spokesperson's Briefings"],"inLanguage":"en-US"},{"@type":"WebPage","@id":"https:\/\/www.un.org\/pga\/72\/2018\/03\/13\/highlights-of-press-briefing-by-spokesperson-13-march-2018\/","url":"https:\/\/www.un.org\/pga\/72\/2018\/03\/13\/highlights-of-press-briefing-by-spokesperson-13-march-2018\/","name":"Highlights of press briefing by spokesperson \u2013 13 March 2018 - General Assembly of the United Nations","isPartOf":{"@id":"https:\/\/www.un.org\/pga\/72\/#website"},"datePublished":"2018-03-13T21:52:22+00:00","dateModified":"2018-06-18T22:54:48+00:00","author":{"@id":"https:\/\/www.un.org\/pga\/72\/#\/schema\/person\/06bf09e43d46846c087701ec99ac8412"},"breadcrumb":{"@id":"https:\/\/www.un.org\/pga\/72\/2018\/03\/13\/highlights-of-press-briefing-by-spokesperson-13-march-2018\/#breadcrumb"},"inLanguage":"en-US","potentialAction":[{"@type":"ReadAction","target":["https:\/\/www.un.org\/pga\/72\/2018\/03\/13\/highlights-of-press-briefing-by-spokesperson-13-march-2018\/"]}]},{"@type":"BreadcrumbList","@id":"https:\/\/www.un.org\/pga\/72\/2018\/03\/13\/highlights-of-press-briefing-by-spokesperson-13-march-2018\/#breadcrumb","itemListElement":[{"@type":"ListItem","position":1,"name":"Home","item":"https:\/\/www.un.org\/pga\/72\/"},{"@type":"ListItem","position":2,"name":"Highlights of press briefing by spokesperson \u2013 13 March 2018"}]},{"@type":"WebSite","@id":"https:\/\/www.un.org\/pga\/72\/#website","url":"https:\/\/www.un.org\/pga\/72\/","name":"General Assembly of the United Nations","description":"President of the 72nd Session","potentialAction":[{"@type":"SearchAction","target":{"@type":"EntryPoint","urlTemplate":"https:\/\/www.un.org\/pga\/72\/?s={search_term_string}"},"query-input":{"@type":"PropertyValueSpecification","valueRequired":true,"valueName":"search_term_string"}}],"inLanguage":"en-US"},{"@type":"Person","@id":"https:\/\/www.un.org\/pga\/72\/#\/schema\/person\/06bf09e43d46846c087701ec99ac8412","name":"Katharina Kandt","image":{"@type":"ImageObject","inLanguage":"en-US","@id":"https:\/\/secure.gravatar.com\/avatar\/5e28c19bf52d2ea02ca4d78c4548f4e118fe08e94744f59f7938769a04ae856e?s=96&d=mm&r=g","url":"https:\/\/secure.gravatar.com\/avatar\/5e28c19bf52d2ea02ca4d78c4548f4e118fe08e94744f59f7938769a04ae856e?s=96&d=mm&r=g","contentUrl":"https:\/\/secure.gravatar.com\/avatar\/5e28c19bf52d2ea02ca4d78c4548f4e118fe08e94744f59f7938769a04ae856e?s=96&d=mm&r=g","caption":"Katharina Kandt"},"url":"https:\/\/www.un.org\/pga\/72\/author\/kandtun-org\/"}]}},"_links":{"self":[{"href":"https:\/\/www.un.org\/pga\/72\/wp-json\/wp\/v2\/posts\/142869","targetHints":{"allow":["GET"]}}],"collection":[{"href":"https:\/\/www.un.org\/pga\/72\/wp-json\/wp\/v2\/posts"}],"about":[{"href":"https:\/\/www.un.org\/pga\/72\/wp-json\/wp\/v2\/types\/post"}],"author":[{"embeddable":true,"href":"https:\/\/www.un.org\/pga\/72\/wp-json\/wp\/v2\/users\/202"}],"replies":[{"embeddable":true,"href":"https:\/\/www.un.org\/pga\/72\/wp-json\/wp\/v2\/comments?post=142869"}],"version-history":[{"count":0,"href":"https:\/\/www.un.org\/pga\/72\/wp-json\/wp\/v2\/posts\/142869\/revisions"}],"wp:attachment":[{"href":"https:\/\/www.un.org\/pga\/72\/wp-json\/wp\/v2\/media?parent=142869"}],"wp:term":[{"taxonomy":"category","embeddable":true,"href":"https:\/\/www.un.org\/pga\/72\/wp-json\/wp\/v2\/categories?post=142869"},{"taxonomy":"post_tag","embeddable":true,"href":"https:\/\/www.un.org\/pga\/72\/wp-json\/wp\/v2\/tags?post=142869"}],"curies":[{"name":"wp","href":"https:\/\/api.w.org\/{rel}","templated":true}]}}