  {"id":142893,"date":"2018-03-14T09:43:17","date_gmt":"2018-03-14T13:43:17","guid":{"rendered":"https:\/\/www.un.org\/pga\/72\/?p=142893"},"modified":"2018-03-14T09:43:17","modified_gmt":"2018-03-14T13:43:17","slug":"note-to-correspondents-assembly-president-to-travel-to-brazil-and-colombia","status":"publish","type":"post","link":"https:\/\/www.un.org\/pga\/72\/2018\/03\/14\/note-to-correspondents-assembly-president-to-travel-to-brazil-and-colombia\/","title":{"rendered":"NOTE TO CORRESPONDENTS: Assembly President to travel to Brazil and Colombia"},"content":{"rendered":"<p>[et_pb_section bb_built=&#8221;1&#8243;][et_pb_row][et_pb_column type=&#8221;4_4&#8243;][et_pb_text _builder_version=&#8221;3.0.87&#8243; background_layout=&#8221;light&#8221; border_style=&#8221;solid&#8221;]<\/p>\n<p style=\"text-align: right\"><strong>NOTE TO CORRESPONDENTS<\/strong><\/p>\n<p>&nbsp;<\/p>\n<p>&nbsp;<\/p>\n<h1 style=\"text-align: center\">ASSEMBLY PRESIDENT <strong>TO TRAVEL TO BRAZIL AND COLOMBIA<\/strong><\/h1>\n<div class=\"post-meta vcard\"><\/div>\n<p>[\/et_pb_text][et_pb_text _builder_version=&#8221;3.0.87&#8243; background_layout=&#8221;light&#8221; border_style=&#8221;solid&#8221;]<\/p>\n<p>&nbsp;<\/p>\n<p><strong>United Nations,<em> New York, 14 March 2018<\/em><\/strong> \u2013 The President of the 72nd session of the United Nations General Assembly, H.E. Mr. Miroslav Laj\u010d\u00e1k, will visit Colombia from 15 to 17 March, and Brazil from 18 to 19 March.<\/p>\n<p>In Bogot\u00e1, the President is expected to meet with Colombian officials, including the President of the Republic, H.E. Mr. Juan Manuel Santos Calder\u00f3n, and the Minister for Foreign Affairs, H.E. Ms. Mar\u00eda \u00c1ngela Holgu\u00edn Cu\u00e9llar, as well as representatives of the United Nations Country Team and United Nations Verification Mission in Colombia. President Laj\u010d\u00e1k will also participate alongside President Santos in the launch of Colombia\u2019s national strategy for implementing the Sustainable Development Goals.<\/p>\n<p>While in Colombia, the President will travel to the western part of the country to visit a United Nations interagency project, which works to build peace and support sustainable development through strengthening local leadership and food security.<\/p>\n<p>In Brasilia, the President will address the 8th World Water Forum. He is also expected to meet the President of the Federative Republic of Brazil, H.E. Mr. Michel Temer; the Minister for External Relations, H.E. Mr. Aloysio Nunes; and the United Nations Country Team.<\/p>\n<p>The President will travel to Colombia with his Special Assistant and Political Coordinator, Ms. Lenka Mih\u00e1likov\u00e1; his Spokesperson, Mr. Brenden Varma; and his Senior Adviser, Ms. Elif \u00c7al\u0131\u015fkan.<\/p>\n<p>In Brazil, the President will be accompanied by Ms. Mih\u00e1likov\u00e1; Mr. Varma; and his Senior Adviser, Mr. Mateus Luemba<\/p>\n<p>Travel costs will be covered by the Trust Fund of the Office of the President of the General Assembly.<\/p>\n<p>The President will be back in New York on 20 March.<\/p>\n<p>***<\/p>\n<p><strong>For media inquiries, please contact <\/strong><\/p>\n<p>Brenden Varma, Spokesperson for the President of the General Assembly, 1-212-963-7238, 1-347-556-3433, <a href=\"mailto:varmab@un.org\">varmab@un.org<\/a>.<\/p>\n<p>[\/et_pb_text][\/et_pb_column][\/et_pb_row][\/et_pb_section]<\/p>\n","protected":false},"excerpt":{"rendered":"<p>NOTE TO CORRESPONDENTS: Assembly President to travel to Brazil and Colombia<\/p>\n","protected":false},"author":202,"featured_media":0,"comment_status":"closed","ping_status":"closed","sticky":false,"template":"","format":"standard","meta":{"_et_pb_use_builder":"on","_et_pb_old_content":"","_et_gb_content_width":"","footnotes":"","_links_to":"","_links_to_target":""},"categories":[69,61],"tags":[],"class_list":["post-142893","post","type-post","status-publish","format-standard","hentry","category-blog","category-pressreleases","et-doesnt-have-format-content","et_post_format-et-post-format-standard"],"yoast_head":"<!-- This site is optimized with the Yoast SEO plugin v28.3 - https:\/\/yoast.com\/product\/yoast-seo-wordpress\/ -->\n<title>NOTE TO CORRESPONDENTS: Assembly President to travel to Brazil and Colombia - General Assembly of the United Nations<\/title>\n<meta name=\"robots\" content=\"index, follow, max-snippet:-1, max-image-preview:large, max-video-preview:-1\" \/>\n<link rel=\"canonical\" href=\"https:\/\/www.un.org\/pga\/72\/2018\/03\/14\/note-to-correspondents-assembly-president-to-travel-to-brazil-and-colombia\/\" \/>\n<meta property=\"og:locale\" content=\"en_US\" \/>\n<meta property=\"og:type\" content=\"article\" \/>\n<meta property=\"og:title\" content=\"NOTE TO CORRESPONDENTS: Assembly President to travel to Brazil and Colombia - General Assembly of the United Nations\" \/>\n<meta property=\"og:description\" content=\"NOTE TO CORRESPONDENTS: Assembly President to travel to Brazil and Colombia\" \/>\n<meta property=\"og:url\" content=\"https:\/\/www.un.org\/pga\/72\/2018\/03\/14\/note-to-correspondents-assembly-president-to-travel-to-brazil-and-colombia\/\" \/>\n<meta property=\"og:site_name\" content=\"General Assembly of the United Nations\" \/>\n<meta property=\"article:published_time\" content=\"2018-03-14T13:43:17+00:00\" \/>\n<meta name=\"author\" content=\"Katharina Kandt\" \/>\n<meta name=\"twitter:card\" content=\"summary_large_image\" \/>\n<meta name=\"twitter:label1\" content=\"Written by\" \/>\n\t<meta name=\"twitter:data1\" content=\"Katharina Kandt\" \/>\n\t<meta name=\"twitter:label2\" content=\"Est. reading time\" \/>\n\t<meta name=\"twitter:data2\" content=\"2 minutes\" \/>\n<script type=\"application\/ld+json\" class=\"yoast-schema-graph\">{\"@context\":\"https:\\\/\\\/schema.org\",\"@graph\":[{\"@type\":\"Article\",\"@id\":\"https:\\\/\\\/www.un.org\\\/pga\\\/72\\\/2018\\\/03\\\/14\\\/note-to-correspondents-assembly-president-to-travel-to-brazil-and-colombia\\\/#article\",\"isPartOf\":{\"@id\":\"https:\\\/\\\/www.un.org\\\/pga\\\/72\\\/2018\\\/03\\\/14\\\/note-to-correspondents-assembly-president-to-travel-to-brazil-and-colombia\\\/\"},\"author\":{\"name\":\"Katharina Kandt\",\"@id\":\"https:\\\/\\\/www.un.org\\\/pga\\\/72\\\/#\\\/schema\\\/person\\\/06bf09e43d46846c087701ec99ac8412\"},\"headline\":\"NOTE TO CORRESPONDENTS: Assembly President to travel to Brazil and Colombia\",\"datePublished\":\"2018-03-14T13:43:17+00:00\",\"mainEntityOfPage\":{\"@id\":\"https:\\\/\\\/www.un.org\\\/pga\\\/72\\\/2018\\\/03\\\/14\\\/note-to-correspondents-assembly-president-to-travel-to-brazil-and-colombia\\\/\"},\"wordCount\":375,\"articleSection\":[\"Blog\",\"Press Releases\"],\"inLanguage\":\"en-US\"},{\"@type\":\"WebPage\",\"@id\":\"https:\\\/\\\/www.un.org\\\/pga\\\/72\\\/2018\\\/03\\\/14\\\/note-to-correspondents-assembly-president-to-travel-to-brazil-and-colombia\\\/\",\"url\":\"https:\\\/\\\/www.un.org\\\/pga\\\/72\\\/2018\\\/03\\\/14\\\/note-to-correspondents-assembly-president-to-travel-to-brazil-and-colombia\\\/\",\"name\":\"NOTE TO CORRESPONDENTS: Assembly President to travel to Brazil and Colombia - General Assembly of the United Nations\",\"isPartOf\":{\"@id\":\"https:\\\/\\\/www.un.org\\\/pga\\\/72\\\/#website\"},\"datePublished\":\"2018-03-14T13:43:17+00:00\",\"author\":{\"@id\":\"https:\\\/\\\/www.un.org\\\/pga\\\/72\\\/#\\\/schema\\\/person\\\/06bf09e43d46846c087701ec99ac8412\"},\"breadcrumb\":{\"@id\":\"https:\\\/\\\/www.un.org\\\/pga\\\/72\\\/2018\\\/03\\\/14\\\/note-to-correspondents-assembly-president-to-travel-to-brazil-and-colombia\\\/#breadcrumb\"},\"inLanguage\":\"en-US\",\"potentialAction\":[{\"@type\":\"ReadAction\",\"target\":[\"https:\\\/\\\/www.un.org\\\/pga\\\/72\\\/2018\\\/03\\\/14\\\/note-to-correspondents-assembly-president-to-travel-to-brazil-and-colombia\\\/\"]}]},{\"@type\":\"BreadcrumbList\",\"@id\":\"https:\\\/\\\/www.un.org\\\/pga\\\/72\\\/2018\\\/03\\\/14\\\/note-to-correspondents-assembly-president-to-travel-to-brazil-and-colombia\\\/#breadcrumb\",\"itemListElement\":[{\"@type\":\"ListItem\",\"position\":1,\"name\":\"Home\",\"item\":\"https:\\\/\\\/www.un.org\\\/pga\\\/72\\\/\"},{\"@type\":\"ListItem\",\"position\":2,\"name\":\"NOTE TO CORRESPONDENTS: Assembly President to travel to Brazil and Colombia\"}]},{\"@type\":\"WebSite\",\"@id\":\"https:\\\/\\\/www.un.org\\\/pga\\\/72\\\/#website\",\"url\":\"https:\\\/\\\/www.un.org\\\/pga\\\/72\\\/\",\"name\":\"General Assembly of the United Nations\",\"description\":\"President of the 72nd Session\",\"potentialAction\":[{\"@type\":\"SearchAction\",\"target\":{\"@type\":\"EntryPoint\",\"urlTemplate\":\"https:\\\/\\\/www.un.org\\\/pga\\\/72\\\/?s={search_term_string}\"},\"query-input\":{\"@type\":\"PropertyValueSpecification\",\"valueRequired\":true,\"valueName\":\"search_term_string\"}}],\"inLanguage\":\"en-US\"},{\"@type\":\"Person\",\"@id\":\"https:\\\/\\\/www.un.org\\\/pga\\\/72\\\/#\\\/schema\\\/person\\\/06bf09e43d46846c087701ec99ac8412\",\"name\":\"Katharina Kandt\",\"image\":{\"@type\":\"ImageObject\",\"inLanguage\":\"en-US\",\"@id\":\"https:\\\/\\\/secure.gravatar.com\\\/avatar\\\/5e28c19bf52d2ea02ca4d78c4548f4e118fe08e94744f59f7938769a04ae856e?s=96&d=mm&r=g\",\"url\":\"https:\\\/\\\/secure.gravatar.com\\\/avatar\\\/5e28c19bf52d2ea02ca4d78c4548f4e118fe08e94744f59f7938769a04ae856e?s=96&d=mm&r=g\",\"contentUrl\":\"https:\\\/\\\/secure.gravatar.com\\\/avatar\\\/5e28c19bf52d2ea02ca4d78c4548f4e118fe08e94744f59f7938769a04ae856e?s=96&d=mm&r=g\",\"caption\":\"Katharina Kandt\"},\"url\":\"https:\\\/\\\/www.un.org\\\/pga\\\/72\\\/author\\\/kandtun-org\\\/\"}]}<\/script>\n<!-- \/ Yoast SEO plugin. -->","yoast_head_json":{"title":"NOTE TO CORRESPONDENTS: Assembly President to travel to Brazil and Colombia - General Assembly of the United Nations","robots":{"index":"index","follow":"follow","max-snippet":"max-snippet:-1","max-image-preview":"max-image-preview:large","max-video-preview":"max-video-preview:-1"},"canonical":"https:\/\/www.un.org\/pga\/72\/2018\/03\/14\/note-to-correspondents-assembly-president-to-travel-to-brazil-and-colombia\/","og_locale":"en_US","og_type":"article","og_title":"NOTE TO CORRESPONDENTS: Assembly President to travel to Brazil and Colombia - General Assembly of the United Nations","og_description":"NOTE TO CORRESPONDENTS: Assembly President to travel to Brazil and Colombia","og_url":"https:\/\/www.un.org\/pga\/72\/2018\/03\/14\/note-to-correspondents-assembly-president-to-travel-to-brazil-and-colombia\/","og_site_name":"General Assembly of the United Nations","article_published_time":"2018-03-14T13:43:17+00:00","author":"Katharina Kandt","twitter_card":"summary_large_image","twitter_misc":{"Written by":"Katharina Kandt","Est. reading time":"2 minutes"},"schema":{"@context":"https:\/\/schema.org","@graph":[{"@type":"Article","@id":"https:\/\/www.un.org\/pga\/72\/2018\/03\/14\/note-to-correspondents-assembly-president-to-travel-to-brazil-and-colombia\/#article","isPartOf":{"@id":"https:\/\/www.un.org\/pga\/72\/2018\/03\/14\/note-to-correspondents-assembly-president-to-travel-to-brazil-and-colombia\/"},"author":{"name":"Katharina Kandt","@id":"https:\/\/www.un.org\/pga\/72\/#\/schema\/person\/06bf09e43d46846c087701ec99ac8412"},"headline":"NOTE TO CORRESPONDENTS: Assembly President to travel to Brazil and Colombia","datePublished":"2018-03-14T13:43:17+00:00","mainEntityOfPage":{"@id":"https:\/\/www.un.org\/pga\/72\/2018\/03\/14\/note-to-correspondents-assembly-president-to-travel-to-brazil-and-colombia\/"},"wordCount":375,"articleSection":["Blog","Press Releases"],"inLanguage":"en-US"},{"@type":"WebPage","@id":"https:\/\/www.un.org\/pga\/72\/2018\/03\/14\/note-to-correspondents-assembly-president-to-travel-to-brazil-and-colombia\/","url":"https:\/\/www.un.org\/pga\/72\/2018\/03\/14\/note-to-correspondents-assembly-president-to-travel-to-brazil-and-colombia\/","name":"NOTE TO CORRESPONDENTS: Assembly President to travel to Brazil and Colombia - General Assembly of the United Nations","isPartOf":{"@id":"https:\/\/www.un.org\/pga\/72\/#website"},"datePublished":"2018-03-14T13:43:17+00:00","author":{"@id":"https:\/\/www.un.org\/pga\/72\/#\/schema\/person\/06bf09e43d46846c087701ec99ac8412"},"breadcrumb":{"@id":"https:\/\/www.un.org\/pga\/72\/2018\/03\/14\/note-to-correspondents-assembly-president-to-travel-to-brazil-and-colombia\/#breadcrumb"},"inLanguage":"en-US","potentialAction":[{"@type":"ReadAction","target":["https:\/\/www.un.org\/pga\/72\/2018\/03\/14\/note-to-correspondents-assembly-president-to-travel-to-brazil-and-colombia\/"]}]},{"@type":"BreadcrumbList","@id":"https:\/\/www.un.org\/pga\/72\/2018\/03\/14\/note-to-correspondents-assembly-president-to-travel-to-brazil-and-colombia\/#breadcrumb","itemListElement":[{"@type":"ListItem","position":1,"name":"Home","item":"https:\/\/www.un.org\/pga\/72\/"},{"@type":"ListItem","position":2,"name":"NOTE TO CORRESPONDENTS: Assembly President to travel to Brazil and Colombia"}]},{"@type":"WebSite","@id":"https:\/\/www.un.org\/pga\/72\/#website","url":"https:\/\/www.un.org\/pga\/72\/","name":"General Assembly of the United Nations","description":"President of the 72nd Session","potentialAction":[{"@type":"SearchAction","target":{"@type":"EntryPoint","urlTemplate":"https:\/\/www.un.org\/pga\/72\/?s={search_term_string}"},"query-input":{"@type":"PropertyValueSpecification","valueRequired":true,"valueName":"search_term_string"}}],"inLanguage":"en-US"},{"@type":"Person","@id":"https:\/\/www.un.org\/pga\/72\/#\/schema\/person\/06bf09e43d46846c087701ec99ac8412","name":"Katharina Kandt","image":{"@type":"ImageObject","inLanguage":"en-US","@id":"https:\/\/secure.gravatar.com\/avatar\/5e28c19bf52d2ea02ca4d78c4548f4e118fe08e94744f59f7938769a04ae856e?s=96&d=mm&r=g","url":"https:\/\/secure.gravatar.com\/avatar\/5e28c19bf52d2ea02ca4d78c4548f4e118fe08e94744f59f7938769a04ae856e?s=96&d=mm&r=g","contentUrl":"https:\/\/secure.gravatar.com\/avatar\/5e28c19bf52d2ea02ca4d78c4548f4e118fe08e94744f59f7938769a04ae856e?s=96&d=mm&r=g","caption":"Katharina Kandt"},"url":"https:\/\/www.un.org\/pga\/72\/author\/kandtun-org\/"}]}},"_links":{"self":[{"href":"https:\/\/www.un.org\/pga\/72\/wp-json\/wp\/v2\/posts\/142893","targetHints":{"allow":["GET"]}}],"collection":[{"href":"https:\/\/www.un.org\/pga\/72\/wp-json\/wp\/v2\/posts"}],"about":[{"href":"https:\/\/www.un.org\/pga\/72\/wp-json\/wp\/v2\/types\/post"}],"author":[{"embeddable":true,"href":"https:\/\/www.un.org\/pga\/72\/wp-json\/wp\/v2\/users\/202"}],"replies":[{"embeddable":true,"href":"https:\/\/www.un.org\/pga\/72\/wp-json\/wp\/v2\/comments?post=142893"}],"version-history":[{"count":0,"href":"https:\/\/www.un.org\/pga\/72\/wp-json\/wp\/v2\/posts\/142893\/revisions"}],"wp:attachment":[{"href":"https:\/\/www.un.org\/pga\/72\/wp-json\/wp\/v2\/media?parent=142893"}],"wp:term":[{"taxonomy":"category","embeddable":true,"href":"https:\/\/www.un.org\/pga\/72\/wp-json\/wp\/v2\/categories?post=142893"},{"taxonomy":"post_tag","embeddable":true,"href":"https:\/\/www.un.org\/pga\/72\/wp-json\/wp\/v2\/tags?post=142893"}],"curies":[{"name":"wp","href":"https:\/\/api.w.org\/{rel}","templated":true}]}}