  {"id":144241,"date":"2018-03-22T16:02:05","date_gmt":"2018-03-22T20:02:05","guid":{"rendered":"https:\/\/www.un.org\/pga\/72\/?p=144241"},"modified":"2018-03-22T16:02:59","modified_gmt":"2018-03-22T20:02:59","slug":"high-level-luncheon-on-the-occasion-of-the-launch-of-the-water-action-decade","status":"publish","type":"post","link":"https:\/\/www.un.org\/pga\/72\/2018\/03\/22\/high-level-luncheon-on-the-occasion-of-the-launch-of-the-water-action-decade\/","title":{"rendered":"High-Level luncheon on the occasion of the Launch of the Water Action Decade"},"content":{"rendered":"<p>[et_pb_section bb_built=&#8221;1&#8243;][et_pb_row][et_pb_column type=&#8221;2_3&#8243;][et_pb_text _builder_version=&#8221;3.0.87&#8243; background_layout=&#8221;light&#8221; border_style=&#8221;solid&#8221; background_position=&#8221;top_left&#8221; background_repeat=&#8221;repeat&#8221; background_size=&#8221;initial&#8221;]<\/p>\n<h1><strong>High-Level luncheon on the occasion of the Launch of the Water Action Decade<\/strong><\/h1>\n<div class=\"post-meta vcard\">\n<p style=\"text-align: left\"><span class=\"updated\">22 March 2018<\/span><\/p>\n<\/div>\n<p>[\/et_pb_text][et_pb_text _builder_version=&#8221;3.0.87&#8243; background_layout=&#8221;light&#8221; border_style=&#8221;solid&#8221; background_position=&#8221;top_left&#8221; background_repeat=&#8221;repeat&#8221; background_size=&#8221;initial&#8221;]<\/p>\n<h4 style=\"text-align: center\"><em>&#8211; As prepared for delivery &#8211;<\/em><\/h4>\n<h2>Statement delivered by Chef de Cabinet Franti\u0161ek Ru\u017ei\u010dka<em>\u00a0<\/em>on behalf of H.E. Mr. Miroslav Laj\u010d\u00e1k, President of the 72<sup>nd<\/sup> Session of the Ä¢¹½ÊÓÆµ General Assembly, at\u00a0<strong>High-Level luncheon hosted by the President of the General Assembly and\u00a0United Nations Department of Economic and Social Affairs on the occasion of the Launch of the Water Action Decade<\/strong><\/h2>\n<p>&nbsp;<\/p>\n<p>&nbsp;<\/p>\n<p><em>Excellencies, distinguished delegates ladies and gentlemen,<\/em><\/p>\n<p>Thank you all for being here.\u00a0 I want to also thank the Ä¢¹½ÊÓÆµ Department of Economic and Social Affairs \u2013 and, in particular, Under-Secretary-General Zhenmin \u2013 for co-hosting this event today.<\/p>\n<p>This is a fitting venue for a lunch on water and energy. Not only does it allow us all to refuel, and replenish our energy reserves \u2013 but it does so with some of the best water views the United Nations has to offer!<\/p>\n<p>It also comes on the heels of today\u2019s launch of the <em>International Decade for Action: Water for Sustainable Development.<\/em><\/p>\n<p>And so, I hope our discussions will be all the more interesting for it.<\/p>\n<p>Before we get started, I want to make three main points.<\/p>\n<p>First, I\u00a0want to focus on the relationship between water and energy.<\/p>\n<p>It is one of interdependence.<\/p>\n<p>Water needs energy, and energy needs water. If we want to produce any form of energy, water will be used in some stage of the process. And if we want to ensure access to safe water and sanitation, we will need energy to make that happen.<\/p>\n<p>Another commonality between these two resources is our use of them. Which, in one word, is unsustainable. We have grown our economies, and accelerated our consumption, at the expense of our water supplies. And, at the same time, we have used up a lot of our world\u2019s finite energy resources.<\/p>\n<p>And, it looks like these trends will accelerate \u2013 both the interdependence between water and energy, and our rampant use of them.<\/p>\n<p>According to the International Energy Agency, by 2040, the amount of water consumed by the energy sector will increase by almost 60%. Also by 2040, the amount of energy used in the water sector is projected to more than double. This will be fuelled by population growth, and rising demands for food, water and energy.<\/p>\n<p>But, we do not have to wait until 2040 to see the risks involved. Lack of progress in transitioning to clean energy is degrading our already-damaged environment. Millions of people are dying, every year, from the pollution caused by our energy use. And, water is, simply, running out. As we have heard today, Cape Town may be the first major city to deal with this reality \u2013 but none can escape it.<\/p>\n<p>And so, we are here to talk about the relationship between water and energy. The nexus. The linkages. The synergies. But, among all these terms and jargon, we cannot lose sight of people.<\/p>\n<p>Which is why, as my second point, I want to focus on people. Because they should be at the centre of <em>any<\/em> discussion we have on energy and water.<\/p>\n<p>Water-related challenges are a major cause of human suffering. Poor sanitation leads to the deaths of nearly a thousand children, under the age of five, every day. And millions of women continue to walk long, and often dangerous, journeys on a daily basis to collect water.<\/p>\n<p>At the same time, over 1 billion people still live without electricity. And more than 3 billion people are still cooking without clean fuels, which leads to illness and death.<\/p>\n<p>Most of us, in this room, do not experience these challenges personally. At this lunch, we can drink as many glasses of safe, clean water as we want. And we can take for granted that our homes and hotel rooms will have both light, heat and running water, when we return this evening.<\/p>\n<p>But that does not mean that we are exempt from taking action \u2013 on behalf of those not in this room today. Instead we need to think outside of this room \u2013 and outside of the box.\u00a0 And this is my third and final point today.<\/p>\n<p>We must do more to address the nexus between water and energy. Innovation and creativity will allow us to do so.<\/p>\n<p>We are already seeing this happen.<\/p>\n<p>We are seeing organic waste being used to produce renewable energy.<\/p>\n<p>We are seeing technology that can turn wastewater treatment plants into generators of heat or electricity<\/p>\n<p>We are seeing solar-powered pumps allowing farmers to, both, increase their yields, and sell their excess power back to the grid.<\/p>\n<p>These best practices need to be scaled up \u2013 all around the world.<\/p>\n<p><strong><br \/>\n<\/strong><\/p>\n<p><strong>\u00a0<\/strong><em>Excellencies, ladies and gentlemen. <\/em><\/p>\n<p>This summer, we will review both SDG 6, on water, and SDG 7, on energy, during the High-Level Political Forum.<\/p>\n<p>However, this does not mean that we should wait, until then, to tackle these issues.<\/p>\n<p>Let us start today.<\/p>\n<p><em>Thank you. <\/em><\/p>\n<p>[\/et_pb_text][\/et_pb_column][et_pb_column type=&#8221;1_3&#8243;][et_pb_divider _builder_version=&#8221;3.0.69&#8243; divider_style=&#8221;solid&#8221; divider_position=&#8221;top&#8221; height=&#8221;150&#8243; hide_on_mobile=&#8221;on&#8221; disabled_on=&#8221;on|on|off&#8221; \/][\/et_pb_column][\/et_pb_row][\/et_pb_section]<\/p>\n","protected":false},"excerpt":{"rendered":"<p>Statement delivered by Chef de Cabinet Franti\u0161ek Ru\u017ei\u010dka\u00a0on behalf of H.E. Mr. Miroslav Laj\u010d\u00e1k, President of the 72nd Session of the Ä¢¹½ÊÓÆµ General Assembly, at\u00a0High-Level luncheon hosted by the President of the General Assembly and\u00a0United Nations Department of Economic and Social Affairs on the occasion of the Launch of the Water Action Decade<\/p>\n","protected":false},"author":202,"featured_media":0,"comment_status":"closed","ping_status":"closed","sticky":false,"template":"","format":"standard","meta":{"_et_pb_use_builder":"on","_et_pb_old_content":"","_et_gb_content_width":"","footnotes":"","_links_to":"","_links_to_target":""},"categories":[69,53],"tags":[],"class_list":["post-144241","post","type-post","status-publish","format-standard","hentry","category-blog","category-statements","et-doesnt-have-format-content","et_post_format-et-post-format-standard"],"yoast_head":"<!-- This site is optimized with the Yoast SEO plugin v28.3 - https:\/\/yoast.com\/product\/yoast-seo-wordpress\/ -->\n<title>High-Level luncheon on the occasion of the Launch of the Water Action Decade - General Assembly of the United Nations<\/title>\n<meta name=\"robots\" content=\"index, follow, max-snippet:-1, max-image-preview:large, max-video-preview:-1\" \/>\n<link rel=\"canonical\" href=\"https:\/\/www.un.org\/pga\/72\/2018\/03\/22\/high-level-luncheon-on-the-occasion-of-the-launch-of-the-water-action-decade\/\" \/>\n<meta property=\"og:locale\" content=\"en_US\" \/>\n<meta property=\"og:type\" content=\"article\" \/>\n<meta property=\"og:title\" content=\"High-Level luncheon on the occasion of the Launch of the Water Action Decade - General Assembly of the United Nations\" \/>\n<meta property=\"og:description\" content=\"Statement delivered by Chef de Cabinet Franti\u0161ek Ru\u017ei\u010dka\u00a0on behalf of H.E. Mr. Miroslav Laj\u010d\u00e1k, President of the 72nd Session of the Ä¢¹½ÊÓÆµ General Assembly, at\u00a0High-Level luncheon hosted by the President of the General Assembly and\u00a0United Nations Department of Economic and Social Affairs on the occasion of the Launch of the Water Action Decade\" \/>\n<meta property=\"og:url\" content=\"https:\/\/www.un.org\/pga\/72\/2018\/03\/22\/high-level-luncheon-on-the-occasion-of-the-launch-of-the-water-action-decade\/\" \/>\n<meta property=\"og:site_name\" content=\"General Assembly of the United Nations\" \/>\n<meta property=\"article:published_time\" content=\"2018-03-22T20:02:05+00:00\" \/>\n<meta property=\"article:modified_time\" content=\"2018-03-22T20:02:59+00:00\" \/>\n<meta name=\"author\" content=\"Katharina Kandt\" \/>\n<meta name=\"twitter:card\" content=\"summary_large_image\" \/>\n<meta name=\"twitter:label1\" content=\"Written by\" \/>\n\t<meta name=\"twitter:data1\" content=\"Katharina Kandt\" \/>\n\t<meta name=\"twitter:label2\" content=\"Est. reading time\" \/>\n\t<meta name=\"twitter:data2\" content=\"5 minutes\" \/>\n<script type=\"application\/ld+json\" class=\"yoast-schema-graph\">{\"@context\":\"https:\\\/\\\/schema.org\",\"@graph\":[{\"@type\":\"Article\",\"@id\":\"https:\\\/\\\/www.un.org\\\/pga\\\/72\\\/2018\\\/03\\\/22\\\/high-level-luncheon-on-the-occasion-of-the-launch-of-the-water-action-decade\\\/#article\",\"isPartOf\":{\"@id\":\"https:\\\/\\\/www.un.org\\\/pga\\\/72\\\/2018\\\/03\\\/22\\\/high-level-luncheon-on-the-occasion-of-the-launch-of-the-water-action-decade\\\/\"},\"author\":{\"name\":\"Katharina Kandt\",\"@id\":\"https:\\\/\\\/www.un.org\\\/pga\\\/72\\\/#\\\/schema\\\/person\\\/06bf09e43d46846c087701ec99ac8412\"},\"headline\":\"High-Level luncheon on the occasion of the Launch of the Water Action Decade\",\"datePublished\":\"2018-03-22T20:02:05+00:00\",\"dateModified\":\"2018-03-22T20:02:59+00:00\",\"mainEntityOfPage\":{\"@id\":\"https:\\\/\\\/www.un.org\\\/pga\\\/72\\\/2018\\\/03\\\/22\\\/high-level-luncheon-on-the-occasion-of-the-launch-of-the-water-action-decade\\\/\"},\"wordCount\":936,\"articleSection\":[\"Blog\",\"Statements\"],\"inLanguage\":\"en-US\"},{\"@type\":\"WebPage\",\"@id\":\"https:\\\/\\\/www.un.org\\\/pga\\\/72\\\/2018\\\/03\\\/22\\\/high-level-luncheon-on-the-occasion-of-the-launch-of-the-water-action-decade\\\/\",\"url\":\"https:\\\/\\\/www.un.org\\\/pga\\\/72\\\/2018\\\/03\\\/22\\\/high-level-luncheon-on-the-occasion-of-the-launch-of-the-water-action-decade\\\/\",\"name\":\"High-Level luncheon on the occasion of the Launch of the Water Action Decade - General Assembly of the United Nations\",\"isPartOf\":{\"@id\":\"https:\\\/\\\/www.un.org\\\/pga\\\/72\\\/#website\"},\"datePublished\":\"2018-03-22T20:02:05+00:00\",\"dateModified\":\"2018-03-22T20:02:59+00:00\",\"author\":{\"@id\":\"https:\\\/\\\/www.un.org\\\/pga\\\/72\\\/#\\\/schema\\\/person\\\/06bf09e43d46846c087701ec99ac8412\"},\"breadcrumb\":{\"@id\":\"https:\\\/\\\/www.un.org\\\/pga\\\/72\\\/2018\\\/03\\\/22\\\/high-level-luncheon-on-the-occasion-of-the-launch-of-the-water-action-decade\\\/#breadcrumb\"},\"inLanguage\":\"en-US\",\"potentialAction\":[{\"@type\":\"ReadAction\",\"target\":[\"https:\\\/\\\/www.un.org\\\/pga\\\/72\\\/2018\\\/03\\\/22\\\/high-level-luncheon-on-the-occasion-of-the-launch-of-the-water-action-decade\\\/\"]}]},{\"@type\":\"BreadcrumbList\",\"@id\":\"https:\\\/\\\/www.un.org\\\/pga\\\/72\\\/2018\\\/03\\\/22\\\/high-level-luncheon-on-the-occasion-of-the-launch-of-the-water-action-decade\\\/#breadcrumb\",\"itemListElement\":[{\"@type\":\"ListItem\",\"position\":1,\"name\":\"Home\",\"item\":\"https:\\\/\\\/www.un.org\\\/pga\\\/72\\\/\"},{\"@type\":\"ListItem\",\"position\":2,\"name\":\"High-Level luncheon on the occasion of the Launch of the Water Action Decade\"}]},{\"@type\":\"WebSite\",\"@id\":\"https:\\\/\\\/www.un.org\\\/pga\\\/72\\\/#website\",\"url\":\"https:\\\/\\\/www.un.org\\\/pga\\\/72\\\/\",\"name\":\"General Assembly of the United Nations\",\"description\":\"President of the 72nd Session\",\"potentialAction\":[{\"@type\":\"SearchAction\",\"target\":{\"@type\":\"EntryPoint\",\"urlTemplate\":\"https:\\\/\\\/www.un.org\\\/pga\\\/72\\\/?s={search_term_string}\"},\"query-input\":{\"@type\":\"PropertyValueSpecification\",\"valueRequired\":true,\"valueName\":\"search_term_string\"}}],\"inLanguage\":\"en-US\"},{\"@type\":\"Person\",\"@id\":\"https:\\\/\\\/www.un.org\\\/pga\\\/72\\\/#\\\/schema\\\/person\\\/06bf09e43d46846c087701ec99ac8412\",\"name\":\"Katharina Kandt\",\"image\":{\"@type\":\"ImageObject\",\"inLanguage\":\"en-US\",\"@id\":\"https:\\\/\\\/secure.gravatar.com\\\/avatar\\\/5e28c19bf52d2ea02ca4d78c4548f4e118fe08e94744f59f7938769a04ae856e?s=96&d=mm&r=g\",\"url\":\"https:\\\/\\\/secure.gravatar.com\\\/avatar\\\/5e28c19bf52d2ea02ca4d78c4548f4e118fe08e94744f59f7938769a04ae856e?s=96&d=mm&r=g\",\"contentUrl\":\"https:\\\/\\\/secure.gravatar.com\\\/avatar\\\/5e28c19bf52d2ea02ca4d78c4548f4e118fe08e94744f59f7938769a04ae856e?s=96&d=mm&r=g\",\"caption\":\"Katharina Kandt\"},\"url\":\"https:\\\/\\\/www.un.org\\\/pga\\\/72\\\/author\\\/kandtun-org\\\/\"}]}<\/script>\n<!-- \/ Yoast SEO plugin. -->","yoast_head_json":{"title":"High-Level luncheon on the occasion of the Launch of the Water Action Decade - General Assembly of the United Nations","robots":{"index":"index","follow":"follow","max-snippet":"max-snippet:-1","max-image-preview":"max-image-preview:large","max-video-preview":"max-video-preview:-1"},"canonical":"https:\/\/www.un.org\/pga\/72\/2018\/03\/22\/high-level-luncheon-on-the-occasion-of-the-launch-of-the-water-action-decade\/","og_locale":"en_US","og_type":"article","og_title":"High-Level luncheon on the occasion of the Launch of the Water Action Decade - General Assembly of the United Nations","og_description":"Statement delivered by Chef de Cabinet Franti\u0161ek Ru\u017ei\u010dka\u00a0on behalf of H.E. Mr. Miroslav Laj\u010d\u00e1k, President of the 72nd Session of the Ä¢¹½ÊÓÆµ General Assembly, at\u00a0High-Level luncheon hosted by the President of the General Assembly and\u00a0United Nations Department of Economic and Social Affairs on the occasion of the Launch of the Water Action Decade","og_url":"https:\/\/www.un.org\/pga\/72\/2018\/03\/22\/high-level-luncheon-on-the-occasion-of-the-launch-of-the-water-action-decade\/","og_site_name":"General Assembly of the United Nations","article_published_time":"2018-03-22T20:02:05+00:00","article_modified_time":"2018-03-22T20:02:59+00:00","author":"Katharina Kandt","twitter_card":"summary_large_image","twitter_misc":{"Written by":"Katharina Kandt","Est. reading time":"5 minutes"},"schema":{"@context":"https:\/\/schema.org","@graph":[{"@type":"Article","@id":"https:\/\/www.un.org\/pga\/72\/2018\/03\/22\/high-level-luncheon-on-the-occasion-of-the-launch-of-the-water-action-decade\/#article","isPartOf":{"@id":"https:\/\/www.un.org\/pga\/72\/2018\/03\/22\/high-level-luncheon-on-the-occasion-of-the-launch-of-the-water-action-decade\/"},"author":{"name":"Katharina Kandt","@id":"https:\/\/www.un.org\/pga\/72\/#\/schema\/person\/06bf09e43d46846c087701ec99ac8412"},"headline":"High-Level luncheon on the occasion of the Launch of the Water Action Decade","datePublished":"2018-03-22T20:02:05+00:00","dateModified":"2018-03-22T20:02:59+00:00","mainEntityOfPage":{"@id":"https:\/\/www.un.org\/pga\/72\/2018\/03\/22\/high-level-luncheon-on-the-occasion-of-the-launch-of-the-water-action-decade\/"},"wordCount":936,"articleSection":["Blog","Statements"],"inLanguage":"en-US"},{"@type":"WebPage","@id":"https:\/\/www.un.org\/pga\/72\/2018\/03\/22\/high-level-luncheon-on-the-occasion-of-the-launch-of-the-water-action-decade\/","url":"https:\/\/www.un.org\/pga\/72\/2018\/03\/22\/high-level-luncheon-on-the-occasion-of-the-launch-of-the-water-action-decade\/","name":"High-Level luncheon on the occasion of the Launch of the Water Action Decade - General Assembly of the United Nations","isPartOf":{"@id":"https:\/\/www.un.org\/pga\/72\/#website"},"datePublished":"2018-03-22T20:02:05+00:00","dateModified":"2018-03-22T20:02:59+00:00","author":{"@id":"https:\/\/www.un.org\/pga\/72\/#\/schema\/person\/06bf09e43d46846c087701ec99ac8412"},"breadcrumb":{"@id":"https:\/\/www.un.org\/pga\/72\/2018\/03\/22\/high-level-luncheon-on-the-occasion-of-the-launch-of-the-water-action-decade\/#breadcrumb"},"inLanguage":"en-US","potentialAction":[{"@type":"ReadAction","target":["https:\/\/www.un.org\/pga\/72\/2018\/03\/22\/high-level-luncheon-on-the-occasion-of-the-launch-of-the-water-action-decade\/"]}]},{"@type":"BreadcrumbList","@id":"https:\/\/www.un.org\/pga\/72\/2018\/03\/22\/high-level-luncheon-on-the-occasion-of-the-launch-of-the-water-action-decade\/#breadcrumb","itemListElement":[{"@type":"ListItem","position":1,"name":"Home","item":"https:\/\/www.un.org\/pga\/72\/"},{"@type":"ListItem","position":2,"name":"High-Level luncheon on the occasion of the Launch of the Water Action Decade"}]},{"@type":"WebSite","@id":"https:\/\/www.un.org\/pga\/72\/#website","url":"https:\/\/www.un.org\/pga\/72\/","name":"General Assembly of the United Nations","description":"President of the 72nd Session","potentialAction":[{"@type":"SearchAction","target":{"@type":"EntryPoint","urlTemplate":"https:\/\/www.un.org\/pga\/72\/?s={search_term_string}"},"query-input":{"@type":"PropertyValueSpecification","valueRequired":true,"valueName":"search_term_string"}}],"inLanguage":"en-US"},{"@type":"Person","@id":"https:\/\/www.un.org\/pga\/72\/#\/schema\/person\/06bf09e43d46846c087701ec99ac8412","name":"Katharina Kandt","image":{"@type":"ImageObject","inLanguage":"en-US","@id":"https:\/\/secure.gravatar.com\/avatar\/5e28c19bf52d2ea02ca4d78c4548f4e118fe08e94744f59f7938769a04ae856e?s=96&d=mm&r=g","url":"https:\/\/secure.gravatar.com\/avatar\/5e28c19bf52d2ea02ca4d78c4548f4e118fe08e94744f59f7938769a04ae856e?s=96&d=mm&r=g","contentUrl":"https:\/\/secure.gravatar.com\/avatar\/5e28c19bf52d2ea02ca4d78c4548f4e118fe08e94744f59f7938769a04ae856e?s=96&d=mm&r=g","caption":"Katharina Kandt"},"url":"https:\/\/www.un.org\/pga\/72\/author\/kandtun-org\/"}]}},"_links":{"self":[{"href":"https:\/\/www.un.org\/pga\/72\/wp-json\/wp\/v2\/posts\/144241","targetHints":{"allow":["GET"]}}],"collection":[{"href":"https:\/\/www.un.org\/pga\/72\/wp-json\/wp\/v2\/posts"}],"about":[{"href":"https:\/\/www.un.org\/pga\/72\/wp-json\/wp\/v2\/types\/post"}],"author":[{"embeddable":true,"href":"https:\/\/www.un.org\/pga\/72\/wp-json\/wp\/v2\/users\/202"}],"replies":[{"embeddable":true,"href":"https:\/\/www.un.org\/pga\/72\/wp-json\/wp\/v2\/comments?post=144241"}],"version-history":[{"count":0,"href":"https:\/\/www.un.org\/pga\/72\/wp-json\/wp\/v2\/posts\/144241\/revisions"}],"wp:attachment":[{"href":"https:\/\/www.un.org\/pga\/72\/wp-json\/wp\/v2\/media?parent=144241"}],"wp:term":[{"taxonomy":"category","embeddable":true,"href":"https:\/\/www.un.org\/pga\/72\/wp-json\/wp\/v2\/categories?post=144241"},{"taxonomy":"post_tag","embeddable":true,"href":"https:\/\/www.un.org\/pga\/72\/wp-json\/wp\/v2\/tags?post=144241"}],"curies":[{"name":"wp","href":"https:\/\/api.w.org\/{rel}","templated":true}]}}