  {"id":149785,"date":"2018-04-23T20:12:04","date_gmt":"2018-04-24T00:12:04","guid":{"rendered":"https:\/\/www.un.org\/pga\/72\/?p=149785"},"modified":"2018-04-23T20:12:04","modified_gmt":"2018-04-24T00:12:04","slug":"meeting-with-the-minister-for-foreign-affairs-of-montenegro-h-e-mr-srdan-darmanovic","status":"publish","type":"post","link":"https:\/\/www.un.org\/pga\/72\/2018\/04\/23\/meeting-with-the-minister-for-foreign-affairs-of-montenegro-h-e-mr-srdan-darmanovic\/","title":{"rendered":"Meeting with the Minister for Foreign Affairs of Montenegro, H.E. Mr. Srdan Darmanovi\u0107"},"content":{"rendered":"<p>[et_pb_section bb_built=&#8221;1&#8243;][et_pb_row][et_pb_column type=&#8221;4_4&#8243;][et_pb_image _builder_version=&#8221;3.0.87&#8243; src=&#8221;https:\/\/www.un.org\/pga\/72\/wp-content\/uploads\/sites\/51\/2018\/04\/DSC07883-copy.jpg&#8221; show_in_lightbox=&#8221;off&#8221; url_new_window=&#8221;off&#8221; use_overlay=&#8221;off&#8221; always_center_on_mobile=&#8221;on&#8221; force_fullwidth=&#8221;off&#8221; show_bottom_space=&#8221;on&#8221; \/][et_pb_text _builder_version=&#8221;3.0.87&#8243; background_layout=&#8221;light&#8221; border_style=&#8221;solid&#8221; background_position=&#8221;top_left&#8221; background_repeat=&#8221;repeat&#8221; background_size=&#8221;initial&#8221;]<\/p>\n<p>The President of the 72nd\u00a0session of the General Assembly, H.E. Mr. Miroslav Laj\u010d\u00e1k, met today with H.E. Mr. Srdan Darmanovi\u0107, Minister for Foreign Affairs of Montenegro. They discussed the Minister\u2019s participation in the High-Level Meeting on Peacebuilding and Sustaining Peace; the importance of preventive diplomacy; the Global Compact on Safe, Orderly and Regular Migration; and developments in the Western Balkans.<\/p>\n<p>[\/et_pb_text][\/et_pb_column][\/et_pb_row][\/et_pb_section]<\/p>\n","protected":false},"excerpt":{"rendered":"<p>Meeting with the Minister for Foreign Affairs of Montenegro, H.E. Mr. Srdan Darmanovi\u0107<\/p>\n","protected":false},"author":204,"featured_media":0,"comment_status":"closed","ping_status":"closed","sticky":false,"template":"","format":"standard","meta":{"_et_pb_use_builder":"on","_et_pb_old_content":"","_et_gb_content_width":"","footnotes":"","_links_to":"","_links_to_target":""},"categories":[65,325],"tags":[],"class_list":["post-149785","post","type-post","status-publish","format-standard","hentry","category-newsandupdates","category-readout","et-doesnt-have-format-content","et_post_format-et-post-format-standard"],"yoast_head":"<!-- This site is optimized with the Yoast SEO plugin v28.3 - https:\/\/yoast.com\/product\/yoast-seo-wordpress\/ -->\n<title>Meeting with the Minister for Foreign Affairs of Montenegro, H.E. Mr. Srdan Darmanovi\u0107 - General Assembly of the United Nations<\/title>\n<meta name=\"robots\" content=\"index, follow, max-snippet:-1, max-image-preview:large, max-video-preview:-1\" \/>\n<link rel=\"canonical\" href=\"https:\/\/www.un.org\/pga\/72\/2018\/04\/23\/meeting-with-the-minister-for-foreign-affairs-of-montenegro-h-e-mr-srdan-darmanovic\/\" \/>\n<meta property=\"og:locale\" content=\"en_US\" \/>\n<meta property=\"og:type\" content=\"article\" \/>\n<meta property=\"og:title\" content=\"Meeting with the Minister for Foreign Affairs of Montenegro, H.E. Mr. Srdan Darmanovi\u0107 - General Assembly of the United Nations\" \/>\n<meta property=\"og:description\" content=\"Meeting with the Minister for Foreign Affairs of Montenegro, H.E. Mr. Srdan Darmanovi\u0107\" \/>\n<meta property=\"og:url\" content=\"https:\/\/www.un.org\/pga\/72\/2018\/04\/23\/meeting-with-the-minister-for-foreign-affairs-of-montenegro-h-e-mr-srdan-darmanovic\/\" \/>\n<meta property=\"og:site_name\" content=\"General Assembly of the United Nations\" \/>\n<meta property=\"article:published_time\" content=\"2018-04-24T00:12:04+00:00\" \/>\n<meta name=\"author\" content=\"Sharifa Yousef A. S. Alnesf\" \/>\n<meta name=\"twitter:card\" content=\"summary_large_image\" \/>\n<meta name=\"twitter:label1\" content=\"Written by\" \/>\n\t<meta name=\"twitter:data1\" content=\"Sharifa Yousef A. S. Alnesf\" \/>\n\t<meta name=\"twitter:label2\" content=\"Est. reading time\" \/>\n\t<meta name=\"twitter:data2\" content=\"1 minute\" \/>\n<script type=\"application\/ld+json\" class=\"yoast-schema-graph\">{\"@context\":\"https:\\\/\\\/schema.org\",\"@graph\":[{\"@type\":\"Article\",\"@id\":\"https:\\\/\\\/www.un.org\\\/pga\\\/72\\\/2018\\\/04\\\/23\\\/meeting-with-the-minister-for-foreign-affairs-of-montenegro-h-e-mr-srdan-darmanovic\\\/#article\",\"isPartOf\":{\"@id\":\"https:\\\/\\\/www.un.org\\\/pga\\\/72\\\/2018\\\/04\\\/23\\\/meeting-with-the-minister-for-foreign-affairs-of-montenegro-h-e-mr-srdan-darmanovic\\\/\"},\"author\":{\"name\":\"Sharifa Yousef A. S. Alnesf\",\"@id\":\"https:\\\/\\\/www.un.org\\\/pga\\\/72\\\/#\\\/schema\\\/person\\\/e633fdf13420126ec19e8d7134a02096\"},\"headline\":\"Meeting with the Minister for Foreign Affairs of Montenegro, H.E. Mr. Srdan Darmanovi\u0107\",\"datePublished\":\"2018-04-24T00:12:04+00:00\",\"mainEntityOfPage\":{\"@id\":\"https:\\\/\\\/www.un.org\\\/pga\\\/72\\\/2018\\\/04\\\/23\\\/meeting-with-the-minister-for-foreign-affairs-of-montenegro-h-e-mr-srdan-darmanovic\\\/\"},\"wordCount\":164,\"articleSection\":[\"News And Updates - homepage\",\"Readout\"],\"inLanguage\":\"en-US\"},{\"@type\":\"WebPage\",\"@id\":\"https:\\\/\\\/www.un.org\\\/pga\\\/72\\\/2018\\\/04\\\/23\\\/meeting-with-the-minister-for-foreign-affairs-of-montenegro-h-e-mr-srdan-darmanovic\\\/\",\"url\":\"https:\\\/\\\/www.un.org\\\/pga\\\/72\\\/2018\\\/04\\\/23\\\/meeting-with-the-minister-for-foreign-affairs-of-montenegro-h-e-mr-srdan-darmanovic\\\/\",\"name\":\"Meeting with the Minister for Foreign Affairs of Montenegro, H.E. Mr. Srdan Darmanovi\u0107 - General Assembly of the United Nations\",\"isPartOf\":{\"@id\":\"https:\\\/\\\/www.un.org\\\/pga\\\/72\\\/#website\"},\"datePublished\":\"2018-04-24T00:12:04+00:00\",\"author\":{\"@id\":\"https:\\\/\\\/www.un.org\\\/pga\\\/72\\\/#\\\/schema\\\/person\\\/e633fdf13420126ec19e8d7134a02096\"},\"breadcrumb\":{\"@id\":\"https:\\\/\\\/www.un.org\\\/pga\\\/72\\\/2018\\\/04\\\/23\\\/meeting-with-the-minister-for-foreign-affairs-of-montenegro-h-e-mr-srdan-darmanovic\\\/#breadcrumb\"},\"inLanguage\":\"en-US\",\"potentialAction\":[{\"@type\":\"ReadAction\",\"target\":[\"https:\\\/\\\/www.un.org\\\/pga\\\/72\\\/2018\\\/04\\\/23\\\/meeting-with-the-minister-for-foreign-affairs-of-montenegro-h-e-mr-srdan-darmanovic\\\/\"]}]},{\"@type\":\"BreadcrumbList\",\"@id\":\"https:\\\/\\\/www.un.org\\\/pga\\\/72\\\/2018\\\/04\\\/23\\\/meeting-with-the-minister-for-foreign-affairs-of-montenegro-h-e-mr-srdan-darmanovic\\\/#breadcrumb\",\"itemListElement\":[{\"@type\":\"ListItem\",\"position\":1,\"name\":\"Home\",\"item\":\"https:\\\/\\\/www.un.org\\\/pga\\\/72\\\/\"},{\"@type\":\"ListItem\",\"position\":2,\"name\":\"Meeting with the Minister for Foreign Affairs of Montenegro, H.E. Mr. Srdan Darmanovi\u0107\"}]},{\"@type\":\"WebSite\",\"@id\":\"https:\\\/\\\/www.un.org\\\/pga\\\/72\\\/#website\",\"url\":\"https:\\\/\\\/www.un.org\\\/pga\\\/72\\\/\",\"name\":\"General Assembly of the United Nations\",\"description\":\"President of the 72nd Session\",\"potentialAction\":[{\"@type\":\"SearchAction\",\"target\":{\"@type\":\"EntryPoint\",\"urlTemplate\":\"https:\\\/\\\/www.un.org\\\/pga\\\/72\\\/?s={search_term_string}\"},\"query-input\":{\"@type\":\"PropertyValueSpecification\",\"valueRequired\":true,\"valueName\":\"search_term_string\"}}],\"inLanguage\":\"en-US\"},{\"@type\":\"Person\",\"@id\":\"https:\\\/\\\/www.un.org\\\/pga\\\/72\\\/#\\\/schema\\\/person\\\/e633fdf13420126ec19e8d7134a02096\",\"name\":\"Sharifa Yousef A. S. Alnesf\",\"image\":{\"@type\":\"ImageObject\",\"inLanguage\":\"en-US\",\"@id\":\"https:\\\/\\\/secure.gravatar.com\\\/avatar\\\/73f99484ca19be10ca3c6435c54bb768f6eb290557b2df73e3f59ebf8691db89?s=96&d=mm&r=g\",\"url\":\"https:\\\/\\\/secure.gravatar.com\\\/avatar\\\/73f99484ca19be10ca3c6435c54bb768f6eb290557b2df73e3f59ebf8691db89?s=96&d=mm&r=g\",\"contentUrl\":\"https:\\\/\\\/secure.gravatar.com\\\/avatar\\\/73f99484ca19be10ca3c6435c54bb768f6eb290557b2df73e3f59ebf8691db89?s=96&d=mm&r=g\",\"caption\":\"Sharifa Yousef A. S. Alnesf\"},\"url\":\"https:\\\/\\\/www.un.org\\\/pga\\\/72\\\/author\\\/sharifa-alnesfun-org\\\/\"}]}<\/script>\n<!-- \/ Yoast SEO plugin. -->","yoast_head_json":{"title":"Meeting with the Minister for Foreign Affairs of Montenegro, H.E. Mr. Srdan Darmanovi\u0107 - General Assembly of the United Nations","robots":{"index":"index","follow":"follow","max-snippet":"max-snippet:-1","max-image-preview":"max-image-preview:large","max-video-preview":"max-video-preview:-1"},"canonical":"https:\/\/www.un.org\/pga\/72\/2018\/04\/23\/meeting-with-the-minister-for-foreign-affairs-of-montenegro-h-e-mr-srdan-darmanovic\/","og_locale":"en_US","og_type":"article","og_title":"Meeting with the Minister for Foreign Affairs of Montenegro, H.E. Mr. Srdan Darmanovi\u0107 - General Assembly of the United Nations","og_description":"Meeting with the Minister for Foreign Affairs of Montenegro, H.E. Mr. Srdan Darmanovi\u0107","og_url":"https:\/\/www.un.org\/pga\/72\/2018\/04\/23\/meeting-with-the-minister-for-foreign-affairs-of-montenegro-h-e-mr-srdan-darmanovic\/","og_site_name":"General Assembly of the United Nations","article_published_time":"2018-04-24T00:12:04+00:00","author":"Sharifa Yousef A. S. Alnesf","twitter_card":"summary_large_image","twitter_misc":{"Written by":"Sharifa Yousef A. S. Alnesf","Est. reading time":"1 minute"},"schema":{"@context":"https:\/\/schema.org","@graph":[{"@type":"Article","@id":"https:\/\/www.un.org\/pga\/72\/2018\/04\/23\/meeting-with-the-minister-for-foreign-affairs-of-montenegro-h-e-mr-srdan-darmanovic\/#article","isPartOf":{"@id":"https:\/\/www.un.org\/pga\/72\/2018\/04\/23\/meeting-with-the-minister-for-foreign-affairs-of-montenegro-h-e-mr-srdan-darmanovic\/"},"author":{"name":"Sharifa Yousef A. S. Alnesf","@id":"https:\/\/www.un.org\/pga\/72\/#\/schema\/person\/e633fdf13420126ec19e8d7134a02096"},"headline":"Meeting with the Minister for Foreign Affairs of Montenegro, H.E. Mr. Srdan Darmanovi\u0107","datePublished":"2018-04-24T00:12:04+00:00","mainEntityOfPage":{"@id":"https:\/\/www.un.org\/pga\/72\/2018\/04\/23\/meeting-with-the-minister-for-foreign-affairs-of-montenegro-h-e-mr-srdan-darmanovic\/"},"wordCount":164,"articleSection":["News And Updates - homepage","Readout"],"inLanguage":"en-US"},{"@type":"WebPage","@id":"https:\/\/www.un.org\/pga\/72\/2018\/04\/23\/meeting-with-the-minister-for-foreign-affairs-of-montenegro-h-e-mr-srdan-darmanovic\/","url":"https:\/\/www.un.org\/pga\/72\/2018\/04\/23\/meeting-with-the-minister-for-foreign-affairs-of-montenegro-h-e-mr-srdan-darmanovic\/","name":"Meeting with the Minister for Foreign Affairs of Montenegro, H.E. Mr. Srdan Darmanovi\u0107 - General Assembly of the United Nations","isPartOf":{"@id":"https:\/\/www.un.org\/pga\/72\/#website"},"datePublished":"2018-04-24T00:12:04+00:00","author":{"@id":"https:\/\/www.un.org\/pga\/72\/#\/schema\/person\/e633fdf13420126ec19e8d7134a02096"},"breadcrumb":{"@id":"https:\/\/www.un.org\/pga\/72\/2018\/04\/23\/meeting-with-the-minister-for-foreign-affairs-of-montenegro-h-e-mr-srdan-darmanovic\/#breadcrumb"},"inLanguage":"en-US","potentialAction":[{"@type":"ReadAction","target":["https:\/\/www.un.org\/pga\/72\/2018\/04\/23\/meeting-with-the-minister-for-foreign-affairs-of-montenegro-h-e-mr-srdan-darmanovic\/"]}]},{"@type":"BreadcrumbList","@id":"https:\/\/www.un.org\/pga\/72\/2018\/04\/23\/meeting-with-the-minister-for-foreign-affairs-of-montenegro-h-e-mr-srdan-darmanovic\/#breadcrumb","itemListElement":[{"@type":"ListItem","position":1,"name":"Home","item":"https:\/\/www.un.org\/pga\/72\/"},{"@type":"ListItem","position":2,"name":"Meeting with the Minister for Foreign Affairs of Montenegro, H.E. Mr. Srdan Darmanovi\u0107"}]},{"@type":"WebSite","@id":"https:\/\/www.un.org\/pga\/72\/#website","url":"https:\/\/www.un.org\/pga\/72\/","name":"General Assembly of the United Nations","description":"President of the 72nd Session","potentialAction":[{"@type":"SearchAction","target":{"@type":"EntryPoint","urlTemplate":"https:\/\/www.un.org\/pga\/72\/?s={search_term_string}"},"query-input":{"@type":"PropertyValueSpecification","valueRequired":true,"valueName":"search_term_string"}}],"inLanguage":"en-US"},{"@type":"Person","@id":"https:\/\/www.un.org\/pga\/72\/#\/schema\/person\/e633fdf13420126ec19e8d7134a02096","name":"Sharifa Yousef A. S. Alnesf","image":{"@type":"ImageObject","inLanguage":"en-US","@id":"https:\/\/secure.gravatar.com\/avatar\/73f99484ca19be10ca3c6435c54bb768f6eb290557b2df73e3f59ebf8691db89?s=96&d=mm&r=g","url":"https:\/\/secure.gravatar.com\/avatar\/73f99484ca19be10ca3c6435c54bb768f6eb290557b2df73e3f59ebf8691db89?s=96&d=mm&r=g","contentUrl":"https:\/\/secure.gravatar.com\/avatar\/73f99484ca19be10ca3c6435c54bb768f6eb290557b2df73e3f59ebf8691db89?s=96&d=mm&r=g","caption":"Sharifa Yousef A. S. Alnesf"},"url":"https:\/\/www.un.org\/pga\/72\/author\/sharifa-alnesfun-org\/"}]}},"_links":{"self":[{"href":"https:\/\/www.un.org\/pga\/72\/wp-json\/wp\/v2\/posts\/149785","targetHints":{"allow":["GET"]}}],"collection":[{"href":"https:\/\/www.un.org\/pga\/72\/wp-json\/wp\/v2\/posts"}],"about":[{"href":"https:\/\/www.un.org\/pga\/72\/wp-json\/wp\/v2\/types\/post"}],"author":[{"embeddable":true,"href":"https:\/\/www.un.org\/pga\/72\/wp-json\/wp\/v2\/users\/204"}],"replies":[{"embeddable":true,"href":"https:\/\/www.un.org\/pga\/72\/wp-json\/wp\/v2\/comments?post=149785"}],"version-history":[{"count":0,"href":"https:\/\/www.un.org\/pga\/72\/wp-json\/wp\/v2\/posts\/149785\/revisions"}],"wp:attachment":[{"href":"https:\/\/www.un.org\/pga\/72\/wp-json\/wp\/v2\/media?parent=149785"}],"wp:term":[{"taxonomy":"category","embeddable":true,"href":"https:\/\/www.un.org\/pga\/72\/wp-json\/wp\/v2\/categories?post=149785"},{"taxonomy":"post_tag","embeddable":true,"href":"https:\/\/www.un.org\/pga\/72\/wp-json\/wp\/v2\/tags?post=149785"}],"curies":[{"name":"wp","href":"https:\/\/api.w.org\/{rel}","templated":true}]}}