  {"id":150889,"date":"2018-04-26T16:34:27","date_gmt":"2018-04-26T20:34:27","guid":{"rendered":"https:\/\/www.un.org\/pga\/72\/?p=150889"},"modified":"2018-04-27T13:54:55","modified_gmt":"2018-04-27T17:54:55","slug":"note-to-correspondents-president-of-general-assembly-to-head-to-rome","status":"publish","type":"post","link":"https:\/\/www.un.org\/pga\/72\/2018\/04\/26\/note-to-correspondents-president-of-general-assembly-to-head-to-rome\/","title":{"rendered":"NOTE TO CORRESPONDENTS: President of General Assembly to Head to Rome"},"content":{"rendered":"<p>[et_pb_section bb_built=&#8221;1&#8243;][et_pb_row][et_pb_column type=&#8221;4_4&#8243;][et_pb_text _builder_version=&#8221;3.0.87&#8243; background_layout=&#8221;light&#8221; border_style=&#8221;solid&#8221; border_style_all=&#8221;solid&#8221;]<\/p>\n<h3 style=\"text-align: right\">NOTE TO CORRESPONDENTS<\/h3>\n<p>&nbsp;<\/p>\n<h1 style=\"text-align: center\">GENERAL ASSEMBLY PRESIDENT to Head to Rome<\/h1>\n<div class=\"post-meta vcard\"><\/div>\n<p>[\/et_pb_text][et_pb_text _builder_version=&#8221;3.0.87&#8243; background_layout=&#8221;light&#8221; border_style=&#8221;solid&#8221;]<\/p>\n<p><strong><em>United Nations, New York, 26 April 2018<\/em><\/strong>\u00a0\u2013 The President of the 72<sup>nd<\/sup> session of the United Nations General Assembly, H.E. Mr.\u00a0Miroslav Laj\u010d\u00e1k, will travel to Rome, Italy, on 27 April. While there, he will hold his third meeting with his Team of External Advisers on 28 April. The discussions are expected to focus on peace and conflict prevention, threats to multilateralism, migration and financing for the Sustainable Development Goals.<\/p>\n<p>During this trip, the President will also meet on 30 April with His Holiness Pope Francis and His Excellency Archbishop Paul Richard Gallagher, Secretary for Relations with States of the Holy See.<\/p>\n<p>The President will be accompanied by his Chef de Cabinet, Mr. Franti\u0161ek Ru\u017ei\u010dka; his Outreach Adviser, Mr. Nikola Ivezaj; his Communications Adviser, Ms. Sharifa Alnesf; and his Speechwriter, Ms. Cianna O\u2019Connell.<\/p>\n<p>Travel costs will be covered by the Trust Fund of the Office of the President of the General Assembly.<\/p>\n<p>The President will be back in his office in New York on 1 May.<\/p>\n<p>***<br \/>\n<strong>For media inquiries, please contact:<\/strong><br \/>\nMs. Sharifa Alnesf, Communications Adviser to the President of the General Assembly, + 1-917-367-3150, 1-646-585-8888, sharifa.alnesf@un.org<\/p>\n<p>[\/et_pb_text][\/et_pb_column][\/et_pb_row][\/et_pb_section]<\/p>\n","protected":false},"excerpt":{"rendered":"<p><div class=\"et_pb_row et_pb_row_0 et_pb_row_empty\">\n\t\t\t\t\n\t\t\t\t\n\t\t\t\t\n\t\t\t\t\n\t\t\t\t\n\t\t\t<\/div> NOTE TO CORRESPONDENTS &nbsp; GENERAL ASSEMBLY PRESIDENT to Head to Rome United Nations, New York, 26 April 2018\u00a0\u2013 The President of the 72nd session of the United Nations General [&hellip;]<\/p>\n","protected":false},"author":204,"featured_media":0,"comment_status":"closed","ping_status":"closed","sticky":false,"template":"","format":"standard","meta":{"_et_pb_use_builder":"on","_et_pb_old_content":"","_et_gb_content_width":"","footnotes":"","_links_to":"","_links_to_target":""},"categories":[61],"tags":[],"class_list":["post-150889","post","type-post","status-publish","format-standard","hentry","category-pressreleases","et-doesnt-have-format-content","et_post_format-et-post-format-standard"],"yoast_head":"<!-- This site is optimized with the Yoast SEO plugin v28.3 - https:\/\/yoast.com\/product\/yoast-seo-wordpress\/ -->\n<title>NOTE TO CORRESPONDENTS: President of General Assembly to Head to Rome - General Assembly of the United Nations<\/title>\n<meta name=\"robots\" content=\"index, follow, max-snippet:-1, max-image-preview:large, max-video-preview:-1\" \/>\n<link rel=\"canonical\" href=\"https:\/\/www.un.org\/pga\/72\/2018\/04\/26\/note-to-correspondents-president-of-general-assembly-to-head-to-rome\/\" \/>\n<meta property=\"og:locale\" content=\"en_US\" \/>\n<meta property=\"og:type\" content=\"article\" \/>\n<meta property=\"og:title\" content=\"NOTE TO CORRESPONDENTS: President of General Assembly to Head to Rome - General Assembly of the United Nations\" \/>\n<meta property=\"og:description\" content=\"NOTE TO CORRESPONDENTS &nbsp; GENERAL ASSEMBLY PRESIDENT to Head to Rome United Nations, New York, 26 April 2018\u00a0\u2013 The President of the 72nd session of the United Nations General [&hellip;]\" \/>\n<meta property=\"og:url\" content=\"https:\/\/www.un.org\/pga\/72\/2018\/04\/26\/note-to-correspondents-president-of-general-assembly-to-head-to-rome\/\" \/>\n<meta property=\"og:site_name\" content=\"General Assembly of the United Nations\" \/>\n<meta property=\"article:published_time\" content=\"2018-04-26T20:34:27+00:00\" \/>\n<meta property=\"article:modified_time\" content=\"2018-04-27T17:54:55+00:00\" \/>\n<meta name=\"author\" content=\"Sharifa Yousef A. S. Alnesf\" \/>\n<meta name=\"twitter:card\" content=\"summary_large_image\" \/>\n<meta name=\"twitter:label1\" content=\"Written by\" \/>\n\t<meta name=\"twitter:data1\" content=\"Sharifa Yousef A. S. Alnesf\" \/>\n\t<meta name=\"twitter:label2\" content=\"Est. reading time\" \/>\n\t<meta name=\"twitter:data2\" content=\"1 minute\" \/>\n<script type=\"application\/ld+json\" class=\"yoast-schema-graph\">{\"@context\":\"https:\\\/\\\/schema.org\",\"@graph\":[{\"@type\":\"Article\",\"@id\":\"https:\\\/\\\/www.un.org\\\/pga\\\/72\\\/2018\\\/04\\\/26\\\/note-to-correspondents-president-of-general-assembly-to-head-to-rome\\\/#article\",\"isPartOf\":{\"@id\":\"https:\\\/\\\/www.un.org\\\/pga\\\/72\\\/2018\\\/04\\\/26\\\/note-to-correspondents-president-of-general-assembly-to-head-to-rome\\\/\"},\"author\":{\"name\":\"Sharifa Yousef A. S. Alnesf\",\"@id\":\"https:\\\/\\\/www.un.org\\\/pga\\\/72\\\/#\\\/schema\\\/person\\\/e633fdf13420126ec19e8d7134a02096\"},\"headline\":\"NOTE TO CORRESPONDENTS: President of General Assembly to Head to Rome\",\"datePublished\":\"2018-04-26T20:34:27+00:00\",\"dateModified\":\"2018-04-27T17:54:55+00:00\",\"mainEntityOfPage\":{\"@id\":\"https:\\\/\\\/www.un.org\\\/pga\\\/72\\\/2018\\\/04\\\/26\\\/note-to-correspondents-president-of-general-assembly-to-head-to-rome\\\/\"},\"wordCount\":268,\"articleSection\":[\"Press Releases\"],\"inLanguage\":\"en-US\"},{\"@type\":\"WebPage\",\"@id\":\"https:\\\/\\\/www.un.org\\\/pga\\\/72\\\/2018\\\/04\\\/26\\\/note-to-correspondents-president-of-general-assembly-to-head-to-rome\\\/\",\"url\":\"https:\\\/\\\/www.un.org\\\/pga\\\/72\\\/2018\\\/04\\\/26\\\/note-to-correspondents-president-of-general-assembly-to-head-to-rome\\\/\",\"name\":\"NOTE TO CORRESPONDENTS: President of General Assembly to Head to Rome - General Assembly of the United Nations\",\"isPartOf\":{\"@id\":\"https:\\\/\\\/www.un.org\\\/pga\\\/72\\\/#website\"},\"datePublished\":\"2018-04-26T20:34:27+00:00\",\"dateModified\":\"2018-04-27T17:54:55+00:00\",\"author\":{\"@id\":\"https:\\\/\\\/www.un.org\\\/pga\\\/72\\\/#\\\/schema\\\/person\\\/e633fdf13420126ec19e8d7134a02096\"},\"breadcrumb\":{\"@id\":\"https:\\\/\\\/www.un.org\\\/pga\\\/72\\\/2018\\\/04\\\/26\\\/note-to-correspondents-president-of-general-assembly-to-head-to-rome\\\/#breadcrumb\"},\"inLanguage\":\"en-US\",\"potentialAction\":[{\"@type\":\"ReadAction\",\"target\":[\"https:\\\/\\\/www.un.org\\\/pga\\\/72\\\/2018\\\/04\\\/26\\\/note-to-correspondents-president-of-general-assembly-to-head-to-rome\\\/\"]}]},{\"@type\":\"BreadcrumbList\",\"@id\":\"https:\\\/\\\/www.un.org\\\/pga\\\/72\\\/2018\\\/04\\\/26\\\/note-to-correspondents-president-of-general-assembly-to-head-to-rome\\\/#breadcrumb\",\"itemListElement\":[{\"@type\":\"ListItem\",\"position\":1,\"name\":\"Home\",\"item\":\"https:\\\/\\\/www.un.org\\\/pga\\\/72\\\/\"},{\"@type\":\"ListItem\",\"position\":2,\"name\":\"NOTE TO CORRESPONDENTS: President of General Assembly to Head to Rome\"}]},{\"@type\":\"WebSite\",\"@id\":\"https:\\\/\\\/www.un.org\\\/pga\\\/72\\\/#website\",\"url\":\"https:\\\/\\\/www.un.org\\\/pga\\\/72\\\/\",\"name\":\"General Assembly of the United Nations\",\"description\":\"President of the 72nd Session\",\"potentialAction\":[{\"@type\":\"SearchAction\",\"target\":{\"@type\":\"EntryPoint\",\"urlTemplate\":\"https:\\\/\\\/www.un.org\\\/pga\\\/72\\\/?s={search_term_string}\"},\"query-input\":{\"@type\":\"PropertyValueSpecification\",\"valueRequired\":true,\"valueName\":\"search_term_string\"}}],\"inLanguage\":\"en-US\"},{\"@type\":\"Person\",\"@id\":\"https:\\\/\\\/www.un.org\\\/pga\\\/72\\\/#\\\/schema\\\/person\\\/e633fdf13420126ec19e8d7134a02096\",\"name\":\"Sharifa Yousef A. S. Alnesf\",\"image\":{\"@type\":\"ImageObject\",\"inLanguage\":\"en-US\",\"@id\":\"https:\\\/\\\/secure.gravatar.com\\\/avatar\\\/73f99484ca19be10ca3c6435c54bb768f6eb290557b2df73e3f59ebf8691db89?s=96&d=mm&r=g\",\"url\":\"https:\\\/\\\/secure.gravatar.com\\\/avatar\\\/73f99484ca19be10ca3c6435c54bb768f6eb290557b2df73e3f59ebf8691db89?s=96&d=mm&r=g\",\"contentUrl\":\"https:\\\/\\\/secure.gravatar.com\\\/avatar\\\/73f99484ca19be10ca3c6435c54bb768f6eb290557b2df73e3f59ebf8691db89?s=96&d=mm&r=g\",\"caption\":\"Sharifa Yousef A. S. Alnesf\"},\"url\":\"https:\\\/\\\/www.un.org\\\/pga\\\/72\\\/author\\\/sharifa-alnesfun-org\\\/\"}]}<\/script>\n<!-- \/ Yoast SEO plugin. -->","yoast_head_json":{"title":"NOTE TO CORRESPONDENTS: President of General Assembly to Head to Rome - General Assembly of the United Nations","robots":{"index":"index","follow":"follow","max-snippet":"max-snippet:-1","max-image-preview":"max-image-preview:large","max-video-preview":"max-video-preview:-1"},"canonical":"https:\/\/www.un.org\/pga\/72\/2018\/04\/26\/note-to-correspondents-president-of-general-assembly-to-head-to-rome\/","og_locale":"en_US","og_type":"article","og_title":"NOTE TO CORRESPONDENTS: President of General Assembly to Head to Rome - General Assembly of the United Nations","og_description":"NOTE TO CORRESPONDENTS &nbsp; GENERAL ASSEMBLY PRESIDENT to Head to Rome United Nations, New York, 26 April 2018\u00a0\u2013 The President of the 72nd session of the United Nations General [&hellip;]","og_url":"https:\/\/www.un.org\/pga\/72\/2018\/04\/26\/note-to-correspondents-president-of-general-assembly-to-head-to-rome\/","og_site_name":"General Assembly of the United Nations","article_published_time":"2018-04-26T20:34:27+00:00","article_modified_time":"2018-04-27T17:54:55+00:00","author":"Sharifa Yousef A. S. Alnesf","twitter_card":"summary_large_image","twitter_misc":{"Written by":"Sharifa Yousef A. S. Alnesf","Est. reading time":"1 minute"},"schema":{"@context":"https:\/\/schema.org","@graph":[{"@type":"Article","@id":"https:\/\/www.un.org\/pga\/72\/2018\/04\/26\/note-to-correspondents-president-of-general-assembly-to-head-to-rome\/#article","isPartOf":{"@id":"https:\/\/www.un.org\/pga\/72\/2018\/04\/26\/note-to-correspondents-president-of-general-assembly-to-head-to-rome\/"},"author":{"name":"Sharifa Yousef A. S. Alnesf","@id":"https:\/\/www.un.org\/pga\/72\/#\/schema\/person\/e633fdf13420126ec19e8d7134a02096"},"headline":"NOTE TO CORRESPONDENTS: President of General Assembly to Head to Rome","datePublished":"2018-04-26T20:34:27+00:00","dateModified":"2018-04-27T17:54:55+00:00","mainEntityOfPage":{"@id":"https:\/\/www.un.org\/pga\/72\/2018\/04\/26\/note-to-correspondents-president-of-general-assembly-to-head-to-rome\/"},"wordCount":268,"articleSection":["Press Releases"],"inLanguage":"en-US"},{"@type":"WebPage","@id":"https:\/\/www.un.org\/pga\/72\/2018\/04\/26\/note-to-correspondents-president-of-general-assembly-to-head-to-rome\/","url":"https:\/\/www.un.org\/pga\/72\/2018\/04\/26\/note-to-correspondents-president-of-general-assembly-to-head-to-rome\/","name":"NOTE TO CORRESPONDENTS: President of General Assembly to Head to Rome - General Assembly of the United Nations","isPartOf":{"@id":"https:\/\/www.un.org\/pga\/72\/#website"},"datePublished":"2018-04-26T20:34:27+00:00","dateModified":"2018-04-27T17:54:55+00:00","author":{"@id":"https:\/\/www.un.org\/pga\/72\/#\/schema\/person\/e633fdf13420126ec19e8d7134a02096"},"breadcrumb":{"@id":"https:\/\/www.un.org\/pga\/72\/2018\/04\/26\/note-to-correspondents-president-of-general-assembly-to-head-to-rome\/#breadcrumb"},"inLanguage":"en-US","potentialAction":[{"@type":"ReadAction","target":["https:\/\/www.un.org\/pga\/72\/2018\/04\/26\/note-to-correspondents-president-of-general-assembly-to-head-to-rome\/"]}]},{"@type":"BreadcrumbList","@id":"https:\/\/www.un.org\/pga\/72\/2018\/04\/26\/note-to-correspondents-president-of-general-assembly-to-head-to-rome\/#breadcrumb","itemListElement":[{"@type":"ListItem","position":1,"name":"Home","item":"https:\/\/www.un.org\/pga\/72\/"},{"@type":"ListItem","position":2,"name":"NOTE TO CORRESPONDENTS: President of General Assembly to Head to Rome"}]},{"@type":"WebSite","@id":"https:\/\/www.un.org\/pga\/72\/#website","url":"https:\/\/www.un.org\/pga\/72\/","name":"General Assembly of the United Nations","description":"President of the 72nd Session","potentialAction":[{"@type":"SearchAction","target":{"@type":"EntryPoint","urlTemplate":"https:\/\/www.un.org\/pga\/72\/?s={search_term_string}"},"query-input":{"@type":"PropertyValueSpecification","valueRequired":true,"valueName":"search_term_string"}}],"inLanguage":"en-US"},{"@type":"Person","@id":"https:\/\/www.un.org\/pga\/72\/#\/schema\/person\/e633fdf13420126ec19e8d7134a02096","name":"Sharifa Yousef A. S. Alnesf","image":{"@type":"ImageObject","inLanguage":"en-US","@id":"https:\/\/secure.gravatar.com\/avatar\/73f99484ca19be10ca3c6435c54bb768f6eb290557b2df73e3f59ebf8691db89?s=96&d=mm&r=g","url":"https:\/\/secure.gravatar.com\/avatar\/73f99484ca19be10ca3c6435c54bb768f6eb290557b2df73e3f59ebf8691db89?s=96&d=mm&r=g","contentUrl":"https:\/\/secure.gravatar.com\/avatar\/73f99484ca19be10ca3c6435c54bb768f6eb290557b2df73e3f59ebf8691db89?s=96&d=mm&r=g","caption":"Sharifa Yousef A. S. Alnesf"},"url":"https:\/\/www.un.org\/pga\/72\/author\/sharifa-alnesfun-org\/"}]}},"_links":{"self":[{"href":"https:\/\/www.un.org\/pga\/72\/wp-json\/wp\/v2\/posts\/150889","targetHints":{"allow":["GET"]}}],"collection":[{"href":"https:\/\/www.un.org\/pga\/72\/wp-json\/wp\/v2\/posts"}],"about":[{"href":"https:\/\/www.un.org\/pga\/72\/wp-json\/wp\/v2\/types\/post"}],"author":[{"embeddable":true,"href":"https:\/\/www.un.org\/pga\/72\/wp-json\/wp\/v2\/users\/204"}],"replies":[{"embeddable":true,"href":"https:\/\/www.un.org\/pga\/72\/wp-json\/wp\/v2\/comments?post=150889"}],"version-history":[{"count":0,"href":"https:\/\/www.un.org\/pga\/72\/wp-json\/wp\/v2\/posts\/150889\/revisions"}],"wp:attachment":[{"href":"https:\/\/www.un.org\/pga\/72\/wp-json\/wp\/v2\/media?parent=150889"}],"wp:term":[{"taxonomy":"category","embeddable":true,"href":"https:\/\/www.un.org\/pga\/72\/wp-json\/wp\/v2\/categories?post=150889"},{"taxonomy":"post_tag","embeddable":true,"href":"https:\/\/www.un.org\/pga\/72\/wp-json\/wp\/v2\/tags?post=150889"}],"curies":[{"name":"wp","href":"https:\/\/api.w.org\/{rel}","templated":true}]}}