  {"id":150989,"date":"2018-04-27T13:59:25","date_gmt":"2018-04-27T17:59:25","guid":{"rendered":"https:\/\/www.un.org\/pga\/72\/?p=150989"},"modified":"2018-04-27T13:59:25","modified_gmt":"2018-04-27T17:59:25","slug":"meeting-of-the-ad-hoc-working-group-on-the-revitalization-of-the-work-of-the-general-assembly-ahwg-on-strengthening-the-accountability-transparency-and-institutional-memory-of-the-office-o","status":"publish","type":"post","link":"https:\/\/www.un.org\/pga\/72\/2018\/04\/27\/meeting-of-the-ad-hoc-working-group-on-the-revitalization-of-the-work-of-the-general-assembly-ahwg-on-strengthening-the-accountability-transparency-and-institutional-memory-of-the-office-o\/","title":{"rendered":"Meeting of the Ad Hoc Working Group on the Revitalization of the work of the General Assembly (AHWG) on \u201cStrengthening the accountability, transparency and institutional memory of the Office of the President of the General Assembly\u201d"},"content":{"rendered":"<p>[et_pb_section bb_built=&#8221;1&#8243;][et_pb_row][et_pb_column type=&#8221;2_3&#8243;][et_pb_text _builder_version=&#8221;3.0.87&#8243; background_layout=&#8221;light&#8221; border_style=&#8221;solid&#8221; background_position=&#8221;top_left&#8221; background_repeat=&#8221;repeat&#8221; background_size=&#8221;initial&#8221;]<\/p>\n<h1><strong>Meeting of the Ad Hoc Working Group on the Revitalization of the work of the General Assembly (AHWG) on \u201cStrengthening the accountability, transparency and institutional memory of the Office of the President of the General Assembly\u201d<\/strong><\/h1>\n<div class=\"post-meta vcard\">\n<p style=\"text-align: left\"><span class=\"updated\">27 April 2018<\/span><\/p>\n<\/div>\n<p>[\/et_pb_text][et_pb_image _builder_version=&#8221;3.0.87&#8243; show_in_lightbox=&#8221;off&#8221; url_new_window=&#8221;off&#8221; use_overlay=&#8221;off&#8221; sticky=&#8221;off&#8221; align=&#8221;left&#8221; always_center_on_mobile=&#8221;on&#8221; border_style=&#8221;solid&#8221; force_fullwidth=&#8221;off&#8221; src=&#8221;https:\/\/www.un.org\/pga\/72\/wp-content\/uploads\/sites\/51\/2018\/04\/DSC08723-Copy.jpg&#8221; show_bottom_space=&#8221;on&#8221; \/][et_pb_text _builder_version=&#8221;3.0.87&#8243; background_layout=&#8221;light&#8221; border_style=&#8221;solid&#8221; background_position=&#8221;top_left&#8221; background_repeat=&#8221;repeat&#8221; background_size=&#8221;initial&#8221;]<\/p>\n<h4 style=\"text-align: center\"><em>&#8211; As delivered &#8211;<\/em><\/h4>\n<h2>Statement by H.E. Mr. Miroslav Laj\u010d\u00e1k, President of the 72<sup>nd<\/sup> Session of the Ä¢¹½ÊÓÆµ General Assembly, at\u00a0Meeting of the Ad Hoc Working Group on the Revitalization of the work of the General Assembly (AHWG) on \u201cStrengthening the accountability, transparency and institutional memory of the Office of the President of the General Assembly\u201d<\/h2>\n<p>&nbsp;<\/p>\n<p>&nbsp;<\/p>\n<p><em>Good morning Co-chairs, Excellencies, Dear Delegates, Colleagues,<\/em><br \/>\nThis morning we are meeting to talk about the accountability, transparency and institutional memory of the Office of the President of the General Assembly.<br \/>\nHaving been in this position for seven months, I have become deeply aware of how crucial these issues are, not only for my Office but for the credibility and legitimacy of the General Assembly, which is the most representative body of the United Nations. I hope this morning discussion will be as open, practical and useful as possible. I attach great importance to this discussion, which affects the way I do my job \u2013 and the work of my successors. It is important not just for my Office, but for the credibility \u2013 and legitimacy \u2013 of the United Nations\u2019 most representative body: The General Assembly.<br \/>\nI would like to contribute to this discussion by focusing on three areas.<\/p>\n<p>The first area is about the evolution of the work of the General Assembly. The fact is that the nature of the General Assembly\u2019s work has changed. It has grown. And it has evolved.<br \/>\nSo, too, have the demands on its President.<br \/>\nThis might not be immediately obvious \u2013 but, when tracked over time \u2013 it is glaring.<br \/>\nSo, here are couple of main reasons.<br \/>\nFirst is a shift of work from Main Committees or PrepComms to the plenary.<br \/>\nSecond is the expanding agenda of the Assembly. This means the President has been tasked to organise more meetings, more briefings, more dialogues and more hearings \u2013 with an increasing range of stakeholders.<br \/>\nI will now give one example of the proliferation of the General Assembly\u2019s activities is the high-level week of the 74th Session. This may seem like a long time away but it is closer that we think. Let me tell you that we have already agreed to convene:<br \/>\n1. The High-level Political Forum<br \/>\n2. The High-level Dialogue on Financing for Development<br \/>\n3. The Samoa Pathway review<br \/>\n4. A meeting on the total elimination of nuclear weapons. And\u2026<br \/>\n5. A meeting on universal health coverage.<br \/>\nAll this is in parallel to the General debate and work during the 74th session. And we are still in the 72nd session of the Assembly, so this may not be the final list of events.<br \/>\nThe Assembly has, many times, called for a limit to the number of events taking place during the General Debate. I have always echoed this call myself. We must all ask ourselves: With all the meetings already mandated for the 74th session, can we maintain the stature and prestige that the General Debate deserves \u2013 as the most important multilateral meeting of world leaders?<br \/>\nI fear that we cannot.<br \/>\nThird, on top of the mandated events, a higher number of negotiation processes require the President to play an oversight role. I have altogether over 30 different mandates \u2013 to convene meetings or appoint co-facilitators. I so far appointed co-facilitators for 16 negotiation processes. Only two of them have already concluded. I have five mandates to organize multi-stakeholder hearings or dialogues. All these mandates call for action and follow-up from my Office.<br \/>\nAll of this demands a President who is more visible, and more active. But, with no more support.<br \/>\nAnd it is an issue that needs to be addressed. Because the direct consequence is that the Office of the President of the General Assembly depends heavily on voluntary support.<br \/>\nIImmediately after being elected last summer I turned myself into fundraiser using all my meetings as a Foreign Minister and all my contacts to secure enough financing for this 72nd session. And I am happy to say that I was fortunate enough to succeed. I am very grateful to all Member States who supported the Trust Fund of the President of the General Assembly. But I want to tell you that voluntary contributions make up 88% of my Office\u2019s budget and only 12% comes from the regular budget.<br \/>\nSo, I ask myself\u2026\u2026\u2026what if I had not succeeded? What if I had not had the time \u2013 or the resources \u2013 to fundraise, like I did? Would my Office have been able to cope with the mandates?<br \/>\nAnd, the answer, frankly, is no.<br \/>\nSo, we are witnessing a trend that there is a growing distance between demands and expectations on one side and support on the other side. This needs to be addressed.<br \/>\nSo, I urge you to seriously consider this \u2013 for future Presidents and future work of the General Assembly.<\/p>\n<p>&nbsp;<\/p>\n<p>The second area I want to address is the institutional memory.<br \/>\nAs you know, this is crucial &#8211; for every company and every institution. There must be a system in place, to make sure that lessons and expertise, do not get lost, when there is a changeover in staff.<br \/>\nAnd, I am pleased to say that steps have been taken to strengthen the institutional memory of the Office of the President of the General Assembly.<br \/>\nI shall mention the handover report \u2013 which is shared with the entire membership. I shall mention the ongoing efforts to improve archiving. I shall mention the annual retreat, organized by the Permanent Mission of Finland, and the induction training provided by DGACM for members of the OPGA.<br \/>\nAnd I want to thank you for taking another step, last December. Member States approved the funding for a one-month transition period for staff funded through the regular budget. This will allow these staff members to have some more time, to prepare for the next session.<br \/>\nBut let me be again frank in saying to you that this is not enough.<br \/>\nThe turnover rate in the Office of the President is too high, for this to be enough. In fact, most of the OPGA team members start from the scratch, each year. In my case I have 29 team members, out of them 6 team members and 3 administrative assistants have served under previous Presidencies. That means 20 out of 29 are new.<br \/>\nIt takes a lot of time, first of all, to build a team and to properly induct a team, in these settings. And, this is a luxury that we don\u2019t have.<br \/>\nInstead, there is a very small window for a new Office to get acquainted, before the start of the busiest week of the year: the high-level week of the General Assembly.<br \/>\nSo, this learning curve is a very steep. And it happens when the stakes are the highest \u2013 with delegations around the world watching.<br \/>\nTherefore I believe more preparation time is badly needed.<br \/>\nAnd I would like to suggest, in full seriousness, to discuss the possibility of opening the General Assembly Session earlier than a week before the General Debate. This would give the Office more time, to establish itself and get in full speed and full swing before the demands of high-level week begin. I feel very strongly about this point because there is nothing to lose but a lot to gain in terms of credibility of the Assembly.<\/p>\n<p>[\/et_pb_text][et_pb_text _builder_version=&#8221;3.0.87&#8243; background_layout=&#8221;light&#8221; border_style=&#8221;solid&#8221; background_position=&#8221;top_left&#8221; background_repeat=&#8221;repeat&#8221; background_size=&#8221;initial&#8221;]<\/p>\n<p>The third area I want to mention, this morning, is about transparency and accountability.<br \/>\nI am glad to see the revitalization process has been very active in these areas. And this makes the Office of the President of the General Assembly stronger.<br \/>\nI am personally deeply committed to carrying out the mandate you gave me, on these issues. As you know I was the second President in the history of the United Nations to take the Oath of Office. I am the first to voluntarily publish a summary of my financial disclosure online. All resources under my Office are used in accordance with United Nations financial rules and regulations. I also make other details, on the activities and financing of my Office, available to the public through my website.<br \/>\nI consider as very important for the President and the Office of the President to interact and engage. That is why I have briefed all Member States on my priorities and objectives. I have also met with the chairs of the regional groups to share information on current and planned activities. And, I have engaged with those outside this system \u2013 including civil society representatives.<br \/>\nI have been continuing a very useful practice of monthly meetings with the Secretary-General, the President of ECOSOC and the President of the Security Council. And it is very important and very useful to exchange information about our activities, which strengthens cohesion of our work and cooperation.<br \/>\nMy Morning Dialogues, which are informal, yet I consider them useful as an opportunity to build closer links with delegations.<br \/>\nThe General Committee role is very important. At the beginning of my mandate, I announced that I was determined to harness the expertise and experience of this Committee. This has been happening and I have sought this advice multiple times this year, especially at our meeting on the alignment process, in light of the adoption of the 2030 agenda, was particularly helpful.<br \/>\nAnd, as I have said in the beginning and I continue to stress that my door is always open to you, to anybody who wishes to consult, seek an advice or share its observations.<br \/>\nNext week, we will take another big step \u2013 towards a more transparent and accountable Office. As you know, on 4 May, I will convene the very first interactive dialogues with candidates for President of the General Assembly.<br \/>\nThis is the mandate, which came directly from you, from the Member States.<br \/>\nResolution 71\/323 requests and here I will quote some of the text \u201c\u2026to conduct informal interactive dialogues with candidates for the position of President of the General Assembly, thus contributing to the transparency and inclusivity of the process\u2026\u201c<br \/>\nAnd it is my priority to make sure, in accordance with a clear mandate which I received from Member States, to organize a process that is credible and transparent.<\/p>\n<p>So, these are the three areas I wanted to raise today.<br \/>\nI want to thank you again for inviting me to address you.<\/p>\n<p>And I want to commend our excellent co-chairs, His Excellency, Mr. Vladimir Drobnjak, Permanent Representative of Croatia, and Her Excellency, Ms. Mar\u00eda Emma Mej\u00eda V\u00e9lez, Permanent Representative of Colombia for their dedicated and professional work.<br \/>\nFinally, I want to say that this process of revitalization of the work of the General Assembly has produced visible results year after year. I strongly support it. It is part of our efforts, to make the United Nations \u2013 and in particular the General Assembly, as its most representative body as strong as it can be.<br \/>\nAnd, I am absolutely certain that this is a good thing for the United Nations and for the people we are here to serve.<br \/>\n<em>Thank you.<\/em><\/p>\n<p>[\/et_pb_text][\/et_pb_column][et_pb_column type=&#8221;1_3&#8243;][et_pb_divider _builder_version=&#8221;3.0.69&#8243; divider_style=&#8221;solid&#8221; divider_position=&#8221;top&#8221; height=&#8221;150&#8243; hide_on_mobile=&#8221;on&#8221; \/][\/et_pb_column][\/et_pb_row][\/et_pb_section]<\/p>\n","protected":false},"excerpt":{"rendered":"<p>Statement by H.E. Mr. Miroslav Laj\u010d\u00e1k, President of the 72nd Session of the Ä¢¹½ÊÓÆµ General Assembly, at meeting of the Ad Hoc Working Group on the Revitalization of the work of the General Assembly (AHWG) on \u201cStrengthening the accountability, transparency and institutional memory of the Office of the President of the General Assembly\u201d<\/p>\n","protected":false},"author":204,"featured_media":0,"comment_status":"closed","ping_status":"closed","sticky":false,"template":"","format":"standard","meta":{"_et_pb_use_builder":"on","_et_pb_old_content":"","_et_gb_content_width":"","footnotes":"","_links_to":"","_links_to_target":""},"categories":[53],"tags":[],"class_list":["post-150989","post","type-post","status-publish","format-standard","hentry","category-statements","et-doesnt-have-format-content","et_post_format-et-post-format-standard"],"yoast_head":"<!-- This site is optimized with the Yoast SEO plugin v28.3 - https:\/\/yoast.com\/product\/yoast-seo-wordpress\/ -->\n<title>Meeting of the Ad Hoc Working Group on the Revitalization of the work of the General Assembly (AHWG) on \u201cStrengthening the accountability, transparency and institutional memory of the Office of the President of the General Assembly\u201d - General Assembly of the United Nations<\/title>\n<meta name=\"robots\" content=\"index, follow, max-snippet:-1, max-image-preview:large, max-video-preview:-1\" \/>\n<link rel=\"canonical\" href=\"https:\/\/www.un.org\/pga\/72\/2018\/04\/27\/meeting-of-the-ad-hoc-working-group-on-the-revitalization-of-the-work-of-the-general-assembly-ahwg-on-strengthening-the-accountability-transparency-and-institutional-memory-of-the-office-o\/\" \/>\n<meta property=\"og:locale\" content=\"en_US\" \/>\n<meta property=\"og:type\" content=\"article\" \/>\n<meta property=\"og:title\" content=\"Meeting of the Ad Hoc Working Group on the Revitalization of the work of the General Assembly (AHWG) on \u201cStrengthening the accountability, transparency and institutional memory of the Office of the President of the General Assembly\u201d - General Assembly of the United Nations\" \/>\n<meta property=\"og:description\" content=\"Statement by H.E. Mr. Miroslav Laj\u010d\u00e1k, President of the 72nd Session of the Ä¢¹½ÊÓÆµ General Assembly, at meeting of the Ad Hoc Working Group on the Revitalization of the work of the General Assembly (AHWG) on \u201cStrengthening the accountability, transparency and institutional memory of the Office of the President of the General Assembly\u201d\" \/>\n<meta property=\"og:url\" content=\"https:\/\/www.un.org\/pga\/72\/2018\/04\/27\/meeting-of-the-ad-hoc-working-group-on-the-revitalization-of-the-work-of-the-general-assembly-ahwg-on-strengthening-the-accountability-transparency-and-institutional-memory-of-the-office-o\/\" \/>\n<meta property=\"og:site_name\" content=\"General Assembly of the United Nations\" \/>\n<meta property=\"article:published_time\" content=\"2018-04-27T17:59:25+00:00\" \/>\n<meta name=\"author\" content=\"Sharifa Yousef A. S. Alnesf\" \/>\n<meta name=\"twitter:card\" content=\"summary_large_image\" \/>\n<meta name=\"twitter:label1\" content=\"Written by\" \/>\n\t<meta name=\"twitter:data1\" content=\"Sharifa Yousef A. S. Alnesf\" \/>\n\t<meta name=\"twitter:label2\" content=\"Est. reading time\" \/>\n\t<meta name=\"twitter:data2\" content=\"10 minutes\" \/>\n<script type=\"application\/ld+json\" class=\"yoast-schema-graph\">{\"@context\":\"https:\\\/\\\/schema.org\",\"@graph\":[{\"@type\":\"Article\",\"@id\":\"https:\\\/\\\/www.un.org\\\/pga\\\/72\\\/2018\\\/04\\\/27\\\/meeting-of-the-ad-hoc-working-group-on-the-revitalization-of-the-work-of-the-general-assembly-ahwg-on-strengthening-the-accountability-transparency-and-institutional-memory-of-the-office-o\\\/#article\",\"isPartOf\":{\"@id\":\"https:\\\/\\\/www.un.org\\\/pga\\\/72\\\/2018\\\/04\\\/27\\\/meeting-of-the-ad-hoc-working-group-on-the-revitalization-of-the-work-of-the-general-assembly-ahwg-on-strengthening-the-accountability-transparency-and-institutional-memory-of-the-office-o\\\/\"},\"author\":{\"name\":\"Sharifa Yousef A. S. Alnesf\",\"@id\":\"https:\\\/\\\/www.un.org\\\/pga\\\/72\\\/#\\\/schema\\\/person\\\/e633fdf13420126ec19e8d7134a02096\"},\"headline\":\"Meeting of the Ad Hoc Working Group on the Revitalization of the work of the General Assembly (AHWG) on \u201cStrengthening the accountability, transparency and institutional memory of the Office of the President of the General Assembly\u201d\",\"datePublished\":\"2018-04-27T17:59:25+00:00\",\"mainEntityOfPage\":{\"@id\":\"https:\\\/\\\/www.un.org\\\/pga\\\/72\\\/2018\\\/04\\\/27\\\/meeting-of-the-ad-hoc-working-group-on-the-revitalization-of-the-work-of-the-general-assembly-ahwg-on-strengthening-the-accountability-transparency-and-institutional-memory-of-the-office-o\\\/\"},\"wordCount\":2059,\"articleSection\":[\"Statements\"],\"inLanguage\":\"en-US\"},{\"@type\":\"WebPage\",\"@id\":\"https:\\\/\\\/www.un.org\\\/pga\\\/72\\\/2018\\\/04\\\/27\\\/meeting-of-the-ad-hoc-working-group-on-the-revitalization-of-the-work-of-the-general-assembly-ahwg-on-strengthening-the-accountability-transparency-and-institutional-memory-of-the-office-o\\\/\",\"url\":\"https:\\\/\\\/www.un.org\\\/pga\\\/72\\\/2018\\\/04\\\/27\\\/meeting-of-the-ad-hoc-working-group-on-the-revitalization-of-the-work-of-the-general-assembly-ahwg-on-strengthening-the-accountability-transparency-and-institutional-memory-of-the-office-o\\\/\",\"name\":\"Meeting of the Ad Hoc Working Group on the Revitalization of the work of the General Assembly (AHWG) on \u201cStrengthening the accountability, transparency and institutional memory of the Office of the President of the General Assembly\u201d - General Assembly of the United Nations\",\"isPartOf\":{\"@id\":\"https:\\\/\\\/www.un.org\\\/pga\\\/72\\\/#website\"},\"datePublished\":\"2018-04-27T17:59:25+00:00\",\"author\":{\"@id\":\"https:\\\/\\\/www.un.org\\\/pga\\\/72\\\/#\\\/schema\\\/person\\\/e633fdf13420126ec19e8d7134a02096\"},\"breadcrumb\":{\"@id\":\"https:\\\/\\\/www.un.org\\\/pga\\\/72\\\/2018\\\/04\\\/27\\\/meeting-of-the-ad-hoc-working-group-on-the-revitalization-of-the-work-of-the-general-assembly-ahwg-on-strengthening-the-accountability-transparency-and-institutional-memory-of-the-office-o\\\/#breadcrumb\"},\"inLanguage\":\"en-US\",\"potentialAction\":[{\"@type\":\"ReadAction\",\"target\":[\"https:\\\/\\\/www.un.org\\\/pga\\\/72\\\/2018\\\/04\\\/27\\\/meeting-of-the-ad-hoc-working-group-on-the-revitalization-of-the-work-of-the-general-assembly-ahwg-on-strengthening-the-accountability-transparency-and-institutional-memory-of-the-office-o\\\/\"]}]},{\"@type\":\"BreadcrumbList\",\"@id\":\"https:\\\/\\\/www.un.org\\\/pga\\\/72\\\/2018\\\/04\\\/27\\\/meeting-of-the-ad-hoc-working-group-on-the-revitalization-of-the-work-of-the-general-assembly-ahwg-on-strengthening-the-accountability-transparency-and-institutional-memory-of-the-office-o\\\/#breadcrumb\",\"itemListElement\":[{\"@type\":\"ListItem\",\"position\":1,\"name\":\"Home\",\"item\":\"https:\\\/\\\/www.un.org\\\/pga\\\/72\\\/\"},{\"@type\":\"ListItem\",\"position\":2,\"name\":\"Meeting of the Ad Hoc Working Group on the Revitalization of the work of the General Assembly (AHWG) on \u201cStrengthening the accountability, transparency and institutional memory of the Office of the President of the General Assembly\u201d\"}]},{\"@type\":\"WebSite\",\"@id\":\"https:\\\/\\\/www.un.org\\\/pga\\\/72\\\/#website\",\"url\":\"https:\\\/\\\/www.un.org\\\/pga\\\/72\\\/\",\"name\":\"General Assembly of the United Nations\",\"description\":\"President of the 72nd Session\",\"potentialAction\":[{\"@type\":\"SearchAction\",\"target\":{\"@type\":\"EntryPoint\",\"urlTemplate\":\"https:\\\/\\\/www.un.org\\\/pga\\\/72\\\/?s={search_term_string}\"},\"query-input\":{\"@type\":\"PropertyValueSpecification\",\"valueRequired\":true,\"valueName\":\"search_term_string\"}}],\"inLanguage\":\"en-US\"},{\"@type\":\"Person\",\"@id\":\"https:\\\/\\\/www.un.org\\\/pga\\\/72\\\/#\\\/schema\\\/person\\\/e633fdf13420126ec19e8d7134a02096\",\"name\":\"Sharifa Yousef A. S. Alnesf\",\"image\":{\"@type\":\"ImageObject\",\"inLanguage\":\"en-US\",\"@id\":\"https:\\\/\\\/secure.gravatar.com\\\/avatar\\\/73f99484ca19be10ca3c6435c54bb768f6eb290557b2df73e3f59ebf8691db89?s=96&d=mm&r=g\",\"url\":\"https:\\\/\\\/secure.gravatar.com\\\/avatar\\\/73f99484ca19be10ca3c6435c54bb768f6eb290557b2df73e3f59ebf8691db89?s=96&d=mm&r=g\",\"contentUrl\":\"https:\\\/\\\/secure.gravatar.com\\\/avatar\\\/73f99484ca19be10ca3c6435c54bb768f6eb290557b2df73e3f59ebf8691db89?s=96&d=mm&r=g\",\"caption\":\"Sharifa Yousef A. S. Alnesf\"},\"url\":\"https:\\\/\\\/www.un.org\\\/pga\\\/72\\\/author\\\/sharifa-alnesfun-org\\\/\"}]}<\/script>\n<!-- \/ Yoast SEO plugin. -->","yoast_head_json":{"title":"Meeting of the Ad Hoc Working Group on the Revitalization of the work of the General Assembly (AHWG) on \u201cStrengthening the accountability, transparency and institutional memory of the Office of the President of the General Assembly\u201d - General Assembly of the United Nations","robots":{"index":"index","follow":"follow","max-snippet":"max-snippet:-1","max-image-preview":"max-image-preview:large","max-video-preview":"max-video-preview:-1"},"canonical":"https:\/\/www.un.org\/pga\/72\/2018\/04\/27\/meeting-of-the-ad-hoc-working-group-on-the-revitalization-of-the-work-of-the-general-assembly-ahwg-on-strengthening-the-accountability-transparency-and-institutional-memory-of-the-office-o\/","og_locale":"en_US","og_type":"article","og_title":"Meeting of the Ad Hoc Working Group on the Revitalization of the work of the General Assembly (AHWG) on \u201cStrengthening the accountability, transparency and institutional memory of the Office of the President of the General Assembly\u201d - General Assembly of the United Nations","og_description":"Statement by H.E. Mr. Miroslav Laj\u010d\u00e1k, President of the 72nd Session of the Ä¢¹½ÊÓÆµ General Assembly, at meeting of the Ad Hoc Working Group on the Revitalization of the work of the General Assembly (AHWG) on \u201cStrengthening the accountability, transparency and institutional memory of the Office of the President of the General Assembly\u201d","og_url":"https:\/\/www.un.org\/pga\/72\/2018\/04\/27\/meeting-of-the-ad-hoc-working-group-on-the-revitalization-of-the-work-of-the-general-assembly-ahwg-on-strengthening-the-accountability-transparency-and-institutional-memory-of-the-office-o\/","og_site_name":"General Assembly of the United Nations","article_published_time":"2018-04-27T17:59:25+00:00","author":"Sharifa Yousef A. S. Alnesf","twitter_card":"summary_large_image","twitter_misc":{"Written by":"Sharifa Yousef A. S. Alnesf","Est. reading time":"10 minutes"},"schema":{"@context":"https:\/\/schema.org","@graph":[{"@type":"Article","@id":"https:\/\/www.un.org\/pga\/72\/2018\/04\/27\/meeting-of-the-ad-hoc-working-group-on-the-revitalization-of-the-work-of-the-general-assembly-ahwg-on-strengthening-the-accountability-transparency-and-institutional-memory-of-the-office-o\/#article","isPartOf":{"@id":"https:\/\/www.un.org\/pga\/72\/2018\/04\/27\/meeting-of-the-ad-hoc-working-group-on-the-revitalization-of-the-work-of-the-general-assembly-ahwg-on-strengthening-the-accountability-transparency-and-institutional-memory-of-the-office-o\/"},"author":{"name":"Sharifa Yousef A. S. Alnesf","@id":"https:\/\/www.un.org\/pga\/72\/#\/schema\/person\/e633fdf13420126ec19e8d7134a02096"},"headline":"Meeting of the Ad Hoc Working Group on the Revitalization of the work of the General Assembly (AHWG) on \u201cStrengthening the accountability, transparency and institutional memory of the Office of the President of the General Assembly\u201d","datePublished":"2018-04-27T17:59:25+00:00","mainEntityOfPage":{"@id":"https:\/\/www.un.org\/pga\/72\/2018\/04\/27\/meeting-of-the-ad-hoc-working-group-on-the-revitalization-of-the-work-of-the-general-assembly-ahwg-on-strengthening-the-accountability-transparency-and-institutional-memory-of-the-office-o\/"},"wordCount":2059,"articleSection":["Statements"],"inLanguage":"en-US"},{"@type":"WebPage","@id":"https:\/\/www.un.org\/pga\/72\/2018\/04\/27\/meeting-of-the-ad-hoc-working-group-on-the-revitalization-of-the-work-of-the-general-assembly-ahwg-on-strengthening-the-accountability-transparency-and-institutional-memory-of-the-office-o\/","url":"https:\/\/www.un.org\/pga\/72\/2018\/04\/27\/meeting-of-the-ad-hoc-working-group-on-the-revitalization-of-the-work-of-the-general-assembly-ahwg-on-strengthening-the-accountability-transparency-and-institutional-memory-of-the-office-o\/","name":"Meeting of the Ad Hoc Working Group on the Revitalization of the work of the General Assembly (AHWG) on \u201cStrengthening the accountability, transparency and institutional memory of the Office of the President of the General Assembly\u201d - General Assembly of the United Nations","isPartOf":{"@id":"https:\/\/www.un.org\/pga\/72\/#website"},"datePublished":"2018-04-27T17:59:25+00:00","author":{"@id":"https:\/\/www.un.org\/pga\/72\/#\/schema\/person\/e633fdf13420126ec19e8d7134a02096"},"breadcrumb":{"@id":"https:\/\/www.un.org\/pga\/72\/2018\/04\/27\/meeting-of-the-ad-hoc-working-group-on-the-revitalization-of-the-work-of-the-general-assembly-ahwg-on-strengthening-the-accountability-transparency-and-institutional-memory-of-the-office-o\/#breadcrumb"},"inLanguage":"en-US","potentialAction":[{"@type":"ReadAction","target":["https:\/\/www.un.org\/pga\/72\/2018\/04\/27\/meeting-of-the-ad-hoc-working-group-on-the-revitalization-of-the-work-of-the-general-assembly-ahwg-on-strengthening-the-accountability-transparency-and-institutional-memory-of-the-office-o\/"]}]},{"@type":"BreadcrumbList","@id":"https:\/\/www.un.org\/pga\/72\/2018\/04\/27\/meeting-of-the-ad-hoc-working-group-on-the-revitalization-of-the-work-of-the-general-assembly-ahwg-on-strengthening-the-accountability-transparency-and-institutional-memory-of-the-office-o\/#breadcrumb","itemListElement":[{"@type":"ListItem","position":1,"name":"Home","item":"https:\/\/www.un.org\/pga\/72\/"},{"@type":"ListItem","position":2,"name":"Meeting of the Ad Hoc Working Group on the Revitalization of the work of the General Assembly (AHWG) on \u201cStrengthening the accountability, transparency and institutional memory of the Office of the President of the General Assembly\u201d"}]},{"@type":"WebSite","@id":"https:\/\/www.un.org\/pga\/72\/#website","url":"https:\/\/www.un.org\/pga\/72\/","name":"General Assembly of the United Nations","description":"President of the 72nd Session","potentialAction":[{"@type":"SearchAction","target":{"@type":"EntryPoint","urlTemplate":"https:\/\/www.un.org\/pga\/72\/?s={search_term_string}"},"query-input":{"@type":"PropertyValueSpecification","valueRequired":true,"valueName":"search_term_string"}}],"inLanguage":"en-US"},{"@type":"Person","@id":"https:\/\/www.un.org\/pga\/72\/#\/schema\/person\/e633fdf13420126ec19e8d7134a02096","name":"Sharifa Yousef A. S. Alnesf","image":{"@type":"ImageObject","inLanguage":"en-US","@id":"https:\/\/secure.gravatar.com\/avatar\/73f99484ca19be10ca3c6435c54bb768f6eb290557b2df73e3f59ebf8691db89?s=96&d=mm&r=g","url":"https:\/\/secure.gravatar.com\/avatar\/73f99484ca19be10ca3c6435c54bb768f6eb290557b2df73e3f59ebf8691db89?s=96&d=mm&r=g","contentUrl":"https:\/\/secure.gravatar.com\/avatar\/73f99484ca19be10ca3c6435c54bb768f6eb290557b2df73e3f59ebf8691db89?s=96&d=mm&r=g","caption":"Sharifa Yousef A. S. Alnesf"},"url":"https:\/\/www.un.org\/pga\/72\/author\/sharifa-alnesfun-org\/"}]}},"_links":{"self":[{"href":"https:\/\/www.un.org\/pga\/72\/wp-json\/wp\/v2\/posts\/150989","targetHints":{"allow":["GET"]}}],"collection":[{"href":"https:\/\/www.un.org\/pga\/72\/wp-json\/wp\/v2\/posts"}],"about":[{"href":"https:\/\/www.un.org\/pga\/72\/wp-json\/wp\/v2\/types\/post"}],"author":[{"embeddable":true,"href":"https:\/\/www.un.org\/pga\/72\/wp-json\/wp\/v2\/users\/204"}],"replies":[{"embeddable":true,"href":"https:\/\/www.un.org\/pga\/72\/wp-json\/wp\/v2\/comments?post=150989"}],"version-history":[{"count":0,"href":"https:\/\/www.un.org\/pga\/72\/wp-json\/wp\/v2\/posts\/150989\/revisions"}],"wp:attachment":[{"href":"https:\/\/www.un.org\/pga\/72\/wp-json\/wp\/v2\/media?parent=150989"}],"wp:term":[{"taxonomy":"category","embeddable":true,"href":"https:\/\/www.un.org\/pga\/72\/wp-json\/wp\/v2\/categories?post=150989"},{"taxonomy":"post_tag","embeddable":true,"href":"https:\/\/www.un.org\/pga\/72\/wp-json\/wp\/v2\/tags?post=150989"}],"curies":[{"name":"wp","href":"https:\/\/api.w.org\/{rel}","templated":true}]}}