  {"id":152801,"date":"2018-05-09T17:21:24","date_gmt":"2018-05-09T21:21:24","guid":{"rendered":"https:\/\/www.un.org\/pga\/72\/?p=152801"},"modified":"2018-05-10T09:31:28","modified_gmt":"2018-05-10T13:31:28","slug":"opening-of-the-photo-exhibition-the-lessons-of-the-long-gone-war-we-still-remember","status":"publish","type":"post","link":"https:\/\/www.un.org\/pga\/72\/2018\/05\/09\/opening-of-the-photo-exhibition-the-lessons-of-the-long-gone-war-we-still-remember\/","title":{"rendered":"Photo exhibition opening \u201cThe lessons of the Long-gone War We Still Remember\u201d"},"content":{"rendered":"<p>[et_pb_section bb_built=&#8221;1&#8243;][et_pb_row][et_pb_column type=&#8221;2_3&#8243;][et_pb_text _builder_version=&#8221;3.0.87&#8243; background_layout=&#8221;light&#8221; border_style=&#8221;solid&#8221; background_position=&#8221;top_left&#8221; background_repeat=&#8221;repeat&#8221; background_size=&#8221;initial&#8221;]<\/p>\n<h1>Opening of the photo exhibition \u201cThe lessons of the Long-gone War We Still Remember\u201d<\/h1>\n<div class=\"post-meta vcard\">\n<p style=\"text-align: left\"><span class=\"updated\">9 May 2018<\/span><\/p>\n<\/div>\n<p>[\/et_pb_text][et_pb_image _builder_version=&#8221;3.0.87&#8243; show_in_lightbox=&#8221;off&#8221; url_new_window=&#8221;off&#8221; use_overlay=&#8221;off&#8221; sticky=&#8221;off&#8221; align=&#8221;left&#8221; always_center_on_mobile=&#8221;on&#8221; border_style=&#8221;solid&#8221; force_fullwidth=&#8221;off&#8221; src=&#8221;https:\/\/www.un.org\/pga\/72\/wp-content\/uploads\/sites\/51\/2018\/05\/DSC09575.jpg&#8221; show_bottom_space=&#8221;on&#8221; border_style_all=&#8221;solid&#8221; \/][et_pb_text _builder_version=&#8221;3.0.87&#8243; background_layout=&#8221;light&#8221; border_style=&#8221;solid&#8221; background_position=&#8221;top_left&#8221; background_repeat=&#8221;repeat&#8221; background_size=&#8221;initial&#8221;]<\/p>\n<h4 style=\"text-align: center\"><em>&#8211; As delivered &#8211;<\/em><\/h4>\n<h2>Statement on behalf of H.E. Mr. Miroslav Laj\u010d\u00e1k, President of the 72nd Session of the Ä¢¹½ÊÓÆµ General Assembly, delivered by the Chef de Cabinet H.E. Mr. Franti\u0161ek Ru\u017ei\u010dka, at the opening of the photo exhibition \u201cThe lessons of the Long-gone War We Still Remember\u201d<\/h2>\n<p>&nbsp;<\/p>\n<p><em>Thank you, Ambassador Nebenzia,<\/em><br \/>\n<em>Thank you, Ambassadors of nine countries organizing this event, <\/em><br \/>\n<em>Dear Mr. Secretary-General, Excellencies, Ladies and Gentlemen,<\/em><\/p>\n<p>It is truly a great honour for me to be with you all as we commemorate the end of the Second World War and commemorate all fallen for our today\u2019s peace. And as we remember tens of millions who lost their lives, the victims of the most devastated conflict the mankind has ever seen. It was deadliest world war in history. It impacted every single human being on this planet \u2013 though some more than others. And as we stand here together, we pay homage to those suffered the most.<\/p>\n<p>We definitely remember the Long-gone War. But do we remember the lessons?<\/p>\n<p>Our predecessors spared no time and effort and while battles continued throughout the world, representatives of 50 nations gathered in San Francisco, 73 years ago. All participants understood the urgent necessity to agree on better arbitration of international conflicts with a view of sustainable peace. As a result, the principles of the U.N. Charter were first formulated. The principles, according to which the disputes must take place in conference rooms, not battlefields. And diplomacy and multilateralism must be over bombings and attacks.<\/p>\n<p>Those were powerful lessons, we learned for our own survival. The failure of sustainable peace efforts after the First World War had taught us another lesson \u2013 universality and inclusiveness. We have achieved both on 24 October 1945, when we established this inclusive platform and the Ä¢¹½ÊÓÆµ Charter as the universal document came into force.<\/p>\n<p>We remember the Second World War not only by account of numbers and horrors. Unfortunately, we also remember the Second World War by the darkest chapter of our history. The Holocaust. The pictures from concentration camps make us remember. The Shoah survivors who come to the Ä¢¹½ÊÓÆµ every year to commemorative events teach us the lesson. The lesson of the necessity to counter hatred, denial, radicalization, extremism and xenophobia in their origins. The lesson of the need to educate citizens of the world, and most importantly children, not to repeat our mistakes. The lesson of inevitability to engage in genuine and constructive efforts to prevent these horrors. Once and for all.<\/p>\n<p>Today we live in the most prosperous times of the history of our planet. With the most inclusive system of global institutions and the most universal set of rules. Based on these achievements, my final appeal can only be the call for unity. We all have a historic responsibility to maintain peace and security. Our utmost duty is to learn from lessons of our predecessors to prevent further wars and conflicts. To be successful, we must stand united. We must respect the rules and litara of the international law. Simply because radicalization, extremism, hatred and xenophobia have no respect for rules. No respect for human dignity. And no respect for territorial borders. Unity is the only sustainable way of our peaceful efforts, through dialogue and multilateralism. And that\u2019s why unity is in the very name of this organization.<\/p>\n<p><em>Thank you for your attention<\/em><\/p>\n<p>[\/et_pb_text][\/et_pb_column][et_pb_column type=&#8221;1_3&#8243;][\/et_pb_column][\/et_pb_row][\/et_pb_section]<\/p>\n","protected":false},"excerpt":{"rendered":"<p>Statement delivered  by the Chef de Cabinet H.E. Mr. Franti\u0161ek Ru\u017ei\u010dka on behalf of H.E. Mr. Miroslav Laj\u010d\u00e1k, President of the 72nd Session of the Ä¢¹½ÊÓÆµ General Assembly, at the opening of the photo exhibition \u201cThe lessons of the Long-gone War We Still Remember\u201d<\/p>\n","protected":false},"author":204,"featured_media":152805,"comment_status":"closed","ping_status":"closed","sticky":false,"template":"","format":"standard","meta":{"_et_pb_use_builder":"on","_et_pb_old_content":"","_et_gb_content_width":"","footnotes":"","_links_to":"","_links_to_target":""},"categories":[69,53],"tags":[],"class_list":["post-152801","post","type-post","status-publish","format-standard","has-post-thumbnail","hentry","category-blog","category-statements","et-has-post-format-content","et_post_format-et-post-format-standard"],"yoast_head":"<!-- This site is optimized with the Yoast SEO plugin v28.3 - https:\/\/yoast.com\/product\/yoast-seo-wordpress\/ -->\n<title>Photo exhibition opening \u201cThe lessons of the Long-gone War We Still Remember\u201d - General Assembly of the United Nations<\/title>\n<meta name=\"robots\" content=\"index, follow, max-snippet:-1, max-image-preview:large, max-video-preview:-1\" \/>\n<link rel=\"canonical\" href=\"https:\/\/www.un.org\/pga\/72\/2018\/05\/09\/opening-of-the-photo-exhibition-the-lessons-of-the-long-gone-war-we-still-remember\/\" \/>\n<meta property=\"og:locale\" content=\"en_US\" \/>\n<meta property=\"og:type\" content=\"article\" \/>\n<meta property=\"og:title\" content=\"Photo exhibition opening \u201cThe lessons of the Long-gone War We Still Remember\u201d - General Assembly of the United Nations\" \/>\n<meta property=\"og:description\" content=\"Statement delivered by the Chef de Cabinet H.E. Mr. Franti\u0161ek Ru\u017ei\u010dka on behalf of H.E. Mr. Miroslav Laj\u010d\u00e1k, President of the 72nd Session of the Ä¢¹½ÊÓÆµ General Assembly, at the opening of the photo exhibition \u201cThe lessons of the Long-gone War We Still Remember\u201d\" \/>\n<meta property=\"og:url\" content=\"https:\/\/www.un.org\/pga\/72\/2018\/05\/09\/opening-of-the-photo-exhibition-the-lessons-of-the-long-gone-war-we-still-remember\/\" \/>\n<meta property=\"og:site_name\" content=\"General Assembly of the United Nations\" \/>\n<meta property=\"article:published_time\" content=\"2018-05-09T21:21:24+00:00\" \/>\n<meta property=\"article:modified_time\" content=\"2018-05-10T13:31:28+00:00\" \/>\n<meta property=\"og:image\" content=\"https:\/\/www.un.org\/pga\/wp-content\/uploads\/sites\/51\/2018\/05\/DSC09575.jpg\" \/>\n\t<meta property=\"og:image:width\" content=\"6000\" \/>\n\t<meta property=\"og:image:height\" content=\"3390\" \/>\n\t<meta property=\"og:image:type\" content=\"image\/jpeg\" \/>\n<meta name=\"author\" content=\"Sharifa Yousef A. S. Alnesf\" \/>\n<meta name=\"twitter:card\" content=\"summary_large_image\" \/>\n<meta name=\"twitter:label1\" content=\"Written by\" \/>\n\t<meta name=\"twitter:data1\" content=\"Sharifa Yousef A. S. Alnesf\" \/>\n\t<meta name=\"twitter:label2\" content=\"Est. reading time\" \/>\n\t<meta name=\"twitter:data2\" content=\"4 minutes\" \/>\n<script type=\"application\/ld+json\" class=\"yoast-schema-graph\">{\"@context\":\"https:\\\/\\\/schema.org\",\"@graph\":[{\"@type\":\"Article\",\"@id\":\"https:\\\/\\\/www.un.org\\\/pga\\\/72\\\/2018\\\/05\\\/09\\\/opening-of-the-photo-exhibition-the-lessons-of-the-long-gone-war-we-still-remember\\\/#article\",\"isPartOf\":{\"@id\":\"https:\\\/\\\/www.un.org\\\/pga\\\/72\\\/2018\\\/05\\\/09\\\/opening-of-the-photo-exhibition-the-lessons-of-the-long-gone-war-we-still-remember\\\/\"},\"author\":{\"name\":\"Sharifa Yousef A. S. Alnesf\",\"@id\":\"https:\\\/\\\/www.un.org\\\/pga\\\/72\\\/#\\\/schema\\\/person\\\/e633fdf13420126ec19e8d7134a02096\"},\"headline\":\"Photo exhibition opening \u201cThe lessons of the Long-gone War We Still Remember\u201d\",\"datePublished\":\"2018-05-09T21:21:24+00:00\",\"dateModified\":\"2018-05-10T13:31:28+00:00\",\"mainEntityOfPage\":{\"@id\":\"https:\\\/\\\/www.un.org\\\/pga\\\/72\\\/2018\\\/05\\\/09\\\/opening-of-the-photo-exhibition-the-lessons-of-the-long-gone-war-we-still-remember\\\/\"},\"wordCount\":718,\"image\":{\"@id\":\"https:\\\/\\\/www.un.org\\\/pga\\\/72\\\/2018\\\/05\\\/09\\\/opening-of-the-photo-exhibition-the-lessons-of-the-long-gone-war-we-still-remember\\\/#primaryimage\"},\"thumbnailUrl\":\"https:\\\/\\\/www.un.org\\\/pga\\\/wp-content\\\/uploads\\\/sites\\\/51\\\/2018\\\/05\\\/DSC09575.jpg\",\"articleSection\":[\"Blog\",\"Statements\"],\"inLanguage\":\"en-US\"},{\"@type\":\"WebPage\",\"@id\":\"https:\\\/\\\/www.un.org\\\/pga\\\/72\\\/2018\\\/05\\\/09\\\/opening-of-the-photo-exhibition-the-lessons-of-the-long-gone-war-we-still-remember\\\/\",\"url\":\"https:\\\/\\\/www.un.org\\\/pga\\\/72\\\/2018\\\/05\\\/09\\\/opening-of-the-photo-exhibition-the-lessons-of-the-long-gone-war-we-still-remember\\\/\",\"name\":\"Photo exhibition opening \u201cThe lessons of the Long-gone War We Still Remember\u201d - General Assembly of the United Nations\",\"isPartOf\":{\"@id\":\"https:\\\/\\\/www.un.org\\\/pga\\\/72\\\/#website\"},\"primaryImageOfPage\":{\"@id\":\"https:\\\/\\\/www.un.org\\\/pga\\\/72\\\/2018\\\/05\\\/09\\\/opening-of-the-photo-exhibition-the-lessons-of-the-long-gone-war-we-still-remember\\\/#primaryimage\"},\"image\":{\"@id\":\"https:\\\/\\\/www.un.org\\\/pga\\\/72\\\/2018\\\/05\\\/09\\\/opening-of-the-photo-exhibition-the-lessons-of-the-long-gone-war-we-still-remember\\\/#primaryimage\"},\"thumbnailUrl\":\"https:\\\/\\\/www.un.org\\\/pga\\\/wp-content\\\/uploads\\\/sites\\\/51\\\/2018\\\/05\\\/DSC09575.jpg\",\"datePublished\":\"2018-05-09T21:21:24+00:00\",\"dateModified\":\"2018-05-10T13:31:28+00:00\",\"author\":{\"@id\":\"https:\\\/\\\/www.un.org\\\/pga\\\/72\\\/#\\\/schema\\\/person\\\/e633fdf13420126ec19e8d7134a02096\"},\"breadcrumb\":{\"@id\":\"https:\\\/\\\/www.un.org\\\/pga\\\/72\\\/2018\\\/05\\\/09\\\/opening-of-the-photo-exhibition-the-lessons-of-the-long-gone-war-we-still-remember\\\/#breadcrumb\"},\"inLanguage\":\"en-US\",\"potentialAction\":[{\"@type\":\"ReadAction\",\"target\":[\"https:\\\/\\\/www.un.org\\\/pga\\\/72\\\/2018\\\/05\\\/09\\\/opening-of-the-photo-exhibition-the-lessons-of-the-long-gone-war-we-still-remember\\\/\"]}]},{\"@type\":\"ImageObject\",\"inLanguage\":\"en-US\",\"@id\":\"https:\\\/\\\/www.un.org\\\/pga\\\/72\\\/2018\\\/05\\\/09\\\/opening-of-the-photo-exhibition-the-lessons-of-the-long-gone-war-we-still-remember\\\/#primaryimage\",\"url\":\"https:\\\/\\\/www.un.org\\\/pga\\\/wp-content\\\/uploads\\\/sites\\\/51\\\/2018\\\/05\\\/DSC09575.jpg\",\"contentUrl\":\"https:\\\/\\\/www.un.org\\\/pga\\\/wp-content\\\/uploads\\\/sites\\\/51\\\/2018\\\/05\\\/DSC09575.jpg\",\"width\":6000,\"height\":3390},{\"@type\":\"BreadcrumbList\",\"@id\":\"https:\\\/\\\/www.un.org\\\/pga\\\/72\\\/2018\\\/05\\\/09\\\/opening-of-the-photo-exhibition-the-lessons-of-the-long-gone-war-we-still-remember\\\/#breadcrumb\",\"itemListElement\":[{\"@type\":\"ListItem\",\"position\":1,\"name\":\"Home\",\"item\":\"https:\\\/\\\/www.un.org\\\/pga\\\/72\\\/\"},{\"@type\":\"ListItem\",\"position\":2,\"name\":\"Photo exhibition opening \u201cThe lessons of the Long-gone War We Still Remember\u201d\"}]},{\"@type\":\"WebSite\",\"@id\":\"https:\\\/\\\/www.un.org\\\/pga\\\/72\\\/#website\",\"url\":\"https:\\\/\\\/www.un.org\\\/pga\\\/72\\\/\",\"name\":\"General Assembly of the United Nations\",\"description\":\"President of the 72nd Session\",\"potentialAction\":[{\"@type\":\"SearchAction\",\"target\":{\"@type\":\"EntryPoint\",\"urlTemplate\":\"https:\\\/\\\/www.un.org\\\/pga\\\/72\\\/?s={search_term_string}\"},\"query-input\":{\"@type\":\"PropertyValueSpecification\",\"valueRequired\":true,\"valueName\":\"search_term_string\"}}],\"inLanguage\":\"en-US\"},{\"@type\":\"Person\",\"@id\":\"https:\\\/\\\/www.un.org\\\/pga\\\/72\\\/#\\\/schema\\\/person\\\/e633fdf13420126ec19e8d7134a02096\",\"name\":\"Sharifa Yousef A. S. Alnesf\",\"image\":{\"@type\":\"ImageObject\",\"inLanguage\":\"en-US\",\"@id\":\"https:\\\/\\\/secure.gravatar.com\\\/avatar\\\/73f99484ca19be10ca3c6435c54bb768f6eb290557b2df73e3f59ebf8691db89?s=96&d=mm&r=g\",\"url\":\"https:\\\/\\\/secure.gravatar.com\\\/avatar\\\/73f99484ca19be10ca3c6435c54bb768f6eb290557b2df73e3f59ebf8691db89?s=96&d=mm&r=g\",\"contentUrl\":\"https:\\\/\\\/secure.gravatar.com\\\/avatar\\\/73f99484ca19be10ca3c6435c54bb768f6eb290557b2df73e3f59ebf8691db89?s=96&d=mm&r=g\",\"caption\":\"Sharifa Yousef A. S. Alnesf\"},\"url\":\"https:\\\/\\\/www.un.org\\\/pga\\\/72\\\/author\\\/sharifa-alnesfun-org\\\/\"}]}<\/script>\n<!-- \/ Yoast SEO plugin. -->","yoast_head_json":{"title":"Photo exhibition opening \u201cThe lessons of the Long-gone War We Still Remember\u201d - General Assembly of the United Nations","robots":{"index":"index","follow":"follow","max-snippet":"max-snippet:-1","max-image-preview":"max-image-preview:large","max-video-preview":"max-video-preview:-1"},"canonical":"https:\/\/www.un.org\/pga\/72\/2018\/05\/09\/opening-of-the-photo-exhibition-the-lessons-of-the-long-gone-war-we-still-remember\/","og_locale":"en_US","og_type":"article","og_title":"Photo exhibition opening \u201cThe lessons of the Long-gone War We Still Remember\u201d - General Assembly of the United Nations","og_description":"Statement delivered by the Chef de Cabinet H.E. Mr. Franti\u0161ek Ru\u017ei\u010dka on behalf of H.E. Mr. Miroslav Laj\u010d\u00e1k, President of the 72nd Session of the Ä¢¹½ÊÓÆµ General Assembly, at the opening of the photo exhibition \u201cThe lessons of the Long-gone War We Still Remember\u201d","og_url":"https:\/\/www.un.org\/pga\/72\/2018\/05\/09\/opening-of-the-photo-exhibition-the-lessons-of-the-long-gone-war-we-still-remember\/","og_site_name":"General Assembly of the United Nations","article_published_time":"2018-05-09T21:21:24+00:00","article_modified_time":"2018-05-10T13:31:28+00:00","og_image":[{"width":6000,"height":3390,"url":"https:\/\/www.un.org\/pga\/wp-content\/uploads\/sites\/51\/2018\/05\/DSC09575.jpg","type":"image\/jpeg"}],"author":"Sharifa Yousef A. S. Alnesf","twitter_card":"summary_large_image","twitter_misc":{"Written by":"Sharifa Yousef A. S. Alnesf","Est. reading time":"4 minutes"},"schema":{"@context":"https:\/\/schema.org","@graph":[{"@type":"Article","@id":"https:\/\/www.un.org\/pga\/72\/2018\/05\/09\/opening-of-the-photo-exhibition-the-lessons-of-the-long-gone-war-we-still-remember\/#article","isPartOf":{"@id":"https:\/\/www.un.org\/pga\/72\/2018\/05\/09\/opening-of-the-photo-exhibition-the-lessons-of-the-long-gone-war-we-still-remember\/"},"author":{"name":"Sharifa Yousef A. S. Alnesf","@id":"https:\/\/www.un.org\/pga\/72\/#\/schema\/person\/e633fdf13420126ec19e8d7134a02096"},"headline":"Photo exhibition opening \u201cThe lessons of the Long-gone War We Still Remember\u201d","datePublished":"2018-05-09T21:21:24+00:00","dateModified":"2018-05-10T13:31:28+00:00","mainEntityOfPage":{"@id":"https:\/\/www.un.org\/pga\/72\/2018\/05\/09\/opening-of-the-photo-exhibition-the-lessons-of-the-long-gone-war-we-still-remember\/"},"wordCount":718,"image":{"@id":"https:\/\/www.un.org\/pga\/72\/2018\/05\/09\/opening-of-the-photo-exhibition-the-lessons-of-the-long-gone-war-we-still-remember\/#primaryimage"},"thumbnailUrl":"https:\/\/www.un.org\/pga\/wp-content\/uploads\/sites\/51\/2018\/05\/DSC09575.jpg","articleSection":["Blog","Statements"],"inLanguage":"en-US"},{"@type":"WebPage","@id":"https:\/\/www.un.org\/pga\/72\/2018\/05\/09\/opening-of-the-photo-exhibition-the-lessons-of-the-long-gone-war-we-still-remember\/","url":"https:\/\/www.un.org\/pga\/72\/2018\/05\/09\/opening-of-the-photo-exhibition-the-lessons-of-the-long-gone-war-we-still-remember\/","name":"Photo exhibition opening \u201cThe lessons of the Long-gone War We Still Remember\u201d - General Assembly of the United Nations","isPartOf":{"@id":"https:\/\/www.un.org\/pga\/72\/#website"},"primaryImageOfPage":{"@id":"https:\/\/www.un.org\/pga\/72\/2018\/05\/09\/opening-of-the-photo-exhibition-the-lessons-of-the-long-gone-war-we-still-remember\/#primaryimage"},"image":{"@id":"https:\/\/www.un.org\/pga\/72\/2018\/05\/09\/opening-of-the-photo-exhibition-the-lessons-of-the-long-gone-war-we-still-remember\/#primaryimage"},"thumbnailUrl":"https:\/\/www.un.org\/pga\/wp-content\/uploads\/sites\/51\/2018\/05\/DSC09575.jpg","datePublished":"2018-05-09T21:21:24+00:00","dateModified":"2018-05-10T13:31:28+00:00","author":{"@id":"https:\/\/www.un.org\/pga\/72\/#\/schema\/person\/e633fdf13420126ec19e8d7134a02096"},"breadcrumb":{"@id":"https:\/\/www.un.org\/pga\/72\/2018\/05\/09\/opening-of-the-photo-exhibition-the-lessons-of-the-long-gone-war-we-still-remember\/#breadcrumb"},"inLanguage":"en-US","potentialAction":[{"@type":"ReadAction","target":["https:\/\/www.un.org\/pga\/72\/2018\/05\/09\/opening-of-the-photo-exhibition-the-lessons-of-the-long-gone-war-we-still-remember\/"]}]},{"@type":"ImageObject","inLanguage":"en-US","@id":"https:\/\/www.un.org\/pga\/72\/2018\/05\/09\/opening-of-the-photo-exhibition-the-lessons-of-the-long-gone-war-we-still-remember\/#primaryimage","url":"https:\/\/www.un.org\/pga\/wp-content\/uploads\/sites\/51\/2018\/05\/DSC09575.jpg","contentUrl":"https:\/\/www.un.org\/pga\/wp-content\/uploads\/sites\/51\/2018\/05\/DSC09575.jpg","width":6000,"height":3390},{"@type":"BreadcrumbList","@id":"https:\/\/www.un.org\/pga\/72\/2018\/05\/09\/opening-of-the-photo-exhibition-the-lessons-of-the-long-gone-war-we-still-remember\/#breadcrumb","itemListElement":[{"@type":"ListItem","position":1,"name":"Home","item":"https:\/\/www.un.org\/pga\/72\/"},{"@type":"ListItem","position":2,"name":"Photo exhibition opening \u201cThe lessons of the Long-gone War We Still Remember\u201d"}]},{"@type":"WebSite","@id":"https:\/\/www.un.org\/pga\/72\/#website","url":"https:\/\/www.un.org\/pga\/72\/","name":"General Assembly of the United Nations","description":"President of the 72nd Session","potentialAction":[{"@type":"SearchAction","target":{"@type":"EntryPoint","urlTemplate":"https:\/\/www.un.org\/pga\/72\/?s={search_term_string}"},"query-input":{"@type":"PropertyValueSpecification","valueRequired":true,"valueName":"search_term_string"}}],"inLanguage":"en-US"},{"@type":"Person","@id":"https:\/\/www.un.org\/pga\/72\/#\/schema\/person\/e633fdf13420126ec19e8d7134a02096","name":"Sharifa Yousef A. S. Alnesf","image":{"@type":"ImageObject","inLanguage":"en-US","@id":"https:\/\/secure.gravatar.com\/avatar\/73f99484ca19be10ca3c6435c54bb768f6eb290557b2df73e3f59ebf8691db89?s=96&d=mm&r=g","url":"https:\/\/secure.gravatar.com\/avatar\/73f99484ca19be10ca3c6435c54bb768f6eb290557b2df73e3f59ebf8691db89?s=96&d=mm&r=g","contentUrl":"https:\/\/secure.gravatar.com\/avatar\/73f99484ca19be10ca3c6435c54bb768f6eb290557b2df73e3f59ebf8691db89?s=96&d=mm&r=g","caption":"Sharifa Yousef A. S. Alnesf"},"url":"https:\/\/www.un.org\/pga\/72\/author\/sharifa-alnesfun-org\/"}]}},"_links":{"self":[{"href":"https:\/\/www.un.org\/pga\/72\/wp-json\/wp\/v2\/posts\/152801","targetHints":{"allow":["GET"]}}],"collection":[{"href":"https:\/\/www.un.org\/pga\/72\/wp-json\/wp\/v2\/posts"}],"about":[{"href":"https:\/\/www.un.org\/pga\/72\/wp-json\/wp\/v2\/types\/post"}],"author":[{"embeddable":true,"href":"https:\/\/www.un.org\/pga\/72\/wp-json\/wp\/v2\/users\/204"}],"replies":[{"embeddable":true,"href":"https:\/\/www.un.org\/pga\/72\/wp-json\/wp\/v2\/comments?post=152801"}],"version-history":[{"count":0,"href":"https:\/\/www.un.org\/pga\/72\/wp-json\/wp\/v2\/posts\/152801\/revisions"}],"wp:featuredmedia":[{"embeddable":true,"href":"https:\/\/www.un.org\/pga\/72\/wp-json\/wp\/v2\/media\/152805"}],"wp:attachment":[{"href":"https:\/\/www.un.org\/pga\/72\/wp-json\/wp\/v2\/media?parent=152801"}],"wp:term":[{"taxonomy":"category","embeddable":true,"href":"https:\/\/www.un.org\/pga\/72\/wp-json\/wp\/v2\/categories?post=152801"},{"taxonomy":"post_tag","embeddable":true,"href":"https:\/\/www.un.org\/pga\/72\/wp-json\/wp\/v2\/tags?post=152801"}],"curies":[{"name":"wp","href":"https:\/\/api.w.org\/{rel}","templated":true}]}}