  {"id":155865,"date":"2018-05-23T16:28:00","date_gmt":"2018-05-23T20:28:00","guid":{"rendered":"https:\/\/www.un.org\/pga\/72\/?p=155865"},"modified":"2018-06-04T23:38:06","modified_gmt":"2018-06-05T03:38:06","slug":"meeting-with-h-e-ms-arely-gomez-minister-for-public-service-of-mexico","status":"publish","type":"post","link":"https:\/\/www.un.org\/pga\/72\/2018\/05\/23\/meeting-with-h-e-ms-arely-gomez-minister-for-public-service-of-mexico\/","title":{"rendered":"Meeting with Minister for Public Service of Mexico"},"content":{"rendered":"<p>[et_pb_section bb_built=&#8221;1&#8243;][et_pb_row][et_pb_column type=&#8221;4_4&#8243;][et_pb_text _builder_version=&#8221;3.0.87&#8243; background_layout=&#8221;light&#8221; border_style=&#8221;solid&#8221; background_position=&#8221;top_left&#8221; background_repeat=&#8221;repeat&#8221; background_size=&#8221;initial&#8221;]<\/p>\n<p>The President of the 72nd session of the General Assembly, H.E. Mr. Miroslav Laj\u010d\u00e1k, met today with H.E. Ms. Arely G\u00f3mez, Minister for Public Service of Mexico. They discussed the importance of the United Nations Convention against Corruption and the need for effective leadership to promote its implementation. They also highlighted the crucial role that international cooperation plays in that regard, including through the exchange of experiences and best practices. During their meeting, they also spoke about the international community\u2019s determination to combat widespread corruption throughout the world.<\/p>\n<p>[\/et_pb_text][\/et_pb_column][\/et_pb_row][\/et_pb_section]<\/p>\n","protected":false},"excerpt":{"rendered":"<p>Meeting with H.E. Ms. Arely G\u00f3mez, Minister for Public Service of Mexico<\/p>\n","protected":false},"author":204,"featured_media":155869,"comment_status":"closed","ping_status":"closed","sticky":false,"template":"","format":"standard","meta":{"_et_pb_use_builder":"on","_et_pb_old_content":"","_et_gb_content_width":"","footnotes":"","_links_to":"","_links_to_target":""},"categories":[325],"tags":[],"class_list":["post-155865","post","type-post","status-publish","format-standard","has-post-thumbnail","hentry","category-readout","et-has-post-format-content","et_post_format-et-post-format-standard"],"yoast_head":"<!-- This site is optimized with the Yoast SEO plugin v28.3 - https:\/\/yoast.com\/product\/yoast-seo-wordpress\/ -->\n<title>Meeting with Minister for Public Service of Mexico - General Assembly of the United Nations<\/title>\n<meta name=\"robots\" content=\"index, follow, max-snippet:-1, max-image-preview:large, max-video-preview:-1\" \/>\n<link rel=\"canonical\" href=\"https:\/\/www.un.org\/pga\/72\/2018\/05\/23\/meeting-with-h-e-ms-arely-gomez-minister-for-public-service-of-mexico\/\" \/>\n<meta property=\"og:locale\" content=\"en_US\" \/>\n<meta property=\"og:type\" content=\"article\" \/>\n<meta property=\"og:title\" content=\"Meeting with Minister for Public Service of Mexico - General Assembly of the United Nations\" \/>\n<meta property=\"og:description\" content=\"Meeting with H.E. Ms. Arely G\u00f3mez, Minister for Public Service of Mexico\" \/>\n<meta property=\"og:url\" content=\"https:\/\/www.un.org\/pga\/72\/2018\/05\/23\/meeting-with-h-e-ms-arely-gomez-minister-for-public-service-of-mexico\/\" \/>\n<meta property=\"og:site_name\" content=\"General Assembly of the United Nations\" \/>\n<meta property=\"article:published_time\" content=\"2018-05-23T20:28:00+00:00\" \/>\n<meta property=\"article:modified_time\" content=\"2018-06-05T03:38:06+00:00\" \/>\n<meta property=\"og:image\" content=\"https:\/\/www.un.org\/pga\/wp-content\/uploads\/sites\/51\/2018\/05\/DSC00409copy.jpg\" \/>\n\t<meta property=\"og:image:width\" content=\"3468\" \/>\n\t<meta property=\"og:image:height\" content=\"4000\" \/>\n\t<meta property=\"og:image:type\" content=\"image\/jpeg\" \/>\n<meta name=\"author\" content=\"Sharifa Yousef A. S. Alnesf\" \/>\n<meta name=\"twitter:card\" content=\"summary_large_image\" \/>\n<meta name=\"twitter:label1\" content=\"Written by\" \/>\n\t<meta name=\"twitter:data1\" content=\"Sharifa Yousef A. S. Alnesf\" \/>\n\t<meta name=\"twitter:label2\" content=\"Est. reading time\" \/>\n\t<meta name=\"twitter:data2\" content=\"1 minute\" \/>\n<script type=\"application\/ld+json\" class=\"yoast-schema-graph\">{\"@context\":\"https:\\\/\\\/schema.org\",\"@graph\":[{\"@type\":\"Article\",\"@id\":\"https:\\\/\\\/www.un.org\\\/pga\\\/72\\\/2018\\\/05\\\/23\\\/meeting-with-h-e-ms-arely-gomez-minister-for-public-service-of-mexico\\\/#article\",\"isPartOf\":{\"@id\":\"https:\\\/\\\/www.un.org\\\/pga\\\/72\\\/2018\\\/05\\\/23\\\/meeting-with-h-e-ms-arely-gomez-minister-for-public-service-of-mexico\\\/\"},\"author\":{\"name\":\"Sharifa Yousef A. S. Alnesf\",\"@id\":\"https:\\\/\\\/www.un.org\\\/pga\\\/72\\\/#\\\/schema\\\/person\\\/e633fdf13420126ec19e8d7134a02096\"},\"headline\":\"Meeting with Minister for Public Service of Mexico\",\"datePublished\":\"2018-05-23T20:28:00+00:00\",\"dateModified\":\"2018-06-05T03:38:06+00:00\",\"mainEntityOfPage\":{\"@id\":\"https:\\\/\\\/www.un.org\\\/pga\\\/72\\\/2018\\\/05\\\/23\\\/meeting-with-h-e-ms-arely-gomez-minister-for-public-service-of-mexico\\\/\"},\"wordCount\":146,\"image\":{\"@id\":\"https:\\\/\\\/www.un.org\\\/pga\\\/72\\\/2018\\\/05\\\/23\\\/meeting-with-h-e-ms-arely-gomez-minister-for-public-service-of-mexico\\\/#primaryimage\"},\"thumbnailUrl\":\"https:\\\/\\\/www.un.org\\\/pga\\\/wp-content\\\/uploads\\\/sites\\\/51\\\/2018\\\/05\\\/DSC00409copy.jpg\",\"articleSection\":[\"Readout\"],\"inLanguage\":\"en-US\"},{\"@type\":\"WebPage\",\"@id\":\"https:\\\/\\\/www.un.org\\\/pga\\\/72\\\/2018\\\/05\\\/23\\\/meeting-with-h-e-ms-arely-gomez-minister-for-public-service-of-mexico\\\/\",\"url\":\"https:\\\/\\\/www.un.org\\\/pga\\\/72\\\/2018\\\/05\\\/23\\\/meeting-with-h-e-ms-arely-gomez-minister-for-public-service-of-mexico\\\/\",\"name\":\"Meeting with Minister for Public Service of Mexico - General Assembly of the United Nations\",\"isPartOf\":{\"@id\":\"https:\\\/\\\/www.un.org\\\/pga\\\/72\\\/#website\"},\"primaryImageOfPage\":{\"@id\":\"https:\\\/\\\/www.un.org\\\/pga\\\/72\\\/2018\\\/05\\\/23\\\/meeting-with-h-e-ms-arely-gomez-minister-for-public-service-of-mexico\\\/#primaryimage\"},\"image\":{\"@id\":\"https:\\\/\\\/www.un.org\\\/pga\\\/72\\\/2018\\\/05\\\/23\\\/meeting-with-h-e-ms-arely-gomez-minister-for-public-service-of-mexico\\\/#primaryimage\"},\"thumbnailUrl\":\"https:\\\/\\\/www.un.org\\\/pga\\\/wp-content\\\/uploads\\\/sites\\\/51\\\/2018\\\/05\\\/DSC00409copy.jpg\",\"datePublished\":\"2018-05-23T20:28:00+00:00\",\"dateModified\":\"2018-06-05T03:38:06+00:00\",\"author\":{\"@id\":\"https:\\\/\\\/www.un.org\\\/pga\\\/72\\\/#\\\/schema\\\/person\\\/e633fdf13420126ec19e8d7134a02096\"},\"breadcrumb\":{\"@id\":\"https:\\\/\\\/www.un.org\\\/pga\\\/72\\\/2018\\\/05\\\/23\\\/meeting-with-h-e-ms-arely-gomez-minister-for-public-service-of-mexico\\\/#breadcrumb\"},\"inLanguage\":\"en-US\",\"potentialAction\":[{\"@type\":\"ReadAction\",\"target\":[\"https:\\\/\\\/www.un.org\\\/pga\\\/72\\\/2018\\\/05\\\/23\\\/meeting-with-h-e-ms-arely-gomez-minister-for-public-service-of-mexico\\\/\"]}]},{\"@type\":\"ImageObject\",\"inLanguage\":\"en-US\",\"@id\":\"https:\\\/\\\/www.un.org\\\/pga\\\/72\\\/2018\\\/05\\\/23\\\/meeting-with-h-e-ms-arely-gomez-minister-for-public-service-of-mexico\\\/#primaryimage\",\"url\":\"https:\\\/\\\/www.un.org\\\/pga\\\/wp-content\\\/uploads\\\/sites\\\/51\\\/2018\\\/05\\\/DSC00409copy.jpg\",\"contentUrl\":\"https:\\\/\\\/www.un.org\\\/pga\\\/wp-content\\\/uploads\\\/sites\\\/51\\\/2018\\\/05\\\/DSC00409copy.jpg\",\"width\":3468,\"height\":4000},{\"@type\":\"BreadcrumbList\",\"@id\":\"https:\\\/\\\/www.un.org\\\/pga\\\/72\\\/2018\\\/05\\\/23\\\/meeting-with-h-e-ms-arely-gomez-minister-for-public-service-of-mexico\\\/#breadcrumb\",\"itemListElement\":[{\"@type\":\"ListItem\",\"position\":1,\"name\":\"Home\",\"item\":\"https:\\\/\\\/www.un.org\\\/pga\\\/72\\\/\"},{\"@type\":\"ListItem\",\"position\":2,\"name\":\"Meeting with Minister for Public Service of Mexico\"}]},{\"@type\":\"WebSite\",\"@id\":\"https:\\\/\\\/www.un.org\\\/pga\\\/72\\\/#website\",\"url\":\"https:\\\/\\\/www.un.org\\\/pga\\\/72\\\/\",\"name\":\"General Assembly of the United Nations\",\"description\":\"President of the 72nd Session\",\"potentialAction\":[{\"@type\":\"SearchAction\",\"target\":{\"@type\":\"EntryPoint\",\"urlTemplate\":\"https:\\\/\\\/www.un.org\\\/pga\\\/72\\\/?s={search_term_string}\"},\"query-input\":{\"@type\":\"PropertyValueSpecification\",\"valueRequired\":true,\"valueName\":\"search_term_string\"}}],\"inLanguage\":\"en-US\"},{\"@type\":\"Person\",\"@id\":\"https:\\\/\\\/www.un.org\\\/pga\\\/72\\\/#\\\/schema\\\/person\\\/e633fdf13420126ec19e8d7134a02096\",\"name\":\"Sharifa Yousef A. S. Alnesf\",\"image\":{\"@type\":\"ImageObject\",\"inLanguage\":\"en-US\",\"@id\":\"https:\\\/\\\/secure.gravatar.com\\\/avatar\\\/73f99484ca19be10ca3c6435c54bb768f6eb290557b2df73e3f59ebf8691db89?s=96&d=mm&r=g\",\"url\":\"https:\\\/\\\/secure.gravatar.com\\\/avatar\\\/73f99484ca19be10ca3c6435c54bb768f6eb290557b2df73e3f59ebf8691db89?s=96&d=mm&r=g\",\"contentUrl\":\"https:\\\/\\\/secure.gravatar.com\\\/avatar\\\/73f99484ca19be10ca3c6435c54bb768f6eb290557b2df73e3f59ebf8691db89?s=96&d=mm&r=g\",\"caption\":\"Sharifa Yousef A. S. Alnesf\"},\"url\":\"https:\\\/\\\/www.un.org\\\/pga\\\/72\\\/author\\\/sharifa-alnesfun-org\\\/\"}]}<\/script>\n<!-- \/ Yoast SEO plugin. -->","yoast_head_json":{"title":"Meeting with Minister for Public Service of Mexico - General Assembly of the United Nations","robots":{"index":"index","follow":"follow","max-snippet":"max-snippet:-1","max-image-preview":"max-image-preview:large","max-video-preview":"max-video-preview:-1"},"canonical":"https:\/\/www.un.org\/pga\/72\/2018\/05\/23\/meeting-with-h-e-ms-arely-gomez-minister-for-public-service-of-mexico\/","og_locale":"en_US","og_type":"article","og_title":"Meeting with Minister for Public Service of Mexico - General Assembly of the United Nations","og_description":"Meeting with H.E. Ms. Arely G\u00f3mez, Minister for Public Service of Mexico","og_url":"https:\/\/www.un.org\/pga\/72\/2018\/05\/23\/meeting-with-h-e-ms-arely-gomez-minister-for-public-service-of-mexico\/","og_site_name":"General Assembly of the United Nations","article_published_time":"2018-05-23T20:28:00+00:00","article_modified_time":"2018-06-05T03:38:06+00:00","og_image":[{"width":3468,"height":4000,"url":"https:\/\/www.un.org\/pga\/wp-content\/uploads\/sites\/51\/2018\/05\/DSC00409copy.jpg","type":"image\/jpeg"}],"author":"Sharifa Yousef A. S. Alnesf","twitter_card":"summary_large_image","twitter_misc":{"Written by":"Sharifa Yousef A. S. Alnesf","Est. reading time":"1 minute"},"schema":{"@context":"https:\/\/schema.org","@graph":[{"@type":"Article","@id":"https:\/\/www.un.org\/pga\/72\/2018\/05\/23\/meeting-with-h-e-ms-arely-gomez-minister-for-public-service-of-mexico\/#article","isPartOf":{"@id":"https:\/\/www.un.org\/pga\/72\/2018\/05\/23\/meeting-with-h-e-ms-arely-gomez-minister-for-public-service-of-mexico\/"},"author":{"name":"Sharifa Yousef A. S. Alnesf","@id":"https:\/\/www.un.org\/pga\/72\/#\/schema\/person\/e633fdf13420126ec19e8d7134a02096"},"headline":"Meeting with Minister for Public Service of Mexico","datePublished":"2018-05-23T20:28:00+00:00","dateModified":"2018-06-05T03:38:06+00:00","mainEntityOfPage":{"@id":"https:\/\/www.un.org\/pga\/72\/2018\/05\/23\/meeting-with-h-e-ms-arely-gomez-minister-for-public-service-of-mexico\/"},"wordCount":146,"image":{"@id":"https:\/\/www.un.org\/pga\/72\/2018\/05\/23\/meeting-with-h-e-ms-arely-gomez-minister-for-public-service-of-mexico\/#primaryimage"},"thumbnailUrl":"https:\/\/www.un.org\/pga\/wp-content\/uploads\/sites\/51\/2018\/05\/DSC00409copy.jpg","articleSection":["Readout"],"inLanguage":"en-US"},{"@type":"WebPage","@id":"https:\/\/www.un.org\/pga\/72\/2018\/05\/23\/meeting-with-h-e-ms-arely-gomez-minister-for-public-service-of-mexico\/","url":"https:\/\/www.un.org\/pga\/72\/2018\/05\/23\/meeting-with-h-e-ms-arely-gomez-minister-for-public-service-of-mexico\/","name":"Meeting with Minister for Public Service of Mexico - General Assembly of the United Nations","isPartOf":{"@id":"https:\/\/www.un.org\/pga\/72\/#website"},"primaryImageOfPage":{"@id":"https:\/\/www.un.org\/pga\/72\/2018\/05\/23\/meeting-with-h-e-ms-arely-gomez-minister-for-public-service-of-mexico\/#primaryimage"},"image":{"@id":"https:\/\/www.un.org\/pga\/72\/2018\/05\/23\/meeting-with-h-e-ms-arely-gomez-minister-for-public-service-of-mexico\/#primaryimage"},"thumbnailUrl":"https:\/\/www.un.org\/pga\/wp-content\/uploads\/sites\/51\/2018\/05\/DSC00409copy.jpg","datePublished":"2018-05-23T20:28:00+00:00","dateModified":"2018-06-05T03:38:06+00:00","author":{"@id":"https:\/\/www.un.org\/pga\/72\/#\/schema\/person\/e633fdf13420126ec19e8d7134a02096"},"breadcrumb":{"@id":"https:\/\/www.un.org\/pga\/72\/2018\/05\/23\/meeting-with-h-e-ms-arely-gomez-minister-for-public-service-of-mexico\/#breadcrumb"},"inLanguage":"en-US","potentialAction":[{"@type":"ReadAction","target":["https:\/\/www.un.org\/pga\/72\/2018\/05\/23\/meeting-with-h-e-ms-arely-gomez-minister-for-public-service-of-mexico\/"]}]},{"@type":"ImageObject","inLanguage":"en-US","@id":"https:\/\/www.un.org\/pga\/72\/2018\/05\/23\/meeting-with-h-e-ms-arely-gomez-minister-for-public-service-of-mexico\/#primaryimage","url":"https:\/\/www.un.org\/pga\/wp-content\/uploads\/sites\/51\/2018\/05\/DSC00409copy.jpg","contentUrl":"https:\/\/www.un.org\/pga\/wp-content\/uploads\/sites\/51\/2018\/05\/DSC00409copy.jpg","width":3468,"height":4000},{"@type":"BreadcrumbList","@id":"https:\/\/www.un.org\/pga\/72\/2018\/05\/23\/meeting-with-h-e-ms-arely-gomez-minister-for-public-service-of-mexico\/#breadcrumb","itemListElement":[{"@type":"ListItem","position":1,"name":"Home","item":"https:\/\/www.un.org\/pga\/72\/"},{"@type":"ListItem","position":2,"name":"Meeting with Minister for Public Service of Mexico"}]},{"@type":"WebSite","@id":"https:\/\/www.un.org\/pga\/72\/#website","url":"https:\/\/www.un.org\/pga\/72\/","name":"General Assembly of the United Nations","description":"President of the 72nd Session","potentialAction":[{"@type":"SearchAction","target":{"@type":"EntryPoint","urlTemplate":"https:\/\/www.un.org\/pga\/72\/?s={search_term_string}"},"query-input":{"@type":"PropertyValueSpecification","valueRequired":true,"valueName":"search_term_string"}}],"inLanguage":"en-US"},{"@type":"Person","@id":"https:\/\/www.un.org\/pga\/72\/#\/schema\/person\/e633fdf13420126ec19e8d7134a02096","name":"Sharifa Yousef A. S. Alnesf","image":{"@type":"ImageObject","inLanguage":"en-US","@id":"https:\/\/secure.gravatar.com\/avatar\/73f99484ca19be10ca3c6435c54bb768f6eb290557b2df73e3f59ebf8691db89?s=96&d=mm&r=g","url":"https:\/\/secure.gravatar.com\/avatar\/73f99484ca19be10ca3c6435c54bb768f6eb290557b2df73e3f59ebf8691db89?s=96&d=mm&r=g","contentUrl":"https:\/\/secure.gravatar.com\/avatar\/73f99484ca19be10ca3c6435c54bb768f6eb290557b2df73e3f59ebf8691db89?s=96&d=mm&r=g","caption":"Sharifa Yousef A. S. Alnesf"},"url":"https:\/\/www.un.org\/pga\/72\/author\/sharifa-alnesfun-org\/"}]}},"_links":{"self":[{"href":"https:\/\/www.un.org\/pga\/72\/wp-json\/wp\/v2\/posts\/155865","targetHints":{"allow":["GET"]}}],"collection":[{"href":"https:\/\/www.un.org\/pga\/72\/wp-json\/wp\/v2\/posts"}],"about":[{"href":"https:\/\/www.un.org\/pga\/72\/wp-json\/wp\/v2\/types\/post"}],"author":[{"embeddable":true,"href":"https:\/\/www.un.org\/pga\/72\/wp-json\/wp\/v2\/users\/204"}],"replies":[{"embeddable":true,"href":"https:\/\/www.un.org\/pga\/72\/wp-json\/wp\/v2\/comments?post=155865"}],"version-history":[{"count":0,"href":"https:\/\/www.un.org\/pga\/72\/wp-json\/wp\/v2\/posts\/155865\/revisions"}],"wp:featuredmedia":[{"embeddable":true,"href":"https:\/\/www.un.org\/pga\/72\/wp-json\/wp\/v2\/media\/155869"}],"wp:attachment":[{"href":"https:\/\/www.un.org\/pga\/72\/wp-json\/wp\/v2\/media?parent=155865"}],"wp:term":[{"taxonomy":"category","embeddable":true,"href":"https:\/\/www.un.org\/pga\/72\/wp-json\/wp\/v2\/categories?post=155865"},{"taxonomy":"post_tag","embeddable":true,"href":"https:\/\/www.un.org\/pga\/72\/wp-json\/wp\/v2\/tags?post=155865"}],"curies":[{"name":"wp","href":"https:\/\/api.w.org\/{rel}","templated":true}]}}