  {"id":164943,"date":"2018-08-15T22:50:03","date_gmt":"2018-08-16T02:50:03","guid":{"rendered":"https:\/\/www.un.org\/pga\/72\/?p=164943"},"modified":"2018-08-15T22:50:03","modified_gmt":"2018-08-16T02:50:03","slug":"highlights-of-press-briefing-by-spokesperson-15-august-2018","status":"publish","type":"post","link":"https:\/\/www.un.org\/pga\/72\/2018\/08\/15\/highlights-of-press-briefing-by-spokesperson-15-august-2018\/","title":{"rendered":"Highlights of press briefing by spokesperson \u2013 15 August 2018"},"content":{"rendered":"<p>[et_pb_section bb_built=&#8221;1&#8243;][et_pb_row][et_pb_column type=&#8221;4_4&#8243;][et_pb_text _builder_version=&#8221;3.6&#8243;]<\/p>\n<h1><strong>HIGHLIGHTS OF PRESS BRIEFING BY BRENDEN VARMA,\u00a0<\/strong><strong>SPOKESPERSON FOR <\/strong><strong>GENERAL ASSEMBLY <\/strong><strong>PRESIDENT <\/strong><strong>MIROSLAV LAJ\u010c\u00c1K <\/strong><\/h1>\n<div class=\"post-meta vcard\">\n<p><strong>United Nations Headquarters, New York<\/strong><\/p>\n<p style=\"text-align: left\"><span class=\"updated\">15 August 2018<\/span><\/p>\n<\/div>\n<p>[\/et_pb_text][\/et_pb_column][\/et_pb_row][et_pb_row][et_pb_column type=&#8221;2_3&#8243;][et_pb_text _builder_version=&#8221;3.6&#8243;]<\/p>\n<h3><strong>AFGHANISTAN: TERROR ATTACK ON YOÄ¢¹½ÊÓÆµG STUDENTS \u201cÄ¢¹½ÊÓÆµACCEPTABLE\u201d<\/strong><\/h3>\n<ul>\n<li>On Afghanistan, the President <a href=\"https:\/\/twitter.com\/Ä¢¹½ÊÓÆµ_PGA\/status\/1029748839207579649\">said it was unacceptable<\/a> that a suicide bomber killed almost 50 people in Kabul today.<\/li>\n<li>He noted that many of the victims were young people preparing for university entrance exams.<\/li>\n<li>He said, \u201cPursuing an education should not be a risk to one\u2019s life.\u201d<\/li>\n<li>He added that the General Assembly continues to stand against terrorism and with Afghanistan.<\/li>\n<\/ul>\n<p>&nbsp;<\/p>\n<h3><strong>PRESIDENT MEETS WITH TURKISH LEADERS IN ANKARA<\/strong><\/h3>\n<ul>\n<li>The President <a href=\"\/pga\/72?p=164913\">was in Turkey<\/a> on Monday.<\/li>\n<li>In Ankara, he <a href=\"\/pga\/72?p=164871\">delivered remarks<\/a> to the tenth annual Turkish Ambassadors\u2019 Conference. He spoke about current priorities on the international agenda \u2013 including migration, peace, sustainable development and people \u2013 as well as United Nations reform and multilateralism. He also flagged Turkey\u2019s \u201cvery unique role on the international stage.\u201d<\/li>\n<li>While in Ankara, President Laj\u010d\u00e1k met with H.E. Mr. Recep Tayyip Erdo\u011fan, President of Turkey. President Laj\u010d\u00e1k thanked Turkey for its strong support to the United Nations; for its active and visible role in the General Assembly; and for hosting more refugees than any other country. They also discussed regional challenges and how those could be addressed through international cooperation.<\/li>\n<li>The President also met separately with the Turkish Foreign Minister, H.E. Mr. Mevl\u00fct \u00c7avu\u015fo\u011flu. Their discussion focused on dynamics in the region with an emphasis on finding political solutions through dialogue and diplomacy.<\/li>\n<li>The President was also briefed by the United Nations Resident Coordinator in Turkey.<\/li>\n<li>In response to questions, the Spokesperson confirmed that relations between Turkey and the United States did come up as a topic in President Laj\u010d\u00e1k\u2019s meetings with the Turkish President and Foreign Minister.<\/li>\n<\/ul>\n<p>&nbsp;<\/p>\n<h3><strong>NO GENERAL ASSEMBLY ROLE IN REPORTED U.S.-TALIBAN TALKS<\/strong><\/h3>\n<ul>\n<li>Asked about reports of talks between the United States and the Taliban, the Spokesperson said that there was no connection between those reported talks and the General Assembly.<\/li>\n<li>In that regard, the Spokesperson was not in a position to confirm or explain any such reports.<\/li>\n<\/ul>\n<p>[\/et_pb_text][\/et_pb_column][et_pb_column type=&#8221;1_3&#8243;][et_pb_code _builder_version=&#8221;3.6&#8243;]\n<!-- iframe plugin v.6.0 wordpress.org\/plugins\/iframe\/ -->\n<iframe loading=\"lazy\" width=\"100%\" height=\"180\" src=\"\/\/www.un.org\/webcast\/1362235914001\/B1J3DDQJf_default\/index.html?videoId=5822517665001\" scrolling=\"yes\" class=\"iframe-class\" frameborder=\"0\"><\/iframe>\n&lt;!&#8211; [et_pb_line_break_holder] &#8211;&gt;[\/et_pb_code][\/et_pb_column][\/et_pb_row][\/et_pb_section]<\/p>\n","protected":false},"excerpt":{"rendered":"<p>Highlights of press briefing by spokesperson Brenden Varma \u2013 15 August 2018<\/p>\n","protected":false},"author":202,"featured_media":0,"comment_status":"closed","ping_status":"closed","sticky":false,"template":"","format":"standard","meta":{"_et_pb_use_builder":"on","_et_pb_old_content":"","_et_gb_content_width":"","footnotes":"","_links_to":"","_links_to_target":""},"categories":[232],"tags":[],"class_list":["post-164943","post","type-post","status-publish","format-standard","hentry","category-spokespersons-briefings","et-doesnt-have-format-content","et_post_format-et-post-format-standard"],"yoast_head":"<!-- This site is optimized with the Yoast SEO plugin v28.3 - https:\/\/yoast.com\/product\/yoast-seo-wordpress\/ -->\n<title>Highlights of press briefing by spokesperson \u2013 15 August 2018 - General Assembly of the United Nations<\/title>\n<meta name=\"robots\" content=\"index, follow, max-snippet:-1, max-image-preview:large, max-video-preview:-1\" \/>\n<link rel=\"canonical\" href=\"https:\/\/www.un.org\/pga\/72\/2018\/08\/15\/highlights-of-press-briefing-by-spokesperson-15-august-2018\/\" \/>\n<meta property=\"og:locale\" content=\"en_US\" \/>\n<meta property=\"og:type\" content=\"article\" \/>\n<meta property=\"og:title\" content=\"Highlights of press briefing by spokesperson \u2013 15 August 2018 - General Assembly of the United Nations\" \/>\n<meta property=\"og:description\" content=\"Highlights of press briefing by spokesperson Brenden Varma \u2013 15 August 2018\" \/>\n<meta property=\"og:url\" content=\"https:\/\/www.un.org\/pga\/72\/2018\/08\/15\/highlights-of-press-briefing-by-spokesperson-15-august-2018\/\" \/>\n<meta property=\"og:site_name\" content=\"General Assembly of the United Nations\" \/>\n<meta property=\"article:published_time\" content=\"2018-08-16T02:50:03+00:00\" \/>\n<meta name=\"author\" content=\"Katharina Kandt\" \/>\n<meta name=\"twitter:card\" content=\"summary_large_image\" \/>\n<meta name=\"twitter:label1\" content=\"Written by\" \/>\n\t<meta name=\"twitter:data1\" content=\"Katharina Kandt\" \/>\n\t<meta name=\"twitter:label2\" content=\"Est. reading time\" \/>\n\t<meta name=\"twitter:data2\" content=\"2 minutes\" \/>\n<script type=\"application\/ld+json\" class=\"yoast-schema-graph\">{\"@context\":\"https:\\\/\\\/schema.org\",\"@graph\":[{\"@type\":\"Article\",\"@id\":\"https:\\\/\\\/www.un.org\\\/pga\\\/72\\\/2018\\\/08\\\/15\\\/highlights-of-press-briefing-by-spokesperson-15-august-2018\\\/#article\",\"isPartOf\":{\"@id\":\"https:\\\/\\\/www.un.org\\\/pga\\\/72\\\/2018\\\/08\\\/15\\\/highlights-of-press-briefing-by-spokesperson-15-august-2018\\\/\"},\"author\":{\"name\":\"Katharina Kandt\",\"@id\":\"https:\\\/\\\/www.un.org\\\/pga\\\/72\\\/#\\\/schema\\\/person\\\/06bf09e43d46846c087701ec99ac8412\"},\"headline\":\"Highlights of press briefing by spokesperson \u2013 15 August 2018\",\"datePublished\":\"2018-08-16T02:50:03+00:00\",\"mainEntityOfPage\":{\"@id\":\"https:\\\/\\\/www.un.org\\\/pga\\\/72\\\/2018\\\/08\\\/15\\\/highlights-of-press-briefing-by-spokesperson-15-august-2018\\\/\"},\"wordCount\":452,\"articleSection\":[\"Spokesperson's Briefings\"],\"inLanguage\":\"en-US\"},{\"@type\":\"WebPage\",\"@id\":\"https:\\\/\\\/www.un.org\\\/pga\\\/72\\\/2018\\\/08\\\/15\\\/highlights-of-press-briefing-by-spokesperson-15-august-2018\\\/\",\"url\":\"https:\\\/\\\/www.un.org\\\/pga\\\/72\\\/2018\\\/08\\\/15\\\/highlights-of-press-briefing-by-spokesperson-15-august-2018\\\/\",\"name\":\"Highlights of press briefing by spokesperson \u2013 15 August 2018 - General Assembly of the United Nations\",\"isPartOf\":{\"@id\":\"https:\\\/\\\/www.un.org\\\/pga\\\/72\\\/#website\"},\"datePublished\":\"2018-08-16T02:50:03+00:00\",\"author\":{\"@id\":\"https:\\\/\\\/www.un.org\\\/pga\\\/72\\\/#\\\/schema\\\/person\\\/06bf09e43d46846c087701ec99ac8412\"},\"breadcrumb\":{\"@id\":\"https:\\\/\\\/www.un.org\\\/pga\\\/72\\\/2018\\\/08\\\/15\\\/highlights-of-press-briefing-by-spokesperson-15-august-2018\\\/#breadcrumb\"},\"inLanguage\":\"en-US\",\"potentialAction\":[{\"@type\":\"ReadAction\",\"target\":[\"https:\\\/\\\/www.un.org\\\/pga\\\/72\\\/2018\\\/08\\\/15\\\/highlights-of-press-briefing-by-spokesperson-15-august-2018\\\/\"]}]},{\"@type\":\"BreadcrumbList\",\"@id\":\"https:\\\/\\\/www.un.org\\\/pga\\\/72\\\/2018\\\/08\\\/15\\\/highlights-of-press-briefing-by-spokesperson-15-august-2018\\\/#breadcrumb\",\"itemListElement\":[{\"@type\":\"ListItem\",\"position\":1,\"name\":\"Home\",\"item\":\"https:\\\/\\\/www.un.org\\\/pga\\\/72\\\/\"},{\"@type\":\"ListItem\",\"position\":2,\"name\":\"Highlights of press briefing by spokesperson \u2013 15 August 2018\"}]},{\"@type\":\"WebSite\",\"@id\":\"https:\\\/\\\/www.un.org\\\/pga\\\/72\\\/#website\",\"url\":\"https:\\\/\\\/www.un.org\\\/pga\\\/72\\\/\",\"name\":\"General Assembly of the United Nations\",\"description\":\"President of the 72nd Session\",\"potentialAction\":[{\"@type\":\"SearchAction\",\"target\":{\"@type\":\"EntryPoint\",\"urlTemplate\":\"https:\\\/\\\/www.un.org\\\/pga\\\/72\\\/?s={search_term_string}\"},\"query-input\":{\"@type\":\"PropertyValueSpecification\",\"valueRequired\":true,\"valueName\":\"search_term_string\"}}],\"inLanguage\":\"en-US\"},{\"@type\":\"Person\",\"@id\":\"https:\\\/\\\/www.un.org\\\/pga\\\/72\\\/#\\\/schema\\\/person\\\/06bf09e43d46846c087701ec99ac8412\",\"name\":\"Katharina Kandt\",\"image\":{\"@type\":\"ImageObject\",\"inLanguage\":\"en-US\",\"@id\":\"https:\\\/\\\/secure.gravatar.com\\\/avatar\\\/5e28c19bf52d2ea02ca4d78c4548f4e118fe08e94744f59f7938769a04ae856e?s=96&d=mm&r=g\",\"url\":\"https:\\\/\\\/secure.gravatar.com\\\/avatar\\\/5e28c19bf52d2ea02ca4d78c4548f4e118fe08e94744f59f7938769a04ae856e?s=96&d=mm&r=g\",\"contentUrl\":\"https:\\\/\\\/secure.gravatar.com\\\/avatar\\\/5e28c19bf52d2ea02ca4d78c4548f4e118fe08e94744f59f7938769a04ae856e?s=96&d=mm&r=g\",\"caption\":\"Katharina Kandt\"},\"url\":\"https:\\\/\\\/www.un.org\\\/pga\\\/72\\\/author\\\/kandtun-org\\\/\"}]}<\/script>\n<!-- \/ Yoast SEO plugin. -->","yoast_head_json":{"title":"Highlights of press briefing by spokesperson \u2013 15 August 2018 - General Assembly of the United Nations","robots":{"index":"index","follow":"follow","max-snippet":"max-snippet:-1","max-image-preview":"max-image-preview:large","max-video-preview":"max-video-preview:-1"},"canonical":"https:\/\/www.un.org\/pga\/72\/2018\/08\/15\/highlights-of-press-briefing-by-spokesperson-15-august-2018\/","og_locale":"en_US","og_type":"article","og_title":"Highlights of press briefing by spokesperson \u2013 15 August 2018 - General Assembly of the United Nations","og_description":"Highlights of press briefing by spokesperson Brenden Varma \u2013 15 August 2018","og_url":"https:\/\/www.un.org\/pga\/72\/2018\/08\/15\/highlights-of-press-briefing-by-spokesperson-15-august-2018\/","og_site_name":"General Assembly of the United Nations","article_published_time":"2018-08-16T02:50:03+00:00","author":"Katharina Kandt","twitter_card":"summary_large_image","twitter_misc":{"Written by":"Katharina Kandt","Est. reading time":"2 minutes"},"schema":{"@context":"https:\/\/schema.org","@graph":[{"@type":"Article","@id":"https:\/\/www.un.org\/pga\/72\/2018\/08\/15\/highlights-of-press-briefing-by-spokesperson-15-august-2018\/#article","isPartOf":{"@id":"https:\/\/www.un.org\/pga\/72\/2018\/08\/15\/highlights-of-press-briefing-by-spokesperson-15-august-2018\/"},"author":{"name":"Katharina Kandt","@id":"https:\/\/www.un.org\/pga\/72\/#\/schema\/person\/06bf09e43d46846c087701ec99ac8412"},"headline":"Highlights of press briefing by spokesperson \u2013 15 August 2018","datePublished":"2018-08-16T02:50:03+00:00","mainEntityOfPage":{"@id":"https:\/\/www.un.org\/pga\/72\/2018\/08\/15\/highlights-of-press-briefing-by-spokesperson-15-august-2018\/"},"wordCount":452,"articleSection":["Spokesperson's Briefings"],"inLanguage":"en-US"},{"@type":"WebPage","@id":"https:\/\/www.un.org\/pga\/72\/2018\/08\/15\/highlights-of-press-briefing-by-spokesperson-15-august-2018\/","url":"https:\/\/www.un.org\/pga\/72\/2018\/08\/15\/highlights-of-press-briefing-by-spokesperson-15-august-2018\/","name":"Highlights of press briefing by spokesperson \u2013 15 August 2018 - General Assembly of the United Nations","isPartOf":{"@id":"https:\/\/www.un.org\/pga\/72\/#website"},"datePublished":"2018-08-16T02:50:03+00:00","author":{"@id":"https:\/\/www.un.org\/pga\/72\/#\/schema\/person\/06bf09e43d46846c087701ec99ac8412"},"breadcrumb":{"@id":"https:\/\/www.un.org\/pga\/72\/2018\/08\/15\/highlights-of-press-briefing-by-spokesperson-15-august-2018\/#breadcrumb"},"inLanguage":"en-US","potentialAction":[{"@type":"ReadAction","target":["https:\/\/www.un.org\/pga\/72\/2018\/08\/15\/highlights-of-press-briefing-by-spokesperson-15-august-2018\/"]}]},{"@type":"BreadcrumbList","@id":"https:\/\/www.un.org\/pga\/72\/2018\/08\/15\/highlights-of-press-briefing-by-spokesperson-15-august-2018\/#breadcrumb","itemListElement":[{"@type":"ListItem","position":1,"name":"Home","item":"https:\/\/www.un.org\/pga\/72\/"},{"@type":"ListItem","position":2,"name":"Highlights of press briefing by spokesperson \u2013 15 August 2018"}]},{"@type":"WebSite","@id":"https:\/\/www.un.org\/pga\/72\/#website","url":"https:\/\/www.un.org\/pga\/72\/","name":"General Assembly of the United Nations","description":"President of the 72nd Session","potentialAction":[{"@type":"SearchAction","target":{"@type":"EntryPoint","urlTemplate":"https:\/\/www.un.org\/pga\/72\/?s={search_term_string}"},"query-input":{"@type":"PropertyValueSpecification","valueRequired":true,"valueName":"search_term_string"}}],"inLanguage":"en-US"},{"@type":"Person","@id":"https:\/\/www.un.org\/pga\/72\/#\/schema\/person\/06bf09e43d46846c087701ec99ac8412","name":"Katharina Kandt","image":{"@type":"ImageObject","inLanguage":"en-US","@id":"https:\/\/secure.gravatar.com\/avatar\/5e28c19bf52d2ea02ca4d78c4548f4e118fe08e94744f59f7938769a04ae856e?s=96&d=mm&r=g","url":"https:\/\/secure.gravatar.com\/avatar\/5e28c19bf52d2ea02ca4d78c4548f4e118fe08e94744f59f7938769a04ae856e?s=96&d=mm&r=g","contentUrl":"https:\/\/secure.gravatar.com\/avatar\/5e28c19bf52d2ea02ca4d78c4548f4e118fe08e94744f59f7938769a04ae856e?s=96&d=mm&r=g","caption":"Katharina Kandt"},"url":"https:\/\/www.un.org\/pga\/72\/author\/kandtun-org\/"}]}},"_links":{"self":[{"href":"https:\/\/www.un.org\/pga\/72\/wp-json\/wp\/v2\/posts\/164943","targetHints":{"allow":["GET"]}}],"collection":[{"href":"https:\/\/www.un.org\/pga\/72\/wp-json\/wp\/v2\/posts"}],"about":[{"href":"https:\/\/www.un.org\/pga\/72\/wp-json\/wp\/v2\/types\/post"}],"author":[{"embeddable":true,"href":"https:\/\/www.un.org\/pga\/72\/wp-json\/wp\/v2\/users\/202"}],"replies":[{"embeddable":true,"href":"https:\/\/www.un.org\/pga\/72\/wp-json\/wp\/v2\/comments?post=164943"}],"version-history":[{"count":0,"href":"https:\/\/www.un.org\/pga\/72\/wp-json\/wp\/v2\/posts\/164943\/revisions"}],"wp:attachment":[{"href":"https:\/\/www.un.org\/pga\/72\/wp-json\/wp\/v2\/media?parent=164943"}],"wp:term":[{"taxonomy":"category","embeddable":true,"href":"https:\/\/www.un.org\/pga\/72\/wp-json\/wp\/v2\/categories?post=164943"},{"taxonomy":"post_tag","embeddable":true,"href":"https:\/\/www.un.org\/pga\/72\/wp-json\/wp\/v2\/tags?post=164943"}],"curies":[{"name":"wp","href":"https:\/\/api.w.org\/{rel}","templated":true}]}}