  {"id":168234,"date":"2018-10-24T13:37:17","date_gmt":"2018-10-24T17:37:17","guid":{"rendered":"https:\/\/www.un.org\/pga\/73\/?p=168234"},"modified":"2018-10-25T14:27:35","modified_gmt":"2018-10-25T18:27:35","slug":"global-leaders-summit-investment-in-a-new-era-of-industrialization","status":"publish","type":"post","link":"https:\/\/www.un.org\/pga\/73\/es\/2018\/10\/24\/global-leaders-summit-investment-in-a-new-era-of-industrialization\/","title":{"rendered":"Inversi\u00f3n en la nueva era de la industrializaci\u00f3n"},"content":{"rendered":"<p>[et_pb_section bb_built=\u00bb1&#8243;][et_pb_row][et_pb_column type=\u00bb4_4&#8243;][et_pb_text _builder_version=\u00bb3.12.2&#8243; border_style=\u00bbsolid\u00bb background_position=\u00bbtop_left\u00bb background_repeat=\u00bbrepeat\u00bb background_size=\u00bbinitial\u00bb]<\/p>\n<p style=\"text-align: center\"><strong><em>&#8211; Como dijo &#8211;<\/em><\/strong><\/p>\n<h3>Palabras de S.E. Mrs. Mar\u00eda Fernanda Espinosa Garc\u00e9s, Presidenta de la Asamblea General<\/h3>\n<p><strong><span class=\"updated\">24 de octubre del 2018 | Ginebra, Suiza<\/span><\/strong><\/p>\n<p>&nbsp;<\/p>\n<div id=\"attachment_168222\" style=\"width: 537px\" class=\"wp-caption alignleft\"><img loading=\"lazy\" decoding=\"async\" aria-describedby=\"caption-attachment-168222\" class=\" wp-image-168207\" src=\"https:\/\/www.un.org\/pga\/73\/wp-content\/uploads\/sites\/53\/2018\/10\/PAL9581-300x200.jpg\" alt=\"\" width=\"527\" height=\"351\" srcset=\"https:\/\/www.un.org\/pga\/wp-content\/uploads\/sites\/53\/2018\/10\/PAL9581-300x200.jpg 300w, https:\/\/www.un.org\/pga\/wp-content\/uploads\/sites\/53\/2018\/10\/PAL9581-150x100.jpg 150w, https:\/\/www.un.org\/pga\/wp-content\/uploads\/sites\/53\/2018\/10\/PAL9581-768x512.jpg 768w, https:\/\/www.un.org\/pga\/wp-content\/uploads\/sites\/53\/2018\/10\/PAL9581-1024x683.jpg 1024w, https:\/\/www.un.org\/pga\/wp-content\/uploads\/sites\/53\/2018\/10\/PAL9581-1080x720.jpg 1080w, https:\/\/www.un.org\/pga\/wp-content\/uploads\/sites\/53\/2018\/10\/PAL9581.jpg 2048w\" sizes=\"(max-width: 527px) 100vw, 527px\" \/><p id=\"caption-attachment-168222\" class=\"wp-caption-text\">Ä¢¹½ÊÓÆµCTAD Global Leaders Investment Summits, Geneva, Switzerland,<br \/>Photo\/Pierre Albouy<\/p><\/div>\n<p>Se\u00f1ores Jefes de Estado y de Gobierno<\/p>\n<p>Se\u00f1or Secretario General de la Ä¢¹½ÊÓÆµCTAD,<\/p>\n<p>Excelencias, damas y caballeros,<\/p>\n<p>&nbsp;<\/p>\n<p>Agradezco la invitaci\u00f3n para participar en este evento, que ocurre en un d\u00eda muy especial, el D\u00eda de las Naciones Unidas en su 73 aniversario. Nuestra manera de celebrar es efectivamente construyendo una Organizaci\u00f3n cada d\u00eda m\u00e1s relevante, eficiente y cercana a la vida de la gente y al futuro de las personas.<\/p>\n<p>&nbsp;<\/p>\n<p>Para la Asamblea General, el principal foro para las deliberaciones multilaterales, los cambios tecnol\u00f3gicos abren una ventana de oportunidades para lograr las aspiraciones plasmadas en la Agenda 2030 para el Desarrollo Sostenible.<\/p>\n<p>En esta Agenda, los Estados han reconocido que, para lograr sus objetivos, se necesitan alianzas con todos los sectores.<\/p>\n<p>Las inversiones son un aspecto clave en estas alianzas.<\/p>\n<p>Ellas permiten movilizar tecnolog\u00eda y recursos financieros y generar empleo decente. Estos son recursos cr\u00edticos para los pa\u00edses en desarrollo, especialmente, los menos adelantados.<\/p>\n<p>En particular, para lograr, de aqu\u00ed al 2030, los Objetivos de Desarrollo Sostenible, se necesita entre 5 a 7 billones de d\u00f3lares de inversi\u00f3n anual en diversos sectores e industrias. Esta cifra no es menor, pero con el compromiso de todos podremos alcanzar este objetivo.<\/p>\n<p>Me gustar\u00eda se\u00f1alar tres cuestiones en torno al tema que nos convoca.<\/p>\n<p><strong>Primero<\/strong>, el sector privado juega un papel importante para lograr el empleo pleno y productivo y el trabajo decente para todas las personas, de aqu\u00ed al 2030.<\/p>\n<p>Para alcanzar esta meta, se deber\u00edan crear 600 millones de nuevos puestos de trabajo, que requerir\u00e1n de inversiones de calidad y responsables.<\/p>\n<p>Para poder aprovechar estas oportunidades laborales emergentes, especialmente, en los pa\u00edses en desarrollo, las personas deben estar preparadas, en el uso y aprovechamiento de las nuevas tecnolog\u00edas.<\/p>\n<p>El sector privado puede colaborar con los Gobiernos para ello, invirtiendo en educaci\u00f3n, capacitaci\u00f3n y desarrollo de capacidades en los \u00e1mbitos de la ciencia, la tecnolog\u00eda, las comunicaciones, la ingenier\u00eda y las matem\u00e1ticas.<\/p>\n<p>La inversi\u00f3n en las peque\u00f1as y medianas empresas son particularmente importantes, dado que representan entre el 60 y el 70% de las fuentes de trabajo alrededor del mundo.<\/p>\n<p>Un aspecto caracter\u00edstico de esta nueva era de industrializaci\u00f3n, es la automatizaci\u00f3n de los trabajos.<\/p>\n<p>Seg\u00fan estimaciones, la automatizaci\u00f3n eliminar\u00eda 75 millones de empleos para el a\u00f1o 2022, <u>no obstante<\/u> crear\u00eda 133 millones de nuevas oportunidades laborales. En un balance, las nuevas tecnolog\u00edas nos traen oportunidades <u>que deben ser aprovechadas<\/u>, para que incluyan en lugar de excluir; y ampl\u00eden, en lugar de reducir nuestras expectativas del futuro del trabajo.<\/p>\n<p><strong>Segundo<\/strong>, las tecnolog\u00edas bajas en carbono son fundamentales en nuestra lucha colectiva contra el cambio clim\u00e1tico, en especial, para limitar el calentamiento global a 1,5 grados Celsius.<\/p>\n<p>Creo que all\u00ed existe un enorme potencial para el sector p\u00fablico y privado, y que deber\u00eda ser aprovechado, no s\u00f3lo por los r\u00e9ditos que podr\u00eda conseguir en t\u00e9rminos monetarios, sino porque es una inversi\u00f3n inteligente en un tema que nos afecta a todos por igual.<\/p>\n<p>El sector energ\u00e9tico es un importante nicho de mercado. Alrededor del mundo, m\u00e1s de mil millones de personas a\u00fan no tiene acceso a energ\u00eda el\u00e9ctrica. Invertir en fuentes de energ\u00eda limpia y accesible que permitan responder a esta demanda generar\u00e1, sin dudas, grandes beneficios econ\u00f3micos a quienes tengan la visi\u00f3n y el compromiso de hacerlo.<\/p>\n<p><strong>Tercero<\/strong>, las inversiones con un enfoque de g\u00e9nero son claves para que las econom\u00edas alcancen su pleno potencial.<\/p>\n<p>A trav\u00e9s de inversiones, se pueden ampliar las oportunidades de empleo para las mujeres y empoderarlas econ\u00f3micamente: por ejemplo, conviene facilitar el emprendimiento de las mujeres en peque\u00f1as y medianas empresas, pero tambi\u00e9n es necesario tener m\u00e1s mujeres en puestos de toma de decisi\u00f3n en el sector privado. Los n\u00fameros son sorprendentemente bajos.<\/p>\n<p>Tambi\u00e9n con las nuevas tecnolog\u00edas en el sector financiero, que pueden constituir un cambio de paradigma en la inclusi\u00f3n financiera de las mujeres, en particular las rurales, y las que viven en pobreza, quienes, generalmente no tienen acceso a los servicios financieros tradicionales.<\/p>\n<p>En t\u00e9rminos econ\u00f3micos, seguir perpetuando la desigualdad entre mujeres y hombres resulta sumamente costoso; pone obst\u00e1culos a la plena participaci\u00f3n de las mujeres en las econom\u00edas; y, limita el crecimiento de nuestros pa\u00edses.<\/p>\n<p>En promedio, las mujeres ganan 23% menos que los hombres; y de las 500 empresas m\u00e1s grandes del mundo, menos del 5% son presidentas ejecutivas (CEOs). Adicionalmente, los entornos laborales adversos que frenan el crecimiento profesional; el acoso sexual; los estereotipos de g\u00e9nero; y, el acceso limitado a las tecnolog\u00edas, son solo algunos ejemplos de los obst\u00e1culos que, en pleno siglo XXI, a\u00fan enfrentan las mujeres en todos los pa\u00edses, sin excepci\u00f3n.<\/p>\n<p>Los gobiernos, el sector privado, y la sociedad en su conjunto, deben reconocer estas realidades y corregirlas con un sentido de urgencia. \u00a1Tenemos una extraordinaria oportunidad de hacer que la Cuarta Revoluci\u00f3n Industrial sea la revoluci\u00f3n de las mujeres!<\/p>\n<p>Para concluir, quiero mencionar que somos conscientes de que el r\u00e1pido cambio tecnol\u00f3gico trae consigo enormes potenciales para resolver varios de los problemas m\u00e1s apremiantes del mundo, as\u00ed como los grandes desaf\u00edos.<\/p>\n<p>Debemos trabajar hacia una visi\u00f3n com\u00fan sobre el futuro de la humanidad. Un futuro que nos sirva a todos, en el que nadie sea excluido.<\/p>\n<p>La nueva era de la industrializaci\u00f3n debe ser un punto de inflexi\u00f3n para la humanidad para generar cambios positivos que transformen la vida de las generaciones presentes y conserven el futuro de las que vendr\u00e1n.<\/p>\n<p>Muchas gracias.<\/p>\n<p>[\/et_pb_text][\/et_pb_column][\/et_pb_row][\/et_pb_section]<\/p>\n","protected":false},"excerpt":{"rendered":"<p>Inversi\u00f3n en la nueva era de la industrializaci\u00f3n<\/p>\n","protected":false},"author":202,"featured_media":168222,"comment_status":"closed","ping_status":"closed","sticky":false,"template":"","format":"standard","meta":{"_et_pb_use_builder":"on","_et_pb_old_content":"","_et_gb_content_width":"","footnotes":"","_links_to":"","_links_to_target":""},"categories":[181],"tags":[],"class_list":["post-168234","post","type-post","status-publish","format-standard","has-post-thumbnail","hentry","category-statements-es","et-has-post-format-content","et_post_format-et-post-format-standard"],"yoast_head":"<!-- This site is optimized with the Yoast SEO plugin v28.3 - https:\/\/yoast.com\/product\/yoast-seo-wordpress\/ -->\n<title>Inversi\u00f3n en la nueva era de la industrializaci\u00f3n - Asamblea General de las Naciones Unidas<\/title>\n<meta name=\"robots\" content=\"index, follow, max-snippet:-1, max-image-preview:large, max-video-preview:-1\" \/>\n<link rel=\"canonical\" href=\"https:\/\/www.un.org\/pga\/73\/2018\/10\/24\/global-leaders-summit-investment-in-a-new-era-of-industrialization\/\" \/>\n<meta property=\"og:locale\" content=\"es_ES\" \/>\n<meta property=\"og:type\" content=\"article\" \/>\n<meta property=\"og:title\" content=\"Inversi\u00f3n en la nueva era de la industrializaci\u00f3n - Asamblea General de las Naciones Unidas\" \/>\n<meta property=\"og:description\" content=\"Inversi\u00f3n en la nueva era de la industrializaci\u00f3n\" \/>\n<meta property=\"og:url\" content=\"https:\/\/www.un.org\/pga\/73\/2018\/10\/24\/global-leaders-summit-investment-in-a-new-era-of-industrialization\/\" \/>\n<meta property=\"og:site_name\" content=\"Asamblea General de las Naciones Unidas\" \/>\n<meta property=\"article:published_time\" content=\"2018-10-24T17:37:17+00:00\" \/>\n<meta property=\"article:modified_time\" content=\"2018-10-25T18:27:35+00:00\" \/>\n<meta property=\"og:image\" content=\"https:\/\/www.un.org\/pga\/wp-content\/uploads\/sites\/53\/2018\/10\/PAL9581.jpg\" \/>\n\t<meta property=\"og:image:width\" content=\"3500\" \/>\n\t<meta property=\"og:image:height\" content=\"2333\" \/>\n\t<meta property=\"og:image:type\" content=\"image\/jpeg\" \/>\n<meta name=\"author\" content=\"Katharina Kandt\" \/>\n<meta name=\"twitter:card\" content=\"summary_large_image\" \/>\n<meta name=\"twitter:label1\" content=\"Escrito por\" \/>\n\t<meta name=\"twitter:data1\" content=\"Katharina Kandt\" \/>\n\t<meta name=\"twitter:label2\" content=\"Tiempo de lectura\" \/>\n\t<meta name=\"twitter:data2\" content=\"5 minutos\" \/>\n<script type=\"application\/ld+json\" class=\"yoast-schema-graph\">{\"@context\":\"https:\\\/\\\/schema.org\",\"@graph\":[{\"@type\":\"Article\",\"@id\":\"https:\\\/\\\/www.un.org\\\/pga\\\/73\\\/2018\\\/10\\\/24\\\/global-leaders-summit-investment-in-a-new-era-of-industrialization\\\/#article\",\"isPartOf\":{\"@id\":\"https:\\\/\\\/www.un.org\\\/pga\\\/73\\\/2018\\\/10\\\/24\\\/global-leaders-summit-investment-in-a-new-era-of-industrialization\\\/\"},\"author\":{\"name\":\"Katharina Kandt\",\"@id\":\"https:\\\/\\\/www.un.org\\\/pga\\\/73\\\/#\\\/schema\\\/person\\\/06bf09e43d46846c087701ec99ac8412\"},\"headline\":\"Inversi\u00f3n en la nueva era de la industrializaci\u00f3n\",\"datePublished\":\"2018-10-24T17:37:17+00:00\",\"dateModified\":\"2018-10-25T18:27:35+00:00\",\"mainEntityOfPage\":{\"@id\":\"https:\\\/\\\/www.un.org\\\/pga\\\/73\\\/2018\\\/10\\\/24\\\/global-leaders-summit-investment-in-a-new-era-of-industrialization\\\/\"},\"wordCount\":1067,\"publisher\":{\"@id\":\"https:\\\/\\\/www.un.org\\\/pga\\\/73\\\/#organization\"},\"image\":{\"@id\":\"https:\\\/\\\/www.un.org\\\/pga\\\/73\\\/2018\\\/10\\\/24\\\/global-leaders-summit-investment-in-a-new-era-of-industrialization\\\/#primaryimage\"},\"thumbnailUrl\":\"https:\\\/\\\/www.un.org\\\/pga\\\/wp-content\\\/uploads\\\/sites\\\/53\\\/2018\\\/10\\\/PAL9581.jpg\",\"articleSection\":[\"Declaraciones\"],\"inLanguage\":\"es\"},{\"@type\":\"WebPage\",\"@id\":\"https:\\\/\\\/www.un.org\\\/pga\\\/73\\\/2018\\\/10\\\/24\\\/global-leaders-summit-investment-in-a-new-era-of-industrialization\\\/\",\"url\":\"https:\\\/\\\/www.un.org\\\/pga\\\/73\\\/2018\\\/10\\\/24\\\/global-leaders-summit-investment-in-a-new-era-of-industrialization\\\/\",\"name\":\"Inversi\u00f3n en la nueva era de la industrializaci\u00f3n - Asamblea General de las Naciones Unidas\",\"isPartOf\":{\"@id\":\"https:\\\/\\\/www.un.org\\\/pga\\\/73\\\/#website\"},\"primaryImageOfPage\":{\"@id\":\"https:\\\/\\\/www.un.org\\\/pga\\\/73\\\/2018\\\/10\\\/24\\\/global-leaders-summit-investment-in-a-new-era-of-industrialization\\\/#primaryimage\"},\"image\":{\"@id\":\"https:\\\/\\\/www.un.org\\\/pga\\\/73\\\/2018\\\/10\\\/24\\\/global-leaders-summit-investment-in-a-new-era-of-industrialization\\\/#primaryimage\"},\"thumbnailUrl\":\"https:\\\/\\\/www.un.org\\\/pga\\\/wp-content\\\/uploads\\\/sites\\\/53\\\/2018\\\/10\\\/PAL9581.jpg\",\"datePublished\":\"2018-10-24T17:37:17+00:00\",\"dateModified\":\"2018-10-25T18:27:35+00:00\",\"breadcrumb\":{\"@id\":\"https:\\\/\\\/www.un.org\\\/pga\\\/73\\\/2018\\\/10\\\/24\\\/global-leaders-summit-investment-in-a-new-era-of-industrialization\\\/#breadcrumb\"},\"inLanguage\":\"es\",\"potentialAction\":[{\"@type\":\"ReadAction\",\"target\":[\"https:\\\/\\\/www.un.org\\\/pga\\\/73\\\/2018\\\/10\\\/24\\\/global-leaders-summit-investment-in-a-new-era-of-industrialization\\\/\"]}]},{\"@type\":\"ImageObject\",\"inLanguage\":\"es\",\"@id\":\"https:\\\/\\\/www.un.org\\\/pga\\\/73\\\/2018\\\/10\\\/24\\\/global-leaders-summit-investment-in-a-new-era-of-industrialization\\\/#primaryimage\",\"url\":\"https:\\\/\\\/www.un.org\\\/pga\\\/wp-content\\\/uploads\\\/sites\\\/53\\\/2018\\\/10\\\/PAL9581.jpg\",\"contentUrl\":\"https:\\\/\\\/www.un.org\\\/pga\\\/wp-content\\\/uploads\\\/sites\\\/53\\\/2018\\\/10\\\/PAL9581.jpg\",\"width\":3500,\"height\":2333,\"caption\":\"H.E. Mar\u00eda Fernanda Espinosa, President of the Ä¢¹½ÊÓÆµ General Assembly, speaks during the Ä¢¹½ÊÓÆµCTAD Global Leaders Investment Summits, Geneva, Switzerland, October 24, 2018. Ä¢¹½ÊÓÆµ Photo\\\/Pierre Albouy\"},{\"@type\":\"BreadcrumbList\",\"@id\":\"https:\\\/\\\/www.un.org\\\/pga\\\/73\\\/2018\\\/10\\\/24\\\/global-leaders-summit-investment-in-a-new-era-of-industrialization\\\/#breadcrumb\",\"itemListElement\":[{\"@type\":\"ListItem\",\"position\":1,\"name\":\"Home\",\"item\":\"https:\\\/\\\/www.un.org\\\/pga\\\/73\\\/es\\\/\"},{\"@type\":\"ListItem\",\"position\":2,\"name\":\"Inversi\u00f3n en la nueva era de la industrializaci\u00f3n\"}]},{\"@type\":\"WebSite\",\"@id\":\"https:\\\/\\\/www.un.org\\\/pga\\\/73\\\/#website\",\"url\":\"https:\\\/\\\/www.un.org\\\/pga\\\/73\\\/\",\"name\":\"General Assembly of the United Nations\",\"description\":\"Presidenta del 73\u00b0 per\u00edodo de sesiones\",\"publisher\":{\"@id\":\"https:\\\/\\\/www.un.org\\\/pga\\\/73\\\/#organization\"},\"potentialAction\":[{\"@type\":\"SearchAction\",\"target\":{\"@type\":\"EntryPoint\",\"urlTemplate\":\"https:\\\/\\\/www.un.org\\\/pga\\\/73\\\/?s={search_term_string}\"},\"query-input\":{\"@type\":\"PropertyValueSpecification\",\"valueRequired\":true,\"valueName\":\"search_term_string\"}}],\"inLanguage\":\"es\"},{\"@type\":\"Organization\",\"@id\":\"https:\\\/\\\/www.un.org\\\/pga\\\/73\\\/#organization\",\"name\":\"General Assembly of the United Nations\",\"url\":\"https:\\\/\\\/www.un.org\\\/pga\\\/73\\\/\",\"logo\":{\"@type\":\"ImageObject\",\"inLanguage\":\"es\",\"@id\":\"https:\\\/\\\/www.un.org\\\/pga\\\/73\\\/#\\\/schema\\\/logo\\\/image\\\/\",\"url\":\"https:\\\/\\\/www.un.org\\\/pga\\\/wp-content\\\/uploads\\\/sites\\\/53\\\/2018\\\/07\\\/18-00066a_Ä¢¹½ÊÓÆµGA73_Logos-no-type-04.png\",\"contentUrl\":\"https:\\\/\\\/www.un.org\\\/pga\\\/wp-content\\\/uploads\\\/sites\\\/53\\\/2018\\\/07\\\/18-00066a_Ä¢¹½ÊÓÆµGA73_Logos-no-type-04.png\",\"width\":529,\"height\":601,\"caption\":\"General Assembly of the United Nations\"},\"image\":{\"@id\":\"https:\\\/\\\/www.un.org\\\/pga\\\/73\\\/#\\\/schema\\\/logo\\\/image\\\/\"}},{\"@type\":\"Person\",\"@id\":\"https:\\\/\\\/www.un.org\\\/pga\\\/73\\\/#\\\/schema\\\/person\\\/06bf09e43d46846c087701ec99ac8412\",\"name\":\"Katharina Kandt\",\"image\":{\"@type\":\"ImageObject\",\"inLanguage\":\"es\",\"@id\":\"https:\\\/\\\/secure.gravatar.com\\\/avatar\\\/5e28c19bf52d2ea02ca4d78c4548f4e118fe08e94744f59f7938769a04ae856e?s=96&d=mm&r=g\",\"url\":\"https:\\\/\\\/secure.gravatar.com\\\/avatar\\\/5e28c19bf52d2ea02ca4d78c4548f4e118fe08e94744f59f7938769a04ae856e?s=96&d=mm&r=g\",\"contentUrl\":\"https:\\\/\\\/secure.gravatar.com\\\/avatar\\\/5e28c19bf52d2ea02ca4d78c4548f4e118fe08e94744f59f7938769a04ae856e?s=96&d=mm&r=g\",\"caption\":\"Katharina Kandt\"},\"url\":\"https:\\\/\\\/www.un.org\\\/pga\\\/73\\\/es\\\/author\\\/kandtun-org\\\/\"}]}<\/script>\n<!-- \/ Yoast SEO plugin. -->","yoast_head_json":{"title":"Inversi\u00f3n en la nueva era de la industrializaci\u00f3n - Asamblea General de las Naciones Unidas","robots":{"index":"index","follow":"follow","max-snippet":"max-snippet:-1","max-image-preview":"max-image-preview:large","max-video-preview":"max-video-preview:-1"},"canonical":"https:\/\/www.un.org\/pga\/73\/2018\/10\/24\/global-leaders-summit-investment-in-a-new-era-of-industrialization\/","og_locale":"es_ES","og_type":"article","og_title":"Inversi\u00f3n en la nueva era de la industrializaci\u00f3n - Asamblea General de las Naciones Unidas","og_description":"Inversi\u00f3n en la nueva era de la industrializaci\u00f3n","og_url":"https:\/\/www.un.org\/pga\/73\/2018\/10\/24\/global-leaders-summit-investment-in-a-new-era-of-industrialization\/","og_site_name":"Asamblea General de las Naciones Unidas","article_published_time":"2018-10-24T17:37:17+00:00","article_modified_time":"2018-10-25T18:27:35+00:00","og_image":[{"width":3500,"height":2333,"url":"https:\/\/www.un.org\/pga\/wp-content\/uploads\/sites\/53\/2018\/10\/PAL9581.jpg","type":"image\/jpeg"}],"author":"Katharina Kandt","twitter_card":"summary_large_image","twitter_misc":{"Escrito por":"Katharina Kandt","Tiempo de lectura":"5 minutos"},"schema":{"@context":"https:\/\/schema.org","@graph":[{"@type":"Article","@id":"https:\/\/www.un.org\/pga\/73\/2018\/10\/24\/global-leaders-summit-investment-in-a-new-era-of-industrialization\/#article","isPartOf":{"@id":"https:\/\/www.un.org\/pga\/73\/2018\/10\/24\/global-leaders-summit-investment-in-a-new-era-of-industrialization\/"},"author":{"name":"Katharina Kandt","@id":"https:\/\/www.un.org\/pga\/73\/#\/schema\/person\/06bf09e43d46846c087701ec99ac8412"},"headline":"Inversi\u00f3n en la nueva era de la industrializaci\u00f3n","datePublished":"2018-10-24T17:37:17+00:00","dateModified":"2018-10-25T18:27:35+00:00","mainEntityOfPage":{"@id":"https:\/\/www.un.org\/pga\/73\/2018\/10\/24\/global-leaders-summit-investment-in-a-new-era-of-industrialization\/"},"wordCount":1067,"publisher":{"@id":"https:\/\/www.un.org\/pga\/73\/#organization"},"image":{"@id":"https:\/\/www.un.org\/pga\/73\/2018\/10\/24\/global-leaders-summit-investment-in-a-new-era-of-industrialization\/#primaryimage"},"thumbnailUrl":"https:\/\/www.un.org\/pga\/wp-content\/uploads\/sites\/53\/2018\/10\/PAL9581.jpg","articleSection":["Declaraciones"],"inLanguage":"es"},{"@type":"WebPage","@id":"https:\/\/www.un.org\/pga\/73\/2018\/10\/24\/global-leaders-summit-investment-in-a-new-era-of-industrialization\/","url":"https:\/\/www.un.org\/pga\/73\/2018\/10\/24\/global-leaders-summit-investment-in-a-new-era-of-industrialization\/","name":"Inversi\u00f3n en la nueva era de la industrializaci\u00f3n - Asamblea General de las Naciones Unidas","isPartOf":{"@id":"https:\/\/www.un.org\/pga\/73\/#website"},"primaryImageOfPage":{"@id":"https:\/\/www.un.org\/pga\/73\/2018\/10\/24\/global-leaders-summit-investment-in-a-new-era-of-industrialization\/#primaryimage"},"image":{"@id":"https:\/\/www.un.org\/pga\/73\/2018\/10\/24\/global-leaders-summit-investment-in-a-new-era-of-industrialization\/#primaryimage"},"thumbnailUrl":"https:\/\/www.un.org\/pga\/wp-content\/uploads\/sites\/53\/2018\/10\/PAL9581.jpg","datePublished":"2018-10-24T17:37:17+00:00","dateModified":"2018-10-25T18:27:35+00:00","breadcrumb":{"@id":"https:\/\/www.un.org\/pga\/73\/2018\/10\/24\/global-leaders-summit-investment-in-a-new-era-of-industrialization\/#breadcrumb"},"inLanguage":"es","potentialAction":[{"@type":"ReadAction","target":["https:\/\/www.un.org\/pga\/73\/2018\/10\/24\/global-leaders-summit-investment-in-a-new-era-of-industrialization\/"]}]},{"@type":"ImageObject","inLanguage":"es","@id":"https:\/\/www.un.org\/pga\/73\/2018\/10\/24\/global-leaders-summit-investment-in-a-new-era-of-industrialization\/#primaryimage","url":"https:\/\/www.un.org\/pga\/wp-content\/uploads\/sites\/53\/2018\/10\/PAL9581.jpg","contentUrl":"https:\/\/www.un.org\/pga\/wp-content\/uploads\/sites\/53\/2018\/10\/PAL9581.jpg","width":3500,"height":2333,"caption":"H.E. Mar\u00eda Fernanda Espinosa, President of the Ä¢¹½ÊÓÆµ General Assembly, speaks during the Ä¢¹½ÊÓÆµCTAD Global Leaders Investment Summits, Geneva, Switzerland, October 24, 2018. Ä¢¹½ÊÓÆµ Photo\/Pierre Albouy"},{"@type":"BreadcrumbList","@id":"https:\/\/www.un.org\/pga\/73\/2018\/10\/24\/global-leaders-summit-investment-in-a-new-era-of-industrialization\/#breadcrumb","itemListElement":[{"@type":"ListItem","position":1,"name":"Home","item":"https:\/\/www.un.org\/pga\/73\/es\/"},{"@type":"ListItem","position":2,"name":"Inversi\u00f3n en la nueva era de la industrializaci\u00f3n"}]},{"@type":"WebSite","@id":"https:\/\/www.un.org\/pga\/73\/#website","url":"https:\/\/www.un.org\/pga\/73\/","name":"General Assembly of the United Nations","description":"Presidenta del 73\u00b0 per\u00edodo de sesiones","publisher":{"@id":"https:\/\/www.un.org\/pga\/73\/#organization"},"potentialAction":[{"@type":"SearchAction","target":{"@type":"EntryPoint","urlTemplate":"https:\/\/www.un.org\/pga\/73\/?s={search_term_string}"},"query-input":{"@type":"PropertyValueSpecification","valueRequired":true,"valueName":"search_term_string"}}],"inLanguage":"es"},{"@type":"Organization","@id":"https:\/\/www.un.org\/pga\/73\/#organization","name":"General Assembly of the United Nations","url":"https:\/\/www.un.org\/pga\/73\/","logo":{"@type":"ImageObject","inLanguage":"es","@id":"https:\/\/www.un.org\/pga\/73\/#\/schema\/logo\/image\/","url":"https:\/\/www.un.org\/pga\/wp-content\/uploads\/sites\/53\/2018\/07\/18-00066a_Ä¢¹½ÊÓÆµGA73_Logos-no-type-04.png","contentUrl":"https:\/\/www.un.org\/pga\/wp-content\/uploads\/sites\/53\/2018\/07\/18-00066a_Ä¢¹½ÊÓÆµGA73_Logos-no-type-04.png","width":529,"height":601,"caption":"General Assembly of the United Nations"},"image":{"@id":"https:\/\/www.un.org\/pga\/73\/#\/schema\/logo\/image\/"}},{"@type":"Person","@id":"https:\/\/www.un.org\/pga\/73\/#\/schema\/person\/06bf09e43d46846c087701ec99ac8412","name":"Katharina Kandt","image":{"@type":"ImageObject","inLanguage":"es","@id":"https:\/\/secure.gravatar.com\/avatar\/5e28c19bf52d2ea02ca4d78c4548f4e118fe08e94744f59f7938769a04ae856e?s=96&d=mm&r=g","url":"https:\/\/secure.gravatar.com\/avatar\/5e28c19bf52d2ea02ca4d78c4548f4e118fe08e94744f59f7938769a04ae856e?s=96&d=mm&r=g","contentUrl":"https:\/\/secure.gravatar.com\/avatar\/5e28c19bf52d2ea02ca4d78c4548f4e118fe08e94744f59f7938769a04ae856e?s=96&d=mm&r=g","caption":"Katharina Kandt"},"url":"https:\/\/www.un.org\/pga\/73\/es\/author\/kandtun-org\/"}]}},"_links":{"self":[{"href":"https:\/\/www.un.org\/pga\/73\/es\/wp-json\/wp\/v2\/posts\/168234","targetHints":{"allow":["GET"]}}],"collection":[{"href":"https:\/\/www.un.org\/pga\/73\/es\/wp-json\/wp\/v2\/posts"}],"about":[{"href":"https:\/\/www.un.org\/pga\/73\/es\/wp-json\/wp\/v2\/types\/post"}],"author":[{"embeddable":true,"href":"https:\/\/www.un.org\/pga\/73\/es\/wp-json\/wp\/v2\/users\/202"}],"replies":[{"embeddable":true,"href":"https:\/\/www.un.org\/pga\/73\/es\/wp-json\/wp\/v2\/comments?post=168234"}],"version-history":[{"count":0,"href":"https:\/\/www.un.org\/pga\/73\/es\/wp-json\/wp\/v2\/posts\/168234\/revisions"}],"wp:featuredmedia":[{"embeddable":true,"href":"https:\/\/www.un.org\/pga\/73\/es\/wp-json\/wp\/v2\/media\/168222"}],"wp:attachment":[{"href":"https:\/\/www.un.org\/pga\/73\/es\/wp-json\/wp\/v2\/media?parent=168234"}],"wp:term":[{"taxonomy":"category","embeddable":true,"href":"https:\/\/www.un.org\/pga\/73\/es\/wp-json\/wp\/v2\/categories?post=168234"},{"taxonomy":"post_tag","embeddable":true,"href":"https:\/\/www.un.org\/pga\/73\/es\/wp-json\/wp\/v2\/tags?post=168234"}],"curies":[{"name":"wp","href":"https:\/\/api.w.org\/{rel}","templated":true}]}}