  {"id":168414,"date":"2018-10-26T22:27:03","date_gmt":"2018-10-27T02:27:03","guid":{"rendered":"https:\/\/www.un.org\/pga\/73\/2018\/10\/26\/briefing-with-member-states-and-international-organisms-based-in-geneva\/"},"modified":"2018-10-28T13:40:02","modified_gmt":"2018-10-28T17:40:02","slug":"sesion-informativa-con-los-estados-miembros-y-los-organismos-internacionales-con-sede-en-ginebra","status":"publish","type":"post","link":"https:\/\/www.un.org\/pga\/73\/es\/2018\/10\/26\/sesion-informativa-con-los-estados-miembros-y-los-organismos-internacionales-con-sede-en-ginebra\/","title":{"rendered":"Sesi\u00f3n Informativa con los Estados Miembros y los Organismos Internacionales con sede en Ginebra"},"content":{"rendered":"<p>[et_pb_section bb_built=\u00bb1&#8243;][et_pb_row][et_pb_column type=\u00bb4_4&#8243;][et_pb_text _builder_version=\u00bb3.12.2&#8243; border_style=\u00bbsolid\u00bb background_position=\u00bbtop_left\u00bb background_repeat=\u00bbrepeat\u00bb background_size=\u00bbinitial\u00bb]<\/p>\n<p style=\"text-align: center\"><strong><em>&#8211; Como dijo &#8211;<\/em><\/strong><\/p>\n<h3>Intervenci\u00f3n de la Presidenta de la Asamblea General de las Naciones Unidas, S.E. Se\u00f1ora Mar\u00eda Fernanda Espinosa Garc\u00e9s<\/h3>\n<p><strong><span class=\"updated\">26 octubre del 2018<\/span><\/strong><\/p>\n<p><img loading=\"lazy\" decoding=\"async\" class=\"wp-image-168381 alignleft\" src=\"https:\/\/www.un.org\/pga\/73\/wp-content\/uploads\/sites\/53\/2018\/10\/2018-10-26_PGA-TARDY_34-300x200.jpg\" alt=\"\" width=\"453\" height=\"302\" srcset=\"https:\/\/www.un.org\/pga\/wp-content\/uploads\/sites\/53\/2018\/10\/2018-10-26_PGA-TARDY_34-300x200.jpg 300w, https:\/\/www.un.org\/pga\/wp-content\/uploads\/sites\/53\/2018\/10\/2018-10-26_PGA-TARDY_34-150x100.jpg 150w, https:\/\/www.un.org\/pga\/wp-content\/uploads\/sites\/53\/2018\/10\/2018-10-26_PGA-TARDY_34-768x512.jpg 768w, https:\/\/www.un.org\/pga\/wp-content\/uploads\/sites\/53\/2018\/10\/2018-10-26_PGA-TARDY_34-1024x683.jpg 1024w, https:\/\/www.un.org\/pga\/wp-content\/uploads\/sites\/53\/2018\/10\/2018-10-26_PGA-TARDY_34-1080x720.jpg 1080w, https:\/\/www.un.org\/pga\/wp-content\/uploads\/sites\/53\/2018\/10\/2018-10-26_PGA-TARDY_34.jpg 2048w\" sizes=\"(max-width: 453px) 100vw, 453px\" \/><\/p>\n<p style=\"font-weight: 400\">Excelencias:<\/p>\n<p style=\"font-weight: 400\">Me complace estar aqu\u00ed para dialogar e intercambiar puntos de vista sobre el trabajo de la Asamblea General y la forma en que se relaciona con la labor que se realiza en Ginebra. El prop\u00f3sito es mejorar la comunicaci\u00f3n y la coordinaci\u00f3n de nuestros trabajos.<\/p>\n<p style=\"font-weight: 400\">La Asamblea General es el\u00a0<strong>foro multilateral m\u00e1s importante para debatir, y alcanzar acuerdos y compromisos<\/strong>\u00a0en los principales temas que afectan a la humanidad. Estoy comprometida a facilitar este di\u00e1logo global y a lograr que las Naciones Unidas sea m\u00e1s relevante para todas las personas, en momentos en los que el multilateralismo enfrenta serios desaf\u00edos.<\/p>\n<p style=\"font-weight: 400\">Me gustar\u00eda compartir con ustedes tres temas: las prioridades que he establecido para este periodo de sesiones, una breve evaluaci\u00f3n del debate general de la Asamblea y los planes futuros.<\/p>\n<p style=\"font-weight: 400\"><strong>\u00a0<\/strong><\/p>\n<p style=\"font-weight: 400\"><strong>PRIORIDADES<\/strong><\/p>\n<p style=\"font-weight: 400\">He fijado\u00a0<strong>siete prioridades<\/strong>\u00a0que impulsar\u00e9 durante mi presidencia: la equidad de g\u00e9nero y el empoderamiento de las mujeres; los migrantes y refugiados; el trabajo decente; la acci\u00f3n en favor del medio ambiente; las personas con discapacidad; la revitalizaci\u00f3n de las Naciones Unidas; y, paz y seguridad y el rol de los j\u00f3venes en la prevenci\u00f3n de los conflictos.<\/p>\n<ol>\n<li style=\"font-weight: 400\">Como la cuarta mujer en ocupar la Presidencia de la Asamblea General en 73 a\u00f1os, promover la i<strong>gualdad de g\u00e9nero y\u00a0 el empoderamiento de las mujeres<\/strong>es un objetivo prioritario.<\/li>\n<\/ol>\n<p style=\"font-weight: 400\">Me he comprometido a impulsar la participaci\u00f3n paritaria de mujeres en los eventos y procesos de facilitaci\u00f3n de la Asamblea General.<\/p>\n<p style=\"font-weight: 400\">Estoy trabajando para llevar a cabo el 12 marzo de 2019 una Cumbre sobre \u201cMujeres en el poder &#8211; Women in Power\u201d, al margen de la pr\u00f3xima sesi\u00f3n de la Comisi\u00f3n de la Condici\u00f3n Jur\u00eddica y Social de la Mujer (CSW).<\/p>\n<p style=\"font-weight: 400\">Quiero reconocer los esfuerzos de la red \u201cInternational Gender Champions\u201d, que en Ginebra realiza importantes esfuerzos para que los eventos que se convoquen incluyan mujeres y logren la paridad.<\/p>\n<ol start=\"2\">\n<li style=\"font-weight: 400\">Creo firmemente que debemos apoyar los esfuerzos globales para asegurar la protecci\u00f3n y asistencia a los m\u00e1s de 25 millones de<strong>refugiados<\/strong>alrededor el mundo, la adopci\u00f3n e implementaci\u00f3n del Pacto Global para los Refugiados es de la mayor relevancia.\u00a0 Entiendo que el texto ser\u00e1 enviado a Nueva York esta pr\u00f3ximo martes .<\/li>\n<\/ol>\n<p style=\"font-weight: 400\">Asimismo, debemos preservar los acuerdos logrados en el\u00a0<strong>Pacto Global para una Migraci\u00f3n Segura, Ordenada y Regular<\/strong>. Ambos Pactos, contribuir\u00e1n a asegurar el bienestar y la dignidad de quienes buscan refugio y de quienes migran.<\/p>\n<ol start=\"3\">\n<li style=\"font-weight: 400\">El<strong>trabajo decente<\/strong>es clave para erradicar la pobreza y reducir la desigualdad. Con ocasi\u00f3n del centenario de la Organizaci\u00f3n Internacional del Trabajo, convocar\u00e9 a una Reuni\u00f3n de Alto Nivel sobre Trabajo Decente, el 10 de abril del pr\u00f3ximo a\u00f1o.<\/li>\n<li style=\"font-weight: 400\">La Asamblea General debe seguir prestando atenci\u00f3n a la protecci\u00f3n del<strong>medio ambiente<\/strong>. Estamos apoyando los esfuerzos para lograr la implementaci\u00f3n de los Acuerdos de Par\u00eds. Al respecto, la pr\u00f3xima COP en Polonia ser\u00e1 un momento crucial que no debemos desaprovechar.<\/li>\n<\/ol>\n<p style=\"font-weight: 400\">Convocar\u00e9 la Reuni\u00f3n de Alto Nivel sobre la protecci\u00f3n del Clima Mundial para las generaciones presentes y futuras, en el contexto de las dimensiones econ\u00f3mica, social y ambiental de la Agenda 2030.<\/p>\n<p style=\"font-weight: 400\">Tambi\u00e9n impulsar\u00e9 una campa\u00f1a mundial para crear conciencia sobre la contaminaci\u00f3n que producen los pl\u00e1sticos. Los invito a que se sumen a esta campa\u00f1a.<\/p>\n<ol start=\"5\">\n<li style=\"font-weight: 400\">Con relaci\u00f3n a las<strong>personas con discapacidad<\/strong>, har\u00e9 mis mejores esfuerzos para dar visibilidad a su situaci\u00f3n y a la importancia de respetar y promover sus derechos, en particular su derecho a una educaci\u00f3n de calidad, a la accesibilidad, as\u00ed como al trabajo decente.<\/li>\n<li style=\"font-weight: 400\">Las Naciones Unidas se encuentra en medio de un proceso de<strong>reforma<\/strong>que es crucial para garantizar su efectividad, credibilidad y relevancia en un mundo cada vez m\u00e1s complejo y cambiante.<\/li>\n<\/ol>\n<p style=\"font-weight: 400\">Me centrar\u00e9 en tres \u00e1reas para implementar la reforma del sistema. La implementaci\u00f3n de las reformas del Secretario General, la revitalizaci\u00f3n de la Asamblea General y continuar el proceso de reforma del Consejo de Seguridad de acuerdo al paso que establezcan los Estados miembros.<\/p>\n<ol start=\"7\">\n<li style=\"font-weight: 400\">El enorme potencial de los<strong>j\u00f3venes<\/strong>para el \u00e9xito de la agenda de\u00a0<strong>paz y seguridad<\/strong>\u00a0es clave para la realizaci\u00f3n de los Objetivos de Desarrollo Sostenible. El papel de los j\u00f3venes como mediadores y agentes de paz es esencial. La Asamblea General debe seguir impulsando medidas para que los j\u00f3venes tengan oportunidades econ\u00f3micas, participaci\u00f3n pol\u00edtica, servicios sociales y seguridad.<\/li>\n<\/ol>\n<p style=\"font-weight: 400\"><strong>\u00a0<\/strong><\/p>\n<p style=\"font-weight: 400\"><strong>SEMANA DE ALTO NIVEL \u2013 DEBATE GENERAL EN NUEVA YORK<\/strong><\/p>\n<p style=\"font-weight: 400\">El debate general de septiembre pasado fue una importante muestra de la relevancia de la Asamblea General y de las Naciones Unidas, sobre todo por las muchas referencias de los l\u00edderes mundiales a la necesidad de\u00a0<strong>defender el multilateralismo y apoyar una acci\u00f3n conjunta para abordar los desaf\u00edos globales<\/strong>.<\/p>\n<p style=\"font-weight: 400\">El desarrollo sostenible y el cambio clim\u00e1tico estuvieron entre los temas m\u00e1s mencionados por los l\u00edderes a lo largo del debate.<\/p>\n<p style=\"font-weight: 400\">La reflexi\u00f3n global que escuchamos reforz\u00f3 el papel de la Organizaci\u00f3n como foro multilateral para responder a los problemas que enfrenta la humanidad. Este a\u00f1o\u00a0<strong>participaron 121 Jefes de Estado y de Gobierno<\/strong>, 9 Vice presidentes y Vice primeros Ministros, as\u00ed como una importante cantidad de Ministros y Representantes Permanentes.<\/p>\n<p style=\"font-weight: 400\">La Asamblea General fue escenario de cientos de reuniones entre Jefes de Estado y de Gobierno y Ministros, contribuyendo as\u00ed al fortalecimiento de las relaciones entre las naciones.\u00a0<strong>M\u00e1s de 400 eventos paralelos<\/strong>\u00a0tuvieron lugar durante la semana de Alto Nivel.<\/p>\n<p style=\"font-weight: 400\">Los Estados Miembros no solo realizaron una evaluaci\u00f3n de los temas m\u00e1s delicados de la situaci\u00f3n internacional, sino tambi\u00e9n compartieron los avances m\u00e1s significativos logrados en sus estrategias de desarrollo sostenible, en la consolidaci\u00f3n de la paz y en el respeto de los derechos humanos.<\/p>\n<p style=\"font-weight: 400\">Cabe destacar la celebraci\u00f3n de la Cumbre de la Paz Nelson M\u00e1ndela, con una fuerte declaraci\u00f3n pol\u00edtica abogando por la necesidad de luchar por La Paz a trav\u00e9s del di\u00e1logo, la tolerancia y la decisi\u00f3n pol\u00edtica.<\/p>\n<p style=\"font-weight: 400\">Conforme a los mandatos de la Asamblea General, se celebraron los Eventos de Alto Nivel sobre la \u00ab<strong>Lucha contra la Tuberculosis<\/strong>\u00bb y sobre la \u00ab<strong>Prevenci\u00f3n y Control de las Enfermedades No Transmisibles<\/strong>\u00ab. Se adoptaron dos declaraciones pol\u00edticas. Agradezco el aporte de las Misiones en esta sede y de la OMS para el \u00e9xito de ambos eventos que fueron muy concurridos tanto por los Jefes de Estado, como por los Ministros de Salud.<\/p>\n<p style=\"font-weight: 400\">Se celebr\u00f3 tambi\u00e9n una Reuni\u00f3n de Alto Nivel sobre la eliminaci\u00f3n total de las armas nucleares. Adem\u00e1s siete pa\u00edses firmaron y 4 ratificaron el\u00a0<strong>Tratado de Prohibici\u00f3n de Armas Nucleares<\/strong>, fortaleciendo as\u00ed el compromiso hacia un mundo libre de la amenaza nuclear, al que todos aspiramos. Con estos, son ya 69 los pa\u00edses que han firmado y 19 los que han ratificado este importante instrumento.<\/p>\n<p style=\"font-weight: 400\"><strong>PERIODO ORDINARIO DE SESIONES<\/strong><\/p>\n<p style=\"font-weight: 400\">Quiero<strong>\u00a0<\/strong>comentarles que han iniciado los trabajos de las Comisiones Principales de la Asamblea General y de Plenario. Me he dirigido a cada una de las Comisiones para apoyar sus labores.<\/p>\n<p style=\"font-weight: 400\"><strong>\u00a0<\/strong><\/p>\n<p style=\"font-weight: 400\"><strong>ORGANIZACI\u00d3N DE EVENTOS DE ALTO NIVEL<\/strong><\/p>\n<p style=\"font-weight: 400\">Adem\u00e1s de los eventos ya mencionados, tengo el mandato de organizar varias reuniones de alto nivel entre las que destaco algunas que son de particular inter\u00e9s para esta sede:<\/p>\n<ul>\n<li style=\"font-weight: 400\"><strong>Reuni<\/strong><strong>\u00f3n plenaria<\/strong>\u00a0para conmemorar\u00a0<strong>el 70\u00ba\u00a0<\/strong><strong>aniversario de la Declaraci<\/strong><strong>\u00f3n Universal de DDHH<\/strong>\u00a0y el\u00a0<strong>25\u00ba\u00a0<\/strong><strong>aniversario<\/strong>\u00a0de la Declaraci\u00f3n y Programa de Acci\u00f3n de\u00a0<strong>Viena<\/strong>. (Diciembre 2018)<\/li>\n<li style=\"font-weight: 400\">La<strong>Reuni<\/strong><strong>\u00f3n de Alto Nivel<\/strong>\u00a0sobre el 20\u00ba\u00a0aniversario de la\u00a0<strong>Declaraci\u00f3n<\/strong>\u00a0de los<strong>Defensores de Derechos Humanos<\/strong>.(Diciembre 2018)<\/li>\n<li style=\"font-weight: 400\">La Reuni\u00f3n de Alto Nivel sobre<strong>Pa\u00ed<\/strong><strong>ses de Renta Media<\/strong>\u00a0convocada para el 4 de diciembre pr\u00f3ximo.<\/li>\n<li style=\"font-weight: 400\">La\u00a0<strong>Conferencia<\/strong>\u00a0de Alto Nivel sobre\u00a0<strong>Cooperaci\u00f3n Sur-Sur<\/strong>\u00a0que se realizar\u00e1 enBuenos Aires, Argentina en marzo de 2019.<\/li>\n<li style=\"font-weight: 400\">Eventos de alto nivel sobre Flujos Financieros Il\u00edcitos\u00a0y sobre Productos Primarios y el di\u00e1logo de alto nivel sobre financiaci\u00f3n para el desarrollo.<\/li>\n<\/ul>\n<p style=\"font-weight: 400\">Otra tarea prioritaria ser\u00e1 la organizaci\u00f3n del\u00a0<strong>Foro de Alto Nivel<\/strong>, el primero que celebrar\u00e1 la Asamblea General y que nos permitir\u00e1\u00a0identificar\u00a0los avances en el cumplimiento\u00a0de los objetivos de desarrollo sostenible.<\/p>\n<p style=\"font-weight: 400\">Estimadas Embajadoras y Embajadores:<\/p>\n<p style=\"font-weight: 400\">Como podr\u00e1n observar tenemos un programa muy ambicioso, gran parte de ella involucra los trabajos de esta sede.<\/p>\n<p style=\"font-weight: 400\">Espero que podamos seguir fortaleciendo la coordinaci\u00f3n y la sinergia entre Nueva York y Ginebra.<\/p>\n<p style=\"font-weight: 400\">Reitero mi disposici\u00f3n para fortalecer el di\u00e1logo y alcanzar nuestros objetivos comunes.<\/p>\n<p style=\"font-weight: 400\">Muchas Gracias<\/p>\n<p>[\/et_pb_text][\/et_pb_column][\/et_pb_row][\/et_pb_section]<\/p>\n","protected":false},"excerpt":{"rendered":"<p>Sesi\u00f3n Informativa con los Estados Miembros y los Organismos Internacionales con sede en Ginebra<\/p>\n","protected":false},"author":202,"featured_media":168396,"comment_status":"closed","ping_status":"closed","sticky":false,"template":"","format":"standard","meta":{"_et_pb_use_builder":"on","_et_pb_old_content":"","_et_gb_content_width":"","footnotes":"","_links_to":"","_links_to_target":""},"categories":[181],"tags":[],"class_list":["post-168414","post","type-post","status-publish","format-standard","has-post-thumbnail","hentry","category-statements-es","et-has-post-format-content","et_post_format-et-post-format-standard"],"yoast_head":"<!-- This site is optimized with the Yoast SEO plugin v28.3 - https:\/\/yoast.com\/product\/yoast-seo-wordpress\/ -->\n<title>Sesi\u00f3n Informativa con los Estados Miembros y los Organismos Internacionales con sede en Ginebra - Asamblea General de las Naciones Unidas<\/title>\n<meta name=\"robots\" content=\"index, follow, max-snippet:-1, max-image-preview:large, max-video-preview:-1\" \/>\n<link rel=\"canonical\" href=\"https:\/\/www.un.org\/pga\/73\/2018\/10\/26\/briefing-with-member-states-and-international-organisations-based-in-geneva\/\" \/>\n<meta property=\"og:locale\" content=\"es_ES\" \/>\n<meta property=\"og:type\" content=\"article\" \/>\n<meta property=\"og:title\" content=\"Sesi\u00f3n Informativa con los Estados Miembros y los Organismos Internacionales con sede en Ginebra - Asamblea General de las Naciones Unidas\" \/>\n<meta property=\"og:description\" content=\"Sesi\u00f3n Informativa con los Estados Miembros y los Organismos Internacionales con sede en Ginebra\" \/>\n<meta property=\"og:url\" content=\"https:\/\/www.un.org\/pga\/73\/2018\/10\/26\/briefing-with-member-states-and-international-organisations-based-in-geneva\/\" \/>\n<meta property=\"og:site_name\" content=\"Asamblea General de las Naciones Unidas\" \/>\n<meta property=\"article:published_time\" content=\"2018-10-27T02:27:03+00:00\" \/>\n<meta property=\"article:modified_time\" content=\"2018-10-28T17:40:02+00:00\" \/>\n<meta property=\"og:image\" content=\"https:\/\/www.un.org\/pga\/wp-content\/uploads\/sites\/53\/2018\/10\/2018-10-26_PGA-TARDY_34.jpg\" \/>\n\t<meta property=\"og:image:width\" content=\"3000\" \/>\n\t<meta property=\"og:image:height\" content=\"2000\" \/>\n\t<meta property=\"og:image:type\" content=\"image\/jpeg\" \/>\n<meta name=\"author\" content=\"Katharina Kandt\" \/>\n<meta name=\"twitter:card\" content=\"summary_large_image\" \/>\n<meta name=\"twitter:label1\" content=\"Escrito por\" \/>\n\t<meta name=\"twitter:data1\" content=\"Katharina Kandt\" \/>\n\t<meta name=\"twitter:label2\" content=\"Tiempo de lectura\" \/>\n\t<meta name=\"twitter:data2\" content=\"8 minutos\" \/>\n<script type=\"application\/ld+json\" class=\"yoast-schema-graph\">{\"@context\":\"https:\\\/\\\/schema.org\",\"@graph\":[{\"@type\":\"Article\",\"@id\":\"https:\\\/\\\/www.un.org\\\/pga\\\/73\\\/2018\\\/10\\\/26\\\/briefing-with-member-states-and-international-organisations-based-in-geneva\\\/#article\",\"isPartOf\":{\"@id\":\"https:\\\/\\\/www.un.org\\\/pga\\\/73\\\/2018\\\/10\\\/26\\\/briefing-with-member-states-and-international-organisations-based-in-geneva\\\/\"},\"author\":{\"name\":\"Katharina Kandt\",\"@id\":\"https:\\\/\\\/www.un.org\\\/pga\\\/73\\\/#\\\/schema\\\/person\\\/06bf09e43d46846c087701ec99ac8412\"},\"headline\":\"Sesi\u00f3n Informativa con los Estados Miembros y los Organismos Internacionales con sede en Ginebra\",\"datePublished\":\"2018-10-27T02:27:03+00:00\",\"dateModified\":\"2018-10-28T17:40:02+00:00\",\"mainEntityOfPage\":{\"@id\":\"https:\\\/\\\/www.un.org\\\/pga\\\/73\\\/2018\\\/10\\\/26\\\/briefing-with-member-states-and-international-organisations-based-in-geneva\\\/\"},\"wordCount\":1533,\"publisher\":{\"@id\":\"https:\\\/\\\/www.un.org\\\/pga\\\/73\\\/#organization\"},\"image\":{\"@id\":\"https:\\\/\\\/www.un.org\\\/pga\\\/73\\\/2018\\\/10\\\/26\\\/briefing-with-member-states-and-international-organisations-based-in-geneva\\\/#primaryimage\"},\"thumbnailUrl\":\"https:\\\/\\\/www.un.org\\\/pga\\\/wp-content\\\/uploads\\\/sites\\\/53\\\/2018\\\/10\\\/2018-10-26_PGA-TARDY_34.jpg\",\"articleSection\":[\"Declaraciones\"],\"inLanguage\":\"es\"},{\"@type\":\"WebPage\",\"@id\":\"https:\\\/\\\/www.un.org\\\/pga\\\/73\\\/2018\\\/10\\\/26\\\/briefing-with-member-states-and-international-organisations-based-in-geneva\\\/\",\"url\":\"https:\\\/\\\/www.un.org\\\/pga\\\/73\\\/2018\\\/10\\\/26\\\/briefing-with-member-states-and-international-organisations-based-in-geneva\\\/\",\"name\":\"Sesi\u00f3n Informativa con los Estados Miembros y los Organismos Internacionales con sede en Ginebra - Asamblea General de las Naciones Unidas\",\"isPartOf\":{\"@id\":\"https:\\\/\\\/www.un.org\\\/pga\\\/73\\\/#website\"},\"primaryImageOfPage\":{\"@id\":\"https:\\\/\\\/www.un.org\\\/pga\\\/73\\\/2018\\\/10\\\/26\\\/briefing-with-member-states-and-international-organisations-based-in-geneva\\\/#primaryimage\"},\"image\":{\"@id\":\"https:\\\/\\\/www.un.org\\\/pga\\\/73\\\/2018\\\/10\\\/26\\\/briefing-with-member-states-and-international-organisations-based-in-geneva\\\/#primaryimage\"},\"thumbnailUrl\":\"https:\\\/\\\/www.un.org\\\/pga\\\/wp-content\\\/uploads\\\/sites\\\/53\\\/2018\\\/10\\\/2018-10-26_PGA-TARDY_34.jpg\",\"datePublished\":\"2018-10-27T02:27:03+00:00\",\"dateModified\":\"2018-10-28T17:40:02+00:00\",\"breadcrumb\":{\"@id\":\"https:\\\/\\\/www.un.org\\\/pga\\\/73\\\/2018\\\/10\\\/26\\\/briefing-with-member-states-and-international-organisations-based-in-geneva\\\/#breadcrumb\"},\"inLanguage\":\"es\",\"potentialAction\":[{\"@type\":\"ReadAction\",\"target\":[\"https:\\\/\\\/www.un.org\\\/pga\\\/73\\\/2018\\\/10\\\/26\\\/briefing-with-member-states-and-international-organisations-based-in-geneva\\\/\"]}]},{\"@type\":\"ImageObject\",\"inLanguage\":\"es\",\"@id\":\"https:\\\/\\\/www.un.org\\\/pga\\\/73\\\/2018\\\/10\\\/26\\\/briefing-with-member-states-and-international-organisations-based-in-geneva\\\/#primaryimage\",\"url\":\"https:\\\/\\\/www.un.org\\\/pga\\\/wp-content\\\/uploads\\\/sites\\\/53\\\/2018\\\/10\\\/2018-10-26_PGA-TARDY_34.jpg\",\"contentUrl\":\"https:\\\/\\\/www.un.org\\\/pga\\\/wp-content\\\/uploads\\\/sites\\\/53\\\/2018\\\/10\\\/2018-10-26_PGA-TARDY_34.jpg\",\"width\":3000,\"height\":2000,\"caption\":\"H.E. Mar\u00eda Fernanda Espinosa, President of the Ä¢¹½ÊÓÆµ General Assembly, meets with Member States and international organizations, Council Chamber, Palais des Nations, Geneva, Switzerland, October 26, 2018. Ä¢¹½ÊÓÆµ Photo\\\/Antoine Tardy\"},{\"@type\":\"BreadcrumbList\",\"@id\":\"https:\\\/\\\/www.un.org\\\/pga\\\/73\\\/2018\\\/10\\\/26\\\/briefing-with-member-states-and-international-organisations-based-in-geneva\\\/#breadcrumb\",\"itemListElement\":[{\"@type\":\"ListItem\",\"position\":1,\"name\":\"Home\",\"item\":\"https:\\\/\\\/www.un.org\\\/pga\\\/73\\\/es\\\/\"},{\"@type\":\"ListItem\",\"position\":2,\"name\":\"Sesi\u00f3n Informativa con los Estados Miembros y los Organismos Internacionales con sede en Ginebra\"}]},{\"@type\":\"WebSite\",\"@id\":\"https:\\\/\\\/www.un.org\\\/pga\\\/73\\\/#website\",\"url\":\"https:\\\/\\\/www.un.org\\\/pga\\\/73\\\/\",\"name\":\"General Assembly of the United Nations\",\"description\":\"Presidenta del 73\u00b0 per\u00edodo de sesiones\",\"publisher\":{\"@id\":\"https:\\\/\\\/www.un.org\\\/pga\\\/73\\\/#organization\"},\"potentialAction\":[{\"@type\":\"SearchAction\",\"target\":{\"@type\":\"EntryPoint\",\"urlTemplate\":\"https:\\\/\\\/www.un.org\\\/pga\\\/73\\\/?s={search_term_string}\"},\"query-input\":{\"@type\":\"PropertyValueSpecification\",\"valueRequired\":true,\"valueName\":\"search_term_string\"}}],\"inLanguage\":\"es\"},{\"@type\":\"Organization\",\"@id\":\"https:\\\/\\\/www.un.org\\\/pga\\\/73\\\/#organization\",\"name\":\"General Assembly of the United Nations\",\"url\":\"https:\\\/\\\/www.un.org\\\/pga\\\/73\\\/\",\"logo\":{\"@type\":\"ImageObject\",\"inLanguage\":\"es\",\"@id\":\"https:\\\/\\\/www.un.org\\\/pga\\\/73\\\/#\\\/schema\\\/logo\\\/image\\\/\",\"url\":\"https:\\\/\\\/www.un.org\\\/pga\\\/wp-content\\\/uploads\\\/sites\\\/53\\\/2018\\\/07\\\/18-00066a_Ä¢¹½ÊÓÆµGA73_Logos-no-type-04.png\",\"contentUrl\":\"https:\\\/\\\/www.un.org\\\/pga\\\/wp-content\\\/uploads\\\/sites\\\/53\\\/2018\\\/07\\\/18-00066a_Ä¢¹½ÊÓÆµGA73_Logos-no-type-04.png\",\"width\":529,\"height\":601,\"caption\":\"General Assembly of the United Nations\"},\"image\":{\"@id\":\"https:\\\/\\\/www.un.org\\\/pga\\\/73\\\/#\\\/schema\\\/logo\\\/image\\\/\"}},{\"@type\":\"Person\",\"@id\":\"https:\\\/\\\/www.un.org\\\/pga\\\/73\\\/#\\\/schema\\\/person\\\/06bf09e43d46846c087701ec99ac8412\",\"name\":\"Katharina Kandt\",\"image\":{\"@type\":\"ImageObject\",\"inLanguage\":\"es\",\"@id\":\"https:\\\/\\\/secure.gravatar.com\\\/avatar\\\/5e28c19bf52d2ea02ca4d78c4548f4e118fe08e94744f59f7938769a04ae856e?s=96&d=mm&r=g\",\"url\":\"https:\\\/\\\/secure.gravatar.com\\\/avatar\\\/5e28c19bf52d2ea02ca4d78c4548f4e118fe08e94744f59f7938769a04ae856e?s=96&d=mm&r=g\",\"contentUrl\":\"https:\\\/\\\/secure.gravatar.com\\\/avatar\\\/5e28c19bf52d2ea02ca4d78c4548f4e118fe08e94744f59f7938769a04ae856e?s=96&d=mm&r=g\",\"caption\":\"Katharina Kandt\"},\"url\":\"https:\\\/\\\/www.un.org\\\/pga\\\/73\\\/es\\\/author\\\/kandtun-org\\\/\"}]}<\/script>\n<!-- \/ Yoast SEO plugin. -->","yoast_head_json":{"title":"Sesi\u00f3n Informativa con los Estados Miembros y los Organismos Internacionales con sede en Ginebra - Asamblea General de las Naciones Unidas","robots":{"index":"index","follow":"follow","max-snippet":"max-snippet:-1","max-image-preview":"max-image-preview:large","max-video-preview":"max-video-preview:-1"},"canonical":"https:\/\/www.un.org\/pga\/73\/2018\/10\/26\/briefing-with-member-states-and-international-organisations-based-in-geneva\/","og_locale":"es_ES","og_type":"article","og_title":"Sesi\u00f3n Informativa con los Estados Miembros y los Organismos Internacionales con sede en Ginebra - Asamblea General de las Naciones Unidas","og_description":"Sesi\u00f3n Informativa con los Estados Miembros y los Organismos Internacionales con sede en Ginebra","og_url":"https:\/\/www.un.org\/pga\/73\/2018\/10\/26\/briefing-with-member-states-and-international-organisations-based-in-geneva\/","og_site_name":"Asamblea General de las Naciones Unidas","article_published_time":"2018-10-27T02:27:03+00:00","article_modified_time":"2018-10-28T17:40:02+00:00","og_image":[{"width":3000,"height":2000,"url":"https:\/\/www.un.org\/pga\/wp-content\/uploads\/sites\/53\/2018\/10\/2018-10-26_PGA-TARDY_34.jpg","type":"image\/jpeg"}],"author":"Katharina Kandt","twitter_card":"summary_large_image","twitter_misc":{"Escrito por":"Katharina Kandt","Tiempo de lectura":"8 minutos"},"schema":{"@context":"https:\/\/schema.org","@graph":[{"@type":"Article","@id":"https:\/\/www.un.org\/pga\/73\/2018\/10\/26\/briefing-with-member-states-and-international-organisations-based-in-geneva\/#article","isPartOf":{"@id":"https:\/\/www.un.org\/pga\/73\/2018\/10\/26\/briefing-with-member-states-and-international-organisations-based-in-geneva\/"},"author":{"name":"Katharina Kandt","@id":"https:\/\/www.un.org\/pga\/73\/#\/schema\/person\/06bf09e43d46846c087701ec99ac8412"},"headline":"Sesi\u00f3n Informativa con los Estados Miembros y los Organismos Internacionales con sede en Ginebra","datePublished":"2018-10-27T02:27:03+00:00","dateModified":"2018-10-28T17:40:02+00:00","mainEntityOfPage":{"@id":"https:\/\/www.un.org\/pga\/73\/2018\/10\/26\/briefing-with-member-states-and-international-organisations-based-in-geneva\/"},"wordCount":1533,"publisher":{"@id":"https:\/\/www.un.org\/pga\/73\/#organization"},"image":{"@id":"https:\/\/www.un.org\/pga\/73\/2018\/10\/26\/briefing-with-member-states-and-international-organisations-based-in-geneva\/#primaryimage"},"thumbnailUrl":"https:\/\/www.un.org\/pga\/wp-content\/uploads\/sites\/53\/2018\/10\/2018-10-26_PGA-TARDY_34.jpg","articleSection":["Declaraciones"],"inLanguage":"es"},{"@type":"WebPage","@id":"https:\/\/www.un.org\/pga\/73\/2018\/10\/26\/briefing-with-member-states-and-international-organisations-based-in-geneva\/","url":"https:\/\/www.un.org\/pga\/73\/2018\/10\/26\/briefing-with-member-states-and-international-organisations-based-in-geneva\/","name":"Sesi\u00f3n Informativa con los Estados Miembros y los Organismos Internacionales con sede en Ginebra - Asamblea General de las Naciones Unidas","isPartOf":{"@id":"https:\/\/www.un.org\/pga\/73\/#website"},"primaryImageOfPage":{"@id":"https:\/\/www.un.org\/pga\/73\/2018\/10\/26\/briefing-with-member-states-and-international-organisations-based-in-geneva\/#primaryimage"},"image":{"@id":"https:\/\/www.un.org\/pga\/73\/2018\/10\/26\/briefing-with-member-states-and-international-organisations-based-in-geneva\/#primaryimage"},"thumbnailUrl":"https:\/\/www.un.org\/pga\/wp-content\/uploads\/sites\/53\/2018\/10\/2018-10-26_PGA-TARDY_34.jpg","datePublished":"2018-10-27T02:27:03+00:00","dateModified":"2018-10-28T17:40:02+00:00","breadcrumb":{"@id":"https:\/\/www.un.org\/pga\/73\/2018\/10\/26\/briefing-with-member-states-and-international-organisations-based-in-geneva\/#breadcrumb"},"inLanguage":"es","potentialAction":[{"@type":"ReadAction","target":["https:\/\/www.un.org\/pga\/73\/2018\/10\/26\/briefing-with-member-states-and-international-organisations-based-in-geneva\/"]}]},{"@type":"ImageObject","inLanguage":"es","@id":"https:\/\/www.un.org\/pga\/73\/2018\/10\/26\/briefing-with-member-states-and-international-organisations-based-in-geneva\/#primaryimage","url":"https:\/\/www.un.org\/pga\/wp-content\/uploads\/sites\/53\/2018\/10\/2018-10-26_PGA-TARDY_34.jpg","contentUrl":"https:\/\/www.un.org\/pga\/wp-content\/uploads\/sites\/53\/2018\/10\/2018-10-26_PGA-TARDY_34.jpg","width":3000,"height":2000,"caption":"H.E. Mar\u00eda Fernanda Espinosa, President of the Ä¢¹½ÊÓÆµ General Assembly, meets with Member States and international organizations, Council Chamber, Palais des Nations, Geneva, Switzerland, October 26, 2018. Ä¢¹½ÊÓÆµ Photo\/Antoine Tardy"},{"@type":"BreadcrumbList","@id":"https:\/\/www.un.org\/pga\/73\/2018\/10\/26\/briefing-with-member-states-and-international-organisations-based-in-geneva\/#breadcrumb","itemListElement":[{"@type":"ListItem","position":1,"name":"Home","item":"https:\/\/www.un.org\/pga\/73\/es\/"},{"@type":"ListItem","position":2,"name":"Sesi\u00f3n Informativa con los Estados Miembros y los Organismos Internacionales con sede en Ginebra"}]},{"@type":"WebSite","@id":"https:\/\/www.un.org\/pga\/73\/#website","url":"https:\/\/www.un.org\/pga\/73\/","name":"General Assembly of the United Nations","description":"Presidenta del 73\u00b0 per\u00edodo de sesiones","publisher":{"@id":"https:\/\/www.un.org\/pga\/73\/#organization"},"potentialAction":[{"@type":"SearchAction","target":{"@type":"EntryPoint","urlTemplate":"https:\/\/www.un.org\/pga\/73\/?s={search_term_string}"},"query-input":{"@type":"PropertyValueSpecification","valueRequired":true,"valueName":"search_term_string"}}],"inLanguage":"es"},{"@type":"Organization","@id":"https:\/\/www.un.org\/pga\/73\/#organization","name":"General Assembly of the United Nations","url":"https:\/\/www.un.org\/pga\/73\/","logo":{"@type":"ImageObject","inLanguage":"es","@id":"https:\/\/www.un.org\/pga\/73\/#\/schema\/logo\/image\/","url":"https:\/\/www.un.org\/pga\/wp-content\/uploads\/sites\/53\/2018\/07\/18-00066a_Ä¢¹½ÊÓÆµGA73_Logos-no-type-04.png","contentUrl":"https:\/\/www.un.org\/pga\/wp-content\/uploads\/sites\/53\/2018\/07\/18-00066a_Ä¢¹½ÊÓÆµGA73_Logos-no-type-04.png","width":529,"height":601,"caption":"General Assembly of the United Nations"},"image":{"@id":"https:\/\/www.un.org\/pga\/73\/#\/schema\/logo\/image\/"}},{"@type":"Person","@id":"https:\/\/www.un.org\/pga\/73\/#\/schema\/person\/06bf09e43d46846c087701ec99ac8412","name":"Katharina Kandt","image":{"@type":"ImageObject","inLanguage":"es","@id":"https:\/\/secure.gravatar.com\/avatar\/5e28c19bf52d2ea02ca4d78c4548f4e118fe08e94744f59f7938769a04ae856e?s=96&d=mm&r=g","url":"https:\/\/secure.gravatar.com\/avatar\/5e28c19bf52d2ea02ca4d78c4548f4e118fe08e94744f59f7938769a04ae856e?s=96&d=mm&r=g","contentUrl":"https:\/\/secure.gravatar.com\/avatar\/5e28c19bf52d2ea02ca4d78c4548f4e118fe08e94744f59f7938769a04ae856e?s=96&d=mm&r=g","caption":"Katharina Kandt"},"url":"https:\/\/www.un.org\/pga\/73\/es\/author\/kandtun-org\/"}]}},"_links":{"self":[{"href":"https:\/\/www.un.org\/pga\/73\/es\/wp-json\/wp\/v2\/posts\/168414","targetHints":{"allow":["GET"]}}],"collection":[{"href":"https:\/\/www.un.org\/pga\/73\/es\/wp-json\/wp\/v2\/posts"}],"about":[{"href":"https:\/\/www.un.org\/pga\/73\/es\/wp-json\/wp\/v2\/types\/post"}],"author":[{"embeddable":true,"href":"https:\/\/www.un.org\/pga\/73\/es\/wp-json\/wp\/v2\/users\/202"}],"replies":[{"embeddable":true,"href":"https:\/\/www.un.org\/pga\/73\/es\/wp-json\/wp\/v2\/comments?post=168414"}],"version-history":[{"count":0,"href":"https:\/\/www.un.org\/pga\/73\/es\/wp-json\/wp\/v2\/posts\/168414\/revisions"}],"wp:featuredmedia":[{"embeddable":true,"href":"https:\/\/www.un.org\/pga\/73\/es\/wp-json\/wp\/v2\/media\/168396"}],"wp:attachment":[{"href":"https:\/\/www.un.org\/pga\/73\/es\/wp-json\/wp\/v2\/media?parent=168414"}],"wp:term":[{"taxonomy":"category","embeddable":true,"href":"https:\/\/www.un.org\/pga\/73\/es\/wp-json\/wp\/v2\/categories?post=168414"},{"taxonomy":"post_tag","embeddable":true,"href":"https:\/\/www.un.org\/pga\/73\/es\/wp-json\/wp\/v2\/tags?post=168414"}],"curies":[{"name":"wp","href":"https:\/\/api.w.org\/{rel}","templated":true}]}}