  {"id":168579,"date":"2018-10-29T08:14:23","date_gmt":"2018-10-29T12:14:23","guid":{"rendered":"https:\/\/www.un.org\/pga\/73\/?p=168579"},"modified":"2018-10-29T12:30:16","modified_gmt":"2018-10-29T16:30:16","slug":"nota-a-corresponsales-durante-la-reunion-con-el-papa-francisco-la-presidenta-de-la-asamblea-general-de-las-naciones-unidas-afirma-que-el-multilateralismo-es-la-unica-via-para-solucionar-las-necesida","status":"publish","type":"post","link":"https:\/\/www.un.org\/pga\/73\/es\/2018\/10\/29\/nota-a-corresponsales-durante-la-reunion-con-el-papa-francisco-la-presidenta-de-la-asamblea-general-de-las-naciones-unidas-afirma-que-el-multilateralismo-es-la-unica-via-para-solucionar-las-necesida\/","title":{"rendered":"NOTA A CORRESPONSALES: DURANTE LA REÄ¢¹½ÊÓÆµI\u00d3N CON EL PAPA FRANCISCO, LA PRESIDENTA DE LA ASAMBLEA GENERAL DE LAS NACIONES Ä¢¹½ÊÓÆµIDAS AFIRMA QUE EL MULTILATERALISMO ES LA \u00daNICA V\u00cdA PARA SOLUCIONAR LAS NECESIDADES DE LA HUMANIDAD"},"content":{"rendered":"<p>[et_pb_section bb_built=\u00bb1&#8243;][et_pb_row][et_pb_column type=\u00bb4_4&#8243;][et_pb_text _builder_version=\u00bb3.12.2&#8243; border_style=\u00bbsolid\u00bb]<\/p>\n<h3 style=\"text-align: right\"><strong>NOTA A CORRESPONSALES<\/strong><\/h3>\n<p>&nbsp;<\/p>\n<p>&nbsp;<\/p>\n<h1 style=\"text-align: center\"><strong>DURANTE LA REÄ¢¹½ÊÓÆµI\u00d3N CON EL PAPA FRANCISCO, LA PRESIDENTA DE LA ASAMBLEA GENERAL DE LAS NACIONES Ä¢¹½ÊÓÆµIDAS AFIRMA QUE EL MULTILATERALISMO ES LA \u00daNICA V\u00cdA PARA SOLUCIONAR LAS NECESIDADES DE LA HUMANIDAD<\/strong><\/h1>\n<p>[\/et_pb_text][et_pb_image _builder_version=\u00bb3.12.2&#8243; src=\u00bbhttps:\/\/www.un.org\/pga\/73\/wp-content\/uploads\/sites\/53\/2018\/10\/SFO3853.jpg\u00bb \/][et_pb_text _builder_version=\u00bb3.12.2&#8243;]<\/p>\n<p><strong>Organizaci\u00f3n de las Naciones Unidas, Nueva York, 29 de octubre de 2018\u00a0<\/strong>\u2013 La Presidenta de la Asamblea General de las Naciones Unidas, S.E. Mar\u00eda Fernanda Espinosa, se reuni\u00f3 esta ma\u00f1ana con Su Santidad, el Papa Francisco, el lunes en la Ciudad del Vaticano.<\/p>\n<p>La presidenta de la Asamblea General de la ONU dijo: \u2018Esta ma\u00f1ana me reun\u00ed con Su Santidad, el Papa Francisco. Discutimos asuntos trascendentales en torno a la migraci\u00f3n y a los refugiados. Tambi\u00e9n hablamos sobre el cambio clim\u00e1tico, el futuro de los j\u00f3venes y el trabajo, as\u00ed como el papel que juegan las mujeres en la sociedad. Tambi\u00e9n discutimos las enormes consecuencias de la contaminaci\u00f3n pl\u00e1stica &#8216;<\/p>\n<p>Reconociendo el liderazgo espiritual y moral que el Papa Francisco ha mostrado en varias problem\u00e1ticas globales, incluyendo el cambio clim\u00e1tico y la protecci\u00f3n del medio ambiente, la Presidenta de la Asamblea General de las Naciones Unidas comparti\u00f3 su opini\u00f3n, la misma de la gran mayor\u00eda de los Estados Miembro de las Naciones Unidas, con respecto a que la defensa del multilateralismo es la \u00fanica v\u00eda verdaderamente eficaz para abordar los problemas y las necesidades de la humanidad.<\/p>\n<p>[\/et_pb_text][\/et_pb_column][\/et_pb_row][et_pb_row][et_pb_column type=\u00bb1_2&#8243;][et_pb_text _builder_version=\u00bb3.12.2&#8243; border_style=\u00bbsolid\u00bb]<\/p>\n<p>S.E. Mar\u00eda Fernanda Espinosa declar\u00f3: \u2018Quer\u00eda aprovechar esta oportunidad tan especial para reunirme con el Papa Francisco para reconocer y agradecer el importante papel que ha desempe\u00f1ado desde el principio de su pontificado con respecto al problema de la migraci\u00f3n y los refugiados. En el Papa Francisco tenemos a un l\u00edder espiritual que defiende a la humanidad y que exhorta a encontrar soluciones globales para problemas globales. Valoramos enormemente su apoyo para muchas de las causas m\u00e1s importantes para la gente de todo el mundo.\u2019<\/p>\n<p>Durante su reuni\u00f3n con Su Santidad el Papa, la Presidenta de la Asamblea General de las Naciones Unidas tambi\u00e9n expres\u00f3 su propio compromiso en priorizar los derechos de los pueblos ind\u00edgenas y los problemas que los afectan. Adicionalmente, enfatiz\u00f3 que otra de las prioridades durante su mandato ser\u00e1 promocionar el trabajo decente, especialmente para j\u00f3venes y personas con discapacidades.<\/p>\n<p>La Presidenta de la Asamblea General de las Naciones Unidas tambi\u00e9n prioriz\u00f3 las acciones globales urgentes que son necesarias para cambiar el rumbo de la contaminaci\u00f3n de pl\u00e1sticos y solicit\u00f3 el apoyo del Papa para una campa\u00f1a mundial para crear conciencia sobre este problema.<\/p>\n<p>Posteriormente a su reuni\u00f3n con Su Santidad el Papa, la Presidenta de la Asamblea General de las Naciones Unidas se reuni\u00f3 con el Cardenal Pietro Perolino, Secretario de Estado. Dialog\u00f3 sobre la importancia de asegurarse de que la Conferencia para adoptar el Pacto Global sobre la Migraci\u00f3n en Marrakech el pr\u00f3ximo diciembre sea exitosa y demuestre un verdadero compromiso global a resolver un problema que afecta a todos los Estados Miembro, independientemente de su tama\u00f1o y situaci\u00f3n econ\u00f3mica.<\/p>\n<h3><strong>La \u2018Iniciativa \u00c9tica en Acci\u00f3n\u2019<\/strong><\/h3>\n<p>La Presidenta de la Asamblea General de las Naciones Unidas tambi\u00e9n particip\u00f3 en la Iniciativa \u00c9tica en Acci\u00f3n, organizada por el Vaticano.<\/p>\n<p>En la Ciudad del Vaticano, la Presidenta Espinosa dijo algunas palabras en el foro: \u201cPromover el crecimiento econ\u00f3mico sostenido, inclusivo y sostenible, el empleo pleno y productivo y el trabajo decente para todos\u201d organizado por la Santa Sede.<\/p>\n<p>***<\/p>\n<p><strong>Para consultas de los medios de comunicaci\u00f3n, por favor contacte a:<\/strong><\/p>\n<p>Mark Seddon, Media Adviser to the President of the General Assembly (Asesor de Medios para la Presidenta de la Asamblea General), <a href=\"mailto:seddon@un.org\">seddon@un.org<\/a>; Tel\u00e9fono m\u00f3vil: +1 917 378 1659<\/p>\n<p>[\/et_pb_text][\/et_pb_column][et_pb_column type=\u00bb1_2&#8243;][et_pb_text _builder_version=\u00bb3.12.2&#8243;]<\/p>\n<p>[youtube https:\/\/www.youtube.com\/watch?v=97RYnSZaQrc]<\/p>\n<p>[\/et_pb_text][\/et_pb_column][\/et_pb_row][et_pb_row][et_pb_column type=\u00bb1_2&#8243;][et_pb_gallery _builder_version=\u00bb3.12.2&#8243; gallery_ids=\u00bb168654,168672,168690&#8243; posts_number=\u00bb7&#8243; db_image_max_width_tablet=\u00bb51&#8243; db_image_max_height_tablet=\u00bb501&#8243; db_image_row_spacing_tablet=\u00bb51&#8243; db_image_object_fit=\u00bbinitial\u00bb zoom_icon_color=\u00bb#00a8ff\u00bb hover_overlay_color=\u00bbrgba(255,255,255,0.9)\u00bb db_image_center_titles=\u00bbleft\u00bb fullwidth=\u00bbon\u00bb \/][\/et_pb_column][et_pb_column type=\u00bb1_2&#8243;][et_pb_text _builder_version=\u00bb3.12.2&#8243; border_style=\u00bbsolid\u00bb]<\/p>\n<p>S.E. Mar\u00eda Fernanda Espinosa declar\u00f3: \u2018Quer\u00eda aprovechar esta oportunidad tan especial para reunirme con el Papa Francisco para reconocer y agradecer el importante papel que ha desempe\u00f1ado desde el principio de su pontificado con respecto al problema de la migraci\u00f3n y los refugiados. En el Papa Francisco tenemos a un l\u00edder espiritual que defiende a la humanidad y que exhorta a encontrar soluciones globales para problemas globales. Valoramos enormemente su apoyo para muchas de las causas m\u00e1s importantes para la gente de todo el mundo.\u2019<\/p>\n<p>Durante su reuni\u00f3n con Su Santidad el Papa, la Presidenta de la Asamblea General de las Naciones Unidas tambi\u00e9n expres\u00f3 su propio compromiso en priorizar los derechos de los pueblos ind\u00edgenas y los problemas que los afectan. Adicionalmente, enfatiz\u00f3 que otra de las prioridades durante su mandato ser\u00e1 promocionar el trabajo decente, especialmente para j\u00f3venes y personas con discapacidades.<\/p>\n<p>La Presidenta de la Asamblea General de las Naciones Unidas tambi\u00e9n prioriz\u00f3 las acciones globales urgentes que son necesarias para cambiar el rumbo de la contaminaci\u00f3n de pl\u00e1sticos y solicit\u00f3 el apoyo del Papa para una campa\u00f1a mundial para crear conciencia sobre este problema.<\/p>\n<p>[\/et_pb_text][\/et_pb_column][\/et_pb_row][et_pb_row][et_pb_column type=\u00bb1_2&#8243;][et_pb_text _builder_version=\u00bb3.12.2&#8243; border_style=\u00bbsolid\u00bb]<\/p>\n<p>Posteriormente a su reuni\u00f3n con Su Santidad el Papa, la Presidenta de la Asamblea General de las Naciones Unidas se reuni\u00f3 con el Cardenal Pietro Perolino, Secretario de Estado. Dialog\u00f3 sobre la importancia de asegurarse de que la Conferencia para adoptar el Pacto Global sobre la Migraci\u00f3n en Marrakech el pr\u00f3ximo diciembre sea exitosa y demuestre un verdadero compromiso global a resolver un problema que afecta a todos los Estados Miembro, independientemente de su tama\u00f1o y situaci\u00f3n econ\u00f3mica.<\/p>\n<h3><strong>La \u2018Iniciativa \u00c9tica en Acci\u00f3n\u2019<\/strong><\/h3>\n<p>La Presidenta de la Asamblea General de las Naciones Unidas tambi\u00e9n particip\u00f3 en la Iniciativa \u00c9tica en Acci\u00f3n, organizada por el Vaticano.<\/p>\n<p>En la Ciudad del Vaticano, la Presidenta Espinosa dijo algunas palabras en el foro: \u201cPromover el crecimiento econ\u00f3mico sostenido, inclusivo y sostenible, el empleo pleno y productivo y el trabajo decente para todos\u201d organizado por la Santa Sede.<\/p>\n<p>[\/et_pb_text][\/et_pb_column][et_pb_column type=\u00bb1_2&#8243;][et_pb_gallery _builder_version=\u00bb3.12.2&#8243; gallery_ids=\u00bb168750,168714,168732&#8243; posts_number=\u00bb7&#8243; db_image_max_width_tablet=\u00bb51&#8243; db_image_max_height_tablet=\u00bb501&#8243; db_image_row_spacing_tablet=\u00bb51&#8243; db_image_object_fit=\u00bbinitial\u00bb zoom_icon_color=\u00bb#00a8ff\u00bb hover_overlay_color=\u00bbrgba(255,255,255,0.9)\u00bb db_image_center_titles=\u00bbleft\u00bb fullwidth=\u00bbon\u00bb \/][\/et_pb_column][\/et_pb_row][et_pb_row][et_pb_column type=\u00bb4_4&#8243;][et_pb_text _builder_version=\u00bb3.12.2&#8243;]<\/p>\n<p>***<\/p>\n<p><strong>Para consultas de los medios de comunicaci\u00f3n, por favor contacte a:<\/strong><\/p>\n<p>Mark Seddon, Media Adviser to the President of the General Assembly (Asesor de Medios para la Presidenta de la Asamblea General), <a href=\"mailto:seddon@un.org\">seddon@un.org<\/a>; Tel\u00e9fono m\u00f3vil: +1 917 378 1659<\/p>\n<p>[\/et_pb_text][\/et_pb_column][\/et_pb_row][\/et_pb_section]<\/p>\n","protected":false},"excerpt":{"rendered":"<p><div class=\"et_pb_row et_pb_row_0 et_pb_row_empty\">\n\t\t\t\t\n\t\t\t\t\n\t\t\t\t\n\t\t\t\t\n\t\t\t\t\n\t\t\t<\/div> NOTA A CORRESPONSALES &nbsp; &nbsp; DURANTE LA REÄ¢¹½ÊÓÆµI\u00d3N CON EL PAPA FRANCISCO, LA PRESIDENTA DE LA ASAMBLEA GENERAL DE LAS NACIONES Ä¢¹½ÊÓÆµIDAS AFIRMA QUE EL MULTILATERALISMO ES LA \u00daNICA [&hellip;]<\/p>\n","protected":false},"author":202,"featured_media":168690,"comment_status":"closed","ping_status":"closed","sticky":false,"template":"","format":"standard","meta":{"_et_pb_use_builder":"on","_et_pb_old_content":"","_et_gb_content_width":"","footnotes":"","_links_to":"","_links_to_target":""},"categories":[651],"tags":[],"class_list":["post-168579","post","type-post","status-publish","format-standard","has-post-thumbnail","hentry","category-pressreleases-es","et-has-post-format-content","et_post_format-et-post-format-standard"],"yoast_head":"<!-- This site is optimized with the Yoast SEO plugin v28.3 - https:\/\/yoast.com\/product\/yoast-seo-wordpress\/ -->\n<title>NOTA A CORRESPONSALES: DURANTE LA REÄ¢¹½ÊÓÆµI\u00d3N CON EL PAPA FRANCISCO, LA PRESIDENTA DE LA ASAMBLEA GENERAL DE LAS NACIONES Ä¢¹½ÊÓÆµIDAS AFIRMA QUE EL MULTILATERALISMO ES LA \u00daNICA V\u00cdA PARA SOLUCIONAR LAS NECESIDADES DE LA HUMANIDAD - Asamblea General de las Naciones Unidas<\/title>\n<meta name=\"robots\" content=\"index, follow, max-snippet:-1, max-image-preview:large, max-video-preview:-1\" \/>\n<link rel=\"canonical\" href=\"https:\/\/www.un.org\/pga\/73\/2018\/10\/29\/note-to-correspondents-in-meeting-with-pope-francis-un-general-assembly-president-affirms-that-multilateralism-is-the-only-way-forward-in-addressing-the-needs-of-humanity\/\" \/>\n<meta property=\"og:locale\" content=\"es_ES\" \/>\n<meta property=\"og:type\" content=\"article\" \/>\n<meta property=\"og:title\" content=\"NOTA A CORRESPONSALES: DURANTE LA REÄ¢¹½ÊÓÆµI\u00d3N CON EL PAPA FRANCISCO, LA PRESIDENTA DE LA ASAMBLEA GENERAL DE LAS NACIONES Ä¢¹½ÊÓÆµIDAS AFIRMA QUE EL MULTILATERALISMO ES LA \u00daNICA V\u00cdA PARA SOLUCIONAR LAS NECESIDADES DE LA HUMANIDAD - Asamblea General de las Naciones Unidas\" \/>\n<meta property=\"og:description\" content=\"NOTA A CORRESPONSALES &nbsp; &nbsp; DURANTE LA REÄ¢¹½ÊÓÆµI\u00d3N CON EL PAPA FRANCISCO, LA PRESIDENTA DE LA ASAMBLEA GENERAL DE LAS NACIONES Ä¢¹½ÊÓÆµIDAS AFIRMA QUE EL MULTILATERALISMO ES LA \u00daNICA [&hellip;]\" \/>\n<meta property=\"og:url\" content=\"https:\/\/www.un.org\/pga\/73\/2018\/10\/29\/note-to-correspondents-in-meeting-with-pope-francis-un-general-assembly-president-affirms-that-multilateralism-is-the-only-way-forward-in-addressing-the-needs-of-humanity\/\" \/>\n<meta property=\"og:site_name\" content=\"Asamblea General de las Naciones Unidas\" \/>\n<meta property=\"article:published_time\" content=\"2018-10-29T12:14:23+00:00\" \/>\n<meta property=\"article:modified_time\" content=\"2018-10-29T16:30:16+00:00\" \/>\n<meta property=\"og:image\" content=\"https:\/\/www.un.org\/pga\/wp-content\/uploads\/sites\/53\/2018\/10\/SFO3853.jpg\" \/>\n\t<meta property=\"og:image:width\" content=\"3932\" \/>\n\t<meta property=\"og:image:height\" content=\"2621\" \/>\n\t<meta property=\"og:image:type\" content=\"image\/jpeg\" \/>\n<meta name=\"author\" content=\"Katharina Kandt\" \/>\n<meta name=\"twitter:card\" content=\"summary_large_image\" \/>\n<meta name=\"twitter:label1\" content=\"Escrito por\" \/>\n\t<meta name=\"twitter:data1\" content=\"Katharina Kandt\" \/>\n\t<meta name=\"twitter:label2\" content=\"Tiempo de lectura\" \/>\n\t<meta name=\"twitter:data2\" content=\"7 minutos\" \/>\n<script type=\"application\/ld+json\" class=\"yoast-schema-graph\">{\"@context\":\"https:\\\/\\\/schema.org\",\"@graph\":[{\"@type\":\"Article\",\"@id\":\"https:\\\/\\\/www.un.org\\\/pga\\\/73\\\/2018\\\/10\\\/29\\\/note-to-correspondents-in-meeting-with-pope-francis-un-general-assembly-president-affirms-that-multilateralism-is-the-only-way-forward-in-addressing-the-needs-of-humanity\\\/#article\",\"isPartOf\":{\"@id\":\"https:\\\/\\\/www.un.org\\\/pga\\\/73\\\/2018\\\/10\\\/29\\\/note-to-correspondents-in-meeting-with-pope-francis-un-general-assembly-president-affirms-that-multilateralism-is-the-only-way-forward-in-addressing-the-needs-of-humanity\\\/\"},\"author\":{\"name\":\"Katharina Kandt\",\"@id\":\"https:\\\/\\\/www.un.org\\\/pga\\\/73\\\/#\\\/schema\\\/person\\\/06bf09e43d46846c087701ec99ac8412\"},\"headline\":\"NOTA A CORRESPONSALES: DURANTE LA REÄ¢¹½ÊÓÆµI\u00d3N CON EL PAPA FRANCISCO, LA PRESIDENTA DE LA ASAMBLEA GENERAL DE LAS NACIONES Ä¢¹½ÊÓÆµIDAS AFIRMA QUE EL MULTILATERALISMO ES LA \u00daNICA V\u00cdA PARA SOLUCIONAR LAS NECESIDADES DE LA HUMANIDAD\",\"datePublished\":\"2018-10-29T12:14:23+00:00\",\"dateModified\":\"2018-10-29T16:30:16+00:00\",\"mainEntityOfPage\":{\"@id\":\"https:\\\/\\\/www.un.org\\\/pga\\\/73\\\/2018\\\/10\\\/29\\\/note-to-correspondents-in-meeting-with-pope-francis-un-general-assembly-president-affirms-that-multilateralism-is-the-only-way-forward-in-addressing-the-needs-of-humanity\\\/\"},\"wordCount\":1346,\"publisher\":{\"@id\":\"https:\\\/\\\/www.un.org\\\/pga\\\/73\\\/#organization\"},\"image\":{\"@id\":\"https:\\\/\\\/www.un.org\\\/pga\\\/73\\\/2018\\\/10\\\/29\\\/note-to-correspondents-in-meeting-with-pope-francis-un-general-assembly-president-affirms-that-multilateralism-is-the-only-way-forward-in-addressing-the-needs-of-humanity\\\/#primaryimage\"},\"thumbnailUrl\":\"https:\\\/\\\/www.un.org\\\/pga\\\/wp-content\\\/uploads\\\/sites\\\/53\\\/2018\\\/10\\\/SFO3853.jpg\",\"articleSection\":[\"Press Releases\"],\"inLanguage\":\"es\"},{\"@type\":\"WebPage\",\"@id\":\"https:\\\/\\\/www.un.org\\\/pga\\\/73\\\/2018\\\/10\\\/29\\\/note-to-correspondents-in-meeting-with-pope-francis-un-general-assembly-president-affirms-that-multilateralism-is-the-only-way-forward-in-addressing-the-needs-of-humanity\\\/\",\"url\":\"https:\\\/\\\/www.un.org\\\/pga\\\/73\\\/2018\\\/10\\\/29\\\/note-to-correspondents-in-meeting-with-pope-francis-un-general-assembly-president-affirms-that-multilateralism-is-the-only-way-forward-in-addressing-the-needs-of-humanity\\\/\",\"name\":\"NOTA A CORRESPONSALES: DURANTE LA REÄ¢¹½ÊÓÆµI\u00d3N CON EL PAPA FRANCISCO, LA PRESIDENTA DE LA ASAMBLEA GENERAL DE LAS NACIONES Ä¢¹½ÊÓÆµIDAS AFIRMA QUE EL MULTILATERALISMO ES LA \u00daNICA V\u00cdA PARA SOLUCIONAR LAS NECESIDADES DE LA HUMANIDAD - Asamblea General de las Naciones Unidas\",\"isPartOf\":{\"@id\":\"https:\\\/\\\/www.un.org\\\/pga\\\/73\\\/#website\"},\"primaryImageOfPage\":{\"@id\":\"https:\\\/\\\/www.un.org\\\/pga\\\/73\\\/2018\\\/10\\\/29\\\/note-to-correspondents-in-meeting-with-pope-francis-un-general-assembly-president-affirms-that-multilateralism-is-the-only-way-forward-in-addressing-the-needs-of-humanity\\\/#primaryimage\"},\"image\":{\"@id\":\"https:\\\/\\\/www.un.org\\\/pga\\\/73\\\/2018\\\/10\\\/29\\\/note-to-correspondents-in-meeting-with-pope-francis-un-general-assembly-president-affirms-that-multilateralism-is-the-only-way-forward-in-addressing-the-needs-of-humanity\\\/#primaryimage\"},\"thumbnailUrl\":\"https:\\\/\\\/www.un.org\\\/pga\\\/wp-content\\\/uploads\\\/sites\\\/53\\\/2018\\\/10\\\/SFO3853.jpg\",\"datePublished\":\"2018-10-29T12:14:23+00:00\",\"dateModified\":\"2018-10-29T16:30:16+00:00\",\"breadcrumb\":{\"@id\":\"https:\\\/\\\/www.un.org\\\/pga\\\/73\\\/2018\\\/10\\\/29\\\/note-to-correspondents-in-meeting-with-pope-francis-un-general-assembly-president-affirms-that-multilateralism-is-the-only-way-forward-in-addressing-the-needs-of-humanity\\\/#breadcrumb\"},\"inLanguage\":\"es\",\"potentialAction\":[{\"@type\":\"ReadAction\",\"target\":[\"https:\\\/\\\/www.un.org\\\/pga\\\/73\\\/2018\\\/10\\\/29\\\/note-to-correspondents-in-meeting-with-pope-francis-un-general-assembly-president-affirms-that-multilateralism-is-the-only-way-forward-in-addressing-the-needs-of-humanity\\\/\"]}]},{\"@type\":\"ImageObject\",\"inLanguage\":\"es\",\"@id\":\"https:\\\/\\\/www.un.org\\\/pga\\\/73\\\/2018\\\/10\\\/29\\\/note-to-correspondents-in-meeting-with-pope-francis-un-general-assembly-president-affirms-that-multilateralism-is-the-only-way-forward-in-addressing-the-needs-of-humanity\\\/#primaryimage\",\"url\":\"https:\\\/\\\/www.un.org\\\/pga\\\/wp-content\\\/uploads\\\/sites\\\/53\\\/2018\\\/10\\\/SFO3853.jpg\",\"contentUrl\":\"https:\\\/\\\/www.un.org\\\/pga\\\/wp-content\\\/uploads\\\/sites\\\/53\\\/2018\\\/10\\\/SFO3853.jpg\",\"width\":3932,\"height\":2621,\"caption\":\"President of the General Assembly at audience with Pope Francis \u00a9\"},{\"@type\":\"BreadcrumbList\",\"@id\":\"https:\\\/\\\/www.un.org\\\/pga\\\/73\\\/2018\\\/10\\\/29\\\/note-to-correspondents-in-meeting-with-pope-francis-un-general-assembly-president-affirms-that-multilateralism-is-the-only-way-forward-in-addressing-the-needs-of-humanity\\\/#breadcrumb\",\"itemListElement\":[{\"@type\":\"ListItem\",\"position\":1,\"name\":\"Home\",\"item\":\"https:\\\/\\\/www.un.org\\\/pga\\\/73\\\/es\\\/\"},{\"@type\":\"ListItem\",\"position\":2,\"name\":\"NOTA A CORRESPONSALES: DURANTE LA REÄ¢¹½ÊÓÆµI\u00d3N CON EL PAPA FRANCISCO, LA PRESIDENTA DE LA ASAMBLEA GENERAL DE LAS NACIONES Ä¢¹½ÊÓÆµIDAS AFIRMA QUE EL MULTILATERALISMO ES LA \u00daNICA V\u00cdA PARA SOLUCIONAR LAS NECESIDADES DE LA HUMANIDAD\"}]},{\"@type\":\"WebSite\",\"@id\":\"https:\\\/\\\/www.un.org\\\/pga\\\/73\\\/#website\",\"url\":\"https:\\\/\\\/www.un.org\\\/pga\\\/73\\\/\",\"name\":\"General Assembly of the United Nations\",\"description\":\"Presidenta del 73\u00b0 per\u00edodo de sesiones\",\"publisher\":{\"@id\":\"https:\\\/\\\/www.un.org\\\/pga\\\/73\\\/#organization\"},\"potentialAction\":[{\"@type\":\"SearchAction\",\"target\":{\"@type\":\"EntryPoint\",\"urlTemplate\":\"https:\\\/\\\/www.un.org\\\/pga\\\/73\\\/?s={search_term_string}\"},\"query-input\":{\"@type\":\"PropertyValueSpecification\",\"valueRequired\":true,\"valueName\":\"search_term_string\"}}],\"inLanguage\":\"es\"},{\"@type\":\"Organization\",\"@id\":\"https:\\\/\\\/www.un.org\\\/pga\\\/73\\\/#organization\",\"name\":\"General Assembly of the United Nations\",\"url\":\"https:\\\/\\\/www.un.org\\\/pga\\\/73\\\/\",\"logo\":{\"@type\":\"ImageObject\",\"inLanguage\":\"es\",\"@id\":\"https:\\\/\\\/www.un.org\\\/pga\\\/73\\\/#\\\/schema\\\/logo\\\/image\\\/\",\"url\":\"https:\\\/\\\/www.un.org\\\/pga\\\/wp-content\\\/uploads\\\/sites\\\/53\\\/2018\\\/07\\\/18-00066a_Ä¢¹½ÊÓÆµGA73_Logos-no-type-04.png\",\"contentUrl\":\"https:\\\/\\\/www.un.org\\\/pga\\\/wp-content\\\/uploads\\\/sites\\\/53\\\/2018\\\/07\\\/18-00066a_Ä¢¹½ÊÓÆµGA73_Logos-no-type-04.png\",\"width\":529,\"height\":601,\"caption\":\"General Assembly of the United Nations\"},\"image\":{\"@id\":\"https:\\\/\\\/www.un.org\\\/pga\\\/73\\\/#\\\/schema\\\/logo\\\/image\\\/\"}},{\"@type\":\"Person\",\"@id\":\"https:\\\/\\\/www.un.org\\\/pga\\\/73\\\/#\\\/schema\\\/person\\\/06bf09e43d46846c087701ec99ac8412\",\"name\":\"Katharina Kandt\",\"image\":{\"@type\":\"ImageObject\",\"inLanguage\":\"es\",\"@id\":\"https:\\\/\\\/secure.gravatar.com\\\/avatar\\\/5e28c19bf52d2ea02ca4d78c4548f4e118fe08e94744f59f7938769a04ae856e?s=96&d=mm&r=g\",\"url\":\"https:\\\/\\\/secure.gravatar.com\\\/avatar\\\/5e28c19bf52d2ea02ca4d78c4548f4e118fe08e94744f59f7938769a04ae856e?s=96&d=mm&r=g\",\"contentUrl\":\"https:\\\/\\\/secure.gravatar.com\\\/avatar\\\/5e28c19bf52d2ea02ca4d78c4548f4e118fe08e94744f59f7938769a04ae856e?s=96&d=mm&r=g\",\"caption\":\"Katharina Kandt\"},\"url\":\"https:\\\/\\\/www.un.org\\\/pga\\\/73\\\/es\\\/author\\\/kandtun-org\\\/\"}]}<\/script>\n<!-- \/ Yoast SEO plugin. -->","yoast_head_json":{"title":"NOTA A CORRESPONSALES: DURANTE LA REÄ¢¹½ÊÓÆµI\u00d3N CON EL PAPA FRANCISCO, LA PRESIDENTA DE LA ASAMBLEA GENERAL DE LAS NACIONES Ä¢¹½ÊÓÆµIDAS AFIRMA QUE EL MULTILATERALISMO ES LA \u00daNICA V\u00cdA PARA SOLUCIONAR LAS NECESIDADES DE LA HUMANIDAD - Asamblea General de las Naciones Unidas","robots":{"index":"index","follow":"follow","max-snippet":"max-snippet:-1","max-image-preview":"max-image-preview:large","max-video-preview":"max-video-preview:-1"},"canonical":"https:\/\/www.un.org\/pga\/73\/2018\/10\/29\/note-to-correspondents-in-meeting-with-pope-francis-un-general-assembly-president-affirms-that-multilateralism-is-the-only-way-forward-in-addressing-the-needs-of-humanity\/","og_locale":"es_ES","og_type":"article","og_title":"NOTA A CORRESPONSALES: DURANTE LA REÄ¢¹½ÊÓÆµI\u00d3N CON EL PAPA FRANCISCO, LA PRESIDENTA DE LA ASAMBLEA GENERAL DE LAS NACIONES Ä¢¹½ÊÓÆµIDAS AFIRMA QUE EL MULTILATERALISMO ES LA \u00daNICA V\u00cdA PARA SOLUCIONAR LAS NECESIDADES DE LA HUMANIDAD - Asamblea General de las Naciones Unidas","og_description":"NOTA A CORRESPONSALES &nbsp; &nbsp; DURANTE LA REÄ¢¹½ÊÓÆµI\u00d3N CON EL PAPA FRANCISCO, LA PRESIDENTA DE LA ASAMBLEA GENERAL DE LAS NACIONES Ä¢¹½ÊÓÆµIDAS AFIRMA QUE EL MULTILATERALISMO ES LA \u00daNICA [&hellip;]","og_url":"https:\/\/www.un.org\/pga\/73\/2018\/10\/29\/note-to-correspondents-in-meeting-with-pope-francis-un-general-assembly-president-affirms-that-multilateralism-is-the-only-way-forward-in-addressing-the-needs-of-humanity\/","og_site_name":"Asamblea General de las Naciones Unidas","article_published_time":"2018-10-29T12:14:23+00:00","article_modified_time":"2018-10-29T16:30:16+00:00","og_image":[{"width":3932,"height":2621,"url":"https:\/\/www.un.org\/pga\/wp-content\/uploads\/sites\/53\/2018\/10\/SFO3853.jpg","type":"image\/jpeg"}],"author":"Katharina Kandt","twitter_card":"summary_large_image","twitter_misc":{"Escrito por":"Katharina Kandt","Tiempo de lectura":"7 minutos"},"schema":{"@context":"https:\/\/schema.org","@graph":[{"@type":"Article","@id":"https:\/\/www.un.org\/pga\/73\/2018\/10\/29\/note-to-correspondents-in-meeting-with-pope-francis-un-general-assembly-president-affirms-that-multilateralism-is-the-only-way-forward-in-addressing-the-needs-of-humanity\/#article","isPartOf":{"@id":"https:\/\/www.un.org\/pga\/73\/2018\/10\/29\/note-to-correspondents-in-meeting-with-pope-francis-un-general-assembly-president-affirms-that-multilateralism-is-the-only-way-forward-in-addressing-the-needs-of-humanity\/"},"author":{"name":"Katharina Kandt","@id":"https:\/\/www.un.org\/pga\/73\/#\/schema\/person\/06bf09e43d46846c087701ec99ac8412"},"headline":"NOTA A CORRESPONSALES: DURANTE LA REÄ¢¹½ÊÓÆµI\u00d3N CON EL PAPA FRANCISCO, LA PRESIDENTA DE LA ASAMBLEA GENERAL DE LAS NACIONES Ä¢¹½ÊÓÆµIDAS AFIRMA QUE EL MULTILATERALISMO ES LA \u00daNICA V\u00cdA PARA SOLUCIONAR LAS NECESIDADES DE LA HUMANIDAD","datePublished":"2018-10-29T12:14:23+00:00","dateModified":"2018-10-29T16:30:16+00:00","mainEntityOfPage":{"@id":"https:\/\/www.un.org\/pga\/73\/2018\/10\/29\/note-to-correspondents-in-meeting-with-pope-francis-un-general-assembly-president-affirms-that-multilateralism-is-the-only-way-forward-in-addressing-the-needs-of-humanity\/"},"wordCount":1346,"publisher":{"@id":"https:\/\/www.un.org\/pga\/73\/#organization"},"image":{"@id":"https:\/\/www.un.org\/pga\/73\/2018\/10\/29\/note-to-correspondents-in-meeting-with-pope-francis-un-general-assembly-president-affirms-that-multilateralism-is-the-only-way-forward-in-addressing-the-needs-of-humanity\/#primaryimage"},"thumbnailUrl":"https:\/\/www.un.org\/pga\/wp-content\/uploads\/sites\/53\/2018\/10\/SFO3853.jpg","articleSection":["Press Releases"],"inLanguage":"es"},{"@type":"WebPage","@id":"https:\/\/www.un.org\/pga\/73\/2018\/10\/29\/note-to-correspondents-in-meeting-with-pope-francis-un-general-assembly-president-affirms-that-multilateralism-is-the-only-way-forward-in-addressing-the-needs-of-humanity\/","url":"https:\/\/www.un.org\/pga\/73\/2018\/10\/29\/note-to-correspondents-in-meeting-with-pope-francis-un-general-assembly-president-affirms-that-multilateralism-is-the-only-way-forward-in-addressing-the-needs-of-humanity\/","name":"NOTA A CORRESPONSALES: DURANTE LA REÄ¢¹½ÊÓÆµI\u00d3N CON EL PAPA FRANCISCO, LA PRESIDENTA DE LA ASAMBLEA GENERAL DE LAS NACIONES Ä¢¹½ÊÓÆµIDAS AFIRMA QUE EL MULTILATERALISMO ES LA \u00daNICA V\u00cdA PARA SOLUCIONAR LAS NECESIDADES DE LA HUMANIDAD - Asamblea General de las Naciones Unidas","isPartOf":{"@id":"https:\/\/www.un.org\/pga\/73\/#website"},"primaryImageOfPage":{"@id":"https:\/\/www.un.org\/pga\/73\/2018\/10\/29\/note-to-correspondents-in-meeting-with-pope-francis-un-general-assembly-president-affirms-that-multilateralism-is-the-only-way-forward-in-addressing-the-needs-of-humanity\/#primaryimage"},"image":{"@id":"https:\/\/www.un.org\/pga\/73\/2018\/10\/29\/note-to-correspondents-in-meeting-with-pope-francis-un-general-assembly-president-affirms-that-multilateralism-is-the-only-way-forward-in-addressing-the-needs-of-humanity\/#primaryimage"},"thumbnailUrl":"https:\/\/www.un.org\/pga\/wp-content\/uploads\/sites\/53\/2018\/10\/SFO3853.jpg","datePublished":"2018-10-29T12:14:23+00:00","dateModified":"2018-10-29T16:30:16+00:00","breadcrumb":{"@id":"https:\/\/www.un.org\/pga\/73\/2018\/10\/29\/note-to-correspondents-in-meeting-with-pope-francis-un-general-assembly-president-affirms-that-multilateralism-is-the-only-way-forward-in-addressing-the-needs-of-humanity\/#breadcrumb"},"inLanguage":"es","potentialAction":[{"@type":"ReadAction","target":["https:\/\/www.un.org\/pga\/73\/2018\/10\/29\/note-to-correspondents-in-meeting-with-pope-francis-un-general-assembly-president-affirms-that-multilateralism-is-the-only-way-forward-in-addressing-the-needs-of-humanity\/"]}]},{"@type":"ImageObject","inLanguage":"es","@id":"https:\/\/www.un.org\/pga\/73\/2018\/10\/29\/note-to-correspondents-in-meeting-with-pope-francis-un-general-assembly-president-affirms-that-multilateralism-is-the-only-way-forward-in-addressing-the-needs-of-humanity\/#primaryimage","url":"https:\/\/www.un.org\/pga\/wp-content\/uploads\/sites\/53\/2018\/10\/SFO3853.jpg","contentUrl":"https:\/\/www.un.org\/pga\/wp-content\/uploads\/sites\/53\/2018\/10\/SFO3853.jpg","width":3932,"height":2621,"caption":"President of the General Assembly at audience with Pope Francis \u00a9"},{"@type":"BreadcrumbList","@id":"https:\/\/www.un.org\/pga\/73\/2018\/10\/29\/note-to-correspondents-in-meeting-with-pope-francis-un-general-assembly-president-affirms-that-multilateralism-is-the-only-way-forward-in-addressing-the-needs-of-humanity\/#breadcrumb","itemListElement":[{"@type":"ListItem","position":1,"name":"Home","item":"https:\/\/www.un.org\/pga\/73\/es\/"},{"@type":"ListItem","position":2,"name":"NOTA A CORRESPONSALES: DURANTE LA REÄ¢¹½ÊÓÆµI\u00d3N CON EL PAPA FRANCISCO, LA PRESIDENTA DE LA ASAMBLEA GENERAL DE LAS NACIONES Ä¢¹½ÊÓÆµIDAS AFIRMA QUE EL MULTILATERALISMO ES LA \u00daNICA V\u00cdA PARA SOLUCIONAR LAS NECESIDADES DE LA HUMANIDAD"}]},{"@type":"WebSite","@id":"https:\/\/www.un.org\/pga\/73\/#website","url":"https:\/\/www.un.org\/pga\/73\/","name":"General Assembly of the United Nations","description":"Presidenta del 73\u00b0 per\u00edodo de sesiones","publisher":{"@id":"https:\/\/www.un.org\/pga\/73\/#organization"},"potentialAction":[{"@type":"SearchAction","target":{"@type":"EntryPoint","urlTemplate":"https:\/\/www.un.org\/pga\/73\/?s={search_term_string}"},"query-input":{"@type":"PropertyValueSpecification","valueRequired":true,"valueName":"search_term_string"}}],"inLanguage":"es"},{"@type":"Organization","@id":"https:\/\/www.un.org\/pga\/73\/#organization","name":"General Assembly of the United Nations","url":"https:\/\/www.un.org\/pga\/73\/","logo":{"@type":"ImageObject","inLanguage":"es","@id":"https:\/\/www.un.org\/pga\/73\/#\/schema\/logo\/image\/","url":"https:\/\/www.un.org\/pga\/wp-content\/uploads\/sites\/53\/2018\/07\/18-00066a_Ä¢¹½ÊÓÆµGA73_Logos-no-type-04.png","contentUrl":"https:\/\/www.un.org\/pga\/wp-content\/uploads\/sites\/53\/2018\/07\/18-00066a_Ä¢¹½ÊÓÆµGA73_Logos-no-type-04.png","width":529,"height":601,"caption":"General Assembly of the United Nations"},"image":{"@id":"https:\/\/www.un.org\/pga\/73\/#\/schema\/logo\/image\/"}},{"@type":"Person","@id":"https:\/\/www.un.org\/pga\/73\/#\/schema\/person\/06bf09e43d46846c087701ec99ac8412","name":"Katharina Kandt","image":{"@type":"ImageObject","inLanguage":"es","@id":"https:\/\/secure.gravatar.com\/avatar\/5e28c19bf52d2ea02ca4d78c4548f4e118fe08e94744f59f7938769a04ae856e?s=96&d=mm&r=g","url":"https:\/\/secure.gravatar.com\/avatar\/5e28c19bf52d2ea02ca4d78c4548f4e118fe08e94744f59f7938769a04ae856e?s=96&d=mm&r=g","contentUrl":"https:\/\/secure.gravatar.com\/avatar\/5e28c19bf52d2ea02ca4d78c4548f4e118fe08e94744f59f7938769a04ae856e?s=96&d=mm&r=g","caption":"Katharina Kandt"},"url":"https:\/\/www.un.org\/pga\/73\/es\/author\/kandtun-org\/"}]}},"_links":{"self":[{"href":"https:\/\/www.un.org\/pga\/73\/es\/wp-json\/wp\/v2\/posts\/168579","targetHints":{"allow":["GET"]}}],"collection":[{"href":"https:\/\/www.un.org\/pga\/73\/es\/wp-json\/wp\/v2\/posts"}],"about":[{"href":"https:\/\/www.un.org\/pga\/73\/es\/wp-json\/wp\/v2\/types\/post"}],"author":[{"embeddable":true,"href":"https:\/\/www.un.org\/pga\/73\/es\/wp-json\/wp\/v2\/users\/202"}],"replies":[{"embeddable":true,"href":"https:\/\/www.un.org\/pga\/73\/es\/wp-json\/wp\/v2\/comments?post=168579"}],"version-history":[{"count":0,"href":"https:\/\/www.un.org\/pga\/73\/es\/wp-json\/wp\/v2\/posts\/168579\/revisions"}],"wp:featuredmedia":[{"embeddable":true,"href":"https:\/\/www.un.org\/pga\/73\/es\/wp-json\/wp\/v2\/media\/168690"}],"wp:attachment":[{"href":"https:\/\/www.un.org\/pga\/73\/es\/wp-json\/wp\/v2\/media?parent=168579"}],"wp:term":[{"taxonomy":"category","embeddable":true,"href":"https:\/\/www.un.org\/pga\/73\/es\/wp-json\/wp\/v2\/categories?post=168579"},{"taxonomy":"post_tag","embeddable":true,"href":"https:\/\/www.un.org\/pga\/73\/es\/wp-json\/wp\/v2\/tags?post=168579"}],"curies":[{"name":"wp","href":"https:\/\/api.w.org\/{rel}","templated":true}]}}