  {"id":169170,"date":"2018-09-27T10:30:24","date_gmt":"2018-09-27T14:30:24","guid":{"rendered":"https:\/\/www.un.org\/pga\/73\/?p=169170"},"modified":"2018-10-31T13:16:23","modified_gmt":"2018-10-31T17:16:23","slug":"apertura-de-la-reunion-de-alto-nivel-de-la-asamblea-general-sobre-la-prevencion-y-el-control-de-las-enfermedades-no-transmisibles","status":"publish","type":"post","link":"https:\/\/www.un.org\/pga\/73\/es\/2018\/09\/27\/apertura-de-la-reunion-de-alto-nivel-de-la-asamblea-general-sobre-la-prevencion-y-el-control-de-las-enfermedades-no-transmisibles\/","title":{"rendered":"Apertura de la Reuni\u00f3n de Alto Nivel de la Asamblea General sobre la Prevenci\u00f3n y el Control de las Enfermedades no Transmisibles"},"content":{"rendered":"<p>[et_pb_section bb_built=\u00bb1&#8243;][et_pb_row][et_pb_column type=\u00bb4_4&#8243;][et_pb_text _builder_version=\u00bb3.12.2&#8243; border_style=\u00bbsolid\u00bb background_position=\u00bbtop_left\u00bb background_repeat=\u00bbrepeat\u00bb background_size=\u00bbinitial\u00bb]<\/p>\n<p style=\"text-align: center\"><em><strong>Como dijo &#8211;<\/strong><\/em><\/p>\n<h2><strong>DECLARACI\u00d3N POR LA PRESIDENTA DE LA ASAMBLEA GENERAL,\u00a0<\/strong><strong>MARI\u0301A FERNANDA ESPINOSA-GARCE\u0301S<\/strong><\/h2>\n<p><strong><span class=\"updated\">27 de septiembre de 2018<\/span><\/strong><\/p>\n<p>&nbsp;<\/p>\n<p><img loading=\"lazy\" decoding=\"async\" class=\"wp-image-164751 alignleft\" src=\"https:\/\/www.un.org\/pga\/73\/wp-content\/uploads\/sites\/53\/2018\/10\/20180927_AL_PGA-Opening-NCDs_IMG_7349-300x200.jpg\" alt=\"\" width=\"450\" height=\"300\" srcset=\"https:\/\/www.un.org\/pga\/wp-content\/uploads\/sites\/53\/2018\/10\/20180927_AL_PGA-Opening-NCDs_IMG_7349-300x200.jpg 300w, https:\/\/www.un.org\/pga\/wp-content\/uploads\/sites\/53\/2018\/10\/20180927_AL_PGA-Opening-NCDs_IMG_7349-150x100.jpg 150w, https:\/\/www.un.org\/pga\/wp-content\/uploads\/sites\/53\/2018\/10\/20180927_AL_PGA-Opening-NCDs_IMG_7349-768x512.jpg 768w, https:\/\/www.un.org\/pga\/wp-content\/uploads\/sites\/53\/2018\/10\/20180927_AL_PGA-Opening-NCDs_IMG_7349-1024x683.jpg 1024w, https:\/\/www.un.org\/pga\/wp-content\/uploads\/sites\/53\/2018\/10\/20180927_AL_PGA-Opening-NCDs_IMG_7349-1080x720.jpg 1080w, https:\/\/www.un.org\/pga\/wp-content\/uploads\/sites\/53\/2018\/10\/20180927_AL_PGA-Opening-NCDs_IMG_7349.jpg 2048w\" sizes=\"(max-width: 450px) 100vw, 450px\" \/><\/p>\n<p>Jefes de Estado y de Gobierno,<\/p>\n<p>Distinguidos Ministros,<\/p>\n<p>Excelencias,<\/p>\n<p>Excmo. Sr. Presidente de la Rep\u00fablica Oriental del Uruguay<\/p>\n<p>Se\u00f1ora Vicesecretaria General,<\/p>\n<p>Sr. Director General de la Organizaci\u00f3n Mundial de la Salud.<\/p>\n<p>Su Alteza Real, Presidenta electa de la Uni\u00f3n para el Control Internacional del C\u00e1ncer<\/p>\n<p>Se\u00f1oras y se\u00f1ores delegados, se\u00f1oras y se\u00f1ores,<\/p>\n<p>&nbsp;<\/p>\n<p>Para m\u00ed es un honor inaugurar esta Reuni\u00f3n de Alto Nivel de la Asamblea General sobre la Prevenci\u00f3n y el Control de las Enfermedades no Transmisibles.<\/p>\n<p>Me gustar\u00eda expresar mi reconocimiento al apoyo de la Organizaci\u00f3n Mundial de la Salud y de las organizaciones de la sociedad civil, aqu\u00ed tan bien representado, que trabajaron arduamente en la preparaci\u00f3n de esta Reuni\u00f3n de Alto Nivel.<\/p>\n<p>Tambi\u00e9n deseo reconocer el liderazgo y las habilidades de los Representantes Permanentes de Italia y Uruguay, facilitadores del proceso de consultas del documento que aprobamos el d\u00eda de hoy.<\/p>\n<p>Finalmente, perm\u00edtanme reconocer el papel desempe\u00f1ado por los miembros de la Comisi\u00f3n Independiente de alto nivel de la OMS sobre Enfermedades no Transmisibles, y expresarles mi gratitud por el proceso preparatorio hacia esta Reuni\u00f3n de Alto Nivel.<\/p>\n<p>Excelencias, la situaci\u00f3n de las enfermedades no transmisibles es alarmante: 15 millones de personas, entre 30 y 70 a\u00f1os, morir\u00e1n este a\u00f1o a causa de enfermedades no transmisibles. La mayor\u00eda de estas personas, cerca del 80%, viven en pa\u00edses en desarrollo. Hombres y mujeres, que deber\u00edan vivir una vida vibrante y productiva est\u00e1n muriendo prematuramente.<\/p>\n<p>No solo es m\u00e1s probable que los m\u00e1s pobres padezcan enfermedades no transmisibles, sino que los efectos del c\u00e1ncer, la diabetes, las condiciones de salud mental y las enfermedades cardiovasculares afectan su capacidad para llevar a cabo actividades sociales y econ\u00f3micas y contribuir al desarrollo de sus comunidades.<\/p>\n<p>De hecho, las enfermedades no transmisibles generan p\u00e9rdidas anuales de hasta el 6% del PIB en nuestros pa\u00edses.<\/p>\n<p>En s\u00edntesis, las enfermedades no transmisibles se han convertido en nuestro mayor desaf\u00edo para la salud, que adem\u00e1s generan graves repercusiones econ\u00f3micas y fiscales.<\/p>\n<p>Las enfermedades no transmisibles afectan a la mayor\u00eda de nosotros, lo que deber\u00eda motivarnos para prevenirlas\u00a0 y controlarlas de manera urgente.<\/p>\n<p>Excelencias, creo que todos estamos consientes del complejo desaf\u00edo que enfrentamos, el cual requiere de acciones en todos los niveles, incluyendo el legislativo,\u00a0 que permitan gestionar intereses corporativos y superar pr\u00e1cticas que en muchos pa\u00edses est\u00e1n profundamente arraigadas.<\/p>\n<p>Lo que necesitamos ahora es la voluntad pol\u00edtica y la\u00a0 asignaci\u00f3n de recursos para su controle, a fin de alcanzar los ambiciosos objetivos que nos hemos propuesto.<\/p>\n<p>Amigos, objetivos ambiciosos\u00a0 requieren de acciones contundentes. Hasta ahora, nuestro progreso siempre ha estado a la zaga de nuestras expectativas.<\/p>\n<p>La primera reuni\u00f3n de alto nivel sobre este tema, convocada por la Asamblea General en 2011 posicion\u00f3 a las enfermedades no transmisibles en la agenda multilateral, pese a que no estaban representadas en los\u00a0 Objetivos de Desarrollo del Milenio.<\/p>\n<p>Las limitaciones de capacidad y otros desaf\u00edos tampoco se abordaron con la urgencia que ameritaban, pues ya en ese entonces se estimaba que las enfermedades no transmisibles costar\u00edan a los pa\u00edses en desarrollo 7 billones de d\u00f3lares, entre el 2010 y el 2025.<\/p>\n<p>Hoy la situaci\u00f3n es diferente, con la inclusi\u00f3n de las enfermedades no transmisibles en los Objetivos de Desarrollo Sostenible, los Estados est\u00e1n comprometidos a reducir en un tercio la mortalidad prematura por esta causa, hasta el 2030, a trav\u00e9s de la prevenci\u00f3n y el tratamiento.<\/p>\n<p>Sin embargo, para alcanzar esta meta en los pr\u00f3ximos 12 a\u00f1os, necesitamos una acci\u00f3n inmediata, urgente y acelerada.<\/p>\n<p>Los compromisos y las promesas de una Declaraci\u00f3n Pol\u00edtica solo pueden trascender cuando son cumplidas e implementadas y cuando su impacto alcanza a las vidas de las personas, sus hogares y a la econom\u00eda en general.<\/p>\n<p>Por ello, les invito a ustedes, Jefes de Estado y de Gobierno, Ministras y Ministros de Salud, a cumplir con todos estos compromisos.<\/p>\n<p>Tambi\u00e9n hago un llamado al sector privado para que refuerce su contribuci\u00f3n a la consecuci\u00f3n de la meta 3.4 de la Agenda 2030 para el Desarrollo Sostenible.<\/p>\n<p>Es imprescindible que toda la sociedad se enfoque en reforzar e intensificar la implementaci\u00f3n de los compromisos asumidos en 2011 y 2014 para reducir el consumo de tabaco, el uso nocivo de alcohol, las dietas poco saludables y la inactividad f\u00edsica, as\u00ed como para asegurar acceso equitativo y asequible de medicinas y vacunas e implementar medidas para mejorar la salud mental y el bienestar.<\/p>\n<p>Tenemos en nuestras manos el poder de salvar millones de vidas.<\/p>\n<p>Trabajemos para no dejar una deuda con las pr\u00f3ximas generaciones, para que cuando pasen los a\u00f1os y miremos hacia atr\u00e1s, podamos decir que nos enfrentamos con valor a una situaci\u00f3n que pod\u00eda haber continuado causando enfermedades y sufrimiento, disminuyendo la esperanza de vida, en un momento en que solo deb\u00eda aumentar.<\/p>\n<p>Que hicimos coincidir nuestra ret\u00f3rica con la acci\u00f3n, nuestras palabras con hechos.<\/p>\n<p>Muchas gracias.<\/p>\n<p>[\/et_pb_text][\/et_pb_column][\/et_pb_row][\/et_pb_section]<\/p>\n","protected":false},"excerpt":{"rendered":"<p>Apertura de la Reuni\u00f3n de Alto Nivel de la Asamblea General sobre la Prevenci\u00f3n y el Control de las Enfermedades no Transmisibles<\/p>\n","protected":false},"author":202,"featured_media":164766,"comment_status":"closed","ping_status":"closed","sticky":false,"template":"","format":"standard","meta":{"_et_pb_use_builder":"on","_et_pb_old_content":"","_et_gb_content_width":"","footnotes":"","_links_to":"","_links_to_target":""},"categories":[181],"tags":[],"class_list":["post-169170","post","type-post","status-publish","format-standard","has-post-thumbnail","hentry","category-statements-es","et-has-post-format-content","et_post_format-et-post-format-standard"],"yoast_head":"<!-- This site is optimized with the Yoast SEO plugin v28.3 - https:\/\/yoast.com\/product\/yoast-seo-wordpress\/ -->\n<title>Apertura de la Reuni\u00f3n de Alto Nivel de la Asamblea General sobre la Prevenci\u00f3n y el Control de las Enfermedades no Transmisibles - Asamblea General de las Naciones Unidas<\/title>\n<meta name=\"robots\" content=\"index, follow, max-snippet:-1, max-image-preview:large, max-video-preview:-1\" \/>\n<link rel=\"canonical\" href=\"https:\/\/www.un.org\/pga\/73\/2018\/09\/27\/opening-of-the-high-level-meeting-on-non-communicable-diseases\/\" \/>\n<meta property=\"og:locale\" content=\"es_ES\" \/>\n<meta property=\"og:type\" content=\"article\" \/>\n<meta property=\"og:title\" content=\"Apertura de la Reuni\u00f3n de Alto Nivel de la Asamblea General sobre la Prevenci\u00f3n y el Control de las Enfermedades no Transmisibles - Asamblea General de las Naciones Unidas\" \/>\n<meta property=\"og:description\" content=\"Apertura de la Reuni\u00f3n de Alto Nivel de la Asamblea General sobre la Prevenci\u00f3n y el Control de las Enfermedades no Transmisibles\" \/>\n<meta property=\"og:url\" content=\"https:\/\/www.un.org\/pga\/73\/2018\/09\/27\/opening-of-the-high-level-meeting-on-non-communicable-diseases\/\" \/>\n<meta property=\"og:site_name\" content=\"Asamblea General de las Naciones Unidas\" \/>\n<meta property=\"article:published_time\" content=\"2018-09-27T14:30:24+00:00\" \/>\n<meta property=\"article:modified_time\" content=\"2018-10-31T17:16:23+00:00\" \/>\n<meta property=\"og:image\" content=\"https:\/\/www.un.org\/pga\/wp-content\/uploads\/sites\/53\/2018\/10\/20180927_AL_PGA-Opening-NCDs_IMG_7349.jpg\" \/>\n\t<meta property=\"og:image:width\" content=\"5400\" \/>\n\t<meta property=\"og:image:height\" content=\"3600\" \/>\n\t<meta property=\"og:image:type\" content=\"image\/jpeg\" \/>\n<meta name=\"author\" content=\"Katharina Kandt\" \/>\n<meta name=\"twitter:card\" content=\"summary_large_image\" \/>\n<meta name=\"twitter:label1\" content=\"Escrito por\" \/>\n\t<meta name=\"twitter:data1\" content=\"Katharina Kandt\" \/>\n\t<meta name=\"twitter:label2\" content=\"Tiempo de lectura\" \/>\n\t<meta name=\"twitter:data2\" content=\"5 minutos\" \/>\n<script type=\"application\/ld+json\" class=\"yoast-schema-graph\">{\"@context\":\"https:\\\/\\\/schema.org\",\"@graph\":[{\"@type\":\"Article\",\"@id\":\"https:\\\/\\\/www.un.org\\\/pga\\\/73\\\/2018\\\/09\\\/27\\\/opening-of-the-high-level-meeting-on-non-communicable-diseases\\\/#article\",\"isPartOf\":{\"@id\":\"https:\\\/\\\/www.un.org\\\/pga\\\/73\\\/2018\\\/09\\\/27\\\/opening-of-the-high-level-meeting-on-non-communicable-diseases\\\/\"},\"author\":{\"name\":\"Katharina Kandt\",\"@id\":\"https:\\\/\\\/www.un.org\\\/pga\\\/73\\\/#\\\/schema\\\/person\\\/06bf09e43d46846c087701ec99ac8412\"},\"headline\":\"Apertura de la Reuni\u00f3n de Alto Nivel de la Asamblea General sobre la Prevenci\u00f3n y el Control de las Enfermedades no Transmisibles\",\"datePublished\":\"2018-09-27T14:30:24+00:00\",\"dateModified\":\"2018-10-31T17:16:23+00:00\",\"mainEntityOfPage\":{\"@id\":\"https:\\\/\\\/www.un.org\\\/pga\\\/73\\\/2018\\\/09\\\/27\\\/opening-of-the-high-level-meeting-on-non-communicable-diseases\\\/\"},\"wordCount\":953,\"publisher\":{\"@id\":\"https:\\\/\\\/www.un.org\\\/pga\\\/73\\\/#organization\"},\"image\":{\"@id\":\"https:\\\/\\\/www.un.org\\\/pga\\\/73\\\/2018\\\/09\\\/27\\\/opening-of-the-high-level-meeting-on-non-communicable-diseases\\\/#primaryimage\"},\"thumbnailUrl\":\"https:\\\/\\\/www.un.org\\\/pga\\\/wp-content\\\/uploads\\\/sites\\\/53\\\/2018\\\/10\\\/20180927_AL_PGA-Opening-NCDs_IMG_7349.jpg\",\"articleSection\":[\"Declaraciones\"],\"inLanguage\":\"es\"},{\"@type\":\"WebPage\",\"@id\":\"https:\\\/\\\/www.un.org\\\/pga\\\/73\\\/2018\\\/09\\\/27\\\/opening-of-the-high-level-meeting-on-non-communicable-diseases\\\/\",\"url\":\"https:\\\/\\\/www.un.org\\\/pga\\\/73\\\/2018\\\/09\\\/27\\\/opening-of-the-high-level-meeting-on-non-communicable-diseases\\\/\",\"name\":\"Apertura de la Reuni\u00f3n de Alto Nivel de la Asamblea General sobre la Prevenci\u00f3n y el Control de las Enfermedades no Transmisibles - Asamblea General de las Naciones Unidas\",\"isPartOf\":{\"@id\":\"https:\\\/\\\/www.un.org\\\/pga\\\/73\\\/#website\"},\"primaryImageOfPage\":{\"@id\":\"https:\\\/\\\/www.un.org\\\/pga\\\/73\\\/2018\\\/09\\\/27\\\/opening-of-the-high-level-meeting-on-non-communicable-diseases\\\/#primaryimage\"},\"image\":{\"@id\":\"https:\\\/\\\/www.un.org\\\/pga\\\/73\\\/2018\\\/09\\\/27\\\/opening-of-the-high-level-meeting-on-non-communicable-diseases\\\/#primaryimage\"},\"thumbnailUrl\":\"https:\\\/\\\/www.un.org\\\/pga\\\/wp-content\\\/uploads\\\/sites\\\/53\\\/2018\\\/10\\\/20180927_AL_PGA-Opening-NCDs_IMG_7349.jpg\",\"datePublished\":\"2018-09-27T14:30:24+00:00\",\"dateModified\":\"2018-10-31T17:16:23+00:00\",\"breadcrumb\":{\"@id\":\"https:\\\/\\\/www.un.org\\\/pga\\\/73\\\/2018\\\/09\\\/27\\\/opening-of-the-high-level-meeting-on-non-communicable-diseases\\\/#breadcrumb\"},\"inLanguage\":\"es\",\"potentialAction\":[{\"@type\":\"ReadAction\",\"target\":[\"https:\\\/\\\/www.un.org\\\/pga\\\/73\\\/2018\\\/09\\\/27\\\/opening-of-the-high-level-meeting-on-non-communicable-diseases\\\/\"]}]},{\"@type\":\"ImageObject\",\"inLanguage\":\"es\",\"@id\":\"https:\\\/\\\/www.un.org\\\/pga\\\/73\\\/2018\\\/09\\\/27\\\/opening-of-the-high-level-meeting-on-non-communicable-diseases\\\/#primaryimage\",\"url\":\"https:\\\/\\\/www.un.org\\\/pga\\\/wp-content\\\/uploads\\\/sites\\\/53\\\/2018\\\/10\\\/20180927_AL_PGA-Opening-NCDs_IMG_7349.jpg\",\"contentUrl\":\"https:\\\/\\\/www.un.org\\\/pga\\\/wp-content\\\/uploads\\\/sites\\\/53\\\/2018\\\/10\\\/20180927_AL_PGA-Opening-NCDs_IMG_7349.jpg\",\"width\":5400,\"height\":3600,\"caption\":\"Apertura de la Reuni\u00f3n de Alto Nivel de la Asamblea General sobre la Prevenci\u00f3n y el Control de las Enfermedades no Transmisibles\"},{\"@type\":\"BreadcrumbList\",\"@id\":\"https:\\\/\\\/www.un.org\\\/pga\\\/73\\\/2018\\\/09\\\/27\\\/opening-of-the-high-level-meeting-on-non-communicable-diseases\\\/#breadcrumb\",\"itemListElement\":[{\"@type\":\"ListItem\",\"position\":1,\"name\":\"Home\",\"item\":\"https:\\\/\\\/www.un.org\\\/pga\\\/73\\\/es\\\/\"},{\"@type\":\"ListItem\",\"position\":2,\"name\":\"Apertura de la Reuni\u00f3n de Alto Nivel de la Asamblea General sobre la Prevenci\u00f3n y el Control de las Enfermedades no Transmisibles\"}]},{\"@type\":\"WebSite\",\"@id\":\"https:\\\/\\\/www.un.org\\\/pga\\\/73\\\/#website\",\"url\":\"https:\\\/\\\/www.un.org\\\/pga\\\/73\\\/\",\"name\":\"General Assembly of the United Nations\",\"description\":\"Presidenta del 73\u00b0 per\u00edodo de sesiones\",\"publisher\":{\"@id\":\"https:\\\/\\\/www.un.org\\\/pga\\\/73\\\/#organization\"},\"potentialAction\":[{\"@type\":\"SearchAction\",\"target\":{\"@type\":\"EntryPoint\",\"urlTemplate\":\"https:\\\/\\\/www.un.org\\\/pga\\\/73\\\/?s={search_term_string}\"},\"query-input\":{\"@type\":\"PropertyValueSpecification\",\"valueRequired\":true,\"valueName\":\"search_term_string\"}}],\"inLanguage\":\"es\"},{\"@type\":\"Organization\",\"@id\":\"https:\\\/\\\/www.un.org\\\/pga\\\/73\\\/#organization\",\"name\":\"General Assembly of the United Nations\",\"url\":\"https:\\\/\\\/www.un.org\\\/pga\\\/73\\\/\",\"logo\":{\"@type\":\"ImageObject\",\"inLanguage\":\"es\",\"@id\":\"https:\\\/\\\/www.un.org\\\/pga\\\/73\\\/#\\\/schema\\\/logo\\\/image\\\/\",\"url\":\"https:\\\/\\\/www.un.org\\\/pga\\\/wp-content\\\/uploads\\\/sites\\\/53\\\/2018\\\/07\\\/18-00066a_Ä¢¹½ÊÓÆµGA73_Logos-no-type-04.png\",\"contentUrl\":\"https:\\\/\\\/www.un.org\\\/pga\\\/wp-content\\\/uploads\\\/sites\\\/53\\\/2018\\\/07\\\/18-00066a_Ä¢¹½ÊÓÆµGA73_Logos-no-type-04.png\",\"width\":529,\"height\":601,\"caption\":\"General Assembly of the United Nations\"},\"image\":{\"@id\":\"https:\\\/\\\/www.un.org\\\/pga\\\/73\\\/#\\\/schema\\\/logo\\\/image\\\/\"}},{\"@type\":\"Person\",\"@id\":\"https:\\\/\\\/www.un.org\\\/pga\\\/73\\\/#\\\/schema\\\/person\\\/06bf09e43d46846c087701ec99ac8412\",\"name\":\"Katharina Kandt\",\"image\":{\"@type\":\"ImageObject\",\"inLanguage\":\"es\",\"@id\":\"https:\\\/\\\/secure.gravatar.com\\\/avatar\\\/5e28c19bf52d2ea02ca4d78c4548f4e118fe08e94744f59f7938769a04ae856e?s=96&d=mm&r=g\",\"url\":\"https:\\\/\\\/secure.gravatar.com\\\/avatar\\\/5e28c19bf52d2ea02ca4d78c4548f4e118fe08e94744f59f7938769a04ae856e?s=96&d=mm&r=g\",\"contentUrl\":\"https:\\\/\\\/secure.gravatar.com\\\/avatar\\\/5e28c19bf52d2ea02ca4d78c4548f4e118fe08e94744f59f7938769a04ae856e?s=96&d=mm&r=g\",\"caption\":\"Katharina Kandt\"},\"url\":\"https:\\\/\\\/www.un.org\\\/pga\\\/73\\\/es\\\/author\\\/kandtun-org\\\/\"}]}<\/script>\n<!-- \/ Yoast SEO plugin. -->","yoast_head_json":{"title":"Apertura de la Reuni\u00f3n de Alto Nivel de la Asamblea General sobre la Prevenci\u00f3n y el Control de las Enfermedades no Transmisibles - Asamblea General de las Naciones Unidas","robots":{"index":"index","follow":"follow","max-snippet":"max-snippet:-1","max-image-preview":"max-image-preview:large","max-video-preview":"max-video-preview:-1"},"canonical":"https:\/\/www.un.org\/pga\/73\/2018\/09\/27\/opening-of-the-high-level-meeting-on-non-communicable-diseases\/","og_locale":"es_ES","og_type":"article","og_title":"Apertura de la Reuni\u00f3n de Alto Nivel de la Asamblea General sobre la Prevenci\u00f3n y el Control de las Enfermedades no Transmisibles - Asamblea General de las Naciones Unidas","og_description":"Apertura de la Reuni\u00f3n de Alto Nivel de la Asamblea General sobre la Prevenci\u00f3n y el Control de las Enfermedades no Transmisibles","og_url":"https:\/\/www.un.org\/pga\/73\/2018\/09\/27\/opening-of-the-high-level-meeting-on-non-communicable-diseases\/","og_site_name":"Asamblea General de las Naciones Unidas","article_published_time":"2018-09-27T14:30:24+00:00","article_modified_time":"2018-10-31T17:16:23+00:00","og_image":[{"width":5400,"height":3600,"url":"https:\/\/www.un.org\/pga\/wp-content\/uploads\/sites\/53\/2018\/10\/20180927_AL_PGA-Opening-NCDs_IMG_7349.jpg","type":"image\/jpeg"}],"author":"Katharina Kandt","twitter_card":"summary_large_image","twitter_misc":{"Escrito por":"Katharina Kandt","Tiempo de lectura":"5 minutos"},"schema":{"@context":"https:\/\/schema.org","@graph":[{"@type":"Article","@id":"https:\/\/www.un.org\/pga\/73\/2018\/09\/27\/opening-of-the-high-level-meeting-on-non-communicable-diseases\/#article","isPartOf":{"@id":"https:\/\/www.un.org\/pga\/73\/2018\/09\/27\/opening-of-the-high-level-meeting-on-non-communicable-diseases\/"},"author":{"name":"Katharina Kandt","@id":"https:\/\/www.un.org\/pga\/73\/#\/schema\/person\/06bf09e43d46846c087701ec99ac8412"},"headline":"Apertura de la Reuni\u00f3n de Alto Nivel de la Asamblea General sobre la Prevenci\u00f3n y el Control de las Enfermedades no Transmisibles","datePublished":"2018-09-27T14:30:24+00:00","dateModified":"2018-10-31T17:16:23+00:00","mainEntityOfPage":{"@id":"https:\/\/www.un.org\/pga\/73\/2018\/09\/27\/opening-of-the-high-level-meeting-on-non-communicable-diseases\/"},"wordCount":953,"publisher":{"@id":"https:\/\/www.un.org\/pga\/73\/#organization"},"image":{"@id":"https:\/\/www.un.org\/pga\/73\/2018\/09\/27\/opening-of-the-high-level-meeting-on-non-communicable-diseases\/#primaryimage"},"thumbnailUrl":"https:\/\/www.un.org\/pga\/wp-content\/uploads\/sites\/53\/2018\/10\/20180927_AL_PGA-Opening-NCDs_IMG_7349.jpg","articleSection":["Declaraciones"],"inLanguage":"es"},{"@type":"WebPage","@id":"https:\/\/www.un.org\/pga\/73\/2018\/09\/27\/opening-of-the-high-level-meeting-on-non-communicable-diseases\/","url":"https:\/\/www.un.org\/pga\/73\/2018\/09\/27\/opening-of-the-high-level-meeting-on-non-communicable-diseases\/","name":"Apertura de la Reuni\u00f3n de Alto Nivel de la Asamblea General sobre la Prevenci\u00f3n y el Control de las Enfermedades no Transmisibles - Asamblea General de las Naciones Unidas","isPartOf":{"@id":"https:\/\/www.un.org\/pga\/73\/#website"},"primaryImageOfPage":{"@id":"https:\/\/www.un.org\/pga\/73\/2018\/09\/27\/opening-of-the-high-level-meeting-on-non-communicable-diseases\/#primaryimage"},"image":{"@id":"https:\/\/www.un.org\/pga\/73\/2018\/09\/27\/opening-of-the-high-level-meeting-on-non-communicable-diseases\/#primaryimage"},"thumbnailUrl":"https:\/\/www.un.org\/pga\/wp-content\/uploads\/sites\/53\/2018\/10\/20180927_AL_PGA-Opening-NCDs_IMG_7349.jpg","datePublished":"2018-09-27T14:30:24+00:00","dateModified":"2018-10-31T17:16:23+00:00","breadcrumb":{"@id":"https:\/\/www.un.org\/pga\/73\/2018\/09\/27\/opening-of-the-high-level-meeting-on-non-communicable-diseases\/#breadcrumb"},"inLanguage":"es","potentialAction":[{"@type":"ReadAction","target":["https:\/\/www.un.org\/pga\/73\/2018\/09\/27\/opening-of-the-high-level-meeting-on-non-communicable-diseases\/"]}]},{"@type":"ImageObject","inLanguage":"es","@id":"https:\/\/www.un.org\/pga\/73\/2018\/09\/27\/opening-of-the-high-level-meeting-on-non-communicable-diseases\/#primaryimage","url":"https:\/\/www.un.org\/pga\/wp-content\/uploads\/sites\/53\/2018\/10\/20180927_AL_PGA-Opening-NCDs_IMG_7349.jpg","contentUrl":"https:\/\/www.un.org\/pga\/wp-content\/uploads\/sites\/53\/2018\/10\/20180927_AL_PGA-Opening-NCDs_IMG_7349.jpg","width":5400,"height":3600,"caption":"Apertura de la Reuni\u00f3n de Alto Nivel de la Asamblea General sobre la Prevenci\u00f3n y el Control de las Enfermedades no Transmisibles"},{"@type":"BreadcrumbList","@id":"https:\/\/www.un.org\/pga\/73\/2018\/09\/27\/opening-of-the-high-level-meeting-on-non-communicable-diseases\/#breadcrumb","itemListElement":[{"@type":"ListItem","position":1,"name":"Home","item":"https:\/\/www.un.org\/pga\/73\/es\/"},{"@type":"ListItem","position":2,"name":"Apertura de la Reuni\u00f3n de Alto Nivel de la Asamblea General sobre la Prevenci\u00f3n y el Control de las Enfermedades no Transmisibles"}]},{"@type":"WebSite","@id":"https:\/\/www.un.org\/pga\/73\/#website","url":"https:\/\/www.un.org\/pga\/73\/","name":"General Assembly of the United Nations","description":"Presidenta del 73\u00b0 per\u00edodo de sesiones","publisher":{"@id":"https:\/\/www.un.org\/pga\/73\/#organization"},"potentialAction":[{"@type":"SearchAction","target":{"@type":"EntryPoint","urlTemplate":"https:\/\/www.un.org\/pga\/73\/?s={search_term_string}"},"query-input":{"@type":"PropertyValueSpecification","valueRequired":true,"valueName":"search_term_string"}}],"inLanguage":"es"},{"@type":"Organization","@id":"https:\/\/www.un.org\/pga\/73\/#organization","name":"General Assembly of the United Nations","url":"https:\/\/www.un.org\/pga\/73\/","logo":{"@type":"ImageObject","inLanguage":"es","@id":"https:\/\/www.un.org\/pga\/73\/#\/schema\/logo\/image\/","url":"https:\/\/www.un.org\/pga\/wp-content\/uploads\/sites\/53\/2018\/07\/18-00066a_Ä¢¹½ÊÓÆµGA73_Logos-no-type-04.png","contentUrl":"https:\/\/www.un.org\/pga\/wp-content\/uploads\/sites\/53\/2018\/07\/18-00066a_Ä¢¹½ÊÓÆµGA73_Logos-no-type-04.png","width":529,"height":601,"caption":"General Assembly of the United Nations"},"image":{"@id":"https:\/\/www.un.org\/pga\/73\/#\/schema\/logo\/image\/"}},{"@type":"Person","@id":"https:\/\/www.un.org\/pga\/73\/#\/schema\/person\/06bf09e43d46846c087701ec99ac8412","name":"Katharina Kandt","image":{"@type":"ImageObject","inLanguage":"es","@id":"https:\/\/secure.gravatar.com\/avatar\/5e28c19bf52d2ea02ca4d78c4548f4e118fe08e94744f59f7938769a04ae856e?s=96&d=mm&r=g","url":"https:\/\/secure.gravatar.com\/avatar\/5e28c19bf52d2ea02ca4d78c4548f4e118fe08e94744f59f7938769a04ae856e?s=96&d=mm&r=g","contentUrl":"https:\/\/secure.gravatar.com\/avatar\/5e28c19bf52d2ea02ca4d78c4548f4e118fe08e94744f59f7938769a04ae856e?s=96&d=mm&r=g","caption":"Katharina Kandt"},"url":"https:\/\/www.un.org\/pga\/73\/es\/author\/kandtun-org\/"}]}},"_links":{"self":[{"href":"https:\/\/www.un.org\/pga\/73\/es\/wp-json\/wp\/v2\/posts\/169170","targetHints":{"allow":["GET"]}}],"collection":[{"href":"https:\/\/www.un.org\/pga\/73\/es\/wp-json\/wp\/v2\/posts"}],"about":[{"href":"https:\/\/www.un.org\/pga\/73\/es\/wp-json\/wp\/v2\/types\/post"}],"author":[{"embeddable":true,"href":"https:\/\/www.un.org\/pga\/73\/es\/wp-json\/wp\/v2\/users\/202"}],"replies":[{"embeddable":true,"href":"https:\/\/www.un.org\/pga\/73\/es\/wp-json\/wp\/v2\/comments?post=169170"}],"version-history":[{"count":0,"href":"https:\/\/www.un.org\/pga\/73\/es\/wp-json\/wp\/v2\/posts\/169170\/revisions"}],"wp:featuredmedia":[{"embeddable":true,"href":"https:\/\/www.un.org\/pga\/73\/es\/wp-json\/wp\/v2\/media\/164766"}],"wp:attachment":[{"href":"https:\/\/www.un.org\/pga\/73\/es\/wp-json\/wp\/v2\/media?parent=169170"}],"wp:term":[{"taxonomy":"category","embeddable":true,"href":"https:\/\/www.un.org\/pga\/73\/es\/wp-json\/wp\/v2\/categories?post=169170"},{"taxonomy":"post_tag","embeddable":true,"href":"https:\/\/www.un.org\/pga\/73\/es\/wp-json\/wp\/v2\/tags?post=169170"}],"curies":[{"name":"wp","href":"https:\/\/api.w.org\/{rel}","templated":true}]}}