  {"id":170716,"date":"2018-11-19T15:09:54","date_gmt":"2018-11-19T20:09:54","guid":{"rendered":"https:\/\/www.un.org\/pga\/73\/2018\/11\/19\/8th-global-forum-of-the-united-nations-alliance-of-civilizations\/"},"modified":"2018-11-19T15:26:31","modified_gmt":"2018-11-19T20:26:31","slug":"8th-global-forum-of-the-united-nations-alliance-of-civilizations","status":"publish","type":"post","link":"https:\/\/www.un.org\/pga\/73\/es\/2018\/11\/19\/8th-global-forum-of-the-united-nations-alliance-of-civilizations\/","title":{"rendered":"8vo. Foro Global de la Alianza de Civilizaciones de las Naciones Unidas"},"content":{"rendered":"<p>[et_pb_section bb_built=\u00bb1&#8243;][et_pb_row][et_pb_column type=\u00bb4_4&#8243;][et_pb_text _builder_version=\u00bb3.17.4&#8243; border_style=\u00bbsolid\u00bb background_position=\u00bbtop_left\u00bb background_repeat=\u00bbrepeat\u00bb background_size=\u00bbinitial\u00bb]<\/p>\n<p style=\"text-align: center\"><strong><em>&#8211; Como Pronunciado &#8211;<\/em><\/strong><\/p>\n<p><strong>INTERVENCI\u00d3N DE LA PRESIDENTA DEL 73\u00ba PERIODO DE SESIONES DE LA ASAMBLEA GENERAL, S.E. MARIA FERNANDA ESPINOSA<\/strong><\/p>\n<p><strong><span class=\"updated\">19 noviembre 2018<\/span><\/strong><\/p>\n<div id=\"attachment_170638\" style=\"width: 310px\" class=\"wp-caption alignleft\"><img loading=\"lazy\" decoding=\"async\" aria-describedby=\"caption-attachment-170638\" class=\"wp-image-170623 size-medium\" src=\"https:\/\/www.un.org\/pga\/73\/wp-content\/uploads\/sites\/53\/2018\/11\/786890-Meeting-19_11_2018-11.55.11-300x200.jpg\" alt=\"\" width=\"300\" height=\"200\" srcset=\"https:\/\/www.un.org\/pga\/wp-content\/uploads\/sites\/53\/2018\/11\/786890-Meeting-19_11_2018-11.55.11-300x200.jpg 300w, https:\/\/www.un.org\/pga\/wp-content\/uploads\/sites\/53\/2018\/11\/786890-Meeting-19_11_2018-11.55.11-150x100.jpg 150w, https:\/\/www.un.org\/pga\/wp-content\/uploads\/sites\/53\/2018\/11\/786890-Meeting-19_11_2018-11.55.11-768x512.jpg 768w, https:\/\/www.un.org\/pga\/wp-content\/uploads\/sites\/53\/2018\/11\/786890-Meeting-19_11_2018-11.55.11-1024x683.jpg 1024w, https:\/\/www.un.org\/pga\/wp-content\/uploads\/sites\/53\/2018\/11\/786890-Meeting-19_11_2018-11.55.11-1080x720.jpg 1080w, https:\/\/www.un.org\/pga\/wp-content\/uploads\/sites\/53\/2018\/11\/786890-Meeting-19_11_2018-11.55.11.jpg 2048w\" sizes=\"(max-width: 300px) 100vw, 300px\" \/><p id=\"caption-attachment-170638\" class=\"wp-caption-text\">8vo. Foro Global de la Alianza de Civilizaciones de las Naciones Unidas<\/p><\/div>\n<p>Su Excelencia Nassir Abdulaziz Al-Nasser, Representante de las Naciones Unidas para la Alianza de Civilizaciones,<\/p>\n<p>Su Excelencia Ant\u00f3nio Guterres, Secretario General de las Naciones Unidas,<\/p>\n<p>Su Excelencia Mevl\u00fct \u00c7avu\u015fo\u011flu, Ministro de Relaciones Exteriores de Turqu\u00eda,<\/p>\n<p>Su Excelencia Fernando Martin Valenzuela Marzo, Secretario de Estado de Asuntos Exteriores de Espa\u00f1a,<\/p>\n<p>Distinguidos invitados e invitadas,<\/p>\n<p>Me gustar\u00eda agradecer a la Alianza de Civilizaciones por sus esfuerzos para promover el di\u00e1logo intercultural e interreligioso, as\u00ed como la tolerancia, la diversidad y la cultura de paz.<\/p>\n<p>Tambi\u00e9n quiero reconocer el gran liderazgo de Espa\u00f1a, \u00a0Turqu\u00eda y Catar al frente de esta iniciativa.<\/p>\n<p>Nos encontramos hoy en una coyuntura global compleja, marcada por m\u00faltiples crisis que van desde la pobreza y la desigualdad hasta los efectos devastadores del cambio clim\u00e1tico, o la migraci\u00f3n forzada o la profundizaci\u00f3n de varios conflictos en el mundo, el terrorismo, la intolerancia y el odio.<\/p>\n<p>Para hacer frente a este escenario de gran complejidad, necesitamos una fuerte acci\u00f3n colectiva y \u00a0acuerdos a nivel global; y, para construir esos acuerdos, el di\u00e1logo es el instrumento m\u00e1s poderoso.<\/p>\n<p>Un di\u00e1logo que respete la diversidad, que est\u00e9 basado en la tolerancia y en la empat\u00eda; en el reconocimiento de que, a pesar de las diferencias religiosas o culturales, nos une nuestra condici\u00f3n humana.<\/p>\n<p>[\/et_pb_text][\/et_pb_column][\/et_pb_row][et_pb_row][et_pb_column type=\u00bb4_4&#8243;][et_pb_text _builder_version=\u00bb3.17.4&#8243;]<\/p>\n<p>Desde su creaci\u00f3n, la Alianza de Civilizaciones ha fomentado el di\u00e1logo, y se ha constituido en una importante plataforma para el acercamiento entre naciones, culturas y religiones.<\/p>\n<p>Por ello, creo que no solo debemos preservar este espacio, debemos fortalecerlo y expandirlo.<\/p>\n<p>Excelencias,<\/p>\n<p>Me complace observar que muchas de las prioridades que he establecido durante mi Presidencia convergen con los pilares de la actividad de la Alianza de Civilizaciones, y me gustar\u00eda centrarme brevemente en algunas de ellas.<\/p>\n<p>Primero, movilizar la acci\u00f3n y la voluntad pol\u00edtica colectiva.<\/p>\n<p>Este Foro Global es un ejemplo de una <em>minga<\/em> efectiva, de una acci\u00f3n colectiva entre los Gobiernos, las Naciones Unidas, la sociedad civil, las entidades religiosas, los medios de comunicaci\u00f3n y el sector privado para promover sociedades m\u00e1s pac\u00edficas en base a los valores de la cooperaci\u00f3n, la solidaridad y la celebraci\u00f3n de la diversidad.<\/p>\n<p>Como representante del foro multilateral m\u00e1s representativo y democr\u00e1tico, la Asamblea General de las Naciones Unidas, reitero mi compromiso para facilitar el di\u00e1logo y la acci\u00f3n global para prevenir la violencia y los conflictos, y lograr acuerdos en favor de la humanidad y el planeta.<\/p>\n<p>En segundo lugar, el enfoque en la juventud.<\/p>\n<p>Los j\u00f3venes son arquitectos y agentes de cambio.<\/p>\n<p>Incluir a los j\u00f3venes en las pol\u00edticas de desarrollo y en las actividades de mantenimiento y consolidaci\u00f3n de la paz es fundamental para prevenir conflictos, o lograr soluciones duraderas y sostenibles.<\/p>\n<p>He tenido la oportunidad de trabajar con equipos en los que las diferentes visiones y habilidades de los j\u00f3venes han sido decisivas para encontrar soluciones creativas e innovadoras.<\/p>\n<p>Una de mis siete prioridades es, de hecho, el rol de la juventud en la paz y la seguridad.<\/p>\n<p>Estoy convencida de que, en la Asamblea General, el parlamento de la humanidad, podemos avanzar de manera decidida en temas que afectan a la juventud, como su participaci\u00f3n pol\u00edtica, el trabajo decente, la igualdad de g\u00e9nero y el empoderamiento de las mujeres, los derechos humanos, y el importante papel que pueden desempe\u00f1ar para lograr sociedades m\u00e1s pac\u00edficas.<\/p>\n<p>[\/et_pb_text][et_pb_testimonial _builder_version=\u00bb3.17.4&#8243; author=\u00bbMar\u00eda Fernanda Espinosa Garc\u00e9s\u00bb portrait_url=\u00bbhttps:\/\/www.un.org\/pga\/73\/wp-content\/uploads\/sites\/53\/2018\/09\/PGA-73084-e1537294481964.jpg\u00bb border_style=\u00bbsolid\u00bb job_title=\u00bbPresidenta de la Asamblea General de las Naciones Unidas\u00bb quote_icon_background_color=\u00bb#f5f5f5&#8243; background_position=\u00bbtop_left\u00bb background_repeat=\u00bbrepeat\u00bb background_size=\u00bbinitial\u00bb quote_icon_color=\u00bb#00aff8&#8243;]<\/p>\n<p><span style=\"color: #0000ff\">Como representante del foro multilateral m\u00e1s representativo y democr\u00e1tico, la Asamblea General de las Naciones Unidas, reitero mi compromiso para facilitar el di\u00e1logo y la acci\u00f3n global para prevenir la violencia y los conflictos, y lograr acuerdos en favor de la humanidad y el planeta.<\/span><\/p>\n<p>[\/et_pb_testimonial][et_pb_text _builder_version=\u00bb3.17.4&#8243; border_style=\u00bbsolid\u00bb background_position=\u00bbtop_left\u00bb background_repeat=\u00bbrepeat\u00bb background_size=\u00bbinitial\u00bb]<\/p>\n<p>El tercer tema que me gustar\u00eda resaltar es la migraci\u00f3n.<\/p>\n<p>La historia de la humanidad se ha construido a trav\u00e9s de la migraci\u00f3n. El fen\u00f3meno de la migraci\u00f3n, si bien ha existido desde siempre, presenta hoy nuevos desaf\u00edos y requiere tambi\u00e9n de respuestas y acuerdos globales.<\/p>\n<p>En diciembre pr\u00f3ximo, adoptaremos el Pacto Mundial para una Migraci\u00f3n Segura, Ordenada y Regular, el primer marco de cooperaci\u00f3n internacional que aborda todas las dimensiones de la migraci\u00f3n desde una visi\u00f3n equilibrada e integral.<\/p>\n<p>Es un Pacto que permitir\u00e1 a los Estados cooperar, aprender de sus experiencias y buenas pr\u00e1cticas, y abordar las causas de fondo de este fen\u00f3meno, con el fin \u00faltimo de asegurar que la migraci\u00f3n beneficie a todos y que la decisi\u00f3n de migrar sea una opci\u00f3n y no una necesidad.<\/p>\n<p>Creo que la Alianza de Civilizaciones puede contribuir para promover el di\u00e1logo y un conocimiento m\u00e1s profundo y sin prejuicios sobre la migraci\u00f3n.<\/p>\n<p>Excelencias,<\/p>\n<p>Finalmente, como representante de 193 Estados que tienen diferentes historias, culturas, idiomas, modelos de desarrollo, pero que comparten la aspiraci\u00f3n de convivir en paz y desarrollarse de manera sostenible, seguir\u00e9 de cerca los resultados de sus debates en estos dos d\u00edas de trabajo.<\/p>\n<p>Estoy segura de que contribuir\u00e1n con soluciones innovadoras para prevenir conflictos, mantener la paz y promover la reconciliaci\u00f3n, reconociendo que la diversidad es la mayor fuente de riqueza que tiene la humanidad.<\/p>\n<p>En palabras del escritor y fil\u00f3sofo italiano Humberto Eco: \u201cLa belleza del universo no es s\u00f3lo la unidad en la variedad, sino tambi\u00e9n la diversidad en la unidad\u201d. Eso es lo que defiende y promueve esta gran Alianza de Civilizaciones en favor de un mundo m\u00e1s humano y pac\u00edfico.<\/p>\n<p>Muchas gracias.<\/p>\n<p>&nbsp;<\/p>\n<p>[\/et_pb_text][\/et_pb_column][\/et_pb_row][\/et_pb_section]<\/p>\n","protected":false},"excerpt":{"rendered":"<p>INTERVENCI\u00d3N DE LA PRESIDENTA DEL 73\u00ba PERIODO DE SESIONES DE LA ASAMBLEA GENERAL, S.E. MARIA FERNANDA ESPINOSA<\/p>\n","protected":false},"author":266,"featured_media":170620,"comment_status":"closed","ping_status":"closed","sticky":false,"template":"","format":"standard","meta":{"_et_pb_use_builder":"on","_et_pb_old_content":"","_et_gb_content_width":"","footnotes":"","_links_to":"","_links_to_target":""},"categories":[181],"tags":[],"class_list":["post-170716","post","type-post","status-publish","format-standard","has-post-thumbnail","hentry","category-statements-es","et-has-post-format-content","et_post_format-et-post-format-standard"],"yoast_head":"<!-- This site is optimized with the Yoast SEO plugin v28.3 - https:\/\/yoast.com\/product\/yoast-seo-wordpress\/ -->\n<title>8vo. Foro Global de la Alianza de Civilizaciones de las Naciones Unidas - Asamblea General de las Naciones Unidas<\/title>\n<meta name=\"robots\" content=\"index, follow, max-snippet:-1, max-image-preview:large, max-video-preview:-1\" \/>\n<link rel=\"canonical\" href=\"https:\/\/www.un.org\/pga\/73\/2018\/11\/19\/8th-global-forum-of-the-united-nations-alliance-of-civilizations\/\" \/>\n<meta property=\"og:locale\" content=\"es_ES\" \/>\n<meta property=\"og:type\" content=\"article\" \/>\n<meta property=\"og:title\" content=\"8vo. Foro Global de la Alianza de Civilizaciones de las Naciones Unidas - Asamblea General de las Naciones Unidas\" \/>\n<meta property=\"og:description\" content=\"INTERVENCI\u00d3N DE LA PRESIDENTA DEL 73\u00ba PERIODO DE SESIONES DE LA ASAMBLEA GENERAL, S.E. MARIA FERNANDA ESPINOSA\" \/>\n<meta property=\"og:url\" content=\"https:\/\/www.un.org\/pga\/73\/2018\/11\/19\/8th-global-forum-of-the-united-nations-alliance-of-civilizations\/\" \/>\n<meta property=\"og:site_name\" content=\"Asamblea General de las Naciones Unidas\" \/>\n<meta property=\"article:published_time\" content=\"2018-11-19T20:09:54+00:00\" \/>\n<meta property=\"article:modified_time\" content=\"2018-11-19T20:26:31+00:00\" \/>\n<meta property=\"og:image\" content=\"https:\/\/www.un.org\/pga\/wp-content\/uploads\/sites\/53\/2018\/11\/786865-Group-Photograph-19_11_2018-11.53.25.jpg\" \/>\n\t<meta property=\"og:image:width\" content=\"4821\" \/>\n\t<meta property=\"og:image:height\" content=\"2512\" \/>\n\t<meta property=\"og:image:type\" content=\"image\/jpeg\" \/>\n<meta name=\"author\" content=\"Denise Kling\" \/>\n<meta name=\"twitter:card\" content=\"summary_large_image\" \/>\n<meta name=\"twitter:label1\" content=\"Escrito por\" \/>\n\t<meta name=\"twitter:data1\" content=\"Denise Kling\" \/>\n\t<meta name=\"twitter:label2\" content=\"Tiempo de lectura\" \/>\n\t<meta name=\"twitter:data2\" content=\"6 minutos\" \/>\n<script type=\"application\/ld+json\" class=\"yoast-schema-graph\">{\"@context\":\"https:\\\/\\\/schema.org\",\"@graph\":[{\"@type\":\"Article\",\"@id\":\"https:\\\/\\\/www.un.org\\\/pga\\\/73\\\/2018\\\/11\\\/19\\\/8th-global-forum-of-the-united-nations-alliance-of-civilizations\\\/#article\",\"isPartOf\":{\"@id\":\"https:\\\/\\\/www.un.org\\\/pga\\\/73\\\/2018\\\/11\\\/19\\\/8th-global-forum-of-the-united-nations-alliance-of-civilizations\\\/\"},\"author\":{\"name\":\"Denise Kling\",\"@id\":\"https:\\\/\\\/www.un.org\\\/pga\\\/73\\\/#\\\/schema\\\/person\\\/af470bea9354ed1b453ade6d22b5c9ee\"},\"headline\":\"8vo. Foro Global de la Alianza de Civilizaciones de las Naciones Unidas\",\"datePublished\":\"2018-11-19T20:09:54+00:00\",\"dateModified\":\"2018-11-19T20:26:31+00:00\",\"mainEntityOfPage\":{\"@id\":\"https:\\\/\\\/www.un.org\\\/pga\\\/73\\\/2018\\\/11\\\/19\\\/8th-global-forum-of-the-united-nations-alliance-of-civilizations\\\/\"},\"wordCount\":1154,\"publisher\":{\"@id\":\"https:\\\/\\\/www.un.org\\\/pga\\\/73\\\/#organization\"},\"image\":{\"@id\":\"https:\\\/\\\/www.un.org\\\/pga\\\/73\\\/2018\\\/11\\\/19\\\/8th-global-forum-of-the-united-nations-alliance-of-civilizations\\\/#primaryimage\"},\"thumbnailUrl\":\"https:\\\/\\\/www.un.org\\\/pga\\\/wp-content\\\/uploads\\\/sites\\\/53\\\/2018\\\/11\\\/786865-Group-Photograph-19_11_2018-11.53.25.jpg\",\"articleSection\":[\"Declaraciones\"],\"inLanguage\":\"es\"},{\"@type\":\"WebPage\",\"@id\":\"https:\\\/\\\/www.un.org\\\/pga\\\/73\\\/2018\\\/11\\\/19\\\/8th-global-forum-of-the-united-nations-alliance-of-civilizations\\\/\",\"url\":\"https:\\\/\\\/www.un.org\\\/pga\\\/73\\\/2018\\\/11\\\/19\\\/8th-global-forum-of-the-united-nations-alliance-of-civilizations\\\/\",\"name\":\"8vo. Foro Global de la Alianza de Civilizaciones de las Naciones Unidas - Asamblea General de las Naciones Unidas\",\"isPartOf\":{\"@id\":\"https:\\\/\\\/www.un.org\\\/pga\\\/73\\\/#website\"},\"primaryImageOfPage\":{\"@id\":\"https:\\\/\\\/www.un.org\\\/pga\\\/73\\\/2018\\\/11\\\/19\\\/8th-global-forum-of-the-united-nations-alliance-of-civilizations\\\/#primaryimage\"},\"image\":{\"@id\":\"https:\\\/\\\/www.un.org\\\/pga\\\/73\\\/2018\\\/11\\\/19\\\/8th-global-forum-of-the-united-nations-alliance-of-civilizations\\\/#primaryimage\"},\"thumbnailUrl\":\"https:\\\/\\\/www.un.org\\\/pga\\\/wp-content\\\/uploads\\\/sites\\\/53\\\/2018\\\/11\\\/786865-Group-Photograph-19_11_2018-11.53.25.jpg\",\"datePublished\":\"2018-11-19T20:09:54+00:00\",\"dateModified\":\"2018-11-19T20:26:31+00:00\",\"breadcrumb\":{\"@id\":\"https:\\\/\\\/www.un.org\\\/pga\\\/73\\\/2018\\\/11\\\/19\\\/8th-global-forum-of-the-united-nations-alliance-of-civilizations\\\/#breadcrumb\"},\"inLanguage\":\"es\",\"potentialAction\":[{\"@type\":\"ReadAction\",\"target\":[\"https:\\\/\\\/www.un.org\\\/pga\\\/73\\\/2018\\\/11\\\/19\\\/8th-global-forum-of-the-united-nations-alliance-of-civilizations\\\/\"]}]},{\"@type\":\"ImageObject\",\"inLanguage\":\"es\",\"@id\":\"https:\\\/\\\/www.un.org\\\/pga\\\/73\\\/2018\\\/11\\\/19\\\/8th-global-forum-of-the-united-nations-alliance-of-civilizations\\\/#primaryimage\",\"url\":\"https:\\\/\\\/www.un.org\\\/pga\\\/wp-content\\\/uploads\\\/sites\\\/53\\\/2018\\\/11\\\/786865-Group-Photograph-19_11_2018-11.53.25.jpg\",\"contentUrl\":\"https:\\\/\\\/www.un.org\\\/pga\\\/wp-content\\\/uploads\\\/sites\\\/53\\\/2018\\\/11\\\/786865-Group-Photograph-19_11_2018-11.53.25.jpg\",\"width\":4821,\"height\":2512,\"caption\":\"Group photo with 8th Global Forum of the United Nations Alliance of Civilizations.\"},{\"@type\":\"BreadcrumbList\",\"@id\":\"https:\\\/\\\/www.un.org\\\/pga\\\/73\\\/2018\\\/11\\\/19\\\/8th-global-forum-of-the-united-nations-alliance-of-civilizations\\\/#breadcrumb\",\"itemListElement\":[{\"@type\":\"ListItem\",\"position\":1,\"name\":\"Home\",\"item\":\"https:\\\/\\\/www.un.org\\\/pga\\\/73\\\/es\\\/\"},{\"@type\":\"ListItem\",\"position\":2,\"name\":\"8vo. Foro Global de la Alianza de Civilizaciones de las Naciones Unidas\"}]},{\"@type\":\"WebSite\",\"@id\":\"https:\\\/\\\/www.un.org\\\/pga\\\/73\\\/#website\",\"url\":\"https:\\\/\\\/www.un.org\\\/pga\\\/73\\\/\",\"name\":\"General Assembly of the United Nations\",\"description\":\"Presidenta del 73\u00b0 per\u00edodo de sesiones\",\"publisher\":{\"@id\":\"https:\\\/\\\/www.un.org\\\/pga\\\/73\\\/#organization\"},\"potentialAction\":[{\"@type\":\"SearchAction\",\"target\":{\"@type\":\"EntryPoint\",\"urlTemplate\":\"https:\\\/\\\/www.un.org\\\/pga\\\/73\\\/?s={search_term_string}\"},\"query-input\":{\"@type\":\"PropertyValueSpecification\",\"valueRequired\":true,\"valueName\":\"search_term_string\"}}],\"inLanguage\":\"es\"},{\"@type\":\"Organization\",\"@id\":\"https:\\\/\\\/www.un.org\\\/pga\\\/73\\\/#organization\",\"name\":\"General Assembly of the United Nations\",\"url\":\"https:\\\/\\\/www.un.org\\\/pga\\\/73\\\/\",\"logo\":{\"@type\":\"ImageObject\",\"inLanguage\":\"es\",\"@id\":\"https:\\\/\\\/www.un.org\\\/pga\\\/73\\\/#\\\/schema\\\/logo\\\/image\\\/\",\"url\":\"https:\\\/\\\/www.un.org\\\/pga\\\/wp-content\\\/uploads\\\/sites\\\/53\\\/2018\\\/07\\\/18-00066a_Ä¢¹½ÊÓÆµGA73_Logos-no-type-04.png\",\"contentUrl\":\"https:\\\/\\\/www.un.org\\\/pga\\\/wp-content\\\/uploads\\\/sites\\\/53\\\/2018\\\/07\\\/18-00066a_Ä¢¹½ÊÓÆµGA73_Logos-no-type-04.png\",\"width\":529,\"height\":601,\"caption\":\"General Assembly of the United Nations\"},\"image\":{\"@id\":\"https:\\\/\\\/www.un.org\\\/pga\\\/73\\\/#\\\/schema\\\/logo\\\/image\\\/\"}},{\"@type\":\"Person\",\"@id\":\"https:\\\/\\\/www.un.org\\\/pga\\\/73\\\/#\\\/schema\\\/person\\\/af470bea9354ed1b453ade6d22b5c9ee\",\"name\":\"Denise Kling\",\"image\":{\"@type\":\"ImageObject\",\"inLanguage\":\"es\",\"@id\":\"https:\\\/\\\/secure.gravatar.com\\\/avatar\\\/b5fdae9d2ae28ca0f434202f2c9b6f29640a2b757fdbaa4592687900a399db3d?s=96&d=mm&r=g\",\"url\":\"https:\\\/\\\/secure.gravatar.com\\\/avatar\\\/b5fdae9d2ae28ca0f434202f2c9b6f29640a2b757fdbaa4592687900a399db3d?s=96&d=mm&r=g\",\"contentUrl\":\"https:\\\/\\\/secure.gravatar.com\\\/avatar\\\/b5fdae9d2ae28ca0f434202f2c9b6f29640a2b757fdbaa4592687900a399db3d?s=96&d=mm&r=g\",\"caption\":\"Denise Kling\"},\"url\":\"https:\\\/\\\/www.un.org\\\/pga\\\/73\\\/es\\\/author\\\/denise-klingun-org\\\/\"}]}<\/script>\n<!-- \/ Yoast SEO plugin. -->","yoast_head_json":{"title":"8vo. Foro Global de la Alianza de Civilizaciones de las Naciones Unidas - Asamblea General de las Naciones Unidas","robots":{"index":"index","follow":"follow","max-snippet":"max-snippet:-1","max-image-preview":"max-image-preview:large","max-video-preview":"max-video-preview:-1"},"canonical":"https:\/\/www.un.org\/pga\/73\/2018\/11\/19\/8th-global-forum-of-the-united-nations-alliance-of-civilizations\/","og_locale":"es_ES","og_type":"article","og_title":"8vo. Foro Global de la Alianza de Civilizaciones de las Naciones Unidas - Asamblea General de las Naciones Unidas","og_description":"INTERVENCI\u00d3N DE LA PRESIDENTA DEL 73\u00ba PERIODO DE SESIONES DE LA ASAMBLEA GENERAL, S.E. MARIA FERNANDA ESPINOSA","og_url":"https:\/\/www.un.org\/pga\/73\/2018\/11\/19\/8th-global-forum-of-the-united-nations-alliance-of-civilizations\/","og_site_name":"Asamblea General de las Naciones Unidas","article_published_time":"2018-11-19T20:09:54+00:00","article_modified_time":"2018-11-19T20:26:31+00:00","og_image":[{"width":4821,"height":2512,"url":"https:\/\/www.un.org\/pga\/wp-content\/uploads\/sites\/53\/2018\/11\/786865-Group-Photograph-19_11_2018-11.53.25.jpg","type":"image\/jpeg"}],"author":"Denise Kling","twitter_card":"summary_large_image","twitter_misc":{"Escrito por":"Denise Kling","Tiempo de lectura":"6 minutos"},"schema":{"@context":"https:\/\/schema.org","@graph":[{"@type":"Article","@id":"https:\/\/www.un.org\/pga\/73\/2018\/11\/19\/8th-global-forum-of-the-united-nations-alliance-of-civilizations\/#article","isPartOf":{"@id":"https:\/\/www.un.org\/pga\/73\/2018\/11\/19\/8th-global-forum-of-the-united-nations-alliance-of-civilizations\/"},"author":{"name":"Denise Kling","@id":"https:\/\/www.un.org\/pga\/73\/#\/schema\/person\/af470bea9354ed1b453ade6d22b5c9ee"},"headline":"8vo. Foro Global de la Alianza de Civilizaciones de las Naciones Unidas","datePublished":"2018-11-19T20:09:54+00:00","dateModified":"2018-11-19T20:26:31+00:00","mainEntityOfPage":{"@id":"https:\/\/www.un.org\/pga\/73\/2018\/11\/19\/8th-global-forum-of-the-united-nations-alliance-of-civilizations\/"},"wordCount":1154,"publisher":{"@id":"https:\/\/www.un.org\/pga\/73\/#organization"},"image":{"@id":"https:\/\/www.un.org\/pga\/73\/2018\/11\/19\/8th-global-forum-of-the-united-nations-alliance-of-civilizations\/#primaryimage"},"thumbnailUrl":"https:\/\/www.un.org\/pga\/wp-content\/uploads\/sites\/53\/2018\/11\/786865-Group-Photograph-19_11_2018-11.53.25.jpg","articleSection":["Declaraciones"],"inLanguage":"es"},{"@type":"WebPage","@id":"https:\/\/www.un.org\/pga\/73\/2018\/11\/19\/8th-global-forum-of-the-united-nations-alliance-of-civilizations\/","url":"https:\/\/www.un.org\/pga\/73\/2018\/11\/19\/8th-global-forum-of-the-united-nations-alliance-of-civilizations\/","name":"8vo. Foro Global de la Alianza de Civilizaciones de las Naciones Unidas - Asamblea General de las Naciones Unidas","isPartOf":{"@id":"https:\/\/www.un.org\/pga\/73\/#website"},"primaryImageOfPage":{"@id":"https:\/\/www.un.org\/pga\/73\/2018\/11\/19\/8th-global-forum-of-the-united-nations-alliance-of-civilizations\/#primaryimage"},"image":{"@id":"https:\/\/www.un.org\/pga\/73\/2018\/11\/19\/8th-global-forum-of-the-united-nations-alliance-of-civilizations\/#primaryimage"},"thumbnailUrl":"https:\/\/www.un.org\/pga\/wp-content\/uploads\/sites\/53\/2018\/11\/786865-Group-Photograph-19_11_2018-11.53.25.jpg","datePublished":"2018-11-19T20:09:54+00:00","dateModified":"2018-11-19T20:26:31+00:00","breadcrumb":{"@id":"https:\/\/www.un.org\/pga\/73\/2018\/11\/19\/8th-global-forum-of-the-united-nations-alliance-of-civilizations\/#breadcrumb"},"inLanguage":"es","potentialAction":[{"@type":"ReadAction","target":["https:\/\/www.un.org\/pga\/73\/2018\/11\/19\/8th-global-forum-of-the-united-nations-alliance-of-civilizations\/"]}]},{"@type":"ImageObject","inLanguage":"es","@id":"https:\/\/www.un.org\/pga\/73\/2018\/11\/19\/8th-global-forum-of-the-united-nations-alliance-of-civilizations\/#primaryimage","url":"https:\/\/www.un.org\/pga\/wp-content\/uploads\/sites\/53\/2018\/11\/786865-Group-Photograph-19_11_2018-11.53.25.jpg","contentUrl":"https:\/\/www.un.org\/pga\/wp-content\/uploads\/sites\/53\/2018\/11\/786865-Group-Photograph-19_11_2018-11.53.25.jpg","width":4821,"height":2512,"caption":"Group photo with 8th Global Forum of the United Nations Alliance of Civilizations."},{"@type":"BreadcrumbList","@id":"https:\/\/www.un.org\/pga\/73\/2018\/11\/19\/8th-global-forum-of-the-united-nations-alliance-of-civilizations\/#breadcrumb","itemListElement":[{"@type":"ListItem","position":1,"name":"Home","item":"https:\/\/www.un.org\/pga\/73\/es\/"},{"@type":"ListItem","position":2,"name":"8vo. Foro Global de la Alianza de Civilizaciones de las Naciones Unidas"}]},{"@type":"WebSite","@id":"https:\/\/www.un.org\/pga\/73\/#website","url":"https:\/\/www.un.org\/pga\/73\/","name":"General Assembly of the United Nations","description":"Presidenta del 73\u00b0 per\u00edodo de sesiones","publisher":{"@id":"https:\/\/www.un.org\/pga\/73\/#organization"},"potentialAction":[{"@type":"SearchAction","target":{"@type":"EntryPoint","urlTemplate":"https:\/\/www.un.org\/pga\/73\/?s={search_term_string}"},"query-input":{"@type":"PropertyValueSpecification","valueRequired":true,"valueName":"search_term_string"}}],"inLanguage":"es"},{"@type":"Organization","@id":"https:\/\/www.un.org\/pga\/73\/#organization","name":"General Assembly of the United Nations","url":"https:\/\/www.un.org\/pga\/73\/","logo":{"@type":"ImageObject","inLanguage":"es","@id":"https:\/\/www.un.org\/pga\/73\/#\/schema\/logo\/image\/","url":"https:\/\/www.un.org\/pga\/wp-content\/uploads\/sites\/53\/2018\/07\/18-00066a_Ä¢¹½ÊÓÆµGA73_Logos-no-type-04.png","contentUrl":"https:\/\/www.un.org\/pga\/wp-content\/uploads\/sites\/53\/2018\/07\/18-00066a_Ä¢¹½ÊÓÆµGA73_Logos-no-type-04.png","width":529,"height":601,"caption":"General Assembly of the United Nations"},"image":{"@id":"https:\/\/www.un.org\/pga\/73\/#\/schema\/logo\/image\/"}},{"@type":"Person","@id":"https:\/\/www.un.org\/pga\/73\/#\/schema\/person\/af470bea9354ed1b453ade6d22b5c9ee","name":"Denise Kling","image":{"@type":"ImageObject","inLanguage":"es","@id":"https:\/\/secure.gravatar.com\/avatar\/b5fdae9d2ae28ca0f434202f2c9b6f29640a2b757fdbaa4592687900a399db3d?s=96&d=mm&r=g","url":"https:\/\/secure.gravatar.com\/avatar\/b5fdae9d2ae28ca0f434202f2c9b6f29640a2b757fdbaa4592687900a399db3d?s=96&d=mm&r=g","contentUrl":"https:\/\/secure.gravatar.com\/avatar\/b5fdae9d2ae28ca0f434202f2c9b6f29640a2b757fdbaa4592687900a399db3d?s=96&d=mm&r=g","caption":"Denise Kling"},"url":"https:\/\/www.un.org\/pga\/73\/es\/author\/denise-klingun-org\/"}]}},"_links":{"self":[{"href":"https:\/\/www.un.org\/pga\/73\/es\/wp-json\/wp\/v2\/posts\/170716","targetHints":{"allow":["GET"]}}],"collection":[{"href":"https:\/\/www.un.org\/pga\/73\/es\/wp-json\/wp\/v2\/posts"}],"about":[{"href":"https:\/\/www.un.org\/pga\/73\/es\/wp-json\/wp\/v2\/types\/post"}],"author":[{"embeddable":true,"href":"https:\/\/www.un.org\/pga\/73\/es\/wp-json\/wp\/v2\/users\/266"}],"replies":[{"embeddable":true,"href":"https:\/\/www.un.org\/pga\/73\/es\/wp-json\/wp\/v2\/comments?post=170716"}],"version-history":[{"count":0,"href":"https:\/\/www.un.org\/pga\/73\/es\/wp-json\/wp\/v2\/posts\/170716\/revisions"}],"wp:featuredmedia":[{"embeddable":true,"href":"https:\/\/www.un.org\/pga\/73\/es\/wp-json\/wp\/v2\/media\/170620"}],"wp:attachment":[{"href":"https:\/\/www.un.org\/pga\/73\/es\/wp-json\/wp\/v2\/media?parent=170716"}],"wp:term":[{"taxonomy":"category","embeddable":true,"href":"https:\/\/www.un.org\/pga\/73\/es\/wp-json\/wp\/v2\/categories?post=170716"},{"taxonomy":"post_tag","embeddable":true,"href":"https:\/\/www.un.org\/pga\/73\/es\/wp-json\/wp\/v2\/tags?post=170716"}],"curies":[{"name":"wp","href":"https:\/\/api.w.org\/{rel}","templated":true}]}}