  {"id":171971,"date":"2018-11-28T12:02:04","date_gmt":"2018-11-28T17:02:04","guid":{"rendered":"https:\/\/www.un.org\/pga\/73\/2018\/11\/28\/high-level-opening-ceremony-of-global-south-south-development-expo-2018-28-30-november-2018\/"},"modified":"2018-11-28T12:23:26","modified_gmt":"2018-11-28T17:23:26","slug":"high-level-opening-ceremony-of-global-south-south-development-expo-2018-28-30-november-2018","status":"publish","type":"post","link":"https:\/\/www.un.org\/pga\/73\/es\/2018\/11\/28\/high-level-opening-ceremony-of-global-south-south-development-expo-2018-28-30-november-2018\/","title":{"rendered":"EXPO Global sobre la Cooperaci\u00f3n Sur-Sur"},"content":{"rendered":"<p>[et_pb_section bb_built=\u00bb1&#8243;][et_pb_row][et_pb_column type=\u00bb4_4&#8243;][et_pb_text _builder_version=\u00bb3.17.4&#8243; border_style=\u00bbsolid\u00bb background_position=\u00bbtop_left\u00bb background_repeat=\u00bbrepeat\u00bb background_size=\u00bbinitial\u00bb]<\/p>\n<p style=\"text-align: center\"><strong><em>&#8211; Como Pronunciado &#8211;<\/em><\/strong><\/p>\n<h3>INTERVENCI\u00d3N DE LA PRESIDENTA DEL 73\u00ba PERIODO DE SESIONES DE LA ASAMBLEA GENERAL, S.E. MAR\u00cdA FERNANDA ESPINOSA GARC\u00c9S<\/h3>\n<p><strong><span class=\"updated\">28 de noviembre 2018<\/span><\/strong><\/p>\n<div id=\"attachment_171944\" style=\"width: 310px\" class=\"wp-caption alignleft\"><img loading=\"lazy\" decoding=\"async\" aria-describedby=\"caption-attachment-171944\" class=\"wp-image-171944 size-medium\" src=\"https:\/\/www.un.org\/pga\/73\/wp-content\/uploads\/sites\/53\/2018\/11\/SSCVF-300x200.jpg\" alt=\"\" width=\"300\" height=\"200\" srcset=\"https:\/\/www.un.org\/pga\/wp-content\/uploads\/sites\/53\/2018\/11\/SSCVF-300x200.jpg 300w, https:\/\/www.un.org\/pga\/wp-content\/uploads\/sites\/53\/2018\/11\/SSCVF-150x100.jpg 150w, https:\/\/www.un.org\/pga\/wp-content\/uploads\/sites\/53\/2018\/11\/SSCVF-768x512.jpg 768w, https:\/\/www.un.org\/pga\/wp-content\/uploads\/sites\/53\/2018\/11\/SSCVF-1024x683.jpg 1024w, https:\/\/www.un.org\/pga\/wp-content\/uploads\/sites\/53\/2018\/11\/SSCVF-1080x720.jpg 1080w, https:\/\/www.un.org\/pga\/wp-content\/uploads\/sites\/53\/2018\/11\/SSCVF.jpg 2048w\" sizes=\"(max-width: 300px) 100vw, 300px\" \/><p id=\"caption-attachment-171944\" class=\"wp-caption-text\">EXPO Global sobre la Cooperaci\u00f3n Sur-Sur<\/p><\/div>\n<p>Secretario General,<\/p>\n<p>Ministros y Ministras,<\/p>\n<p>Excelencias,<\/p>\n<p>Es un honor participar en la inauguraci\u00f3n de esta Expo Global, para celebrar los resultados de la solidaridad y los lazos fraternales entre pa\u00edses que comparten realidades y desaf\u00edos similares.<\/p>\n<p>Esta ocasi\u00f3n es a\u00fan m\u00e1s significativa porque conmemoramos el d\u00e9cimo aniversario de la Exposici\u00f3n y nos encontramos, adem\u00e1s, a las puertas de la Segunda Conferencia de Alto Nivel de las Naciones Unidas sobre Cooperaci\u00f3n Sur-Sur, que tendr\u00e1 lugar en marzo pr\u00f3ximo, en Argentina.<\/p>\n<p>Estamos en un momento crucial para reflexionar sobre el camino recorrido en estos 40 a\u00f1os del Plan de Acci\u00f3n de Buenos Aires y para identificar los desaf\u00edos que todav\u00eda tenemos por delante.<\/p>\n<p>[\/et_pb_text][\/et_pb_column][\/et_pb_row][et_pb_row][et_pb_column type=\u00bb1_2&#8243;][et_pb_text _builder_version=\u00bb3.17.4&#8243;]<\/p>\n<p><em>Excelencias, amigos,<\/em><\/p>\n<p>En primer lugar, destaco el buen momento de las relaciones sur-sur marcadas por el notable desempe\u00f1o econ\u00f3mico de los pa\u00edses del sur, en los \u00faltimos a\u00f1os.<\/p>\n<p>Por ejemplo, las exportaciones sur-sur crecieron a una tasa promedio anual del 13 por ciento entre 1995 y 2016, superando ampliamente a las exportaciones mundiales, con el 8 por ciento.<\/p>\n<p>Mientras que el valor del comercio sur-sur aument\u00f3 casi siete veces, pasando de solo 0.6 billones de d\u00f3lares en 1995 a 4 billones de d\u00f3lares en 2016.<\/p>\n<p>[\/et_pb_text][\/et_pb_column][et_pb_column type=\u00bb1_2&#8243;][et_pb_code _builder_version=\u00bb3.17.4&#8243;]\n<!-- iframe plugin v.6.0 wordpress.org\/plugins\/iframe\/ -->\n<iframe loading=\"lazy\" width=\"100%\" height=\"250\" src=\"\/\/www.un.org\/webcast\/1362235914001\/B1J3DDQJf_default\/index.html?videoId=5972628574001\" scrolling=\"yes\" class=\"iframe-class\" frameborder=\"0\"><\/iframe>\n<!-- [et_pb_line_break_holder] --><!-- [et_pb_line_break_holder] -->[\/et_pb_code][\/et_pb_column][\/et_pb_row][et_pb_row][et_pb_column type=\u00bb4_4&#8243;][et_pb_text _builder_version=\u00bb3.17.4&#8243;]<\/p>\n<p>Las buenas relaciones en el sur tambi\u00e9n se reflejan en la cooperaci\u00f3n. Entre el 2015 y el 2017, la proporci\u00f3n de pa\u00edses del Sur Global que brindan cooperaci\u00f3n para el desarrollo aument\u00f3 de 63 a 74 por ciento.<\/p>\n<p>Este despertar de los pa\u00edses del sur global, al cual han contribuido de manera significativa las econom\u00edas emergentes, est\u00e1 modificando los patrones econ\u00f3mico-comerciales a escala global.<\/p>\n<p>Estos logros no habr\u00edan sido posibles sin los claros avances que se han dado a nivel interno en esos pa\u00edses, que responden a la implementaci\u00f3n de pol\u00edticas innovadoras en \u00e1reas cr\u00edticas para el desarrollo, como el combate a la pobreza, la salud y la educaci\u00f3n de calidad.<\/p>\n<p>Y aunque subsisten grandes desaf\u00edos, esta Expo Global nos permite destacar la creatividad de los pueblos del Sur para poner en marcha esas pol\u00edticas.<\/p>\n<p>Segundo, debemos ampliar y profundizar la cooperaci\u00f3n sur-sur enmarcada en los nuevos paradigmas de desarrollo.<\/p>\n<p>Desde la aprobaci\u00f3n del Plan de Acci\u00f3n de Buenos Aires el mundo ha experimentado transformaciones profundas, a pasos acelerados.<\/p>\n<p>Hoy, somos parte de un mundo multipolar e interdependiente. La cooperaci\u00f3n internacional debe tambi\u00e9n reflejar esa realidad y responder a la Agenda 2030 para el Desarrollo Sostenible, como bien lo se\u00f1alada el Secretario General.<\/p>\n<p>De esta manera, la pr\u00f3xima Conferencia en Buenos Aires ser\u00e1 clave para renovar los cimientos de la cooperaci\u00f3n internacional, reafirmando que la cooperaci\u00f3n sur-sur complementa a la cooperaci\u00f3n tradicional, sin sustituirla.<\/p>\n<p>Bajo esta premisa, los pa\u00edses del Sur, otros socios y el sistema de las Naciones Unidas debemos trabajar juntos para enriquecer las modalidades de intercambio de experiencias y buenas pr\u00e1cticas; ampliar las \u00e1reas de cooperaci\u00f3n; y, buscar soluciones creativas a las barreras y desaf\u00edos persistentes.<\/p>\n<p>As\u00ed podremos ampliar las puertas de una cooperaci\u00f3n m\u00e1s integral e inclusiva, que aporte sustancialmente al desarrollo social y sostenible.<\/p>\n<p>[\/et_pb_text][et_pb_testimonial _builder_version=\u00bb3.17.4&#8243; author=\u00bbMar\u00eda Fernanda Espinosa Garc\u00e9s\u00bb portrait_url=\u00bbhttps:\/\/www.un.org\/pga\/73\/wp-content\/uploads\/sites\/53\/2018\/09\/PGA-73084-e1537294481964.jpg\u00bb border_style=\u00bbsolid\u00bb job_title=\u00bbPresident of the Ä¢¹½ÊÓÆµ General Assembly\u00bb quote_icon_background_color=\u00bb#f5f5f5&#8243; background_position=\u00bbtop_left\u00bb background_repeat=\u00bbrepeat\u00bb background_size=\u00bbinitial\u00bb quote_icon_color=\u00bb#00aff8&#8243;]<\/p>\n<p><span style=\"color: #0000ff\">La integraci\u00f3n regional y el multilateralismo son la \u00fanica v\u00eda para superar los desaf\u00edos regionales y globales, como son la erradicaci\u00f3n de la pobreza y el hambre, el trabajo decente, el empoderamiento de las mujeres y las ni\u00f1as, la protecci\u00f3n del medio ambiente, la promoci\u00f3n de la salud y la educaci\u00f3n, entre muchas otras.<\/span><\/p>\n<p><span style=\"color: #0000ff\">Y, considerando que la cooperaci\u00f3n sur-sur es un modelo de Alianza Mundial para respaldar el cumplimiento de los Objetivos de Desarrollo Sostenible, el multilateralismo se ve doblemente fortalecido.<\/span><\/p>\n<p>[\/et_pb_testimonial][et_pb_text _builder_version=\u00bb3.17.4&#8243; border_style=\u00bbsolid\u00bb background_position=\u00bbtop_left\u00bb background_repeat=\u00bbrepeat\u00bb background_size=\u00bbinitial\u00bb]<\/p>\n<p>Y, tercero, la cooperaci\u00f3n sur-sur contribuye a fortalecer el multilateralismo y la integraci\u00f3n regional, al facilitar un espacio para el intercambio y la solidaridad que ayuda al acercamiento entre los pa\u00edses del sur y al fortalecimiento de sus relaciones.<\/p>\n<p>El car\u00e1cter horizontal de la cooperaci\u00f3n sur-sur alimenta la vocaci\u00f3n de cooperar entre ellos, confiando en sus capacidades, con la convicci\u00f3n de que los esfuerzos conjuntos facilitan soluciones m\u00e1s efectivas y sostenibles.<\/p>\n<p>Despu\u00e9s de todo, la integraci\u00f3n regional y el multilateralismo son la \u00fanica v\u00eda para superar los desaf\u00edos regionales y globales, como son la erradicaci\u00f3n de la pobreza y el hambre, el trabajo decente, el empoderamiento de las mujeres y las ni\u00f1as, la protecci\u00f3n del medio ambiente, la promoci\u00f3n de la salud y la educaci\u00f3n, entre muchas otras.<\/p>\n<p>Y, considerando que la cooperaci\u00f3n sur-sur es un modelo de Alianza Mundial para respaldar el cumplimiento de los Objetivos de Desarrollo Sostenible, el multilateralismo se ve doblemente fortalecido.<\/p>\n<p>Excelencias,<\/p>\n<p>Para concluir, perm\u00edtanme decirles que, como ciudadana del sur global, me siento sumamente orgullosa de lo que la cooperaci\u00f3n sur-sur representa.<\/p>\n<p>Una mirada alternativa sobre c\u00f3mo avanzar hacia el desarrollo; colaborando con el otro, sin m\u00e1s inter\u00e9s que el beneficio mutuo y la complementariedad; reconociendo que todos tenemos algo que aportar, y que, m\u00e1s all\u00e1 de los recursos, la decisi\u00f3n pol\u00edtica es esencial para hacer la diferencia.<\/p>\n<p>Por eso, no me caben dudas del inmenso potencial que ofrece la cooperaci\u00f3n Sur-Sur, la clave est\u00e1 en aprovecharlo.<\/p>\n<p>Conf\u00edo en que este evento servir\u00e1 para renovar el inter\u00e9s en esta modalidad de cooperaci\u00f3n; as\u00ed como para ampliar y profundizar los intercambios entre los pa\u00edses del Sur; y para alentar a los pa\u00edses desarrollados, y a otros actores, a contribuir con las experiencias exitosas del Sur Global.<\/p>\n<p>Queridos amigos y amigas, mis mejores augurios para estas pr\u00f3ximas jornadas, cuentan con mi pleno apoyo.<\/p>\n<p>Muchas gracias.<\/p>\n<p>[\/et_pb_text][\/et_pb_column][\/et_pb_row][\/et_pb_section]<\/p>\n","protected":false},"excerpt":{"rendered":"<p>INTERVENCI\u00d3N DE LA PRESIDENTA DEL 73\u00ba PERIODO DE SESIONES DE LA ASAMBLEA GENERAL, S.E. MAR\u00cdA FERNANDA ESPINOSA GARC\u00c9S<br \/>\nEXPO Global sobre la Cooperaci\u00f3n Sur-Sur<\/p>\n","protected":false},"author":266,"featured_media":171959,"comment_status":"closed","ping_status":"closed","sticky":false,"template":"","format":"standard","meta":{"_et_pb_use_builder":"on","_et_pb_old_content":"","_et_gb_content_width":"","footnotes":"","_links_to":"","_links_to_target":""},"categories":[181],"tags":[],"class_list":["post-171971","post","type-post","status-publish","format-standard","has-post-thumbnail","hentry","category-statements-es","et-has-post-format-content","et_post_format-et-post-format-standard"],"yoast_head":"<!-- This site is optimized with the Yoast SEO plugin v28.3 - https:\/\/yoast.com\/product\/yoast-seo-wordpress\/ -->\n<title>EXPO Global sobre la Cooperaci\u00f3n Sur-Sur - Asamblea General de las Naciones Unidas<\/title>\n<meta name=\"robots\" content=\"index, follow, max-snippet:-1, max-image-preview:large, max-video-preview:-1\" \/>\n<link rel=\"canonical\" href=\"https:\/\/www.un.org\/pga\/73\/2018\/11\/28\/high-level-opening-ceremony-of-global-south-south-development-expo-2018-28-30-november-2018\/\" \/>\n<meta property=\"og:locale\" content=\"es_ES\" \/>\n<meta property=\"og:type\" content=\"article\" \/>\n<meta property=\"og:title\" content=\"EXPO Global sobre la Cooperaci\u00f3n Sur-Sur - Asamblea General de las Naciones Unidas\" \/>\n<meta property=\"og:description\" content=\"INTERVENCI\u00d3N DE LA PRESIDENTA DEL 73\u00ba PERIODO DE SESIONES DE LA ASAMBLEA GENERAL, S.E. MAR\u00cdA FERNANDA ESPINOSA GARC\u00c9S EXPO Global sobre la Cooperaci\u00f3n Sur-Sur\" \/>\n<meta property=\"og:url\" content=\"https:\/\/www.un.org\/pga\/73\/2018\/11\/28\/high-level-opening-ceremony-of-global-south-south-development-expo-2018-28-30-november-2018\/\" \/>\n<meta property=\"og:site_name\" content=\"Asamblea General de las Naciones Unidas\" \/>\n<meta property=\"article:published_time\" content=\"2018-11-28T17:02:04+00:00\" \/>\n<meta property=\"article:modified_time\" content=\"2018-11-28T17:23:26+00:00\" \/>\n<meta property=\"og:image\" content=\"https:\/\/www.un.org\/pga\/wp-content\/uploads\/sites\/53\/2018\/11\/SSCVF.jpg\" \/>\n\t<meta property=\"og:image:width\" content=\"5940\" \/>\n\t<meta property=\"og:image:height\" content=\"3960\" \/>\n\t<meta property=\"og:image:type\" content=\"image\/jpeg\" \/>\n<meta name=\"author\" content=\"Denise Kling\" \/>\n<meta name=\"twitter:card\" content=\"summary_large_image\" \/>\n<meta name=\"twitter:label1\" content=\"Escrito por\" \/>\n\t<meta name=\"twitter:data1\" content=\"Denise Kling\" \/>\n\t<meta name=\"twitter:label2\" content=\"Tiempo de lectura\" \/>\n\t<meta name=\"twitter:data2\" content=\"6 minutos\" \/>\n<script type=\"application\/ld+json\" class=\"yoast-schema-graph\">{\"@context\":\"https:\\\/\\\/schema.org\",\"@graph\":[{\"@type\":\"Article\",\"@id\":\"https:\\\/\\\/www.un.org\\\/pga\\\/73\\\/2018\\\/11\\\/28\\\/high-level-opening-ceremony-of-global-south-south-development-expo-2018-28-30-november-2018\\\/#article\",\"isPartOf\":{\"@id\":\"https:\\\/\\\/www.un.org\\\/pga\\\/73\\\/2018\\\/11\\\/28\\\/high-level-opening-ceremony-of-global-south-south-development-expo-2018-28-30-november-2018\\\/\"},\"author\":{\"name\":\"Denise Kling\",\"@id\":\"https:\\\/\\\/www.un.org\\\/pga\\\/73\\\/#\\\/schema\\\/person\\\/af470bea9354ed1b453ade6d22b5c9ee\"},\"headline\":\"EXPO Global sobre la Cooperaci\u00f3n Sur-Sur\",\"datePublished\":\"2018-11-28T17:02:04+00:00\",\"dateModified\":\"2018-11-28T17:23:26+00:00\",\"mainEntityOfPage\":{\"@id\":\"https:\\\/\\\/www.un.org\\\/pga\\\/73\\\/2018\\\/11\\\/28\\\/high-level-opening-ceremony-of-global-south-south-development-expo-2018-28-30-november-2018\\\/\"},\"wordCount\":1210,\"publisher\":{\"@id\":\"https:\\\/\\\/www.un.org\\\/pga\\\/73\\\/#organization\"},\"image\":{\"@id\":\"https:\\\/\\\/www.un.org\\\/pga\\\/73\\\/2018\\\/11\\\/28\\\/high-level-opening-ceremony-of-global-south-south-development-expo-2018-28-30-november-2018\\\/#primaryimage\"},\"thumbnailUrl\":\"https:\\\/\\\/www.un.org\\\/pga\\\/wp-content\\\/uploads\\\/sites\\\/53\\\/2018\\\/11\\\/SSCVF.jpg\",\"articleSection\":[\"Declaraciones\"],\"inLanguage\":\"es\"},{\"@type\":\"WebPage\",\"@id\":\"https:\\\/\\\/www.un.org\\\/pga\\\/73\\\/2018\\\/11\\\/28\\\/high-level-opening-ceremony-of-global-south-south-development-expo-2018-28-30-november-2018\\\/\",\"url\":\"https:\\\/\\\/www.un.org\\\/pga\\\/73\\\/2018\\\/11\\\/28\\\/high-level-opening-ceremony-of-global-south-south-development-expo-2018-28-30-november-2018\\\/\",\"name\":\"EXPO Global sobre la Cooperaci\u00f3n Sur-Sur - Asamblea General de las Naciones Unidas\",\"isPartOf\":{\"@id\":\"https:\\\/\\\/www.un.org\\\/pga\\\/73\\\/#website\"},\"primaryImageOfPage\":{\"@id\":\"https:\\\/\\\/www.un.org\\\/pga\\\/73\\\/2018\\\/11\\\/28\\\/high-level-opening-ceremony-of-global-south-south-development-expo-2018-28-30-november-2018\\\/#primaryimage\"},\"image\":{\"@id\":\"https:\\\/\\\/www.un.org\\\/pga\\\/73\\\/2018\\\/11\\\/28\\\/high-level-opening-ceremony-of-global-south-south-development-expo-2018-28-30-november-2018\\\/#primaryimage\"},\"thumbnailUrl\":\"https:\\\/\\\/www.un.org\\\/pga\\\/wp-content\\\/uploads\\\/sites\\\/53\\\/2018\\\/11\\\/SSCVF.jpg\",\"datePublished\":\"2018-11-28T17:02:04+00:00\",\"dateModified\":\"2018-11-28T17:23:26+00:00\",\"breadcrumb\":{\"@id\":\"https:\\\/\\\/www.un.org\\\/pga\\\/73\\\/2018\\\/11\\\/28\\\/high-level-opening-ceremony-of-global-south-south-development-expo-2018-28-30-november-2018\\\/#breadcrumb\"},\"inLanguage\":\"es\",\"potentialAction\":[{\"@type\":\"ReadAction\",\"target\":[\"https:\\\/\\\/www.un.org\\\/pga\\\/73\\\/2018\\\/11\\\/28\\\/high-level-opening-ceremony-of-global-south-south-development-expo-2018-28-30-november-2018\\\/\"]}]},{\"@type\":\"ImageObject\",\"inLanguage\":\"es\",\"@id\":\"https:\\\/\\\/www.un.org\\\/pga\\\/73\\\/2018\\\/11\\\/28\\\/high-level-opening-ceremony-of-global-south-south-development-expo-2018-28-30-november-2018\\\/#primaryimage\",\"url\":\"https:\\\/\\\/www.un.org\\\/pga\\\/wp-content\\\/uploads\\\/sites\\\/53\\\/2018\\\/11\\\/SSCVF.jpg\",\"contentUrl\":\"https:\\\/\\\/www.un.org\\\/pga\\\/wp-content\\\/uploads\\\/sites\\\/53\\\/2018\\\/11\\\/SSCVF.jpg\",\"width\":5940,\"height\":3960,\"caption\":\"PGA addresses the audience. L-R - Mr. Jorge Chediek, Envoy of the Secretary-General on South-South Cooperation and Director of the United Nations Office for South-South Cooperation (Ä¢¹½ÊÓÆµOSSC) - Mar\u0092a Fernanda Espinosa Garc\u008es PGA - Ant\u0097nio Guterres SG - G77&amp; China - Mr. Achim Steiner, Administrator of the United Nations Development Programme (Ä¢¹½ÊÓÆµDP) Global South-South Development Expo 2018 in Preparation for the Second High-level United Nations Conference on South-South Cooperation High-level Opening Ceremony and Thematic Solution Forum 1-SSC in Poverty Eradication and Livelihood Recovery (A\\\/RES\\\/64\\\/222) Remarks by the Secretary-General (organised by the United Nations Office for South-South Cooperation)\"},{\"@type\":\"BreadcrumbList\",\"@id\":\"https:\\\/\\\/www.un.org\\\/pga\\\/73\\\/2018\\\/11\\\/28\\\/high-level-opening-ceremony-of-global-south-south-development-expo-2018-28-30-november-2018\\\/#breadcrumb\",\"itemListElement\":[{\"@type\":\"ListItem\",\"position\":1,\"name\":\"Home\",\"item\":\"https:\\\/\\\/www.un.org\\\/pga\\\/73\\\/es\\\/\"},{\"@type\":\"ListItem\",\"position\":2,\"name\":\"EXPO Global sobre la Cooperaci\u00f3n Sur-Sur\"}]},{\"@type\":\"WebSite\",\"@id\":\"https:\\\/\\\/www.un.org\\\/pga\\\/73\\\/#website\",\"url\":\"https:\\\/\\\/www.un.org\\\/pga\\\/73\\\/\",\"name\":\"General Assembly of the United Nations\",\"description\":\"Presidenta del 73\u00b0 per\u00edodo de sesiones\",\"publisher\":{\"@id\":\"https:\\\/\\\/www.un.org\\\/pga\\\/73\\\/#organization\"},\"potentialAction\":[{\"@type\":\"SearchAction\",\"target\":{\"@type\":\"EntryPoint\",\"urlTemplate\":\"https:\\\/\\\/www.un.org\\\/pga\\\/73\\\/?s={search_term_string}\"},\"query-input\":{\"@type\":\"PropertyValueSpecification\",\"valueRequired\":true,\"valueName\":\"search_term_string\"}}],\"inLanguage\":\"es\"},{\"@type\":\"Organization\",\"@id\":\"https:\\\/\\\/www.un.org\\\/pga\\\/73\\\/#organization\",\"name\":\"General Assembly of the United Nations\",\"url\":\"https:\\\/\\\/www.un.org\\\/pga\\\/73\\\/\",\"logo\":{\"@type\":\"ImageObject\",\"inLanguage\":\"es\",\"@id\":\"https:\\\/\\\/www.un.org\\\/pga\\\/73\\\/#\\\/schema\\\/logo\\\/image\\\/\",\"url\":\"https:\\\/\\\/www.un.org\\\/pga\\\/wp-content\\\/uploads\\\/sites\\\/53\\\/2018\\\/07\\\/18-00066a_Ä¢¹½ÊÓÆµGA73_Logos-no-type-04.png\",\"contentUrl\":\"https:\\\/\\\/www.un.org\\\/pga\\\/wp-content\\\/uploads\\\/sites\\\/53\\\/2018\\\/07\\\/18-00066a_Ä¢¹½ÊÓÆµGA73_Logos-no-type-04.png\",\"width\":529,\"height\":601,\"caption\":\"General Assembly of the United Nations\"},\"image\":{\"@id\":\"https:\\\/\\\/www.un.org\\\/pga\\\/73\\\/#\\\/schema\\\/logo\\\/image\\\/\"}},{\"@type\":\"Person\",\"@id\":\"https:\\\/\\\/www.un.org\\\/pga\\\/73\\\/#\\\/schema\\\/person\\\/af470bea9354ed1b453ade6d22b5c9ee\",\"name\":\"Denise Kling\",\"image\":{\"@type\":\"ImageObject\",\"inLanguage\":\"es\",\"@id\":\"https:\\\/\\\/secure.gravatar.com\\\/avatar\\\/b5fdae9d2ae28ca0f434202f2c9b6f29640a2b757fdbaa4592687900a399db3d?s=96&d=mm&r=g\",\"url\":\"https:\\\/\\\/secure.gravatar.com\\\/avatar\\\/b5fdae9d2ae28ca0f434202f2c9b6f29640a2b757fdbaa4592687900a399db3d?s=96&d=mm&r=g\",\"contentUrl\":\"https:\\\/\\\/secure.gravatar.com\\\/avatar\\\/b5fdae9d2ae28ca0f434202f2c9b6f29640a2b757fdbaa4592687900a399db3d?s=96&d=mm&r=g\",\"caption\":\"Denise Kling\"},\"url\":\"https:\\\/\\\/www.un.org\\\/pga\\\/73\\\/es\\\/author\\\/denise-klingun-org\\\/\"}]}<\/script>\n<!-- \/ Yoast SEO plugin. -->","yoast_head_json":{"title":"EXPO Global sobre la Cooperaci\u00f3n Sur-Sur - Asamblea General de las Naciones Unidas","robots":{"index":"index","follow":"follow","max-snippet":"max-snippet:-1","max-image-preview":"max-image-preview:large","max-video-preview":"max-video-preview:-1"},"canonical":"https:\/\/www.un.org\/pga\/73\/2018\/11\/28\/high-level-opening-ceremony-of-global-south-south-development-expo-2018-28-30-november-2018\/","og_locale":"es_ES","og_type":"article","og_title":"EXPO Global sobre la Cooperaci\u00f3n Sur-Sur - Asamblea General de las Naciones Unidas","og_description":"INTERVENCI\u00d3N DE LA PRESIDENTA DEL 73\u00ba PERIODO DE SESIONES DE LA ASAMBLEA GENERAL, S.E. MAR\u00cdA FERNANDA ESPINOSA GARC\u00c9S EXPO Global sobre la Cooperaci\u00f3n Sur-Sur","og_url":"https:\/\/www.un.org\/pga\/73\/2018\/11\/28\/high-level-opening-ceremony-of-global-south-south-development-expo-2018-28-30-november-2018\/","og_site_name":"Asamblea General de las Naciones Unidas","article_published_time":"2018-11-28T17:02:04+00:00","article_modified_time":"2018-11-28T17:23:26+00:00","og_image":[{"width":5940,"height":3960,"url":"https:\/\/www.un.org\/pga\/wp-content\/uploads\/sites\/53\/2018\/11\/SSCVF.jpg","type":"image\/jpeg"}],"author":"Denise Kling","twitter_card":"summary_large_image","twitter_misc":{"Escrito por":"Denise Kling","Tiempo de lectura":"6 minutos"},"schema":{"@context":"https:\/\/schema.org","@graph":[{"@type":"Article","@id":"https:\/\/www.un.org\/pga\/73\/2018\/11\/28\/high-level-opening-ceremony-of-global-south-south-development-expo-2018-28-30-november-2018\/#article","isPartOf":{"@id":"https:\/\/www.un.org\/pga\/73\/2018\/11\/28\/high-level-opening-ceremony-of-global-south-south-development-expo-2018-28-30-november-2018\/"},"author":{"name":"Denise Kling","@id":"https:\/\/www.un.org\/pga\/73\/#\/schema\/person\/af470bea9354ed1b453ade6d22b5c9ee"},"headline":"EXPO Global sobre la Cooperaci\u00f3n Sur-Sur","datePublished":"2018-11-28T17:02:04+00:00","dateModified":"2018-11-28T17:23:26+00:00","mainEntityOfPage":{"@id":"https:\/\/www.un.org\/pga\/73\/2018\/11\/28\/high-level-opening-ceremony-of-global-south-south-development-expo-2018-28-30-november-2018\/"},"wordCount":1210,"publisher":{"@id":"https:\/\/www.un.org\/pga\/73\/#organization"},"image":{"@id":"https:\/\/www.un.org\/pga\/73\/2018\/11\/28\/high-level-opening-ceremony-of-global-south-south-development-expo-2018-28-30-november-2018\/#primaryimage"},"thumbnailUrl":"https:\/\/www.un.org\/pga\/wp-content\/uploads\/sites\/53\/2018\/11\/SSCVF.jpg","articleSection":["Declaraciones"],"inLanguage":"es"},{"@type":"WebPage","@id":"https:\/\/www.un.org\/pga\/73\/2018\/11\/28\/high-level-opening-ceremony-of-global-south-south-development-expo-2018-28-30-november-2018\/","url":"https:\/\/www.un.org\/pga\/73\/2018\/11\/28\/high-level-opening-ceremony-of-global-south-south-development-expo-2018-28-30-november-2018\/","name":"EXPO Global sobre la Cooperaci\u00f3n Sur-Sur - Asamblea General de las Naciones Unidas","isPartOf":{"@id":"https:\/\/www.un.org\/pga\/73\/#website"},"primaryImageOfPage":{"@id":"https:\/\/www.un.org\/pga\/73\/2018\/11\/28\/high-level-opening-ceremony-of-global-south-south-development-expo-2018-28-30-november-2018\/#primaryimage"},"image":{"@id":"https:\/\/www.un.org\/pga\/73\/2018\/11\/28\/high-level-opening-ceremony-of-global-south-south-development-expo-2018-28-30-november-2018\/#primaryimage"},"thumbnailUrl":"https:\/\/www.un.org\/pga\/wp-content\/uploads\/sites\/53\/2018\/11\/SSCVF.jpg","datePublished":"2018-11-28T17:02:04+00:00","dateModified":"2018-11-28T17:23:26+00:00","breadcrumb":{"@id":"https:\/\/www.un.org\/pga\/73\/2018\/11\/28\/high-level-opening-ceremony-of-global-south-south-development-expo-2018-28-30-november-2018\/#breadcrumb"},"inLanguage":"es","potentialAction":[{"@type":"ReadAction","target":["https:\/\/www.un.org\/pga\/73\/2018\/11\/28\/high-level-opening-ceremony-of-global-south-south-development-expo-2018-28-30-november-2018\/"]}]},{"@type":"ImageObject","inLanguage":"es","@id":"https:\/\/www.un.org\/pga\/73\/2018\/11\/28\/high-level-opening-ceremony-of-global-south-south-development-expo-2018-28-30-november-2018\/#primaryimage","url":"https:\/\/www.un.org\/pga\/wp-content\/uploads\/sites\/53\/2018\/11\/SSCVF.jpg","contentUrl":"https:\/\/www.un.org\/pga\/wp-content\/uploads\/sites\/53\/2018\/11\/SSCVF.jpg","width":5940,"height":3960,"caption":"PGA addresses the audience. L-R - Mr. Jorge Chediek, Envoy of the Secretary-General on South-South Cooperation and Director of the United Nations Office for South-South Cooperation (Ä¢¹½ÊÓÆµOSSC) - Mar\u0092a Fernanda Espinosa Garc\u008es PGA - Ant\u0097nio Guterres SG - G77&amp; China - Mr. Achim Steiner, Administrator of the United Nations Development Programme (Ä¢¹½ÊÓÆµDP) Global South-South Development Expo 2018 in Preparation for the Second High-level United Nations Conference on South-South Cooperation High-level Opening Ceremony and Thematic Solution Forum 1-SSC in Poverty Eradication and Livelihood Recovery (A\/RES\/64\/222) Remarks by the Secretary-General (organised by the United Nations Office for South-South Cooperation)"},{"@type":"BreadcrumbList","@id":"https:\/\/www.un.org\/pga\/73\/2018\/11\/28\/high-level-opening-ceremony-of-global-south-south-development-expo-2018-28-30-november-2018\/#breadcrumb","itemListElement":[{"@type":"ListItem","position":1,"name":"Home","item":"https:\/\/www.un.org\/pga\/73\/es\/"},{"@type":"ListItem","position":2,"name":"EXPO Global sobre la Cooperaci\u00f3n Sur-Sur"}]},{"@type":"WebSite","@id":"https:\/\/www.un.org\/pga\/73\/#website","url":"https:\/\/www.un.org\/pga\/73\/","name":"General Assembly of the United Nations","description":"Presidenta del 73\u00b0 per\u00edodo de sesiones","publisher":{"@id":"https:\/\/www.un.org\/pga\/73\/#organization"},"potentialAction":[{"@type":"SearchAction","target":{"@type":"EntryPoint","urlTemplate":"https:\/\/www.un.org\/pga\/73\/?s={search_term_string}"},"query-input":{"@type":"PropertyValueSpecification","valueRequired":true,"valueName":"search_term_string"}}],"inLanguage":"es"},{"@type":"Organization","@id":"https:\/\/www.un.org\/pga\/73\/#organization","name":"General Assembly of the United Nations","url":"https:\/\/www.un.org\/pga\/73\/","logo":{"@type":"ImageObject","inLanguage":"es","@id":"https:\/\/www.un.org\/pga\/73\/#\/schema\/logo\/image\/","url":"https:\/\/www.un.org\/pga\/wp-content\/uploads\/sites\/53\/2018\/07\/18-00066a_Ä¢¹½ÊÓÆµGA73_Logos-no-type-04.png","contentUrl":"https:\/\/www.un.org\/pga\/wp-content\/uploads\/sites\/53\/2018\/07\/18-00066a_Ä¢¹½ÊÓÆµGA73_Logos-no-type-04.png","width":529,"height":601,"caption":"General Assembly of the United Nations"},"image":{"@id":"https:\/\/www.un.org\/pga\/73\/#\/schema\/logo\/image\/"}},{"@type":"Person","@id":"https:\/\/www.un.org\/pga\/73\/#\/schema\/person\/af470bea9354ed1b453ade6d22b5c9ee","name":"Denise Kling","image":{"@type":"ImageObject","inLanguage":"es","@id":"https:\/\/secure.gravatar.com\/avatar\/b5fdae9d2ae28ca0f434202f2c9b6f29640a2b757fdbaa4592687900a399db3d?s=96&d=mm&r=g","url":"https:\/\/secure.gravatar.com\/avatar\/b5fdae9d2ae28ca0f434202f2c9b6f29640a2b757fdbaa4592687900a399db3d?s=96&d=mm&r=g","contentUrl":"https:\/\/secure.gravatar.com\/avatar\/b5fdae9d2ae28ca0f434202f2c9b6f29640a2b757fdbaa4592687900a399db3d?s=96&d=mm&r=g","caption":"Denise Kling"},"url":"https:\/\/www.un.org\/pga\/73\/es\/author\/denise-klingun-org\/"}]}},"_links":{"self":[{"href":"https:\/\/www.un.org\/pga\/73\/es\/wp-json\/wp\/v2\/posts\/171971","targetHints":{"allow":["GET"]}}],"collection":[{"href":"https:\/\/www.un.org\/pga\/73\/es\/wp-json\/wp\/v2\/posts"}],"about":[{"href":"https:\/\/www.un.org\/pga\/73\/es\/wp-json\/wp\/v2\/types\/post"}],"author":[{"embeddable":true,"href":"https:\/\/www.un.org\/pga\/73\/es\/wp-json\/wp\/v2\/users\/266"}],"replies":[{"embeddable":true,"href":"https:\/\/www.un.org\/pga\/73\/es\/wp-json\/wp\/v2\/comments?post=171971"}],"version-history":[{"count":0,"href":"https:\/\/www.un.org\/pga\/73\/es\/wp-json\/wp\/v2\/posts\/171971\/revisions"}],"wp:featuredmedia":[{"embeddable":true,"href":"https:\/\/www.un.org\/pga\/73\/es\/wp-json\/wp\/v2\/media\/171959"}],"wp:attachment":[{"href":"https:\/\/www.un.org\/pga\/73\/es\/wp-json\/wp\/v2\/media?parent=171971"}],"wp:term":[{"taxonomy":"category","embeddable":true,"href":"https:\/\/www.un.org\/pga\/73\/es\/wp-json\/wp\/v2\/categories?post=171971"},{"taxonomy":"post_tag","embeddable":true,"href":"https:\/\/www.un.org\/pga\/73\/es\/wp-json\/wp\/v2\/tags?post=171971"}],"curies":[{"name":"wp","href":"https:\/\/api.w.org\/{rel}","templated":true}]}}