  {"id":173996,"date":"2018-12-18T12:27:50","date_gmt":"2018-12-18T17:27:50","guid":{"rendered":"https:\/\/www.un.org\/pga\/73\/?p=173996"},"modified":"2018-12-19T12:45:20","modified_gmt":"2018-12-19T17:45:20","slug":"70th-anniversary-of-the-universal-declaration-of-human-rights","status":"publish","type":"post","link":"https:\/\/www.un.org\/pga\/73\/es\/2018\/12\/18\/70th-anniversary-of-the-universal-declaration-of-human-rights\/","title":{"rendered":"70 aniversario de la Declaraci\u00f3n Universal de los Derechos Humanos"},"content":{"rendered":"<p>[et_pb_section bb_built=\u00bb1&#8243;][et_pb_row][et_pb_column type=\u00bb4_4&#8243;][et_pb_text _builder_version=\u00bb3.17.4&#8243; border_style=\u00bbsolid\u00bb background_position=\u00bbtop_left\u00bb background_repeat=\u00bbrepeat\u00bb background_size=\u00bbinitial\u00bb]<\/p>\n<p style=\"text-align: center\"><strong><em>&#8211; Como Pronunciado-<\/em><\/strong><\/p>\n<h3>INTERVENCI\u00d3N DE LA PRESIDENTA DEL 73\u00ba PERIODO DE SESIONES DE LA ASAMBLEA GENERAL, S.E. MARIA FERNANDA ESPINOSA<\/h3>\n<p><strong>18 de diciembre de 2018<\/strong><\/p>\n<p><img loading=\"lazy\" decoding=\"async\" class=\"alignleft wp-image-173972 size-medium\" src=\"https:\/\/www.un.org\/pga\/73\/wp-content\/uploads\/sites\/53\/2018\/12\/Commemoration-VF.JPG-300x214.png\" alt=\"\" width=\"300\" height=\"214\" srcset=\"https:\/\/www.un.org\/pga\/wp-content\/uploads\/sites\/53\/2018\/12\/Commemoration-VF.JPG-300x214.png 300w, https:\/\/www.un.org\/pga\/wp-content\/uploads\/sites\/53\/2018\/12\/Commemoration-VF.JPG-150x107.png 150w, https:\/\/www.un.org\/pga\/wp-content\/uploads\/sites\/53\/2018\/12\/Commemoration-VF.JPG-400x284.png 400w, https:\/\/www.un.org\/pga\/wp-content\/uploads\/sites\/53\/2018\/12\/Commemoration-VF.JPG.png 672w\" sizes=\"(max-width: 300px) 100vw, 300px\" \/><\/p>\n<p>Se\u00f1or Ant\u00f3nio Guterres, Secretario General<\/p>\n<p>Se\u00f1ora Michelle Bachelet, Alta Comisionada de las Naciones Unidas para los Derechos Humanos,<\/p>\n<p>Excelencias,<\/p>\n<p>En primer lugar, quiero agradecer a la delegaci\u00f3n de Cuba, que en representaci\u00f3n del Movimiento de los Pa\u00edses No Alineados, facilit\u00f3 la Resoluci\u00f3n que ha convocado a esta reuni\u00f3n.<\/p>\n<p>En esta sesi\u00f3n conmemoramos los setenta a\u00f1os de una de las m\u00e1s importantes contribuciones de la Asamblea General a la humanidad: la Declaraci\u00f3n Universal de los Derechos Humanos, que es una joya del multilateralismo y prueba irrefutable del impacto de nuestro trabajo en los pueblos y en la vida de cada una de las personas en todo el mundo.<\/p>\n<p>Este hist\u00f3rico documento ha sido el legado de una generaci\u00f3n que, luego de haber padecido las tragedias de dos guerras mundiales, comprendi\u00f3 que, y cito, \u201cla libertad, la justicia y la paz en el mundo tienen como base el reconocimiento de la dignidad intr\u00ednseca y de los derechos iguales e inalienables\u201d de todas las personas.<\/p>\n<p>&nbsp;<\/p>\n<p>[\/et_pb_text][\/et_pb_column][\/et_pb_row][et_pb_row][et_pb_column type=\u00bb1_2&#8243;][et_pb_text _builder_version=\u00bb3.17.4&#8243;]<\/p>\n<p>Destaco el rol de Eleanor Roosevelt, Hansa Mehta, Minerva Bernardino, y tantas otras mujeres visionarias en la construcci\u00f3n de una Declaraci\u00f3n m\u00e1s inclusiva e igualitaria. Esa Declaraci\u00f3n ha sido inspiradora para la lucha de las miles de millones de mujeres en el mundo, las mujeres ind\u00edgenas, las mujeres afrodescendientes, las mujeres con discapacidad, las mujeres diversas.<\/p>\n<p>Hoy, evocamos un logro extraordinario que, a pesar del tiempo transcurrido, sigue siendo la base m\u00e1s s\u00f3lida para promover y defender los derechos humanos, y rendimos tributo a las personas que contribuyeron tan significativamente a que la dignidad humana sea la base de nuestra convivencia en todo el mundo.<\/p>\n<p>[\/et_pb_text][\/et_pb_column][et_pb_column type=\u00bb1_2&#8243;][et_pb_code _builder_version=\u00bb3.17.4&#8243;]\n<!-- iframe plugin v.6.0 wordpress.org\/plugins\/iframe\/ -->\n<iframe loading=\"lazy\" width=\"100%\" height=\"250\" src=\"\/\/www.un.org\/webcast\/1362235914001\/B1J3DDQJf_default\/index.html?videoId=5981034072001\" scrolling=\"yes\" class=\"iframe-class\" frameborder=\"0\"><\/iframe>\n<!-- [et_pb_line_break_holder] --><!-- [et_pb_line_break_holder] -->[\/et_pb_code][\/et_pb_column][\/et_pb_row][et_pb_row][et_pb_column type=\u00bb4_4&#8243;][et_pb_text _builder_version=\u00bb3.17.4&#8243;]<\/p>\n<p>Esta es tambi\u00e9n una oportunidad para celebrar los veinticinco a\u00f1os de la Declaraci\u00f3n y del Programa de Acci\u00f3n de Viena, que dej\u00f3 claramente establecido el car\u00e1cter universal, indivisible, interdependiente e interrelacionado de los derechos humanos, y que, adem\u00e1s, cre\u00f3 la oficina del Alto Comisionado de las Naciones Unidas para los Derechos Humanos, hoy encabezada por una extraordinaria mujer latinoamericana, Michelle Bachelet.<\/p>\n<p>Excelencias,<\/p>\n<p>Perm\u00edtanme realizar tres observaciones.<\/p>\n<p>Primero, la Declaraci\u00f3n Universal no solo refleja la aspiraci\u00f3n colectiva de establecer un orden internacional fundado en la dignidad humana, sino que ha transformado efectivamente el mundo: lo ha hecho mucho mejor.<\/p>\n<p>Sus treinta art\u00edculos, contienen ideales y compromisos universales -como el derecho a la vida, la libertad, la justicia, el derecho a la educaci\u00f3n, la salud, la vivienda, la alimentaci\u00f3n y el trabajo \u2013 que han sido fuente de inspiraci\u00f3n para casi todos los instrumentos internacionales, y han permitido el desarrollo de los nueve principales tratados de derechos humanos y sus protocolos facultativos.<\/p>\n<p>La Declaraci\u00f3n ha marcado, igualmente, la historia de nuestros pa\u00edses. Sus preceptos han sido incorporados progresivamente en los sistemas jur\u00eddicos nacionales, asegurando as\u00ed mecanismos de aplicaci\u00f3n. Y, hoy, el respeto de los derechos humanos es una condici\u00f3n indispensable para todo sistema de gobierno y para el cumplimiento de la Agenda 2030 de desarrollo sostenible.<\/p>\n<p>O incluso, m\u00e1s bien podemos decir que los Objetivos de Desarrollo Sostenible son objetivos para la garant\u00eda plena de los derechos humanos.<\/p>\n<p>Esto me lleva a mi segunda observaci\u00f3n.<\/p>\n<p>Debemos evitar retrocesos en los acuerdos que ya hemos establecido, y debemos evitar la politizaci\u00f3n de los derechos humanos.<\/p>\n<p>En tiempo de crisis, de inestabilidad, en el que el sistema internacional que con tanto esfuerzo hemos construido enfrenta m\u00faltiples desaf\u00edos, estamos llamados -m\u00e1s que nunca- a cumplir con los principios de la Declaraci\u00f3n Universal.<\/p>\n<p>Si no la hacemos realidad, si permitimos la restricci\u00f3n o el menoscabo de los derechos humanos, la humanidad podr\u00eda volver a encontrarse ante el miedo, la divisi\u00f3n, e inevitablemente, los conflictos. Los mismos fantasmas que hace setenta a\u00f1os quisimos desterrar.<\/p>\n<p>[\/et_pb_text][et_pb_testimonial _builder_version=\u00bb3.17.4&#8243; author=\u00bbMar\u00eda Fernanda Espinosa Garc\u00e9s\u00bb portrait_url=\u00bbhttps:\/\/www.un.org\/pga\/73\/wp-content\/uploads\/sites\/53\/2018\/09\/PGA-73084-e1537294481964.jpg\u00bb border_style=\u00bbsolid\u00bb job_title=\u00bbPRESIDENTA DEL 73\u00ba PERIODO DE SESIONES DE LA ASAMBLEA GENERAL\u00bb quote_icon_background_color=\u00bb#f5f5f5&#8243; background_position=\u00bbtop_left\u00bb background_repeat=\u00bbrepeat\u00bb background_size=\u00bbinitial\u00bb quote_icon_color=\u00bb#00aff8&#8243;]<\/p>\n<p><span style=\"color: #0000ff\">Renovemos nuestro compromiso con la Declaraci\u00f3n Universal. Es el mejor homenaje que podemos rendirle. Demostremos que el ideal de mayor justicia, equidad y libertad no es una utop\u00eda; que los seres humanos somos capaces de convivir pac\u00edficamente; y, que la Declaraci\u00f3n sigue tan vigente hoy como cuando fue proclamada en 1948<\/span><\/p>\n<p>[\/et_pb_testimonial][et_pb_text _builder_version=\u00bb3.17.4&#8243; border_style=\u00bbsolid\u00bb background_position=\u00bbtop_left\u00bb background_repeat=\u00bbrepeat\u00bb background_size=\u00bbinitial\u00bb]<\/p>\n<p>Excelencias,<\/p>\n<p>Los derechos humanos son para todas las personas. Las interpretaciones selectivas y las que relativizan su vigencia, de acuerdo con intereses geopol\u00edticos o econ\u00f3micos, sientan las bases para debilitarlos y la percepci\u00f3n de que no todas las violaciones o abusos importan o que la lucha por la justicia y la libertad no es igual para todos los pueblos.<\/p>\n<p>Y, mi tercera y \u00faltima observaci\u00f3n es que la lucha por los derechos humanos es permanente, debe ser parte de nuestros esfuerzos diarios. Decid\u00ed distribuirles una edici\u00f3n especial de la Declaraci\u00f3n Universal para que nos acompa\u00f1e siempre en nuestras deliberaciones.<\/p>\n<p>Nos queda mucho por hacer.<\/p>\n<p>A\u00fan millones de seres humanos no son ni libres ni iguales y no han sido liberados del temor y de la miseria: la pobreza, el hambre y la desigualdad contin\u00faan afectando a todos los pa\u00edses y regiones; la tortura y la esclavitud moderna no han podido ser erradicadas; el racismo, la discriminaci\u00f3n y la exclusi\u00f3n a\u00fan forman parte de nuestra realidad; y los derechos de las mujeres y ni\u00f1as se siguen vulnerando de manera sistem\u00e1tica.<\/p>\n<p>La Declaraci\u00f3n Universal debe seguir guiando nuestros esfuerzos por construir un mundo m\u00e1s pacifico, m\u00e1s igualitario, m\u00e1s humano.<\/p>\n<p>Afortunadamente, el \u201cPacto Mundial para una Migraci\u00f3n Segura, Ordenada y Regular\u201d que endosar\u00e1 la Asamblea General, el d\u00eda de ma\u00f1ana, muestra que la mayor\u00eda de los Estados Miembros mantienen ese compromiso. Y qu\u00e9 mejor d\u00eda que hoy, 18 de diciembre, D\u00eda Internacional del Migrante, para reafirmar que, independientemente de su estatus migratorio, las personas migrantes no pueden ser despojadas de los derechos fundamentales que la Declaraci\u00f3n Universal les concede.<\/p>\n<p>Excelencias,<\/p>\n<p>La comunidad internacional no puede olvidar el camino que recorri\u00f3 para alcanzar la Declaraci\u00f3n Universal.<\/p>\n<p>Uno de los enunciados de su pre\u00e1mbulo, nos llama a tener presente que \u201cel desconocimiento y el menosprecio de los derechos humanos estuvieron en el origen de actos de barbarie ultrajantes para la conciencia de la humanidad\u201d.<\/p>\n<p>El multilateralismo necesita m\u00e1s que nunca volver a sus ra\u00edces, alimentarse de las aspiraciones y los ideales de esos hombres y mujeres que, superando sus diferencias, trabajaron para legar a las generaciones futuras: esperanza. Esperanza de alcanzar un mundo en el que las guerras se puedan evitar y, en el que el valor de la vida se respete por encima de cualquier otra consideraci\u00f3n material o geopol\u00edtica.<\/p>\n<p>Renovemos nuestro compromiso con la Declaraci\u00f3n Universal. Es el mejor homenaje que podemos rendirle. Demostremos que el ideal de mayor justicia, equidad y libertad no es una utop\u00eda; que los seres humanos somos capaces de convivir pac\u00edficamente; y, que la Declaraci\u00f3n sigue tan vigente hoy como cuando fue proclamada en 1948.<\/p>\n<p>Muchas gracias.<\/p>\n<p>[\/et_pb_text][\/et_pb_column][\/et_pb_row][\/et_pb_section]<\/p>\n","protected":false},"excerpt":{"rendered":"<p>INTERVENCI\u00d3N DE LA PRESIDENTA DEL 73\u00ba PERIODO DE SESIONES DE LA ASAMBLEA GENERAL, S.E. MARIA FERNANDA ESPINOSA<\/p>\n","protected":false},"author":266,"featured_media":173987,"comment_status":"closed","ping_status":"closed","sticky":false,"template":"","format":"standard","meta":{"_et_pb_use_builder":"on","_et_pb_old_content":"","_et_gb_content_width":"","footnotes":"","_links_to":"","_links_to_target":""},"categories":[181],"tags":[],"class_list":["post-173996","post","type-post","status-publish","format-standard","has-post-thumbnail","hentry","category-statements-es","et-has-post-format-content","et_post_format-et-post-format-standard"],"yoast_head":"<!-- This site is optimized with the Yoast SEO plugin v28.3 - https:\/\/yoast.com\/product\/yoast-seo-wordpress\/ -->\n<title>70 aniversario de la Declaraci\u00f3n Universal de los Derechos Humanos - Asamblea General de las Naciones Unidas<\/title>\n<meta name=\"robots\" content=\"index, follow, max-snippet:-1, max-image-preview:large, max-video-preview:-1\" \/>\n<link rel=\"canonical\" href=\"https:\/\/www.un.org\/pga\/73\/2018\/12\/18\/70th-anniversary-of-the-universal-declaration-of-human-rights\/\" \/>\n<meta property=\"og:locale\" content=\"es_ES\" \/>\n<meta property=\"og:type\" content=\"article\" \/>\n<meta property=\"og:title\" content=\"70 aniversario de la Declaraci\u00f3n Universal de los Derechos Humanos - Asamblea General de las Naciones Unidas\" \/>\n<meta property=\"og:description\" content=\"INTERVENCI\u00d3N DE LA PRESIDENTA DEL 73\u00ba PERIODO DE SESIONES DE LA ASAMBLEA GENERAL, S.E. MARIA FERNANDA ESPINOSA\" \/>\n<meta property=\"og:url\" content=\"https:\/\/www.un.org\/pga\/73\/2018\/12\/18\/70th-anniversary-of-the-universal-declaration-of-human-rights\/\" \/>\n<meta property=\"og:site_name\" content=\"Asamblea General de las Naciones Unidas\" \/>\n<meta property=\"article:published_time\" content=\"2018-12-18T17:27:50+00:00\" \/>\n<meta property=\"article:modified_time\" content=\"2018-12-19T17:45:20+00:00\" \/>\n<meta property=\"og:image\" content=\"https:\/\/www.un.org\/pga\/wp-content\/uploads\/sites\/53\/2018\/12\/Commemoration-VF.JPG.png\" \/>\n\t<meta property=\"og:image:width\" content=\"672\" \/>\n\t<meta property=\"og:image:height\" content=\"480\" \/>\n\t<meta property=\"og:image:type\" content=\"image\/png\" \/>\n<meta name=\"author\" content=\"Denise Kling\" \/>\n<meta name=\"twitter:card\" content=\"summary_large_image\" \/>\n<meta name=\"twitter:label1\" content=\"Escrito por\" \/>\n\t<meta name=\"twitter:data1\" content=\"Denise Kling\" \/>\n\t<meta name=\"twitter:label2\" content=\"Tiempo de lectura\" \/>\n\t<meta name=\"twitter:data2\" content=\"7 minutos\" \/>\n<script type=\"application\/ld+json\" class=\"yoast-schema-graph\">{\"@context\":\"https:\\\/\\\/schema.org\",\"@graph\":[{\"@type\":\"Article\",\"@id\":\"https:\\\/\\\/www.un.org\\\/pga\\\/73\\\/2018\\\/12\\\/18\\\/70th-anniversary-of-the-universal-declaration-of-human-rights\\\/#article\",\"isPartOf\":{\"@id\":\"https:\\\/\\\/www.un.org\\\/pga\\\/73\\\/2018\\\/12\\\/18\\\/70th-anniversary-of-the-universal-declaration-of-human-rights\\\/\"},\"author\":{\"name\":\"Denise Kling\",\"@id\":\"https:\\\/\\\/www.un.org\\\/pga\\\/73\\\/#\\\/schema\\\/person\\\/af470bea9354ed1b453ade6d22b5c9ee\"},\"headline\":\"70 aniversario de la Declaraci\u00f3n Universal de los Derechos Humanos\",\"datePublished\":\"2018-12-18T17:27:50+00:00\",\"dateModified\":\"2018-12-19T17:45:20+00:00\",\"mainEntityOfPage\":{\"@id\":\"https:\\\/\\\/www.un.org\\\/pga\\\/73\\\/2018\\\/12\\\/18\\\/70th-anniversary-of-the-universal-declaration-of-human-rights\\\/\"},\"wordCount\":1414,\"publisher\":{\"@id\":\"https:\\\/\\\/www.un.org\\\/pga\\\/73\\\/#organization\"},\"image\":{\"@id\":\"https:\\\/\\\/www.un.org\\\/pga\\\/73\\\/2018\\\/12\\\/18\\\/70th-anniversary-of-the-universal-declaration-of-human-rights\\\/#primaryimage\"},\"thumbnailUrl\":\"https:\\\/\\\/www.un.org\\\/pga\\\/wp-content\\\/uploads\\\/sites\\\/53\\\/2018\\\/12\\\/Commemoration-VF.JPG.png\",\"articleSection\":[\"Declaraciones\"],\"inLanguage\":\"es\"},{\"@type\":\"WebPage\",\"@id\":\"https:\\\/\\\/www.un.org\\\/pga\\\/73\\\/2018\\\/12\\\/18\\\/70th-anniversary-of-the-universal-declaration-of-human-rights\\\/\",\"url\":\"https:\\\/\\\/www.un.org\\\/pga\\\/73\\\/2018\\\/12\\\/18\\\/70th-anniversary-of-the-universal-declaration-of-human-rights\\\/\",\"name\":\"70 aniversario de la Declaraci\u00f3n Universal de los Derechos Humanos - Asamblea General de las Naciones Unidas\",\"isPartOf\":{\"@id\":\"https:\\\/\\\/www.un.org\\\/pga\\\/73\\\/#website\"},\"primaryImageOfPage\":{\"@id\":\"https:\\\/\\\/www.un.org\\\/pga\\\/73\\\/2018\\\/12\\\/18\\\/70th-anniversary-of-the-universal-declaration-of-human-rights\\\/#primaryimage\"},\"image\":{\"@id\":\"https:\\\/\\\/www.un.org\\\/pga\\\/73\\\/2018\\\/12\\\/18\\\/70th-anniversary-of-the-universal-declaration-of-human-rights\\\/#primaryimage\"},\"thumbnailUrl\":\"https:\\\/\\\/www.un.org\\\/pga\\\/wp-content\\\/uploads\\\/sites\\\/53\\\/2018\\\/12\\\/Commemoration-VF.JPG.png\",\"datePublished\":\"2018-12-18T17:27:50+00:00\",\"dateModified\":\"2018-12-19T17:45:20+00:00\",\"breadcrumb\":{\"@id\":\"https:\\\/\\\/www.un.org\\\/pga\\\/73\\\/2018\\\/12\\\/18\\\/70th-anniversary-of-the-universal-declaration-of-human-rights\\\/#breadcrumb\"},\"inLanguage\":\"es\",\"potentialAction\":[{\"@type\":\"ReadAction\",\"target\":[\"https:\\\/\\\/www.un.org\\\/pga\\\/73\\\/2018\\\/12\\\/18\\\/70th-anniversary-of-the-universal-declaration-of-human-rights\\\/\"]}]},{\"@type\":\"ImageObject\",\"inLanguage\":\"es\",\"@id\":\"https:\\\/\\\/www.un.org\\\/pga\\\/73\\\/2018\\\/12\\\/18\\\/70th-anniversary-of-the-universal-declaration-of-human-rights\\\/#primaryimage\",\"url\":\"https:\\\/\\\/www.un.org\\\/pga\\\/wp-content\\\/uploads\\\/sites\\\/53\\\/2018\\\/12\\\/Commemoration-VF.JPG.png\",\"contentUrl\":\"https:\\\/\\\/www.un.org\\\/pga\\\/wp-content\\\/uploads\\\/sites\\\/53\\\/2018\\\/12\\\/Commemoration-VF.JPG.png\",\"width\":672,\"height\":480},{\"@type\":\"BreadcrumbList\",\"@id\":\"https:\\\/\\\/www.un.org\\\/pga\\\/73\\\/2018\\\/12\\\/18\\\/70th-anniversary-of-the-universal-declaration-of-human-rights\\\/#breadcrumb\",\"itemListElement\":[{\"@type\":\"ListItem\",\"position\":1,\"name\":\"Home\",\"item\":\"https:\\\/\\\/www.un.org\\\/pga\\\/73\\\/es\\\/\"},{\"@type\":\"ListItem\",\"position\":2,\"name\":\"70 aniversario de la Declaraci\u00f3n Universal de los Derechos Humanos\"}]},{\"@type\":\"WebSite\",\"@id\":\"https:\\\/\\\/www.un.org\\\/pga\\\/73\\\/#website\",\"url\":\"https:\\\/\\\/www.un.org\\\/pga\\\/73\\\/\",\"name\":\"General Assembly of the United Nations\",\"description\":\"Presidenta del 73\u00b0 per\u00edodo de sesiones\",\"publisher\":{\"@id\":\"https:\\\/\\\/www.un.org\\\/pga\\\/73\\\/#organization\"},\"potentialAction\":[{\"@type\":\"SearchAction\",\"target\":{\"@type\":\"EntryPoint\",\"urlTemplate\":\"https:\\\/\\\/www.un.org\\\/pga\\\/73\\\/?s={search_term_string}\"},\"query-input\":{\"@type\":\"PropertyValueSpecification\",\"valueRequired\":true,\"valueName\":\"search_term_string\"}}],\"inLanguage\":\"es\"},{\"@type\":\"Organization\",\"@id\":\"https:\\\/\\\/www.un.org\\\/pga\\\/73\\\/#organization\",\"name\":\"General Assembly of the United Nations\",\"url\":\"https:\\\/\\\/www.un.org\\\/pga\\\/73\\\/\",\"logo\":{\"@type\":\"ImageObject\",\"inLanguage\":\"es\",\"@id\":\"https:\\\/\\\/www.un.org\\\/pga\\\/73\\\/#\\\/schema\\\/logo\\\/image\\\/\",\"url\":\"https:\\\/\\\/www.un.org\\\/pga\\\/wp-content\\\/uploads\\\/sites\\\/53\\\/2018\\\/07\\\/18-00066a_Ä¢¹½ÊÓÆµGA73_Logos-no-type-04.png\",\"contentUrl\":\"https:\\\/\\\/www.un.org\\\/pga\\\/wp-content\\\/uploads\\\/sites\\\/53\\\/2018\\\/07\\\/18-00066a_Ä¢¹½ÊÓÆµGA73_Logos-no-type-04.png\",\"width\":529,\"height\":601,\"caption\":\"General Assembly of the United Nations\"},\"image\":{\"@id\":\"https:\\\/\\\/www.un.org\\\/pga\\\/73\\\/#\\\/schema\\\/logo\\\/image\\\/\"}},{\"@type\":\"Person\",\"@id\":\"https:\\\/\\\/www.un.org\\\/pga\\\/73\\\/#\\\/schema\\\/person\\\/af470bea9354ed1b453ade6d22b5c9ee\",\"name\":\"Denise Kling\",\"image\":{\"@type\":\"ImageObject\",\"inLanguage\":\"es\",\"@id\":\"https:\\\/\\\/secure.gravatar.com\\\/avatar\\\/b5fdae9d2ae28ca0f434202f2c9b6f29640a2b757fdbaa4592687900a399db3d?s=96&d=mm&r=g\",\"url\":\"https:\\\/\\\/secure.gravatar.com\\\/avatar\\\/b5fdae9d2ae28ca0f434202f2c9b6f29640a2b757fdbaa4592687900a399db3d?s=96&d=mm&r=g\",\"contentUrl\":\"https:\\\/\\\/secure.gravatar.com\\\/avatar\\\/b5fdae9d2ae28ca0f434202f2c9b6f29640a2b757fdbaa4592687900a399db3d?s=96&d=mm&r=g\",\"caption\":\"Denise Kling\"},\"url\":\"https:\\\/\\\/www.un.org\\\/pga\\\/73\\\/es\\\/author\\\/denise-klingun-org\\\/\"}]}<\/script>\n<!-- \/ Yoast SEO plugin. -->","yoast_head_json":{"title":"70 aniversario de la Declaraci\u00f3n Universal de los Derechos Humanos - Asamblea General de las Naciones Unidas","robots":{"index":"index","follow":"follow","max-snippet":"max-snippet:-1","max-image-preview":"max-image-preview:large","max-video-preview":"max-video-preview:-1"},"canonical":"https:\/\/www.un.org\/pga\/73\/2018\/12\/18\/70th-anniversary-of-the-universal-declaration-of-human-rights\/","og_locale":"es_ES","og_type":"article","og_title":"70 aniversario de la Declaraci\u00f3n Universal de los Derechos Humanos - Asamblea General de las Naciones Unidas","og_description":"INTERVENCI\u00d3N DE LA PRESIDENTA DEL 73\u00ba PERIODO DE SESIONES DE LA ASAMBLEA GENERAL, S.E. MARIA FERNANDA ESPINOSA","og_url":"https:\/\/www.un.org\/pga\/73\/2018\/12\/18\/70th-anniversary-of-the-universal-declaration-of-human-rights\/","og_site_name":"Asamblea General de las Naciones Unidas","article_published_time":"2018-12-18T17:27:50+00:00","article_modified_time":"2018-12-19T17:45:20+00:00","og_image":[{"width":672,"height":480,"url":"https:\/\/www.un.org\/pga\/wp-content\/uploads\/sites\/53\/2018\/12\/Commemoration-VF.JPG.png","type":"image\/png"}],"author":"Denise Kling","twitter_card":"summary_large_image","twitter_misc":{"Escrito por":"Denise Kling","Tiempo de lectura":"7 minutos"},"schema":{"@context":"https:\/\/schema.org","@graph":[{"@type":"Article","@id":"https:\/\/www.un.org\/pga\/73\/2018\/12\/18\/70th-anniversary-of-the-universal-declaration-of-human-rights\/#article","isPartOf":{"@id":"https:\/\/www.un.org\/pga\/73\/2018\/12\/18\/70th-anniversary-of-the-universal-declaration-of-human-rights\/"},"author":{"name":"Denise Kling","@id":"https:\/\/www.un.org\/pga\/73\/#\/schema\/person\/af470bea9354ed1b453ade6d22b5c9ee"},"headline":"70 aniversario de la Declaraci\u00f3n Universal de los Derechos Humanos","datePublished":"2018-12-18T17:27:50+00:00","dateModified":"2018-12-19T17:45:20+00:00","mainEntityOfPage":{"@id":"https:\/\/www.un.org\/pga\/73\/2018\/12\/18\/70th-anniversary-of-the-universal-declaration-of-human-rights\/"},"wordCount":1414,"publisher":{"@id":"https:\/\/www.un.org\/pga\/73\/#organization"},"image":{"@id":"https:\/\/www.un.org\/pga\/73\/2018\/12\/18\/70th-anniversary-of-the-universal-declaration-of-human-rights\/#primaryimage"},"thumbnailUrl":"https:\/\/www.un.org\/pga\/wp-content\/uploads\/sites\/53\/2018\/12\/Commemoration-VF.JPG.png","articleSection":["Declaraciones"],"inLanguage":"es"},{"@type":"WebPage","@id":"https:\/\/www.un.org\/pga\/73\/2018\/12\/18\/70th-anniversary-of-the-universal-declaration-of-human-rights\/","url":"https:\/\/www.un.org\/pga\/73\/2018\/12\/18\/70th-anniversary-of-the-universal-declaration-of-human-rights\/","name":"70 aniversario de la Declaraci\u00f3n Universal de los Derechos Humanos - Asamblea General de las Naciones Unidas","isPartOf":{"@id":"https:\/\/www.un.org\/pga\/73\/#website"},"primaryImageOfPage":{"@id":"https:\/\/www.un.org\/pga\/73\/2018\/12\/18\/70th-anniversary-of-the-universal-declaration-of-human-rights\/#primaryimage"},"image":{"@id":"https:\/\/www.un.org\/pga\/73\/2018\/12\/18\/70th-anniversary-of-the-universal-declaration-of-human-rights\/#primaryimage"},"thumbnailUrl":"https:\/\/www.un.org\/pga\/wp-content\/uploads\/sites\/53\/2018\/12\/Commemoration-VF.JPG.png","datePublished":"2018-12-18T17:27:50+00:00","dateModified":"2018-12-19T17:45:20+00:00","breadcrumb":{"@id":"https:\/\/www.un.org\/pga\/73\/2018\/12\/18\/70th-anniversary-of-the-universal-declaration-of-human-rights\/#breadcrumb"},"inLanguage":"es","potentialAction":[{"@type":"ReadAction","target":["https:\/\/www.un.org\/pga\/73\/2018\/12\/18\/70th-anniversary-of-the-universal-declaration-of-human-rights\/"]}]},{"@type":"ImageObject","inLanguage":"es","@id":"https:\/\/www.un.org\/pga\/73\/2018\/12\/18\/70th-anniversary-of-the-universal-declaration-of-human-rights\/#primaryimage","url":"https:\/\/www.un.org\/pga\/wp-content\/uploads\/sites\/53\/2018\/12\/Commemoration-VF.JPG.png","contentUrl":"https:\/\/www.un.org\/pga\/wp-content\/uploads\/sites\/53\/2018\/12\/Commemoration-VF.JPG.png","width":672,"height":480},{"@type":"BreadcrumbList","@id":"https:\/\/www.un.org\/pga\/73\/2018\/12\/18\/70th-anniversary-of-the-universal-declaration-of-human-rights\/#breadcrumb","itemListElement":[{"@type":"ListItem","position":1,"name":"Home","item":"https:\/\/www.un.org\/pga\/73\/es\/"},{"@type":"ListItem","position":2,"name":"70 aniversario de la Declaraci\u00f3n Universal de los Derechos Humanos"}]},{"@type":"WebSite","@id":"https:\/\/www.un.org\/pga\/73\/#website","url":"https:\/\/www.un.org\/pga\/73\/","name":"General Assembly of the United Nations","description":"Presidenta del 73\u00b0 per\u00edodo de sesiones","publisher":{"@id":"https:\/\/www.un.org\/pga\/73\/#organization"},"potentialAction":[{"@type":"SearchAction","target":{"@type":"EntryPoint","urlTemplate":"https:\/\/www.un.org\/pga\/73\/?s={search_term_string}"},"query-input":{"@type":"PropertyValueSpecification","valueRequired":true,"valueName":"search_term_string"}}],"inLanguage":"es"},{"@type":"Organization","@id":"https:\/\/www.un.org\/pga\/73\/#organization","name":"General Assembly of the United Nations","url":"https:\/\/www.un.org\/pga\/73\/","logo":{"@type":"ImageObject","inLanguage":"es","@id":"https:\/\/www.un.org\/pga\/73\/#\/schema\/logo\/image\/","url":"https:\/\/www.un.org\/pga\/wp-content\/uploads\/sites\/53\/2018\/07\/18-00066a_Ä¢¹½ÊÓÆµGA73_Logos-no-type-04.png","contentUrl":"https:\/\/www.un.org\/pga\/wp-content\/uploads\/sites\/53\/2018\/07\/18-00066a_Ä¢¹½ÊÓÆµGA73_Logos-no-type-04.png","width":529,"height":601,"caption":"General Assembly of the United Nations"},"image":{"@id":"https:\/\/www.un.org\/pga\/73\/#\/schema\/logo\/image\/"}},{"@type":"Person","@id":"https:\/\/www.un.org\/pga\/73\/#\/schema\/person\/af470bea9354ed1b453ade6d22b5c9ee","name":"Denise Kling","image":{"@type":"ImageObject","inLanguage":"es","@id":"https:\/\/secure.gravatar.com\/avatar\/b5fdae9d2ae28ca0f434202f2c9b6f29640a2b757fdbaa4592687900a399db3d?s=96&d=mm&r=g","url":"https:\/\/secure.gravatar.com\/avatar\/b5fdae9d2ae28ca0f434202f2c9b6f29640a2b757fdbaa4592687900a399db3d?s=96&d=mm&r=g","contentUrl":"https:\/\/secure.gravatar.com\/avatar\/b5fdae9d2ae28ca0f434202f2c9b6f29640a2b757fdbaa4592687900a399db3d?s=96&d=mm&r=g","caption":"Denise Kling"},"url":"https:\/\/www.un.org\/pga\/73\/es\/author\/denise-klingun-org\/"}]}},"_links":{"self":[{"href":"https:\/\/www.un.org\/pga\/73\/es\/wp-json\/wp\/v2\/posts\/173996","targetHints":{"allow":["GET"]}}],"collection":[{"href":"https:\/\/www.un.org\/pga\/73\/es\/wp-json\/wp\/v2\/posts"}],"about":[{"href":"https:\/\/www.un.org\/pga\/73\/es\/wp-json\/wp\/v2\/types\/post"}],"author":[{"embeddable":true,"href":"https:\/\/www.un.org\/pga\/73\/es\/wp-json\/wp\/v2\/users\/266"}],"replies":[{"embeddable":true,"href":"https:\/\/www.un.org\/pga\/73\/es\/wp-json\/wp\/v2\/comments?post=173996"}],"version-history":[{"count":0,"href":"https:\/\/www.un.org\/pga\/73\/es\/wp-json\/wp\/v2\/posts\/173996\/revisions"}],"wp:featuredmedia":[{"embeddable":true,"href":"https:\/\/www.un.org\/pga\/73\/es\/wp-json\/wp\/v2\/media\/173987"}],"wp:attachment":[{"href":"https:\/\/www.un.org\/pga\/73\/es\/wp-json\/wp\/v2\/media?parent=173996"}],"wp:term":[{"taxonomy":"category","embeddable":true,"href":"https:\/\/www.un.org\/pga\/73\/es\/wp-json\/wp\/v2\/categories?post=173996"},{"taxonomy":"post_tag","embeddable":true,"href":"https:\/\/www.un.org\/pga\/73\/es\/wp-json\/wp\/v2\/tags?post=173996"}],"curies":[{"name":"wp","href":"https:\/\/api.w.org\/{rel}","templated":true}]}}