  {"id":174059,"date":"2018-12-18T12:50:47","date_gmt":"2018-12-18T17:50:47","guid":{"rendered":"https:\/\/www.un.org\/pga\/73\/2018\/12\/18\/united-nations-prize-in-the-field-of-human-rights\/"},"modified":"2018-12-19T13:11:14","modified_gmt":"2018-12-19T18:11:14","slug":"united-nations-prize-in-the-field-of-human-rights","status":"publish","type":"post","link":"https:\/\/www.un.org\/pga\/73\/es\/2018\/12\/18\/united-nations-prize-in-the-field-of-human-rights\/","title":{"rendered":"Premio de Derechos Humanos de las Naciones Unidas"},"content":{"rendered":"<p>[et_pb_section bb_built=\u00bb1&#8243;][et_pb_row][et_pb_column type=\u00bb4_4&#8243;][et_pb_text _builder_version=\u00bb3.17.4&#8243; border_style=\u00bbsolid\u00bb background_position=\u00bbtop_left\u00bb background_repeat=\u00bbrepeat\u00bb background_size=\u00bbinitial\u00bb]<\/p>\n<p style=\"text-align: center\"><strong><em>&#8211; Como Pronunciado-<\/em><\/strong><\/p>\n<h3>INTERVENCI\u00d3N DE LA PRESIDENTA DEL 73\u00ba PERIODO DE SESIONES DE LA ASAMBLEA GENERAL, S.E. MARIA FERNANDA ESPINOSA<\/h3>\n<p><strong><span class=\"updated\">18 de diciembre 2018<\/span><\/strong><\/p>\n<p><img loading=\"lazy\" decoding=\"async\" class=\"alignleft wp-image-174035 size-medium\" src=\"https:\/\/www.un.org\/pga\/73\/wp-content\/uploads\/sites\/53\/2018\/12\/estaaaaa-300x214.png\" alt=\"\" width=\"300\" height=\"214\" srcset=\"https:\/\/www.un.org\/pga\/wp-content\/uploads\/sites\/53\/2018\/12\/estaaaaa-300x214.png 300w, https:\/\/www.un.org\/pga\/wp-content\/uploads\/sites\/53\/2018\/12\/estaaaaa-150x107.png 150w, https:\/\/www.un.org\/pga\/wp-content\/uploads\/sites\/53\/2018\/12\/estaaaaa-400x284.png 400w, https:\/\/www.un.org\/pga\/wp-content\/uploads\/sites\/53\/2018\/12\/estaaaaa.png 672w\" sizes=\"(max-width: 300px) 100vw, 300px\" \/><\/p>\n<p>Se\u00f1or Ant\u00f3nio Guterres, Secretario General<\/p>\n<p>Se\u00f1ora Michelle Bachelet, Alta Comisionada de las Naciones Unidas para los Derechos Humanos,<\/p>\n<p>Excelencias,<\/p>\n<p>Para m\u00ed es un honor presidir esta ceremonia de entrega del Premio de Derechos Humanos de las Naciones Unidas 2018.<\/p>\n<p>La adopci\u00f3n de la Declaraci\u00f3n Universal de los Derechos Humanos, el 10 de diciembre de 1948, fue uno de los momentos estelares de la historia universal y, sin dudas, ha sido uno de los mayores legados de la Asamblea General a la humanidad.<\/p>\n<p>[\/et_pb_text][\/et_pb_column][\/et_pb_row][et_pb_row][et_pb_column type=\u00bb1_2&#8243;][et_pb_text _builder_version=\u00bb3.17.4&#8243;]<\/p>\n<p>Este Premio fue establecido para celebrar la extraordinaria demostraci\u00f3n de fraternidad y solidaridad de los hombres y mujeres que sufrieron dos guerras mundiales y se propusieron evitarlas para las generaciones venideras.<\/p>\n<p>En 1968, cuando la Declaraci\u00f3n Universal cumpl\u00eda dos d\u00e9cadas, fue entregado por primera vez.<\/p>\n<p>[\/et_pb_text][\/et_pb_column][et_pb_column type=\u00bb1_2&#8243;][et_pb_code _builder_version=\u00bb3.17.4&#8243;]\n<!-- iframe plugin v.6.0 wordpress.org\/plugins\/iframe\/ -->\n<iframe loading=\"lazy\" width=\"100%\" height=\"250\" src=\"\/\/www.un.org\/webcast\/1362235914001\/B1J3DDQJf_default\/index.html?videoId=5981067246001\" scrolling=\"yes\" class=\"iframe-class\" frameborder=\"0\"><\/iframe>\n<!-- [et_pb_line_break_holder] --><!-- [et_pb_line_break_holder] -->[\/et_pb_code][\/et_pb_column][\/et_pb_row][et_pb_row][et_pb_column type=\u00bb4_4&#8243;][et_pb_text _builder_version=\u00bb3.17.4&#8243;]<\/p>\n<p>Desde ese entonces, cada cinco a\u00f1os, han sido premiados m\u00e1s de sesenta individuos y organizaciones de todas las regiones, que se han destacado en diferentes \u00e1mbitos de los derechos humanos, contribuyendo a mantener vivos los ideales de libertad, paz y justicia alrededor del mundo.<\/p>\n<p>Todos los galardonados comparten la visi\u00f3n de que un futuro mejor es posible. Sus luchas abarcan desde los derechos de las mujeres, los ni\u00f1os, los migrantes y refugiados, las personas con discapacidad; la abolici\u00f3n de la esclavitud y el combate a la discriminaci\u00f3n racial; la demanda de verdad, justicia y reparaci\u00f3n ante las desapariciones forzadas y las torturas; la erradicaci\u00f3n de la pobreza, el hambre y la denuncia de otras injusticias socioecon\u00f3micas; as\u00ed como la b\u00fasqueda incansable de respuestas a los cr\u00edmenes y violaciones de derechos humanos, aun cuando sus propias vidas y seguridad corren peligro.<\/p>\n<p>Eleanor Roosevelt, Martin Luther King, Nelson Mandela, Malala Youssef, el Comit\u00e9 Internacional de la Cruz Roja y Amnist\u00eda Internacional han sido solo algunos de los merecedores de este Premio.<\/p>\n<p>Excelencias,<\/p>\n<p>En esta d\u00e9cima edici\u00f3n, celebramos los setenta a\u00f1os de la Declaraci\u00f3n Universal y rendimos un merecido homenaje a quienes contribuyen a hacerla realidad.<\/p>\n<p>Quiero aprovechar para destacar el impecable proceso llevado adelante por el Comit\u00e9 Especial para la selecci\u00f3n de los ganadores, bajo el liderazgo del ex-Presidente de la Asamblea General, Miroslav Laj\u010d\u00e1k.<\/p>\n<p>[\/et_pb_text][et_pb_testimonial _builder_version=\u00bb3.17.4&#8243; author=\u00bbMar\u00eda Fernanda Espinosa Garc\u00e9s\u00bb portrait_url=\u00bbhttps:\/\/www.un.org\/pga\/73\/wp-content\/uploads\/sites\/53\/2018\/09\/PGA-73084-e1537294481964.jpg\u00bb border_style=\u00bbsolid\u00bb job_title=\u00bbPRESIDENTA DEL 73\u00ba PERIODO DE SESIONES DE LA ASAMBLEA GENERAL\u00bb quote_icon_background_color=\u00bb#f5f5f5&#8243; background_position=\u00bbtop_left\u00bb background_repeat=\u00bbrepeat\u00bb background_size=\u00bbinitial\u00bb quote_icon_color=\u00bb#00aff8&#8243;]<\/p>\n<p><span style=\"color: #0000ff\">Todos los galardonados comparten la visi\u00f3n de que un futuro mejor es posible. Sus luchas abarcan desde los derechos de las mujeres, los ni\u00f1os, los migrantes y refugiados, las personas con discapacidad; la abolici\u00f3n de la esclavitud y el combate a la discriminaci\u00f3n racial; la demanda de verdad, justicia y reparaci\u00f3n ante las desapariciones forzadas y las torturas; la erradicaci\u00f3n de la pobreza, el hambre y la denuncia de otras injusticias socioecon\u00f3micas; as\u00ed como la b\u00fasqueda incansable de respuestas a los cr\u00edmenes y violaciones de derechos humanos, aun cuando sus propias vidas y seguridad corren peligro.<\/span><\/p>\n<p>[\/et_pb_testimonial][et_pb_text _builder_version=\u00bb3.17.4&#8243; border_style=\u00bbsolid\u00bb background_position=\u00bbtop_left\u00bb background_repeat=\u00bbrepeat\u00bb background_size=\u00bbinitial\u00bb]<\/p>\n<p>El Premio que otorgaremos hoy es no solo un reconocimiento a las labores de Rebeca Gyumi, Jo\u00eania Wapichana, la Organizaci\u00f3n Front Line Defenders, y Asma Jahangir, quien desafortunadamente ya no est\u00e1 con nosotros, tambi\u00e9n es un mensaje de gratitud hacia todos los defensores de derechos humanos, en donde sea que se encuentren, porque sus sacrificios y entrega constante nos ayudan a avanzar hacia sociedades menos injustas y desiguales.<\/p>\n<p>A esos defensores les transmitimos nuestro apoyo y admiraci\u00f3n. Sus esfuerzos son testimonio de que las acciones importan, de que siempre se puede hacer la diferencia.<\/p>\n<p>Como Presidenta de la Asamblea General quiero felicitar muy especialmente a quienes recibir\u00e1n el Premio 2018, y los insto a que no desistan en sus convicciones, a que no bajen los brazos.<\/p>\n<p>S\u00e9 que el camino que han elegido es el m\u00e1s dif\u00edcil, porque es el camino en el que se lucha todos los d\u00edas, y aunque sus conquistas pueden ser, a veces, temporales, sus esfuerzos valen la pena, son necesarios, porque tienen el potencial de cambiar el destino del mundo.<\/p>\n<p>Ustedes, estimados ganadores y ganadoras, son parte de nuestra esperanza y por ello les estaremos siempre agradecidos.<\/p>\n<p>[\/et_pb_text][\/et_pb_column][\/et_pb_row][\/et_pb_section]<\/p>\n","protected":false},"excerpt":{"rendered":"<p>INTERVENCI\u00d3N DE LA PRESIDENTA DEL 73\u00ba PERIODO DE SESIONES DE LA ASAMBLEA GENERAL, S.E. MARIA FERNANDA ESPINOSA<\/p>\n","protected":false},"author":266,"featured_media":174029,"comment_status":"closed","ping_status":"closed","sticky":false,"template":"","format":"standard","meta":{"_et_pb_use_builder":"on","_et_pb_old_content":"","_et_gb_content_width":"","footnotes":"","_links_to":"","_links_to_target":""},"categories":[181],"tags":[],"class_list":["post-174059","post","type-post","status-publish","format-standard","has-post-thumbnail","hentry","category-statements-es","et-has-post-format-content","et_post_format-et-post-format-standard"],"yoast_head":"<!-- This site is optimized with the Yoast SEO plugin v28.3 - https:\/\/yoast.com\/product\/yoast-seo-wordpress\/ -->\n<title>Premio de Derechos Humanos de las Naciones Unidas - Asamblea General de las Naciones Unidas<\/title>\n<meta name=\"robots\" content=\"index, follow, max-snippet:-1, max-image-preview:large, max-video-preview:-1\" \/>\n<link rel=\"canonical\" href=\"https:\/\/www.un.org\/pga\/73\/2018\/12\/18\/united-nations-prize-in-the-field-of-human-rights\/\" \/>\n<meta property=\"og:locale\" content=\"es_ES\" \/>\n<meta property=\"og:type\" content=\"article\" \/>\n<meta property=\"og:title\" content=\"Premio de Derechos Humanos de las Naciones Unidas - Asamblea General de las Naciones Unidas\" \/>\n<meta property=\"og:description\" content=\"INTERVENCI\u00d3N DE LA PRESIDENTA DEL 73\u00ba PERIODO DE SESIONES DE LA ASAMBLEA GENERAL, S.E. MARIA FERNANDA ESPINOSA\" \/>\n<meta property=\"og:url\" content=\"https:\/\/www.un.org\/pga\/73\/2018\/12\/18\/united-nations-prize-in-the-field-of-human-rights\/\" \/>\n<meta property=\"og:site_name\" content=\"Asamblea General de las Naciones Unidas\" \/>\n<meta property=\"article:published_time\" content=\"2018-12-18T17:50:47+00:00\" \/>\n<meta property=\"article:modified_time\" content=\"2018-12-19T18:11:14+00:00\" \/>\n<meta property=\"og:image\" content=\"https:\/\/www.un.org\/pga\/wp-content\/uploads\/sites\/53\/2018\/12\/Prize-.jpg\" \/>\n\t<meta property=\"og:image:width\" content=\"5940\" \/>\n\t<meta property=\"og:image:height\" content=\"3960\" \/>\n\t<meta property=\"og:image:type\" content=\"image\/jpeg\" \/>\n<meta name=\"author\" content=\"Denise Kling\" \/>\n<meta name=\"twitter:card\" content=\"summary_large_image\" \/>\n<meta name=\"twitter:label1\" content=\"Escrito por\" \/>\n\t<meta name=\"twitter:data1\" content=\"Denise Kling\" \/>\n\t<meta name=\"twitter:label2\" content=\"Tiempo de lectura\" \/>\n\t<meta name=\"twitter:data2\" content=\"4 minutos\" \/>\n<script type=\"application\/ld+json\" class=\"yoast-schema-graph\">{\"@context\":\"https:\\\/\\\/schema.org\",\"@graph\":[{\"@type\":\"Article\",\"@id\":\"https:\\\/\\\/www.un.org\\\/pga\\\/73\\\/2018\\\/12\\\/18\\\/united-nations-prize-in-the-field-of-human-rights\\\/#article\",\"isPartOf\":{\"@id\":\"https:\\\/\\\/www.un.org\\\/pga\\\/73\\\/2018\\\/12\\\/18\\\/united-nations-prize-in-the-field-of-human-rights\\\/\"},\"author\":{\"name\":\"Denise Kling\",\"@id\":\"https:\\\/\\\/www.un.org\\\/pga\\\/73\\\/#\\\/schema\\\/person\\\/af470bea9354ed1b453ade6d22b5c9ee\"},\"headline\":\"Premio de Derechos Humanos de las Naciones Unidas\",\"datePublished\":\"2018-12-18T17:50:47+00:00\",\"dateModified\":\"2018-12-19T18:11:14+00:00\",\"mainEntityOfPage\":{\"@id\":\"https:\\\/\\\/www.un.org\\\/pga\\\/73\\\/2018\\\/12\\\/18\\\/united-nations-prize-in-the-field-of-human-rights\\\/\"},\"wordCount\":906,\"publisher\":{\"@id\":\"https:\\\/\\\/www.un.org\\\/pga\\\/73\\\/#organization\"},\"image\":{\"@id\":\"https:\\\/\\\/www.un.org\\\/pga\\\/73\\\/2018\\\/12\\\/18\\\/united-nations-prize-in-the-field-of-human-rights\\\/#primaryimage\"},\"thumbnailUrl\":\"https:\\\/\\\/www.un.org\\\/pga\\\/wp-content\\\/uploads\\\/sites\\\/53\\\/2018\\\/12\\\/Prize-.jpg\",\"articleSection\":[\"Declaraciones\"],\"inLanguage\":\"es\"},{\"@type\":\"WebPage\",\"@id\":\"https:\\\/\\\/www.un.org\\\/pga\\\/73\\\/2018\\\/12\\\/18\\\/united-nations-prize-in-the-field-of-human-rights\\\/\",\"url\":\"https:\\\/\\\/www.un.org\\\/pga\\\/73\\\/2018\\\/12\\\/18\\\/united-nations-prize-in-the-field-of-human-rights\\\/\",\"name\":\"Premio de Derechos Humanos de las Naciones Unidas - Asamblea General de las Naciones Unidas\",\"isPartOf\":{\"@id\":\"https:\\\/\\\/www.un.org\\\/pga\\\/73\\\/#website\"},\"primaryImageOfPage\":{\"@id\":\"https:\\\/\\\/www.un.org\\\/pga\\\/73\\\/2018\\\/12\\\/18\\\/united-nations-prize-in-the-field-of-human-rights\\\/#primaryimage\"},\"image\":{\"@id\":\"https:\\\/\\\/www.un.org\\\/pga\\\/73\\\/2018\\\/12\\\/18\\\/united-nations-prize-in-the-field-of-human-rights\\\/#primaryimage\"},\"thumbnailUrl\":\"https:\\\/\\\/www.un.org\\\/pga\\\/wp-content\\\/uploads\\\/sites\\\/53\\\/2018\\\/12\\\/Prize-.jpg\",\"datePublished\":\"2018-12-18T17:50:47+00:00\",\"dateModified\":\"2018-12-19T18:11:14+00:00\",\"breadcrumb\":{\"@id\":\"https:\\\/\\\/www.un.org\\\/pga\\\/73\\\/2018\\\/12\\\/18\\\/united-nations-prize-in-the-field-of-human-rights\\\/#breadcrumb\"},\"inLanguage\":\"es\",\"potentialAction\":[{\"@type\":\"ReadAction\",\"target\":[\"https:\\\/\\\/www.un.org\\\/pga\\\/73\\\/2018\\\/12\\\/18\\\/united-nations-prize-in-the-field-of-human-rights\\\/\"]}]},{\"@type\":\"ImageObject\",\"inLanguage\":\"es\",\"@id\":\"https:\\\/\\\/www.un.org\\\/pga\\\/73\\\/2018\\\/12\\\/18\\\/united-nations-prize-in-the-field-of-human-rights\\\/#primaryimage\",\"url\":\"https:\\\/\\\/www.un.org\\\/pga\\\/wp-content\\\/uploads\\\/sites\\\/53\\\/2018\\\/12\\\/Prize-.jpg\",\"contentUrl\":\"https:\\\/\\\/www.un.org\\\/pga\\\/wp-content\\\/uploads\\\/sites\\\/53\\\/2018\\\/12\\\/Prize-.jpg\",\"width\":5940,\"height\":3960,\"caption\":\"General Assembly Seventy-third session, 58th plenary meeting Human rights questions, including alternative approaches for improving the effective enjoyment of human rights and fundamental freedoms - Item 74 (b) Award ceremony for the United Nations Prize in the Field of Human Rights held in accordance with General Assembly decision 73\\\/509 of 28 November 2018\"},{\"@type\":\"BreadcrumbList\",\"@id\":\"https:\\\/\\\/www.un.org\\\/pga\\\/73\\\/2018\\\/12\\\/18\\\/united-nations-prize-in-the-field-of-human-rights\\\/#breadcrumb\",\"itemListElement\":[{\"@type\":\"ListItem\",\"position\":1,\"name\":\"Home\",\"item\":\"https:\\\/\\\/www.un.org\\\/pga\\\/73\\\/es\\\/\"},{\"@type\":\"ListItem\",\"position\":2,\"name\":\"Premio de Derechos Humanos de las Naciones Unidas\"}]},{\"@type\":\"WebSite\",\"@id\":\"https:\\\/\\\/www.un.org\\\/pga\\\/73\\\/#website\",\"url\":\"https:\\\/\\\/www.un.org\\\/pga\\\/73\\\/\",\"name\":\"General Assembly of the United Nations\",\"description\":\"Presidenta del 73\u00b0 per\u00edodo de sesiones\",\"publisher\":{\"@id\":\"https:\\\/\\\/www.un.org\\\/pga\\\/73\\\/#organization\"},\"potentialAction\":[{\"@type\":\"SearchAction\",\"target\":{\"@type\":\"EntryPoint\",\"urlTemplate\":\"https:\\\/\\\/www.un.org\\\/pga\\\/73\\\/?s={search_term_string}\"},\"query-input\":{\"@type\":\"PropertyValueSpecification\",\"valueRequired\":true,\"valueName\":\"search_term_string\"}}],\"inLanguage\":\"es\"},{\"@type\":\"Organization\",\"@id\":\"https:\\\/\\\/www.un.org\\\/pga\\\/73\\\/#organization\",\"name\":\"General Assembly of the United Nations\",\"url\":\"https:\\\/\\\/www.un.org\\\/pga\\\/73\\\/\",\"logo\":{\"@type\":\"ImageObject\",\"inLanguage\":\"es\",\"@id\":\"https:\\\/\\\/www.un.org\\\/pga\\\/73\\\/#\\\/schema\\\/logo\\\/image\\\/\",\"url\":\"https:\\\/\\\/www.un.org\\\/pga\\\/wp-content\\\/uploads\\\/sites\\\/53\\\/2018\\\/07\\\/18-00066a_Ä¢¹½ÊÓÆµGA73_Logos-no-type-04.png\",\"contentUrl\":\"https:\\\/\\\/www.un.org\\\/pga\\\/wp-content\\\/uploads\\\/sites\\\/53\\\/2018\\\/07\\\/18-00066a_Ä¢¹½ÊÓÆµGA73_Logos-no-type-04.png\",\"width\":529,\"height\":601,\"caption\":\"General Assembly of the United Nations\"},\"image\":{\"@id\":\"https:\\\/\\\/www.un.org\\\/pga\\\/73\\\/#\\\/schema\\\/logo\\\/image\\\/\"}},{\"@type\":\"Person\",\"@id\":\"https:\\\/\\\/www.un.org\\\/pga\\\/73\\\/#\\\/schema\\\/person\\\/af470bea9354ed1b453ade6d22b5c9ee\",\"name\":\"Denise Kling\",\"image\":{\"@type\":\"ImageObject\",\"inLanguage\":\"es\",\"@id\":\"https:\\\/\\\/secure.gravatar.com\\\/avatar\\\/b5fdae9d2ae28ca0f434202f2c9b6f29640a2b757fdbaa4592687900a399db3d?s=96&d=mm&r=g\",\"url\":\"https:\\\/\\\/secure.gravatar.com\\\/avatar\\\/b5fdae9d2ae28ca0f434202f2c9b6f29640a2b757fdbaa4592687900a399db3d?s=96&d=mm&r=g\",\"contentUrl\":\"https:\\\/\\\/secure.gravatar.com\\\/avatar\\\/b5fdae9d2ae28ca0f434202f2c9b6f29640a2b757fdbaa4592687900a399db3d?s=96&d=mm&r=g\",\"caption\":\"Denise Kling\"},\"url\":\"https:\\\/\\\/www.un.org\\\/pga\\\/73\\\/es\\\/author\\\/denise-klingun-org\\\/\"}]}<\/script>\n<!-- \/ Yoast SEO plugin. -->","yoast_head_json":{"title":"Premio de Derechos Humanos de las Naciones Unidas - Asamblea General de las Naciones Unidas","robots":{"index":"index","follow":"follow","max-snippet":"max-snippet:-1","max-image-preview":"max-image-preview:large","max-video-preview":"max-video-preview:-1"},"canonical":"https:\/\/www.un.org\/pga\/73\/2018\/12\/18\/united-nations-prize-in-the-field-of-human-rights\/","og_locale":"es_ES","og_type":"article","og_title":"Premio de Derechos Humanos de las Naciones Unidas - Asamblea General de las Naciones Unidas","og_description":"INTERVENCI\u00d3N DE LA PRESIDENTA DEL 73\u00ba PERIODO DE SESIONES DE LA ASAMBLEA GENERAL, S.E. MARIA FERNANDA ESPINOSA","og_url":"https:\/\/www.un.org\/pga\/73\/2018\/12\/18\/united-nations-prize-in-the-field-of-human-rights\/","og_site_name":"Asamblea General de las Naciones Unidas","article_published_time":"2018-12-18T17:50:47+00:00","article_modified_time":"2018-12-19T18:11:14+00:00","og_image":[{"width":5940,"height":3960,"url":"https:\/\/www.un.org\/pga\/wp-content\/uploads\/sites\/53\/2018\/12\/Prize-.jpg","type":"image\/jpeg"}],"author":"Denise Kling","twitter_card":"summary_large_image","twitter_misc":{"Escrito por":"Denise Kling","Tiempo de lectura":"4 minutos"},"schema":{"@context":"https:\/\/schema.org","@graph":[{"@type":"Article","@id":"https:\/\/www.un.org\/pga\/73\/2018\/12\/18\/united-nations-prize-in-the-field-of-human-rights\/#article","isPartOf":{"@id":"https:\/\/www.un.org\/pga\/73\/2018\/12\/18\/united-nations-prize-in-the-field-of-human-rights\/"},"author":{"name":"Denise Kling","@id":"https:\/\/www.un.org\/pga\/73\/#\/schema\/person\/af470bea9354ed1b453ade6d22b5c9ee"},"headline":"Premio de Derechos Humanos de las Naciones Unidas","datePublished":"2018-12-18T17:50:47+00:00","dateModified":"2018-12-19T18:11:14+00:00","mainEntityOfPage":{"@id":"https:\/\/www.un.org\/pga\/73\/2018\/12\/18\/united-nations-prize-in-the-field-of-human-rights\/"},"wordCount":906,"publisher":{"@id":"https:\/\/www.un.org\/pga\/73\/#organization"},"image":{"@id":"https:\/\/www.un.org\/pga\/73\/2018\/12\/18\/united-nations-prize-in-the-field-of-human-rights\/#primaryimage"},"thumbnailUrl":"https:\/\/www.un.org\/pga\/wp-content\/uploads\/sites\/53\/2018\/12\/Prize-.jpg","articleSection":["Declaraciones"],"inLanguage":"es"},{"@type":"WebPage","@id":"https:\/\/www.un.org\/pga\/73\/2018\/12\/18\/united-nations-prize-in-the-field-of-human-rights\/","url":"https:\/\/www.un.org\/pga\/73\/2018\/12\/18\/united-nations-prize-in-the-field-of-human-rights\/","name":"Premio de Derechos Humanos de las Naciones Unidas - Asamblea General de las Naciones Unidas","isPartOf":{"@id":"https:\/\/www.un.org\/pga\/73\/#website"},"primaryImageOfPage":{"@id":"https:\/\/www.un.org\/pga\/73\/2018\/12\/18\/united-nations-prize-in-the-field-of-human-rights\/#primaryimage"},"image":{"@id":"https:\/\/www.un.org\/pga\/73\/2018\/12\/18\/united-nations-prize-in-the-field-of-human-rights\/#primaryimage"},"thumbnailUrl":"https:\/\/www.un.org\/pga\/wp-content\/uploads\/sites\/53\/2018\/12\/Prize-.jpg","datePublished":"2018-12-18T17:50:47+00:00","dateModified":"2018-12-19T18:11:14+00:00","breadcrumb":{"@id":"https:\/\/www.un.org\/pga\/73\/2018\/12\/18\/united-nations-prize-in-the-field-of-human-rights\/#breadcrumb"},"inLanguage":"es","potentialAction":[{"@type":"ReadAction","target":["https:\/\/www.un.org\/pga\/73\/2018\/12\/18\/united-nations-prize-in-the-field-of-human-rights\/"]}]},{"@type":"ImageObject","inLanguage":"es","@id":"https:\/\/www.un.org\/pga\/73\/2018\/12\/18\/united-nations-prize-in-the-field-of-human-rights\/#primaryimage","url":"https:\/\/www.un.org\/pga\/wp-content\/uploads\/sites\/53\/2018\/12\/Prize-.jpg","contentUrl":"https:\/\/www.un.org\/pga\/wp-content\/uploads\/sites\/53\/2018\/12\/Prize-.jpg","width":5940,"height":3960,"caption":"General Assembly Seventy-third session, 58th plenary meeting Human rights questions, including alternative approaches for improving the effective enjoyment of human rights and fundamental freedoms - Item 74 (b) Award ceremony for the United Nations Prize in the Field of Human Rights held in accordance with General Assembly decision 73\/509 of 28 November 2018"},{"@type":"BreadcrumbList","@id":"https:\/\/www.un.org\/pga\/73\/2018\/12\/18\/united-nations-prize-in-the-field-of-human-rights\/#breadcrumb","itemListElement":[{"@type":"ListItem","position":1,"name":"Home","item":"https:\/\/www.un.org\/pga\/73\/es\/"},{"@type":"ListItem","position":2,"name":"Premio de Derechos Humanos de las Naciones Unidas"}]},{"@type":"WebSite","@id":"https:\/\/www.un.org\/pga\/73\/#website","url":"https:\/\/www.un.org\/pga\/73\/","name":"General Assembly of the United Nations","description":"Presidenta del 73\u00b0 per\u00edodo de sesiones","publisher":{"@id":"https:\/\/www.un.org\/pga\/73\/#organization"},"potentialAction":[{"@type":"SearchAction","target":{"@type":"EntryPoint","urlTemplate":"https:\/\/www.un.org\/pga\/73\/?s={search_term_string}"},"query-input":{"@type":"PropertyValueSpecification","valueRequired":true,"valueName":"search_term_string"}}],"inLanguage":"es"},{"@type":"Organization","@id":"https:\/\/www.un.org\/pga\/73\/#organization","name":"General Assembly of the United Nations","url":"https:\/\/www.un.org\/pga\/73\/","logo":{"@type":"ImageObject","inLanguage":"es","@id":"https:\/\/www.un.org\/pga\/73\/#\/schema\/logo\/image\/","url":"https:\/\/www.un.org\/pga\/wp-content\/uploads\/sites\/53\/2018\/07\/18-00066a_Ä¢¹½ÊÓÆµGA73_Logos-no-type-04.png","contentUrl":"https:\/\/www.un.org\/pga\/wp-content\/uploads\/sites\/53\/2018\/07\/18-00066a_Ä¢¹½ÊÓÆµGA73_Logos-no-type-04.png","width":529,"height":601,"caption":"General Assembly of the United Nations"},"image":{"@id":"https:\/\/www.un.org\/pga\/73\/#\/schema\/logo\/image\/"}},{"@type":"Person","@id":"https:\/\/www.un.org\/pga\/73\/#\/schema\/person\/af470bea9354ed1b453ade6d22b5c9ee","name":"Denise Kling","image":{"@type":"ImageObject","inLanguage":"es","@id":"https:\/\/secure.gravatar.com\/avatar\/b5fdae9d2ae28ca0f434202f2c9b6f29640a2b757fdbaa4592687900a399db3d?s=96&d=mm&r=g","url":"https:\/\/secure.gravatar.com\/avatar\/b5fdae9d2ae28ca0f434202f2c9b6f29640a2b757fdbaa4592687900a399db3d?s=96&d=mm&r=g","contentUrl":"https:\/\/secure.gravatar.com\/avatar\/b5fdae9d2ae28ca0f434202f2c9b6f29640a2b757fdbaa4592687900a399db3d?s=96&d=mm&r=g","caption":"Denise Kling"},"url":"https:\/\/www.un.org\/pga\/73\/es\/author\/denise-klingun-org\/"}]}},"_links":{"self":[{"href":"https:\/\/www.un.org\/pga\/73\/es\/wp-json\/wp\/v2\/posts\/174059","targetHints":{"allow":["GET"]}}],"collection":[{"href":"https:\/\/www.un.org\/pga\/73\/es\/wp-json\/wp\/v2\/posts"}],"about":[{"href":"https:\/\/www.un.org\/pga\/73\/es\/wp-json\/wp\/v2\/types\/post"}],"author":[{"embeddable":true,"href":"https:\/\/www.un.org\/pga\/73\/es\/wp-json\/wp\/v2\/users\/266"}],"replies":[{"embeddable":true,"href":"https:\/\/www.un.org\/pga\/73\/es\/wp-json\/wp\/v2\/comments?post=174059"}],"version-history":[{"count":0,"href":"https:\/\/www.un.org\/pga\/73\/es\/wp-json\/wp\/v2\/posts\/174059\/revisions"}],"wp:featuredmedia":[{"embeddable":true,"href":"https:\/\/www.un.org\/pga\/73\/es\/wp-json\/wp\/v2\/media\/174029"}],"wp:attachment":[{"href":"https:\/\/www.un.org\/pga\/73\/es\/wp-json\/wp\/v2\/media?parent=174059"}],"wp:term":[{"taxonomy":"category","embeddable":true,"href":"https:\/\/www.un.org\/pga\/73\/es\/wp-json\/wp\/v2\/categories?post=174059"},{"taxonomy":"post_tag","embeddable":true,"href":"https:\/\/www.un.org\/pga\/73\/es\/wp-json\/wp\/v2\/tags?post=174059"}],"curies":[{"name":"wp","href":"https:\/\/api.w.org\/{rel}","templated":true}]}}