  {"id":175618,"date":"2019-01-15T09:44:29","date_gmt":"2019-01-15T14:44:29","guid":{"rendered":"https:\/\/www.un.org\/pga\/73\/2019\/01\/15\/handover-ceremony-of-the-chairmanship-of-g-77-and-china\/"},"modified":"2019-01-16T15:03:58","modified_gmt":"2019-01-16T20:03:58","slug":"handover-ceremony-of-the-chairmanship-of-g-77-and-china","status":"publish","type":"post","link":"https:\/\/www.un.org\/pga\/73\/es\/2019\/01\/15\/handover-ceremony-of-the-chairmanship-of-g-77-and-china\/","title":{"rendered":"Ceremonia de traspaso de la Presidencia del G-77 y China"},"content":{"rendered":"<p>[et_pb_section bb_built=\u00bb1&#8243;][et_pb_row][et_pb_column type=\u00bb4_4&#8243;][et_pb_text _builder_version=\u00bb3.17.4&#8243; border_style=\u00bbsolid\u00bb background_position=\u00bbtop_left\u00bb background_repeat=\u00bbrepeat\u00bb background_size=\u00bbinitial\u00bb]<\/p>\n<p style=\"text-align: center\"><strong><em>&#8211; Como Pronunciado &#8211;<\/em><\/strong><\/p>\n<p class=\"Cuerpo\" style=\"line-height: 115%;margin: 6pt 0in 0.0001pt;text-align: left\" align=\"center\"><span class=\"Ninguno\"><b><span lang=\"ES-TRAD\" style=\"font-size: 16.0pt;line-height: 115%\">INTERVENCI\u00d3N DE LA PRESIDENTA DEL 73\u00ba PERIODO DE SESIONES DE LA ASAMBLEA GENERAL, S.E. MARIA FERNANDA ESPINOSA<\/span><\/b><\/span><\/p>\n<p class=\"Cuerpo\" style=\"line-height: 115%;margin: 6pt 0in 0.0001pt;text-align: left\" align=\"center\"><span class=\"Ninguno\"><b><span lang=\"ES-TRAD\" style=\"font-size: 16.0pt;line-height: 115%\">Ceremonia de traspaso de la Presidencia del G-77 y China<\/span><\/b><\/span><\/p>\n<p style=\"text-align: left\"><strong><span class=\"updated\">Enero 15 del 2019<\/span><\/strong><\/p>\n<p><img loading=\"lazy\" decoding=\"async\" class=\"alignleft wp-image-175579 size-medium\" src=\"https:\/\/www.un.org\/pga\/73\/wp-content\/uploads\/sites\/53\/2019\/01\/G77-Ceremony-300x200.jpg\" alt=\"\" width=\"300\" height=\"200\" srcset=\"https:\/\/www.un.org\/pga\/wp-content\/uploads\/sites\/53\/2019\/01\/G77-Ceremony-300x200.jpg 300w, https:\/\/www.un.org\/pga\/wp-content\/uploads\/sites\/53\/2019\/01\/G77-Ceremony-150x100.jpg 150w, https:\/\/www.un.org\/pga\/wp-content\/uploads\/sites\/53\/2019\/01\/G77-Ceremony-768x512.jpg 768w, https:\/\/www.un.org\/pga\/wp-content\/uploads\/sites\/53\/2019\/01\/G77-Ceremony.jpg 824w\" sizes=\"(max-width: 300px) 100vw, 300px\" \/><\/p>\n<p><em>Su Excelencia Mahmoud Abbas, Presidente del Estado de Palestina,<\/em><\/p>\n<p><em>Su Excelencia Ant\u00f3nio Guterres, Secretario General de las Naciones Unidas,<\/em><\/p>\n<p><em>Su Excelencia Sameh Hassan Shoukry, Ministro de Relaciones Exteriores de Egipto,<\/em><\/p>\n<p><em>Su Excelencia Riyad al-Maliki, Ministro de Relaciones Exteriores de Palestina,<\/em><\/p>\n<p><em>Se\u00f1or Mourad Ahmia, Secretario Ejecutivo del Grupo de los 77 y China, <\/em><\/p>\n<p><em>Distinguidos Representantes Permanentes, delegados y delegadas,<\/em><\/p>\n<p>Perm\u00edtanme primeramente expresar mis m\u00e1s sinceras condolencias al Gobierno y Pueblo de Kenia por el ataque terrorista de hoy. Me solidarizo con las v\u00edctimas de estos actos de violencia y con sus familiares. Condeno de la manera m\u00e1s en\u00e9rgica estos inexplicables actos de violencia extrema.<\/p>\n<p>Excelencias,<\/p>\n<p>En primer lugar, quiero saludar la presencia del Presidente del Estado de Palestina, Mahmoud Abbas.<\/p>\n<p>Para m\u00ed es un verdadero honor participar de esta ceremonia como Presidenta de la Asamblea General.<\/p>\n<p>Hace apenas un a\u00f1o, tuve el privilegio de presidir la delegaci\u00f3n ecuatoriana durante la entrega de la Presidencia del Grupo de los 77 y China a Egipto, cuya labor, en 2018, ha sido, y debo decirlo, impecable.<\/p>\n<p>Reconozco el arduo e incansable trabajo de la delegaci\u00f3n de Egipto para alcanzar acuerdos en las deliberaciones y negociaciones en las que represent\u00f3, verdaderamente, a los 134 miembros de este Grupo. En particular, mi homenaje al Embajador Mohammed Edrees y su extraordinario equipo de trabajo.<\/p>\n<p>La unidad de este Grupo ha sido su fortaleza para atravesar las dificultades que se presentaron el a\u00f1o pasado. Y conf\u00edo en que el mismo sentido de pertenencia guiar\u00e1 a sus miembros durante el 2019, lo cual ser\u00e1 fundamental para que la Presidencia de nuestra hermana Palestina, que hoy toma la posta, sea un \u00e9xito.<\/p>\n<p>Excelencias,<\/p>\n<p>Como lo se\u00f1al\u00e9 en la cuadrag\u00e9sima segunda reuni\u00f3n anual de Ministros de Relaciones Exteriores en septiembre pasado, el Grupo de los 77 m\u00e1s China es el grupo m\u00e1s importante de las Naciones Unidas, no solo porque representa casi las tres cuartas partes de su membres\u00eda, sino porque su voz representa al 80% de la poblaci\u00f3n mundial.<\/p>\n<p>Es por esa raz\u00f3n que ustedes juegan un rol transcendental en la defensa del multilateralismo y en el sostenimiento de un orden multipolar.<\/p>\n<p>Con la experiencia de haber ejercido la Presidencia en el 2017, comprendo a cabalidad las complejidades de asumir este gran desaf\u00edo.<\/p>\n<p>No solo el trabajo del Grupo es vital para defender los intereses de los pueblos del Sur global y promover la igualdad econ\u00f3mica y social en el mundo, sino que ahora debe hacerlo en un contexto internacional, quiz\u00e1s, m\u00e1s complejo en el que, desafortunadamente, vemos una polarizaci\u00f3n cada vez mayor y una dificultad creciente para llegar a acuerdos.<\/p>\n<p>Excelencias,<\/p>\n<p>Este es un momento hist\u00f3rico, y el camino que hemos transitado para llegar a \u00e9l no ha sido f\u00e1cil. La Asamblea General ha jugado un rol cr\u00edtico en este sentido: desde la decisi\u00f3n de otorgar a Palestina la condici\u00f3n de Estado Observador, adoptada en noviembre de 2012, hasta la Resoluci\u00f3n, de octubre pasado, sobre las condiciones necesarias para que Palestina pueda ejercer plenamente y a cabalidad esta Presidencia.<\/p>\n<p>Que hoy podamos celebrar este traspaso de la Presidencia del Grupo de los 77 y China es, sin duda, un triunfo del multilateralismo y una demostraci\u00f3n de cu\u00e1n importante es el papel que cumple el \u00f3rgano m\u00e1s democr\u00e1tico y representativo de las Naciones Unidas.<\/p>\n<p>Excelencias,<\/p>\n<p>Agradezco profundamente el apoyo que he recibido de parte del Grupo para mis siete prioridades del a\u00f1o que viene. En estos primeros meses, hemos tenido importantes avances.<\/p>\n<p>Como, por ejemplo, la celebraci\u00f3n de la primera Reuni\u00f3n de Alto Nivel sobre los Pa\u00edses de Renta Media, el 4 de diciembre pasado, en cumplimento a una Resoluci\u00f3n que, justamente, fuera propuesta por este Grupo. La ocasi\u00f3n sirvi\u00f3 para abordar las brechas y los desaf\u00edos que persisten en estos pa\u00edses para el cumplimiento de la Agenda 2030. Este evento gracias a ustedes y cont\u00f3 con una gran asistencia de delegaciones al m\u00e1s alto nivel y con un contenido de alta calidad.<\/p>\n<p>Asimismo, la Conferencia Intergubernamental que adopt\u00f3 el Pacto para una Migraci\u00f3n Segura, Ordenada y Regular, y que tuvo lugar en Marrakech, Marruecos, en diciembre pasado. La participaci\u00f3n de sus delegaciones asegur\u00f3 el \u00e9xito de la Conferencia, y esto fue fundamental para que la Asamblea General adoptara, por abrumadora mayor\u00eda, este Pacto Mundial.<\/p>\n<p>Los pr\u00f3ximos eventos que organizara la Asamblea General est\u00e1n tambi\u00e9n vinculados a temas de enorme prioridad para este Grupo.<\/p>\n<p>En ese sentido, les extiendo la invitaci\u00f3n a la Cumbre sobre \u201cMujeres en el Poder\u201d, que tendr\u00e1 lugar el 12 de marzo, y a la Reuni\u00f3n sobre el Futuro del Trabajo, con ocasi\u00f3n del centenario de la Organizaci\u00f3n Internacional del Trabajo, el pr\u00f3ximo 10 de abril.<\/p>\n<p>Precisamente, hace unos momentos, se acaba de adoptar la resoluci\u00f3n que mandata la organizaci\u00f3n de esta Reuni\u00f3n.<\/p>\n<p>Desde ya, agradezco su activa participaci\u00f3n en este evento cuyo tema es de trascendental importancia en el cumplimiento de los Objetivos de Desarrollo Sostenible.<\/p>\n<p>Conf\u00edo en que el Grupo seguir\u00e1 acompa\u00f1ando de manera firme los procesos que impulsara la Asamblea General, de acuerdo con los mandatos que he recibido, muchos de ellos promovidos por este Grupo, como las reuniones sobre migraci\u00f3n internacional y desarrollo; la reuni\u00f3n de cooperaci\u00f3n internacional para combatir los flujos financieros il\u00edcitos; sobre mercados de productos b\u00e1sicos; las revisiones de los programas para los Peque\u00f1os Estados Insulares y de los Pa\u00edses sin Litoral; la contribuci\u00f3n de la cultura al desarrollo sostenible; y, el di\u00e1logo de alto nivel sobre financiaci\u00f3n para el desarrollo.<\/p>\n<p>Destaco de manera muy especial lo que ya mencionaba el Presidente Abbas: la \u201cConferencia de Alto Nivel sobre Cooperaci\u00f3n Sur-Sur\u201d, cuyo proceso preparatorio incluye la negociaci\u00f3n del documento que ser\u00e1 adoptado en Buenos Aires, los d\u00edas 20 al 22 de marzo de este a\u00f1o.<\/p>\n<p>La participaci\u00f3n de este Grupo nuevamente ser\u00e1 fundamental para adaptar esta modalidad de cooperaci\u00f3n a los desaf\u00edos que la Agenda 2030 plantea para los pa\u00edses en desarrollo, manteniendo inc\u00f3lume la defensa del principio de que la cooperaci\u00f3n sur-sur complementa a la cooperaci\u00f3n norte-sur, sin sustituirla.<\/p>\n<p>As\u00ed tambi\u00e9n, la \u201cReuni\u00f3n de Alto Nivel sobre la protecci\u00f3n del clima mundial para las generaciones presentes y futuras en el contexto de la Agenda 2030\u201d, que tendr\u00e1 lugar en Nueva York, el 28 de marzo.<\/p>\n<p>El Grupo ser\u00e1 clave para centrar la atenci\u00f3n internacional sobre el impacto y las consecuencias negativas del cambio clim\u00e1tico en los pa\u00edses en desarrollo, en particular los m\u00e1s vulnerables, y para seguir promoviendo el principio de responsabilidades comunes pero diferenciadas en la lucha contra el cambio clim\u00e1tico.<\/p>\n<p>Excelencias,<\/p>\n<p>Si me permiten me detendr\u00e9, muy brevemente, en el Foro Pol\u00edtico de Alto Nivel, que se celebrar\u00e1 en septiembre, al margen de la semana de alto nivel.<\/p>\n<p>Por primera vez, desde la adopci\u00f3n de la Agenda 2030, el Foro se realizar\u00e1 bajo los auspicios de la Asamblea General y examinar\u00e1, con un enfoque hol\u00edstico, los 17 Objetivos de Desarrollo Sostenible.<\/p>\n<p>Quiero enfatizar que, como plataforma central de las Naciones Unidas para el seguimiento y la revisi\u00f3n de la Agenda 2030, es absolutamente necesario que interpongamos nuestros mejores esfuerzos para que el Foro Pol\u00edtico de septiembre ofrezca el liderazgo pol\u00edtico, la orientaci\u00f3n y las recomendaciones oportunas y adecuadas que permitan hacer realidad los compromisos asumidos.<\/p>\n<p>Les pido que presten a los co-facilitadores que he nombrado, los Representantes Permanentes de Bahamas y Suecia, su apoyo y colaboraci\u00f3n para que se puedan realizar sus labores.<\/p>\n<p>Hagamos que este 2019 se convierta en un punto de inflexi\u00f3n para las transformaciones que a\u00fan son necesarias para el logro de los objetivos de la agenda 2030 y as\u00ed alcanzar nuestro m\u00e1s ambicioso y universal plan de acci\u00f3n en favor de las personas, el planeta y la prosperidad.<\/p>\n<p>Excelencias,<\/p>\n<p>Estoy convencida de que la experiencia y compromiso de Palestina, con las Naciones Unidas y con el multilateralismo, se ver\u00e1n reflejados en la conducci\u00f3n acertada y eficiente de la Agenda de este Grupo y su impacto global.<\/p>\n<p>Como Presidenta de la Asamblea General le extiendo nuevamente mis m\u00e1s sinceras felicitaciones al Presidente Abbas y a toda su delegaci\u00f3n. Estoy convencida de que Palestina har\u00e1 un gran trabajo al frente del Grupo, pero requerir\u00e1 del respaldo de todos sus Estados Miembros.<\/p>\n<p>M\u00e1s que nunca se deber\u00e1n preservar los principios de unidad, colaboraci\u00f3n y solidaridad que son sus cimientos fundamentales.<\/p>\n<p>El G77 debe continuar siendo el pilar central para hacer que la erradicaci\u00f3n de la pobreza sea una causa colectiva; para llamar la atenci\u00f3n sobre el aumento de la concentraci\u00f3n de la riqueza en el mundo; para promover el derecho al desarrollo; para dar visibilidad a los pueblos bajo dominaci\u00f3n colonial u ocupaci\u00f3n extranjera; y abogar por un comercio multilateral basado en normas, no discriminatorio y equitativo.<\/p>\n<p>Continuar\u00e9 brindando todo mi apoyo al Grupo de los 77 y China, sus principios y prioridades, que est\u00e1n estrechamente vinculadas con el bienestar de los pa\u00edses del Sur Global y sus pueblos; cuenten con ello y conmigo como Presidenta de la Asamblea General.<\/p>\n<p>Muchas gracias.<\/p>\n<p>[\/et_pb_text][\/et_pb_column][\/et_pb_row][et_pb_row][et_pb_column type=\u00bb1_2&#8243;][et_pb_text _builder_version=\u00bb3.17.4&#8243;]<\/p>\n<p>\n<span style=\"color: #ffffff\">i<\/span><\/p>\n<p>[\/et_pb_text][\/et_pb_column][et_pb_column type=\u00bb1_2&#8243;][et_pb_code _builder_version=\u00bb3.17.4&#8243;]\n<!-- iframe plugin v.6.0 wordpress.org\/plugins\/iframe\/ -->\n<iframe loading=\"lazy\" width=\"100%\" height=\"250\" src=\"\/\/www.un.org\/webcast\/1362235914001\/B1J3DDQJf_default\/index.html?videoId=5989674018001\" scrolling=\"yes\" class=\"iframe-class\" frameborder=\"0\"><\/iframe>\n<!-- [et_pb_line_break_holder] --><!-- [et_pb_line_break_holder] -->[\/et_pb_code][\/et_pb_column][\/et_pb_row][et_pb_row][et_pb_column type=\u00bb4_4&#8243;][et_pb_text _builder_version=\u00bb3.17.4&#8243;]<\/p>\n<p>\n<span style=\"color: #ffffff\">.<\/span><\/p>\n<p>[\/et_pb_text][et_pb_testimonial _builder_version=\u00bb3.17.4&#8243; author=\u00bbMar\u00eda Fernanda Espinosa Garc\u00e9s\u00bb portrait_url=\u00bbhttps:\/\/www.un.org\/pga\/73\/wp-content\/uploads\/sites\/53\/2018\/09\/PGA-73084-e1537294481964.jpg\u00bb border_style=\u00bbsolid\u00bb job_title=\u00bbRESIDENTA DEL 73\u00ba PERIODO DE SESIONES DE LA ASAMBLEA GENERAL, S.E. MARIA FERNANDA ESPINOSA\u00bb quote_icon_background_color=\u00bb#f5f5f5&#8243; background_position=\u00bbtop_left\u00bb background_repeat=\u00bbrepeat\u00bb background_size=\u00bbinitial\u00bb quote_icon_color=\u00bb#00aff8&#8243;]<\/p>\n<p><span style=\"color: #0000ff\">El G77 debe continuar siendo el pilar central para hacer que la erradicaci\u00f3n de la pobreza sea una causa colectiva; para llamar la atenci\u00f3n sobre el aumento de la concentraci\u00f3n de la riqueza en el mundo; para promover el derecho al desarrollo; para dar visibilidad a los pueblos bajo dominaci\u00f3n colonial u ocupaci\u00f3n extranjera; y abogar por un comercio multilateral basado en normas, no discriminatorio y equitativo. <\/span><\/p>\n<p>[\/et_pb_testimonial][et_pb_text _builder_version=\u00bb3.17.4&#8243; border_style=\u00bbsolid\u00bb background_position=\u00bbtop_left\u00bb background_repeat=\u00bbrepeat\u00bb background_size=\u00bbinitial\u00bb]<\/p>\n<p>\n<span style=\"color: #ffffff\">i<\/span><\/p>\n<p>[\/et_pb_text][\/et_pb_column][\/et_pb_row][\/et_pb_section]<\/p>\n","protected":false},"excerpt":{"rendered":"<p>INTERVENCI\u00d3N DE LA PRESIDENTA DEL 73\u00ba PERIODO DE SESIONES DE LA ASAMBLEA GENERAL, S.E. MARIA FERNANDA ESPINOSA- Ceremonia de traspaso de la Presidencia del G-77 y China<\/p>\n","protected":false},"author":266,"featured_media":175594,"comment_status":"closed","ping_status":"closed","sticky":false,"template":"","format":"standard","meta":{"_et_pb_use_builder":"on","_et_pb_old_content":"","_et_gb_content_width":"","footnotes":"","_links_to":"","_links_to_target":""},"categories":[181],"tags":[],"class_list":["post-175618","post","type-post","status-publish","format-standard","has-post-thumbnail","hentry","category-statements-es","et-has-post-format-content","et_post_format-et-post-format-standard"],"yoast_head":"<!-- This site is optimized with the Yoast SEO plugin v28.3 - https:\/\/yoast.com\/product\/yoast-seo-wordpress\/ -->\n<title>Ceremonia de traspaso de la Presidencia del G-77 y China - Asamblea General de las Naciones Unidas<\/title>\n<meta name=\"robots\" content=\"index, follow, max-snippet:-1, max-image-preview:large, max-video-preview:-1\" \/>\n<link rel=\"canonical\" href=\"https:\/\/www.un.org\/pga\/73\/2019\/01\/15\/handover-ceremony-of-the-chairmanship-of-g-77-and-china\/\" \/>\n<meta property=\"og:locale\" content=\"es_ES\" \/>\n<meta property=\"og:type\" content=\"article\" \/>\n<meta property=\"og:title\" content=\"Ceremonia de traspaso de la Presidencia del G-77 y China - Asamblea General de las Naciones Unidas\" \/>\n<meta property=\"og:description\" content=\"INTERVENCI\u00d3N DE LA PRESIDENTA DEL 73\u00ba PERIODO DE SESIONES DE LA ASAMBLEA GENERAL, S.E. MARIA FERNANDA ESPINOSA- Ceremonia de traspaso de la Presidencia del G-77 y China\" \/>\n<meta property=\"og:url\" content=\"https:\/\/www.un.org\/pga\/73\/2019\/01\/15\/handover-ceremony-of-the-chairmanship-of-g-77-and-china\/\" \/>\n<meta property=\"og:site_name\" content=\"Asamblea General de las Naciones Unidas\" \/>\n<meta property=\"article:published_time\" content=\"2019-01-15T14:44:29+00:00\" \/>\n<meta property=\"article:modified_time\" content=\"2019-01-16T20:03:58+00:00\" \/>\n<meta property=\"og:image\" content=\"https:\/\/www.un.org\/pga\/wp-content\/uploads\/sites\/53\/2019\/01\/G77-Ceremony.jpg\" \/>\n\t<meta property=\"og:image:width\" content=\"824\" \/>\n\t<meta property=\"og:image:height\" content=\"549\" \/>\n\t<meta property=\"og:image:type\" content=\"image\/jpeg\" \/>\n<meta name=\"author\" content=\"Denise Kling\" \/>\n<meta name=\"twitter:card\" content=\"summary_large_image\" \/>\n<meta name=\"twitter:label1\" content=\"Escrito por\" \/>\n\t<meta name=\"twitter:data1\" content=\"Denise Kling\" \/>\n\t<meta name=\"twitter:label2\" content=\"Tiempo de lectura\" \/>\n\t<meta name=\"twitter:data2\" content=\"9 minutos\" \/>\n<script type=\"application\/ld+json\" class=\"yoast-schema-graph\">{\"@context\":\"https:\\\/\\\/schema.org\",\"@graph\":[{\"@type\":\"Article\",\"@id\":\"https:\\\/\\\/www.un.org\\\/pga\\\/73\\\/2019\\\/01\\\/15\\\/handover-ceremony-of-the-chairmanship-of-g-77-and-china\\\/#article\",\"isPartOf\":{\"@id\":\"https:\\\/\\\/www.un.org\\\/pga\\\/73\\\/2019\\\/01\\\/15\\\/handover-ceremony-of-the-chairmanship-of-g-77-and-china\\\/\"},\"author\":{\"name\":\"Denise Kling\",\"@id\":\"https:\\\/\\\/www.un.org\\\/pga\\\/73\\\/#\\\/schema\\\/person\\\/af470bea9354ed1b453ade6d22b5c9ee\"},\"headline\":\"Ceremonia de traspaso de la Presidencia del G-77 y China\",\"datePublished\":\"2019-01-15T14:44:29+00:00\",\"dateModified\":\"2019-01-16T20:03:58+00:00\",\"mainEntityOfPage\":{\"@id\":\"https:\\\/\\\/www.un.org\\\/pga\\\/73\\\/2019\\\/01\\\/15\\\/handover-ceremony-of-the-chairmanship-of-g-77-and-china\\\/\"},\"wordCount\":1889,\"publisher\":{\"@id\":\"https:\\\/\\\/www.un.org\\\/pga\\\/73\\\/#organization\"},\"image\":{\"@id\":\"https:\\\/\\\/www.un.org\\\/pga\\\/73\\\/2019\\\/01\\\/15\\\/handover-ceremony-of-the-chairmanship-of-g-77-and-china\\\/#primaryimage\"},\"thumbnailUrl\":\"https:\\\/\\\/www.un.org\\\/pga\\\/wp-content\\\/uploads\\\/sites\\\/53\\\/2019\\\/01\\\/G77-Ceremony.jpg\",\"articleSection\":[\"Declaraciones\"],\"inLanguage\":\"es\"},{\"@type\":\"WebPage\",\"@id\":\"https:\\\/\\\/www.un.org\\\/pga\\\/73\\\/2019\\\/01\\\/15\\\/handover-ceremony-of-the-chairmanship-of-g-77-and-china\\\/\",\"url\":\"https:\\\/\\\/www.un.org\\\/pga\\\/73\\\/2019\\\/01\\\/15\\\/handover-ceremony-of-the-chairmanship-of-g-77-and-china\\\/\",\"name\":\"Ceremonia de traspaso de la Presidencia del G-77 y China - Asamblea General de las Naciones Unidas\",\"isPartOf\":{\"@id\":\"https:\\\/\\\/www.un.org\\\/pga\\\/73\\\/#website\"},\"primaryImageOfPage\":{\"@id\":\"https:\\\/\\\/www.un.org\\\/pga\\\/73\\\/2019\\\/01\\\/15\\\/handover-ceremony-of-the-chairmanship-of-g-77-and-china\\\/#primaryimage\"},\"image\":{\"@id\":\"https:\\\/\\\/www.un.org\\\/pga\\\/73\\\/2019\\\/01\\\/15\\\/handover-ceremony-of-the-chairmanship-of-g-77-and-china\\\/#primaryimage\"},\"thumbnailUrl\":\"https:\\\/\\\/www.un.org\\\/pga\\\/wp-content\\\/uploads\\\/sites\\\/53\\\/2019\\\/01\\\/G77-Ceremony.jpg\",\"datePublished\":\"2019-01-15T14:44:29+00:00\",\"dateModified\":\"2019-01-16T20:03:58+00:00\",\"breadcrumb\":{\"@id\":\"https:\\\/\\\/www.un.org\\\/pga\\\/73\\\/2019\\\/01\\\/15\\\/handover-ceremony-of-the-chairmanship-of-g-77-and-china\\\/#breadcrumb\"},\"inLanguage\":\"es\",\"potentialAction\":[{\"@type\":\"ReadAction\",\"target\":[\"https:\\\/\\\/www.un.org\\\/pga\\\/73\\\/2019\\\/01\\\/15\\\/handover-ceremony-of-the-chairmanship-of-g-77-and-china\\\/\"]}]},{\"@type\":\"ImageObject\",\"inLanguage\":\"es\",\"@id\":\"https:\\\/\\\/www.un.org\\\/pga\\\/73\\\/2019\\\/01\\\/15\\\/handover-ceremony-of-the-chairmanship-of-g-77-and-china\\\/#primaryimage\",\"url\":\"https:\\\/\\\/www.un.org\\\/pga\\\/wp-content\\\/uploads\\\/sites\\\/53\\\/2019\\\/01\\\/G77-Ceremony.jpg\",\"contentUrl\":\"https:\\\/\\\/www.un.org\\\/pga\\\/wp-content\\\/uploads\\\/sites\\\/53\\\/2019\\\/01\\\/G77-Ceremony.jpg\",\"width\":824,\"height\":549},{\"@type\":\"BreadcrumbList\",\"@id\":\"https:\\\/\\\/www.un.org\\\/pga\\\/73\\\/2019\\\/01\\\/15\\\/handover-ceremony-of-the-chairmanship-of-g-77-and-china\\\/#breadcrumb\",\"itemListElement\":[{\"@type\":\"ListItem\",\"position\":1,\"name\":\"Home\",\"item\":\"https:\\\/\\\/www.un.org\\\/pga\\\/73\\\/es\\\/\"},{\"@type\":\"ListItem\",\"position\":2,\"name\":\"Ceremonia de traspaso de la Presidencia del G-77 y China\"}]},{\"@type\":\"WebSite\",\"@id\":\"https:\\\/\\\/www.un.org\\\/pga\\\/73\\\/#website\",\"url\":\"https:\\\/\\\/www.un.org\\\/pga\\\/73\\\/\",\"name\":\"General Assembly of the United Nations\",\"description\":\"Presidenta del 73\u00b0 per\u00edodo de sesiones\",\"publisher\":{\"@id\":\"https:\\\/\\\/www.un.org\\\/pga\\\/73\\\/#organization\"},\"potentialAction\":[{\"@type\":\"SearchAction\",\"target\":{\"@type\":\"EntryPoint\",\"urlTemplate\":\"https:\\\/\\\/www.un.org\\\/pga\\\/73\\\/?s={search_term_string}\"},\"query-input\":{\"@type\":\"PropertyValueSpecification\",\"valueRequired\":true,\"valueName\":\"search_term_string\"}}],\"inLanguage\":\"es\"},{\"@type\":\"Organization\",\"@id\":\"https:\\\/\\\/www.un.org\\\/pga\\\/73\\\/#organization\",\"name\":\"General Assembly of the United Nations\",\"url\":\"https:\\\/\\\/www.un.org\\\/pga\\\/73\\\/\",\"logo\":{\"@type\":\"ImageObject\",\"inLanguage\":\"es\",\"@id\":\"https:\\\/\\\/www.un.org\\\/pga\\\/73\\\/#\\\/schema\\\/logo\\\/image\\\/\",\"url\":\"https:\\\/\\\/www.un.org\\\/pga\\\/wp-content\\\/uploads\\\/sites\\\/53\\\/2018\\\/07\\\/18-00066a_Ä¢¹½ÊÓÆµGA73_Logos-no-type-04.png\",\"contentUrl\":\"https:\\\/\\\/www.un.org\\\/pga\\\/wp-content\\\/uploads\\\/sites\\\/53\\\/2018\\\/07\\\/18-00066a_Ä¢¹½ÊÓÆµGA73_Logos-no-type-04.png\",\"width\":529,\"height\":601,\"caption\":\"General Assembly of the United Nations\"},\"image\":{\"@id\":\"https:\\\/\\\/www.un.org\\\/pga\\\/73\\\/#\\\/schema\\\/logo\\\/image\\\/\"}},{\"@type\":\"Person\",\"@id\":\"https:\\\/\\\/www.un.org\\\/pga\\\/73\\\/#\\\/schema\\\/person\\\/af470bea9354ed1b453ade6d22b5c9ee\",\"name\":\"Denise Kling\",\"image\":{\"@type\":\"ImageObject\",\"inLanguage\":\"es\",\"@id\":\"https:\\\/\\\/secure.gravatar.com\\\/avatar\\\/b5fdae9d2ae28ca0f434202f2c9b6f29640a2b757fdbaa4592687900a399db3d?s=96&d=mm&r=g\",\"url\":\"https:\\\/\\\/secure.gravatar.com\\\/avatar\\\/b5fdae9d2ae28ca0f434202f2c9b6f29640a2b757fdbaa4592687900a399db3d?s=96&d=mm&r=g\",\"contentUrl\":\"https:\\\/\\\/secure.gravatar.com\\\/avatar\\\/b5fdae9d2ae28ca0f434202f2c9b6f29640a2b757fdbaa4592687900a399db3d?s=96&d=mm&r=g\",\"caption\":\"Denise Kling\"},\"url\":\"https:\\\/\\\/www.un.org\\\/pga\\\/73\\\/es\\\/author\\\/denise-klingun-org\\\/\"}]}<\/script>\n<!-- \/ Yoast SEO plugin. -->","yoast_head_json":{"title":"Ceremonia de traspaso de la Presidencia del G-77 y China - Asamblea General de las Naciones Unidas","robots":{"index":"index","follow":"follow","max-snippet":"max-snippet:-1","max-image-preview":"max-image-preview:large","max-video-preview":"max-video-preview:-1"},"canonical":"https:\/\/www.un.org\/pga\/73\/2019\/01\/15\/handover-ceremony-of-the-chairmanship-of-g-77-and-china\/","og_locale":"es_ES","og_type":"article","og_title":"Ceremonia de traspaso de la Presidencia del G-77 y China - Asamblea General de las Naciones Unidas","og_description":"INTERVENCI\u00d3N DE LA PRESIDENTA DEL 73\u00ba PERIODO DE SESIONES DE LA ASAMBLEA GENERAL, S.E. MARIA FERNANDA ESPINOSA- Ceremonia de traspaso de la Presidencia del G-77 y China","og_url":"https:\/\/www.un.org\/pga\/73\/2019\/01\/15\/handover-ceremony-of-the-chairmanship-of-g-77-and-china\/","og_site_name":"Asamblea General de las Naciones Unidas","article_published_time":"2019-01-15T14:44:29+00:00","article_modified_time":"2019-01-16T20:03:58+00:00","og_image":[{"width":824,"height":549,"url":"https:\/\/www.un.org\/pga\/wp-content\/uploads\/sites\/53\/2019\/01\/G77-Ceremony.jpg","type":"image\/jpeg"}],"author":"Denise Kling","twitter_card":"summary_large_image","twitter_misc":{"Escrito por":"Denise Kling","Tiempo de lectura":"9 minutos"},"schema":{"@context":"https:\/\/schema.org","@graph":[{"@type":"Article","@id":"https:\/\/www.un.org\/pga\/73\/2019\/01\/15\/handover-ceremony-of-the-chairmanship-of-g-77-and-china\/#article","isPartOf":{"@id":"https:\/\/www.un.org\/pga\/73\/2019\/01\/15\/handover-ceremony-of-the-chairmanship-of-g-77-and-china\/"},"author":{"name":"Denise Kling","@id":"https:\/\/www.un.org\/pga\/73\/#\/schema\/person\/af470bea9354ed1b453ade6d22b5c9ee"},"headline":"Ceremonia de traspaso de la Presidencia del G-77 y China","datePublished":"2019-01-15T14:44:29+00:00","dateModified":"2019-01-16T20:03:58+00:00","mainEntityOfPage":{"@id":"https:\/\/www.un.org\/pga\/73\/2019\/01\/15\/handover-ceremony-of-the-chairmanship-of-g-77-and-china\/"},"wordCount":1889,"publisher":{"@id":"https:\/\/www.un.org\/pga\/73\/#organization"},"image":{"@id":"https:\/\/www.un.org\/pga\/73\/2019\/01\/15\/handover-ceremony-of-the-chairmanship-of-g-77-and-china\/#primaryimage"},"thumbnailUrl":"https:\/\/www.un.org\/pga\/wp-content\/uploads\/sites\/53\/2019\/01\/G77-Ceremony.jpg","articleSection":["Declaraciones"],"inLanguage":"es"},{"@type":"WebPage","@id":"https:\/\/www.un.org\/pga\/73\/2019\/01\/15\/handover-ceremony-of-the-chairmanship-of-g-77-and-china\/","url":"https:\/\/www.un.org\/pga\/73\/2019\/01\/15\/handover-ceremony-of-the-chairmanship-of-g-77-and-china\/","name":"Ceremonia de traspaso de la Presidencia del G-77 y China - Asamblea General de las Naciones Unidas","isPartOf":{"@id":"https:\/\/www.un.org\/pga\/73\/#website"},"primaryImageOfPage":{"@id":"https:\/\/www.un.org\/pga\/73\/2019\/01\/15\/handover-ceremony-of-the-chairmanship-of-g-77-and-china\/#primaryimage"},"image":{"@id":"https:\/\/www.un.org\/pga\/73\/2019\/01\/15\/handover-ceremony-of-the-chairmanship-of-g-77-and-china\/#primaryimage"},"thumbnailUrl":"https:\/\/www.un.org\/pga\/wp-content\/uploads\/sites\/53\/2019\/01\/G77-Ceremony.jpg","datePublished":"2019-01-15T14:44:29+00:00","dateModified":"2019-01-16T20:03:58+00:00","breadcrumb":{"@id":"https:\/\/www.un.org\/pga\/73\/2019\/01\/15\/handover-ceremony-of-the-chairmanship-of-g-77-and-china\/#breadcrumb"},"inLanguage":"es","potentialAction":[{"@type":"ReadAction","target":["https:\/\/www.un.org\/pga\/73\/2019\/01\/15\/handover-ceremony-of-the-chairmanship-of-g-77-and-china\/"]}]},{"@type":"ImageObject","inLanguage":"es","@id":"https:\/\/www.un.org\/pga\/73\/2019\/01\/15\/handover-ceremony-of-the-chairmanship-of-g-77-and-china\/#primaryimage","url":"https:\/\/www.un.org\/pga\/wp-content\/uploads\/sites\/53\/2019\/01\/G77-Ceremony.jpg","contentUrl":"https:\/\/www.un.org\/pga\/wp-content\/uploads\/sites\/53\/2019\/01\/G77-Ceremony.jpg","width":824,"height":549},{"@type":"BreadcrumbList","@id":"https:\/\/www.un.org\/pga\/73\/2019\/01\/15\/handover-ceremony-of-the-chairmanship-of-g-77-and-china\/#breadcrumb","itemListElement":[{"@type":"ListItem","position":1,"name":"Home","item":"https:\/\/www.un.org\/pga\/73\/es\/"},{"@type":"ListItem","position":2,"name":"Ceremonia de traspaso de la Presidencia del G-77 y China"}]},{"@type":"WebSite","@id":"https:\/\/www.un.org\/pga\/73\/#website","url":"https:\/\/www.un.org\/pga\/73\/","name":"General Assembly of the United Nations","description":"Presidenta del 73\u00b0 per\u00edodo de sesiones","publisher":{"@id":"https:\/\/www.un.org\/pga\/73\/#organization"},"potentialAction":[{"@type":"SearchAction","target":{"@type":"EntryPoint","urlTemplate":"https:\/\/www.un.org\/pga\/73\/?s={search_term_string}"},"query-input":{"@type":"PropertyValueSpecification","valueRequired":true,"valueName":"search_term_string"}}],"inLanguage":"es"},{"@type":"Organization","@id":"https:\/\/www.un.org\/pga\/73\/#organization","name":"General Assembly of the United Nations","url":"https:\/\/www.un.org\/pga\/73\/","logo":{"@type":"ImageObject","inLanguage":"es","@id":"https:\/\/www.un.org\/pga\/73\/#\/schema\/logo\/image\/","url":"https:\/\/www.un.org\/pga\/wp-content\/uploads\/sites\/53\/2018\/07\/18-00066a_Ä¢¹½ÊÓÆµGA73_Logos-no-type-04.png","contentUrl":"https:\/\/www.un.org\/pga\/wp-content\/uploads\/sites\/53\/2018\/07\/18-00066a_Ä¢¹½ÊÓÆµGA73_Logos-no-type-04.png","width":529,"height":601,"caption":"General Assembly of the United Nations"},"image":{"@id":"https:\/\/www.un.org\/pga\/73\/#\/schema\/logo\/image\/"}},{"@type":"Person","@id":"https:\/\/www.un.org\/pga\/73\/#\/schema\/person\/af470bea9354ed1b453ade6d22b5c9ee","name":"Denise Kling","image":{"@type":"ImageObject","inLanguage":"es","@id":"https:\/\/secure.gravatar.com\/avatar\/b5fdae9d2ae28ca0f434202f2c9b6f29640a2b757fdbaa4592687900a399db3d?s=96&d=mm&r=g","url":"https:\/\/secure.gravatar.com\/avatar\/b5fdae9d2ae28ca0f434202f2c9b6f29640a2b757fdbaa4592687900a399db3d?s=96&d=mm&r=g","contentUrl":"https:\/\/secure.gravatar.com\/avatar\/b5fdae9d2ae28ca0f434202f2c9b6f29640a2b757fdbaa4592687900a399db3d?s=96&d=mm&r=g","caption":"Denise Kling"},"url":"https:\/\/www.un.org\/pga\/73\/es\/author\/denise-klingun-org\/"}]}},"_links":{"self":[{"href":"https:\/\/www.un.org\/pga\/73\/es\/wp-json\/wp\/v2\/posts\/175618","targetHints":{"allow":["GET"]}}],"collection":[{"href":"https:\/\/www.un.org\/pga\/73\/es\/wp-json\/wp\/v2\/posts"}],"about":[{"href":"https:\/\/www.un.org\/pga\/73\/es\/wp-json\/wp\/v2\/types\/post"}],"author":[{"embeddable":true,"href":"https:\/\/www.un.org\/pga\/73\/es\/wp-json\/wp\/v2\/users\/266"}],"replies":[{"embeddable":true,"href":"https:\/\/www.un.org\/pga\/73\/es\/wp-json\/wp\/v2\/comments?post=175618"}],"version-history":[{"count":0,"href":"https:\/\/www.un.org\/pga\/73\/es\/wp-json\/wp\/v2\/posts\/175618\/revisions"}],"wp:featuredmedia":[{"embeddable":true,"href":"https:\/\/www.un.org\/pga\/73\/es\/wp-json\/wp\/v2\/media\/175594"}],"wp:attachment":[{"href":"https:\/\/www.un.org\/pga\/73\/es\/wp-json\/wp\/v2\/media?parent=175618"}],"wp:term":[{"taxonomy":"category","embeddable":true,"href":"https:\/\/www.un.org\/pga\/73\/es\/wp-json\/wp\/v2\/categories?post=175618"},{"taxonomy":"post_tag","embeddable":true,"href":"https:\/\/www.un.org\/pga\/73\/es\/wp-json\/wp\/v2\/tags?post=175618"}],"curies":[{"name":"wp","href":"https:\/\/api.w.org\/{rel}","templated":true}]}}