  {"id":177730,"date":"2019-02-04T20:59:13","date_gmt":"2019-02-05T01:59:13","guid":{"rendered":"https:\/\/www.un.org\/pga\/73\/2019\/02\/04\/informal-meeting-with-former-presidents-of-the-general-assembly\/"},"modified":"2019-02-05T12:19:12","modified_gmt":"2019-02-05T17:19:12","slug":"informal-meeting-with-former-presidents-of-the-general-assembly","status":"publish","type":"post","link":"https:\/\/www.un.org\/pga\/73\/es\/2019\/02\/04\/informal-meeting-with-former-presidents-of-the-general-assembly\/","title":{"rendered":"Reuni\u00f3n informal con los ex presidentes de la Asamblea General sobre el tema: \u201cRevitalizaci\u00f3n de las Naciones Unidas para favorecer un sistema multilateral fuerte\u201d"},"content":{"rendered":"<p>[et_pb_section bb_built=\u00bb1&#8243;][et_pb_row][et_pb_column type=\u00bb4_4&#8243;][et_pb_text _builder_version=\u00bb3.17.4&#8243; border_style=\u00bbsolid\u00bb background_position=\u00bbtop_left\u00bb background_repeat=\u00bbrepeat\u00bb background_size=\u00bbinitial\u00bb]<\/p>\n<p style=\"text-align: center\"><strong><em>&#8211; Como Pronunciado &#8211;<\/em><\/strong><\/p>\n<p class=\"Cuerpo\" style=\"margin: 6pt 0in;text-align: left\" align=\"center\"><span class=\"Ninguno\"><b><span lang=\"ES-TRAD\" style=\"font-size: 13.0pt\">INTERVENCI\u00d3N DE LA PRESIDENTA DE 73\u00b0 PERIODO DE LA ASAMBLEA GENERAL, S.E. MARIA FERNANDA ESPINOSA <\/span><\/b><\/span><\/p>\n<p><strong><span class=\"updated\">Febrero 4, 2019<\/span><\/strong><\/p>\n<p><img loading=\"lazy\" decoding=\"async\" class=\"alignleft wp-image-177691 \" src=\"https:\/\/www.un.org\/pga\/73\/wp-content\/uploads\/sites\/53\/2019\/02\/PGAs-speech-300x200.jpg\" alt=\"\" width=\"341\" height=\"227\" srcset=\"https:\/\/www.un.org\/pga\/wp-content\/uploads\/sites\/53\/2019\/02\/PGAs-speech-300x200.jpg 300w, https:\/\/www.un.org\/pga\/wp-content\/uploads\/sites\/53\/2019\/02\/PGAs-speech-150x100.jpg 150w, https:\/\/www.un.org\/pga\/wp-content\/uploads\/sites\/53\/2019\/02\/PGAs-speech-768x512.jpg 768w, https:\/\/www.un.org\/pga\/wp-content\/uploads\/sites\/53\/2019\/02\/PGAs-speech-1024x683.jpg 1024w, https:\/\/www.un.org\/pga\/wp-content\/uploads\/sites\/53\/2019\/02\/PGAs-speech-1080x720.jpg 1080w, https:\/\/www.un.org\/pga\/wp-content\/uploads\/sites\/53\/2019\/02\/PGAs-speech.jpg 2048w\" sizes=\"(max-width: 341px) 100vw, 341px\" \/><\/p>\n<p><em>Su Excelencia Miroslav Laj\u010d\u00e1k,<\/em><\/p>\n<p><em>Su Excelencia Peter Thomson,<\/em><\/p>\n<p><em>Su Excelencia Mogens Lykketoft,<\/em><\/p>\n<p><em>Su Excelencia Vuk Jeremi\u0107,<\/em><\/p>\n<p><em>Su Excelencia Joseph Deiss,<\/em><\/p>\n<p><em>Su Excelencia Sheikha Haya Rashed Al Khalifa,<\/em><\/p>\n<p><em>Su Excelencia Jan Eliasson,<\/em><\/p>\n<p><em>Excelencias, Estimados Delegados y delegadas,<\/em><\/p>\n<p>Tengo el honor de compartir este podio con quienes me han precedido en la Presidencia de la Asamblea General, cuya presencia el d\u00eda de hoy nos honra y refleja su compromiso con la vigencia de los principios y valores de las Naciones Unidas. Tambi\u00e9n reconozco el apoyo de otros ex &#8211; Presidentes de la Asamblea que por distintos motivos no pudieron acompa\u00f1arnos hoy.<\/p>\n<p>Esta es una oportunidad \u00fanica. No estoy segura que alguna vez se haya reunido a ocho Presidentes de la Asamblea General en esta sede. Ciertamente nos beneficiaremos de su sabidur\u00eda y amplia experiencia, para revitalizar nuestra Organizaci\u00f3n, revisar nuestros m\u00e9todos de trabajo y aportar a un multilateralismo eficaz.<\/p>\n<p>Perm\u00edtanme subrayar la contribuci\u00f3n especial de las mujeres a esta Oficina. Adem\u00e1s de Sheikha Haya Al-Khalifa, que hoy nos acompa\u00f1a, quisiera rendir un homenaje especial a Vijaya Lakshmi Pandit, de la India, y a Angie Elizabeth Brooks de Liberia, que me precedieron en 1953 y 1969 respectivamente.<\/p>\n<p>[\/et_pb_text][\/et_pb_column][\/et_pb_row][et_pb_row][et_pb_column type=\u00bb1_2&#8243;][et_pb_text _builder_version=\u00bb3.17.4&#8243;]<\/p>\n<p><em>Excelencias,<\/em><\/p>\n<p>Hoy estamos aqu\u00ed para destacar el valor de la Asamblea General como el \u00f3rgano m\u00e1s democr\u00e1tico y representativo de las Naciones Unidas y el rol irreemplazable del multilateralismo.<\/p>\n<p>La cooperaci\u00f3n y la acci\u00f3n multilateral son indispensables para responder a los retos globales, como por ejemplo el desaf\u00edo existencial del cambio clim\u00e1tico o la migraci\u00f3n internacional. Sin embargo, nos encontramos en un momento en el que el unilateralismo y el nacionalismo extremos est\u00e1n creciendo. Ante eso, debemos saber responder esta pregunta clave, \u00bfcu\u00e1l es el valor agregado de la ONU en el contexto de la Globalizaci\u00f3n? Esta es una pregunta que nos hicimos e intentamos responder esta ma\u00f1ana, luego de una fruct\u00edfera reuni\u00f3n con los ex Presidentes de la Asamblea General.<\/p>\n<p>As\u00ed tambi\u00e9n, acercar las Naciones Unidas a la gente debe ser un esfuerzo de todos: de los medios de comunicaci\u00f3n, de los l\u00edderes pol\u00edticos, de todos los \u00d3rganos que conforman esta Organizaci\u00f3n.<\/p>\n<p>[\/et_pb_text][\/et_pb_column][et_pb_column type=\u00bb1_2&#8243;][et_pb_code _builder_version=\u00bb3.17.4&#8243;]\n<!-- iframe plugin v.6.0 wordpress.org\/plugins\/iframe\/ -->\n<iframe loading=\"lazy\" width=\"100%\" height=\"250\" src=\"\/\/www.un.org\/webcast\/1362235914001\/B1J3DDQJf_default\/index.html?videoId=5998337767001\" scrolling=\"yes\" class=\"iframe-class\" frameborder=\"0\"><\/iframe>\n<!-- [et_pb_line_break_holder] --><!-- [et_pb_line_break_holder] -->[\/et_pb_code][\/et_pb_column][\/et_pb_row][et_pb_row][et_pb_column type=\u00bb4_4&#8243;][et_pb_text _builder_version=\u00bb3.17.4&#8243;]<\/p>\n<p><em>Queridos colegas,<\/em><\/p>\n<p>Para fortalecer un sistema internacional basado en reglas y afrontar los desaf\u00edos que persisten, recibimos el respaldo de la inmensa mayor\u00eda de Jefes de Estado y de Gobierno durante el segmento de alto nivel de la Asamblea General en septiembre pasado.<\/p>\n<p>Debemos redoblar nuestros esfuerzos para contrarrestar la percepci\u00f3n de que el multilateralismo es una amenaza para la soberan\u00eda. Por el contrario, es la \u00fanica herramienta con la que cuentan los pa\u00edses en desarrollo, y todos los pa\u00edses del mundo, para asegurar la igualdad soberana de los Estados.<\/p>\n<p>El multilateralismo es la \u00fanica v\u00eda para asegurar el inter\u00e9s nacional en un mundo interdependiente. Ning\u00fan pa\u00eds puede, por s\u00ed s\u00f3lo, por m\u00e1s poderoso que sea, enfrentar eficazmente el problema mundial de las drogas, el terrorismo, el crimen internacional organizado, el tr\u00e1fico de personas.<\/p>\n<p>Ahora, para tener un multilateralismo fuerte y eficaz, necesitamos una Asamblea General m\u00e1s fuerte, unas Naciones Unidas m\u00e1s eficientes.<\/p>\n<p>Este es la raz\u00f3n por la cual establec\u00ed la revitalizaci\u00f3n de las Naciones Unidas como una de mis prioridades para este periodo de sesiones. La presencia de los ex-Presidentes de la Asamblea General contribuir\u00e1 a este prop\u00f3sito.<\/p>\n<p>Perm\u00edtanme enfocarme brevemente en algunos aspectos centrales para guiar nuestro di\u00e1logo.<\/p>\n<p>Primero, el proceso intergubernamental relacionado con la revitalizaci\u00f3n de la Asamblea General.<\/p>\n<p>Necesitamos mantener la prioridad del Debate General como un foro central para que los l\u00edderes mundiales discutan los problemas globales m\u00e1s apremiantes, y que sean escuchados, esto implicar\u00e1 la racionalizaci\u00f3n de las reuniones y actividades paralelas.<\/p>\n<p>Los procesos de selecci\u00f3n del Secretario General y de la Presidencia de la Asamblea General mejoraron sustantivamente en los \u00faltimos a\u00f1os. Debemos considerar procesos similares para otros nombramientos de alto nivel en esta Organizaci\u00f3n.<\/p>\n<p>Adicionalmente, mis antecesores ciertamente estar\u00e1n de acuerdo sobre la necesidad de fortalecer la Oficina de la Presidencia de la Asamblea para garantizar su efectividad. Se requiere una estructura institucional que brinde mayor apoyo a la Oficina, una mejor rendici\u00f3n de cuentas, transparencia y la autoridad necesaria para responder a las constantes y crecientes actividades y mandatos.<\/p>\n<p>Debemos abordar retos relacionados con la dotaci\u00f3n de personal y la movilizaci\u00f3n de los fondos necesarios para asegurar recursos sostenibles y predecibles.<\/p>\n<p>Esto tambi\u00e9n incluye la importancia de considerar fechas alternativas para el inicio de la sesi\u00f3n regular de la Asamblea General, para darle suficiente tiempo a los Presidentes entrantes para preparar adecuadamente el trabajo de la Asamblea, previo al Debate General y a la sesi\u00f3n principal.<\/p>\n<p>Segundo, quiero subrayar la importancia cr\u00edtica de mejorar la forma en la que operamos en la ONU. Nuestros recursos y tiempo son limitados, mientras que las m\u00faltiples y complejas necesidades de nuestra Organizaci\u00f3n siempre van en aumento.<\/p>\n<p>Tenemos que revisar la posibilidad de optimizar nuestras agendas para responder al creciente n\u00famero de temas, resoluciones y negociaciones. Tenemos que evitar repeticiones, duplicaciones, y dedicar m\u00e1s tiempo a acompa\u00f1ar y evaluar la implementaci\u00f3n de las resoluciones y decisiones de los Estados Miembros.<\/p>\n<p>[\/et_pb_text][et_pb_testimonial _builder_version=\u00bb3.17.4&#8243; author=\u00bbMar\u00eda Fernanda Espinosa Garc\u00e9s\u00bb portrait_url=\u00bbhttps:\/\/www.un.org\/pga\/73\/wp-content\/uploads\/sites\/53\/2018\/09\/PGA-73084-e1537294481964.jpg\u00bb border_style=\u00bbsolid\u00bb job_title=\u00bbPRESIDENTA DE 73\u00b0 PERIODO DE LA ASAMBLEA GENERAL\u00bb quote_icon_background_color=\u00bb#f5f5f5&#8243; background_position=\u00bbtop_left\u00bb background_repeat=\u00bbrepeat\u00bb background_size=\u00bbinitial\u00bb quote_icon_color=\u00bb#00aff8&#8243;]<\/p>\n<p><span style=\"color: #0000ff\">Hoy estamos aqu\u00ed para destacar el valor de la Asamblea General como el \u00f3rgano m\u00e1s democr\u00e1tico y representativo de las Naciones Unidas y el rol irreemplazable del multilateralismo.<\/span><\/p>\n<p>[\/et_pb_testimonial][et_pb_text _builder_version=\u00bb3.17.4&#8243; border_style=\u00bbsolid\u00bb background_position=\u00bbtop_left\u00bb background_repeat=\u00bbrepeat\u00bb background_size=\u00bbinitial\u00bb]<\/p>\n<p>Tercero, tenemos el gran reto de implementar el proceso de reforma que aprobamos el a\u00f1o pasado. Por ello, apoyar al Secretario General para afianzar y ejecutar la reforma en el terreno y en esta casa es vital para nuestra credibilidad y eficiencia.<\/p>\n<p>Cuarto, la necesidad de avanzar en el cumplimiento por parte de los Estados de los Objetivos de Desarrollo Sostenible y sus metas. La Agenda 2030 es una joya del multilateralismo. Elev\u00f3 las expectativas de todo el mundo para contar con un mejor futuro para todas las personas. Debemos cumplir con el objetivo central de \u201cno dejar a nadie atr\u00e1s\u201d.<\/p>\n<p>Tras m\u00e1s de tres a\u00f1os de implementaci\u00f3n, el Foro Pol\u00edtico de Alto Nivel que se convocar\u00e1 este a\u00f1o bajo el auspicio del ECOSOC y de la Asamblea General nos permitir\u00e1 acelerar el paso y poder cumplir con la Agenda 2030 dentro del plazo acordado.<\/p>\n<p>En quinto lugar, es necesario tambi\u00e9n un sincero compromiso a favor de los acuerdos que con mucho esfuerzo hemos adoptado para enfrentar de manera conjunta los grandes retos globales. Esto incluye el Acuerdo de Par\u00eds y su Plan de Trabajo.<\/p>\n<p>Esto incluye tambi\u00e9n el Pacto Mundial para una Migraci\u00f3n Segura, Ordenada y Regular.<\/p>\n<p>Desde luego que no podemos hablar sobre la relevancia de las Naciones Unidas si ignoramos el problema crucial de la reforma del Consejo de Seguridad. Ciertamente, su composici\u00f3n actual, establecida hace m\u00e1s de setenta a\u00f1os, ya no refleja la realidad pol\u00edtica del mundo.<\/p>\n<p>Necesitamos mejorar su eficacia, su legitimidad y la implementaci\u00f3n de sus decisiones. Avanzar en este asunto ser\u00e1 el reflejo de nuestra habilidad colectiva para enfrentar los principales retos en materia de paz y seguridad.<\/p>\n<p>En conclusi\u00f3n, conforme nos preparamos para la celebraci\u00f3n del septuag\u00e9simo quinto aniversario de la creaci\u00f3n de las Naciones Unidas, tenemos la oportunidad \u00fanica de avanzar hacia una verdadera revitalizaci\u00f3n de la Organizaci\u00f3n.<\/p>\n<p>Les agradezco, ex Presidentes, por su presencia aqu\u00ed, por sus aportes a este di\u00e1logo que es ahora m\u00e1s necesario que nunca. Gracias por su compromiso y les invito a continuar apoyando, desde sus respectivos pa\u00edses y \u00e1mbitos de trabajo, el fortalecimiento de la Asamblea General y de toda las Naciones Unidas.<\/p>\n<p>Muchas gracias.<\/p>\n<p>[\/et_pb_text][\/et_pb_column][\/et_pb_row][\/et_pb_section]<\/p>\n","protected":false},"excerpt":{"rendered":"<p>INTERVENCI\u00d3N DE LA PRESIDENTA DE 73\u00b0 PERIODO DE LA ASAMBLEA GENERAL, S.E. MARIA FERNANDA ESPINOSA<br \/>\nReuni\u00f3n informal con los ex presidentes de la Asamblea General sobre el tema: \u201cRevitalizaci\u00f3n de las Naciones Unidas para favorecer un sistema multilateral fuerte\u201d<\/p>\n","protected":false},"author":266,"featured_media":177724,"comment_status":"closed","ping_status":"closed","sticky":false,"template":"","format":"standard","meta":{"_et_pb_use_builder":"on","_et_pb_old_content":"","_et_gb_content_width":"","footnotes":"","_links_to":"","_links_to_target":""},"categories":[181],"tags":[],"class_list":["post-177730","post","type-post","status-publish","format-standard","has-post-thumbnail","hentry","category-statements-es","et-has-post-format-content","et_post_format-et-post-format-standard"],"yoast_head":"<!-- This site is optimized with the Yoast SEO plugin v28.3 - https:\/\/yoast.com\/product\/yoast-seo-wordpress\/ -->\n<title>Reuni\u00f3n informal con los ex presidentes de la Asamblea General sobre el tema: \u201cRevitalizaci\u00f3n de las Naciones Unidas para favorecer un sistema multilateral fuerte\u201d - Asamblea General de las Naciones Unidas<\/title>\n<meta name=\"robots\" content=\"index, follow, max-snippet:-1, max-image-preview:large, max-video-preview:-1\" \/>\n<link rel=\"canonical\" href=\"https:\/\/www.un.org\/pga\/73\/2019\/02\/04\/informal-meeting-with-former-presidents-of-the-general-assembly\/\" \/>\n<meta property=\"og:locale\" content=\"es_ES\" \/>\n<meta property=\"og:type\" content=\"article\" \/>\n<meta property=\"og:title\" content=\"Reuni\u00f3n informal con los ex presidentes de la Asamblea General sobre el tema: \u201cRevitalizaci\u00f3n de las Naciones Unidas para favorecer un sistema multilateral fuerte\u201d - Asamblea General de las Naciones Unidas\" \/>\n<meta property=\"og:description\" content=\"INTERVENCI\u00d3N DE LA PRESIDENTA DE 73\u00b0 PERIODO DE LA ASAMBLEA GENERAL, S.E. MARIA FERNANDA ESPINOSA  Reuni\u00f3n informal con los ex presidentes de la Asamblea General sobre el tema: \u201cRevitalizaci\u00f3n de las Naciones Unidas para favorecer un sistema multilateral fuerte\u201d\" \/>\n<meta property=\"og:url\" content=\"https:\/\/www.un.org\/pga\/73\/2019\/02\/04\/informal-meeting-with-former-presidents-of-the-general-assembly\/\" \/>\n<meta property=\"og:site_name\" content=\"Asamblea General de las Naciones Unidas\" \/>\n<meta property=\"article:published_time\" content=\"2019-02-05T01:59:13+00:00\" \/>\n<meta property=\"article:modified_time\" content=\"2019-02-05T17:19:12+00:00\" \/>\n<meta property=\"og:image\" content=\"https:\/\/www.un.org\/pga\/wp-content\/uploads\/sites\/53\/2019\/02\/796954-Special-Event-04_02_2019-14.58.49.jpg\" \/>\n\t<meta property=\"og:image:width\" content=\"5080\" \/>\n\t<meta property=\"og:image:height\" content=\"3300\" \/>\n\t<meta property=\"og:image:type\" content=\"image\/jpeg\" \/>\n<meta name=\"author\" content=\"Denise Kling\" \/>\n<meta name=\"twitter:card\" content=\"summary_large_image\" \/>\n<meta name=\"twitter:label1\" content=\"Escrito por\" \/>\n\t<meta name=\"twitter:data1\" content=\"Denise Kling\" \/>\n\t<meta name=\"twitter:label2\" content=\"Tiempo de lectura\" \/>\n\t<meta name=\"twitter:data2\" content=\"8 minutos\" \/>\n<script type=\"application\/ld+json\" class=\"yoast-schema-graph\">{\"@context\":\"https:\\\/\\\/schema.org\",\"@graph\":[{\"@type\":\"Article\",\"@id\":\"https:\\\/\\\/www.un.org\\\/pga\\\/73\\\/2019\\\/02\\\/04\\\/informal-meeting-with-former-presidents-of-the-general-assembly\\\/#article\",\"isPartOf\":{\"@id\":\"https:\\\/\\\/www.un.org\\\/pga\\\/73\\\/2019\\\/02\\\/04\\\/informal-meeting-with-former-presidents-of-the-general-assembly\\\/\"},\"author\":{\"name\":\"Denise Kling\",\"@id\":\"https:\\\/\\\/www.un.org\\\/pga\\\/73\\\/#\\\/schema\\\/person\\\/af470bea9354ed1b453ade6d22b5c9ee\"},\"headline\":\"Reuni\u00f3n informal con los ex presidentes de la Asamblea General sobre el tema: \u201cRevitalizaci\u00f3n de las Naciones Unidas para favorecer un sistema multilateral fuerte\u201d\",\"datePublished\":\"2019-02-05T01:59:13+00:00\",\"dateModified\":\"2019-02-05T17:19:12+00:00\",\"mainEntityOfPage\":{\"@id\":\"https:\\\/\\\/www.un.org\\\/pga\\\/73\\\/2019\\\/02\\\/04\\\/informal-meeting-with-former-presidents-of-the-general-assembly\\\/\"},\"wordCount\":1557,\"publisher\":{\"@id\":\"https:\\\/\\\/www.un.org\\\/pga\\\/73\\\/#organization\"},\"image\":{\"@id\":\"https:\\\/\\\/www.un.org\\\/pga\\\/73\\\/2019\\\/02\\\/04\\\/informal-meeting-with-former-presidents-of-the-general-assembly\\\/#primaryimage\"},\"thumbnailUrl\":\"https:\\\/\\\/www.un.org\\\/pga\\\/wp-content\\\/uploads\\\/sites\\\/53\\\/2019\\\/02\\\/796954-Special-Event-04_02_2019-14.58.49.jpg\",\"articleSection\":[\"Declaraciones\"],\"inLanguage\":\"es\"},{\"@type\":\"WebPage\",\"@id\":\"https:\\\/\\\/www.un.org\\\/pga\\\/73\\\/2019\\\/02\\\/04\\\/informal-meeting-with-former-presidents-of-the-general-assembly\\\/\",\"url\":\"https:\\\/\\\/www.un.org\\\/pga\\\/73\\\/2019\\\/02\\\/04\\\/informal-meeting-with-former-presidents-of-the-general-assembly\\\/\",\"name\":\"Reuni\u00f3n informal con los ex presidentes de la Asamblea General sobre el tema: \u201cRevitalizaci\u00f3n de las Naciones Unidas para favorecer un sistema multilateral fuerte\u201d - Asamblea General de las Naciones Unidas\",\"isPartOf\":{\"@id\":\"https:\\\/\\\/www.un.org\\\/pga\\\/73\\\/#website\"},\"primaryImageOfPage\":{\"@id\":\"https:\\\/\\\/www.un.org\\\/pga\\\/73\\\/2019\\\/02\\\/04\\\/informal-meeting-with-former-presidents-of-the-general-assembly\\\/#primaryimage\"},\"image\":{\"@id\":\"https:\\\/\\\/www.un.org\\\/pga\\\/73\\\/2019\\\/02\\\/04\\\/informal-meeting-with-former-presidents-of-the-general-assembly\\\/#primaryimage\"},\"thumbnailUrl\":\"https:\\\/\\\/www.un.org\\\/pga\\\/wp-content\\\/uploads\\\/sites\\\/53\\\/2019\\\/02\\\/796954-Special-Event-04_02_2019-14.58.49.jpg\",\"datePublished\":\"2019-02-05T01:59:13+00:00\",\"dateModified\":\"2019-02-05T17:19:12+00:00\",\"breadcrumb\":{\"@id\":\"https:\\\/\\\/www.un.org\\\/pga\\\/73\\\/2019\\\/02\\\/04\\\/informal-meeting-with-former-presidents-of-the-general-assembly\\\/#breadcrumb\"},\"inLanguage\":\"es\",\"potentialAction\":[{\"@type\":\"ReadAction\",\"target\":[\"https:\\\/\\\/www.un.org\\\/pga\\\/73\\\/2019\\\/02\\\/04\\\/informal-meeting-with-former-presidents-of-the-general-assembly\\\/\"]}]},{\"@type\":\"ImageObject\",\"inLanguage\":\"es\",\"@id\":\"https:\\\/\\\/www.un.org\\\/pga\\\/73\\\/2019\\\/02\\\/04\\\/informal-meeting-with-former-presidents-of-the-general-assembly\\\/#primaryimage\",\"url\":\"https:\\\/\\\/www.un.org\\\/pga\\\/wp-content\\\/uploads\\\/sites\\\/53\\\/2019\\\/02\\\/796954-Special-Event-04_02_2019-14.58.49.jpg\",\"contentUrl\":\"https:\\\/\\\/www.un.org\\\/pga\\\/wp-content\\\/uploads\\\/sites\\\/53\\\/2019\\\/02\\\/796954-Special-Event-04_02_2019-14.58.49.jpg\",\"width\":5080,\"height\":3300,\"caption\":\"PGA has closed meeting with former PGA's to discuss the revitalization of the GA\"},{\"@type\":\"BreadcrumbList\",\"@id\":\"https:\\\/\\\/www.un.org\\\/pga\\\/73\\\/2019\\\/02\\\/04\\\/informal-meeting-with-former-presidents-of-the-general-assembly\\\/#breadcrumb\",\"itemListElement\":[{\"@type\":\"ListItem\",\"position\":1,\"name\":\"Home\",\"item\":\"https:\\\/\\\/www.un.org\\\/pga\\\/73\\\/es\\\/\"},{\"@type\":\"ListItem\",\"position\":2,\"name\":\"Reuni\u00f3n informal con los ex presidentes de la Asamblea General sobre el tema: \u201cRevitalizaci\u00f3n de las Naciones Unidas para favorecer un sistema multilateral fuerte\u201d\"}]},{\"@type\":\"WebSite\",\"@id\":\"https:\\\/\\\/www.un.org\\\/pga\\\/73\\\/#website\",\"url\":\"https:\\\/\\\/www.un.org\\\/pga\\\/73\\\/\",\"name\":\"General Assembly of the United Nations\",\"description\":\"Presidenta del 73\u00b0 per\u00edodo de sesiones\",\"publisher\":{\"@id\":\"https:\\\/\\\/www.un.org\\\/pga\\\/73\\\/#organization\"},\"potentialAction\":[{\"@type\":\"SearchAction\",\"target\":{\"@type\":\"EntryPoint\",\"urlTemplate\":\"https:\\\/\\\/www.un.org\\\/pga\\\/73\\\/?s={search_term_string}\"},\"query-input\":{\"@type\":\"PropertyValueSpecification\",\"valueRequired\":true,\"valueName\":\"search_term_string\"}}],\"inLanguage\":\"es\"},{\"@type\":\"Organization\",\"@id\":\"https:\\\/\\\/www.un.org\\\/pga\\\/73\\\/#organization\",\"name\":\"General Assembly of the United Nations\",\"url\":\"https:\\\/\\\/www.un.org\\\/pga\\\/73\\\/\",\"logo\":{\"@type\":\"ImageObject\",\"inLanguage\":\"es\",\"@id\":\"https:\\\/\\\/www.un.org\\\/pga\\\/73\\\/#\\\/schema\\\/logo\\\/image\\\/\",\"url\":\"https:\\\/\\\/www.un.org\\\/pga\\\/wp-content\\\/uploads\\\/sites\\\/53\\\/2018\\\/07\\\/18-00066a_Ä¢¹½ÊÓÆµGA73_Logos-no-type-04.png\",\"contentUrl\":\"https:\\\/\\\/www.un.org\\\/pga\\\/wp-content\\\/uploads\\\/sites\\\/53\\\/2018\\\/07\\\/18-00066a_Ä¢¹½ÊÓÆµGA73_Logos-no-type-04.png\",\"width\":529,\"height\":601,\"caption\":\"General Assembly of the United Nations\"},\"image\":{\"@id\":\"https:\\\/\\\/www.un.org\\\/pga\\\/73\\\/#\\\/schema\\\/logo\\\/image\\\/\"}},{\"@type\":\"Person\",\"@id\":\"https:\\\/\\\/www.un.org\\\/pga\\\/73\\\/#\\\/schema\\\/person\\\/af470bea9354ed1b453ade6d22b5c9ee\",\"name\":\"Denise Kling\",\"image\":{\"@type\":\"ImageObject\",\"inLanguage\":\"es\",\"@id\":\"https:\\\/\\\/secure.gravatar.com\\\/avatar\\\/b5fdae9d2ae28ca0f434202f2c9b6f29640a2b757fdbaa4592687900a399db3d?s=96&d=mm&r=g\",\"url\":\"https:\\\/\\\/secure.gravatar.com\\\/avatar\\\/b5fdae9d2ae28ca0f434202f2c9b6f29640a2b757fdbaa4592687900a399db3d?s=96&d=mm&r=g\",\"contentUrl\":\"https:\\\/\\\/secure.gravatar.com\\\/avatar\\\/b5fdae9d2ae28ca0f434202f2c9b6f29640a2b757fdbaa4592687900a399db3d?s=96&d=mm&r=g\",\"caption\":\"Denise Kling\"},\"url\":\"https:\\\/\\\/www.un.org\\\/pga\\\/73\\\/es\\\/author\\\/denise-klingun-org\\\/\"}]}<\/script>\n<!-- \/ Yoast SEO plugin. -->","yoast_head_json":{"title":"Reuni\u00f3n informal con los ex presidentes de la Asamblea General sobre el tema: \u201cRevitalizaci\u00f3n de las Naciones Unidas para favorecer un sistema multilateral fuerte\u201d - Asamblea General de las Naciones Unidas","robots":{"index":"index","follow":"follow","max-snippet":"max-snippet:-1","max-image-preview":"max-image-preview:large","max-video-preview":"max-video-preview:-1"},"canonical":"https:\/\/www.un.org\/pga\/73\/2019\/02\/04\/informal-meeting-with-former-presidents-of-the-general-assembly\/","og_locale":"es_ES","og_type":"article","og_title":"Reuni\u00f3n informal con los ex presidentes de la Asamblea General sobre el tema: \u201cRevitalizaci\u00f3n de las Naciones Unidas para favorecer un sistema multilateral fuerte\u201d - Asamblea General de las Naciones Unidas","og_description":"INTERVENCI\u00d3N DE LA PRESIDENTA DE 73\u00b0 PERIODO DE LA ASAMBLEA GENERAL, S.E. MARIA FERNANDA ESPINOSA  Reuni\u00f3n informal con los ex presidentes de la Asamblea General sobre el tema: \u201cRevitalizaci\u00f3n de las Naciones Unidas para favorecer un sistema multilateral fuerte\u201d","og_url":"https:\/\/www.un.org\/pga\/73\/2019\/02\/04\/informal-meeting-with-former-presidents-of-the-general-assembly\/","og_site_name":"Asamblea General de las Naciones Unidas","article_published_time":"2019-02-05T01:59:13+00:00","article_modified_time":"2019-02-05T17:19:12+00:00","og_image":[{"width":5080,"height":3300,"url":"https:\/\/www.un.org\/pga\/wp-content\/uploads\/sites\/53\/2019\/02\/796954-Special-Event-04_02_2019-14.58.49.jpg","type":"image\/jpeg"}],"author":"Denise Kling","twitter_card":"summary_large_image","twitter_misc":{"Escrito por":"Denise Kling","Tiempo de lectura":"8 minutos"},"schema":{"@context":"https:\/\/schema.org","@graph":[{"@type":"Article","@id":"https:\/\/www.un.org\/pga\/73\/2019\/02\/04\/informal-meeting-with-former-presidents-of-the-general-assembly\/#article","isPartOf":{"@id":"https:\/\/www.un.org\/pga\/73\/2019\/02\/04\/informal-meeting-with-former-presidents-of-the-general-assembly\/"},"author":{"name":"Denise Kling","@id":"https:\/\/www.un.org\/pga\/73\/#\/schema\/person\/af470bea9354ed1b453ade6d22b5c9ee"},"headline":"Reuni\u00f3n informal con los ex presidentes de la Asamblea General sobre el tema: \u201cRevitalizaci\u00f3n de las Naciones Unidas para favorecer un sistema multilateral fuerte\u201d","datePublished":"2019-02-05T01:59:13+00:00","dateModified":"2019-02-05T17:19:12+00:00","mainEntityOfPage":{"@id":"https:\/\/www.un.org\/pga\/73\/2019\/02\/04\/informal-meeting-with-former-presidents-of-the-general-assembly\/"},"wordCount":1557,"publisher":{"@id":"https:\/\/www.un.org\/pga\/73\/#organization"},"image":{"@id":"https:\/\/www.un.org\/pga\/73\/2019\/02\/04\/informal-meeting-with-former-presidents-of-the-general-assembly\/#primaryimage"},"thumbnailUrl":"https:\/\/www.un.org\/pga\/wp-content\/uploads\/sites\/53\/2019\/02\/796954-Special-Event-04_02_2019-14.58.49.jpg","articleSection":["Declaraciones"],"inLanguage":"es"},{"@type":"WebPage","@id":"https:\/\/www.un.org\/pga\/73\/2019\/02\/04\/informal-meeting-with-former-presidents-of-the-general-assembly\/","url":"https:\/\/www.un.org\/pga\/73\/2019\/02\/04\/informal-meeting-with-former-presidents-of-the-general-assembly\/","name":"Reuni\u00f3n informal con los ex presidentes de la Asamblea General sobre el tema: \u201cRevitalizaci\u00f3n de las Naciones Unidas para favorecer un sistema multilateral fuerte\u201d - Asamblea General de las Naciones Unidas","isPartOf":{"@id":"https:\/\/www.un.org\/pga\/73\/#website"},"primaryImageOfPage":{"@id":"https:\/\/www.un.org\/pga\/73\/2019\/02\/04\/informal-meeting-with-former-presidents-of-the-general-assembly\/#primaryimage"},"image":{"@id":"https:\/\/www.un.org\/pga\/73\/2019\/02\/04\/informal-meeting-with-former-presidents-of-the-general-assembly\/#primaryimage"},"thumbnailUrl":"https:\/\/www.un.org\/pga\/wp-content\/uploads\/sites\/53\/2019\/02\/796954-Special-Event-04_02_2019-14.58.49.jpg","datePublished":"2019-02-05T01:59:13+00:00","dateModified":"2019-02-05T17:19:12+00:00","breadcrumb":{"@id":"https:\/\/www.un.org\/pga\/73\/2019\/02\/04\/informal-meeting-with-former-presidents-of-the-general-assembly\/#breadcrumb"},"inLanguage":"es","potentialAction":[{"@type":"ReadAction","target":["https:\/\/www.un.org\/pga\/73\/2019\/02\/04\/informal-meeting-with-former-presidents-of-the-general-assembly\/"]}]},{"@type":"ImageObject","inLanguage":"es","@id":"https:\/\/www.un.org\/pga\/73\/2019\/02\/04\/informal-meeting-with-former-presidents-of-the-general-assembly\/#primaryimage","url":"https:\/\/www.un.org\/pga\/wp-content\/uploads\/sites\/53\/2019\/02\/796954-Special-Event-04_02_2019-14.58.49.jpg","contentUrl":"https:\/\/www.un.org\/pga\/wp-content\/uploads\/sites\/53\/2019\/02\/796954-Special-Event-04_02_2019-14.58.49.jpg","width":5080,"height":3300,"caption":"PGA has closed meeting with former PGA's to discuss the revitalization of the GA"},{"@type":"BreadcrumbList","@id":"https:\/\/www.un.org\/pga\/73\/2019\/02\/04\/informal-meeting-with-former-presidents-of-the-general-assembly\/#breadcrumb","itemListElement":[{"@type":"ListItem","position":1,"name":"Home","item":"https:\/\/www.un.org\/pga\/73\/es\/"},{"@type":"ListItem","position":2,"name":"Reuni\u00f3n informal con los ex presidentes de la Asamblea General sobre el tema: \u201cRevitalizaci\u00f3n de las Naciones Unidas para favorecer un sistema multilateral fuerte\u201d"}]},{"@type":"WebSite","@id":"https:\/\/www.un.org\/pga\/73\/#website","url":"https:\/\/www.un.org\/pga\/73\/","name":"General Assembly of the United Nations","description":"Presidenta del 73\u00b0 per\u00edodo de sesiones","publisher":{"@id":"https:\/\/www.un.org\/pga\/73\/#organization"},"potentialAction":[{"@type":"SearchAction","target":{"@type":"EntryPoint","urlTemplate":"https:\/\/www.un.org\/pga\/73\/?s={search_term_string}"},"query-input":{"@type":"PropertyValueSpecification","valueRequired":true,"valueName":"search_term_string"}}],"inLanguage":"es"},{"@type":"Organization","@id":"https:\/\/www.un.org\/pga\/73\/#organization","name":"General Assembly of the United Nations","url":"https:\/\/www.un.org\/pga\/73\/","logo":{"@type":"ImageObject","inLanguage":"es","@id":"https:\/\/www.un.org\/pga\/73\/#\/schema\/logo\/image\/","url":"https:\/\/www.un.org\/pga\/wp-content\/uploads\/sites\/53\/2018\/07\/18-00066a_Ä¢¹½ÊÓÆµGA73_Logos-no-type-04.png","contentUrl":"https:\/\/www.un.org\/pga\/wp-content\/uploads\/sites\/53\/2018\/07\/18-00066a_Ä¢¹½ÊÓÆµGA73_Logos-no-type-04.png","width":529,"height":601,"caption":"General Assembly of the United Nations"},"image":{"@id":"https:\/\/www.un.org\/pga\/73\/#\/schema\/logo\/image\/"}},{"@type":"Person","@id":"https:\/\/www.un.org\/pga\/73\/#\/schema\/person\/af470bea9354ed1b453ade6d22b5c9ee","name":"Denise Kling","image":{"@type":"ImageObject","inLanguage":"es","@id":"https:\/\/secure.gravatar.com\/avatar\/b5fdae9d2ae28ca0f434202f2c9b6f29640a2b757fdbaa4592687900a399db3d?s=96&d=mm&r=g","url":"https:\/\/secure.gravatar.com\/avatar\/b5fdae9d2ae28ca0f434202f2c9b6f29640a2b757fdbaa4592687900a399db3d?s=96&d=mm&r=g","contentUrl":"https:\/\/secure.gravatar.com\/avatar\/b5fdae9d2ae28ca0f434202f2c9b6f29640a2b757fdbaa4592687900a399db3d?s=96&d=mm&r=g","caption":"Denise Kling"},"url":"https:\/\/www.un.org\/pga\/73\/es\/author\/denise-klingun-org\/"}]}},"_links":{"self":[{"href":"https:\/\/www.un.org\/pga\/73\/es\/wp-json\/wp\/v2\/posts\/177730","targetHints":{"allow":["GET"]}}],"collection":[{"href":"https:\/\/www.un.org\/pga\/73\/es\/wp-json\/wp\/v2\/posts"}],"about":[{"href":"https:\/\/www.un.org\/pga\/73\/es\/wp-json\/wp\/v2\/types\/post"}],"author":[{"embeddable":true,"href":"https:\/\/www.un.org\/pga\/73\/es\/wp-json\/wp\/v2\/users\/266"}],"replies":[{"embeddable":true,"href":"https:\/\/www.un.org\/pga\/73\/es\/wp-json\/wp\/v2\/comments?post=177730"}],"version-history":[{"count":0,"href":"https:\/\/www.un.org\/pga\/73\/es\/wp-json\/wp\/v2\/posts\/177730\/revisions"}],"wp:featuredmedia":[{"embeddable":true,"href":"https:\/\/www.un.org\/pga\/73\/es\/wp-json\/wp\/v2\/media\/177724"}],"wp:attachment":[{"href":"https:\/\/www.un.org\/pga\/73\/es\/wp-json\/wp\/v2\/media?parent=177730"}],"wp:term":[{"taxonomy":"category","embeddable":true,"href":"https:\/\/www.un.org\/pga\/73\/es\/wp-json\/wp\/v2\/categories?post=177730"},{"taxonomy":"post_tag","embeddable":true,"href":"https:\/\/www.un.org\/pga\/73\/es\/wp-json\/wp\/v2\/tags?post=177730"}],"curies":[{"name":"wp","href":"https:\/\/api.w.org\/{rel}","templated":true}]}}