  {"id":179137,"date":"2019-02-14T22:58:42","date_gmt":"2019-02-15T03:58:42","guid":{"rendered":"https:\/\/www.un.org\/pga\/73\/2019\/02\/14\/joint-briefing-of-the-president-of-the-general-assembly-and-the-special-envoy-of-the-secretary-general-for-the-climate-summit-2019\/"},"modified":"2019-02-15T14:32:54","modified_gmt":"2019-02-15T19:32:54","slug":"joint-briefing-of-the-president-of-the-general-assembly-and-the-special-envoy-of-the-secretary-general-for-the-climate-summit-2019","status":"publish","type":"post","link":"https:\/\/www.un.org\/pga\/73\/es\/2019\/02\/14\/joint-briefing-of-the-president-of-the-general-assembly-and-the-special-envoy-of-the-secretary-general-for-the-climate-summit-2019\/","title":{"rendered":"Sesi\u00f3n informativa conjunta de la Presidenta de la Asamblea General y el Enviado Especial del Secretario General para la Cumbre sobre el Clima 2019"},"content":{"rendered":"<p>[et_pb_section bb_built=\u00bb1&#8243;][et_pb_row][et_pb_column type=\u00bb4_4&#8243;][et_pb_text _builder_version=\u00bb3.17.4&#8243; border_style=\u00bbsolid\u00bb background_position=\u00bbtop_left\u00bb background_repeat=\u00bbrepeat\u00bb background_size=\u00bbinitial\u00bb]<\/p>\n<p style=\"text-align: center\"><strong><em>&#8211; Como Pronunciado &#8211;<\/em><\/strong><\/p>\n<h3><strong>INTERVENCI\u00d3N DE LA PRESIDENTA DEL 73\u00b0 PERIODO DE SESIONES DE LA ASAMBLEA GENERAL<\/strong><\/h3>\n<p><strong><span class=\"updated\">14 de Febrero del 2019\u00a0<\/span><\/strong><\/p>\n<p><img loading=\"lazy\" decoding=\"async\" class=\"alignleft wp-image-179113 size-medium\" src=\"https:\/\/www.un.org\/pga\/73\/wp-content\/uploads\/sites\/53\/2019\/02\/joint-briefing--300x225.jpg\" alt=\"\" width=\"300\" height=\"225\" srcset=\"https:\/\/www.un.org\/pga\/wp-content\/uploads\/sites\/53\/2019\/02\/joint-briefing--300x225.jpg 300w, https:\/\/www.un.org\/pga\/wp-content\/uploads\/sites\/53\/2019\/02\/joint-briefing--150x112.jpg 150w, https:\/\/www.un.org\/pga\/wp-content\/uploads\/sites\/53\/2019\/02\/joint-briefing--768x575.jpg 768w, https:\/\/www.un.org\/pga\/wp-content\/uploads\/sites\/53\/2019\/02\/joint-briefing-.jpg 800w\" sizes=\"(max-width: 300px) 100vw, 300px\" \/><\/p>\n<p><em>Excelencias,<\/em><\/p>\n<p>Tengo el honor de darles la bienvenida a esta sesi\u00f3n informativa con la presencia del Embajador Luis Alfonso de Alba, Enviado Especial del Secretario General para la Cumbre sobre el Clima 2019, en la que abordaremos los preparativos de la <em>Reuni\u00f3n de Alto Nivel sobre el Clima y el Desarrollo Sostenible para Todos,<\/em> que se celebrar\u00e1 el 28 de marzo, y \u00a0de la <em>Cumbre de Acci\u00f3n Clim\u00e1tica,<\/em> que se realizar\u00e1 el 23 de septiembre, incluyendo la reuni\u00f3n de <em>evaluaci\u00f3n y balance,<\/em> que se celebrar\u00e1 en Emiratos \u00c1rabes Unidos en junio pr\u00f3ximo.<\/p>\n<p>El cambio clim\u00e1tico es una prioridad que compartimos con el Secretario General. Y estoy segura de que es tambi\u00e9n una prioridad para todos los Estados Miembros. Es, como lo hemos enfatizado, un asunto determinante para nuestro presente y nuestro futuro.<\/p>\n<p>Aunque hemos avanzado de manera significativa en la agenda clim\u00e1tica, como lo refleja la conclusi\u00f3n de la COP24 y la finalizaci\u00f3n del Programa de Trabajo del Acuerdo de Par\u00eds, es claro que todav\u00eda tenemos mucho por hacer. Es necesario redoblar nuestros esfuerzos para garantizar el \u00e9xito de la pr\u00f3xima COP 25 que se realizar\u00e1 en Chile.<\/p>\n<p>Hemos constatado, con abundante informaci\u00f3n cient\u00edfica que el cambio clim\u00e1tico va m\u00e1s r\u00e1pido que nuestros esfuerzos para combatirlo. Si no redoblamos nuestros esfuerzos para incrementar nuestra ambici\u00f3n, en las actuales condiciones, el mundo no podr\u00e1 cumplir con las metas del Acuerdo de Par\u00eds.<\/p>\n<p>Por ello, debemos traducir en acciones concretas el Programa de Trabajo del Acuerdo de Par\u00eds \u2013 o libro de reglas-. De hecho, el Informe sobre la Brecha de Emisiones del Programa de las Naciones Unidas para el Medio Ambiente estima que, para cumplir con las metas, se requiere <em>cinco veces<\/em> <em>m\u00e1s<\/em> el nivel actual de ambici\u00f3n.<\/p>\n<p>&nbsp;<\/p>\n<p>[\/et_pb_text][\/et_pb_column][\/et_pb_row][et_pb_row][et_pb_column type=\u00bb1_2&#8243;][et_pb_text _builder_version=\u00bb3.17.4&#8243;]<\/p>\n<p>Por eso, 2019 ser\u00e1 decisivo. Esta es una de las \u00faltimas oportunidades que tendremos para reafirmar nuestro compromiso con la acci\u00f3n clim\u00e1tica.<\/p>\n<p>Esto se vuelve todav\u00eda m\u00e1s cr\u00edtico, a medida que nos aproximamos al plazo para cumplir las primeras metas de la Agenda 2030 para el Desarrollo Sostenible, de las cuales, dos tercios dependen de la acci\u00f3n ambiental.<\/p>\n<p>[\/et_pb_text][\/et_pb_column][et_pb_column type=\u00bb1_2&#8243;][et_pb_code _builder_version=\u00bb3.17.4&#8243;]\n<!-- iframe plugin v.6.0 wordpress.org\/plugins\/iframe\/ -->\n<iframe loading=\"lazy\" width=\"100%\" height=\"250\" src=\"\/\/www.un.org\/webcast\/6002205214001\/B1J3DDQJf_default\/index.html?videoId=5836549772001\" scrolling=\"yes\" class=\"iframe-class\" frameborder=\"0\"><\/iframe>\n<!-- [et_pb_line_break_holder] --><!-- [et_pb_line_break_holder] -->[\/et_pb_code][\/et_pb_column][\/et_pb_row][et_pb_row][et_pb_column type=\u00bb4_4&#8243;][et_pb_text _builder_version=\u00bb3.17.4&#8243;]<\/p>\n<p><em>Estimados delegados,<\/em><\/p>\n<p>Los eventos sobre el clima que se tratar\u00e1n el d\u00eda de hoy comparten dos objetivos: redoblar nuestro compromiso e incrementar nuestros niveles de ambici\u00f3n a nivel nacional y asegurar la inclusi\u00f3n.<\/p>\n<p>En este sentido, nos comprometemos a garantizar que los dos procesos sean complementarios, que se refuercen mutuamente y mantengan coherencia.<\/p>\n<p>La <em>Reuni\u00f3n de Alto Nivel sobre el Clima y el Desarrollo Sostenible para Todas las Personas nos <\/em>ofrece la oportunidad de construir sobre la base del \u00e9xito de la COP24 y de contribuir significativamente a la <em>Cumbre de Acci\u00f3n Clim\u00e1tica <\/em>del Secretario General.<\/p>\n<p>Asimismo, de conformidad con la resoluci\u00f3n 72\/219 de la Asamblea General, la Reuni\u00f3n de Alto Nivel tendr\u00e1 un enfoque intergeneracional y de sinergia con la Agenda 2030.<\/p>\n<p>El evento, de un d\u00eda de duraci\u00f3n, consistir\u00e1 en una ceremonia de apertura; una plenaria de alto nivel; mesas redondas de l\u00edderes, dos paneles tem\u00e1ticos, y un evento de clausura.<\/p>\n<p>Esto, en consonancia con mi objetivo de hacer que las Naciones Unidas sea relevantes para todas las personas: ofreceremos un espacio espec\u00edfico de participaci\u00f3n a los j\u00f3venes, los adultos mayores, las organizaciones no gubernamentales, el sector privado, la academia y la sociedad civil. \u00a0Tenemos el objetivo de asegurar, junto con los Estados Miembros, la mayor participaci\u00f3n posible.<\/p>\n<p>El enfoque intergeneracional y la inclusi\u00f3n de los j\u00f3venes -cuyo futuro es el m\u00e1s amenazado por el cambio clim\u00e1tico- nos permitir\u00e1 fortalecer el apoyo a largo plazo y movilizar el poder de este grupo tan vigoroso, tan entusiasta e innovador para la agenda clim\u00e1tica.<\/p>\n<p>Los dos paneles interactivos de discusi\u00f3n sobre las \u201cSinergias entre el Clima y los Objetivos de Desarrollo Sostenible\u201d y sobre los \u201cMedios de Implementaci\u00f3n\u201d, ser\u00e1n espacios y momentos para analizar la estrecha relaci\u00f3n entre el cambio clim\u00e1tico y la Agenda 2030.<\/p>\n<p>Las mesas redondas, que se celebrar\u00e1n durante el almuerzo, ofrecen un espacio a las coaliciones que ser\u00e1n convocadas para la Cumbre del Clima, as\u00ed como a los j\u00f3venes y otros actores que participar\u00e1n en el evento. De esta manera se establecer\u00e1 un v\u00ednculo directo con el camino que nos llevar\u00e1 a la Cumbre del Clima. El Embajador de Alba les proporcionar\u00e1 m\u00e1s detalles sobre estas coaliciones.<\/p>\n<p>Hasta el momento, he recibido una respuesta muy positiva de los Estados Miembros; algunos nos han confirmado su participaci\u00f3n a nivel de Jefes de Estado, Jefes de Gobierno y Ministros. Quiero aprovechar esta oportunidad para agradecer su apoyo. Cualquier sugerencia que puedan tener ser\u00e1 bienvenida.<\/p>\n<p>[\/et_pb_text][et_pb_testimonial _builder_version=\u00bb3.17.4&#8243; author=\u00bbMar\u00eda Fernanda Espinosa Garc\u00e9s\u00bb portrait_url=\u00bbhttps:\/\/www.un.org\/pga\/73\/wp-content\/uploads\/sites\/53\/2018\/09\/PGA-73084-e1537294481964.jpg\u00bb border_style=\u00bbsolid\u00bb job_title=\u00bbPRESIDENTA DEL 73\u00b0 PERIODO DE SESIONES DE LA ASAMBLEA GENERAL\u00bb quote_icon_background_color=\u00bb#f5f5f5&#8243; background_position=\u00bbtop_left\u00bb background_repeat=\u00bbrepeat\u00bb background_size=\u00bbinitial\u00bb quote_icon_color=\u00bb#00aff8&#8243;]<\/p>\n<p><span class=\"Ninguno\" style=\"color: #0000ff\"><span lang=\"ES-TRAD\" style=\"font-size: 14.0pt\">Nuestras acciones no solo beneficiar\u00e1n la lucha contra el cambio clim\u00e1tico, sino tambi\u00e9n al multilateralismo. Si alcanzamos logros significativos para detener el cambio clim\u00e1tico enviaremos un poderoso mensaje al mundo, sobre la importancia y el rol irremplazable del multilateralismo. <\/span><\/span><\/p>\n<p>[\/et_pb_testimonial][et_pb_text _builder_version=\u00bb3.17.4&#8243; border_style=\u00bbsolid\u00bb background_position=\u00bbtop_left\u00bb background_repeat=\u00bbrepeat\u00bb background_size=\u00bbinitial\u00bb]<\/p>\n<p><em>Excelencias,<\/em><\/p>\n<p>El cambio clim\u00e1tico es un problema transversal. La Reuni\u00f3n de Alto Nivel es una oportunidad \u00fanica para analizar el papel de la acci\u00f3n clim\u00e1tica en un contexto m\u00e1s amplio como lo es el del desarrollo sostenible y la Agenda 2030.<\/p>\n<p>Dado que el primer Foro Pol\u00edtico de Alto Nivel bajo el auspicio de la Asamblea General tendr\u00e1 lugar inmediatamente despu\u00e9s de la Cumbre sobre el Clima, los l\u00edderes mundiales tendr\u00e1n, por primera vez, la plataforma m\u00e1s adecuada para anunciar sus iniciativas y sus compromisos. El prop\u00f3sito es aprovechar al m\u00e1ximo el momento, la atenci\u00f3n mundial y el poder de convocatoria de las Naciones Unidas.<\/p>\n<p>La hoja de ruta ser\u00eda la siguiente:<\/p>\n<ol>\n<li>El evento de Alto Nivel de la Asamblea General del 28 de marzo pr\u00f3ximo;<\/li>\n<li>La Reuni\u00f3n de evaluaci\u00f3n y balance<a href=\"#_ftn1\" name=\"_ftnref1\">[1]<\/a> hacia la Cumbre del Clima, en Abu Dabi, del 30 de junio al 1 de julio;<\/li>\n<li>La revisi\u00f3n del objetivo 13 de la agenda 2030 en el Foro Pol\u00edtico de Alto Nivel bajo los auspicios del ECOSOC en julio;<\/li>\n<li>La Cumbre de Cambio Clim\u00e1tico, el 23 de septiembre; y,<\/li>\n<li>El Foro Pol\u00edtico de Alto Nivel, bajo el auspicio de la Asamblea General el 24 y 25 de septiembre de 2019.<\/li>\n<\/ol>\n<p>Estos eventos ayudar\u00e1n a impulsar y, a la vez, contribuir\u00e1n con la COP25 y con el logro de las metas de la Agenda 2030 que deben ser cumplidas para el 2020.<\/p>\n<p>Delegados y delegadas,<\/p>\n<p>Nuestras acciones no solo beneficiar\u00e1n la lucha contra el cambio clim\u00e1tico, sino tambi\u00e9n al multilateralismo. Si alcanzamos logros significativos para detener el cambio clim\u00e1tico enviaremos un poderoso mensaje al mundo, sobre la importancia y el rol irremplazable del multilateralismo.<\/p>\n<p>Como muchos de nuestros l\u00edderes afirmaron durante el Debate General de septiembre pasado: <em>esta es la \u00fanica herramienta efectiva con la que contamos para combatir los desaf\u00edos globales.\u00a0 <\/em>Y es claro que el cambio clim\u00e1tico es uno de ellos, quiz\u00e1s uno de los m\u00e1s importantes.<\/p>\n<p>Para concluir, perm\u00edtanme insistir que la lucha contra el cambio clim\u00e1tico no ser\u00e1 exitosa si no contamos con el apoyo y el compromiso constructivo de todos. Como se\u00f1ala un viejo proverbio: <em>si deseas avanzar r\u00e1pido, camina solo, si deseas llegar lejos, camina acompa\u00f1ado<\/em>. Los invito a que caminemos juntos.<\/p>\n<p>Ahora le cedo la palabra a Su Excelencia, el Embajador Luis Alfonso de Alba, para que realice su presentaci\u00f3n y comparta los preparativos para la Cumbre Clim\u00e1tica.<\/p>\n<p>Muchas gracias.<\/p>\n<p>&nbsp;<\/p>\n<p>[\/et_pb_text][\/et_pb_column][\/et_pb_row][\/et_pb_section]<\/p>\n","protected":false},"excerpt":{"rendered":"<p>INTERVENCI\u00d3N DE LA PRESIDENTA DEL 73\u00b0 PERIODO DE SESIONES DE LA ASAMBLEA GENERAL, S.E. MARI\u0301A FERNANDA ESPINOSA &#8211; Sesi\u00f3n informativa conjunta de la Presidenta de la Asamblea General y el Enviado Especial del Secretario General para la Cumbre sobre el Clima 2019 <\/p>\n","protected":false},"author":266,"featured_media":179128,"comment_status":"closed","ping_status":"closed","sticky":false,"template":"","format":"standard","meta":{"_et_pb_use_builder":"on","_et_pb_old_content":"","_et_gb_content_width":"","footnotes":"","_links_to":"","_links_to_target":""},"categories":[181],"tags":[],"class_list":["post-179137","post","type-post","status-publish","format-standard","has-post-thumbnail","hentry","category-statements-es","et-has-post-format-content","et_post_format-et-post-format-standard"],"yoast_head":"<!-- This site is optimized with the Yoast SEO plugin v28.3 - https:\/\/yoast.com\/product\/yoast-seo-wordpress\/ -->\n<title>Sesi\u00f3n informativa conjunta de la Presidenta de la Asamblea General y el Enviado Especial del Secretario General para la Cumbre sobre el Clima 2019 - Asamblea General de las Naciones Unidas<\/title>\n<meta name=\"robots\" content=\"index, follow, max-snippet:-1, max-image-preview:large, max-video-preview:-1\" \/>\n<link rel=\"canonical\" href=\"https:\/\/www.un.org\/pga\/73\/2019\/02\/14\/joint-briefing-of-the-president-of-the-general-assembly-and-the-special-envoy-of-the-secretary-general-for-the-climate-summit-2019\/\" \/>\n<meta property=\"og:locale\" content=\"es_ES\" \/>\n<meta property=\"og:type\" content=\"article\" \/>\n<meta property=\"og:title\" content=\"Sesi\u00f3n informativa conjunta de la Presidenta de la Asamblea General y el Enviado Especial del Secretario General para la Cumbre sobre el Clima 2019 - Asamblea General de las Naciones Unidas\" \/>\n<meta property=\"og:description\" content=\"INTERVENCI\u00d3N DE LA PRESIDENTA DEL 73\u00b0 PERIODO DE SESIONES DE LA ASAMBLEA GENERAL, S.E. MARI\u0301A FERNANDA ESPINOSA - Sesi\u00f3n informativa conjunta de la Presidenta de la Asamblea General y el Enviado Especial del Secretario General para la Cumbre sobre el Clima 2019\" \/>\n<meta property=\"og:url\" content=\"https:\/\/www.un.org\/pga\/73\/2019\/02\/14\/joint-briefing-of-the-president-of-the-general-assembly-and-the-special-envoy-of-the-secretary-general-for-the-climate-summit-2019\/\" \/>\n<meta property=\"og:site_name\" content=\"Asamblea General de las Naciones Unidas\" \/>\n<meta property=\"article:published_time\" content=\"2019-02-15T03:58:42+00:00\" \/>\n<meta property=\"article:modified_time\" content=\"2019-02-15T19:32:54+00:00\" \/>\n<meta property=\"og:image\" content=\"https:\/\/www.un.org\/pga\/wp-content\/uploads\/sites\/53\/2019\/02\/joint-briefing-.jpg\" \/>\n\t<meta property=\"og:image:width\" content=\"800\" \/>\n\t<meta property=\"og:image:height\" content=\"599\" \/>\n\t<meta property=\"og:image:type\" content=\"image\/jpeg\" \/>\n<meta name=\"author\" content=\"Denise Kling\" \/>\n<meta name=\"twitter:card\" content=\"summary_large_image\" \/>\n<meta name=\"twitter:label1\" content=\"Escrito por\" \/>\n\t<meta name=\"twitter:data1\" content=\"Denise Kling\" \/>\n\t<meta name=\"twitter:label2\" content=\"Tiempo de lectura\" \/>\n\t<meta name=\"twitter:data2\" content=\"7 minutos\" \/>\n<script type=\"application\/ld+json\" class=\"yoast-schema-graph\">{\"@context\":\"https:\\\/\\\/schema.org\",\"@graph\":[{\"@type\":\"Article\",\"@id\":\"https:\\\/\\\/www.un.org\\\/pga\\\/73\\\/2019\\\/02\\\/14\\\/joint-briefing-of-the-president-of-the-general-assembly-and-the-special-envoy-of-the-secretary-general-for-the-climate-summit-2019\\\/#article\",\"isPartOf\":{\"@id\":\"https:\\\/\\\/www.un.org\\\/pga\\\/73\\\/2019\\\/02\\\/14\\\/joint-briefing-of-the-president-of-the-general-assembly-and-the-special-envoy-of-the-secretary-general-for-the-climate-summit-2019\\\/\"},\"author\":{\"name\":\"Denise Kling\",\"@id\":\"https:\\\/\\\/www.un.org\\\/pga\\\/73\\\/#\\\/schema\\\/person\\\/af470bea9354ed1b453ade6d22b5c9ee\"},\"headline\":\"Sesi\u00f3n informativa conjunta de la Presidenta de la Asamblea General y el Enviado Especial del Secretario General para la Cumbre sobre el Clima 2019\",\"datePublished\":\"2019-02-15T03:58:42+00:00\",\"dateModified\":\"2019-02-15T19:32:54+00:00\",\"mainEntityOfPage\":{\"@id\":\"https:\\\/\\\/www.un.org\\\/pga\\\/73\\\/2019\\\/02\\\/14\\\/joint-briefing-of-the-president-of-the-general-assembly-and-the-special-envoy-of-the-secretary-general-for-the-climate-summit-2019\\\/\"},\"wordCount\":1518,\"publisher\":{\"@id\":\"https:\\\/\\\/www.un.org\\\/pga\\\/73\\\/#organization\"},\"image\":{\"@id\":\"https:\\\/\\\/www.un.org\\\/pga\\\/73\\\/2019\\\/02\\\/14\\\/joint-briefing-of-the-president-of-the-general-assembly-and-the-special-envoy-of-the-secretary-general-for-the-climate-summit-2019\\\/#primaryimage\"},\"thumbnailUrl\":\"https:\\\/\\\/www.un.org\\\/pga\\\/wp-content\\\/uploads\\\/sites\\\/53\\\/2019\\\/02\\\/joint-briefing-.jpg\",\"articleSection\":[\"Declaraciones\"],\"inLanguage\":\"es\"},{\"@type\":\"WebPage\",\"@id\":\"https:\\\/\\\/www.un.org\\\/pga\\\/73\\\/2019\\\/02\\\/14\\\/joint-briefing-of-the-president-of-the-general-assembly-and-the-special-envoy-of-the-secretary-general-for-the-climate-summit-2019\\\/\",\"url\":\"https:\\\/\\\/www.un.org\\\/pga\\\/73\\\/2019\\\/02\\\/14\\\/joint-briefing-of-the-president-of-the-general-assembly-and-the-special-envoy-of-the-secretary-general-for-the-climate-summit-2019\\\/\",\"name\":\"Sesi\u00f3n informativa conjunta de la Presidenta de la Asamblea General y el Enviado Especial del Secretario General para la Cumbre sobre el Clima 2019 - Asamblea General de las Naciones Unidas\",\"isPartOf\":{\"@id\":\"https:\\\/\\\/www.un.org\\\/pga\\\/73\\\/#website\"},\"primaryImageOfPage\":{\"@id\":\"https:\\\/\\\/www.un.org\\\/pga\\\/73\\\/2019\\\/02\\\/14\\\/joint-briefing-of-the-president-of-the-general-assembly-and-the-special-envoy-of-the-secretary-general-for-the-climate-summit-2019\\\/#primaryimage\"},\"image\":{\"@id\":\"https:\\\/\\\/www.un.org\\\/pga\\\/73\\\/2019\\\/02\\\/14\\\/joint-briefing-of-the-president-of-the-general-assembly-and-the-special-envoy-of-the-secretary-general-for-the-climate-summit-2019\\\/#primaryimage\"},\"thumbnailUrl\":\"https:\\\/\\\/www.un.org\\\/pga\\\/wp-content\\\/uploads\\\/sites\\\/53\\\/2019\\\/02\\\/joint-briefing-.jpg\",\"datePublished\":\"2019-02-15T03:58:42+00:00\",\"dateModified\":\"2019-02-15T19:32:54+00:00\",\"breadcrumb\":{\"@id\":\"https:\\\/\\\/www.un.org\\\/pga\\\/73\\\/2019\\\/02\\\/14\\\/joint-briefing-of-the-president-of-the-general-assembly-and-the-special-envoy-of-the-secretary-general-for-the-climate-summit-2019\\\/#breadcrumb\"},\"inLanguage\":\"es\",\"potentialAction\":[{\"@type\":\"ReadAction\",\"target\":[\"https:\\\/\\\/www.un.org\\\/pga\\\/73\\\/2019\\\/02\\\/14\\\/joint-briefing-of-the-president-of-the-general-assembly-and-the-special-envoy-of-the-secretary-general-for-the-climate-summit-2019\\\/\"]}]},{\"@type\":\"ImageObject\",\"inLanguage\":\"es\",\"@id\":\"https:\\\/\\\/www.un.org\\\/pga\\\/73\\\/2019\\\/02\\\/14\\\/joint-briefing-of-the-president-of-the-general-assembly-and-the-special-envoy-of-the-secretary-general-for-the-climate-summit-2019\\\/#primaryimage\",\"url\":\"https:\\\/\\\/www.un.org\\\/pga\\\/wp-content\\\/uploads\\\/sites\\\/53\\\/2019\\\/02\\\/joint-briefing-.jpg\",\"contentUrl\":\"https:\\\/\\\/www.un.org\\\/pga\\\/wp-content\\\/uploads\\\/sites\\\/53\\\/2019\\\/02\\\/joint-briefing-.jpg\",\"width\":800,\"height\":599},{\"@type\":\"BreadcrumbList\",\"@id\":\"https:\\\/\\\/www.un.org\\\/pga\\\/73\\\/2019\\\/02\\\/14\\\/joint-briefing-of-the-president-of-the-general-assembly-and-the-special-envoy-of-the-secretary-general-for-the-climate-summit-2019\\\/#breadcrumb\",\"itemListElement\":[{\"@type\":\"ListItem\",\"position\":1,\"name\":\"Home\",\"item\":\"https:\\\/\\\/www.un.org\\\/pga\\\/73\\\/es\\\/\"},{\"@type\":\"ListItem\",\"position\":2,\"name\":\"Sesi\u00f3n informativa conjunta de la Presidenta de la Asamblea General y el Enviado Especial del Secretario General para la Cumbre sobre el Clima 2019\"}]},{\"@type\":\"WebSite\",\"@id\":\"https:\\\/\\\/www.un.org\\\/pga\\\/73\\\/#website\",\"url\":\"https:\\\/\\\/www.un.org\\\/pga\\\/73\\\/\",\"name\":\"General Assembly of the United Nations\",\"description\":\"Presidenta del 73\u00b0 per\u00edodo de sesiones\",\"publisher\":{\"@id\":\"https:\\\/\\\/www.un.org\\\/pga\\\/73\\\/#organization\"},\"potentialAction\":[{\"@type\":\"SearchAction\",\"target\":{\"@type\":\"EntryPoint\",\"urlTemplate\":\"https:\\\/\\\/www.un.org\\\/pga\\\/73\\\/?s={search_term_string}\"},\"query-input\":{\"@type\":\"PropertyValueSpecification\",\"valueRequired\":true,\"valueName\":\"search_term_string\"}}],\"inLanguage\":\"es\"},{\"@type\":\"Organization\",\"@id\":\"https:\\\/\\\/www.un.org\\\/pga\\\/73\\\/#organization\",\"name\":\"General Assembly of the United Nations\",\"url\":\"https:\\\/\\\/www.un.org\\\/pga\\\/73\\\/\",\"logo\":{\"@type\":\"ImageObject\",\"inLanguage\":\"es\",\"@id\":\"https:\\\/\\\/www.un.org\\\/pga\\\/73\\\/#\\\/schema\\\/logo\\\/image\\\/\",\"url\":\"https:\\\/\\\/www.un.org\\\/pga\\\/wp-content\\\/uploads\\\/sites\\\/53\\\/2018\\\/07\\\/18-00066a_Ä¢¹½ÊÓÆµGA73_Logos-no-type-04.png\",\"contentUrl\":\"https:\\\/\\\/www.un.org\\\/pga\\\/wp-content\\\/uploads\\\/sites\\\/53\\\/2018\\\/07\\\/18-00066a_Ä¢¹½ÊÓÆµGA73_Logos-no-type-04.png\",\"width\":529,\"height\":601,\"caption\":\"General Assembly of the United Nations\"},\"image\":{\"@id\":\"https:\\\/\\\/www.un.org\\\/pga\\\/73\\\/#\\\/schema\\\/logo\\\/image\\\/\"}},{\"@type\":\"Person\",\"@id\":\"https:\\\/\\\/www.un.org\\\/pga\\\/73\\\/#\\\/schema\\\/person\\\/af470bea9354ed1b453ade6d22b5c9ee\",\"name\":\"Denise Kling\",\"image\":{\"@type\":\"ImageObject\",\"inLanguage\":\"es\",\"@id\":\"https:\\\/\\\/secure.gravatar.com\\\/avatar\\\/b5fdae9d2ae28ca0f434202f2c9b6f29640a2b757fdbaa4592687900a399db3d?s=96&d=mm&r=g\",\"url\":\"https:\\\/\\\/secure.gravatar.com\\\/avatar\\\/b5fdae9d2ae28ca0f434202f2c9b6f29640a2b757fdbaa4592687900a399db3d?s=96&d=mm&r=g\",\"contentUrl\":\"https:\\\/\\\/secure.gravatar.com\\\/avatar\\\/b5fdae9d2ae28ca0f434202f2c9b6f29640a2b757fdbaa4592687900a399db3d?s=96&d=mm&r=g\",\"caption\":\"Denise Kling\"},\"url\":\"https:\\\/\\\/www.un.org\\\/pga\\\/73\\\/es\\\/author\\\/denise-klingun-org\\\/\"}]}<\/script>\n<!-- \/ Yoast SEO plugin. -->","yoast_head_json":{"title":"Sesi\u00f3n informativa conjunta de la Presidenta de la Asamblea General y el Enviado Especial del Secretario General para la Cumbre sobre el Clima 2019 - Asamblea General de las Naciones Unidas","robots":{"index":"index","follow":"follow","max-snippet":"max-snippet:-1","max-image-preview":"max-image-preview:large","max-video-preview":"max-video-preview:-1"},"canonical":"https:\/\/www.un.org\/pga\/73\/2019\/02\/14\/joint-briefing-of-the-president-of-the-general-assembly-and-the-special-envoy-of-the-secretary-general-for-the-climate-summit-2019\/","og_locale":"es_ES","og_type":"article","og_title":"Sesi\u00f3n informativa conjunta de la Presidenta de la Asamblea General y el Enviado Especial del Secretario General para la Cumbre sobre el Clima 2019 - Asamblea General de las Naciones Unidas","og_description":"INTERVENCI\u00d3N DE LA PRESIDENTA DEL 73\u00b0 PERIODO DE SESIONES DE LA ASAMBLEA GENERAL, S.E. MARI\u0301A FERNANDA ESPINOSA - Sesi\u00f3n informativa conjunta de la Presidenta de la Asamblea General y el Enviado Especial del Secretario General para la Cumbre sobre el Clima 2019","og_url":"https:\/\/www.un.org\/pga\/73\/2019\/02\/14\/joint-briefing-of-the-president-of-the-general-assembly-and-the-special-envoy-of-the-secretary-general-for-the-climate-summit-2019\/","og_site_name":"Asamblea General de las Naciones Unidas","article_published_time":"2019-02-15T03:58:42+00:00","article_modified_time":"2019-02-15T19:32:54+00:00","og_image":[{"width":800,"height":599,"url":"https:\/\/www.un.org\/pga\/wp-content\/uploads\/sites\/53\/2019\/02\/joint-briefing-.jpg","type":"image\/jpeg"}],"author":"Denise Kling","twitter_card":"summary_large_image","twitter_misc":{"Escrito por":"Denise Kling","Tiempo de lectura":"7 minutos"},"schema":{"@context":"https:\/\/schema.org","@graph":[{"@type":"Article","@id":"https:\/\/www.un.org\/pga\/73\/2019\/02\/14\/joint-briefing-of-the-president-of-the-general-assembly-and-the-special-envoy-of-the-secretary-general-for-the-climate-summit-2019\/#article","isPartOf":{"@id":"https:\/\/www.un.org\/pga\/73\/2019\/02\/14\/joint-briefing-of-the-president-of-the-general-assembly-and-the-special-envoy-of-the-secretary-general-for-the-climate-summit-2019\/"},"author":{"name":"Denise Kling","@id":"https:\/\/www.un.org\/pga\/73\/#\/schema\/person\/af470bea9354ed1b453ade6d22b5c9ee"},"headline":"Sesi\u00f3n informativa conjunta de la Presidenta de la Asamblea General y el Enviado Especial del Secretario General para la Cumbre sobre el Clima 2019","datePublished":"2019-02-15T03:58:42+00:00","dateModified":"2019-02-15T19:32:54+00:00","mainEntityOfPage":{"@id":"https:\/\/www.un.org\/pga\/73\/2019\/02\/14\/joint-briefing-of-the-president-of-the-general-assembly-and-the-special-envoy-of-the-secretary-general-for-the-climate-summit-2019\/"},"wordCount":1518,"publisher":{"@id":"https:\/\/www.un.org\/pga\/73\/#organization"},"image":{"@id":"https:\/\/www.un.org\/pga\/73\/2019\/02\/14\/joint-briefing-of-the-president-of-the-general-assembly-and-the-special-envoy-of-the-secretary-general-for-the-climate-summit-2019\/#primaryimage"},"thumbnailUrl":"https:\/\/www.un.org\/pga\/wp-content\/uploads\/sites\/53\/2019\/02\/joint-briefing-.jpg","articleSection":["Declaraciones"],"inLanguage":"es"},{"@type":"WebPage","@id":"https:\/\/www.un.org\/pga\/73\/2019\/02\/14\/joint-briefing-of-the-president-of-the-general-assembly-and-the-special-envoy-of-the-secretary-general-for-the-climate-summit-2019\/","url":"https:\/\/www.un.org\/pga\/73\/2019\/02\/14\/joint-briefing-of-the-president-of-the-general-assembly-and-the-special-envoy-of-the-secretary-general-for-the-climate-summit-2019\/","name":"Sesi\u00f3n informativa conjunta de la Presidenta de la Asamblea General y el Enviado Especial del Secretario General para la Cumbre sobre el Clima 2019 - Asamblea General de las Naciones Unidas","isPartOf":{"@id":"https:\/\/www.un.org\/pga\/73\/#website"},"primaryImageOfPage":{"@id":"https:\/\/www.un.org\/pga\/73\/2019\/02\/14\/joint-briefing-of-the-president-of-the-general-assembly-and-the-special-envoy-of-the-secretary-general-for-the-climate-summit-2019\/#primaryimage"},"image":{"@id":"https:\/\/www.un.org\/pga\/73\/2019\/02\/14\/joint-briefing-of-the-president-of-the-general-assembly-and-the-special-envoy-of-the-secretary-general-for-the-climate-summit-2019\/#primaryimage"},"thumbnailUrl":"https:\/\/www.un.org\/pga\/wp-content\/uploads\/sites\/53\/2019\/02\/joint-briefing-.jpg","datePublished":"2019-02-15T03:58:42+00:00","dateModified":"2019-02-15T19:32:54+00:00","breadcrumb":{"@id":"https:\/\/www.un.org\/pga\/73\/2019\/02\/14\/joint-briefing-of-the-president-of-the-general-assembly-and-the-special-envoy-of-the-secretary-general-for-the-climate-summit-2019\/#breadcrumb"},"inLanguage":"es","potentialAction":[{"@type":"ReadAction","target":["https:\/\/www.un.org\/pga\/73\/2019\/02\/14\/joint-briefing-of-the-president-of-the-general-assembly-and-the-special-envoy-of-the-secretary-general-for-the-climate-summit-2019\/"]}]},{"@type":"ImageObject","inLanguage":"es","@id":"https:\/\/www.un.org\/pga\/73\/2019\/02\/14\/joint-briefing-of-the-president-of-the-general-assembly-and-the-special-envoy-of-the-secretary-general-for-the-climate-summit-2019\/#primaryimage","url":"https:\/\/www.un.org\/pga\/wp-content\/uploads\/sites\/53\/2019\/02\/joint-briefing-.jpg","contentUrl":"https:\/\/www.un.org\/pga\/wp-content\/uploads\/sites\/53\/2019\/02\/joint-briefing-.jpg","width":800,"height":599},{"@type":"BreadcrumbList","@id":"https:\/\/www.un.org\/pga\/73\/2019\/02\/14\/joint-briefing-of-the-president-of-the-general-assembly-and-the-special-envoy-of-the-secretary-general-for-the-climate-summit-2019\/#breadcrumb","itemListElement":[{"@type":"ListItem","position":1,"name":"Home","item":"https:\/\/www.un.org\/pga\/73\/es\/"},{"@type":"ListItem","position":2,"name":"Sesi\u00f3n informativa conjunta de la Presidenta de la Asamblea General y el Enviado Especial del Secretario General para la Cumbre sobre el Clima 2019"}]},{"@type":"WebSite","@id":"https:\/\/www.un.org\/pga\/73\/#website","url":"https:\/\/www.un.org\/pga\/73\/","name":"General Assembly of the United Nations","description":"Presidenta del 73\u00b0 per\u00edodo de sesiones","publisher":{"@id":"https:\/\/www.un.org\/pga\/73\/#organization"},"potentialAction":[{"@type":"SearchAction","target":{"@type":"EntryPoint","urlTemplate":"https:\/\/www.un.org\/pga\/73\/?s={search_term_string}"},"query-input":{"@type":"PropertyValueSpecification","valueRequired":true,"valueName":"search_term_string"}}],"inLanguage":"es"},{"@type":"Organization","@id":"https:\/\/www.un.org\/pga\/73\/#organization","name":"General Assembly of the United Nations","url":"https:\/\/www.un.org\/pga\/73\/","logo":{"@type":"ImageObject","inLanguage":"es","@id":"https:\/\/www.un.org\/pga\/73\/#\/schema\/logo\/image\/","url":"https:\/\/www.un.org\/pga\/wp-content\/uploads\/sites\/53\/2018\/07\/18-00066a_Ä¢¹½ÊÓÆµGA73_Logos-no-type-04.png","contentUrl":"https:\/\/www.un.org\/pga\/wp-content\/uploads\/sites\/53\/2018\/07\/18-00066a_Ä¢¹½ÊÓÆµGA73_Logos-no-type-04.png","width":529,"height":601,"caption":"General Assembly of the United Nations"},"image":{"@id":"https:\/\/www.un.org\/pga\/73\/#\/schema\/logo\/image\/"}},{"@type":"Person","@id":"https:\/\/www.un.org\/pga\/73\/#\/schema\/person\/af470bea9354ed1b453ade6d22b5c9ee","name":"Denise Kling","image":{"@type":"ImageObject","inLanguage":"es","@id":"https:\/\/secure.gravatar.com\/avatar\/b5fdae9d2ae28ca0f434202f2c9b6f29640a2b757fdbaa4592687900a399db3d?s=96&d=mm&r=g","url":"https:\/\/secure.gravatar.com\/avatar\/b5fdae9d2ae28ca0f434202f2c9b6f29640a2b757fdbaa4592687900a399db3d?s=96&d=mm&r=g","contentUrl":"https:\/\/secure.gravatar.com\/avatar\/b5fdae9d2ae28ca0f434202f2c9b6f29640a2b757fdbaa4592687900a399db3d?s=96&d=mm&r=g","caption":"Denise Kling"},"url":"https:\/\/www.un.org\/pga\/73\/es\/author\/denise-klingun-org\/"}]}},"_links":{"self":[{"href":"https:\/\/www.un.org\/pga\/73\/es\/wp-json\/wp\/v2\/posts\/179137","targetHints":{"allow":["GET"]}}],"collection":[{"href":"https:\/\/www.un.org\/pga\/73\/es\/wp-json\/wp\/v2\/posts"}],"about":[{"href":"https:\/\/www.un.org\/pga\/73\/es\/wp-json\/wp\/v2\/types\/post"}],"author":[{"embeddable":true,"href":"https:\/\/www.un.org\/pga\/73\/es\/wp-json\/wp\/v2\/users\/266"}],"replies":[{"embeddable":true,"href":"https:\/\/www.un.org\/pga\/73\/es\/wp-json\/wp\/v2\/comments?post=179137"}],"version-history":[{"count":0,"href":"https:\/\/www.un.org\/pga\/73\/es\/wp-json\/wp\/v2\/posts\/179137\/revisions"}],"wp:featuredmedia":[{"embeddable":true,"href":"https:\/\/www.un.org\/pga\/73\/es\/wp-json\/wp\/v2\/media\/179128"}],"wp:attachment":[{"href":"https:\/\/www.un.org\/pga\/73\/es\/wp-json\/wp\/v2\/media?parent=179137"}],"wp:term":[{"taxonomy":"category","embeddable":true,"href":"https:\/\/www.un.org\/pga\/73\/es\/wp-json\/wp\/v2\/categories?post=179137"},{"taxonomy":"post_tag","embeddable":true,"href":"https:\/\/www.un.org\/pga\/73\/es\/wp-json\/wp\/v2\/tags?post=179137"}],"curies":[{"name":"wp","href":"https:\/\/api.w.org\/{rel}","templated":true}]}}