  {"id":180357,"date":"2019-02-22T21:47:01","date_gmt":"2019-02-23T02:47:01","guid":{"rendered":"https:\/\/www.un.org\/pga\/73\/2019\/02\/22\/closing-of-the-annual-parliamentary-hearing-2019-emerging-challenges-to-multilateralism-a-parliamentary-response\/"},"modified":"2019-02-26T15:09:45","modified_gmt":"2019-02-26T20:09:45","slug":"closing-of-the-annual-parliamentary-hearing-2019-emerging-challenges-to-multilateralism-a-parliamentary-response","status":"publish","type":"post","link":"https:\/\/www.un.org\/pga\/73\/es\/2019\/02\/22\/closing-of-the-annual-parliamentary-hearing-2019-emerging-challenges-to-multilateralism-a-parliamentary-response\/","title":{"rendered":"Clausura de la Audiencia Parlamentaria Anual 2019 \u201cDesaf\u00edos emergentes al multilateralismo: una respuesta parlamentaria\u201d"},"content":{"rendered":"<p>[et_pb_section bb_built=\u00bb1&#8243;][et_pb_row][et_pb_column type=\u00bb4_4&#8243;][et_pb_text _builder_version=\u00bb3.17.4&#8243; border_style=\u00bbsolid\u00bb background_position=\u00bbtop_left\u00bb background_repeat=\u00bbrepeat\u00bb background_size=\u00bbinitial\u00bb]<\/p>\n<p style=\"text-align: center\"><strong><em>&#8211; Como Pronunciado-<\/em><\/strong><\/p>\n<h3>Statement by H.E. Mrs. Mar\u00eda Fernanda Espinosa Garc\u00e9s, President of the 73<sup>rd<\/sup> Session of the Ä¢¹½ÊÓÆµ General Assembly<\/h3>\n<p><strong><span class=\"updated\">22 February 2019<\/span><\/strong><\/p>\n<p><img loading=\"lazy\" decoding=\"async\" class=\"alignleft wp-image-180336 size-medium\" src=\"https:\/\/www.un.org\/pga\/73\/wp-content\/uploads\/sites\/53\/2019\/02\/1-2-300x225.jpg\" alt=\"\" width=\"300\" height=\"225\" srcset=\"https:\/\/www.un.org\/pga\/wp-content\/uploads\/sites\/53\/2019\/02\/1-2-300x225.jpg 300w, https:\/\/www.un.org\/pga\/wp-content\/uploads\/sites\/53\/2019\/02\/1-2-150x112.jpg 150w, https:\/\/www.un.org\/pga\/wp-content\/uploads\/sites\/53\/2019\/02\/1-2-768x576.jpg 768w, https:\/\/www.un.org\/pga\/wp-content\/uploads\/sites\/53\/2019\/02\/1-2.jpg 771w\" sizes=\"(max-width: 300px) 100vw, 300px\" \/><\/p>\n<p>Honorable Diputada Gabriela Cuevas Barr\u00f3n, Presidenta de la Uni\u00f3n Inter-Parlamentaria,<\/p>\n<p>Distinguidos Parlamentarios y Parlamentarias,<\/p>\n<p>Excelencias,<\/p>\n<p>Seguramente ya se aburrieron con mi presencia aqu\u00ed tantas veces, pero yo ten\u00eda que venir para compartir mi satisfacci\u00f3n con esta oportunidad de di\u00e1logo con ustedes.<\/p>\n<p>En primer lugar, perm\u00edtanme agradecer la participaci\u00f3n tan constructiva de todos los presentes en este evento. Y, en particular, quiero agradecer a los Parlamentarios y las Parlamentarias que se desplazaron desde sus capitales, muchas de ellas bastante alejadas de Nueva York, as\u00ed que gracias por su participaci\u00f3n.<\/p>\n<p>La celebraci\u00f3n de esta Audiencia Parlamentaria se ha convertido en un valioso foro de interacci\u00f3n entre Parlamentarios, representantes del sistema de las Naciones Unidas y la comunidad diplom\u00e1tica en Nueva York.<\/p>\n<p>Adem\u00e1s, el hecho de que esta casa sea la sede de este evento anual refleja un firme compromiso para seguir impulsando la coordinaci\u00f3n y el trabajo conjunto entre esta Organizaci\u00f3n y la Uni\u00f3n Inter-Parlamentaria.<\/p>\n<p>[\/et_pb_text][\/et_pb_column][\/et_pb_row][et_pb_row][et_pb_column type=\u00bb1_2&#8243;][et_pb_text _builder_version=\u00bb3.17.4&#8243;]<\/p>\n<p>Excelencias,<\/p>\n<p>En estos intensos dos d\u00edas de debates e intercambios de perspectivas, he recibido informes de mi Oficina sobre las labores realizadas, y de hecho hemos escuchado presentaciones esclarecedoras y recomendaciones concretas sobre c\u00f3mo podemos evitar que la polarizaci\u00f3n y la desconfianza socaven el sistema internacional tan pacientemente construido en estos m\u00e1s de setenta a\u00f1os; y el papel activo que los Parlamentarios deben asumir para ello al interior de las sociedades.<\/p>\n<p>[\/et_pb_text][\/et_pb_column][et_pb_column type=\u00bb1_2&#8243;][et_pb_code _builder_version=\u00bb3.17.4&#8243;]\n<!-- iframe plugin v.6.0 wordpress.org\/plugins\/iframe\/ -->\n<iframe loading=\"lazy\" width=\"100%\" height=\"250\" src=\"\/\/www.un.org\/webcast\/1362235914001\/B1J3DDQJf_default\/index.html?videoId=6005918889001\" scrolling=\"yes\" class=\"iframe-class\" frameborder=\"0\"><\/iframe>\n<!-- [et_pb_line_break_holder] --><!-- [et_pb_line_break_holder] -->[\/et_pb_code][\/et_pb_column][\/et_pb_row][et_pb_row][et_pb_column type=\u00bb4_4&#8243;][et_pb_text _builder_version=\u00bb3.17.4&#8243;]<\/p>\n<p>Aunque hubo una gran diversidad de propuestas, todas ellas se basan en la necesidad apremiante de defender el multilateralismo.<\/p>\n<p>Ha sido muy gratificante escuchar que todos los aqu\u00ed presentes comparten la convicci\u00f3n de que, a trav\u00e9s del di\u00e1logo y la cooperaci\u00f3n basados en la igualdad, el respeto y la buena fe, un mejor futuro para los pueblos y naciones es posible.<\/p>\n<p>Asimismo, quiero destacar las \u00e1reas clave identificadas para seguir promoviendo la acci\u00f3n colectiva, con sentido de responsabilidad com\u00fan: los Objetivos de Desarrollo Sostenible; la promoci\u00f3n y protecci\u00f3n de los derechos humanos; la igualdad de g\u00e9nero y el respeto por los derechos de las mujeres, incluyendo su participaci\u00f3n pol\u00edtica; la construcci\u00f3n de la paz, la prevenci\u00f3n del conflicto y la seguridad.<\/p>\n<p>Excelencias,<\/p>\n<p>Tambi\u00e9n ha resonado en esta sala la importancia de revitalizar las instituciones multilaterales, haci\u00e9ndolas m\u00e1s eficaces, m\u00e1s responsables y m\u00e1s inclusivas.<\/p>\n<p>En ese sentido, las buenas pr\u00e1cticas parlamentarias aplicadas en varios pa\u00edses pueden servir de inspiraci\u00f3n para mejorar los m\u00e9todos de trabajo de la Asamblea General y hacerla m\u00e1s eficiente, como este parlamento de la humanidad que somos.<\/p>\n<p>[\/et_pb_text][et_pb_text _builder_version=\u00bb3.17.4&#8243; border_style=\u00bbsolid\u00bb background_position=\u00bbtop_left\u00bb background_repeat=\u00bbrepeat\u00bb background_size=\u00bbinitial\u00bb]<\/p>\n<p>Estimados Parlamentarios y Parlamentarias,<\/p>\n<p>Las Naciones Unidas y la Uni\u00f3n Inter-Parlamentaria llevan en su esencia el multilateralismo; la reuni\u00f3n de hoy es una reafirmaci\u00f3n de ello.<\/p>\n<p>Hago votos para que sigamos estrechando la profunda relaci\u00f3n entre esta Organizaci\u00f3n y la Uni\u00f3n Inter-Parlamentaria.<\/p>\n<p>Los invito a que sigamos avanzando juntos en nuestros objetivos comunes, particularmente, para alcanzar sociedades m\u00e1s m\u00e1s pac\u00edficas, m\u00e1s justas y m\u00e1s sostenibles, en las que nadie quede atr\u00e1s.<\/p>\n<p>Les deseo un viaje de regreso seguro a sus ciudades, y de nuevo, les agradezco profundamente su compromiso y dedicaci\u00f3n a las causas m\u00e1s nobles de la humanidad.<\/p>\n<p>Para cerrar quisiera agradecer en particular esta grande l\u00edder, la Presidenta de la Uni\u00f3n Inter-Parlamentaria. Como una mujer latinoamericana, tengo mucho orgullo de ver que ustedes tienen esta fuerte e inteligente l\u00edder, que sabr\u00e1 conducir muy bien la Uni\u00f3n Inter-Parlamentaria.<\/p>\n<p>Gracias a todos por estar aqu\u00ed con nosotros estos dos d\u00edas. Muchas gracias.<\/p>\n<p>[\/et_pb_text][\/et_pb_column][\/et_pb_row][\/et_pb_section]<\/p>\n","protected":false},"excerpt":{"rendered":"<p>INTERVENCI\u00d3N DE LA PRESIDENTA DEL 73\u00ba PERIODO DE SESIONES DE LA ASAMBLEA GENERAL, S.E. MARIA FERNANDA ESPINOSA<\/p>\n","protected":false},"author":266,"featured_media":180351,"comment_status":"closed","ping_status":"closed","sticky":false,"template":"","format":"standard","meta":{"_et_pb_use_builder":"on","_et_pb_old_content":"","_et_gb_content_width":"","footnotes":"","_links_to":"","_links_to_target":""},"categories":[181],"tags":[],"class_list":["post-180357","post","type-post","status-publish","format-standard","has-post-thumbnail","hentry","category-statements-es","et-has-post-format-content","et_post_format-et-post-format-standard"],"yoast_head":"<!-- This site is optimized with the Yoast SEO plugin v28.3 - https:\/\/yoast.com\/product\/yoast-seo-wordpress\/ -->\n<title>Clausura de la Audiencia Parlamentaria Anual 2019 \u201cDesaf\u00edos emergentes al multilateralismo: una respuesta parlamentaria\u201d - Asamblea General de las Naciones Unidas<\/title>\n<meta name=\"robots\" content=\"index, follow, max-snippet:-1, max-image-preview:large, max-video-preview:-1\" \/>\n<link rel=\"canonical\" href=\"https:\/\/www.un.org\/pga\/73\/2019\/02\/22\/closing-of-the-annual-parliamentary-hearing-2019-emerging-challenges-to-multilateralism-a-parliamentary-response\/\" \/>\n<meta property=\"og:locale\" content=\"es_ES\" \/>\n<meta property=\"og:type\" content=\"article\" \/>\n<meta property=\"og:title\" content=\"Clausura de la Audiencia Parlamentaria Anual 2019 \u201cDesaf\u00edos emergentes al multilateralismo: una respuesta parlamentaria\u201d - Asamblea General de las Naciones Unidas\" \/>\n<meta property=\"og:description\" content=\"INTERVENCI\u00d3N DE LA PRESIDENTA DEL 73\u00ba PERIODO DE SESIONES DE LA ASAMBLEA GENERAL, S.E. MARIA FERNANDA ESPINOSA\" \/>\n<meta property=\"og:url\" content=\"https:\/\/www.un.org\/pga\/73\/2019\/02\/22\/closing-of-the-annual-parliamentary-hearing-2019-emerging-challenges-to-multilateralism-a-parliamentary-response\/\" \/>\n<meta property=\"og:site_name\" content=\"Asamblea General de las Naciones Unidas\" \/>\n<meta property=\"article:published_time\" content=\"2019-02-23T02:47:01+00:00\" \/>\n<meta property=\"article:modified_time\" content=\"2019-02-26T20:09:45+00:00\" \/>\n<meta property=\"og:image\" content=\"https:\/\/www.un.org\/pga\/wp-content\/uploads\/sites\/53\/2019\/02\/1-2.jpg\" \/>\n\t<meta property=\"og:image:width\" content=\"771\" \/>\n\t<meta property=\"og:image:height\" content=\"578\" \/>\n\t<meta property=\"og:image:type\" content=\"image\/jpeg\" \/>\n<meta name=\"author\" content=\"Denise Kling\" \/>\n<meta name=\"twitter:card\" content=\"summary_large_image\" \/>\n<meta name=\"twitter:label1\" content=\"Escrito por\" \/>\n\t<meta name=\"twitter:data1\" content=\"Denise Kling\" \/>\n\t<meta name=\"twitter:label2\" content=\"Tiempo de lectura\" \/>\n\t<meta name=\"twitter:data2\" content=\"4 minutos\" \/>\n<script type=\"application\/ld+json\" class=\"yoast-schema-graph\">{\"@context\":\"https:\\\/\\\/schema.org\",\"@graph\":[{\"@type\":\"Article\",\"@id\":\"https:\\\/\\\/www.un.org\\\/pga\\\/73\\\/2019\\\/02\\\/22\\\/closing-of-the-annual-parliamentary-hearing-2019-emerging-challenges-to-multilateralism-a-parliamentary-response\\\/#article\",\"isPartOf\":{\"@id\":\"https:\\\/\\\/www.un.org\\\/pga\\\/73\\\/2019\\\/02\\\/22\\\/closing-of-the-annual-parliamentary-hearing-2019-emerging-challenges-to-multilateralism-a-parliamentary-response\\\/\"},\"author\":{\"name\":\"Denise Kling\",\"@id\":\"https:\\\/\\\/www.un.org\\\/pga\\\/73\\\/#\\\/schema\\\/person\\\/af470bea9354ed1b453ade6d22b5c9ee\"},\"headline\":\"Clausura de la Audiencia Parlamentaria Anual 2019 \u201cDesaf\u00edos emergentes al multilateralismo: una respuesta parlamentaria\u201d\",\"datePublished\":\"2019-02-23T02:47:01+00:00\",\"dateModified\":\"2019-02-26T20:09:45+00:00\",\"mainEntityOfPage\":{\"@id\":\"https:\\\/\\\/www.un.org\\\/pga\\\/73\\\/2019\\\/02\\\/22\\\/closing-of-the-annual-parliamentary-hearing-2019-emerging-challenges-to-multilateralism-a-parliamentary-response\\\/\"},\"wordCount\":792,\"publisher\":{\"@id\":\"https:\\\/\\\/www.un.org\\\/pga\\\/73\\\/#organization\"},\"image\":{\"@id\":\"https:\\\/\\\/www.un.org\\\/pga\\\/73\\\/2019\\\/02\\\/22\\\/closing-of-the-annual-parliamentary-hearing-2019-emerging-challenges-to-multilateralism-a-parliamentary-response\\\/#primaryimage\"},\"thumbnailUrl\":\"https:\\\/\\\/www.un.org\\\/pga\\\/wp-content\\\/uploads\\\/sites\\\/53\\\/2019\\\/02\\\/1-2.jpg\",\"articleSection\":[\"Declaraciones\"],\"inLanguage\":\"es\"},{\"@type\":\"WebPage\",\"@id\":\"https:\\\/\\\/www.un.org\\\/pga\\\/73\\\/2019\\\/02\\\/22\\\/closing-of-the-annual-parliamentary-hearing-2019-emerging-challenges-to-multilateralism-a-parliamentary-response\\\/\",\"url\":\"https:\\\/\\\/www.un.org\\\/pga\\\/73\\\/2019\\\/02\\\/22\\\/closing-of-the-annual-parliamentary-hearing-2019-emerging-challenges-to-multilateralism-a-parliamentary-response\\\/\",\"name\":\"Clausura de la Audiencia Parlamentaria Anual 2019 \u201cDesaf\u00edos emergentes al multilateralismo: una respuesta parlamentaria\u201d - Asamblea General de las Naciones Unidas\",\"isPartOf\":{\"@id\":\"https:\\\/\\\/www.un.org\\\/pga\\\/73\\\/#website\"},\"primaryImageOfPage\":{\"@id\":\"https:\\\/\\\/www.un.org\\\/pga\\\/73\\\/2019\\\/02\\\/22\\\/closing-of-the-annual-parliamentary-hearing-2019-emerging-challenges-to-multilateralism-a-parliamentary-response\\\/#primaryimage\"},\"image\":{\"@id\":\"https:\\\/\\\/www.un.org\\\/pga\\\/73\\\/2019\\\/02\\\/22\\\/closing-of-the-annual-parliamentary-hearing-2019-emerging-challenges-to-multilateralism-a-parliamentary-response\\\/#primaryimage\"},\"thumbnailUrl\":\"https:\\\/\\\/www.un.org\\\/pga\\\/wp-content\\\/uploads\\\/sites\\\/53\\\/2019\\\/02\\\/1-2.jpg\",\"datePublished\":\"2019-02-23T02:47:01+00:00\",\"dateModified\":\"2019-02-26T20:09:45+00:00\",\"breadcrumb\":{\"@id\":\"https:\\\/\\\/www.un.org\\\/pga\\\/73\\\/2019\\\/02\\\/22\\\/closing-of-the-annual-parliamentary-hearing-2019-emerging-challenges-to-multilateralism-a-parliamentary-response\\\/#breadcrumb\"},\"inLanguage\":\"es\",\"potentialAction\":[{\"@type\":\"ReadAction\",\"target\":[\"https:\\\/\\\/www.un.org\\\/pga\\\/73\\\/2019\\\/02\\\/22\\\/closing-of-the-annual-parliamentary-hearing-2019-emerging-challenges-to-multilateralism-a-parliamentary-response\\\/\"]}]},{\"@type\":\"ImageObject\",\"inLanguage\":\"es\",\"@id\":\"https:\\\/\\\/www.un.org\\\/pga\\\/73\\\/2019\\\/02\\\/22\\\/closing-of-the-annual-parliamentary-hearing-2019-emerging-challenges-to-multilateralism-a-parliamentary-response\\\/#primaryimage\",\"url\":\"https:\\\/\\\/www.un.org\\\/pga\\\/wp-content\\\/uploads\\\/sites\\\/53\\\/2019\\\/02\\\/1-2.jpg\",\"contentUrl\":\"https:\\\/\\\/www.un.org\\\/pga\\\/wp-content\\\/uploads\\\/sites\\\/53\\\/2019\\\/02\\\/1-2.jpg\",\"width\":771,\"height\":578},{\"@type\":\"BreadcrumbList\",\"@id\":\"https:\\\/\\\/www.un.org\\\/pga\\\/73\\\/2019\\\/02\\\/22\\\/closing-of-the-annual-parliamentary-hearing-2019-emerging-challenges-to-multilateralism-a-parliamentary-response\\\/#breadcrumb\",\"itemListElement\":[{\"@type\":\"ListItem\",\"position\":1,\"name\":\"Home\",\"item\":\"https:\\\/\\\/www.un.org\\\/pga\\\/73\\\/es\\\/\"},{\"@type\":\"ListItem\",\"position\":2,\"name\":\"Clausura de la Audiencia Parlamentaria Anual 2019 \u201cDesaf\u00edos emergentes al multilateralismo: una respuesta parlamentaria\u201d\"}]},{\"@type\":\"WebSite\",\"@id\":\"https:\\\/\\\/www.un.org\\\/pga\\\/73\\\/#website\",\"url\":\"https:\\\/\\\/www.un.org\\\/pga\\\/73\\\/\",\"name\":\"General Assembly of the United Nations\",\"description\":\"Presidenta del 73\u00b0 per\u00edodo de sesiones\",\"publisher\":{\"@id\":\"https:\\\/\\\/www.un.org\\\/pga\\\/73\\\/#organization\"},\"potentialAction\":[{\"@type\":\"SearchAction\",\"target\":{\"@type\":\"EntryPoint\",\"urlTemplate\":\"https:\\\/\\\/www.un.org\\\/pga\\\/73\\\/?s={search_term_string}\"},\"query-input\":{\"@type\":\"PropertyValueSpecification\",\"valueRequired\":true,\"valueName\":\"search_term_string\"}}],\"inLanguage\":\"es\"},{\"@type\":\"Organization\",\"@id\":\"https:\\\/\\\/www.un.org\\\/pga\\\/73\\\/#organization\",\"name\":\"General Assembly of the United Nations\",\"url\":\"https:\\\/\\\/www.un.org\\\/pga\\\/73\\\/\",\"logo\":{\"@type\":\"ImageObject\",\"inLanguage\":\"es\",\"@id\":\"https:\\\/\\\/www.un.org\\\/pga\\\/73\\\/#\\\/schema\\\/logo\\\/image\\\/\",\"url\":\"https:\\\/\\\/www.un.org\\\/pga\\\/wp-content\\\/uploads\\\/sites\\\/53\\\/2018\\\/07\\\/18-00066a_Ä¢¹½ÊÓÆµGA73_Logos-no-type-04.png\",\"contentUrl\":\"https:\\\/\\\/www.un.org\\\/pga\\\/wp-content\\\/uploads\\\/sites\\\/53\\\/2018\\\/07\\\/18-00066a_Ä¢¹½ÊÓÆµGA73_Logos-no-type-04.png\",\"width\":529,\"height\":601,\"caption\":\"General Assembly of the United Nations\"},\"image\":{\"@id\":\"https:\\\/\\\/www.un.org\\\/pga\\\/73\\\/#\\\/schema\\\/logo\\\/image\\\/\"}},{\"@type\":\"Person\",\"@id\":\"https:\\\/\\\/www.un.org\\\/pga\\\/73\\\/#\\\/schema\\\/person\\\/af470bea9354ed1b453ade6d22b5c9ee\",\"name\":\"Denise Kling\",\"image\":{\"@type\":\"ImageObject\",\"inLanguage\":\"es\",\"@id\":\"https:\\\/\\\/secure.gravatar.com\\\/avatar\\\/b5fdae9d2ae28ca0f434202f2c9b6f29640a2b757fdbaa4592687900a399db3d?s=96&d=mm&r=g\",\"url\":\"https:\\\/\\\/secure.gravatar.com\\\/avatar\\\/b5fdae9d2ae28ca0f434202f2c9b6f29640a2b757fdbaa4592687900a399db3d?s=96&d=mm&r=g\",\"contentUrl\":\"https:\\\/\\\/secure.gravatar.com\\\/avatar\\\/b5fdae9d2ae28ca0f434202f2c9b6f29640a2b757fdbaa4592687900a399db3d?s=96&d=mm&r=g\",\"caption\":\"Denise Kling\"},\"url\":\"https:\\\/\\\/www.un.org\\\/pga\\\/73\\\/es\\\/author\\\/denise-klingun-org\\\/\"}]}<\/script>\n<!-- \/ Yoast SEO plugin. -->","yoast_head_json":{"title":"Clausura de la Audiencia Parlamentaria Anual 2019 \u201cDesaf\u00edos emergentes al multilateralismo: una respuesta parlamentaria\u201d - Asamblea General de las Naciones Unidas","robots":{"index":"index","follow":"follow","max-snippet":"max-snippet:-1","max-image-preview":"max-image-preview:large","max-video-preview":"max-video-preview:-1"},"canonical":"https:\/\/www.un.org\/pga\/73\/2019\/02\/22\/closing-of-the-annual-parliamentary-hearing-2019-emerging-challenges-to-multilateralism-a-parliamentary-response\/","og_locale":"es_ES","og_type":"article","og_title":"Clausura de la Audiencia Parlamentaria Anual 2019 \u201cDesaf\u00edos emergentes al multilateralismo: una respuesta parlamentaria\u201d - Asamblea General de las Naciones Unidas","og_description":"INTERVENCI\u00d3N DE LA PRESIDENTA DEL 73\u00ba PERIODO DE SESIONES DE LA ASAMBLEA GENERAL, S.E. MARIA FERNANDA ESPINOSA","og_url":"https:\/\/www.un.org\/pga\/73\/2019\/02\/22\/closing-of-the-annual-parliamentary-hearing-2019-emerging-challenges-to-multilateralism-a-parliamentary-response\/","og_site_name":"Asamblea General de las Naciones Unidas","article_published_time":"2019-02-23T02:47:01+00:00","article_modified_time":"2019-02-26T20:09:45+00:00","og_image":[{"width":771,"height":578,"url":"https:\/\/www.un.org\/pga\/wp-content\/uploads\/sites\/53\/2019\/02\/1-2.jpg","type":"image\/jpeg"}],"author":"Denise Kling","twitter_card":"summary_large_image","twitter_misc":{"Escrito por":"Denise Kling","Tiempo de lectura":"4 minutos"},"schema":{"@context":"https:\/\/schema.org","@graph":[{"@type":"Article","@id":"https:\/\/www.un.org\/pga\/73\/2019\/02\/22\/closing-of-the-annual-parliamentary-hearing-2019-emerging-challenges-to-multilateralism-a-parliamentary-response\/#article","isPartOf":{"@id":"https:\/\/www.un.org\/pga\/73\/2019\/02\/22\/closing-of-the-annual-parliamentary-hearing-2019-emerging-challenges-to-multilateralism-a-parliamentary-response\/"},"author":{"name":"Denise Kling","@id":"https:\/\/www.un.org\/pga\/73\/#\/schema\/person\/af470bea9354ed1b453ade6d22b5c9ee"},"headline":"Clausura de la Audiencia Parlamentaria Anual 2019 \u201cDesaf\u00edos emergentes al multilateralismo: una respuesta parlamentaria\u201d","datePublished":"2019-02-23T02:47:01+00:00","dateModified":"2019-02-26T20:09:45+00:00","mainEntityOfPage":{"@id":"https:\/\/www.un.org\/pga\/73\/2019\/02\/22\/closing-of-the-annual-parliamentary-hearing-2019-emerging-challenges-to-multilateralism-a-parliamentary-response\/"},"wordCount":792,"publisher":{"@id":"https:\/\/www.un.org\/pga\/73\/#organization"},"image":{"@id":"https:\/\/www.un.org\/pga\/73\/2019\/02\/22\/closing-of-the-annual-parliamentary-hearing-2019-emerging-challenges-to-multilateralism-a-parliamentary-response\/#primaryimage"},"thumbnailUrl":"https:\/\/www.un.org\/pga\/wp-content\/uploads\/sites\/53\/2019\/02\/1-2.jpg","articleSection":["Declaraciones"],"inLanguage":"es"},{"@type":"WebPage","@id":"https:\/\/www.un.org\/pga\/73\/2019\/02\/22\/closing-of-the-annual-parliamentary-hearing-2019-emerging-challenges-to-multilateralism-a-parliamentary-response\/","url":"https:\/\/www.un.org\/pga\/73\/2019\/02\/22\/closing-of-the-annual-parliamentary-hearing-2019-emerging-challenges-to-multilateralism-a-parliamentary-response\/","name":"Clausura de la Audiencia Parlamentaria Anual 2019 \u201cDesaf\u00edos emergentes al multilateralismo: una respuesta parlamentaria\u201d - Asamblea General de las Naciones Unidas","isPartOf":{"@id":"https:\/\/www.un.org\/pga\/73\/#website"},"primaryImageOfPage":{"@id":"https:\/\/www.un.org\/pga\/73\/2019\/02\/22\/closing-of-the-annual-parliamentary-hearing-2019-emerging-challenges-to-multilateralism-a-parliamentary-response\/#primaryimage"},"image":{"@id":"https:\/\/www.un.org\/pga\/73\/2019\/02\/22\/closing-of-the-annual-parliamentary-hearing-2019-emerging-challenges-to-multilateralism-a-parliamentary-response\/#primaryimage"},"thumbnailUrl":"https:\/\/www.un.org\/pga\/wp-content\/uploads\/sites\/53\/2019\/02\/1-2.jpg","datePublished":"2019-02-23T02:47:01+00:00","dateModified":"2019-02-26T20:09:45+00:00","breadcrumb":{"@id":"https:\/\/www.un.org\/pga\/73\/2019\/02\/22\/closing-of-the-annual-parliamentary-hearing-2019-emerging-challenges-to-multilateralism-a-parliamentary-response\/#breadcrumb"},"inLanguage":"es","potentialAction":[{"@type":"ReadAction","target":["https:\/\/www.un.org\/pga\/73\/2019\/02\/22\/closing-of-the-annual-parliamentary-hearing-2019-emerging-challenges-to-multilateralism-a-parliamentary-response\/"]}]},{"@type":"ImageObject","inLanguage":"es","@id":"https:\/\/www.un.org\/pga\/73\/2019\/02\/22\/closing-of-the-annual-parliamentary-hearing-2019-emerging-challenges-to-multilateralism-a-parliamentary-response\/#primaryimage","url":"https:\/\/www.un.org\/pga\/wp-content\/uploads\/sites\/53\/2019\/02\/1-2.jpg","contentUrl":"https:\/\/www.un.org\/pga\/wp-content\/uploads\/sites\/53\/2019\/02\/1-2.jpg","width":771,"height":578},{"@type":"BreadcrumbList","@id":"https:\/\/www.un.org\/pga\/73\/2019\/02\/22\/closing-of-the-annual-parliamentary-hearing-2019-emerging-challenges-to-multilateralism-a-parliamentary-response\/#breadcrumb","itemListElement":[{"@type":"ListItem","position":1,"name":"Home","item":"https:\/\/www.un.org\/pga\/73\/es\/"},{"@type":"ListItem","position":2,"name":"Clausura de la Audiencia Parlamentaria Anual 2019 \u201cDesaf\u00edos emergentes al multilateralismo: una respuesta parlamentaria\u201d"}]},{"@type":"WebSite","@id":"https:\/\/www.un.org\/pga\/73\/#website","url":"https:\/\/www.un.org\/pga\/73\/","name":"General Assembly of the United Nations","description":"Presidenta del 73\u00b0 per\u00edodo de sesiones","publisher":{"@id":"https:\/\/www.un.org\/pga\/73\/#organization"},"potentialAction":[{"@type":"SearchAction","target":{"@type":"EntryPoint","urlTemplate":"https:\/\/www.un.org\/pga\/73\/?s={search_term_string}"},"query-input":{"@type":"PropertyValueSpecification","valueRequired":true,"valueName":"search_term_string"}}],"inLanguage":"es"},{"@type":"Organization","@id":"https:\/\/www.un.org\/pga\/73\/#organization","name":"General Assembly of the United Nations","url":"https:\/\/www.un.org\/pga\/73\/","logo":{"@type":"ImageObject","inLanguage":"es","@id":"https:\/\/www.un.org\/pga\/73\/#\/schema\/logo\/image\/","url":"https:\/\/www.un.org\/pga\/wp-content\/uploads\/sites\/53\/2018\/07\/18-00066a_Ä¢¹½ÊÓÆµGA73_Logos-no-type-04.png","contentUrl":"https:\/\/www.un.org\/pga\/wp-content\/uploads\/sites\/53\/2018\/07\/18-00066a_Ä¢¹½ÊÓÆµGA73_Logos-no-type-04.png","width":529,"height":601,"caption":"General Assembly of the United Nations"},"image":{"@id":"https:\/\/www.un.org\/pga\/73\/#\/schema\/logo\/image\/"}},{"@type":"Person","@id":"https:\/\/www.un.org\/pga\/73\/#\/schema\/person\/af470bea9354ed1b453ade6d22b5c9ee","name":"Denise Kling","image":{"@type":"ImageObject","inLanguage":"es","@id":"https:\/\/secure.gravatar.com\/avatar\/b5fdae9d2ae28ca0f434202f2c9b6f29640a2b757fdbaa4592687900a399db3d?s=96&d=mm&r=g","url":"https:\/\/secure.gravatar.com\/avatar\/b5fdae9d2ae28ca0f434202f2c9b6f29640a2b757fdbaa4592687900a399db3d?s=96&d=mm&r=g","contentUrl":"https:\/\/secure.gravatar.com\/avatar\/b5fdae9d2ae28ca0f434202f2c9b6f29640a2b757fdbaa4592687900a399db3d?s=96&d=mm&r=g","caption":"Denise Kling"},"url":"https:\/\/www.un.org\/pga\/73\/es\/author\/denise-klingun-org\/"}]}},"_links":{"self":[{"href":"https:\/\/www.un.org\/pga\/73\/es\/wp-json\/wp\/v2\/posts\/180357","targetHints":{"allow":["GET"]}}],"collection":[{"href":"https:\/\/www.un.org\/pga\/73\/es\/wp-json\/wp\/v2\/posts"}],"about":[{"href":"https:\/\/www.un.org\/pga\/73\/es\/wp-json\/wp\/v2\/types\/post"}],"author":[{"embeddable":true,"href":"https:\/\/www.un.org\/pga\/73\/es\/wp-json\/wp\/v2\/users\/266"}],"replies":[{"embeddable":true,"href":"https:\/\/www.un.org\/pga\/73\/es\/wp-json\/wp\/v2\/comments?post=180357"}],"version-history":[{"count":0,"href":"https:\/\/www.un.org\/pga\/73\/es\/wp-json\/wp\/v2\/posts\/180357\/revisions"}],"wp:featuredmedia":[{"embeddable":true,"href":"https:\/\/www.un.org\/pga\/73\/es\/wp-json\/wp\/v2\/media\/180351"}],"wp:attachment":[{"href":"https:\/\/www.un.org\/pga\/73\/es\/wp-json\/wp\/v2\/media?parent=180357"}],"wp:term":[{"taxonomy":"category","embeddable":true,"href":"https:\/\/www.un.org\/pga\/73\/es\/wp-json\/wp\/v2\/categories?post=180357"},{"taxonomy":"post_tag","embeddable":true,"href":"https:\/\/www.un.org\/pga\/73\/es\/wp-json\/wp\/v2\/tags?post=180357"}],"curies":[{"name":"wp","href":"https:\/\/api.w.org\/{rel}","templated":true}]}}