  {"id":180393,"date":"2019-02-25T15:10:08","date_gmt":"2019-02-25T20:10:08","guid":{"rendered":"https:\/\/www.un.org\/pga\/73\/2019\/02\/25\/opening-of-the-high-level-segment-of-the-40th-session-of-the-human-rights-council\/"},"modified":"2019-02-26T15:32:18","modified_gmt":"2019-02-26T20:32:18","slug":"opening-of-the-high-level-segment-of-the-40th-session-of-the-human-rights-council","status":"publish","type":"post","link":"https:\/\/www.un.org\/pga\/73\/es\/2019\/02\/25\/opening-of-the-high-level-segment-of-the-40th-session-of-the-human-rights-council\/","title":{"rendered":"Apertura del Segmento de Alto Nivel del 40\u00ba periodo de sesiones del Consejo de Derechos Humanos"},"content":{"rendered":"<p>[et_pb_section bb_built=\u00bb1&#8243;][et_pb_row][et_pb_column type=\u00bb4_4&#8243;][et_pb_text _builder_version=\u00bb3.17.4&#8243; border_style=\u00bbsolid\u00bb background_position=\u00bbtop_left\u00bb background_repeat=\u00bbrepeat\u00bb background_size=\u00bbinitial\u00bb]<\/p>\n<p style=\"text-align: center\"><strong><em>&#8211; Como Pronunciado &#8211;<\/em><\/strong><\/p>\n<h3>Statement by H.E. Mrs. Mar\u00eda Fernanda Espinosa Garc\u00e9s, President of the 73<sup>rd<\/sup> Session of the Ä¢¹½ÊÓÆµ General Assembly<\/h3>\n<p><strong><span class=\"updated\">18 de Septiembre 2019<\/span><\/strong><\/p>\n<p><img loading=\"lazy\" decoding=\"async\" class=\"alignleft wp-image-180369 size-medium\" src=\"https:\/\/www.un.org\/pga\/73\/wp-content\/uploads\/sites\/53\/2019\/02\/HRC-1-300x170.jpg\" alt=\"\" width=\"300\" height=\"170\" srcset=\"https:\/\/www.un.org\/pga\/wp-content\/uploads\/sites\/53\/2019\/02\/HRC-1-300x170.jpg 300w, https:\/\/www.un.org\/pga\/wp-content\/uploads\/sites\/53\/2019\/02\/HRC-1-150x85.jpg 150w, https:\/\/www.un.org\/pga\/wp-content\/uploads\/sites\/53\/2019\/02\/HRC-1-768x434.jpg 768w, https:\/\/www.un.org\/pga\/wp-content\/uploads\/sites\/53\/2019\/02\/HRC-1-1024x579.jpg 1024w, https:\/\/www.un.org\/pga\/wp-content\/uploads\/sites\/53\/2019\/02\/HRC-1-1080x611.jpg 1080w, https:\/\/www.un.org\/pga\/wp-content\/uploads\/sites\/53\/2019\/02\/HRC-1.jpg 2048w\" sizes=\"(max-width: 300px) 100vw, 300px\" \/><\/p>\n<p>Su Excelencia Coly Seck, Presidente del Consejo de Derechos Humanos,<\/p>\n<p>Su Excelencia Ignacio Cassis, Jefe del Departamento Federal de Asuntos Exteriores de Suiza,<\/p>\n<p>Se\u00f1or Ant\u00f3nio Guterres, Secretario General,<\/p>\n<p>Se\u00f1ora Michelle Bachelet, Alta Comisionada de las Naciones Unidas para los Derechos Humanos,<\/p>\n<p>Excelencias, Damas y Caballeros:<\/p>\n<p>Siempre es un placer regresar a Ginebra, capital de La Paz y s\u00edmbolo del multilateralismo.<\/p>\n<p>Cada sesi\u00f3n de este Consejo representa una oportunidad para renovar nuestro compromiso con los derechos humanos, y muy especialmente ahora, en un momento en el cual los principios m\u00e1s elementales del multilateralismo se encuentran bajo amenaza, y con ello, podr\u00eda estar incluso en riesgo la arquitectura internacional de los derechos humanos.<\/p>\n<p>El Consejo inicia este periodo de sesiones en un mundo a\u00fan m\u00e1s dividido que hace un a\u00f1o. Con m\u00e1s migrantes y refugiados, con m\u00e1s v\u00edctimas de conflictos armados, con m\u00e1s mujeres y ni\u00f1as v\u00edctimas de violencia, y con noticias poco alentadoras, sobre el futuro sino tomamos acciones urgentes para frenar el cambio clim\u00e1tico, el cual es una amenaza para cada vez m\u00e1s latente para nuestro planeta.<\/p>\n<p>Hoy iniciamos una sesi\u00f3n m\u00e1s del Consejo de Derechos Humanos en un mundo donde el nacionalismo extremo y la xenofobia nos recuerdan un pasado que no puede repetirse en el mundo de hoy.<\/p>\n<p>[\/et_pb_text][\/et_pb_column][\/et_pb_row][et_pb_row][et_pb_column type=\u00bb1_2&#8243;][et_pb_text _builder_version=\u00bb3.17.4&#8243;]<\/p>\n<p>Excelencias,<\/p>\n<p>El pasado mes de diciembre conmemoramos los 70 a\u00f1os de vida de uno de los m\u00e1s importantes legados de la Organizaci\u00f3n de las Naciones Unidas: la Declaraci\u00f3n Universal de los Derechos Humanos, una joya del multilateralismo, fundada en la premisa de que todas las personas nacemos libres e iguales, en dignidad y derechos.<\/p>\n<p>En diciembre pasado tambi\u00e9n conmemoramos los veinticinco a\u00f1os de la Declaraci\u00f3n y el Programa de Acci\u00f3n de Viena que reconoci\u00f3 el car\u00e1cter universal, indivisible e interdependiente de los derechos humanos.<\/p>\n<p>Este Consejo representa un pilar fundamental en la arquitectura internacional que, a lo largo de 73 a\u00f1os, hemos construido desde la Asamblea General de las Naciones Unidas a trav\u00e9s de Convenciones y Pactos, a trav\u00e9s de la creaci\u00f3n de procedimientos y mecanismos especiales de protecci\u00f3n, a trav\u00e9s de una inmensa producci\u00f3n de resoluciones que han enriquecido y moldeado, d\u00eda a d\u00eda, el derecho internacional de los derechos humanos.<\/p>\n<p>[\/et_pb_text][\/et_pb_column][et_pb_column type=\u00bb1_2&#8243;][et_pb_code _builder_version=\u00bb3.17.4&#8243;]\n<!-- iframe plugin v.6.0 wordpress.org\/plugins\/iframe\/ -->\n<iframe loading=\"lazy\" width=\"100%\" height=\"250\" src=\"\/\/www.un.org\/webcast\/1362235914001\/B1J3DDQJf_default\/index.html?videoId=6006524642001\" scrolling=\"yes\" class=\"iframe-class\" frameborder=\"0\"><\/iframe>\n<!-- [et_pb_line_break_holder] --><!-- [et_pb_line_break_holder] -->[\/et_pb_code][\/et_pb_column][\/et_pb_row][et_pb_row][et_pb_column type=\u00bb4_4&#8243;][et_pb_text _builder_version=\u00bb3.17.4&#8243;]<\/p>\n<p>Solamente en los \u00faltimos meses, desde la Asamblea General, hemos sumado importantes instrumentos internacionales que enriquecen la agenda de los derechos fundamentales. El Pacto de Refugiados, el Pacto por una Migraci\u00f3n Segura, Ordenada y Regular, la Declaraci\u00f3n de los Derechos de los Campesinos, gestada en este Consejo y aprobada por la General Asamblea, entre otros temas, son apenas algunas de las recientes contribuciones de nuestra Organizaci\u00f3n a la agenda de los derechos humanos.<\/p>\n<p>Y ahora, excelencias y amigos, el gran reto es superar el d\u00e9ficit de implementaci\u00f3n. Este vigoroso cuerpo normativo debe, y tiene, que proteger o devolver la dignidad a todos los seres humanos en todas partes del mundo.<\/p>\n<p>Excelencias,<\/p>\n<p>Como excolega de algunos de ustedes aqu\u00ed presentes, conozco que el trabajo en este Consejo no es f\u00e1cil. Sin embargo, perm\u00edtanme pedirles que, como homenaje a los 70 a\u00f1os de la Declaraci\u00f3n Universal, renovemos nuestro compromiso, y prioricemos el di\u00e1logo y el entendimiento mutuo. Les pido que defendamos y optimicemos la institucionalidad del Examen Peri\u00f3dico Universal, como mecanismo capaz de evaluar la situaci\u00f3n de los derechos humanos en el mundo, y fomentar la cooperaci\u00f3n entre pa\u00edses.<\/p>\n<p>En sus 13 a\u00f1os de funcionamiento, la labor del Consejo ha sido f\u00e9rtil. El tratamiento de los derechos civiles, pol\u00edticos, econ\u00f3micos, sociales y culturales, incluyendo el derecho al desarrollo, ha contribuido a ampliar y profundizar la protecci\u00f3n de las personas y ha establecido sistemas m\u00e1s eficientes de monitoreo y de rendici\u00f3n de cuentas.<\/p>\n<p>Indudablemente, el Consejo ha impactado positivamente la realidad de millones de personas alrededor del mundo. Pero a\u00fan queda mucho por hacer.<\/p>\n<p>Excelencias,<\/p>\n<p>Los desaf\u00edos que enfrenta la agenda de derechos humanos son muchos.<\/p>\n<p>La mitad de la poblaci\u00f3n mundial, las mujeres y las ni\u00f1as, siguen sufriendo discriminaci\u00f3n y violencia, en todos los pa\u00edses, sin excepci\u00f3n. Adem\u00e1s, las mujeres siguen sin gozar del mismo nivel de participaci\u00f3n pol\u00edtica que los hombres, representando una clara limitaci\u00f3n al ejercicio de sus derechos pol\u00edticos. Los pueblos ind\u00edgenas contin\u00faan siendo los m\u00e1s excluidos y vulnerables; las personas con discapacidad todav\u00eda no gozan de iguales oportunidades.<\/p>\n<p>Las crisis pol\u00edticas, las guerras, el crimen transnacional organizado, la exclusi\u00f3n social y la falta de acceso a la justicia, constituyen claras amenazas que demandan respuestas adecuadas de parte de este Consejo y de todo el sistema internacional de protecci\u00f3n de los derechos humanos.<\/p>\n<p>Pero quiz\u00e1 uno de los desaf\u00edos m\u00e1s sensibles para la agenda de los derechos humanos es la desigualdad. La concentraci\u00f3n de la riqueza se acentu\u00f3 a tal punto que en el 2018 tan solo 26 personas pose\u00edan m\u00e1s dinero que los 3800 millones de personas m\u00e1s pobres del planeta.<\/p>\n<p>Si queremos alcanzar las metas que nos hemos propuesto en la Agenda 2030 debemos construir las condiciones para un mundo menos desigual y m\u00e1s sostenible. Los ODS son, en esencia, instrumentos dirigidos a alcanzar la plena realizaci\u00f3n de los derechos humanos.<\/p>\n<p>[\/et_pb_text][et_pb_testimonial _builder_version=\u00bb3.17.4&#8243; author=\u00bbMar\u00eda Fernanda Espinosa Garc\u00e9s\u00bb portrait_url=\u00bbhttps:\/\/www.un.org\/pga\/73\/wp-content\/uploads\/sites\/53\/2018\/09\/PGA-73084-e1537294481964.jpg\u00bb border_style=\u00bbsolid\u00bb job_title=\u00bbLA PRESIDENTA DEL 73\u00ba PERIODO DE SESIONES DE LA ASAMBLEA GENERAL\u00bb quote_icon_background_color=\u00bb#f5f5f5&#8243; background_position=\u00bbtop_left\u00bb background_repeat=\u00bbrepeat\u00bb background_size=\u00bbinitial\u00bb quote_icon_color=\u00bb#00aff8&#8243;]<\/p>\n<p><span style=\"color: #0000ff\">En sus 13 a\u00f1os de funcionamiento, la labor del Consejo ha sido f\u00e9rtil. El tratamiento de los derechos civiles, pol\u00edticos, econ\u00f3micos, sociales y culturales, incluyendo el derecho al desarrollo, ha contribuido a ampliar y profundizar la protecci\u00f3n de las personas y ha establecido sistemas m\u00e1s eficientes de monitoreo y de rendici\u00f3n de cuentas.<\/span><\/p>\n<p><span style=\"color: #0000ff\">Indudablemente, el Consejo ha impactado positivamente la realidad de millones de personas alrededor del mundo. Pero a\u00fan queda mucho por hacer.<\/span><\/p>\n<p>[\/et_pb_testimonial][et_pb_text _builder_version=\u00bb3.17.4&#8243; border_style=\u00bbsolid\u00bb background_position=\u00bbtop_left\u00bb background_repeat=\u00bbrepeat\u00bb background_size=\u00bbinitial\u00bb]<\/p>\n<p>Excelencias,<\/p>\n<p>A medida que nos acercamos al 2021, cuando el Consejo deber\u00e1 someterse a su segunda revisi\u00f3n, debemos continuar impulsando una reflexi\u00f3n profunda acerca de su funcionamiento y de los cambios que se requieren para reforzar su credibilidad y autoridad en un nuevo escenario internacional.<\/p>\n<p>Necesitamos un Consejo fuerte, eficiente, que aporte soluciones y garantice la promoci\u00f3n y protecci\u00f3n de <em>todos<\/em> los derechos para <em>todas<\/em> las personas; sin excepci\u00f3n; sin dobles raseros y evitando la politizaci\u00f3n.\u00a0 Necesitamos Un Consejo que responda a todas las violaciones y abusos, independientemente de d\u00f3nde se hayan cometido o de qui\u00e9nes sean responsables.<\/p>\n<p>Excelencias,<\/p>\n<p>Finalmente, debo reiterar que la articulaci\u00f3n de toda la familia del sistema de las Naciones Unidas es central en la promoci\u00f3n y protecci\u00f3n de los derechos humanos.<\/p>\n<p>Estoy haciendo\u00a0 los esfuerzos necesarios para alcanzar una mejor articulaci\u00f3n entre la Asamblea General -en particular su Tercera Comisi\u00f3n-, y este Consejo, y todos los mecanismos del sistema internacional de protecci\u00f3n de los derechos humanos.<\/p>\n<p>En este sentido, quisiera resaltar la excelente \u00a0coordinaci\u00f3n que mantenemos con la Oficina de la Alta Comisionada, bajo el liderazgo de esta extraordinaria mujer latinoamericana como es Michelle Bachelet, y con los titulares de mandatos de los procedimientos especiales.<\/p>\n<p>Tambi\u00e9n tenemos el desaf\u00edo de una mayor coordinaci\u00f3n con las organizaciones sociales, porque la defensa de los derechos humanos es una responsabilidad de toda la sociedad.<\/p>\n<p>Les deseo el mayor de los \u00e9xitos en sus deliberaciones y una productiva sesi\u00f3n. Los insto a continuar con sus esfuerzos por proteger y velar por cada v\u00edctima de agresi\u00f3n o violaci\u00f3n de sus derechos. El trabajo y el compromiso que nos inspiran es lograr que cada ser humano viva con dignidad. Les agradezco su compromiso con la vigencia de los derechos humanos, y \u00a0por su contribuci\u00f3n diaria para que las Naciones Unidas sean verdaderamente relevantes para todas las personas.<\/p>\n<p>Muchas gracias.<\/p>\n<p>[\/et_pb_text][\/et_pb_column][\/et_pb_row][\/et_pb_section]<\/p>\n","protected":false},"excerpt":{"rendered":"<p>INTERVENCI\u00d3N DE LA PRESIDENTA DEL 73\u00ba PERIODO DE SESIONES DE LA ASAMBLEA GENERAL, S.E. MARIA FERNANDA ESPINOSA- Apertura del Segmento de Alto Nivel del 40\u00ba periodo de sesiones del Consejo de Derechos Humanos<\/p>\n","protected":false},"author":266,"featured_media":180387,"comment_status":"closed","ping_status":"closed","sticky":false,"template":"","format":"standard","meta":{"_et_pb_use_builder":"on","_et_pb_old_content":"","_et_gb_content_width":"","footnotes":"","_links_to":"","_links_to_target":""},"categories":[181],"tags":[],"class_list":["post-180393","post","type-post","status-publish","format-standard","has-post-thumbnail","hentry","category-statements-es","et-has-post-format-content","et_post_format-et-post-format-standard"],"yoast_head":"<!-- This site is optimized with the Yoast SEO plugin v28.3 - https:\/\/yoast.com\/product\/yoast-seo-wordpress\/ -->\n<title>Apertura del Segmento de Alto Nivel del 40\u00ba periodo de sesiones del Consejo de Derechos Humanos - Asamblea General de las Naciones Unidas<\/title>\n<meta name=\"robots\" content=\"index, follow, max-snippet:-1, max-image-preview:large, max-video-preview:-1\" \/>\n<link rel=\"canonical\" href=\"https:\/\/www.un.org\/pga\/73\/2019\/02\/25\/opening-of-the-high-level-segment-of-the-40th-session-of-the-human-rights-council\/\" \/>\n<meta property=\"og:locale\" content=\"es_ES\" \/>\n<meta property=\"og:type\" content=\"article\" \/>\n<meta property=\"og:title\" content=\"Apertura del Segmento de Alto Nivel del 40\u00ba periodo de sesiones del Consejo de Derechos Humanos - Asamblea General de las Naciones Unidas\" \/>\n<meta property=\"og:description\" content=\"INTERVENCI\u00d3N DE LA PRESIDENTA DEL 73\u00ba PERIODO DE SESIONES DE LA ASAMBLEA GENERAL, S.E. MARIA FERNANDA ESPINOSA- Apertura del Segmento de Alto Nivel del 40\u00ba periodo de sesiones del Consejo de Derechos Humanos\" \/>\n<meta property=\"og:url\" content=\"https:\/\/www.un.org\/pga\/73\/2019\/02\/25\/opening-of-the-high-level-segment-of-the-40th-session-of-the-human-rights-council\/\" \/>\n<meta property=\"og:site_name\" content=\"Asamblea General de las Naciones Unidas\" \/>\n<meta property=\"article:published_time\" content=\"2019-02-25T20:10:08+00:00\" \/>\n<meta property=\"article:modified_time\" content=\"2019-02-26T20:32:18+00:00\" \/>\n<meta property=\"og:image\" content=\"https:\/\/www.un.org\/pga\/wp-content\/uploads\/sites\/53\/2019\/02\/HRC-1.jpg\" \/>\n\t<meta property=\"og:image:width\" content=\"2048\" \/>\n\t<meta property=\"og:image:height\" content=\"1158\" \/>\n\t<meta property=\"og:image:type\" content=\"image\/jpeg\" \/>\n<meta name=\"author\" content=\"Denise Kling\" \/>\n<meta name=\"twitter:card\" content=\"summary_large_image\" \/>\n<meta name=\"twitter:label1\" content=\"Escrito por\" \/>\n\t<meta name=\"twitter:data1\" content=\"Denise Kling\" \/>\n\t<meta name=\"twitter:label2\" content=\"Tiempo de lectura\" \/>\n\t<meta name=\"twitter:data2\" content=\"8 minutos\" \/>\n<script type=\"application\/ld+json\" class=\"yoast-schema-graph\">{\"@context\":\"https:\\\/\\\/schema.org\",\"@graph\":[{\"@type\":\"Article\",\"@id\":\"https:\\\/\\\/www.un.org\\\/pga\\\/73\\\/2019\\\/02\\\/25\\\/opening-of-the-high-level-segment-of-the-40th-session-of-the-human-rights-council\\\/#article\",\"isPartOf\":{\"@id\":\"https:\\\/\\\/www.un.org\\\/pga\\\/73\\\/2019\\\/02\\\/25\\\/opening-of-the-high-level-segment-of-the-40th-session-of-the-human-rights-council\\\/\"},\"author\":{\"name\":\"Denise Kling\",\"@id\":\"https:\\\/\\\/www.un.org\\\/pga\\\/73\\\/#\\\/schema\\\/person\\\/af470bea9354ed1b453ade6d22b5c9ee\"},\"headline\":\"Apertura del Segmento de Alto Nivel del 40\u00ba periodo de sesiones del Consejo de Derechos Humanos\",\"datePublished\":\"2019-02-25T20:10:08+00:00\",\"dateModified\":\"2019-02-26T20:32:18+00:00\",\"mainEntityOfPage\":{\"@id\":\"https:\\\/\\\/www.un.org\\\/pga\\\/73\\\/2019\\\/02\\\/25\\\/opening-of-the-high-level-segment-of-the-40th-session-of-the-human-rights-council\\\/\"},\"wordCount\":1566,\"publisher\":{\"@id\":\"https:\\\/\\\/www.un.org\\\/pga\\\/73\\\/#organization\"},\"image\":{\"@id\":\"https:\\\/\\\/www.un.org\\\/pga\\\/73\\\/2019\\\/02\\\/25\\\/opening-of-the-high-level-segment-of-the-40th-session-of-the-human-rights-council\\\/#primaryimage\"},\"thumbnailUrl\":\"https:\\\/\\\/www.un.org\\\/pga\\\/wp-content\\\/uploads\\\/sites\\\/53\\\/2019\\\/02\\\/HRC-1.jpg\",\"articleSection\":[\"Declaraciones\"],\"inLanguage\":\"es\"},{\"@type\":\"WebPage\",\"@id\":\"https:\\\/\\\/www.un.org\\\/pga\\\/73\\\/2019\\\/02\\\/25\\\/opening-of-the-high-level-segment-of-the-40th-session-of-the-human-rights-council\\\/\",\"url\":\"https:\\\/\\\/www.un.org\\\/pga\\\/73\\\/2019\\\/02\\\/25\\\/opening-of-the-high-level-segment-of-the-40th-session-of-the-human-rights-council\\\/\",\"name\":\"Apertura del Segmento de Alto Nivel del 40\u00ba periodo de sesiones del Consejo de Derechos Humanos - Asamblea General de las Naciones Unidas\",\"isPartOf\":{\"@id\":\"https:\\\/\\\/www.un.org\\\/pga\\\/73\\\/#website\"},\"primaryImageOfPage\":{\"@id\":\"https:\\\/\\\/www.un.org\\\/pga\\\/73\\\/2019\\\/02\\\/25\\\/opening-of-the-high-level-segment-of-the-40th-session-of-the-human-rights-council\\\/#primaryimage\"},\"image\":{\"@id\":\"https:\\\/\\\/www.un.org\\\/pga\\\/73\\\/2019\\\/02\\\/25\\\/opening-of-the-high-level-segment-of-the-40th-session-of-the-human-rights-council\\\/#primaryimage\"},\"thumbnailUrl\":\"https:\\\/\\\/www.un.org\\\/pga\\\/wp-content\\\/uploads\\\/sites\\\/53\\\/2019\\\/02\\\/HRC-1.jpg\",\"datePublished\":\"2019-02-25T20:10:08+00:00\",\"dateModified\":\"2019-02-26T20:32:18+00:00\",\"breadcrumb\":{\"@id\":\"https:\\\/\\\/www.un.org\\\/pga\\\/73\\\/2019\\\/02\\\/25\\\/opening-of-the-high-level-segment-of-the-40th-session-of-the-human-rights-council\\\/#breadcrumb\"},\"inLanguage\":\"es\",\"potentialAction\":[{\"@type\":\"ReadAction\",\"target\":[\"https:\\\/\\\/www.un.org\\\/pga\\\/73\\\/2019\\\/02\\\/25\\\/opening-of-the-high-level-segment-of-the-40th-session-of-the-human-rights-council\\\/\"]}]},{\"@type\":\"ImageObject\",\"inLanguage\":\"es\",\"@id\":\"https:\\\/\\\/www.un.org\\\/pga\\\/73\\\/2019\\\/02\\\/25\\\/opening-of-the-high-level-segment-of-the-40th-session-of-the-human-rights-council\\\/#primaryimage\",\"url\":\"https:\\\/\\\/www.un.org\\\/pga\\\/wp-content\\\/uploads\\\/sites\\\/53\\\/2019\\\/02\\\/HRC-1.jpg\",\"contentUrl\":\"https:\\\/\\\/www.un.org\\\/pga\\\/wp-content\\\/uploads\\\/sites\\\/53\\\/2019\\\/02\\\/HRC-1.jpg\",\"width\":2048,\"height\":1158},{\"@type\":\"BreadcrumbList\",\"@id\":\"https:\\\/\\\/www.un.org\\\/pga\\\/73\\\/2019\\\/02\\\/25\\\/opening-of-the-high-level-segment-of-the-40th-session-of-the-human-rights-council\\\/#breadcrumb\",\"itemListElement\":[{\"@type\":\"ListItem\",\"position\":1,\"name\":\"Home\",\"item\":\"https:\\\/\\\/www.un.org\\\/pga\\\/73\\\/es\\\/\"},{\"@type\":\"ListItem\",\"position\":2,\"name\":\"Apertura del Segmento de Alto Nivel del 40\u00ba periodo de sesiones del Consejo de Derechos Humanos\"}]},{\"@type\":\"WebSite\",\"@id\":\"https:\\\/\\\/www.un.org\\\/pga\\\/73\\\/#website\",\"url\":\"https:\\\/\\\/www.un.org\\\/pga\\\/73\\\/\",\"name\":\"General Assembly of the United Nations\",\"description\":\"Presidenta del 73\u00b0 per\u00edodo de sesiones\",\"publisher\":{\"@id\":\"https:\\\/\\\/www.un.org\\\/pga\\\/73\\\/#organization\"},\"potentialAction\":[{\"@type\":\"SearchAction\",\"target\":{\"@type\":\"EntryPoint\",\"urlTemplate\":\"https:\\\/\\\/www.un.org\\\/pga\\\/73\\\/?s={search_term_string}\"},\"query-input\":{\"@type\":\"PropertyValueSpecification\",\"valueRequired\":true,\"valueName\":\"search_term_string\"}}],\"inLanguage\":\"es\"},{\"@type\":\"Organization\",\"@id\":\"https:\\\/\\\/www.un.org\\\/pga\\\/73\\\/#organization\",\"name\":\"General Assembly of the United Nations\",\"url\":\"https:\\\/\\\/www.un.org\\\/pga\\\/73\\\/\",\"logo\":{\"@type\":\"ImageObject\",\"inLanguage\":\"es\",\"@id\":\"https:\\\/\\\/www.un.org\\\/pga\\\/73\\\/#\\\/schema\\\/logo\\\/image\\\/\",\"url\":\"https:\\\/\\\/www.un.org\\\/pga\\\/wp-content\\\/uploads\\\/sites\\\/53\\\/2018\\\/07\\\/18-00066a_Ä¢¹½ÊÓÆµGA73_Logos-no-type-04.png\",\"contentUrl\":\"https:\\\/\\\/www.un.org\\\/pga\\\/wp-content\\\/uploads\\\/sites\\\/53\\\/2018\\\/07\\\/18-00066a_Ä¢¹½ÊÓÆµGA73_Logos-no-type-04.png\",\"width\":529,\"height\":601,\"caption\":\"General Assembly of the United Nations\"},\"image\":{\"@id\":\"https:\\\/\\\/www.un.org\\\/pga\\\/73\\\/#\\\/schema\\\/logo\\\/image\\\/\"}},{\"@type\":\"Person\",\"@id\":\"https:\\\/\\\/www.un.org\\\/pga\\\/73\\\/#\\\/schema\\\/person\\\/af470bea9354ed1b453ade6d22b5c9ee\",\"name\":\"Denise Kling\",\"image\":{\"@type\":\"ImageObject\",\"inLanguage\":\"es\",\"@id\":\"https:\\\/\\\/secure.gravatar.com\\\/avatar\\\/b5fdae9d2ae28ca0f434202f2c9b6f29640a2b757fdbaa4592687900a399db3d?s=96&d=mm&r=g\",\"url\":\"https:\\\/\\\/secure.gravatar.com\\\/avatar\\\/b5fdae9d2ae28ca0f434202f2c9b6f29640a2b757fdbaa4592687900a399db3d?s=96&d=mm&r=g\",\"contentUrl\":\"https:\\\/\\\/secure.gravatar.com\\\/avatar\\\/b5fdae9d2ae28ca0f434202f2c9b6f29640a2b757fdbaa4592687900a399db3d?s=96&d=mm&r=g\",\"caption\":\"Denise Kling\"},\"url\":\"https:\\\/\\\/www.un.org\\\/pga\\\/73\\\/es\\\/author\\\/denise-klingun-org\\\/\"}]}<\/script>\n<!-- \/ Yoast SEO plugin. -->","yoast_head_json":{"title":"Apertura del Segmento de Alto Nivel del 40\u00ba periodo de sesiones del Consejo de Derechos Humanos - Asamblea General de las Naciones Unidas","robots":{"index":"index","follow":"follow","max-snippet":"max-snippet:-1","max-image-preview":"max-image-preview:large","max-video-preview":"max-video-preview:-1"},"canonical":"https:\/\/www.un.org\/pga\/73\/2019\/02\/25\/opening-of-the-high-level-segment-of-the-40th-session-of-the-human-rights-council\/","og_locale":"es_ES","og_type":"article","og_title":"Apertura del Segmento de Alto Nivel del 40\u00ba periodo de sesiones del Consejo de Derechos Humanos - Asamblea General de las Naciones Unidas","og_description":"INTERVENCI\u00d3N DE LA PRESIDENTA DEL 73\u00ba PERIODO DE SESIONES DE LA ASAMBLEA GENERAL, S.E. MARIA FERNANDA ESPINOSA- Apertura del Segmento de Alto Nivel del 40\u00ba periodo de sesiones del Consejo de Derechos Humanos","og_url":"https:\/\/www.un.org\/pga\/73\/2019\/02\/25\/opening-of-the-high-level-segment-of-the-40th-session-of-the-human-rights-council\/","og_site_name":"Asamblea General de las Naciones Unidas","article_published_time":"2019-02-25T20:10:08+00:00","article_modified_time":"2019-02-26T20:32:18+00:00","og_image":[{"width":2048,"height":1158,"url":"https:\/\/www.un.org\/pga\/wp-content\/uploads\/sites\/53\/2019\/02\/HRC-1.jpg","type":"image\/jpeg"}],"author":"Denise Kling","twitter_card":"summary_large_image","twitter_misc":{"Escrito por":"Denise Kling","Tiempo de lectura":"8 minutos"},"schema":{"@context":"https:\/\/schema.org","@graph":[{"@type":"Article","@id":"https:\/\/www.un.org\/pga\/73\/2019\/02\/25\/opening-of-the-high-level-segment-of-the-40th-session-of-the-human-rights-council\/#article","isPartOf":{"@id":"https:\/\/www.un.org\/pga\/73\/2019\/02\/25\/opening-of-the-high-level-segment-of-the-40th-session-of-the-human-rights-council\/"},"author":{"name":"Denise Kling","@id":"https:\/\/www.un.org\/pga\/73\/#\/schema\/person\/af470bea9354ed1b453ade6d22b5c9ee"},"headline":"Apertura del Segmento de Alto Nivel del 40\u00ba periodo de sesiones del Consejo de Derechos Humanos","datePublished":"2019-02-25T20:10:08+00:00","dateModified":"2019-02-26T20:32:18+00:00","mainEntityOfPage":{"@id":"https:\/\/www.un.org\/pga\/73\/2019\/02\/25\/opening-of-the-high-level-segment-of-the-40th-session-of-the-human-rights-council\/"},"wordCount":1566,"publisher":{"@id":"https:\/\/www.un.org\/pga\/73\/#organization"},"image":{"@id":"https:\/\/www.un.org\/pga\/73\/2019\/02\/25\/opening-of-the-high-level-segment-of-the-40th-session-of-the-human-rights-council\/#primaryimage"},"thumbnailUrl":"https:\/\/www.un.org\/pga\/wp-content\/uploads\/sites\/53\/2019\/02\/HRC-1.jpg","articleSection":["Declaraciones"],"inLanguage":"es"},{"@type":"WebPage","@id":"https:\/\/www.un.org\/pga\/73\/2019\/02\/25\/opening-of-the-high-level-segment-of-the-40th-session-of-the-human-rights-council\/","url":"https:\/\/www.un.org\/pga\/73\/2019\/02\/25\/opening-of-the-high-level-segment-of-the-40th-session-of-the-human-rights-council\/","name":"Apertura del Segmento de Alto Nivel del 40\u00ba periodo de sesiones del Consejo de Derechos Humanos - Asamblea General de las Naciones Unidas","isPartOf":{"@id":"https:\/\/www.un.org\/pga\/73\/#website"},"primaryImageOfPage":{"@id":"https:\/\/www.un.org\/pga\/73\/2019\/02\/25\/opening-of-the-high-level-segment-of-the-40th-session-of-the-human-rights-council\/#primaryimage"},"image":{"@id":"https:\/\/www.un.org\/pga\/73\/2019\/02\/25\/opening-of-the-high-level-segment-of-the-40th-session-of-the-human-rights-council\/#primaryimage"},"thumbnailUrl":"https:\/\/www.un.org\/pga\/wp-content\/uploads\/sites\/53\/2019\/02\/HRC-1.jpg","datePublished":"2019-02-25T20:10:08+00:00","dateModified":"2019-02-26T20:32:18+00:00","breadcrumb":{"@id":"https:\/\/www.un.org\/pga\/73\/2019\/02\/25\/opening-of-the-high-level-segment-of-the-40th-session-of-the-human-rights-council\/#breadcrumb"},"inLanguage":"es","potentialAction":[{"@type":"ReadAction","target":["https:\/\/www.un.org\/pga\/73\/2019\/02\/25\/opening-of-the-high-level-segment-of-the-40th-session-of-the-human-rights-council\/"]}]},{"@type":"ImageObject","inLanguage":"es","@id":"https:\/\/www.un.org\/pga\/73\/2019\/02\/25\/opening-of-the-high-level-segment-of-the-40th-session-of-the-human-rights-council\/#primaryimage","url":"https:\/\/www.un.org\/pga\/wp-content\/uploads\/sites\/53\/2019\/02\/HRC-1.jpg","contentUrl":"https:\/\/www.un.org\/pga\/wp-content\/uploads\/sites\/53\/2019\/02\/HRC-1.jpg","width":2048,"height":1158},{"@type":"BreadcrumbList","@id":"https:\/\/www.un.org\/pga\/73\/2019\/02\/25\/opening-of-the-high-level-segment-of-the-40th-session-of-the-human-rights-council\/#breadcrumb","itemListElement":[{"@type":"ListItem","position":1,"name":"Home","item":"https:\/\/www.un.org\/pga\/73\/es\/"},{"@type":"ListItem","position":2,"name":"Apertura del Segmento de Alto Nivel del 40\u00ba periodo de sesiones del Consejo de Derechos Humanos"}]},{"@type":"WebSite","@id":"https:\/\/www.un.org\/pga\/73\/#website","url":"https:\/\/www.un.org\/pga\/73\/","name":"General Assembly of the United Nations","description":"Presidenta del 73\u00b0 per\u00edodo de sesiones","publisher":{"@id":"https:\/\/www.un.org\/pga\/73\/#organization"},"potentialAction":[{"@type":"SearchAction","target":{"@type":"EntryPoint","urlTemplate":"https:\/\/www.un.org\/pga\/73\/?s={search_term_string}"},"query-input":{"@type":"PropertyValueSpecification","valueRequired":true,"valueName":"search_term_string"}}],"inLanguage":"es"},{"@type":"Organization","@id":"https:\/\/www.un.org\/pga\/73\/#organization","name":"General Assembly of the United Nations","url":"https:\/\/www.un.org\/pga\/73\/","logo":{"@type":"ImageObject","inLanguage":"es","@id":"https:\/\/www.un.org\/pga\/73\/#\/schema\/logo\/image\/","url":"https:\/\/www.un.org\/pga\/wp-content\/uploads\/sites\/53\/2018\/07\/18-00066a_Ä¢¹½ÊÓÆµGA73_Logos-no-type-04.png","contentUrl":"https:\/\/www.un.org\/pga\/wp-content\/uploads\/sites\/53\/2018\/07\/18-00066a_Ä¢¹½ÊÓÆµGA73_Logos-no-type-04.png","width":529,"height":601,"caption":"General Assembly of the United Nations"},"image":{"@id":"https:\/\/www.un.org\/pga\/73\/#\/schema\/logo\/image\/"}},{"@type":"Person","@id":"https:\/\/www.un.org\/pga\/73\/#\/schema\/person\/af470bea9354ed1b453ade6d22b5c9ee","name":"Denise Kling","image":{"@type":"ImageObject","inLanguage":"es","@id":"https:\/\/secure.gravatar.com\/avatar\/b5fdae9d2ae28ca0f434202f2c9b6f29640a2b757fdbaa4592687900a399db3d?s=96&d=mm&r=g","url":"https:\/\/secure.gravatar.com\/avatar\/b5fdae9d2ae28ca0f434202f2c9b6f29640a2b757fdbaa4592687900a399db3d?s=96&d=mm&r=g","contentUrl":"https:\/\/secure.gravatar.com\/avatar\/b5fdae9d2ae28ca0f434202f2c9b6f29640a2b757fdbaa4592687900a399db3d?s=96&d=mm&r=g","caption":"Denise Kling"},"url":"https:\/\/www.un.org\/pga\/73\/es\/author\/denise-klingun-org\/"}]}},"_links":{"self":[{"href":"https:\/\/www.un.org\/pga\/73\/es\/wp-json\/wp\/v2\/posts\/180393","targetHints":{"allow":["GET"]}}],"collection":[{"href":"https:\/\/www.un.org\/pga\/73\/es\/wp-json\/wp\/v2\/posts"}],"about":[{"href":"https:\/\/www.un.org\/pga\/73\/es\/wp-json\/wp\/v2\/types\/post"}],"author":[{"embeddable":true,"href":"https:\/\/www.un.org\/pga\/73\/es\/wp-json\/wp\/v2\/users\/266"}],"replies":[{"embeddable":true,"href":"https:\/\/www.un.org\/pga\/73\/es\/wp-json\/wp\/v2\/comments?post=180393"}],"version-history":[{"count":0,"href":"https:\/\/www.un.org\/pga\/73\/es\/wp-json\/wp\/v2\/posts\/180393\/revisions"}],"wp:featuredmedia":[{"embeddable":true,"href":"https:\/\/www.un.org\/pga\/73\/es\/wp-json\/wp\/v2\/media\/180387"}],"wp:attachment":[{"href":"https:\/\/www.un.org\/pga\/73\/es\/wp-json\/wp\/v2\/media?parent=180393"}],"wp:term":[{"taxonomy":"category","embeddable":true,"href":"https:\/\/www.un.org\/pga\/73\/es\/wp-json\/wp\/v2\/categories?post=180393"},{"taxonomy":"post_tag","embeddable":true,"href":"https:\/\/www.un.org\/pga\/73\/es\/wp-json\/wp\/v2\/tags?post=180393"}],"curies":[{"name":"wp","href":"https:\/\/api.w.org\/{rel}","templated":true}]}}